{"id":9678,"date":"2022-09-30T14:54:44","date_gmt":"2022-09-30T17:54:44","guid":{"rendered":"https:\/\/miradouronoticias.com\/site\/?p=9678"},"modified":"2022-09-30T14:54:44","modified_gmt":"2022-09-30T17:54:44","slug":"homem-e-morto-em-orizania-e-corpo-e-encontrado-em-corrego","status":"publish","type":"post","link":"https:\/\/miradouronoticias.com\/site\/2022\/09\/30\/homem-e-morto-em-orizania-e-corpo-e-encontrado-em-corrego\/","title":{"rendered":"Homem \u00e9 morto em Oriz\u00e2nia e corpo \u00e9 encontrado em c\u00f3rrego"},"content":{"rendered":"<p>A Pol\u00edcia Militar foi acionada no final da tarde desta quinta-feira (29) localizou um corpo boiando \u00e0s margens de um c\u00f3rrego em Oriz\u00e2nia, localizado a 95 quil\u00f4metros de Muria\u00e9.<\/p>\n<p>At\u00e9 o fechamento desta mat\u00e9ria, o corpo n\u00e3o havia sido identificado. Ele foi trazido por uma funer\u00e1ria ao Instituto M\u00e9dico Legal (IML) de Muria\u00e9.<\/p>\n<p>Segundo informa\u00e7\u00f5es apuradas, pouco tempo depois o corpo ser encontrado, a PM recebeu den\u00fancias de que uma resid\u00eancia estava repleta de manchas de sangue.<\/p>\n<p>Os policiais foram verificar e constataram a veracidade da informa\u00e7\u00e3o. O propriet\u00e1rio do im\u00f3vel foi localizado. Dentro da casa foi encontrado um fac\u00e3o e um cobertor sujo de sangue.<\/p>\n<p>Outra pessoa suspeita de ter participado no crime tamb\u00e9m foi denunciada. Eles foram detidos e a Pol\u00edcia Civil investigar\u00e1 o caso. As causas da morte ainda n\u00e3o foram divulgadas.<\/p>\n<p><img loading=\"lazy\" decoding=\"async\" class=\"alignnone size-medium wp-image-9679\" src=\"https:\/\/miradouronoticias.com\/site\/wp-content\/uploads\/2022\/09\/WhatsApp-Image-2022-09-26-at-07.56.01-2-300x168.jpeg\" alt=\"\" width=\"300\" height=\"168\" srcset=\"https:\/\/miradouronoticias.com\/site\/wp-content\/uploads\/2022\/09\/WhatsApp-Image-2022-09-26-at-07.56.01-2-300x168.jpeg 300w, https:\/\/miradouronoticias.com\/site\/wp-content\/uploads\/2022\/09\/WhatsApp-Image-2022-09-26-at-07.56.01-2.jpeg 750w\" sizes=\"auto, (max-width: 300px) 100vw, 300px\" \/><\/p>\n<h6><strong>Fonte: R\u00e1dio Muria\u00e9<\/strong><\/h6>\n<hr \/>\n<p><strong><span style=\"color: #ff0000;\">By: miradouronot\u00edcias.com.br<\/span><\/strong><\/p>\n","protected":false},"excerpt":{"rendered":"<p>A Pol\u00edcia Militar foi acionada no final da tarde desta quinta-feira (29) localizou um corpo boiando \u00e0s margens de um c\u00f3rrego em Oriz\u00e2nia, localizado a 95 quil\u00f4metros de Muria\u00e9. At\u00e9 o fechamento desta mat\u00e9ria, o corpo n\u00e3o havia sido identificado. Ele foi trazido por uma funer\u00e1ria ao Instituto M\u00e9dico Legal (IML) de Muria\u00e9. Segundo informa\u00e7\u00f5es [&hellip;]<\/p>\n","protected":false},"author":4,"featured_media":9679,"comment_status":"open","ping_status":"open","sticky":false,"template":"","format":"standard","meta":{"footnotes":""},"categories":[11,18],"tags":[],"class_list":["post-9678","post","type-post","status-publish","format-standard","has-post-thumbnail","hentry","category-destaque-3","category-policia"],"yoast_head":"<!-- This site is optimized with the Yoast SEO plugin v27.2 - https:\/\/yoast.com\/product\/yoast-seo-wordpress\/ -->\n<title>Homem \u00e9 morto em Oriz\u00e2nia e corpo \u00e9 encontrado em c\u00f3rrego - Miradouro Not\u00edcias<\/title>\n<meta name=\"robots\" content=\"index, follow, max-snippet:-1, max-image-preview:large, max-video-preview:-1\" \/>\n<link rel=\"canonical\" href=\"https:\/\/miradouronoticias.com\/site\/2022\/09\/30\/homem-e-morto-em-orizania-e-corpo-e-encontrado-em-corrego\/\" \/>\n<meta property=\"og:locale\" content=\"pt_BR\" \/>\n<meta property=\"og:type\" content=\"article\" \/>\n<meta property=\"og:title\" content=\"Homem \u00e9 morto em Oriz\u00e2nia e corpo \u00e9 encontrado em c\u00f3rrego - Miradouro Not\u00edcias\" \/>\n<meta property=\"og:description\" content=\"A Pol\u00edcia Militar foi acionada no final da tarde desta quinta-feira (29) localizou um corpo boiando \u00e0s margens de um c\u00f3rrego em Oriz\u00e2nia, localizado a 95 quil\u00f4metros de Muria\u00e9. At\u00e9 o fechamento desta mat\u00e9ria, o corpo n\u00e3o havia sido identificado. Ele foi trazido por uma funer\u00e1ria ao Instituto M\u00e9dico Legal (IML) de Muria\u00e9. Segundo informa\u00e7\u00f5es [&hellip;]\" \/>\n<meta property=\"og:url\" content=\"https:\/\/miradouronoticias.com\/site\/2022\/09\/30\/homem-e-morto-em-orizania-e-corpo-e-encontrado-em-corrego\/\" \/>\n<meta property=\"og:site_name\" content=\"Miradouro Not\u00edcias\" \/>\n<meta property=\"article:published_time\" content=\"2022-09-30T17:54:44+00:00\" \/>\n<meta property=\"og:image\" content=\"https:\/\/miradouronoticias.com\/site\/wp-content\/uploads\/2022\/09\/WhatsApp-Image-2022-09-26-at-07.56.01-2.jpeg\" \/>\n\t<meta property=\"og:image:width\" content=\"750\" \/>\n\t<meta property=\"og:image:height\" content=\"420\" \/>\n\t<meta property=\"og:image:type\" content=\"image\/jpeg\" \/>\n<meta name=\"author\" content=\"Cl\u00e1udia Olyver\" \/>\n<meta name=\"twitter:card\" content=\"summary_large_image\" \/>\n<meta name=\"twitter:label1\" content=\"Escrito por\" \/>\n\t<meta name=\"twitter:data1\" content=\"Cl\u00e1udia Olyver\" \/>\n\t<meta name=\"twitter:label2\" content=\"Est. tempo de leitura\" \/>\n\t<meta name=\"twitter:data2\" content=\"1 minuto\" \/>\n<script type=\"application\/ld+json\" class=\"yoast-schema-graph\">{\"@context\":\"https:\/\/schema.org\",\"@graph\":[{\"@type\":\"Article\",\"@id\":\"https:\/\/miradouronoticias.com\/site\/2022\/09\/30\/homem-e-morto-em-orizania-e-corpo-e-encontrado-em-corrego\/#article\",\"isPartOf\":{\"@id\":\"https:\/\/miradouronoticias.com\/site\/2022\/09\/30\/homem-e-morto-em-orizania-e-corpo-e-encontrado-em-corrego\/\"},\"author\":{\"name\":\"Cl\u00e1udia Olyver\",\"@id\":\"https:\/\/miradouronoticias.com\/site\/#\/schema\/person\/73440d8c82222950df86f3e1a16aad3b\"},\"headline\":\"Homem \u00e9 morto em Oriz\u00e2nia e corpo \u00e9 encontrado em c\u00f3rrego\",\"datePublished\":\"2022-09-30T17:54:44+00:00\",\"mainEntityOfPage\":{\"@id\":\"https:\/\/miradouronoticias.com\/site\/2022\/09\/30\/homem-e-morto-em-orizania-e-corpo-e-encontrado-em-corrego\/\"},\"wordCount\":171,\"commentCount\":0,\"publisher\":{\"@id\":\"https:\/\/miradouronoticias.com\/site\/#organization\"},\"image\":{\"@id\":\"https:\/\/miradouronoticias.com\/site\/2022\/09\/30\/homem-e-morto-em-orizania-e-corpo-e-encontrado-em-corrego\/#primaryimage\"},\"thumbnailUrl\":\"https:\/\/miradouronoticias.com\/site\/wp-content\/uploads\/2022\/09\/WhatsApp-Image-2022-09-26-at-07.56.01-2.jpeg\",\"articleSection\":[\"Destaque 3\",\"Pol\u00edcia\"],\"inLanguage\":\"pt-BR\",\"potentialAction\":[{\"@type\":\"CommentAction\",\"name\":\"Comment\",\"target\":[\"https:\/\/miradouronoticias.com\/site\/2022\/09\/30\/homem-e-morto-em-orizania-e-corpo-e-encontrado-em-corrego\/#respond\"]}]},{\"@type\":\"WebPage\",\"@id\":\"https:\/\/miradouronoticias.com\/site\/2022\/09\/30\/homem-e-morto-em-orizania-e-corpo-e-encontrado-em-corrego\/\",\"url\":\"https:\/\/miradouronoticias.com\/site\/2022\/09\/30\/homem-e-morto-em-orizania-e-corpo-e-encontrado-em-corrego\/\",\"name\":\"Homem \u00e9 morto em Oriz\u00e2nia e corpo \u00e9 encontrado em c\u00f3rrego - Miradouro Not\u00edcias\",\"isPartOf\":{\"@id\":\"https:\/\/miradouronoticias.com\/site\/#website\"},\"primaryImageOfPage\":{\"@id\":\"https:\/\/miradouronoticias.com\/site\/2022\/09\/30\/homem-e-morto-em-orizania-e-corpo-e-encontrado-em-corrego\/#primaryimage\"},\"image\":{\"@id\":\"https:\/\/miradouronoticias.com\/site\/2022\/09\/30\/homem-e-morto-em-orizania-e-corpo-e-encontrado-em-corrego\/#primaryimage\"},\"thumbnailUrl\":\"https:\/\/miradouronoticias.com\/site\/wp-content\/uploads\/2022\/09\/WhatsApp-Image-2022-09-26-at-07.56.01-2.jpeg\",\"datePublished\":\"2022-09-30T17:54:44+00:00\",\"breadcrumb\":{\"@id\":\"https:\/\/miradouronoticias.com\/site\/2022\/09\/30\/homem-e-morto-em-orizania-e-corpo-e-encontrado-em-corrego\/#breadcrumb\"},\"inLanguage\":\"pt-BR\",\"potentialAction\":[{\"@type\":\"ReadAction\",\"target\":[\"https:\/\/miradouronoticias.com\/site\/2022\/09\/30\/homem-e-morto-em-orizania-e-corpo-e-encontrado-em-corrego\/\"]}]},{\"@type\":\"ImageObject\",\"inLanguage\":\"pt-BR\",\"@id\":\"https:\/\/miradouronoticias.com\/site\/2022\/09\/30\/homem-e-morto-em-orizania-e-corpo-e-encontrado-em-corrego\/#primaryimage\",\"url\":\"https:\/\/miradouronoticias.com\/site\/wp-content\/uploads\/2022\/09\/WhatsApp-Image-2022-09-26-at-07.56.01-2.jpeg\",\"contentUrl\":\"https:\/\/miradouronoticias.com\/site\/wp-content\/uploads\/2022\/09\/WhatsApp-Image-2022-09-26-at-07.56.01-2.jpeg\",\"width\":750,\"height\":420},{\"@type\":\"BreadcrumbList\",\"@id\":\"https:\/\/miradouronoticias.com\/site\/2022\/09\/30\/homem-e-morto-em-orizania-e-corpo-e-encontrado-em-corrego\/#breadcrumb\",\"itemListElement\":[{\"@type\":\"ListItem\",\"position\":1,\"name\":\"In\u00edcio\",\"item\":\"https:\/\/miradouronoticias.com\/site\/\"},{\"@type\":\"ListItem\",\"position\":2,\"name\":\"Homem \u00e9 morto em Oriz\u00e2nia e corpo \u00e9 encontrado em c\u00f3rrego\"}]},{\"@type\":\"WebSite\",\"@id\":\"https:\/\/miradouronoticias.com\/site\/#website\",\"url\":\"https:\/\/miradouronoticias.com\/site\/\",\"name\":\"Miradouro Not\u00edcias\",\"description\":\"Informa\u00e7\u00f5es da cidade e regi\u00e3o\",\"publisher\":{\"@id\":\"https:\/\/miradouronoticias.com\/site\/#organization\"},\"potentialAction\":[{\"@type\":\"SearchAction\",\"target\":{\"@type\":\"EntryPoint\",\"urlTemplate\":\"https:\/\/miradouronoticias.com\/site\/?s={search_term_string}\"},\"query-input\":{\"@type\":\"PropertyValueSpecification\",\"valueRequired\":true,\"valueName\":\"search_term_string\"}}],\"inLanguage\":\"pt-BR\"},{\"@type\":\"Organization\",\"@id\":\"https:\/\/miradouronoticias.com\/site\/#organization\",\"name\":\"Miradouro Not\u00edcias\",\"url\":\"https:\/\/miradouronoticias.com\/site\/\",\"logo\":{\"@type\":\"ImageObject\",\"inLanguage\":\"pt-BR\",\"@id\":\"https:\/\/miradouronoticias.com\/site\/#\/schema\/logo\/image\/\",\"url\":\"https:\/\/miradouronoticias.com\/site\/wp-content\/uploads\/2022\/01\/logomarcamiradouronoticias.png\",\"contentUrl\":\"https:\/\/miradouronoticias.com\/site\/wp-content\/uploads\/2022\/01\/logomarcamiradouronoticias.png\",\"width\":747,\"height\":263,\"caption\":\"Miradouro Not\u00edcias\"},\"image\":{\"@id\":\"https:\/\/miradouronoticias.com\/site\/#\/schema\/logo\/image\/\"}},{\"@type\":\"Person\",\"@id\":\"https:\/\/miradouronoticias.com\/site\/#\/schema\/person\/73440d8c82222950df86f3e1a16aad3b\",\"name\":\"Cl\u00e1udia Olyver\",\"sameAs\":[\"http:\/\/www.miradouronoticias.com\"],\"url\":\"https:\/\/miradouronoticias.com\/site\/author\/claudia\/\"}]}<\/script>\n<!-- \/ Yoast SEO plugin. -->","yoast_head_json":{"title":"Homem \u00e9 morto em Oriz\u00e2nia e corpo \u00e9 encontrado em c\u00f3rrego - Miradouro Not\u00edcias","robots":{"index":"index","follow":"follow","max-snippet":"max-snippet:-1","max-image-preview":"max-image-preview:large","max-video-preview":"max-video-preview:-1"},"canonical":"https:\/\/miradouronoticias.com\/site\/2022\/09\/30\/homem-e-morto-em-orizania-e-corpo-e-encontrado-em-corrego\/","og_locale":"pt_BR","og_type":"article","og_title":"Homem \u00e9 morto em Oriz\u00e2nia e corpo \u00e9 encontrado em c\u00f3rrego - Miradouro Not\u00edcias","og_description":"A Pol\u00edcia Militar foi acionada no final da tarde desta quinta-feira (29) localizou um corpo boiando \u00e0s margens de um c\u00f3rrego em Oriz\u00e2nia, localizado a 95 quil\u00f4metros de Muria\u00e9. At\u00e9 o fechamento desta mat\u00e9ria, o corpo n\u00e3o havia sido identificado. Ele foi trazido por uma funer\u00e1ria ao Instituto M\u00e9dico Legal (IML) de Muria\u00e9. Segundo informa\u00e7\u00f5es [&hellip;]","og_url":"https:\/\/miradouronoticias.com\/site\/2022\/09\/30\/homem-e-morto-em-orizania-e-corpo-e-encontrado-em-corrego\/","og_site_name":"Miradouro Not\u00edcias","article_published_time":"2022-09-30T17:54:44+00:00","og_image":[{"width":750,"height":420,"url":"https:\/\/miradouronoticias.com\/site\/wp-content\/uploads\/2022\/09\/WhatsApp-Image-2022-09-26-at-07.56.01-2.jpeg","type":"image\/jpeg"}],"author":"Cl\u00e1udia Olyver","twitter_card":"summary_large_image","twitter_misc":{"Escrito por":"Cl\u00e1udia Olyver","Est. tempo de leitura":"1 minuto"},"schema":{"@context":"https:\/\/schema.org","@graph":[{"@type":"Article","@id":"https:\/\/miradouronoticias.com\/site\/2022\/09\/30\/homem-e-morto-em-orizania-e-corpo-e-encontrado-em-corrego\/#article","isPartOf":{"@id":"https:\/\/miradouronoticias.com\/site\/2022\/09\/30\/homem-e-morto-em-orizania-e-corpo-e-encontrado-em-corrego\/"},"author":{"name":"Cl\u00e1udia Olyver","@id":"https:\/\/miradouronoticias.com\/site\/#\/schema\/person\/73440d8c82222950df86f3e1a16aad3b"},"headline":"Homem \u00e9 morto em Oriz\u00e2nia e corpo \u00e9 encontrado em c\u00f3rrego","datePublished":"2022-09-30T17:54:44+00:00","mainEntityOfPage":{"@id":"https:\/\/miradouronoticias.com\/site\/2022\/09\/30\/homem-e-morto-em-orizania-e-corpo-e-encontrado-em-corrego\/"},"wordCount":171,"commentCount":0,"publisher":{"@id":"https:\/\/miradouronoticias.com\/site\/#organization"},"image":{"@id":"https:\/\/miradouronoticias.com\/site\/2022\/09\/30\/homem-e-morto-em-orizania-e-corpo-e-encontrado-em-corrego\/#primaryimage"},"thumbnailUrl":"https:\/\/miradouronoticias.com\/site\/wp-content\/uploads\/2022\/09\/WhatsApp-Image-2022-09-26-at-07.56.01-2.jpeg","articleSection":["Destaque 3","Pol\u00edcia"],"inLanguage":"pt-BR","potentialAction":[{"@type":"CommentAction","name":"Comment","target":["https:\/\/miradouronoticias.com\/site\/2022\/09\/30\/homem-e-morto-em-orizania-e-corpo-e-encontrado-em-corrego\/#respond"]}]},{"@type":"WebPage","@id":"https:\/\/miradouronoticias.com\/site\/2022\/09\/30\/homem-e-morto-em-orizania-e-corpo-e-encontrado-em-corrego\/","url":"https:\/\/miradouronoticias.com\/site\/2022\/09\/30\/homem-e-morto-em-orizania-e-corpo-e-encontrado-em-corrego\/","name":"Homem \u00e9 morto em Oriz\u00e2nia e corpo \u00e9 encontrado em c\u00f3rrego - Miradouro Not\u00edcias","isPartOf":{"@id":"https:\/\/miradouronoticias.com\/site\/#website"},"primaryImageOfPage":{"@id":"https:\/\/miradouronoticias.com\/site\/2022\/09\/30\/homem-e-morto-em-orizania-e-corpo-e-encontrado-em-corrego\/#primaryimage"},"image":{"@id":"https:\/\/miradouronoticias.com\/site\/2022\/09\/30\/homem-e-morto-em-orizania-e-corpo-e-encontrado-em-corrego\/#primaryimage"},"thumbnailUrl":"https:\/\/miradouronoticias.com\/site\/wp-content\/uploads\/2022\/09\/WhatsApp-Image-2022-09-26-at-07.56.01-2.jpeg","datePublished":"2022-09-30T17:54:44+00:00","breadcrumb":{"@id":"https:\/\/miradouronoticias.com\/site\/2022\/09\/30\/homem-e-morto-em-orizania-e-corpo-e-encontrado-em-corrego\/#breadcrumb"},"inLanguage":"pt-BR","potentialAction":[{"@type":"ReadAction","target":["https:\/\/miradouronoticias.com\/site\/2022\/09\/30\/homem-e-morto-em-orizania-e-corpo-e-encontrado-em-corrego\/"]}]},{"@type":"ImageObject","inLanguage":"pt-BR","@id":"https:\/\/miradouronoticias.com\/site\/2022\/09\/30\/homem-e-morto-em-orizania-e-corpo-e-encontrado-em-corrego\/#primaryimage","url":"https:\/\/miradouronoticias.com\/site\/wp-content\/uploads\/2022\/09\/WhatsApp-Image-2022-09-26-at-07.56.01-2.jpeg","contentUrl":"https:\/\/miradouronoticias.com\/site\/wp-content\/uploads\/2022\/09\/WhatsApp-Image-2022-09-26-at-07.56.01-2.jpeg","width":750,"height":420},{"@type":"BreadcrumbList","@id":"https:\/\/miradouronoticias.com\/site\/2022\/09\/30\/homem-e-morto-em-orizania-e-corpo-e-encontrado-em-corrego\/#breadcrumb","itemListElement":[{"@type":"ListItem","position":1,"name":"In\u00edcio","item":"https:\/\/miradouronoticias.com\/site\/"},{"@type":"ListItem","position":2,"name":"Homem \u00e9 morto em Oriz\u00e2nia e corpo \u00e9 encontrado em c\u00f3rrego"}]},{"@type":"WebSite","@id":"https:\/\/miradouronoticias.com\/site\/#website","url":"https:\/\/miradouronoticias.com\/site\/","name":"Miradouro Not\u00edcias","description":"Informa\u00e7\u00f5es da cidade e regi\u00e3o","publisher":{"@id":"https:\/\/miradouronoticias.com\/site\/#organization"},"potentialAction":[{"@type":"SearchAction","target":{"@type":"EntryPoint","urlTemplate":"https:\/\/miradouronoticias.com\/site\/?s={search_term_string}"},"query-input":{"@type":"PropertyValueSpecification","valueRequired":true,"valueName":"search_term_string"}}],"inLanguage":"pt-BR"},{"@type":"Organization","@id":"https:\/\/miradouronoticias.com\/site\/#organization","name":"Miradouro Not\u00edcias","url":"https:\/\/miradouronoticias.com\/site\/","logo":{"@type":"ImageObject","inLanguage":"pt-BR","@id":"https:\/\/miradouronoticias.com\/site\/#\/schema\/logo\/image\/","url":"https:\/\/miradouronoticias.com\/site\/wp-content\/uploads\/2022\/01\/logomarcamiradouronoticias.png","contentUrl":"https:\/\/miradouronoticias.com\/site\/wp-content\/uploads\/2022\/01\/logomarcamiradouronoticias.png","width":747,"height":263,"caption":"Miradouro Not\u00edcias"},"image":{"@id":"https:\/\/miradouronoticias.com\/site\/#\/schema\/logo\/image\/"}},{"@type":"Person","@id":"https:\/\/miradouronoticias.com\/site\/#\/schema\/person\/73440d8c82222950df86f3e1a16aad3b","name":"Cl\u00e1udia Olyver","sameAs":["http:\/\/www.miradouronoticias.com"],"url":"https:\/\/miradouronoticias.com\/site\/author\/claudia\/"}]}},"_links":{"self":[{"href":"https:\/\/miradouronoticias.com\/site\/wp-json\/wp\/v2\/posts\/9678","targetHints":{"allow":["GET"]}}],"collection":[{"href":"https:\/\/miradouronoticias.com\/site\/wp-json\/wp\/v2\/posts"}],"about":[{"href":"https:\/\/miradouronoticias.com\/site\/wp-json\/wp\/v2\/types\/post"}],"author":[{"embeddable":true,"href":"https:\/\/miradouronoticias.com\/site\/wp-json\/wp\/v2\/users\/4"}],"replies":[{"embeddable":true,"href":"https:\/\/miradouronoticias.com\/site\/wp-json\/wp\/v2\/comments?post=9678"}],"version-history":[{"count":1,"href":"https:\/\/miradouronoticias.com\/site\/wp-json\/wp\/v2\/posts\/9678\/revisions"}],"predecessor-version":[{"id":9680,"href":"https:\/\/miradouronoticias.com\/site\/wp-json\/wp\/v2\/posts\/9678\/revisions\/9680"}],"wp:featuredmedia":[{"embeddable":true,"href":"https:\/\/miradouronoticias.com\/site\/wp-json\/wp\/v2\/media\/9679"}],"wp:attachment":[{"href":"https:\/\/miradouronoticias.com\/site\/wp-json\/wp\/v2\/media?parent=9678"}],"wp:term":[{"taxonomy":"category","embeddable":true,"href":"https:\/\/miradouronoticias.com\/site\/wp-json\/wp\/v2\/categories?post=9678"},{"taxonomy":"post_tag","embeddable":true,"href":"https:\/\/miradouronoticias.com\/site\/wp-json\/wp\/v2\/tags?post=9678"}],"curies":[{"name":"wp","href":"https:\/\/api.w.org\/{rel}","templated":true}]}}