{"id":7839,"date":"2022-07-14T06:05:08","date_gmt":"2022-07-14T09:05:08","guid":{"rendered":"https:\/\/miradouronoticias.com\/site\/?p=7839"},"modified":"2022-07-14T06:05:08","modified_gmt":"2022-07-14T09:05:08","slug":"sisu-comeca-hoje-periodo-de-matricula-em-universidades-publicas","status":"publish","type":"post","link":"https:\/\/miradouronoticias.com\/site\/2022\/07\/14\/sisu-comeca-hoje-periodo-de-matricula-em-universidades-publicas\/","title":{"rendered":"Sisu: come\u00e7a hoje per\u00edodo de matr\u00edcula em universidades p\u00fablicas"},"content":{"rendered":"<h3 class=\"col-10 offset-1 animated fadeInDown dealy-900 display-8 display-md-8 alt-font font-italic my-1 text-center\">N\u00e3o selecionados na 1\u00aa chamada podem se inscrever em lista de espera<\/h3>\n<div class=\"col-lg-12 mb-3\">\n<div class=\"row\">\n<div id=\"tts-container\" class=\"col-xl-7 offset-xl-1 col-lg-8 offset-lg-0 col-md-10 offset-md-1 mb-3\">\n<h4 class=\"alt-font font-italic small text-info text-left\">Ou\u00e7a a mat\u00e9ria:<\/h4>\n<p><audio id=\"tts-player\" src=\"https:\/\/tts-app.ebc.com.br\/media\/tts\/133292.mp3\" controls=\"controls\" data-mce-fragment=\"1\"><\/audio><\/div>\n<\/div>\n<\/div>\n<div class=\"col-xl-7 offset-xl-1 col-lg-8 offset-lg-0 col-md-10 offset-md-1 mb-3\">\n<div class=\"post-item alt-font\">\n<div class=\"post-item-wrap\">\n<p>Come\u00e7a nesta quarta-feira\u00a0(13) termina no dia\u00a018\u00a0o per\u00edodo de matr\u00edculas dos selecionados na primeira chamada do Sistema de Sele\u00e7\u00e3o Unificada (Sisu) do segundo semestre. Ser\u00e3o preenchidas 65.932 vagas para mais de 2 mil cursos de gradua\u00e7\u00e3o, em 73 institui\u00e7\u00f5es p\u00fablicas de ensino superior.\u00a0A matr\u00edcula deve ser feita\u00a0diretamente na institui\u00e7\u00e3o de ensino na qual o estudante se inscreveu e foi aprovado.<img decoding=\"async\" src=\"https:\/\/agenciabrasil.ebc.com.br\/ebc.png?id=1470662&amp;o=node\" \/><img decoding=\"async\" src=\"https:\/\/agenciabrasil.ebc.com.br\/ebc.gif?id=1470662&amp;o=node\" \/><\/p>\n<p>O prazo para que os candidatos n\u00e3o selecionados na primeira chamada\u00a0manifestem interesse na lista de espera tamb\u00e9m termina no dia 18. A manifesta\u00e7\u00e3o deve ser feita pela p\u00e1gina do Sisu. Para acess\u00e1-la, clique\u00a0<a href=\"http:\/\/acessounico.mec.gov.br\/\" target=\"_blank\" rel=\"noopener\">aqui<\/a>.<\/p>\n<p>O Sisu \u00e9 o sistema informatizado do Minist\u00e9rio da Educa\u00e7\u00e3o (MEC) no qual as institui\u00e7\u00f5es p\u00fablicas de educa\u00e7\u00e3o superior, sejam elas federais, estaduais ou municipais, oferecem vagas a serem disputadas por candidatos inscritos em cada edi\u00e7\u00e3o da sele\u00e7\u00e3o.\u00a0 Os candidatos s\u00e3o selecionados para as op\u00e7\u00f5es de cursos indicados no ato de inscri\u00e7\u00e3o, de acordo com a melhor classifica\u00e7\u00e3o de nota obtida na edi\u00e7\u00e3o mais recente do Enem.<\/p>\n<p>Para participar do Sisu, o candidato deve\u00a0ter\u00a0feito o Exame Nacional do Ensino M\u00e9dio (Enem), edi\u00e7\u00e3o de 2021, obtido nota superior a zero na prova de reda\u00e7\u00e3o e n\u00e3o\u00a0ter\u00a0se declarado treineiro ao realizar prova.<\/p>\n<div class=\"post-item-wrap\">\n<p>As vagas ofertadas no Sisu s\u00e3o distribu\u00eddas de acordo com a Lei de Cotas (Lei 12.711\/2012) e com as pol\u00edticas e a\u00e7\u00f5es afirmativas adotadas por cada institui\u00e7\u00e3o p\u00fablica de ensino superior. As\u00a0 a\u00e7\u00f5es incluem a reserva de vagas e a aplica\u00e7\u00e3o de b\u00f4nus sobre a nota do candidato que atenda aos crit\u00e9rios especificados.<\/p>\n<figure id=\"attachment_7840\" aria-describedby=\"caption-attachment-7840\" style=\"width: 300px\" class=\"wp-caption alignnone\"><img loading=\"lazy\" decoding=\"async\" class=\"size-medium wp-image-7840\" src=\"https:\/\/miradouronoticias.com\/site\/wp-content\/uploads\/2022\/07\/sisu_resultado2801205930-300x179.jpg\" alt=\"\" width=\"300\" height=\"179\" srcset=\"https:\/\/miradouronoticias.com\/site\/wp-content\/uploads\/2022\/07\/sisu_resultado2801205930-300x179.jpg 300w, https:\/\/miradouronoticias.com\/site\/wp-content\/uploads\/2022\/07\/sisu_resultado2801205930-1024x613.jpg 1024w, https:\/\/miradouronoticias.com\/site\/wp-content\/uploads\/2022\/07\/sisu_resultado2801205930-768x459.jpg 768w, https:\/\/miradouronoticias.com\/site\/wp-content\/uploads\/2022\/07\/sisu_resultado2801205930.jpg 1170w\" sizes=\"auto, (max-width: 300px) 100vw, 300px\" \/><figcaption id=\"caption-attachment-7840\" class=\"wp-caption-text\">resultado do Sisu, educa\u00e7\u00e3o. MEC<\/figcaption><\/figure>\n<p><img loading=\"lazy\" decoding=\"async\" class=\"alignnone size-medium wp-image-7841\" src=\"https:\/\/miradouronoticias.com\/site\/wp-content\/uploads\/2022\/07\/unb_cotas_2-300x179.jpg\" alt=\"\" width=\"300\" height=\"179\" srcset=\"https:\/\/miradouronoticias.com\/site\/wp-content\/uploads\/2022\/07\/unb_cotas_2-300x179.jpg 300w, https:\/\/miradouronoticias.com\/site\/wp-content\/uploads\/2022\/07\/unb_cotas_2-1024x613.jpg 1024w, https:\/\/miradouronoticias.com\/site\/wp-content\/uploads\/2022\/07\/unb_cotas_2-768x459.jpg 768w, https:\/\/miradouronoticias.com\/site\/wp-content\/uploads\/2022\/07\/unb_cotas_2.jpg 1170w\" sizes=\"auto, (max-width: 300px) 100vw, 300px\" \/><\/p>\n<\/div>\n<h5 class=\"alt-font font-italic my-2 small text-info\">*Edi\u00e7\u00e3o: Maria Claudia<\/h5>\n<\/div>\n<\/div>\n<\/div>\n<h6><strong>Ag\u00eancia Brasil<\/strong><\/h6>\n<hr \/>\n<p><strong><span style=\"color: #ff0000;\">By: miradouronot\u00edcias.com.br<\/span><\/strong><\/p>\n","protected":false},"excerpt":{"rendered":"<p>N\u00e3o selecionados na 1\u00aa chamada podem se inscrever em lista de espera Ou\u00e7a a mat\u00e9ria: Come\u00e7a nesta quarta-feira\u00a0(13) termina no dia\u00a018\u00a0o per\u00edodo de matr\u00edculas dos selecionados na primeira chamada do Sistema de Sele\u00e7\u00e3o Unificada (Sisu) do segundo semestre. Ser\u00e3o preenchidas 65.932 vagas para mais de 2 mil cursos de gradua\u00e7\u00e3o, em 73 institui\u00e7\u00f5es p\u00fablicas de [&hellip;]<\/p>\n","protected":false},"author":4,"featured_media":7840,"comment_status":"open","ping_status":"open","sticky":false,"template":"","format":"standard","meta":{"footnotes":""},"categories":[10,26],"tags":[],"class_list":["post-7839","post","type-post","status-publish","format-standard","has-post-thumbnail","hentry","category-destaque-2","category-educacao"],"yoast_head":"<!-- This site is optimized with the Yoast SEO plugin v27.2 - https:\/\/yoast.com\/product\/yoast-seo-wordpress\/ -->\n<title>Sisu: come\u00e7a hoje per\u00edodo de matr\u00edcula em universidades p\u00fablicas - Miradouro Not\u00edcias<\/title>\n<meta name=\"robots\" content=\"index, follow, max-snippet:-1, max-image-preview:large, max-video-preview:-1\" \/>\n<link rel=\"canonical\" href=\"https:\/\/miradouronoticias.com\/site\/2022\/07\/14\/sisu-comeca-hoje-periodo-de-matricula-em-universidades-publicas\/\" \/>\n<meta property=\"og:locale\" content=\"pt_BR\" \/>\n<meta property=\"og:type\" content=\"article\" \/>\n<meta property=\"og:title\" content=\"Sisu: come\u00e7a hoje per\u00edodo de matr\u00edcula em universidades p\u00fablicas - Miradouro Not\u00edcias\" \/>\n<meta property=\"og:description\" content=\"N\u00e3o selecionados na 1\u00aa chamada podem se inscrever em lista de espera Ou\u00e7a a mat\u00e9ria: Come\u00e7a nesta quarta-feira\u00a0(13) termina no dia\u00a018\u00a0o per\u00edodo de matr\u00edculas dos selecionados na primeira chamada do Sistema de Sele\u00e7\u00e3o Unificada (Sisu) do segundo semestre. Ser\u00e3o preenchidas 65.932 vagas para mais de 2 mil cursos de gradua\u00e7\u00e3o, em 73 institui\u00e7\u00f5es p\u00fablicas de [&hellip;]\" \/>\n<meta property=\"og:url\" content=\"https:\/\/miradouronoticias.com\/site\/2022\/07\/14\/sisu-comeca-hoje-periodo-de-matricula-em-universidades-publicas\/\" \/>\n<meta property=\"og:site_name\" content=\"Miradouro Not\u00edcias\" \/>\n<meta property=\"article:published_time\" content=\"2022-07-14T09:05:08+00:00\" \/>\n<meta property=\"og:image\" content=\"https:\/\/miradouronoticias.com\/site\/wp-content\/uploads\/2022\/07\/sisu_resultado2801205930.jpg\" \/>\n\t<meta property=\"og:image:width\" content=\"1170\" \/>\n\t<meta property=\"og:image:height\" content=\"700\" \/>\n\t<meta property=\"og:image:type\" content=\"image\/jpeg\" \/>\n<meta name=\"author\" content=\"Cl\u00e1udia Olyver\" \/>\n<meta name=\"twitter:card\" content=\"summary_large_image\" \/>\n<meta name=\"twitter:label1\" content=\"Escrito por\" \/>\n\t<meta name=\"twitter:data1\" content=\"Cl\u00e1udia Olyver\" \/>\n\t<meta name=\"twitter:label2\" content=\"Est. tempo de leitura\" \/>\n\t<meta name=\"twitter:data2\" content=\"3 minutos\" \/>\n<script type=\"application\/ld+json\" class=\"yoast-schema-graph\">{\"@context\":\"https:\/\/schema.org\",\"@graph\":[{\"@type\":\"Article\",\"@id\":\"https:\/\/miradouronoticias.com\/site\/2022\/07\/14\/sisu-comeca-hoje-periodo-de-matricula-em-universidades-publicas\/#article\",\"isPartOf\":{\"@id\":\"https:\/\/miradouronoticias.com\/site\/2022\/07\/14\/sisu-comeca-hoje-periodo-de-matricula-em-universidades-publicas\/\"},\"author\":{\"name\":\"Cl\u00e1udia Olyver\",\"@id\":\"https:\/\/miradouronoticias.com\/site\/#\/schema\/person\/73440d8c82222950df86f3e1a16aad3b\"},\"headline\":\"Sisu: come\u00e7a hoje per\u00edodo de matr\u00edcula em universidades p\u00fablicas\",\"datePublished\":\"2022-07-14T09:05:08+00:00\",\"mainEntityOfPage\":{\"@id\":\"https:\/\/miradouronoticias.com\/site\/2022\/07\/14\/sisu-comeca-hoje-periodo-de-matricula-em-universidades-publicas\/\"},\"wordCount\":343,\"commentCount\":0,\"publisher\":{\"@id\":\"https:\/\/miradouronoticias.com\/site\/#organization\"},\"image\":{\"@id\":\"https:\/\/miradouronoticias.com\/site\/2022\/07\/14\/sisu-comeca-hoje-periodo-de-matricula-em-universidades-publicas\/#primaryimage\"},\"thumbnailUrl\":\"https:\/\/miradouronoticias.com\/site\/wp-content\/uploads\/2022\/07\/sisu_resultado2801205930.jpg\",\"articleSection\":[\"Destaque 2\",\"Educa\u00e7\u00e3o\"],\"inLanguage\":\"pt-BR\",\"potentialAction\":[{\"@type\":\"CommentAction\",\"name\":\"Comment\",\"target\":[\"https:\/\/miradouronoticias.com\/site\/2022\/07\/14\/sisu-comeca-hoje-periodo-de-matricula-em-universidades-publicas\/#respond\"]}]},{\"@type\":\"WebPage\",\"@id\":\"https:\/\/miradouronoticias.com\/site\/2022\/07\/14\/sisu-comeca-hoje-periodo-de-matricula-em-universidades-publicas\/\",\"url\":\"https:\/\/miradouronoticias.com\/site\/2022\/07\/14\/sisu-comeca-hoje-periodo-de-matricula-em-universidades-publicas\/\",\"name\":\"Sisu: come\u00e7a hoje per\u00edodo de matr\u00edcula em universidades p\u00fablicas - Miradouro Not\u00edcias\",\"isPartOf\":{\"@id\":\"https:\/\/miradouronoticias.com\/site\/#website\"},\"primaryImageOfPage\":{\"@id\":\"https:\/\/miradouronoticias.com\/site\/2022\/07\/14\/sisu-comeca-hoje-periodo-de-matricula-em-universidades-publicas\/#primaryimage\"},\"image\":{\"@id\":\"https:\/\/miradouronoticias.com\/site\/2022\/07\/14\/sisu-comeca-hoje-periodo-de-matricula-em-universidades-publicas\/#primaryimage\"},\"thumbnailUrl\":\"https:\/\/miradouronoticias.com\/site\/wp-content\/uploads\/2022\/07\/sisu_resultado2801205930.jpg\",\"datePublished\":\"2022-07-14T09:05:08+00:00\",\"breadcrumb\":{\"@id\":\"https:\/\/miradouronoticias.com\/site\/2022\/07\/14\/sisu-comeca-hoje-periodo-de-matricula-em-universidades-publicas\/#breadcrumb\"},\"inLanguage\":\"pt-BR\",\"potentialAction\":[{\"@type\":\"ReadAction\",\"target\":[\"https:\/\/miradouronoticias.com\/site\/2022\/07\/14\/sisu-comeca-hoje-periodo-de-matricula-em-universidades-publicas\/\"]}]},{\"@type\":\"ImageObject\",\"inLanguage\":\"pt-BR\",\"@id\":\"https:\/\/miradouronoticias.com\/site\/2022\/07\/14\/sisu-comeca-hoje-periodo-de-matricula-em-universidades-publicas\/#primaryimage\",\"url\":\"https:\/\/miradouronoticias.com\/site\/wp-content\/uploads\/2022\/07\/sisu_resultado2801205930.jpg\",\"contentUrl\":\"https:\/\/miradouronoticias.com\/site\/wp-content\/uploads\/2022\/07\/sisu_resultado2801205930.jpg\",\"width\":1170,\"height\":700,\"caption\":\"resultado do Sisu, educa\u00e7\u00e3o. MEC\"},{\"@type\":\"BreadcrumbList\",\"@id\":\"https:\/\/miradouronoticias.com\/site\/2022\/07\/14\/sisu-comeca-hoje-periodo-de-matricula-em-universidades-publicas\/#breadcrumb\",\"itemListElement\":[{\"@type\":\"ListItem\",\"position\":1,\"name\":\"In\u00edcio\",\"item\":\"https:\/\/miradouronoticias.com\/site\/\"},{\"@type\":\"ListItem\",\"position\":2,\"name\":\"Sisu: come\u00e7a hoje per\u00edodo de matr\u00edcula em universidades p\u00fablicas\"}]},{\"@type\":\"WebSite\",\"@id\":\"https:\/\/miradouronoticias.com\/site\/#website\",\"url\":\"https:\/\/miradouronoticias.com\/site\/\",\"name\":\"Miradouro Not\u00edcias\",\"description\":\"Informa\u00e7\u00f5es da cidade e regi\u00e3o\",\"publisher\":{\"@id\":\"https:\/\/miradouronoticias.com\/site\/#organization\"},\"potentialAction\":[{\"@type\":\"SearchAction\",\"target\":{\"@type\":\"EntryPoint\",\"urlTemplate\":\"https:\/\/miradouronoticias.com\/site\/?s={search_term_string}\"},\"query-input\":{\"@type\":\"PropertyValueSpecification\",\"valueRequired\":true,\"valueName\":\"search_term_string\"}}],\"inLanguage\":\"pt-BR\"},{\"@type\":\"Organization\",\"@id\":\"https:\/\/miradouronoticias.com\/site\/#organization\",\"name\":\"Miradouro Not\u00edcias\",\"url\":\"https:\/\/miradouronoticias.com\/site\/\",\"logo\":{\"@type\":\"ImageObject\",\"inLanguage\":\"pt-BR\",\"@id\":\"https:\/\/miradouronoticias.com\/site\/#\/schema\/logo\/image\/\",\"url\":\"https:\/\/miradouronoticias.com\/site\/wp-content\/uploads\/2022\/01\/logomarcamiradouronoticias.png\",\"contentUrl\":\"https:\/\/miradouronoticias.com\/site\/wp-content\/uploads\/2022\/01\/logomarcamiradouronoticias.png\",\"width\":747,\"height\":263,\"caption\":\"Miradouro Not\u00edcias\"},\"image\":{\"@id\":\"https:\/\/miradouronoticias.com\/site\/#\/schema\/logo\/image\/\"}},{\"@type\":\"Person\",\"@id\":\"https:\/\/miradouronoticias.com\/site\/#\/schema\/person\/73440d8c82222950df86f3e1a16aad3b\",\"name\":\"Cl\u00e1udia Olyver\",\"sameAs\":[\"http:\/\/www.miradouronoticias.com\"],\"url\":\"https:\/\/miradouronoticias.com\/site\/author\/claudia\/\"}]}<\/script>\n<!-- \/ Yoast SEO plugin. -->","yoast_head_json":{"title":"Sisu: come\u00e7a hoje per\u00edodo de matr\u00edcula em universidades p\u00fablicas - Miradouro Not\u00edcias","robots":{"index":"index","follow":"follow","max-snippet":"max-snippet:-1","max-image-preview":"max-image-preview:large","max-video-preview":"max-video-preview:-1"},"canonical":"https:\/\/miradouronoticias.com\/site\/2022\/07\/14\/sisu-comeca-hoje-periodo-de-matricula-em-universidades-publicas\/","og_locale":"pt_BR","og_type":"article","og_title":"Sisu: come\u00e7a hoje per\u00edodo de matr\u00edcula em universidades p\u00fablicas - Miradouro Not\u00edcias","og_description":"N\u00e3o selecionados na 1\u00aa chamada podem se inscrever em lista de espera Ou\u00e7a a mat\u00e9ria: Come\u00e7a nesta quarta-feira\u00a0(13) termina no dia\u00a018\u00a0o per\u00edodo de matr\u00edculas dos selecionados na primeira chamada do Sistema de Sele\u00e7\u00e3o Unificada (Sisu) do segundo semestre. Ser\u00e3o preenchidas 65.932 vagas para mais de 2 mil cursos de gradua\u00e7\u00e3o, em 73 institui\u00e7\u00f5es p\u00fablicas de [&hellip;]","og_url":"https:\/\/miradouronoticias.com\/site\/2022\/07\/14\/sisu-comeca-hoje-periodo-de-matricula-em-universidades-publicas\/","og_site_name":"Miradouro Not\u00edcias","article_published_time":"2022-07-14T09:05:08+00:00","og_image":[{"width":1170,"height":700,"url":"https:\/\/miradouronoticias.com\/site\/wp-content\/uploads\/2022\/07\/sisu_resultado2801205930.jpg","type":"image\/jpeg"}],"author":"Cl\u00e1udia Olyver","twitter_card":"summary_large_image","twitter_misc":{"Escrito por":"Cl\u00e1udia Olyver","Est. tempo de leitura":"3 minutos"},"schema":{"@context":"https:\/\/schema.org","@graph":[{"@type":"Article","@id":"https:\/\/miradouronoticias.com\/site\/2022\/07\/14\/sisu-comeca-hoje-periodo-de-matricula-em-universidades-publicas\/#article","isPartOf":{"@id":"https:\/\/miradouronoticias.com\/site\/2022\/07\/14\/sisu-comeca-hoje-periodo-de-matricula-em-universidades-publicas\/"},"author":{"name":"Cl\u00e1udia Olyver","@id":"https:\/\/miradouronoticias.com\/site\/#\/schema\/person\/73440d8c82222950df86f3e1a16aad3b"},"headline":"Sisu: come\u00e7a hoje per\u00edodo de matr\u00edcula em universidades p\u00fablicas","datePublished":"2022-07-14T09:05:08+00:00","mainEntityOfPage":{"@id":"https:\/\/miradouronoticias.com\/site\/2022\/07\/14\/sisu-comeca-hoje-periodo-de-matricula-em-universidades-publicas\/"},"wordCount":343,"commentCount":0,"publisher":{"@id":"https:\/\/miradouronoticias.com\/site\/#organization"},"image":{"@id":"https:\/\/miradouronoticias.com\/site\/2022\/07\/14\/sisu-comeca-hoje-periodo-de-matricula-em-universidades-publicas\/#primaryimage"},"thumbnailUrl":"https:\/\/miradouronoticias.com\/site\/wp-content\/uploads\/2022\/07\/sisu_resultado2801205930.jpg","articleSection":["Destaque 2","Educa\u00e7\u00e3o"],"inLanguage":"pt-BR","potentialAction":[{"@type":"CommentAction","name":"Comment","target":["https:\/\/miradouronoticias.com\/site\/2022\/07\/14\/sisu-comeca-hoje-periodo-de-matricula-em-universidades-publicas\/#respond"]}]},{"@type":"WebPage","@id":"https:\/\/miradouronoticias.com\/site\/2022\/07\/14\/sisu-comeca-hoje-periodo-de-matricula-em-universidades-publicas\/","url":"https:\/\/miradouronoticias.com\/site\/2022\/07\/14\/sisu-comeca-hoje-periodo-de-matricula-em-universidades-publicas\/","name":"Sisu: come\u00e7a hoje per\u00edodo de matr\u00edcula em universidades p\u00fablicas - Miradouro Not\u00edcias","isPartOf":{"@id":"https:\/\/miradouronoticias.com\/site\/#website"},"primaryImageOfPage":{"@id":"https:\/\/miradouronoticias.com\/site\/2022\/07\/14\/sisu-comeca-hoje-periodo-de-matricula-em-universidades-publicas\/#primaryimage"},"image":{"@id":"https:\/\/miradouronoticias.com\/site\/2022\/07\/14\/sisu-comeca-hoje-periodo-de-matricula-em-universidades-publicas\/#primaryimage"},"thumbnailUrl":"https:\/\/miradouronoticias.com\/site\/wp-content\/uploads\/2022\/07\/sisu_resultado2801205930.jpg","datePublished":"2022-07-14T09:05:08+00:00","breadcrumb":{"@id":"https:\/\/miradouronoticias.com\/site\/2022\/07\/14\/sisu-comeca-hoje-periodo-de-matricula-em-universidades-publicas\/#breadcrumb"},"inLanguage":"pt-BR","potentialAction":[{"@type":"ReadAction","target":["https:\/\/miradouronoticias.com\/site\/2022\/07\/14\/sisu-comeca-hoje-periodo-de-matricula-em-universidades-publicas\/"]}]},{"@type":"ImageObject","inLanguage":"pt-BR","@id":"https:\/\/miradouronoticias.com\/site\/2022\/07\/14\/sisu-comeca-hoje-periodo-de-matricula-em-universidades-publicas\/#primaryimage","url":"https:\/\/miradouronoticias.com\/site\/wp-content\/uploads\/2022\/07\/sisu_resultado2801205930.jpg","contentUrl":"https:\/\/miradouronoticias.com\/site\/wp-content\/uploads\/2022\/07\/sisu_resultado2801205930.jpg","width":1170,"height":700,"caption":"resultado do Sisu, educa\u00e7\u00e3o. MEC"},{"@type":"BreadcrumbList","@id":"https:\/\/miradouronoticias.com\/site\/2022\/07\/14\/sisu-comeca-hoje-periodo-de-matricula-em-universidades-publicas\/#breadcrumb","itemListElement":[{"@type":"ListItem","position":1,"name":"In\u00edcio","item":"https:\/\/miradouronoticias.com\/site\/"},{"@type":"ListItem","position":2,"name":"Sisu: come\u00e7a hoje per\u00edodo de matr\u00edcula em universidades p\u00fablicas"}]},{"@type":"WebSite","@id":"https:\/\/miradouronoticias.com\/site\/#website","url":"https:\/\/miradouronoticias.com\/site\/","name":"Miradouro Not\u00edcias","description":"Informa\u00e7\u00f5es da cidade e regi\u00e3o","publisher":{"@id":"https:\/\/miradouronoticias.com\/site\/#organization"},"potentialAction":[{"@type":"SearchAction","target":{"@type":"EntryPoint","urlTemplate":"https:\/\/miradouronoticias.com\/site\/?s={search_term_string}"},"query-input":{"@type":"PropertyValueSpecification","valueRequired":true,"valueName":"search_term_string"}}],"inLanguage":"pt-BR"},{"@type":"Organization","@id":"https:\/\/miradouronoticias.com\/site\/#organization","name":"Miradouro Not\u00edcias","url":"https:\/\/miradouronoticias.com\/site\/","logo":{"@type":"ImageObject","inLanguage":"pt-BR","@id":"https:\/\/miradouronoticias.com\/site\/#\/schema\/logo\/image\/","url":"https:\/\/miradouronoticias.com\/site\/wp-content\/uploads\/2022\/01\/logomarcamiradouronoticias.png","contentUrl":"https:\/\/miradouronoticias.com\/site\/wp-content\/uploads\/2022\/01\/logomarcamiradouronoticias.png","width":747,"height":263,"caption":"Miradouro Not\u00edcias"},"image":{"@id":"https:\/\/miradouronoticias.com\/site\/#\/schema\/logo\/image\/"}},{"@type":"Person","@id":"https:\/\/miradouronoticias.com\/site\/#\/schema\/person\/73440d8c82222950df86f3e1a16aad3b","name":"Cl\u00e1udia Olyver","sameAs":["http:\/\/www.miradouronoticias.com"],"url":"https:\/\/miradouronoticias.com\/site\/author\/claudia\/"}]}},"_links":{"self":[{"href":"https:\/\/miradouronoticias.com\/site\/wp-json\/wp\/v2\/posts\/7839","targetHints":{"allow":["GET"]}}],"collection":[{"href":"https:\/\/miradouronoticias.com\/site\/wp-json\/wp\/v2\/posts"}],"about":[{"href":"https:\/\/miradouronoticias.com\/site\/wp-json\/wp\/v2\/types\/post"}],"author":[{"embeddable":true,"href":"https:\/\/miradouronoticias.com\/site\/wp-json\/wp\/v2\/users\/4"}],"replies":[{"embeddable":true,"href":"https:\/\/miradouronoticias.com\/site\/wp-json\/wp\/v2\/comments?post=7839"}],"version-history":[{"count":1,"href":"https:\/\/miradouronoticias.com\/site\/wp-json\/wp\/v2\/posts\/7839\/revisions"}],"predecessor-version":[{"id":7842,"href":"https:\/\/miradouronoticias.com\/site\/wp-json\/wp\/v2\/posts\/7839\/revisions\/7842"}],"wp:featuredmedia":[{"embeddable":true,"href":"https:\/\/miradouronoticias.com\/site\/wp-json\/wp\/v2\/media\/7840"}],"wp:attachment":[{"href":"https:\/\/miradouronoticias.com\/site\/wp-json\/wp\/v2\/media?parent=7839"}],"wp:term":[{"taxonomy":"category","embeddable":true,"href":"https:\/\/miradouronoticias.com\/site\/wp-json\/wp\/v2\/categories?post=7839"},{"taxonomy":"post_tag","embeddable":true,"href":"https:\/\/miradouronoticias.com\/site\/wp-json\/wp\/v2\/tags?post=7839"}],"curies":[{"name":"wp","href":"https:\/\/api.w.org\/{rel}","templated":true}]}}