{"id":33846,"date":"2026-09-04T06:08:16","date_gmt":"2026-09-04T09:08:16","guid":{"rendered":"https:\/\/miradouronoticias.com\/site\/?p=33846"},"modified":"2026-09-04T06:08:16","modified_gmt":"2026-09-04T09:08:16","slug":"senado-aprova-mp-da-taxa-das-blusinhas-e-isencao-se-torna-definitiva","status":"publish","type":"post","link":"https:\/\/miradouronoticias.com\/site\/2026\/09\/04\/senado-aprova-mp-da-taxa-das-blusinhas-e-isencao-se-torna-definitiva\/","title":{"rendered":"Senado aprova MP da &#8220;taxa das blusinhas&#8221; e isen\u00e7\u00e3o se torna definitiva"},"content":{"rendered":"<p><img loading=\"lazy\" decoding=\"async\" class=\"alignnone size-medium wp-image-33847\" src=\"https:\/\/miradouronoticias.com\/site\/wp-content\/uploads\/2026\/09\/imagem_do_whatsapp_de_2024-06-01_as_16.55.51_d697879b-300x179.webp\" alt=\"\" width=\"300\" height=\"179\" srcset=\"https:\/\/miradouronoticias.com\/site\/wp-content\/uploads\/2026\/09\/imagem_do_whatsapp_de_2024-06-01_as_16.55.51_d697879b-300x179.webp 300w, https:\/\/miradouronoticias.com\/site\/wp-content\/uploads\/2026\/09\/imagem_do_whatsapp_de_2024-06-01_as_16.55.51_d697879b-1024x613.webp 1024w, https:\/\/miradouronoticias.com\/site\/wp-content\/uploads\/2026\/09\/imagem_do_whatsapp_de_2024-06-01_as_16.55.51_d697879b-768x459.webp 768w, https:\/\/miradouronoticias.com\/site\/wp-content\/uploads\/2026\/09\/imagem_do_whatsapp_de_2024-06-01_as_16.55.51_d697879b.webp 1170w\" sizes=\"auto, (max-width: 300px) 100vw, 300px\" \/><\/p>\n<p><strong>Assim como a\u00a0<a href=\"https:\/\/agenciabrasil.ebc.com.br\/politica\/noticia\/2026-09\/mp-da-taxa-das-blusinhas-e-aprovada-na-camara-e-vai-ao-senado\" target=\"_blank\" rel=\"noopener\">C\u00e2mara dos Deputados<\/a>, o plen\u00e1rio do Senado Federal tamb\u00e9m aprovou, nesta quinta-feira (3), em vota\u00e7\u00e3o simb\u00f3lica, a medida provis\u00f3ria (MP) da chamada &#8220;taxa das blusinhas&#8221;.\u00a0<\/strong><img decoding=\"async\" src=\"https:\/\/agenciabrasil.ebc.com.br\/ebc.png?id=1701490&amp;o=node\" \/><img decoding=\"async\" src=\"https:\/\/agenciabrasil.ebc.com.br\/ebc.gif?id=1701490&amp;o=node\" \/><\/p>\n<p>O texto zera o imposto de 20% sobre compras internacionais de at\u00e9 50 d\u00f3lares (cerca de R$ 257) feitas pela internet por meio de remessas postais. A vers\u00e3o definitiva da medida, agora convertida em lei, segue agora para san\u00e7\u00e3o presidencial.<\/p>\n<p>Durante a tramita\u00e7\u00e3o, o texto foi modificado pela relatora na comiss\u00e3o especial mista, a senadora Leila do V\u00f4lei (PDT-DF).\u00a0<strong>Uma das novidades introduzidas na medida \u00e9 uma emenda que zera o imposto de importa\u00e7\u00e3o de medicamentos que n\u00e3o t\u00eam vers\u00e3o similar no Brasil.<\/strong><\/p>\n<p>&#8220;N\u00f3s sabemos que\u00a0s\u00e3o muitos os brasileiros que utilizam essas compras de pequeno valor. S\u00e3o pessoas que procuram um produto mais barato. S\u00e3o fam\u00edlias que precisam fazer o or\u00e7amento caber no final do m\u00eas. S\u00e3o trabalhadores que pesquisam pre\u00e7o, comparam alternativas e encontram no com\u00e9rcio eletr\u00f4nico uma maneira de ampliar seu poder de compra&#8221;, afirmou a senadora ao comentar a aprova\u00e7\u00e3o da MP na tribuna.<\/p>\n<p><strong>A MP aprovada prev\u00ea\u00a0redu\u00e7\u00e3o de 60% para 30% da al\u00edquota de importa\u00e7\u00e3o para compras de at\u00e9 US$ 3 mil por remessas postais vindas do exterior.<\/strong><\/p>\n<p>Outra novidade no texto \u00e9 a\u00a0<strong>previs\u00e3o de avalia\u00e7\u00f5es peri\u00f3dicas, a serem feitas pelo Minist\u00e9rio da Fazenda, para analisar os efeitos econ\u00f4micos da isen\u00e7\u00e3o tarif\u00e1ria.\u00a0<\/strong>O objetivo, segundo a relatora, \u00e9 acompanhar poss\u00edveis efeitos sobre emprego, renda, pre\u00e7os e impactos sobre a ind\u00fastria nacional. A primeira avalia\u00e7\u00e3o ocorrer\u00e1 daqui a tr\u00eas meses, e as demais, a cada seis meses.<\/p>\n<p><strong>A nova lei ainda determina uma avalia\u00e7\u00e3o anual da isen\u00e7\u00e3o tribut\u00e1ria.<\/strong>\u00a0Com isso, ser\u00e1 poss\u00edvel acompanhar na pr\u00e1tica se a mudan\u00e7a est\u00e1 beneficiando o consumidor sem provocar desequil\u00edbrios relevantes para trabalhadores e empresas brasileiras.<\/p>\n<p>Outro ponto da MP estabelece exig\u00eancias de conformidade das plataformas digitais e de operadores log\u00edsticos.\u00a0<strong>O texto determina mecanismos de identifica\u00e7\u00e3o de ind\u00edcios de subfaturamento, fracionamento artificial de remessas e oculta\u00e7\u00e3o de remetentes, al\u00e9m de exigir rastreabilidade dos vendedores, monitoramento de opera\u00e7\u00f5es suspeitas, manuten\u00e7\u00e3o de registros e coopera\u00e7\u00e3o com a Receita Federal.<\/strong><\/p>\n<p>Parlamentares da oposi\u00e7\u00e3o criticaram o teor da medida, ao defenderem que ela d\u00e1 vantagem a empresas estrangeiras em detrimento da ind\u00fastria nacional.<\/p>\n<p>&#8220;O exato benef\u00edcio fiscal que est\u00e1 sendo dado para o mesm\u00edssimo produto com o mesm\u00edssimo pre\u00e7o precisa ser dado para o brasileiro, para quem produz aqui, para quem ainda acredita no Brasil&#8221;, afirmou o deputado federal Gilson Marques (Novo-SC).<\/p>\n<p>By: miradouronoticias.com.br\/ ag\u00eancia Brasil<\/p>\n","protected":false},"excerpt":{"rendered":"<p>Assim como a\u00a0C\u00e2mara dos Deputados, o plen\u00e1rio do Senado Federal tamb\u00e9m aprovou, nesta quinta-feira (3), em vota\u00e7\u00e3o simb\u00f3lica, a medida provis\u00f3ria (MP) da chamada &#8220;taxa das blusinhas&#8221;.\u00a0 O texto zera o imposto de 20% sobre compras internacionais de at\u00e9 50 d\u00f3lares (cerca de R$ 257) feitas pela internet por meio de remessas postais. A vers\u00e3o [&hellip;]<\/p>\n","protected":false},"author":4,"featured_media":33847,"comment_status":"open","ping_status":"closed","sticky":false,"template":"","format":"standard","meta":{"footnotes":""},"categories":[1,29],"tags":[],"class_list":["post-33846","post","type-post","status-publish","format-standard","has-post-thumbnail","hentry","category-destaque-principal","category-economia"],"yoast_head":"<!-- This site is optimized with the Yoast SEO plugin v27.9 - https:\/\/yoast.com\/product\/yoast-seo-wordpress\/ -->\n<title>Senado aprova MP da &quot;taxa das blusinhas&quot; e isen\u00e7\u00e3o se torna definitiva - Miradouro Not\u00edcias<\/title>\n<meta name=\"robots\" content=\"index, follow, max-snippet:-1, max-image-preview:large, max-video-preview:-1\" \/>\n<link rel=\"canonical\" href=\"https:\/\/miradouronoticias.com\/site\/2026\/09\/04\/senado-aprova-mp-da-taxa-das-blusinhas-e-isencao-se-torna-definitiva\/\" \/>\n<meta property=\"og:locale\" content=\"pt_BR\" \/>\n<meta property=\"og:type\" content=\"article\" \/>\n<meta property=\"og:title\" content=\"Senado aprova MP da &quot;taxa das blusinhas&quot; e isen\u00e7\u00e3o se torna definitiva - Miradouro Not\u00edcias\" \/>\n<meta property=\"og:description\" content=\"Assim como a\u00a0C\u00e2mara dos Deputados, o plen\u00e1rio do Senado Federal tamb\u00e9m aprovou, nesta quinta-feira (3), em vota\u00e7\u00e3o simb\u00f3lica, a medida provis\u00f3ria (MP) da chamada &#8220;taxa das blusinhas&#8221;.\u00a0 O texto zera o imposto de 20% sobre compras internacionais de at\u00e9 50 d\u00f3lares (cerca de R$ 257) feitas pela internet por meio de remessas postais. A vers\u00e3o [&hellip;]\" \/>\n<meta property=\"og:url\" content=\"https:\/\/miradouronoticias.com\/site\/2026\/09\/04\/senado-aprova-mp-da-taxa-das-blusinhas-e-isencao-se-torna-definitiva\/\" \/>\n<meta property=\"og:site_name\" content=\"Miradouro Not\u00edcias\" \/>\n<meta property=\"article:published_time\" content=\"2026-09-04T09:08:16+00:00\" \/>\n<meta property=\"og:image\" content=\"https:\/\/miradouronoticias.com\/site\/wp-content\/uploads\/2026\/09\/imagem_do_whatsapp_de_2024-06-01_as_16.55.51_d697879b.webp\" \/>\n\t<meta property=\"og:image:width\" content=\"1170\" \/>\n\t<meta property=\"og:image:height\" content=\"700\" \/>\n\t<meta property=\"og:image:type\" content=\"image\/webp\" \/>\n<meta name=\"author\" content=\"Cl\u00e1udia Olyver\" \/>\n<meta name=\"twitter:card\" content=\"summary_large_image\" \/>\n<meta name=\"twitter:label1\" content=\"Escrito por\" \/>\n\t<meta name=\"twitter:data1\" content=\"Cl\u00e1udia Olyver\" \/>\n\t<meta name=\"twitter:label2\" content=\"Est. tempo de leitura\" \/>\n\t<meta name=\"twitter:data2\" content=\"4 minutos\" \/>\n<script type=\"application\/ld+json\" class=\"yoast-schema-graph\">{\"@context\":\"https:\\\/\\\/schema.org\",\"@graph\":[{\"@type\":\"Article\",\"@id\":\"https:\\\/\\\/miradouronoticias.com\\\/site\\\/2026\\\/09\\\/04\\\/senado-aprova-mp-da-taxa-das-blusinhas-e-isencao-se-torna-definitiva\\\/#article\",\"isPartOf\":{\"@id\":\"https:\\\/\\\/miradouronoticias.com\\\/site\\\/2026\\\/09\\\/04\\\/senado-aprova-mp-da-taxa-das-blusinhas-e-isencao-se-torna-definitiva\\\/\"},\"author\":{\"name\":\"Cl\u00e1udia Olyver\",\"@id\":\"https:\\\/\\\/miradouronoticias.com\\\/site\\\/#\\\/schema\\\/person\\\/73440d8c82222950df86f3e1a16aad3b\"},\"headline\":\"Senado aprova MP da &#8220;taxa das blusinhas&#8221; e isen\u00e7\u00e3o se torna definitiva\",\"datePublished\":\"2026-09-04T09:08:16+00:00\",\"mainEntityOfPage\":{\"@id\":\"https:\\\/\\\/miradouronoticias.com\\\/site\\\/2026\\\/09\\\/04\\\/senado-aprova-mp-da-taxa-das-blusinhas-e-isencao-se-torna-definitiva\\\/\"},\"wordCount\":483,\"commentCount\":0,\"publisher\":{\"@id\":\"https:\\\/\\\/miradouronoticias.com\\\/site\\\/#organization\"},\"image\":{\"@id\":\"https:\\\/\\\/miradouronoticias.com\\\/site\\\/2026\\\/09\\\/04\\\/senado-aprova-mp-da-taxa-das-blusinhas-e-isencao-se-torna-definitiva\\\/#primaryimage\"},\"thumbnailUrl\":\"https:\\\/\\\/miradouronoticias.com\\\/site\\\/wp-content\\\/uploads\\\/2026\\\/09\\\/imagem_do_whatsapp_de_2024-06-01_as_16.55.51_d697879b.webp\",\"articleSection\":[\"Destaque Principal\",\"Economia\"],\"inLanguage\":\"pt-BR\",\"potentialAction\":[{\"@type\":\"CommentAction\",\"name\":\"Comment\",\"target\":[\"https:\\\/\\\/miradouronoticias.com\\\/site\\\/2026\\\/09\\\/04\\\/senado-aprova-mp-da-taxa-das-blusinhas-e-isencao-se-torna-definitiva\\\/#respond\"]}]},{\"@type\":\"WebPage\",\"@id\":\"https:\\\/\\\/miradouronoticias.com\\\/site\\\/2026\\\/09\\\/04\\\/senado-aprova-mp-da-taxa-das-blusinhas-e-isencao-se-torna-definitiva\\\/\",\"url\":\"https:\\\/\\\/miradouronoticias.com\\\/site\\\/2026\\\/09\\\/04\\\/senado-aprova-mp-da-taxa-das-blusinhas-e-isencao-se-torna-definitiva\\\/\",\"name\":\"Senado aprova MP da \\\"taxa das blusinhas\\\" e isen\u00e7\u00e3o se torna definitiva - Miradouro Not\u00edcias\",\"isPartOf\":{\"@id\":\"https:\\\/\\\/miradouronoticias.com\\\/site\\\/#website\"},\"primaryImageOfPage\":{\"@id\":\"https:\\\/\\\/miradouronoticias.com\\\/site\\\/2026\\\/09\\\/04\\\/senado-aprova-mp-da-taxa-das-blusinhas-e-isencao-se-torna-definitiva\\\/#primaryimage\"},\"image\":{\"@id\":\"https:\\\/\\\/miradouronoticias.com\\\/site\\\/2026\\\/09\\\/04\\\/senado-aprova-mp-da-taxa-das-blusinhas-e-isencao-se-torna-definitiva\\\/#primaryimage\"},\"thumbnailUrl\":\"https:\\\/\\\/miradouronoticias.com\\\/site\\\/wp-content\\\/uploads\\\/2026\\\/09\\\/imagem_do_whatsapp_de_2024-06-01_as_16.55.51_d697879b.webp\",\"datePublished\":\"2026-09-04T09:08:16+00:00\",\"breadcrumb\":{\"@id\":\"https:\\\/\\\/miradouronoticias.com\\\/site\\\/2026\\\/09\\\/04\\\/senado-aprova-mp-da-taxa-das-blusinhas-e-isencao-se-torna-definitiva\\\/#breadcrumb\"},\"inLanguage\":\"pt-BR\",\"potentialAction\":[{\"@type\":\"ReadAction\",\"target\":[\"https:\\\/\\\/miradouronoticias.com\\\/site\\\/2026\\\/09\\\/04\\\/senado-aprova-mp-da-taxa-das-blusinhas-e-isencao-se-torna-definitiva\\\/\"]}]},{\"@type\":\"ImageObject\",\"inLanguage\":\"pt-BR\",\"@id\":\"https:\\\/\\\/miradouronoticias.com\\\/site\\\/2026\\\/09\\\/04\\\/senado-aprova-mp-da-taxa-das-blusinhas-e-isencao-se-torna-definitiva\\\/#primaryimage\",\"url\":\"https:\\\/\\\/miradouronoticias.com\\\/site\\\/wp-content\\\/uploads\\\/2026\\\/09\\\/imagem_do_whatsapp_de_2024-06-01_as_16.55.51_d697879b.webp\",\"contentUrl\":\"https:\\\/\\\/miradouronoticias.com\\\/site\\\/wp-content\\\/uploads\\\/2026\\\/09\\\/imagem_do_whatsapp_de_2024-06-01_as_16.55.51_d697879b.webp\",\"width\":1170,\"height\":700},{\"@type\":\"BreadcrumbList\",\"@id\":\"https:\\\/\\\/miradouronoticias.com\\\/site\\\/2026\\\/09\\\/04\\\/senado-aprova-mp-da-taxa-das-blusinhas-e-isencao-se-torna-definitiva\\\/#breadcrumb\",\"itemListElement\":[{\"@type\":\"ListItem\",\"position\":1,\"name\":\"In\u00edcio\",\"item\":\"https:\\\/\\\/miradouronoticias.com\\\/site\\\/\"},{\"@type\":\"ListItem\",\"position\":2,\"name\":\"Senado aprova MP da &#8220;taxa das blusinhas&#8221; e isen\u00e7\u00e3o se torna definitiva\"}]},{\"@type\":\"WebSite\",\"@id\":\"https:\\\/\\\/miradouronoticias.com\\\/site\\\/#website\",\"url\":\"https:\\\/\\\/miradouronoticias.com\\\/site\\\/\",\"name\":\"Miradouro Not\u00edcias\",\"description\":\"Informa\u00e7\u00f5es da cidade e regi\u00e3o\",\"publisher\":{\"@id\":\"https:\\\/\\\/miradouronoticias.com\\\/site\\\/#organization\"},\"potentialAction\":[{\"@type\":\"SearchAction\",\"target\":{\"@type\":\"EntryPoint\",\"urlTemplate\":\"https:\\\/\\\/miradouronoticias.com\\\/site\\\/?s={search_term_string}\"},\"query-input\":{\"@type\":\"PropertyValueSpecification\",\"valueRequired\":true,\"valueName\":\"search_term_string\"}}],\"inLanguage\":\"pt-BR\"},{\"@type\":\"Organization\",\"@id\":\"https:\\\/\\\/miradouronoticias.com\\\/site\\\/#organization\",\"name\":\"Miradouro Not\u00edcias\",\"url\":\"https:\\\/\\\/miradouronoticias.com\\\/site\\\/\",\"logo\":{\"@type\":\"ImageObject\",\"inLanguage\":\"pt-BR\",\"@id\":\"https:\\\/\\\/miradouronoticias.com\\\/site\\\/#\\\/schema\\\/logo\\\/image\\\/\",\"url\":\"https:\\\/\\\/miradouronoticias.com\\\/site\\\/wp-content\\\/uploads\\\/2022\\\/01\\\/logomarcamiradouronoticias.png\",\"contentUrl\":\"https:\\\/\\\/miradouronoticias.com\\\/site\\\/wp-content\\\/uploads\\\/2022\\\/01\\\/logomarcamiradouronoticias.png\",\"width\":747,\"height\":263,\"caption\":\"Miradouro Not\u00edcias\"},\"image\":{\"@id\":\"https:\\\/\\\/miradouronoticias.com\\\/site\\\/#\\\/schema\\\/logo\\\/image\\\/\"}},{\"@type\":\"Person\",\"@id\":\"https:\\\/\\\/miradouronoticias.com\\\/site\\\/#\\\/schema\\\/person\\\/73440d8c82222950df86f3e1a16aad3b\",\"name\":\"Cl\u00e1udia Olyver\",\"sameAs\":[\"http:\\\/\\\/www.miradouronoticias.com\"],\"url\":\"https:\\\/\\\/miradouronoticias.com\\\/site\\\/author\\\/claudia\\\/\"}]}<\/script>\n<!-- \/ Yoast SEO plugin. -->","yoast_head_json":{"title":"Senado aprova MP da \"taxa das blusinhas\" e isen\u00e7\u00e3o se torna definitiva - Miradouro Not\u00edcias","robots":{"index":"index","follow":"follow","max-snippet":"max-snippet:-1","max-image-preview":"max-image-preview:large","max-video-preview":"max-video-preview:-1"},"canonical":"https:\/\/miradouronoticias.com\/site\/2026\/09\/04\/senado-aprova-mp-da-taxa-das-blusinhas-e-isencao-se-torna-definitiva\/","og_locale":"pt_BR","og_type":"article","og_title":"Senado aprova MP da \"taxa das blusinhas\" e isen\u00e7\u00e3o se torna definitiva - Miradouro Not\u00edcias","og_description":"Assim como a\u00a0C\u00e2mara dos Deputados, o plen\u00e1rio do Senado Federal tamb\u00e9m aprovou, nesta quinta-feira (3), em vota\u00e7\u00e3o simb\u00f3lica, a medida provis\u00f3ria (MP) da chamada &#8220;taxa das blusinhas&#8221;.\u00a0 O texto zera o imposto de 20% sobre compras internacionais de at\u00e9 50 d\u00f3lares (cerca de R$ 257) feitas pela internet por meio de remessas postais. A vers\u00e3o [&hellip;]","og_url":"https:\/\/miradouronoticias.com\/site\/2026\/09\/04\/senado-aprova-mp-da-taxa-das-blusinhas-e-isencao-se-torna-definitiva\/","og_site_name":"Miradouro Not\u00edcias","article_published_time":"2026-09-04T09:08:16+00:00","og_image":[{"width":1170,"height":700,"url":"https:\/\/miradouronoticias.com\/site\/wp-content\/uploads\/2026\/09\/imagem_do_whatsapp_de_2024-06-01_as_16.55.51_d697879b.webp","type":"image\/webp"}],"author":"Cl\u00e1udia Olyver","twitter_card":"summary_large_image","twitter_misc":{"Escrito por":"Cl\u00e1udia Olyver","Est. tempo de leitura":"4 minutos"},"schema":{"@context":"https:\/\/schema.org","@graph":[{"@type":"Article","@id":"https:\/\/miradouronoticias.com\/site\/2026\/09\/04\/senado-aprova-mp-da-taxa-das-blusinhas-e-isencao-se-torna-definitiva\/#article","isPartOf":{"@id":"https:\/\/miradouronoticias.com\/site\/2026\/09\/04\/senado-aprova-mp-da-taxa-das-blusinhas-e-isencao-se-torna-definitiva\/"},"author":{"name":"Cl\u00e1udia Olyver","@id":"https:\/\/miradouronoticias.com\/site\/#\/schema\/person\/73440d8c82222950df86f3e1a16aad3b"},"headline":"Senado aprova MP da &#8220;taxa das blusinhas&#8221; e isen\u00e7\u00e3o se torna definitiva","datePublished":"2026-09-04T09:08:16+00:00","mainEntityOfPage":{"@id":"https:\/\/miradouronoticias.com\/site\/2026\/09\/04\/senado-aprova-mp-da-taxa-das-blusinhas-e-isencao-se-torna-definitiva\/"},"wordCount":483,"commentCount":0,"publisher":{"@id":"https:\/\/miradouronoticias.com\/site\/#organization"},"image":{"@id":"https:\/\/miradouronoticias.com\/site\/2026\/09\/04\/senado-aprova-mp-da-taxa-das-blusinhas-e-isencao-se-torna-definitiva\/#primaryimage"},"thumbnailUrl":"https:\/\/miradouronoticias.com\/site\/wp-content\/uploads\/2026\/09\/imagem_do_whatsapp_de_2024-06-01_as_16.55.51_d697879b.webp","articleSection":["Destaque Principal","Economia"],"inLanguage":"pt-BR","potentialAction":[{"@type":"CommentAction","name":"Comment","target":["https:\/\/miradouronoticias.com\/site\/2026\/09\/04\/senado-aprova-mp-da-taxa-das-blusinhas-e-isencao-se-torna-definitiva\/#respond"]}]},{"@type":"WebPage","@id":"https:\/\/miradouronoticias.com\/site\/2026\/09\/04\/senado-aprova-mp-da-taxa-das-blusinhas-e-isencao-se-torna-definitiva\/","url":"https:\/\/miradouronoticias.com\/site\/2026\/09\/04\/senado-aprova-mp-da-taxa-das-blusinhas-e-isencao-se-torna-definitiva\/","name":"Senado aprova MP da \"taxa das blusinhas\" e isen\u00e7\u00e3o se torna definitiva - Miradouro Not\u00edcias","isPartOf":{"@id":"https:\/\/miradouronoticias.com\/site\/#website"},"primaryImageOfPage":{"@id":"https:\/\/miradouronoticias.com\/site\/2026\/09\/04\/senado-aprova-mp-da-taxa-das-blusinhas-e-isencao-se-torna-definitiva\/#primaryimage"},"image":{"@id":"https:\/\/miradouronoticias.com\/site\/2026\/09\/04\/senado-aprova-mp-da-taxa-das-blusinhas-e-isencao-se-torna-definitiva\/#primaryimage"},"thumbnailUrl":"https:\/\/miradouronoticias.com\/site\/wp-content\/uploads\/2026\/09\/imagem_do_whatsapp_de_2024-06-01_as_16.55.51_d697879b.webp","datePublished":"2026-09-04T09:08:16+00:00","breadcrumb":{"@id":"https:\/\/miradouronoticias.com\/site\/2026\/09\/04\/senado-aprova-mp-da-taxa-das-blusinhas-e-isencao-se-torna-definitiva\/#breadcrumb"},"inLanguage":"pt-BR","potentialAction":[{"@type":"ReadAction","target":["https:\/\/miradouronoticias.com\/site\/2026\/09\/04\/senado-aprova-mp-da-taxa-das-blusinhas-e-isencao-se-torna-definitiva\/"]}]},{"@type":"ImageObject","inLanguage":"pt-BR","@id":"https:\/\/miradouronoticias.com\/site\/2026\/09\/04\/senado-aprova-mp-da-taxa-das-blusinhas-e-isencao-se-torna-definitiva\/#primaryimage","url":"https:\/\/miradouronoticias.com\/site\/wp-content\/uploads\/2026\/09\/imagem_do_whatsapp_de_2024-06-01_as_16.55.51_d697879b.webp","contentUrl":"https:\/\/miradouronoticias.com\/site\/wp-content\/uploads\/2026\/09\/imagem_do_whatsapp_de_2024-06-01_as_16.55.51_d697879b.webp","width":1170,"height":700},{"@type":"BreadcrumbList","@id":"https:\/\/miradouronoticias.com\/site\/2026\/09\/04\/senado-aprova-mp-da-taxa-das-blusinhas-e-isencao-se-torna-definitiva\/#breadcrumb","itemListElement":[{"@type":"ListItem","position":1,"name":"In\u00edcio","item":"https:\/\/miradouronoticias.com\/site\/"},{"@type":"ListItem","position":2,"name":"Senado aprova MP da &#8220;taxa das blusinhas&#8221; e isen\u00e7\u00e3o se torna definitiva"}]},{"@type":"WebSite","@id":"https:\/\/miradouronoticias.com\/site\/#website","url":"https:\/\/miradouronoticias.com\/site\/","name":"Miradouro Not\u00edcias","description":"Informa\u00e7\u00f5es da cidade e regi\u00e3o","publisher":{"@id":"https:\/\/miradouronoticias.com\/site\/#organization"},"potentialAction":[{"@type":"SearchAction","target":{"@type":"EntryPoint","urlTemplate":"https:\/\/miradouronoticias.com\/site\/?s={search_term_string}"},"query-input":{"@type":"PropertyValueSpecification","valueRequired":true,"valueName":"search_term_string"}}],"inLanguage":"pt-BR"},{"@type":"Organization","@id":"https:\/\/miradouronoticias.com\/site\/#organization","name":"Miradouro Not\u00edcias","url":"https:\/\/miradouronoticias.com\/site\/","logo":{"@type":"ImageObject","inLanguage":"pt-BR","@id":"https:\/\/miradouronoticias.com\/site\/#\/schema\/logo\/image\/","url":"https:\/\/miradouronoticias.com\/site\/wp-content\/uploads\/2022\/01\/logomarcamiradouronoticias.png","contentUrl":"https:\/\/miradouronoticias.com\/site\/wp-content\/uploads\/2022\/01\/logomarcamiradouronoticias.png","width":747,"height":263,"caption":"Miradouro Not\u00edcias"},"image":{"@id":"https:\/\/miradouronoticias.com\/site\/#\/schema\/logo\/image\/"}},{"@type":"Person","@id":"https:\/\/miradouronoticias.com\/site\/#\/schema\/person\/73440d8c82222950df86f3e1a16aad3b","name":"Cl\u00e1udia Olyver","sameAs":["http:\/\/www.miradouronoticias.com"],"url":"https:\/\/miradouronoticias.com\/site\/author\/claudia\/"}]}},"_links":{"self":[{"href":"https:\/\/miradouronoticias.com\/site\/wp-json\/wp\/v2\/posts\/33846","targetHints":{"allow":["GET"]}}],"collection":[{"href":"https:\/\/miradouronoticias.com\/site\/wp-json\/wp\/v2\/posts"}],"about":[{"href":"https:\/\/miradouronoticias.com\/site\/wp-json\/wp\/v2\/types\/post"}],"author":[{"embeddable":true,"href":"https:\/\/miradouronoticias.com\/site\/wp-json\/wp\/v2\/users\/4"}],"replies":[{"embeddable":true,"href":"https:\/\/miradouronoticias.com\/site\/wp-json\/wp\/v2\/comments?post=33846"}],"version-history":[{"count":1,"href":"https:\/\/miradouronoticias.com\/site\/wp-json\/wp\/v2\/posts\/33846\/revisions"}],"predecessor-version":[{"id":33848,"href":"https:\/\/miradouronoticias.com\/site\/wp-json\/wp\/v2\/posts\/33846\/revisions\/33848"}],"wp:featuredmedia":[{"embeddable":true,"href":"https:\/\/miradouronoticias.com\/site\/wp-json\/wp\/v2\/media\/33847"}],"wp:attachment":[{"href":"https:\/\/miradouronoticias.com\/site\/wp-json\/wp\/v2\/media?parent=33846"}],"wp:term":[{"taxonomy":"category","embeddable":true,"href":"https:\/\/miradouronoticias.com\/site\/wp-json\/wp\/v2\/categories?post=33846"},{"taxonomy":"post_tag","embeddable":true,"href":"https:\/\/miradouronoticias.com\/site\/wp-json\/wp\/v2\/tags?post=33846"}],"curies":[{"name":"wp","href":"https:\/\/api.w.org\/{rel}","templated":true}]}}