{"id":33832,"date":"2026-09-02T05:29:49","date_gmt":"2026-09-02T08:29:49","guid":{"rendered":"https:\/\/miradouronoticias.com\/site\/?p=33832"},"modified":"2026-09-02T05:29:49","modified_gmt":"2026-09-02T08:29:49","slug":"consulta-para-novo-catalogo-de-cursos-tecnicos-do-mec-termina-amanha","status":"publish","type":"post","link":"https:\/\/miradouronoticias.com\/site\/2026\/09\/02\/consulta-para-novo-catalogo-de-cursos-tecnicos-do-mec-termina-amanha\/","title":{"rendered":"Consulta para novo Cat\u00e1logo de Cursos T\u00e9cnicos do MEC termina amanh\u00e3"},"content":{"rendered":"<p><img loading=\"lazy\" decoding=\"async\" class=\"alignnone size-medium wp-image-33833\" src=\"https:\/\/miradouronoticias.com\/site\/wp-content\/uploads\/2026\/09\/tmazs_abr_1008183055-300x179.webp\" alt=\"\" width=\"300\" height=\"179\" srcset=\"https:\/\/miradouronoticias.com\/site\/wp-content\/uploads\/2026\/09\/tmazs_abr_1008183055-300x179.webp 300w, https:\/\/miradouronoticias.com\/site\/wp-content\/uploads\/2026\/09\/tmazs_abr_1008183055-1024x613.webp 1024w, https:\/\/miradouronoticias.com\/site\/wp-content\/uploads\/2026\/09\/tmazs_abr_1008183055-768x459.webp 768w, https:\/\/miradouronoticias.com\/site\/wp-content\/uploads\/2026\/09\/tmazs_abr_1008183055.webp 1170w\" sizes=\"auto, (max-width: 300px) 100vw, 300px\" \/><\/p>\n<p>Estudantes, professores, gestores p\u00fablicos, a sociedade civil em geral, al\u00e9m de institui\u00e7\u00f5es de ensino, sindicatos e conselhos profissionais podem contribuir at\u00e9\u00a0as 23h59 desta quarta-feira (2) na elabora\u00e7\u00e3o da vers\u00e3o preliminar da 5\u00aa edi\u00e7\u00e3o do Cat\u00e1logo Nacional de Cursos T\u00e9cnicos (CNCT) do Minist\u00e9rio da Educa\u00e7\u00e3o (MEC).<img decoding=\"async\" src=\"https:\/\/agenciabrasil.ebc.com.br\/ebc.png?id=1701275&amp;o=node\" \/><img decoding=\"async\" src=\"https:\/\/agenciabrasil.ebc.com.br\/ebc.gif?id=1701275&amp;o=node\" \/><\/p>\n<p>A proposta de consulta p\u00fablica contempla a revis\u00e3o e a atualiza\u00e7\u00e3o de 197 cursos t\u00e9cnicos, distribu\u00eddos em 13 eixos tecnol\u00f3gicos.<\/p>\n<p>Para enviar as sugest\u00f5es, os interessados devem acessar a\u00a0<a href=\"https:\/\/brasilparticipativo.presidencia.gov.br\/processes\/cnct%C2%A0\" target=\"_blank\" rel=\"noopener\">Plataforma Brasil Participativo<\/a>.<\/p>\n<p>Ap\u00f3s o envio da participa\u00e7\u00e3o social, ser\u00e1 automaticamente gerado um n\u00famero de protocolo, que ser\u00e1 encaminhado ao e-mail informado no formul\u00e1rio online.<\/p>\n<h2>Cat\u00e1logo<\/h2>\n<p><strong>O Cat\u00e1logo Nacional de Cursos T\u00e9cnicos (CNCT), vigente desde 2020, \u00e9 refer\u00eancia da educa\u00e7\u00e3o t\u00e9cnica de n\u00edvel m\u00e9dio no pa\u00eds.\u00a0<\/strong><\/p>\n<p>O material orienta institui\u00e7\u00f5es de ensino na organiza\u00e7\u00e3o e oferta de cursos t\u00e9cnicos, itiner\u00e1rios formativos para as redes de ensino.<\/p>\n<p>O material tamb\u00e9m serve para informar os estudantes sobre perfis profissionais e possibilidades de atua\u00e7\u00e3o no mundo do trabalho com o objetivo de ajud\u00e1-los na escolha de suas forma\u00e7\u00f5es e futuras carreiras.<\/p>\n<p>Para o setor produtivo, serve de par\u00e2metro na sele\u00e7\u00e3o de profissionais qualificados.<\/p>\n<p>A atualiza\u00e7\u00e3o do documento busca adequar a forma\u00e7\u00e3o educacional \u00e0s transforma\u00e7\u00f5es tecnol\u00f3gicas, \u00e0s novas demandas do mundo do trabalho e \u00e0s altera\u00e7\u00f5es normativas recentes na legisla\u00e7\u00e3o educacional, como as diretrizes estabelecidas na Lei de Diretrizes e Bases da Educa\u00e7\u00e3o Nacional (LDB) e na Pol\u00edtica Nacional de Educa\u00e7\u00e3o<\/p>\n<p>Profissional e Tecnol\u00f3gica (PNEPT).<\/p>\n<p>By: miradouronoticias.com.br\/ ag\u00eancia Brasil<\/p>\n","protected":false},"excerpt":{"rendered":"<p>Estudantes, professores, gestores p\u00fablicos, a sociedade civil em geral, al\u00e9m de institui\u00e7\u00f5es de ensino, sindicatos e conselhos profissionais podem contribuir at\u00e9\u00a0as 23h59 desta quarta-feira (2) na elabora\u00e7\u00e3o da vers\u00e3o preliminar da 5\u00aa edi\u00e7\u00e3o do Cat\u00e1logo Nacional de Cursos T\u00e9cnicos (CNCT) do Minist\u00e9rio da Educa\u00e7\u00e3o (MEC). A proposta de consulta p\u00fablica contempla a revis\u00e3o e a [&hellip;]<\/p>\n","protected":false},"author":4,"featured_media":33833,"comment_status":"open","ping_status":"closed","sticky":false,"template":"","format":"standard","meta":{"footnotes":""},"categories":[1,29],"tags":[],"class_list":["post-33832","post","type-post","status-publish","format-standard","has-post-thumbnail","hentry","category-destaque-principal","category-economia"],"yoast_head":"<!-- This site is optimized with the Yoast SEO plugin v27.9 - https:\/\/yoast.com\/product\/yoast-seo-wordpress\/ -->\n<title>Consulta para novo Cat\u00e1logo de Cursos T\u00e9cnicos do MEC termina amanh\u00e3 - Miradouro Not\u00edcias<\/title>\n<meta name=\"robots\" content=\"index, follow, max-snippet:-1, max-image-preview:large, max-video-preview:-1\" \/>\n<link rel=\"canonical\" href=\"https:\/\/miradouronoticias.com\/site\/2026\/09\/02\/consulta-para-novo-catalogo-de-cursos-tecnicos-do-mec-termina-amanha\/\" \/>\n<meta property=\"og:locale\" content=\"pt_BR\" \/>\n<meta property=\"og:type\" content=\"article\" \/>\n<meta property=\"og:title\" content=\"Consulta para novo Cat\u00e1logo de Cursos T\u00e9cnicos do MEC termina amanh\u00e3 - Miradouro Not\u00edcias\" \/>\n<meta property=\"og:description\" content=\"Estudantes, professores, gestores p\u00fablicos, a sociedade civil em geral, al\u00e9m de institui\u00e7\u00f5es de ensino, sindicatos e conselhos profissionais podem contribuir at\u00e9\u00a0as 23h59 desta quarta-feira (2) na elabora\u00e7\u00e3o da vers\u00e3o preliminar da 5\u00aa edi\u00e7\u00e3o do Cat\u00e1logo Nacional de Cursos T\u00e9cnicos (CNCT) do Minist\u00e9rio da Educa\u00e7\u00e3o (MEC). A proposta de consulta p\u00fablica contempla a revis\u00e3o e a [&hellip;]\" \/>\n<meta property=\"og:url\" content=\"https:\/\/miradouronoticias.com\/site\/2026\/09\/02\/consulta-para-novo-catalogo-de-cursos-tecnicos-do-mec-termina-amanha\/\" \/>\n<meta property=\"og:site_name\" content=\"Miradouro Not\u00edcias\" \/>\n<meta property=\"article:published_time\" content=\"2026-09-02T08:29:49+00:00\" \/>\n<meta property=\"og:image\" content=\"https:\/\/miradouronoticias.com\/site\/wp-content\/uploads\/2026\/09\/tmazs_abr_1008183055.webp\" \/>\n\t<meta property=\"og:image:width\" content=\"1170\" \/>\n\t<meta property=\"og:image:height\" content=\"700\" \/>\n\t<meta property=\"og:image:type\" content=\"image\/webp\" \/>\n<meta name=\"author\" content=\"Cl\u00e1udia Olyver\" \/>\n<meta name=\"twitter:card\" content=\"summary_large_image\" \/>\n<meta name=\"twitter:label1\" content=\"Escrito por\" \/>\n\t<meta name=\"twitter:data1\" content=\"Cl\u00e1udia Olyver\" \/>\n\t<meta name=\"twitter:label2\" content=\"Est. tempo de leitura\" \/>\n\t<meta name=\"twitter:data2\" content=\"3 minutos\" \/>\n<script type=\"application\/ld+json\" class=\"yoast-schema-graph\">{\"@context\":\"https:\\\/\\\/schema.org\",\"@graph\":[{\"@type\":\"Article\",\"@id\":\"https:\\\/\\\/miradouronoticias.com\\\/site\\\/2026\\\/09\\\/02\\\/consulta-para-novo-catalogo-de-cursos-tecnicos-do-mec-termina-amanha\\\/#article\",\"isPartOf\":{\"@id\":\"https:\\\/\\\/miradouronoticias.com\\\/site\\\/2026\\\/09\\\/02\\\/consulta-para-novo-catalogo-de-cursos-tecnicos-do-mec-termina-amanha\\\/\"},\"author\":{\"name\":\"Cl\u00e1udia Olyver\",\"@id\":\"https:\\\/\\\/miradouronoticias.com\\\/site\\\/#\\\/schema\\\/person\\\/73440d8c82222950df86f3e1a16aad3b\"},\"headline\":\"Consulta para novo Cat\u00e1logo de Cursos T\u00e9cnicos do MEC termina amanh\u00e3\",\"datePublished\":\"2026-09-02T08:29:49+00:00\",\"mainEntityOfPage\":{\"@id\":\"https:\\\/\\\/miradouronoticias.com\\\/site\\\/2026\\\/09\\\/02\\\/consulta-para-novo-catalogo-de-cursos-tecnicos-do-mec-termina-amanha\\\/\"},\"wordCount\":300,\"commentCount\":0,\"publisher\":{\"@id\":\"https:\\\/\\\/miradouronoticias.com\\\/site\\\/#organization\"},\"image\":{\"@id\":\"https:\\\/\\\/miradouronoticias.com\\\/site\\\/2026\\\/09\\\/02\\\/consulta-para-novo-catalogo-de-cursos-tecnicos-do-mec-termina-amanha\\\/#primaryimage\"},\"thumbnailUrl\":\"https:\\\/\\\/miradouronoticias.com\\\/site\\\/wp-content\\\/uploads\\\/2026\\\/09\\\/tmazs_abr_1008183055.webp\",\"articleSection\":[\"Destaque Principal\",\"Economia\"],\"inLanguage\":\"pt-BR\",\"potentialAction\":[{\"@type\":\"CommentAction\",\"name\":\"Comment\",\"target\":[\"https:\\\/\\\/miradouronoticias.com\\\/site\\\/2026\\\/09\\\/02\\\/consulta-para-novo-catalogo-de-cursos-tecnicos-do-mec-termina-amanha\\\/#respond\"]}]},{\"@type\":\"WebPage\",\"@id\":\"https:\\\/\\\/miradouronoticias.com\\\/site\\\/2026\\\/09\\\/02\\\/consulta-para-novo-catalogo-de-cursos-tecnicos-do-mec-termina-amanha\\\/\",\"url\":\"https:\\\/\\\/miradouronoticias.com\\\/site\\\/2026\\\/09\\\/02\\\/consulta-para-novo-catalogo-de-cursos-tecnicos-do-mec-termina-amanha\\\/\",\"name\":\"Consulta para novo Cat\u00e1logo de Cursos T\u00e9cnicos do MEC termina amanh\u00e3 - Miradouro Not\u00edcias\",\"isPartOf\":{\"@id\":\"https:\\\/\\\/miradouronoticias.com\\\/site\\\/#website\"},\"primaryImageOfPage\":{\"@id\":\"https:\\\/\\\/miradouronoticias.com\\\/site\\\/2026\\\/09\\\/02\\\/consulta-para-novo-catalogo-de-cursos-tecnicos-do-mec-termina-amanha\\\/#primaryimage\"},\"image\":{\"@id\":\"https:\\\/\\\/miradouronoticias.com\\\/site\\\/2026\\\/09\\\/02\\\/consulta-para-novo-catalogo-de-cursos-tecnicos-do-mec-termina-amanha\\\/#primaryimage\"},\"thumbnailUrl\":\"https:\\\/\\\/miradouronoticias.com\\\/site\\\/wp-content\\\/uploads\\\/2026\\\/09\\\/tmazs_abr_1008183055.webp\",\"datePublished\":\"2026-09-02T08:29:49+00:00\",\"breadcrumb\":{\"@id\":\"https:\\\/\\\/miradouronoticias.com\\\/site\\\/2026\\\/09\\\/02\\\/consulta-para-novo-catalogo-de-cursos-tecnicos-do-mec-termina-amanha\\\/#breadcrumb\"},\"inLanguage\":\"pt-BR\",\"potentialAction\":[{\"@type\":\"ReadAction\",\"target\":[\"https:\\\/\\\/miradouronoticias.com\\\/site\\\/2026\\\/09\\\/02\\\/consulta-para-novo-catalogo-de-cursos-tecnicos-do-mec-termina-amanha\\\/\"]}]},{\"@type\":\"ImageObject\",\"inLanguage\":\"pt-BR\",\"@id\":\"https:\\\/\\\/miradouronoticias.com\\\/site\\\/2026\\\/09\\\/02\\\/consulta-para-novo-catalogo-de-cursos-tecnicos-do-mec-termina-amanha\\\/#primaryimage\",\"url\":\"https:\\\/\\\/miradouronoticias.com\\\/site\\\/wp-content\\\/uploads\\\/2026\\\/09\\\/tmazs_abr_1008183055.webp\",\"contentUrl\":\"https:\\\/\\\/miradouronoticias.com\\\/site\\\/wp-content\\\/uploads\\\/2026\\\/09\\\/tmazs_abr_1008183055.webp\",\"width\":1170,\"height\":700},{\"@type\":\"BreadcrumbList\",\"@id\":\"https:\\\/\\\/miradouronoticias.com\\\/site\\\/2026\\\/09\\\/02\\\/consulta-para-novo-catalogo-de-cursos-tecnicos-do-mec-termina-amanha\\\/#breadcrumb\",\"itemListElement\":[{\"@type\":\"ListItem\",\"position\":1,\"name\":\"In\u00edcio\",\"item\":\"https:\\\/\\\/miradouronoticias.com\\\/site\\\/\"},{\"@type\":\"ListItem\",\"position\":2,\"name\":\"Consulta para novo Cat\u00e1logo de Cursos T\u00e9cnicos do MEC termina amanh\u00e3\"}]},{\"@type\":\"WebSite\",\"@id\":\"https:\\\/\\\/miradouronoticias.com\\\/site\\\/#website\",\"url\":\"https:\\\/\\\/miradouronoticias.com\\\/site\\\/\",\"name\":\"Miradouro Not\u00edcias\",\"description\":\"Informa\u00e7\u00f5es da cidade e regi\u00e3o\",\"publisher\":{\"@id\":\"https:\\\/\\\/miradouronoticias.com\\\/site\\\/#organization\"},\"potentialAction\":[{\"@type\":\"SearchAction\",\"target\":{\"@type\":\"EntryPoint\",\"urlTemplate\":\"https:\\\/\\\/miradouronoticias.com\\\/site\\\/?s={search_term_string}\"},\"query-input\":{\"@type\":\"PropertyValueSpecification\",\"valueRequired\":true,\"valueName\":\"search_term_string\"}}],\"inLanguage\":\"pt-BR\"},{\"@type\":\"Organization\",\"@id\":\"https:\\\/\\\/miradouronoticias.com\\\/site\\\/#organization\",\"name\":\"Miradouro Not\u00edcias\",\"url\":\"https:\\\/\\\/miradouronoticias.com\\\/site\\\/\",\"logo\":{\"@type\":\"ImageObject\",\"inLanguage\":\"pt-BR\",\"@id\":\"https:\\\/\\\/miradouronoticias.com\\\/site\\\/#\\\/schema\\\/logo\\\/image\\\/\",\"url\":\"https:\\\/\\\/miradouronoticias.com\\\/site\\\/wp-content\\\/uploads\\\/2022\\\/01\\\/logomarcamiradouronoticias.png\",\"contentUrl\":\"https:\\\/\\\/miradouronoticias.com\\\/site\\\/wp-content\\\/uploads\\\/2022\\\/01\\\/logomarcamiradouronoticias.png\",\"width\":747,\"height\":263,\"caption\":\"Miradouro Not\u00edcias\"},\"image\":{\"@id\":\"https:\\\/\\\/miradouronoticias.com\\\/site\\\/#\\\/schema\\\/logo\\\/image\\\/\"}},{\"@type\":\"Person\",\"@id\":\"https:\\\/\\\/miradouronoticias.com\\\/site\\\/#\\\/schema\\\/person\\\/73440d8c82222950df86f3e1a16aad3b\",\"name\":\"Cl\u00e1udia Olyver\",\"sameAs\":[\"http:\\\/\\\/www.miradouronoticias.com\"],\"url\":\"https:\\\/\\\/miradouronoticias.com\\\/site\\\/author\\\/claudia\\\/\"}]}<\/script>\n<!-- \/ Yoast SEO plugin. -->","yoast_head_json":{"title":"Consulta para novo Cat\u00e1logo de Cursos T\u00e9cnicos do MEC termina amanh\u00e3 - Miradouro Not\u00edcias","robots":{"index":"index","follow":"follow","max-snippet":"max-snippet:-1","max-image-preview":"max-image-preview:large","max-video-preview":"max-video-preview:-1"},"canonical":"https:\/\/miradouronoticias.com\/site\/2026\/09\/02\/consulta-para-novo-catalogo-de-cursos-tecnicos-do-mec-termina-amanha\/","og_locale":"pt_BR","og_type":"article","og_title":"Consulta para novo Cat\u00e1logo de Cursos T\u00e9cnicos do MEC termina amanh\u00e3 - Miradouro Not\u00edcias","og_description":"Estudantes, professores, gestores p\u00fablicos, a sociedade civil em geral, al\u00e9m de institui\u00e7\u00f5es de ensino, sindicatos e conselhos profissionais podem contribuir at\u00e9\u00a0as 23h59 desta quarta-feira (2) na elabora\u00e7\u00e3o da vers\u00e3o preliminar da 5\u00aa edi\u00e7\u00e3o do Cat\u00e1logo Nacional de Cursos T\u00e9cnicos (CNCT) do Minist\u00e9rio da Educa\u00e7\u00e3o (MEC). A proposta de consulta p\u00fablica contempla a revis\u00e3o e a [&hellip;]","og_url":"https:\/\/miradouronoticias.com\/site\/2026\/09\/02\/consulta-para-novo-catalogo-de-cursos-tecnicos-do-mec-termina-amanha\/","og_site_name":"Miradouro Not\u00edcias","article_published_time":"2026-09-02T08:29:49+00:00","og_image":[{"width":1170,"height":700,"url":"https:\/\/miradouronoticias.com\/site\/wp-content\/uploads\/2026\/09\/tmazs_abr_1008183055.webp","type":"image\/webp"}],"author":"Cl\u00e1udia Olyver","twitter_card":"summary_large_image","twitter_misc":{"Escrito por":"Cl\u00e1udia Olyver","Est. tempo de leitura":"3 minutos"},"schema":{"@context":"https:\/\/schema.org","@graph":[{"@type":"Article","@id":"https:\/\/miradouronoticias.com\/site\/2026\/09\/02\/consulta-para-novo-catalogo-de-cursos-tecnicos-do-mec-termina-amanha\/#article","isPartOf":{"@id":"https:\/\/miradouronoticias.com\/site\/2026\/09\/02\/consulta-para-novo-catalogo-de-cursos-tecnicos-do-mec-termina-amanha\/"},"author":{"name":"Cl\u00e1udia Olyver","@id":"https:\/\/miradouronoticias.com\/site\/#\/schema\/person\/73440d8c82222950df86f3e1a16aad3b"},"headline":"Consulta para novo Cat\u00e1logo de Cursos T\u00e9cnicos do MEC termina amanh\u00e3","datePublished":"2026-09-02T08:29:49+00:00","mainEntityOfPage":{"@id":"https:\/\/miradouronoticias.com\/site\/2026\/09\/02\/consulta-para-novo-catalogo-de-cursos-tecnicos-do-mec-termina-amanha\/"},"wordCount":300,"commentCount":0,"publisher":{"@id":"https:\/\/miradouronoticias.com\/site\/#organization"},"image":{"@id":"https:\/\/miradouronoticias.com\/site\/2026\/09\/02\/consulta-para-novo-catalogo-de-cursos-tecnicos-do-mec-termina-amanha\/#primaryimage"},"thumbnailUrl":"https:\/\/miradouronoticias.com\/site\/wp-content\/uploads\/2026\/09\/tmazs_abr_1008183055.webp","articleSection":["Destaque Principal","Economia"],"inLanguage":"pt-BR","potentialAction":[{"@type":"CommentAction","name":"Comment","target":["https:\/\/miradouronoticias.com\/site\/2026\/09\/02\/consulta-para-novo-catalogo-de-cursos-tecnicos-do-mec-termina-amanha\/#respond"]}]},{"@type":"WebPage","@id":"https:\/\/miradouronoticias.com\/site\/2026\/09\/02\/consulta-para-novo-catalogo-de-cursos-tecnicos-do-mec-termina-amanha\/","url":"https:\/\/miradouronoticias.com\/site\/2026\/09\/02\/consulta-para-novo-catalogo-de-cursos-tecnicos-do-mec-termina-amanha\/","name":"Consulta para novo Cat\u00e1logo de Cursos T\u00e9cnicos do MEC termina amanh\u00e3 - Miradouro Not\u00edcias","isPartOf":{"@id":"https:\/\/miradouronoticias.com\/site\/#website"},"primaryImageOfPage":{"@id":"https:\/\/miradouronoticias.com\/site\/2026\/09\/02\/consulta-para-novo-catalogo-de-cursos-tecnicos-do-mec-termina-amanha\/#primaryimage"},"image":{"@id":"https:\/\/miradouronoticias.com\/site\/2026\/09\/02\/consulta-para-novo-catalogo-de-cursos-tecnicos-do-mec-termina-amanha\/#primaryimage"},"thumbnailUrl":"https:\/\/miradouronoticias.com\/site\/wp-content\/uploads\/2026\/09\/tmazs_abr_1008183055.webp","datePublished":"2026-09-02T08:29:49+00:00","breadcrumb":{"@id":"https:\/\/miradouronoticias.com\/site\/2026\/09\/02\/consulta-para-novo-catalogo-de-cursos-tecnicos-do-mec-termina-amanha\/#breadcrumb"},"inLanguage":"pt-BR","potentialAction":[{"@type":"ReadAction","target":["https:\/\/miradouronoticias.com\/site\/2026\/09\/02\/consulta-para-novo-catalogo-de-cursos-tecnicos-do-mec-termina-amanha\/"]}]},{"@type":"ImageObject","inLanguage":"pt-BR","@id":"https:\/\/miradouronoticias.com\/site\/2026\/09\/02\/consulta-para-novo-catalogo-de-cursos-tecnicos-do-mec-termina-amanha\/#primaryimage","url":"https:\/\/miradouronoticias.com\/site\/wp-content\/uploads\/2026\/09\/tmazs_abr_1008183055.webp","contentUrl":"https:\/\/miradouronoticias.com\/site\/wp-content\/uploads\/2026\/09\/tmazs_abr_1008183055.webp","width":1170,"height":700},{"@type":"BreadcrumbList","@id":"https:\/\/miradouronoticias.com\/site\/2026\/09\/02\/consulta-para-novo-catalogo-de-cursos-tecnicos-do-mec-termina-amanha\/#breadcrumb","itemListElement":[{"@type":"ListItem","position":1,"name":"In\u00edcio","item":"https:\/\/miradouronoticias.com\/site\/"},{"@type":"ListItem","position":2,"name":"Consulta para novo Cat\u00e1logo de Cursos T\u00e9cnicos do MEC termina amanh\u00e3"}]},{"@type":"WebSite","@id":"https:\/\/miradouronoticias.com\/site\/#website","url":"https:\/\/miradouronoticias.com\/site\/","name":"Miradouro Not\u00edcias","description":"Informa\u00e7\u00f5es da cidade e regi\u00e3o","publisher":{"@id":"https:\/\/miradouronoticias.com\/site\/#organization"},"potentialAction":[{"@type":"SearchAction","target":{"@type":"EntryPoint","urlTemplate":"https:\/\/miradouronoticias.com\/site\/?s={search_term_string}"},"query-input":{"@type":"PropertyValueSpecification","valueRequired":true,"valueName":"search_term_string"}}],"inLanguage":"pt-BR"},{"@type":"Organization","@id":"https:\/\/miradouronoticias.com\/site\/#organization","name":"Miradouro Not\u00edcias","url":"https:\/\/miradouronoticias.com\/site\/","logo":{"@type":"ImageObject","inLanguage":"pt-BR","@id":"https:\/\/miradouronoticias.com\/site\/#\/schema\/logo\/image\/","url":"https:\/\/miradouronoticias.com\/site\/wp-content\/uploads\/2022\/01\/logomarcamiradouronoticias.png","contentUrl":"https:\/\/miradouronoticias.com\/site\/wp-content\/uploads\/2022\/01\/logomarcamiradouronoticias.png","width":747,"height":263,"caption":"Miradouro Not\u00edcias"},"image":{"@id":"https:\/\/miradouronoticias.com\/site\/#\/schema\/logo\/image\/"}},{"@type":"Person","@id":"https:\/\/miradouronoticias.com\/site\/#\/schema\/person\/73440d8c82222950df86f3e1a16aad3b","name":"Cl\u00e1udia Olyver","sameAs":["http:\/\/www.miradouronoticias.com"],"url":"https:\/\/miradouronoticias.com\/site\/author\/claudia\/"}]}},"_links":{"self":[{"href":"https:\/\/miradouronoticias.com\/site\/wp-json\/wp\/v2\/posts\/33832","targetHints":{"allow":["GET"]}}],"collection":[{"href":"https:\/\/miradouronoticias.com\/site\/wp-json\/wp\/v2\/posts"}],"about":[{"href":"https:\/\/miradouronoticias.com\/site\/wp-json\/wp\/v2\/types\/post"}],"author":[{"embeddable":true,"href":"https:\/\/miradouronoticias.com\/site\/wp-json\/wp\/v2\/users\/4"}],"replies":[{"embeddable":true,"href":"https:\/\/miradouronoticias.com\/site\/wp-json\/wp\/v2\/comments?post=33832"}],"version-history":[{"count":1,"href":"https:\/\/miradouronoticias.com\/site\/wp-json\/wp\/v2\/posts\/33832\/revisions"}],"predecessor-version":[{"id":33834,"href":"https:\/\/miradouronoticias.com\/site\/wp-json\/wp\/v2\/posts\/33832\/revisions\/33834"}],"wp:featuredmedia":[{"embeddable":true,"href":"https:\/\/miradouronoticias.com\/site\/wp-json\/wp\/v2\/media\/33833"}],"wp:attachment":[{"href":"https:\/\/miradouronoticias.com\/site\/wp-json\/wp\/v2\/media?parent=33832"}],"wp:term":[{"taxonomy":"category","embeddable":true,"href":"https:\/\/miradouronoticias.com\/site\/wp-json\/wp\/v2\/categories?post=33832"},{"taxonomy":"post_tag","embeddable":true,"href":"https:\/\/miradouronoticias.com\/site\/wp-json\/wp\/v2\/tags?post=33832"}],"curies":[{"name":"wp","href":"https:\/\/api.w.org\/{rel}","templated":true}]}}