{"id":33826,"date":"2026-09-01T16:34:17","date_gmt":"2026-09-01T19:34:17","guid":{"rendered":"https:\/\/miradouronoticias.com\/site\/?p=33826"},"modified":"2026-09-01T16:34:17","modified_gmt":"2026-09-01T19:34:17","slug":"pib-brasileiro-tem-5o-maior-crescimento-no-segundo-trimestre","status":"publish","type":"post","link":"https:\/\/miradouronoticias.com\/site\/2026\/09\/01\/pib-brasileiro-tem-5o-maior-crescimento-no-segundo-trimestre\/","title":{"rendered":"PIB brasileiro tem 5\u00ba maior crescimento no segundo trimestre"},"content":{"rendered":"<p><img loading=\"lazy\" decoding=\"async\" class=\"alignnone size-medium wp-image-33827\" src=\"https:\/\/miradouronoticias.com\/site\/wp-content\/uploads\/2026\/09\/volkswagen_fabrica-300x179.webp\" alt=\"\" width=\"300\" height=\"179\" srcset=\"https:\/\/miradouronoticias.com\/site\/wp-content\/uploads\/2026\/09\/volkswagen_fabrica-300x179.webp 300w, https:\/\/miradouronoticias.com\/site\/wp-content\/uploads\/2026\/09\/volkswagen_fabrica-1024x613.webp 1024w, https:\/\/miradouronoticias.com\/site\/wp-content\/uploads\/2026\/09\/volkswagen_fabrica-768x459.webp 768w, https:\/\/miradouronoticias.com\/site\/wp-content\/uploads\/2026\/09\/volkswagen_fabrica.webp 1170w\" sizes=\"auto, (max-width: 300px) 100vw, 300px\" \/><\/p>\n<header id=\"header-site\" class=\"header-site full-width rel-position\">\n<div class=\"header-veiculo full-width\">\n<aside id=\"nav-menu-mobile\" class=\"nav-menu-mobile\">&nbsp;<\/p>\n<\/aside>\n<\/div>\n<div class=\"header-editorias rowflex full-width\"><\/div>\n<\/header>\n<p><main class=\"main-site\"><\/p>\n<div class=\"region region-content\">\n<div id=\"block-system-main\" class=\"block block-system\">\n<div class=\"content\">\n<div id=\"panel\" class=\"container-noticia rel-position\">\n<div id=\"node-1701259\" class=\"node node-conteudo clearfix\">\n<div class=\"conteudo-noticia\">\n<p>O\u00a0<a href=\"https:\/\/agenciabrasil.ebc.com.br\/economia\/noticia\/2026-09\/pib-do-brasil-cresce-05-no-segundo-trimestre-mostra-ibge\" target=\"_blank\" rel=\"noopener\">crescimento de 0,5%<\/a>\u00a0da economia brasileira na passagem do primeiro para o segundo trimestre de 2026 coloca o pa\u00eds como dono da quinta maior alta do Produto Interno Bruto (PIB, conjunto de bens e servi\u00e7os produzidos no pa\u00eds) nessa compara\u00e7\u00e3o entre trimestres imediatamente seguidos, \u00e0 frente de pa\u00edses como Estados Unidos e China.<img decoding=\"async\" src=\"https:\/\/agenciabrasil.ebc.com.br\/ebc.png?id=1701259&amp;o=node\" \/><img decoding=\"async\" src=\"https:\/\/agenciabrasil.ebc.com.br\/ebc.gif?id=1701259&amp;o=node\" \/><\/p>\n<p><strong>O ranqueamento foi divulgado pela ag\u00eancia classificadora de risco de cr\u00e9dito Austin Rating, com dados do Fundo Monet\u00e1rio Internacional (FMI), \u00f3rg\u00e3o ligado \u00e0s Na\u00e7\u00f5es Unidas.<\/strong><\/p>\n<p>O ranking leva em considera\u00e7\u00e3o 50 pa\u00edses que j\u00e1 divulgaram o resultado do PIB do segundo trimestre. O topo \u00e9 ocupado pela Irlanda, com expans\u00e3o de 1%.<\/p>\n<p><strong>Al\u00e9m de figurar na quinta posi\u00e7\u00e3o, o Brasil apresenta desempenho superior \u00e0 m\u00e9dia dos pa\u00edses (0,2%), dos pa\u00edses da Zona do Euro (0,1%) e do G7 (Alemanha, Canad\u00e1, Estados Unidos, Fran\u00e7a, It\u00e1lia, Jap\u00e3o e Reino Unido).<\/strong><\/p>\n<p>De acordo com\u00a0<a href=\"https:\/\/www.gov.br\/fazenda\/pt-br\/assuntos\/politica-macroeconomica\/analise-estudos-e-projecoes-macroeconomicas\/analise-estudos-projecoes-macroeconomicas\" target=\"_blank\" rel=\"noopener\">boletim da Secretaria de Pol\u00edtica Econ\u00f4mica<\/a>\u00a0(SPE) do Minist\u00e9rio da Fazenda, a varia\u00e7\u00e3o positiva do PIB no segundo trimestre veio acima das expectativas de mercado, que acreditava em alta de 0,4%.<\/p>\n<p><strong>Confira os 20 pa\u00edses mais bem colocados no ranking de crescimento de PIB no segundo trimestre:<\/strong><\/p>\n<p>Irlanda: 1%<\/p>\n<p>Indon\u00e9sia: 0,9%<\/p>\n<p>Angola: 0,7%<\/p>\n<p>Mal\u00e1sia: 0,6%<\/p>\n<p>Brasil: 0,5%<\/p>\n<p>Eslov\u00eania: 0,4%<\/p>\n<p>Litu\u00e2nia: 0,4%<\/p>\n<p>Su\u00e9cia: 0,4%<\/p>\n<p>Estados Unidos: 0,4%<\/p>\n<p>S\u00e9rvia: 0,4%<\/p>\n<p>Su\u00ed\u00e7a: 0,4%<\/p>\n<p>Singapura: 0,3%<\/p>\n<p>M\u00e9xico: 0,3%<\/p>\n<p>Tun\u00edsia: 0,3%<\/p>\n<p>Taiwan: 0,3%<\/p>\n<p>Col\u00f4mbia: 0,3%<\/p>\n<p>Turquia: 0,3%<\/p>\n<p>Pol\u00f4nia: 0,2%<\/p>\n<p>China: 0,2%<\/p>\n<p><strong>Canad\u00e1: 0,2%<\/strong><\/p>\n<h2>Maiores economias<\/h2>\n<p><strong>O PIB ajuda a compreender a realidade de um pa\u00eds, mas n\u00e3o expressa fatores como distribui\u00e7\u00e3o de renda e condi\u00e7\u00e3o de vida<\/strong>. \u00c9 poss\u00edvel, por exemplo, um pa\u00eds ter PIB alto e padr\u00e3o de vida relativamente baixo, assim como pode haver na\u00e7\u00e3o com PIB baixo e alt\u00edssima qualidade de vida.<\/p>\n<p><strong>A Austin Rating compara tamb\u00e9m os pa\u00edses por tamanho do PIB. O Brasil era a 11\u00aa maior economia em 2025. Em 2026, subiu para a d\u00e9cima posi\u00e7\u00e3o. A proje\u00e7\u00e3o \u00e9 que ultrapasse a R\u00fassia e alcance o nono lugar em 2027.<\/strong><\/p>\n<h2>Veja o tamanho das 15 maiores economias do mundo<\/h2>\n<p>1\u00ba Estados Unidos: US$ 32,38 tri<\/p>\n<p>2\u00ba China: US$ 20,85 tri<\/p>\n<p>3\u00ba Alemanha: US$ 5,45 tri<\/p>\n<p>4\u00ba Jap\u00e3o: US$ 4,38 tri<\/p>\n<p>5\u00ba Reino Unido: US$ 4,26 tri<\/p>\n<p>6\u00ba \u00cdndia: US$ 4,15 tri<\/p>\n<p>7\u00ba Fran\u00e7a: US$ 3,60 tri<\/p>\n<p>8\u00ba It\u00e1lia: US$ 2,74 tri<\/p>\n<p>9\u00ba R\u00fassia: US$ 2,66 tri<\/p>\n<p>10\u00ba Brasil: US$ 2,64 tri<\/p>\n<p>11\u00ba Canad\u00e1: US$ 2,51 tri<\/p>\n<p>12\u00ba Austr\u00e1lia: US$ 2,12 tri<\/p>\n<p>13\u00ba M\u00e9xico: US$ 2,12 tri<\/p>\n<p>14\u00ba Espanha: US$ 2,09 tri<\/p>\n<p>15\u00ba Coreia: US$ 1,93 tri<\/p>\n<p>A melhor posi\u00e7\u00e3o j\u00e1 alcan\u00e7ada pelo Brasil f<\/p>\n<p>By: miradouronoticias.com.br\/ ag\u00eancia Brasil<\/p>\n<\/div>\n<\/div>\n<\/div>\n<\/div>\n<\/div>\n<\/div>\n<p><\/main><\/p>\n","protected":false},"excerpt":{"rendered":"<p>&nbsp; O\u00a0crescimento de 0,5%\u00a0da economia brasileira na passagem do primeiro para o segundo trimestre de 2026 coloca o pa\u00eds como dono da quinta maior alta do Produto Interno Bruto (PIB, conjunto de bens e servi\u00e7os produzidos no pa\u00eds) nessa compara\u00e7\u00e3o entre trimestres imediatamente seguidos, \u00e0 frente de pa\u00edses como Estados Unidos e China. O ranqueamento [&hellip;]<\/p>\n","protected":false},"author":4,"featured_media":33827,"comment_status":"open","ping_status":"closed","sticky":false,"template":"","format":"standard","meta":{"footnotes":""},"categories":[1,29],"tags":[],"class_list":["post-33826","post","type-post","status-publish","format-standard","has-post-thumbnail","hentry","category-destaque-principal","category-economia"],"yoast_head":"<!-- This site is optimized with the Yoast SEO plugin v27.9 - https:\/\/yoast.com\/product\/yoast-seo-wordpress\/ -->\n<title>PIB brasileiro tem 5\u00ba maior crescimento no segundo trimestre - Miradouro Not\u00edcias<\/title>\n<meta name=\"robots\" content=\"index, follow, max-snippet:-1, max-image-preview:large, max-video-preview:-1\" \/>\n<link rel=\"canonical\" href=\"https:\/\/miradouronoticias.com\/site\/2026\/09\/01\/pib-brasileiro-tem-5o-maior-crescimento-no-segundo-trimestre\/\" \/>\n<meta property=\"og:locale\" content=\"pt_BR\" \/>\n<meta property=\"og:type\" content=\"article\" \/>\n<meta property=\"og:title\" content=\"PIB brasileiro tem 5\u00ba maior crescimento no segundo trimestre - Miradouro Not\u00edcias\" \/>\n<meta property=\"og:description\" content=\"&nbsp; O\u00a0crescimento de 0,5%\u00a0da economia brasileira na passagem do primeiro para o segundo trimestre de 2026 coloca o pa\u00eds como dono da quinta maior alta do Produto Interno Bruto (PIB, conjunto de bens e servi\u00e7os produzidos no pa\u00eds) nessa compara\u00e7\u00e3o entre trimestres imediatamente seguidos, \u00e0 frente de pa\u00edses como Estados Unidos e China. O ranqueamento [&hellip;]\" \/>\n<meta property=\"og:url\" content=\"https:\/\/miradouronoticias.com\/site\/2026\/09\/01\/pib-brasileiro-tem-5o-maior-crescimento-no-segundo-trimestre\/\" \/>\n<meta property=\"og:site_name\" content=\"Miradouro Not\u00edcias\" \/>\n<meta property=\"article:published_time\" content=\"2026-09-01T19:34:17+00:00\" \/>\n<meta property=\"og:image\" content=\"https:\/\/miradouronoticias.com\/site\/wp-content\/uploads\/2026\/09\/volkswagen_fabrica.webp\" \/>\n\t<meta property=\"og:image:width\" content=\"1170\" \/>\n\t<meta property=\"og:image:height\" content=\"700\" \/>\n\t<meta property=\"og:image:type\" content=\"image\/webp\" \/>\n<meta name=\"author\" content=\"Cl\u00e1udia Olyver\" \/>\n<meta name=\"twitter:card\" content=\"summary_large_image\" \/>\n<meta name=\"twitter:label1\" content=\"Escrito por\" \/>\n\t<meta name=\"twitter:data1\" content=\"Cl\u00e1udia Olyver\" \/>\n\t<meta name=\"twitter:label2\" content=\"Est. tempo de leitura\" \/>\n\t<meta name=\"twitter:data2\" content=\"4 minutos\" \/>\n<script type=\"application\/ld+json\" class=\"yoast-schema-graph\">{\"@context\":\"https:\\\/\\\/schema.org\",\"@graph\":[{\"@type\":\"Article\",\"@id\":\"https:\\\/\\\/miradouronoticias.com\\\/site\\\/2026\\\/09\\\/01\\\/pib-brasileiro-tem-5o-maior-crescimento-no-segundo-trimestre\\\/#article\",\"isPartOf\":{\"@id\":\"https:\\\/\\\/miradouronoticias.com\\\/site\\\/2026\\\/09\\\/01\\\/pib-brasileiro-tem-5o-maior-crescimento-no-segundo-trimestre\\\/\"},\"author\":{\"name\":\"Cl\u00e1udia Olyver\",\"@id\":\"https:\\\/\\\/miradouronoticias.com\\\/site\\\/#\\\/schema\\\/person\\\/73440d8c82222950df86f3e1a16aad3b\"},\"headline\":\"PIB brasileiro tem 5\u00ba maior crescimento no segundo trimestre\",\"datePublished\":\"2026-09-01T19:34:17+00:00\",\"mainEntityOfPage\":{\"@id\":\"https:\\\/\\\/miradouronoticias.com\\\/site\\\/2026\\\/09\\\/01\\\/pib-brasileiro-tem-5o-maior-crescimento-no-segundo-trimestre\\\/\"},\"wordCount\":428,\"commentCount\":0,\"publisher\":{\"@id\":\"https:\\\/\\\/miradouronoticias.com\\\/site\\\/#organization\"},\"image\":{\"@id\":\"https:\\\/\\\/miradouronoticias.com\\\/site\\\/2026\\\/09\\\/01\\\/pib-brasileiro-tem-5o-maior-crescimento-no-segundo-trimestre\\\/#primaryimage\"},\"thumbnailUrl\":\"https:\\\/\\\/miradouronoticias.com\\\/site\\\/wp-content\\\/uploads\\\/2026\\\/09\\\/volkswagen_fabrica.webp\",\"articleSection\":[\"Destaque Principal\",\"Economia\"],\"inLanguage\":\"pt-BR\",\"potentialAction\":[{\"@type\":\"CommentAction\",\"name\":\"Comment\",\"target\":[\"https:\\\/\\\/miradouronoticias.com\\\/site\\\/2026\\\/09\\\/01\\\/pib-brasileiro-tem-5o-maior-crescimento-no-segundo-trimestre\\\/#respond\"]}]},{\"@type\":\"WebPage\",\"@id\":\"https:\\\/\\\/miradouronoticias.com\\\/site\\\/2026\\\/09\\\/01\\\/pib-brasileiro-tem-5o-maior-crescimento-no-segundo-trimestre\\\/\",\"url\":\"https:\\\/\\\/miradouronoticias.com\\\/site\\\/2026\\\/09\\\/01\\\/pib-brasileiro-tem-5o-maior-crescimento-no-segundo-trimestre\\\/\",\"name\":\"PIB brasileiro tem 5\u00ba maior crescimento no segundo trimestre - Miradouro Not\u00edcias\",\"isPartOf\":{\"@id\":\"https:\\\/\\\/miradouronoticias.com\\\/site\\\/#website\"},\"primaryImageOfPage\":{\"@id\":\"https:\\\/\\\/miradouronoticias.com\\\/site\\\/2026\\\/09\\\/01\\\/pib-brasileiro-tem-5o-maior-crescimento-no-segundo-trimestre\\\/#primaryimage\"},\"image\":{\"@id\":\"https:\\\/\\\/miradouronoticias.com\\\/site\\\/2026\\\/09\\\/01\\\/pib-brasileiro-tem-5o-maior-crescimento-no-segundo-trimestre\\\/#primaryimage\"},\"thumbnailUrl\":\"https:\\\/\\\/miradouronoticias.com\\\/site\\\/wp-content\\\/uploads\\\/2026\\\/09\\\/volkswagen_fabrica.webp\",\"datePublished\":\"2026-09-01T19:34:17+00:00\",\"breadcrumb\":{\"@id\":\"https:\\\/\\\/miradouronoticias.com\\\/site\\\/2026\\\/09\\\/01\\\/pib-brasileiro-tem-5o-maior-crescimento-no-segundo-trimestre\\\/#breadcrumb\"},\"inLanguage\":\"pt-BR\",\"potentialAction\":[{\"@type\":\"ReadAction\",\"target\":[\"https:\\\/\\\/miradouronoticias.com\\\/site\\\/2026\\\/09\\\/01\\\/pib-brasileiro-tem-5o-maior-crescimento-no-segundo-trimestre\\\/\"]}]},{\"@type\":\"ImageObject\",\"inLanguage\":\"pt-BR\",\"@id\":\"https:\\\/\\\/miradouronoticias.com\\\/site\\\/2026\\\/09\\\/01\\\/pib-brasileiro-tem-5o-maior-crescimento-no-segundo-trimestre\\\/#primaryimage\",\"url\":\"https:\\\/\\\/miradouronoticias.com\\\/site\\\/wp-content\\\/uploads\\\/2026\\\/09\\\/volkswagen_fabrica.webp\",\"contentUrl\":\"https:\\\/\\\/miradouronoticias.com\\\/site\\\/wp-content\\\/uploads\\\/2026\\\/09\\\/volkswagen_fabrica.webp\",\"width\":1170,\"height\":700},{\"@type\":\"BreadcrumbList\",\"@id\":\"https:\\\/\\\/miradouronoticias.com\\\/site\\\/2026\\\/09\\\/01\\\/pib-brasileiro-tem-5o-maior-crescimento-no-segundo-trimestre\\\/#breadcrumb\",\"itemListElement\":[{\"@type\":\"ListItem\",\"position\":1,\"name\":\"In\u00edcio\",\"item\":\"https:\\\/\\\/miradouronoticias.com\\\/site\\\/\"},{\"@type\":\"ListItem\",\"position\":2,\"name\":\"PIB brasileiro tem 5\u00ba maior crescimento no segundo trimestre\"}]},{\"@type\":\"WebSite\",\"@id\":\"https:\\\/\\\/miradouronoticias.com\\\/site\\\/#website\",\"url\":\"https:\\\/\\\/miradouronoticias.com\\\/site\\\/\",\"name\":\"Miradouro Not\u00edcias\",\"description\":\"Informa\u00e7\u00f5es da cidade e regi\u00e3o\",\"publisher\":{\"@id\":\"https:\\\/\\\/miradouronoticias.com\\\/site\\\/#organization\"},\"potentialAction\":[{\"@type\":\"SearchAction\",\"target\":{\"@type\":\"EntryPoint\",\"urlTemplate\":\"https:\\\/\\\/miradouronoticias.com\\\/site\\\/?s={search_term_string}\"},\"query-input\":{\"@type\":\"PropertyValueSpecification\",\"valueRequired\":true,\"valueName\":\"search_term_string\"}}],\"inLanguage\":\"pt-BR\"},{\"@type\":\"Organization\",\"@id\":\"https:\\\/\\\/miradouronoticias.com\\\/site\\\/#organization\",\"name\":\"Miradouro Not\u00edcias\",\"url\":\"https:\\\/\\\/miradouronoticias.com\\\/site\\\/\",\"logo\":{\"@type\":\"ImageObject\",\"inLanguage\":\"pt-BR\",\"@id\":\"https:\\\/\\\/miradouronoticias.com\\\/site\\\/#\\\/schema\\\/logo\\\/image\\\/\",\"url\":\"https:\\\/\\\/miradouronoticias.com\\\/site\\\/wp-content\\\/uploads\\\/2022\\\/01\\\/logomarcamiradouronoticias.png\",\"contentUrl\":\"https:\\\/\\\/miradouronoticias.com\\\/site\\\/wp-content\\\/uploads\\\/2022\\\/01\\\/logomarcamiradouronoticias.png\",\"width\":747,\"height\":263,\"caption\":\"Miradouro Not\u00edcias\"},\"image\":{\"@id\":\"https:\\\/\\\/miradouronoticias.com\\\/site\\\/#\\\/schema\\\/logo\\\/image\\\/\"}},{\"@type\":\"Person\",\"@id\":\"https:\\\/\\\/miradouronoticias.com\\\/site\\\/#\\\/schema\\\/person\\\/73440d8c82222950df86f3e1a16aad3b\",\"name\":\"Cl\u00e1udia Olyver\",\"sameAs\":[\"http:\\\/\\\/www.miradouronoticias.com\"],\"url\":\"https:\\\/\\\/miradouronoticias.com\\\/site\\\/author\\\/claudia\\\/\"}]}<\/script>\n<!-- \/ Yoast SEO plugin. -->","yoast_head_json":{"title":"PIB brasileiro tem 5\u00ba maior crescimento no segundo trimestre - Miradouro Not\u00edcias","robots":{"index":"index","follow":"follow","max-snippet":"max-snippet:-1","max-image-preview":"max-image-preview:large","max-video-preview":"max-video-preview:-1"},"canonical":"https:\/\/miradouronoticias.com\/site\/2026\/09\/01\/pib-brasileiro-tem-5o-maior-crescimento-no-segundo-trimestre\/","og_locale":"pt_BR","og_type":"article","og_title":"PIB brasileiro tem 5\u00ba maior crescimento no segundo trimestre - Miradouro Not\u00edcias","og_description":"&nbsp; O\u00a0crescimento de 0,5%\u00a0da economia brasileira na passagem do primeiro para o segundo trimestre de 2026 coloca o pa\u00eds como dono da quinta maior alta do Produto Interno Bruto (PIB, conjunto de bens e servi\u00e7os produzidos no pa\u00eds) nessa compara\u00e7\u00e3o entre trimestres imediatamente seguidos, \u00e0 frente de pa\u00edses como Estados Unidos e China. O ranqueamento [&hellip;]","og_url":"https:\/\/miradouronoticias.com\/site\/2026\/09\/01\/pib-brasileiro-tem-5o-maior-crescimento-no-segundo-trimestre\/","og_site_name":"Miradouro Not\u00edcias","article_published_time":"2026-09-01T19:34:17+00:00","og_image":[{"width":1170,"height":700,"url":"https:\/\/miradouronoticias.com\/site\/wp-content\/uploads\/2026\/09\/volkswagen_fabrica.webp","type":"image\/webp"}],"author":"Cl\u00e1udia Olyver","twitter_card":"summary_large_image","twitter_misc":{"Escrito por":"Cl\u00e1udia Olyver","Est. tempo de leitura":"4 minutos"},"schema":{"@context":"https:\/\/schema.org","@graph":[{"@type":"Article","@id":"https:\/\/miradouronoticias.com\/site\/2026\/09\/01\/pib-brasileiro-tem-5o-maior-crescimento-no-segundo-trimestre\/#article","isPartOf":{"@id":"https:\/\/miradouronoticias.com\/site\/2026\/09\/01\/pib-brasileiro-tem-5o-maior-crescimento-no-segundo-trimestre\/"},"author":{"name":"Cl\u00e1udia Olyver","@id":"https:\/\/miradouronoticias.com\/site\/#\/schema\/person\/73440d8c82222950df86f3e1a16aad3b"},"headline":"PIB brasileiro tem 5\u00ba maior crescimento no segundo trimestre","datePublished":"2026-09-01T19:34:17+00:00","mainEntityOfPage":{"@id":"https:\/\/miradouronoticias.com\/site\/2026\/09\/01\/pib-brasileiro-tem-5o-maior-crescimento-no-segundo-trimestre\/"},"wordCount":428,"commentCount":0,"publisher":{"@id":"https:\/\/miradouronoticias.com\/site\/#organization"},"image":{"@id":"https:\/\/miradouronoticias.com\/site\/2026\/09\/01\/pib-brasileiro-tem-5o-maior-crescimento-no-segundo-trimestre\/#primaryimage"},"thumbnailUrl":"https:\/\/miradouronoticias.com\/site\/wp-content\/uploads\/2026\/09\/volkswagen_fabrica.webp","articleSection":["Destaque Principal","Economia"],"inLanguage":"pt-BR","potentialAction":[{"@type":"CommentAction","name":"Comment","target":["https:\/\/miradouronoticias.com\/site\/2026\/09\/01\/pib-brasileiro-tem-5o-maior-crescimento-no-segundo-trimestre\/#respond"]}]},{"@type":"WebPage","@id":"https:\/\/miradouronoticias.com\/site\/2026\/09\/01\/pib-brasileiro-tem-5o-maior-crescimento-no-segundo-trimestre\/","url":"https:\/\/miradouronoticias.com\/site\/2026\/09\/01\/pib-brasileiro-tem-5o-maior-crescimento-no-segundo-trimestre\/","name":"PIB brasileiro tem 5\u00ba maior crescimento no segundo trimestre - Miradouro Not\u00edcias","isPartOf":{"@id":"https:\/\/miradouronoticias.com\/site\/#website"},"primaryImageOfPage":{"@id":"https:\/\/miradouronoticias.com\/site\/2026\/09\/01\/pib-brasileiro-tem-5o-maior-crescimento-no-segundo-trimestre\/#primaryimage"},"image":{"@id":"https:\/\/miradouronoticias.com\/site\/2026\/09\/01\/pib-brasileiro-tem-5o-maior-crescimento-no-segundo-trimestre\/#primaryimage"},"thumbnailUrl":"https:\/\/miradouronoticias.com\/site\/wp-content\/uploads\/2026\/09\/volkswagen_fabrica.webp","datePublished":"2026-09-01T19:34:17+00:00","breadcrumb":{"@id":"https:\/\/miradouronoticias.com\/site\/2026\/09\/01\/pib-brasileiro-tem-5o-maior-crescimento-no-segundo-trimestre\/#breadcrumb"},"inLanguage":"pt-BR","potentialAction":[{"@type":"ReadAction","target":["https:\/\/miradouronoticias.com\/site\/2026\/09\/01\/pib-brasileiro-tem-5o-maior-crescimento-no-segundo-trimestre\/"]}]},{"@type":"ImageObject","inLanguage":"pt-BR","@id":"https:\/\/miradouronoticias.com\/site\/2026\/09\/01\/pib-brasileiro-tem-5o-maior-crescimento-no-segundo-trimestre\/#primaryimage","url":"https:\/\/miradouronoticias.com\/site\/wp-content\/uploads\/2026\/09\/volkswagen_fabrica.webp","contentUrl":"https:\/\/miradouronoticias.com\/site\/wp-content\/uploads\/2026\/09\/volkswagen_fabrica.webp","width":1170,"height":700},{"@type":"BreadcrumbList","@id":"https:\/\/miradouronoticias.com\/site\/2026\/09\/01\/pib-brasileiro-tem-5o-maior-crescimento-no-segundo-trimestre\/#breadcrumb","itemListElement":[{"@type":"ListItem","position":1,"name":"In\u00edcio","item":"https:\/\/miradouronoticias.com\/site\/"},{"@type":"ListItem","position":2,"name":"PIB brasileiro tem 5\u00ba maior crescimento no segundo trimestre"}]},{"@type":"WebSite","@id":"https:\/\/miradouronoticias.com\/site\/#website","url":"https:\/\/miradouronoticias.com\/site\/","name":"Miradouro Not\u00edcias","description":"Informa\u00e7\u00f5es da cidade e regi\u00e3o","publisher":{"@id":"https:\/\/miradouronoticias.com\/site\/#organization"},"potentialAction":[{"@type":"SearchAction","target":{"@type":"EntryPoint","urlTemplate":"https:\/\/miradouronoticias.com\/site\/?s={search_term_string}"},"query-input":{"@type":"PropertyValueSpecification","valueRequired":true,"valueName":"search_term_string"}}],"inLanguage":"pt-BR"},{"@type":"Organization","@id":"https:\/\/miradouronoticias.com\/site\/#organization","name":"Miradouro Not\u00edcias","url":"https:\/\/miradouronoticias.com\/site\/","logo":{"@type":"ImageObject","inLanguage":"pt-BR","@id":"https:\/\/miradouronoticias.com\/site\/#\/schema\/logo\/image\/","url":"https:\/\/miradouronoticias.com\/site\/wp-content\/uploads\/2022\/01\/logomarcamiradouronoticias.png","contentUrl":"https:\/\/miradouronoticias.com\/site\/wp-content\/uploads\/2022\/01\/logomarcamiradouronoticias.png","width":747,"height":263,"caption":"Miradouro Not\u00edcias"},"image":{"@id":"https:\/\/miradouronoticias.com\/site\/#\/schema\/logo\/image\/"}},{"@type":"Person","@id":"https:\/\/miradouronoticias.com\/site\/#\/schema\/person\/73440d8c82222950df86f3e1a16aad3b","name":"Cl\u00e1udia Olyver","sameAs":["http:\/\/www.miradouronoticias.com"],"url":"https:\/\/miradouronoticias.com\/site\/author\/claudia\/"}]}},"_links":{"self":[{"href":"https:\/\/miradouronoticias.com\/site\/wp-json\/wp\/v2\/posts\/33826","targetHints":{"allow":["GET"]}}],"collection":[{"href":"https:\/\/miradouronoticias.com\/site\/wp-json\/wp\/v2\/posts"}],"about":[{"href":"https:\/\/miradouronoticias.com\/site\/wp-json\/wp\/v2\/types\/post"}],"author":[{"embeddable":true,"href":"https:\/\/miradouronoticias.com\/site\/wp-json\/wp\/v2\/users\/4"}],"replies":[{"embeddable":true,"href":"https:\/\/miradouronoticias.com\/site\/wp-json\/wp\/v2\/comments?post=33826"}],"version-history":[{"count":1,"href":"https:\/\/miradouronoticias.com\/site\/wp-json\/wp\/v2\/posts\/33826\/revisions"}],"predecessor-version":[{"id":33828,"href":"https:\/\/miradouronoticias.com\/site\/wp-json\/wp\/v2\/posts\/33826\/revisions\/33828"}],"wp:featuredmedia":[{"embeddable":true,"href":"https:\/\/miradouronoticias.com\/site\/wp-json\/wp\/v2\/media\/33827"}],"wp:attachment":[{"href":"https:\/\/miradouronoticias.com\/site\/wp-json\/wp\/v2\/media?parent=33826"}],"wp:term":[{"taxonomy":"category","embeddable":true,"href":"https:\/\/miradouronoticias.com\/site\/wp-json\/wp\/v2\/categories?post=33826"},{"taxonomy":"post_tag","embeddable":true,"href":"https:\/\/miradouronoticias.com\/site\/wp-json\/wp\/v2\/tags?post=33826"}],"curies":[{"name":"wp","href":"https:\/\/api.w.org\/{rel}","templated":true}]}}