{"id":33820,"date":"2026-08-31T05:33:25","date_gmt":"2026-08-31T08:33:25","guid":{"rendered":"https:\/\/miradouronoticias.com\/site\/?p=33820"},"modified":"2026-08-31T05:33:25","modified_gmt":"2026-08-31T08:33:25","slug":"congresso-vota-nesta-semana-fim-da-escala-6x1-e-taxa-das-blusinhas","status":"publish","type":"post","link":"https:\/\/miradouronoticias.com\/site\/2026\/08\/31\/congresso-vota-nesta-semana-fim-da-escala-6x1-e-taxa-das-blusinhas\/","title":{"rendered":"Congresso vota nesta semana fim da escala 6&#215;1 e &#8220;taxa das blusinhas&#8221;"},"content":{"rendered":"<p><img loading=\"lazy\" decoding=\"async\" class=\"alignnone size-medium wp-image-33821\" src=\"https:\/\/miradouronoticias.com\/site\/wp-content\/uploads\/2026\/08\/raf2044-300x179.webp\" alt=\"\" width=\"300\" height=\"179\" srcset=\"https:\/\/miradouronoticias.com\/site\/wp-content\/uploads\/2026\/08\/raf2044-300x179.webp 300w, https:\/\/miradouronoticias.com\/site\/wp-content\/uploads\/2026\/08\/raf2044-1024x613.webp 1024w, https:\/\/miradouronoticias.com\/site\/wp-content\/uploads\/2026\/08\/raf2044-768x459.webp 768w, https:\/\/miradouronoticias.com\/site\/wp-content\/uploads\/2026\/08\/raf2044.webp 1170w\" sizes=\"auto, (max-width: 300px) 100vw, 300px\" \/><\/p>\n<header id=\"header-site\" class=\"header-site full-width rel-position\">\n<div class=\"header-veiculo full-width\">\n<aside id=\"nav-menu-mobile\" class=\"nav-menu-mobile\">&nbsp;<\/p>\n<\/aside>\n<\/div>\n<div class=\"header-editorias rowflex full-width\"><\/div>\n<\/header>\n<p><main class=\"main-site\"><\/p>\n<div class=\"region region-content\">\n<div id=\"block-system-main\" class=\"block block-system\">\n<div class=\"content\">\n<div id=\"panel\" class=\"container-noticia rel-position\">\n<div id=\"node-1701015\" class=\"node node-conteudo clearfix\">\n<div class=\"conteudo-noticia\">\n<p>O Congresso Nacional deve analisar nesta semana cinco propostas de grande repercuss\u00e3o social, como o fim da jornada 6&#215;1 e a isen\u00e7\u00e3o de impostos para as compras de at\u00e9 US$ 50 em plataformas digitais, conhecida como &#8220;taxa das blusinhas&#8221;.\u00a0<img decoding=\"async\" src=\"https:\/\/agenciabrasil.ebc.com.br\/ebc.png?id=1701015&amp;o=node\" \/><img decoding=\"async\" src=\"https:\/\/agenciabrasil.ebc.com.br\/ebc.gif?id=1701015&amp;o=node\" \/><\/p>\n<p>As pautas\u00a0fazem parte do<a href=\"https:\/\/agenciabrasil.ebc.com.br\/politica\/noticia\/2026-08\/governo-e-congresso-acertam-pautas-para-esforco-concentrado-de-votacao\" target=\"_blank\" rel=\"noopener\">\u00a0esfor\u00e7o concentrado da C\u00e2mara dos Deputados e do Senado antes das elei\u00e7\u00f5es de outubro<\/a>.<\/p>\n<h2>Fim da escala 6&#215;1<\/h2>\n<p>O texto que prev\u00ea o fim da jornada de trabalho de seis dias para um de descanso deve ser analisado na\u00a0quarta-feira (2)\u00a0pela Comiss\u00e3o de Constitui\u00e7\u00e3o e Justi\u00e7a do Senado.<\/p>\n<p>O relator da proposta, senador Omar Aziz (PSD-AM),\u00a0<a href=\"https:\/\/agenciabrasil.ebc.com.br\/politica\/noticia\/2026-08\/relator-da-ccj-do-senado-vota-favor-da-pec-do-fim-da-escala-6x1\" target=\"_blank\" rel=\"noopener\">apresentou na \u00faltima quinta-feira (27) parecer favor\u00e1vel e rejeitou as doze emendas apresentadas pelos senadores<\/a>. A estrat\u00e9gia \u00e9 manter o mesmo texto\u00a0aprovado pela C\u00e2mara e, assim, evitar que a proposta precise voltar para an\u00e1lise dos deputados.<\/p>\n<p><strong>&gt;&gt; Veja o que prev\u00ea o texto:<\/strong><\/p>\n<ul>\n<li>Dois dias de repouso semanal remunerado, sendo um deles preferencialmente aos domingos<\/li>\n<li>Sal\u00e1rio n\u00e3o poder\u00e1 ser reduzido por causa\u00a0diminui\u00e7\u00e3o da jornada<\/li>\n<li>Dois meses ap\u00f3s a promulga\u00e7\u00e3o da PEC, a jornada m\u00e1xima passa\u00a0das atuais 44 para 42 horas semanais.<\/li>\n<li>Um ano depois do fim desse primeiro per\u00edodo, cai definitivamente para 40 horas.<\/li>\n<\/ul>\n<p>Se for aprovada na CCJ, a Proposta de Emenda \u00e0 Constitui\u00e7\u00e3o (PEC) ainda precisa passar por dois turnos de vota\u00e7\u00e3o no Plen\u00e1rio do Senado, com pelo menos 49 votos favor\u00e1veis em cada um.<\/p>\n<h2>Fim da &#8220;taxa das blusinhas&#8221;<\/h2>\n<p>Outro assunto de forte repercuss\u00e3o \u00e9 o fim da chamada \u201ctaxa das blusinhas\u201d, o imposto de importa\u00e7\u00e3o sobre compras internacionais de at\u00e9 US$ 50.<\/p>\n<p>A Medida Provis\u00f3ria\u00a0come\u00e7a a semana na comiss\u00e3o mista de deputados e senadores, que se re\u00fane nesta segunda-feira (31), \u00e0s 16h. A relatora, senadora Leila Barros (PDT-DF), deve apresentar o parecer e h\u00e1 expectativa de vota\u00e7\u00e3o na pr\u00f3pria comiss\u00e3o.<\/p>\n<p>A MP perde a validade no dia 8 de setembro. Se aprovada na comiss\u00e3o, ainda precisa passar pelos plen\u00e1rios da C\u00e2mara e do Senado.<\/p>\n<h2>Mototaxistas e entregadores de aplicativo<\/h2>\n<p>Na C\u00e2mara, a primeira sess\u00e3o de vota\u00e7\u00e3o est\u00e1 marcada para esta segunda-feira (31), \u00e0s 18h.<\/p>\n<p>Al\u00e9m da &#8220;taxa das blusinhas&#8221;, est\u00e3o previstas outras duas medidas provis\u00f3rias ligadas aos trabalhadores de aplicativos: uma simplifica as regras para mototaxistas e profissionais de motofrete; e outra cria uma linha de financiamento para entregadores comprarem motos e bicicletas el\u00e9tricas.<\/p>\n<p>Entre os outros projetos que podem ser analisados pelos deputados est\u00e3o a manuten\u00e7\u00e3o dos incentivos fiscais para doa\u00e7\u00f5es aos programas de aten\u00e7\u00e3o oncol\u00f3gica e de sa\u00fade da pessoa com defici\u00eancia, a Pol\u00edtica Nacional de Agroecologia e Produ\u00e7\u00e3o Org\u00e2nica e o Plano Nacional de Cultura para os pr\u00f3ximos dez anos.<\/p>\n<h2>PEC da Seguran\u00e7a P\u00fablica<\/h2>\n<p>No Senado, outra prioridade \u00e9 a PEC da Seguran\u00e7a P\u00fablica, que tamb\u00e9m est\u00e1 na Comiss\u00e3o de Constitui\u00e7\u00e3o e Justi\u00e7a. A proposta amplia a integra\u00e7\u00e3o entre as for\u00e7as de seguran\u00e7a, o compartilhamento de informa\u00e7\u00f5es e altera regras de financiamento do setor.<\/p>\n<p>Na pauta econ\u00f4mica, os senadores devem tentar avan\u00e7ar no Redata, que cria incentivos para a instala\u00e7\u00e3o de data centers no Brasil, e no marco dos minerais cr\u00edticos e estrat\u00e9gicos, mat\u00e9rias-primas essenciais para setores como tecnologia, energia limpa, carros el\u00e9tricos e defesa.<\/p>\n<h2>Or\u00e7amento de 2027<\/h2>\n<p>Al\u00e9m das vota\u00e7\u00f5es, o Congresso recebe uma das propostas mais importantes para a economia no pr\u00f3ximo ano: o Or\u00e7amento de 2027.<\/p>\n<p>O governo precisa encaminhar ao Congresso o Projeto de Lei Or\u00e7ament\u00e1ria Anual, o PLOA, com as estimativas de receitas e despesas da Uni\u00e3o para o ano que vem.<\/p>\n<p>A proposta abre uma nova rodada de negocia\u00e7\u00f5es sobre as prioridades do governo, o cumprimento das metas fiscais e os recursos destinados \u00e0s pol\u00edticas p\u00fablicas e aos investimentos federais.<\/p>\n<p>O texto ainda ser\u00e1 analisado pela Comiss\u00e3o Mista de Or\u00e7amento antes de seguir para vota\u00e7\u00e3o no Congresso Nacional.<\/p>\n<p>By; miradouronoticias.com.br\/ ag\u00eancia Brasil<\/p>\n<\/div>\n<\/div>\n<\/div>\n<\/div>\n<\/div>\n<\/div>\n<p><\/main><\/p>\n","protected":false},"excerpt":{"rendered":"<p>&nbsp; O Congresso Nacional deve analisar nesta semana cinco propostas de grande repercuss\u00e3o social, como o fim da jornada 6&#215;1 e a isen\u00e7\u00e3o de impostos para as compras de at\u00e9 US$ 50 em plataformas digitais, conhecida como &#8220;taxa das blusinhas&#8221;.\u00a0 As pautas\u00a0fazem parte do\u00a0esfor\u00e7o concentrado da C\u00e2mara dos Deputados e do Senado antes das elei\u00e7\u00f5es [&hellip;]<\/p>\n","protected":false},"author":4,"featured_media":33821,"comment_status":"open","ping_status":"closed","sticky":false,"template":"","format":"standard","meta":{"footnotes":""},"categories":[1,29],"tags":[],"class_list":["post-33820","post","type-post","status-publish","format-standard","has-post-thumbnail","hentry","category-destaque-principal","category-economia"],"yoast_head":"<!-- This site is optimized with the Yoast SEO plugin v27.9 - https:\/\/yoast.com\/product\/yoast-seo-wordpress\/ -->\n<title>Congresso vota nesta semana fim da escala 6x1 e &quot;taxa das blusinhas&quot; - Miradouro Not\u00edcias<\/title>\n<meta name=\"robots\" content=\"index, follow, max-snippet:-1, max-image-preview:large, max-video-preview:-1\" \/>\n<link rel=\"canonical\" href=\"https:\/\/miradouronoticias.com\/site\/2026\/08\/31\/congresso-vota-nesta-semana-fim-da-escala-6x1-e-taxa-das-blusinhas\/\" \/>\n<meta property=\"og:locale\" content=\"pt_BR\" \/>\n<meta property=\"og:type\" content=\"article\" \/>\n<meta property=\"og:title\" content=\"Congresso vota nesta semana fim da escala 6x1 e &quot;taxa das blusinhas&quot; - Miradouro Not\u00edcias\" \/>\n<meta property=\"og:description\" content=\"&nbsp; O Congresso Nacional deve analisar nesta semana cinco propostas de grande repercuss\u00e3o social, como o fim da jornada 6&#215;1 e a isen\u00e7\u00e3o de impostos para as compras de at\u00e9 US$ 50 em plataformas digitais, conhecida como &#8220;taxa das blusinhas&#8221;.\u00a0 As pautas\u00a0fazem parte do\u00a0esfor\u00e7o concentrado da C\u00e2mara dos Deputados e do Senado antes das elei\u00e7\u00f5es [&hellip;]\" \/>\n<meta property=\"og:url\" content=\"https:\/\/miradouronoticias.com\/site\/2026\/08\/31\/congresso-vota-nesta-semana-fim-da-escala-6x1-e-taxa-das-blusinhas\/\" \/>\n<meta property=\"og:site_name\" content=\"Miradouro Not\u00edcias\" \/>\n<meta property=\"article:published_time\" content=\"2026-08-31T08:33:25+00:00\" \/>\n<meta property=\"og:image\" content=\"https:\/\/miradouronoticias.com\/site\/wp-content\/uploads\/2026\/08\/raf2044.webp\" \/>\n\t<meta property=\"og:image:width\" content=\"1170\" \/>\n\t<meta property=\"og:image:height\" content=\"700\" \/>\n\t<meta property=\"og:image:type\" content=\"image\/webp\" \/>\n<meta name=\"author\" content=\"Cl\u00e1udia Olyver\" \/>\n<meta name=\"twitter:card\" content=\"summary_large_image\" \/>\n<meta name=\"twitter:label1\" content=\"Escrito por\" \/>\n\t<meta name=\"twitter:data1\" content=\"Cl\u00e1udia Olyver\" \/>\n\t<meta name=\"twitter:label2\" content=\"Est. tempo de leitura\" \/>\n\t<meta name=\"twitter:data2\" content=\"5 minutos\" \/>\n<script type=\"application\/ld+json\" class=\"yoast-schema-graph\">{\"@context\":\"https:\\\/\\\/schema.org\",\"@graph\":[{\"@type\":\"Article\",\"@id\":\"https:\\\/\\\/miradouronoticias.com\\\/site\\\/2026\\\/08\\\/31\\\/congresso-vota-nesta-semana-fim-da-escala-6x1-e-taxa-das-blusinhas\\\/#article\",\"isPartOf\":{\"@id\":\"https:\\\/\\\/miradouronoticias.com\\\/site\\\/2026\\\/08\\\/31\\\/congresso-vota-nesta-semana-fim-da-escala-6x1-e-taxa-das-blusinhas\\\/\"},\"author\":{\"name\":\"Cl\u00e1udia Olyver\",\"@id\":\"https:\\\/\\\/miradouronoticias.com\\\/site\\\/#\\\/schema\\\/person\\\/73440d8c82222950df86f3e1a16aad3b\"},\"headline\":\"Congresso vota nesta semana fim da escala 6&#215;1 e &#8220;taxa das blusinhas&#8221;\",\"datePublished\":\"2026-08-31T08:33:25+00:00\",\"mainEntityOfPage\":{\"@id\":\"https:\\\/\\\/miradouronoticias.com\\\/site\\\/2026\\\/08\\\/31\\\/congresso-vota-nesta-semana-fim-da-escala-6x1-e-taxa-das-blusinhas\\\/\"},\"wordCount\":706,\"commentCount\":0,\"publisher\":{\"@id\":\"https:\\\/\\\/miradouronoticias.com\\\/site\\\/#organization\"},\"image\":{\"@id\":\"https:\\\/\\\/miradouronoticias.com\\\/site\\\/2026\\\/08\\\/31\\\/congresso-vota-nesta-semana-fim-da-escala-6x1-e-taxa-das-blusinhas\\\/#primaryimage\"},\"thumbnailUrl\":\"https:\\\/\\\/miradouronoticias.com\\\/site\\\/wp-content\\\/uploads\\\/2026\\\/08\\\/raf2044.webp\",\"articleSection\":[\"Destaque Principal\",\"Economia\"],\"inLanguage\":\"pt-BR\",\"potentialAction\":[{\"@type\":\"CommentAction\",\"name\":\"Comment\",\"target\":[\"https:\\\/\\\/miradouronoticias.com\\\/site\\\/2026\\\/08\\\/31\\\/congresso-vota-nesta-semana-fim-da-escala-6x1-e-taxa-das-blusinhas\\\/#respond\"]}]},{\"@type\":\"WebPage\",\"@id\":\"https:\\\/\\\/miradouronoticias.com\\\/site\\\/2026\\\/08\\\/31\\\/congresso-vota-nesta-semana-fim-da-escala-6x1-e-taxa-das-blusinhas\\\/\",\"url\":\"https:\\\/\\\/miradouronoticias.com\\\/site\\\/2026\\\/08\\\/31\\\/congresso-vota-nesta-semana-fim-da-escala-6x1-e-taxa-das-blusinhas\\\/\",\"name\":\"Congresso vota nesta semana fim da escala 6x1 e \\\"taxa das blusinhas\\\" - Miradouro Not\u00edcias\",\"isPartOf\":{\"@id\":\"https:\\\/\\\/miradouronoticias.com\\\/site\\\/#website\"},\"primaryImageOfPage\":{\"@id\":\"https:\\\/\\\/miradouronoticias.com\\\/site\\\/2026\\\/08\\\/31\\\/congresso-vota-nesta-semana-fim-da-escala-6x1-e-taxa-das-blusinhas\\\/#primaryimage\"},\"image\":{\"@id\":\"https:\\\/\\\/miradouronoticias.com\\\/site\\\/2026\\\/08\\\/31\\\/congresso-vota-nesta-semana-fim-da-escala-6x1-e-taxa-das-blusinhas\\\/#primaryimage\"},\"thumbnailUrl\":\"https:\\\/\\\/miradouronoticias.com\\\/site\\\/wp-content\\\/uploads\\\/2026\\\/08\\\/raf2044.webp\",\"datePublished\":\"2026-08-31T08:33:25+00:00\",\"breadcrumb\":{\"@id\":\"https:\\\/\\\/miradouronoticias.com\\\/site\\\/2026\\\/08\\\/31\\\/congresso-vota-nesta-semana-fim-da-escala-6x1-e-taxa-das-blusinhas\\\/#breadcrumb\"},\"inLanguage\":\"pt-BR\",\"potentialAction\":[{\"@type\":\"ReadAction\",\"target\":[\"https:\\\/\\\/miradouronoticias.com\\\/site\\\/2026\\\/08\\\/31\\\/congresso-vota-nesta-semana-fim-da-escala-6x1-e-taxa-das-blusinhas\\\/\"]}]},{\"@type\":\"ImageObject\",\"inLanguage\":\"pt-BR\",\"@id\":\"https:\\\/\\\/miradouronoticias.com\\\/site\\\/2026\\\/08\\\/31\\\/congresso-vota-nesta-semana-fim-da-escala-6x1-e-taxa-das-blusinhas\\\/#primaryimage\",\"url\":\"https:\\\/\\\/miradouronoticias.com\\\/site\\\/wp-content\\\/uploads\\\/2026\\\/08\\\/raf2044.webp\",\"contentUrl\":\"https:\\\/\\\/miradouronoticias.com\\\/site\\\/wp-content\\\/uploads\\\/2026\\\/08\\\/raf2044.webp\",\"width\":1170,\"height\":700},{\"@type\":\"BreadcrumbList\",\"@id\":\"https:\\\/\\\/miradouronoticias.com\\\/site\\\/2026\\\/08\\\/31\\\/congresso-vota-nesta-semana-fim-da-escala-6x1-e-taxa-das-blusinhas\\\/#breadcrumb\",\"itemListElement\":[{\"@type\":\"ListItem\",\"position\":1,\"name\":\"In\u00edcio\",\"item\":\"https:\\\/\\\/miradouronoticias.com\\\/site\\\/\"},{\"@type\":\"ListItem\",\"position\":2,\"name\":\"Congresso vota nesta semana fim da escala 6&#215;1 e &#8220;taxa das blusinhas&#8221;\"}]},{\"@type\":\"WebSite\",\"@id\":\"https:\\\/\\\/miradouronoticias.com\\\/site\\\/#website\",\"url\":\"https:\\\/\\\/miradouronoticias.com\\\/site\\\/\",\"name\":\"Miradouro Not\u00edcias\",\"description\":\"Informa\u00e7\u00f5es da cidade e regi\u00e3o\",\"publisher\":{\"@id\":\"https:\\\/\\\/miradouronoticias.com\\\/site\\\/#organization\"},\"potentialAction\":[{\"@type\":\"SearchAction\",\"target\":{\"@type\":\"EntryPoint\",\"urlTemplate\":\"https:\\\/\\\/miradouronoticias.com\\\/site\\\/?s={search_term_string}\"},\"query-input\":{\"@type\":\"PropertyValueSpecification\",\"valueRequired\":true,\"valueName\":\"search_term_string\"}}],\"inLanguage\":\"pt-BR\"},{\"@type\":\"Organization\",\"@id\":\"https:\\\/\\\/miradouronoticias.com\\\/site\\\/#organization\",\"name\":\"Miradouro Not\u00edcias\",\"url\":\"https:\\\/\\\/miradouronoticias.com\\\/site\\\/\",\"logo\":{\"@type\":\"ImageObject\",\"inLanguage\":\"pt-BR\",\"@id\":\"https:\\\/\\\/miradouronoticias.com\\\/site\\\/#\\\/schema\\\/logo\\\/image\\\/\",\"url\":\"https:\\\/\\\/miradouronoticias.com\\\/site\\\/wp-content\\\/uploads\\\/2022\\\/01\\\/logomarcamiradouronoticias.png\",\"contentUrl\":\"https:\\\/\\\/miradouronoticias.com\\\/site\\\/wp-content\\\/uploads\\\/2022\\\/01\\\/logomarcamiradouronoticias.png\",\"width\":747,\"height\":263,\"caption\":\"Miradouro Not\u00edcias\"},\"image\":{\"@id\":\"https:\\\/\\\/miradouronoticias.com\\\/site\\\/#\\\/schema\\\/logo\\\/image\\\/\"}},{\"@type\":\"Person\",\"@id\":\"https:\\\/\\\/miradouronoticias.com\\\/site\\\/#\\\/schema\\\/person\\\/73440d8c82222950df86f3e1a16aad3b\",\"name\":\"Cl\u00e1udia Olyver\",\"sameAs\":[\"http:\\\/\\\/www.miradouronoticias.com\"],\"url\":\"https:\\\/\\\/miradouronoticias.com\\\/site\\\/author\\\/claudia\\\/\"}]}<\/script>\n<!-- \/ Yoast SEO plugin. -->","yoast_head_json":{"title":"Congresso vota nesta semana fim da escala 6x1 e \"taxa das blusinhas\" - Miradouro Not\u00edcias","robots":{"index":"index","follow":"follow","max-snippet":"max-snippet:-1","max-image-preview":"max-image-preview:large","max-video-preview":"max-video-preview:-1"},"canonical":"https:\/\/miradouronoticias.com\/site\/2026\/08\/31\/congresso-vota-nesta-semana-fim-da-escala-6x1-e-taxa-das-blusinhas\/","og_locale":"pt_BR","og_type":"article","og_title":"Congresso vota nesta semana fim da escala 6x1 e \"taxa das blusinhas\" - Miradouro Not\u00edcias","og_description":"&nbsp; O Congresso Nacional deve analisar nesta semana cinco propostas de grande repercuss\u00e3o social, como o fim da jornada 6&#215;1 e a isen\u00e7\u00e3o de impostos para as compras de at\u00e9 US$ 50 em plataformas digitais, conhecida como &#8220;taxa das blusinhas&#8221;.\u00a0 As pautas\u00a0fazem parte do\u00a0esfor\u00e7o concentrado da C\u00e2mara dos Deputados e do Senado antes das elei\u00e7\u00f5es [&hellip;]","og_url":"https:\/\/miradouronoticias.com\/site\/2026\/08\/31\/congresso-vota-nesta-semana-fim-da-escala-6x1-e-taxa-das-blusinhas\/","og_site_name":"Miradouro Not\u00edcias","article_published_time":"2026-08-31T08:33:25+00:00","og_image":[{"width":1170,"height":700,"url":"https:\/\/miradouronoticias.com\/site\/wp-content\/uploads\/2026\/08\/raf2044.webp","type":"image\/webp"}],"author":"Cl\u00e1udia Olyver","twitter_card":"summary_large_image","twitter_misc":{"Escrito por":"Cl\u00e1udia Olyver","Est. tempo de leitura":"5 minutos"},"schema":{"@context":"https:\/\/schema.org","@graph":[{"@type":"Article","@id":"https:\/\/miradouronoticias.com\/site\/2026\/08\/31\/congresso-vota-nesta-semana-fim-da-escala-6x1-e-taxa-das-blusinhas\/#article","isPartOf":{"@id":"https:\/\/miradouronoticias.com\/site\/2026\/08\/31\/congresso-vota-nesta-semana-fim-da-escala-6x1-e-taxa-das-blusinhas\/"},"author":{"name":"Cl\u00e1udia Olyver","@id":"https:\/\/miradouronoticias.com\/site\/#\/schema\/person\/73440d8c82222950df86f3e1a16aad3b"},"headline":"Congresso vota nesta semana fim da escala 6&#215;1 e &#8220;taxa das blusinhas&#8221;","datePublished":"2026-08-31T08:33:25+00:00","mainEntityOfPage":{"@id":"https:\/\/miradouronoticias.com\/site\/2026\/08\/31\/congresso-vota-nesta-semana-fim-da-escala-6x1-e-taxa-das-blusinhas\/"},"wordCount":706,"commentCount":0,"publisher":{"@id":"https:\/\/miradouronoticias.com\/site\/#organization"},"image":{"@id":"https:\/\/miradouronoticias.com\/site\/2026\/08\/31\/congresso-vota-nesta-semana-fim-da-escala-6x1-e-taxa-das-blusinhas\/#primaryimage"},"thumbnailUrl":"https:\/\/miradouronoticias.com\/site\/wp-content\/uploads\/2026\/08\/raf2044.webp","articleSection":["Destaque Principal","Economia"],"inLanguage":"pt-BR","potentialAction":[{"@type":"CommentAction","name":"Comment","target":["https:\/\/miradouronoticias.com\/site\/2026\/08\/31\/congresso-vota-nesta-semana-fim-da-escala-6x1-e-taxa-das-blusinhas\/#respond"]}]},{"@type":"WebPage","@id":"https:\/\/miradouronoticias.com\/site\/2026\/08\/31\/congresso-vota-nesta-semana-fim-da-escala-6x1-e-taxa-das-blusinhas\/","url":"https:\/\/miradouronoticias.com\/site\/2026\/08\/31\/congresso-vota-nesta-semana-fim-da-escala-6x1-e-taxa-das-blusinhas\/","name":"Congresso vota nesta semana fim da escala 6x1 e \"taxa das blusinhas\" - Miradouro Not\u00edcias","isPartOf":{"@id":"https:\/\/miradouronoticias.com\/site\/#website"},"primaryImageOfPage":{"@id":"https:\/\/miradouronoticias.com\/site\/2026\/08\/31\/congresso-vota-nesta-semana-fim-da-escala-6x1-e-taxa-das-blusinhas\/#primaryimage"},"image":{"@id":"https:\/\/miradouronoticias.com\/site\/2026\/08\/31\/congresso-vota-nesta-semana-fim-da-escala-6x1-e-taxa-das-blusinhas\/#primaryimage"},"thumbnailUrl":"https:\/\/miradouronoticias.com\/site\/wp-content\/uploads\/2026\/08\/raf2044.webp","datePublished":"2026-08-31T08:33:25+00:00","breadcrumb":{"@id":"https:\/\/miradouronoticias.com\/site\/2026\/08\/31\/congresso-vota-nesta-semana-fim-da-escala-6x1-e-taxa-das-blusinhas\/#breadcrumb"},"inLanguage":"pt-BR","potentialAction":[{"@type":"ReadAction","target":["https:\/\/miradouronoticias.com\/site\/2026\/08\/31\/congresso-vota-nesta-semana-fim-da-escala-6x1-e-taxa-das-blusinhas\/"]}]},{"@type":"ImageObject","inLanguage":"pt-BR","@id":"https:\/\/miradouronoticias.com\/site\/2026\/08\/31\/congresso-vota-nesta-semana-fim-da-escala-6x1-e-taxa-das-blusinhas\/#primaryimage","url":"https:\/\/miradouronoticias.com\/site\/wp-content\/uploads\/2026\/08\/raf2044.webp","contentUrl":"https:\/\/miradouronoticias.com\/site\/wp-content\/uploads\/2026\/08\/raf2044.webp","width":1170,"height":700},{"@type":"BreadcrumbList","@id":"https:\/\/miradouronoticias.com\/site\/2026\/08\/31\/congresso-vota-nesta-semana-fim-da-escala-6x1-e-taxa-das-blusinhas\/#breadcrumb","itemListElement":[{"@type":"ListItem","position":1,"name":"In\u00edcio","item":"https:\/\/miradouronoticias.com\/site\/"},{"@type":"ListItem","position":2,"name":"Congresso vota nesta semana fim da escala 6&#215;1 e &#8220;taxa das blusinhas&#8221;"}]},{"@type":"WebSite","@id":"https:\/\/miradouronoticias.com\/site\/#website","url":"https:\/\/miradouronoticias.com\/site\/","name":"Miradouro Not\u00edcias","description":"Informa\u00e7\u00f5es da cidade e regi\u00e3o","publisher":{"@id":"https:\/\/miradouronoticias.com\/site\/#organization"},"potentialAction":[{"@type":"SearchAction","target":{"@type":"EntryPoint","urlTemplate":"https:\/\/miradouronoticias.com\/site\/?s={search_term_string}"},"query-input":{"@type":"PropertyValueSpecification","valueRequired":true,"valueName":"search_term_string"}}],"inLanguage":"pt-BR"},{"@type":"Organization","@id":"https:\/\/miradouronoticias.com\/site\/#organization","name":"Miradouro Not\u00edcias","url":"https:\/\/miradouronoticias.com\/site\/","logo":{"@type":"ImageObject","inLanguage":"pt-BR","@id":"https:\/\/miradouronoticias.com\/site\/#\/schema\/logo\/image\/","url":"https:\/\/miradouronoticias.com\/site\/wp-content\/uploads\/2022\/01\/logomarcamiradouronoticias.png","contentUrl":"https:\/\/miradouronoticias.com\/site\/wp-content\/uploads\/2022\/01\/logomarcamiradouronoticias.png","width":747,"height":263,"caption":"Miradouro Not\u00edcias"},"image":{"@id":"https:\/\/miradouronoticias.com\/site\/#\/schema\/logo\/image\/"}},{"@type":"Person","@id":"https:\/\/miradouronoticias.com\/site\/#\/schema\/person\/73440d8c82222950df86f3e1a16aad3b","name":"Cl\u00e1udia Olyver","sameAs":["http:\/\/www.miradouronoticias.com"],"url":"https:\/\/miradouronoticias.com\/site\/author\/claudia\/"}]}},"_links":{"self":[{"href":"https:\/\/miradouronoticias.com\/site\/wp-json\/wp\/v2\/posts\/33820","targetHints":{"allow":["GET"]}}],"collection":[{"href":"https:\/\/miradouronoticias.com\/site\/wp-json\/wp\/v2\/posts"}],"about":[{"href":"https:\/\/miradouronoticias.com\/site\/wp-json\/wp\/v2\/types\/post"}],"author":[{"embeddable":true,"href":"https:\/\/miradouronoticias.com\/site\/wp-json\/wp\/v2\/users\/4"}],"replies":[{"embeddable":true,"href":"https:\/\/miradouronoticias.com\/site\/wp-json\/wp\/v2\/comments?post=33820"}],"version-history":[{"count":1,"href":"https:\/\/miradouronoticias.com\/site\/wp-json\/wp\/v2\/posts\/33820\/revisions"}],"predecessor-version":[{"id":33822,"href":"https:\/\/miradouronoticias.com\/site\/wp-json\/wp\/v2\/posts\/33820\/revisions\/33822"}],"wp:featuredmedia":[{"embeddable":true,"href":"https:\/\/miradouronoticias.com\/site\/wp-json\/wp\/v2\/media\/33821"}],"wp:attachment":[{"href":"https:\/\/miradouronoticias.com\/site\/wp-json\/wp\/v2\/media?parent=33820"}],"wp:term":[{"taxonomy":"category","embeddable":true,"href":"https:\/\/miradouronoticias.com\/site\/wp-json\/wp\/v2\/categories?post=33820"},{"taxonomy":"post_tag","embeddable":true,"href":"https:\/\/miradouronoticias.com\/site\/wp-json\/wp\/v2\/tags?post=33820"}],"curies":[{"name":"wp","href":"https:\/\/api.w.org\/{rel}","templated":true}]}}