{"id":32787,"date":"2026-04-30T06:41:44","date_gmt":"2026-04-30T09:41:44","guid":{"rendered":"https:\/\/miradouronoticias.com\/site\/?p=32787"},"modified":"2026-04-30T06:41:44","modified_gmt":"2026-04-30T09:41:44","slug":"campanha-contra-o-sarampo-visa-evitar-casos-importados-durante-a-copa","status":"publish","type":"post","link":"https:\/\/miradouronoticias.com\/site\/2026\/04\/30\/campanha-contra-o-sarampo-visa-evitar-casos-importados-durante-a-copa\/","title":{"rendered":"Campanha contra o sarampo visa evitar casos importados durante a Copa"},"content":{"rendered":"<p><img loading=\"lazy\" decoding=\"async\" class=\"alignnone size-medium wp-image-32788\" src=\"https:\/\/miradouronoticias.com\/site\/wp-content\/uploads\/2026\/04\/765dfeac-359f-4997-90a2-04dec52b8d49-300x179.webp\" alt=\"\" width=\"300\" height=\"179\" srcset=\"https:\/\/miradouronoticias.com\/site\/wp-content\/uploads\/2026\/04\/765dfeac-359f-4997-90a2-04dec52b8d49-300x179.webp 300w, https:\/\/miradouronoticias.com\/site\/wp-content\/uploads\/2026\/04\/765dfeac-359f-4997-90a2-04dec52b8d49-1024x613.webp 1024w, https:\/\/miradouronoticias.com\/site\/wp-content\/uploads\/2026\/04\/765dfeac-359f-4997-90a2-04dec52b8d49-768x459.webp 768w, https:\/\/miradouronoticias.com\/site\/wp-content\/uploads\/2026\/04\/765dfeac-359f-4997-90a2-04dec52b8d49.webp 1170w\" sizes=\"auto, (max-width: 300px) 100vw, 300px\" \/><\/p>\n<p><main class=\"main-site\"><\/p>\n<div class=\"region region-content\">\n<div id=\"block-system-main\" class=\"block block-system\">\n<div class=\"content\">\n<div id=\"panel\" class=\"container-noticia rel-position\">\n<div id=\"node-1687699\" class=\"node node-conteudo clearfix\">\n<div class=\"conteudo-noticia\">\n<p><strong>Para evitar que as viagens de brasileiros para os jogos da Copa do Mundo se tornem uma brecha para a reintrodu\u00e7\u00e3o do sarampo no Brasil, o Minist\u00e9rio da Sa\u00fade\u00a0lan\u00e7ou nesta quarta-feira (29)\u00a0a campanha\u00a0<\/strong><em><strong>Vacinar \u00e9 muito Brasil.<\/strong>\u00a0<\/em><img decoding=\"async\" src=\"https:\/\/agenciabrasil.ebc.com.br\/ebc.png?id=1687699&amp;o=node\" \/><img decoding=\"async\" src=\"https:\/\/agenciabrasil.ebc.com.br\/ebc.gif?id=1687699&amp;o=node\" \/><\/p>\n<p><strong>A a\u00e7\u00e3o\u00a0convoca\u00a0todos os viajantes a atualizarem suas cadernetas antes do embarque para os tr\u00eas pa\u00edses que v\u00e3o receber a competi\u00e7\u00e3o, Estados Unidos, Canad\u00e1 e M\u00e9xico. Juntos, os territ\u00f3rios\u00a0concentram\u00a0<a href=\"https:\/\/agenciabrasil.ebc.com.br\/saude\/noticia\/2026-03\/saude-esta-em-alerta-maximo-por-aumento-do-sarampo-nas-americas\" target=\"_blank\" rel=\"noopener\">67% dos casos de sarampo registrados nas Am\u00e9ricas<\/a>\u00a0nos \u00faltimos anos.<\/strong><\/p>\n<p>Em 2026, at\u00e9 o dia 11 de abril\u00a0foram confirmadas cerca de 17 mil infec\u00e7\u00f5es nas Am\u00e9ricas, sendo mais de 10 mil no M\u00e9xico, 1792 nos Estados Unidos e 907 no Canad\u00e1. Outro pa\u00eds em surto \u00e9 a Guatemala.<\/p>\n<p><strong>O Brasil mant\u00e9m o status de pa\u00eds livre da doen\u00e7a, reconquistado em 2024, apesar de casos espor\u00e1dicos registrados<\/strong>. Este ano, 3 infec\u00e7\u00f5es foram confirmadas: uma\u00a0<a href=\"https:\/\/agenciabrasil.ebc.com.br\/saude\/noticia\/2026-03\/sao-paulo-tem-primeiro-caso-de-sarampo-em-2026\" target=\"_blank\" rel=\"noopener\">beb\u00ea do estado de S\u00e3o Paulo<\/a>\u00a0contaminada na Bol\u00edvia; um\u00a0<a href=\"https:\/\/agenciabrasil.ebc.com.br\/saude\/noticia\/2026-04\/sp-confirma-segundo-caso-importado-de-sarampo\" target=\"_blank\" rel=\"noopener\">homem da Guatemala<\/a>, que apresentou sintomas tamb\u00e9m em S\u00e3o Paulo; e\u00a0<a href=\"https:\/\/agenciabrasil.ebc.com.br\/saude\/noticia\/2026-04\/ministerio-da-saude-confirma-caso-de-sarampo-no-rio-de-janeiro\" target=\"_blank\" rel=\"noopener\">uma jovem do Rio de Janeiro<\/a>, que trabalha em um hotel com grande tr\u00e2nsito de turistas internacionais.<\/p>\n<p><a href=\"https:\/\/www.whatsapp.com\/channel\/0029VaoRTgrInlqYLSk59B2M\" target=\"_blank\" rel=\"noopener\">&gt;&gt; Siga o canal da Ag\u00eancia Brasil no WhatsApp<\/a><\/p>\n<p>Durante o lan\u00e7amento da campanha, na sede do projeto social Gol de Letra, no Rio de Janeiro,\u00a0<strong>o ministro da Sa\u00fade, Alexandre Padilha, esclareceu que o foco \u00e9 nos viajantes internacionais neste momento, considerando o risco que os surtos em outros pa\u00edses representam.\u00a0<\/strong><\/p>\n<p>&#8220;Primeiro esse p\u00fablico que est\u00e1 indo para Copa, porque s\u00e3o os tr\u00eas pa\u00edses que t\u00eam explos\u00e3o de casos de sarampo no continente americano&#8221;, ressaltou.<\/p>\n<blockquote><p>&#8220;E aqui no Brasil a gente est\u00e1 fazendo uma campanha muito intensa com todo mundo que tem contato com turista, trabalhadores de hotel, trabalhadores de restaurantes, de t\u00e1xi, de transporte coletivo.\u00a0Para continuar com a nossa defesa firme&#8221;, completou.<\/p><\/blockquote>\n<h2>Imuniza\u00e7\u00e3o<\/h2>\n<p><strong>O imunizante contra o sarampo \u00e9 a vacina tr\u00edplice viral, que previne tamb\u00e9m a caxumba e a rub\u00e9ola.<\/strong>\u00a0No caso de quem vai viajar, o ideal \u00e9 tomar a vacina pelo menos 15 dias antes do embarque, para garantir a chegada com o m\u00e1ximo de prote\u00e7\u00e3o.<\/p>\n<p>H\u00e1 duas semanas, o minist\u00e9rio instituiu outras adapta\u00e7\u00f5es para garantir a prote\u00e7\u00e3o desse p\u00fablico. Os beb\u00eas de 6 meses a 11 meses\u00a0devem receber a chamada &#8220;dose zero&#8221;, uma vacina extra antes da idade normal de imuniza\u00e7\u00e3o. J\u00e1 pessoas entre 12 meses e 29 anos devem receber duas doses, com intervalo de um m\u00eas entre elas.<\/p>\n<p>Adultos de 30 a 59 anos s\u00f3 precisam de uma dose. Os idosos normalmente n\u00e3o recebem a vacina, porque provavelmente j\u00e1 tiveram contato com o v\u00edrus selvagem ao longo da vida e desenvolveram imunidade. Mas podem ter acesso se\u00a0forem viajar para as \u00e1reas de risco e estejam bem de sa\u00fade.<\/p>\n<p>Apesar da preocupa\u00e7\u00e3o especial com os viajantes, o ministro da Sa\u00fade salientou que todas as pessoas de 1 a 59 anos que n\u00e3o tiverem comprovante de vacina\u00e7\u00e3o devem procurar uma unidade de sa\u00fade. &#8220;O sarampo \u00e9 o v\u00edrus que mais transmite entre os seres humanos. A vacina \u00e9 para todos os brasileiros&#8221;, ressaltou.<\/p>\n<p>Padilha tamb\u00e9m refor\u00e7ou a seguran\u00e7a do imunizante produzido pela Funda\u00e7\u00e3o Oswaldo Cruz (Fiocruz).<\/p>\n<p>&#8220;Eu sou m\u00e9dico infectologista e sou pai de uma crian\u00e7a de 11 anos anos de idade. Eu n\u00e3o vacinaria minha filha se eu n\u00e3o tivesse confian\u00e7a na qualidade, na seguran\u00e7a e na import\u00e2ncia da vacina contra o sarampo e de todas as vacinas que est\u00e3o no SUS. N\u00f3s estamos vencendo o jogo contra o negacionismo e derrotando a turma da antivacina&#8221;.<\/p>\n<p>O ministro da Sa\u00fade tamb\u00e9m lembrou que o Brasil j\u00e1 havia se tornado \u00e1rea livre da doen\u00e7a\u00a0em 2016, mas perdeu o certificado de \u00e1rea livre em 2019, ap\u00f3s novos surtos que come\u00e7aram com casos importados.<\/p>\n<p>&#8220;Porque come\u00e7ou a ter campanha contra a vacina, teve corte nos investimentos na \u00e1rea da sa\u00fade, redu\u00e7\u00e3o das coberturas vacinais, e s\u00f3 recuperamos em 2023. O sarampo \u00e9 uma doen\u00e7a que pode progredir como uma esp\u00e9cie de pneumonia e gerar interna\u00e7\u00e3o e \u00f3bito, como n\u00f3s tivemos quando voltou a ter surto no Brasil&#8221;, alertou.<\/p>\n<p>By: miradouronoticias.com.br\/ ag\u00eancia Brasil<\/p>\n<\/div>\n<\/div>\n<\/div>\n<\/div>\n<\/div>\n<\/div>\n<p><\/main><\/p>\n","protected":false},"excerpt":{"rendered":"<p>Para evitar que as viagens de brasileiros para os jogos da Copa do Mundo se tornem uma brecha para a reintrodu\u00e7\u00e3o do sarampo no Brasil, o Minist\u00e9rio da Sa\u00fade\u00a0lan\u00e7ou nesta quarta-feira (29)\u00a0a campanha\u00a0Vacinar \u00e9 muito Brasil.\u00a0 A a\u00e7\u00e3o\u00a0convoca\u00a0todos os viajantes a atualizarem suas cadernetas antes do embarque para os tr\u00eas pa\u00edses que v\u00e3o receber a [&hellip;]<\/p>\n","protected":false},"author":4,"featured_media":32788,"comment_status":"open","ping_status":"closed","sticky":false,"template":"","format":"standard","meta":{"footnotes":""},"categories":[1,22],"tags":[],"class_list":["post-32787","post","type-post","status-publish","format-standard","has-post-thumbnail","hentry","category-destaque-principal","category-saude"],"yoast_head":"<!-- This site is optimized with the Yoast SEO plugin v27.2 - https:\/\/yoast.com\/product\/yoast-seo-wordpress\/ -->\n<title>Campanha contra o sarampo visa evitar casos importados durante a Copa - Miradouro Not\u00edcias<\/title>\n<meta name=\"robots\" content=\"index, follow, max-snippet:-1, max-image-preview:large, max-video-preview:-1\" \/>\n<link rel=\"canonical\" href=\"https:\/\/miradouronoticias.com\/site\/2026\/04\/30\/campanha-contra-o-sarampo-visa-evitar-casos-importados-durante-a-copa\/\" \/>\n<meta property=\"og:locale\" content=\"pt_BR\" \/>\n<meta property=\"og:type\" content=\"article\" \/>\n<meta property=\"og:title\" content=\"Campanha contra o sarampo visa evitar casos importados durante a Copa - Miradouro Not\u00edcias\" \/>\n<meta property=\"og:description\" content=\"Para evitar que as viagens de brasileiros para os jogos da Copa do Mundo se tornem uma brecha para a reintrodu\u00e7\u00e3o do sarampo no Brasil, o Minist\u00e9rio da Sa\u00fade\u00a0lan\u00e7ou nesta quarta-feira (29)\u00a0a campanha\u00a0Vacinar \u00e9 muito Brasil.\u00a0 A a\u00e7\u00e3o\u00a0convoca\u00a0todos os viajantes a atualizarem suas cadernetas antes do embarque para os tr\u00eas pa\u00edses que v\u00e3o receber a [&hellip;]\" \/>\n<meta property=\"og:url\" content=\"https:\/\/miradouronoticias.com\/site\/2026\/04\/30\/campanha-contra-o-sarampo-visa-evitar-casos-importados-durante-a-copa\/\" \/>\n<meta property=\"og:site_name\" content=\"Miradouro Not\u00edcias\" \/>\n<meta property=\"article:published_time\" content=\"2026-04-30T09:41:44+00:00\" \/>\n<meta property=\"og:image\" content=\"https:\/\/miradouronoticias.com\/site\/wp-content\/uploads\/2026\/04\/765dfeac-359f-4997-90a2-04dec52b8d49.webp\" \/>\n\t<meta property=\"og:image:width\" content=\"1170\" \/>\n\t<meta property=\"og:image:height\" content=\"700\" \/>\n\t<meta property=\"og:image:type\" content=\"image\/webp\" \/>\n<meta name=\"author\" content=\"Cl\u00e1udia Olyver\" \/>\n<meta name=\"twitter:card\" content=\"summary_large_image\" \/>\n<meta name=\"twitter:label1\" content=\"Escrito por\" \/>\n\t<meta name=\"twitter:data1\" content=\"Cl\u00e1udia Olyver\" \/>\n\t<meta name=\"twitter:label2\" content=\"Est. tempo de leitura\" \/>\n\t<meta name=\"twitter:data2\" content=\"5 minutos\" \/>\n<script type=\"application\/ld+json\" class=\"yoast-schema-graph\">{\"@context\":\"https:\/\/schema.org\",\"@graph\":[{\"@type\":\"Article\",\"@id\":\"https:\/\/miradouronoticias.com\/site\/2026\/04\/30\/campanha-contra-o-sarampo-visa-evitar-casos-importados-durante-a-copa\/#article\",\"isPartOf\":{\"@id\":\"https:\/\/miradouronoticias.com\/site\/2026\/04\/30\/campanha-contra-o-sarampo-visa-evitar-casos-importados-durante-a-copa\/\"},\"author\":{\"name\":\"Cl\u00e1udia Olyver\",\"@id\":\"https:\/\/miradouronoticias.com\/site\/#\/schema\/person\/73440d8c82222950df86f3e1a16aad3b\"},\"headline\":\"Campanha contra o sarampo visa evitar casos importados durante a Copa\",\"datePublished\":\"2026-04-30T09:41:44+00:00\",\"mainEntityOfPage\":{\"@id\":\"https:\/\/miradouronoticias.com\/site\/2026\/04\/30\/campanha-contra-o-sarampo-visa-evitar-casos-importados-durante-a-copa\/\"},\"wordCount\":741,\"commentCount\":0,\"publisher\":{\"@id\":\"https:\/\/miradouronoticias.com\/site\/#organization\"},\"image\":{\"@id\":\"https:\/\/miradouronoticias.com\/site\/2026\/04\/30\/campanha-contra-o-sarampo-visa-evitar-casos-importados-durante-a-copa\/#primaryimage\"},\"thumbnailUrl\":\"https:\/\/miradouronoticias.com\/site\/wp-content\/uploads\/2026\/04\/765dfeac-359f-4997-90a2-04dec52b8d49.webp\",\"articleSection\":[\"Destaque Principal\",\"Sa\u00fade\"],\"inLanguage\":\"pt-BR\",\"potentialAction\":[{\"@type\":\"CommentAction\",\"name\":\"Comment\",\"target\":[\"https:\/\/miradouronoticias.com\/site\/2026\/04\/30\/campanha-contra-o-sarampo-visa-evitar-casos-importados-durante-a-copa\/#respond\"]}]},{\"@type\":\"WebPage\",\"@id\":\"https:\/\/miradouronoticias.com\/site\/2026\/04\/30\/campanha-contra-o-sarampo-visa-evitar-casos-importados-durante-a-copa\/\",\"url\":\"https:\/\/miradouronoticias.com\/site\/2026\/04\/30\/campanha-contra-o-sarampo-visa-evitar-casos-importados-durante-a-copa\/\",\"name\":\"Campanha contra o sarampo visa evitar casos importados durante a Copa - Miradouro Not\u00edcias\",\"isPartOf\":{\"@id\":\"https:\/\/miradouronoticias.com\/site\/#website\"},\"primaryImageOfPage\":{\"@id\":\"https:\/\/miradouronoticias.com\/site\/2026\/04\/30\/campanha-contra-o-sarampo-visa-evitar-casos-importados-durante-a-copa\/#primaryimage\"},\"image\":{\"@id\":\"https:\/\/miradouronoticias.com\/site\/2026\/04\/30\/campanha-contra-o-sarampo-visa-evitar-casos-importados-durante-a-copa\/#primaryimage\"},\"thumbnailUrl\":\"https:\/\/miradouronoticias.com\/site\/wp-content\/uploads\/2026\/04\/765dfeac-359f-4997-90a2-04dec52b8d49.webp\",\"datePublished\":\"2026-04-30T09:41:44+00:00\",\"breadcrumb\":{\"@id\":\"https:\/\/miradouronoticias.com\/site\/2026\/04\/30\/campanha-contra-o-sarampo-visa-evitar-casos-importados-durante-a-copa\/#breadcrumb\"},\"inLanguage\":\"pt-BR\",\"potentialAction\":[{\"@type\":\"ReadAction\",\"target\":[\"https:\/\/miradouronoticias.com\/site\/2026\/04\/30\/campanha-contra-o-sarampo-visa-evitar-casos-importados-durante-a-copa\/\"]}]},{\"@type\":\"ImageObject\",\"inLanguage\":\"pt-BR\",\"@id\":\"https:\/\/miradouronoticias.com\/site\/2026\/04\/30\/campanha-contra-o-sarampo-visa-evitar-casos-importados-durante-a-copa\/#primaryimage\",\"url\":\"https:\/\/miradouronoticias.com\/site\/wp-content\/uploads\/2026\/04\/765dfeac-359f-4997-90a2-04dec52b8d49.webp\",\"contentUrl\":\"https:\/\/miradouronoticias.com\/site\/wp-content\/uploads\/2026\/04\/765dfeac-359f-4997-90a2-04dec52b8d49.webp\",\"width\":1170,\"height\":700},{\"@type\":\"BreadcrumbList\",\"@id\":\"https:\/\/miradouronoticias.com\/site\/2026\/04\/30\/campanha-contra-o-sarampo-visa-evitar-casos-importados-durante-a-copa\/#breadcrumb\",\"itemListElement\":[{\"@type\":\"ListItem\",\"position\":1,\"name\":\"In\u00edcio\",\"item\":\"https:\/\/miradouronoticias.com\/site\/\"},{\"@type\":\"ListItem\",\"position\":2,\"name\":\"Campanha contra o sarampo visa evitar casos importados durante a Copa\"}]},{\"@type\":\"WebSite\",\"@id\":\"https:\/\/miradouronoticias.com\/site\/#website\",\"url\":\"https:\/\/miradouronoticias.com\/site\/\",\"name\":\"Miradouro Not\u00edcias\",\"description\":\"Informa\u00e7\u00f5es da cidade e regi\u00e3o\",\"publisher\":{\"@id\":\"https:\/\/miradouronoticias.com\/site\/#organization\"},\"potentialAction\":[{\"@type\":\"SearchAction\",\"target\":{\"@type\":\"EntryPoint\",\"urlTemplate\":\"https:\/\/miradouronoticias.com\/site\/?s={search_term_string}\"},\"query-input\":{\"@type\":\"PropertyValueSpecification\",\"valueRequired\":true,\"valueName\":\"search_term_string\"}}],\"inLanguage\":\"pt-BR\"},{\"@type\":\"Organization\",\"@id\":\"https:\/\/miradouronoticias.com\/site\/#organization\",\"name\":\"Miradouro Not\u00edcias\",\"url\":\"https:\/\/miradouronoticias.com\/site\/\",\"logo\":{\"@type\":\"ImageObject\",\"inLanguage\":\"pt-BR\",\"@id\":\"https:\/\/miradouronoticias.com\/site\/#\/schema\/logo\/image\/\",\"url\":\"https:\/\/miradouronoticias.com\/site\/wp-content\/uploads\/2022\/01\/logomarcamiradouronoticias.png\",\"contentUrl\":\"https:\/\/miradouronoticias.com\/site\/wp-content\/uploads\/2022\/01\/logomarcamiradouronoticias.png\",\"width\":747,\"height\":263,\"caption\":\"Miradouro Not\u00edcias\"},\"image\":{\"@id\":\"https:\/\/miradouronoticias.com\/site\/#\/schema\/logo\/image\/\"}},{\"@type\":\"Person\",\"@id\":\"https:\/\/miradouronoticias.com\/site\/#\/schema\/person\/73440d8c82222950df86f3e1a16aad3b\",\"name\":\"Cl\u00e1udia Olyver\",\"sameAs\":[\"http:\/\/www.miradouronoticias.com\"],\"url\":\"https:\/\/miradouronoticias.com\/site\/author\/claudia\/\"}]}<\/script>\n<!-- \/ Yoast SEO plugin. -->","yoast_head_json":{"title":"Campanha contra o sarampo visa evitar casos importados durante a Copa - Miradouro Not\u00edcias","robots":{"index":"index","follow":"follow","max-snippet":"max-snippet:-1","max-image-preview":"max-image-preview:large","max-video-preview":"max-video-preview:-1"},"canonical":"https:\/\/miradouronoticias.com\/site\/2026\/04\/30\/campanha-contra-o-sarampo-visa-evitar-casos-importados-durante-a-copa\/","og_locale":"pt_BR","og_type":"article","og_title":"Campanha contra o sarampo visa evitar casos importados durante a Copa - Miradouro Not\u00edcias","og_description":"Para evitar que as viagens de brasileiros para os jogos da Copa do Mundo se tornem uma brecha para a reintrodu\u00e7\u00e3o do sarampo no Brasil, o Minist\u00e9rio da Sa\u00fade\u00a0lan\u00e7ou nesta quarta-feira (29)\u00a0a campanha\u00a0Vacinar \u00e9 muito Brasil.\u00a0 A a\u00e7\u00e3o\u00a0convoca\u00a0todos os viajantes a atualizarem suas cadernetas antes do embarque para os tr\u00eas pa\u00edses que v\u00e3o receber a [&hellip;]","og_url":"https:\/\/miradouronoticias.com\/site\/2026\/04\/30\/campanha-contra-o-sarampo-visa-evitar-casos-importados-durante-a-copa\/","og_site_name":"Miradouro Not\u00edcias","article_published_time":"2026-04-30T09:41:44+00:00","og_image":[{"width":1170,"height":700,"url":"https:\/\/miradouronoticias.com\/site\/wp-content\/uploads\/2026\/04\/765dfeac-359f-4997-90a2-04dec52b8d49.webp","type":"image\/webp"}],"author":"Cl\u00e1udia Olyver","twitter_card":"summary_large_image","twitter_misc":{"Escrito por":"Cl\u00e1udia Olyver","Est. tempo de leitura":"5 minutos"},"schema":{"@context":"https:\/\/schema.org","@graph":[{"@type":"Article","@id":"https:\/\/miradouronoticias.com\/site\/2026\/04\/30\/campanha-contra-o-sarampo-visa-evitar-casos-importados-durante-a-copa\/#article","isPartOf":{"@id":"https:\/\/miradouronoticias.com\/site\/2026\/04\/30\/campanha-contra-o-sarampo-visa-evitar-casos-importados-durante-a-copa\/"},"author":{"name":"Cl\u00e1udia Olyver","@id":"https:\/\/miradouronoticias.com\/site\/#\/schema\/person\/73440d8c82222950df86f3e1a16aad3b"},"headline":"Campanha contra o sarampo visa evitar casos importados durante a Copa","datePublished":"2026-04-30T09:41:44+00:00","mainEntityOfPage":{"@id":"https:\/\/miradouronoticias.com\/site\/2026\/04\/30\/campanha-contra-o-sarampo-visa-evitar-casos-importados-durante-a-copa\/"},"wordCount":741,"commentCount":0,"publisher":{"@id":"https:\/\/miradouronoticias.com\/site\/#organization"},"image":{"@id":"https:\/\/miradouronoticias.com\/site\/2026\/04\/30\/campanha-contra-o-sarampo-visa-evitar-casos-importados-durante-a-copa\/#primaryimage"},"thumbnailUrl":"https:\/\/miradouronoticias.com\/site\/wp-content\/uploads\/2026\/04\/765dfeac-359f-4997-90a2-04dec52b8d49.webp","articleSection":["Destaque Principal","Sa\u00fade"],"inLanguage":"pt-BR","potentialAction":[{"@type":"CommentAction","name":"Comment","target":["https:\/\/miradouronoticias.com\/site\/2026\/04\/30\/campanha-contra-o-sarampo-visa-evitar-casos-importados-durante-a-copa\/#respond"]}]},{"@type":"WebPage","@id":"https:\/\/miradouronoticias.com\/site\/2026\/04\/30\/campanha-contra-o-sarampo-visa-evitar-casos-importados-durante-a-copa\/","url":"https:\/\/miradouronoticias.com\/site\/2026\/04\/30\/campanha-contra-o-sarampo-visa-evitar-casos-importados-durante-a-copa\/","name":"Campanha contra o sarampo visa evitar casos importados durante a Copa - Miradouro Not\u00edcias","isPartOf":{"@id":"https:\/\/miradouronoticias.com\/site\/#website"},"primaryImageOfPage":{"@id":"https:\/\/miradouronoticias.com\/site\/2026\/04\/30\/campanha-contra-o-sarampo-visa-evitar-casos-importados-durante-a-copa\/#primaryimage"},"image":{"@id":"https:\/\/miradouronoticias.com\/site\/2026\/04\/30\/campanha-contra-o-sarampo-visa-evitar-casos-importados-durante-a-copa\/#primaryimage"},"thumbnailUrl":"https:\/\/miradouronoticias.com\/site\/wp-content\/uploads\/2026\/04\/765dfeac-359f-4997-90a2-04dec52b8d49.webp","datePublished":"2026-04-30T09:41:44+00:00","breadcrumb":{"@id":"https:\/\/miradouronoticias.com\/site\/2026\/04\/30\/campanha-contra-o-sarampo-visa-evitar-casos-importados-durante-a-copa\/#breadcrumb"},"inLanguage":"pt-BR","potentialAction":[{"@type":"ReadAction","target":["https:\/\/miradouronoticias.com\/site\/2026\/04\/30\/campanha-contra-o-sarampo-visa-evitar-casos-importados-durante-a-copa\/"]}]},{"@type":"ImageObject","inLanguage":"pt-BR","@id":"https:\/\/miradouronoticias.com\/site\/2026\/04\/30\/campanha-contra-o-sarampo-visa-evitar-casos-importados-durante-a-copa\/#primaryimage","url":"https:\/\/miradouronoticias.com\/site\/wp-content\/uploads\/2026\/04\/765dfeac-359f-4997-90a2-04dec52b8d49.webp","contentUrl":"https:\/\/miradouronoticias.com\/site\/wp-content\/uploads\/2026\/04\/765dfeac-359f-4997-90a2-04dec52b8d49.webp","width":1170,"height":700},{"@type":"BreadcrumbList","@id":"https:\/\/miradouronoticias.com\/site\/2026\/04\/30\/campanha-contra-o-sarampo-visa-evitar-casos-importados-durante-a-copa\/#breadcrumb","itemListElement":[{"@type":"ListItem","position":1,"name":"In\u00edcio","item":"https:\/\/miradouronoticias.com\/site\/"},{"@type":"ListItem","position":2,"name":"Campanha contra o sarampo visa evitar casos importados durante a Copa"}]},{"@type":"WebSite","@id":"https:\/\/miradouronoticias.com\/site\/#website","url":"https:\/\/miradouronoticias.com\/site\/","name":"Miradouro Not\u00edcias","description":"Informa\u00e7\u00f5es da cidade e regi\u00e3o","publisher":{"@id":"https:\/\/miradouronoticias.com\/site\/#organization"},"potentialAction":[{"@type":"SearchAction","target":{"@type":"EntryPoint","urlTemplate":"https:\/\/miradouronoticias.com\/site\/?s={search_term_string}"},"query-input":{"@type":"PropertyValueSpecification","valueRequired":true,"valueName":"search_term_string"}}],"inLanguage":"pt-BR"},{"@type":"Organization","@id":"https:\/\/miradouronoticias.com\/site\/#organization","name":"Miradouro Not\u00edcias","url":"https:\/\/miradouronoticias.com\/site\/","logo":{"@type":"ImageObject","inLanguage":"pt-BR","@id":"https:\/\/miradouronoticias.com\/site\/#\/schema\/logo\/image\/","url":"https:\/\/miradouronoticias.com\/site\/wp-content\/uploads\/2022\/01\/logomarcamiradouronoticias.png","contentUrl":"https:\/\/miradouronoticias.com\/site\/wp-content\/uploads\/2022\/01\/logomarcamiradouronoticias.png","width":747,"height":263,"caption":"Miradouro Not\u00edcias"},"image":{"@id":"https:\/\/miradouronoticias.com\/site\/#\/schema\/logo\/image\/"}},{"@type":"Person","@id":"https:\/\/miradouronoticias.com\/site\/#\/schema\/person\/73440d8c82222950df86f3e1a16aad3b","name":"Cl\u00e1udia Olyver","sameAs":["http:\/\/www.miradouronoticias.com"],"url":"https:\/\/miradouronoticias.com\/site\/author\/claudia\/"}]}},"_links":{"self":[{"href":"https:\/\/miradouronoticias.com\/site\/wp-json\/wp\/v2\/posts\/32787","targetHints":{"allow":["GET"]}}],"collection":[{"href":"https:\/\/miradouronoticias.com\/site\/wp-json\/wp\/v2\/posts"}],"about":[{"href":"https:\/\/miradouronoticias.com\/site\/wp-json\/wp\/v2\/types\/post"}],"author":[{"embeddable":true,"href":"https:\/\/miradouronoticias.com\/site\/wp-json\/wp\/v2\/users\/4"}],"replies":[{"embeddable":true,"href":"https:\/\/miradouronoticias.com\/site\/wp-json\/wp\/v2\/comments?post=32787"}],"version-history":[{"count":1,"href":"https:\/\/miradouronoticias.com\/site\/wp-json\/wp\/v2\/posts\/32787\/revisions"}],"predecessor-version":[{"id":32789,"href":"https:\/\/miradouronoticias.com\/site\/wp-json\/wp\/v2\/posts\/32787\/revisions\/32789"}],"wp:featuredmedia":[{"embeddable":true,"href":"https:\/\/miradouronoticias.com\/site\/wp-json\/wp\/v2\/media\/32788"}],"wp:attachment":[{"href":"https:\/\/miradouronoticias.com\/site\/wp-json\/wp\/v2\/media?parent=32787"}],"wp:term":[{"taxonomy":"category","embeddable":true,"href":"https:\/\/miradouronoticias.com\/site\/wp-json\/wp\/v2\/categories?post=32787"},{"taxonomy":"post_tag","embeddable":true,"href":"https:\/\/miradouronoticias.com\/site\/wp-json\/wp\/v2\/tags?post=32787"}],"curies":[{"name":"wp","href":"https:\/\/api.w.org\/{rel}","templated":true}]}}