{"id":32784,"date":"2026-04-30T06:35:58","date_gmt":"2026-04-30T09:35:58","guid":{"rendered":"https:\/\/miradouronoticias.com\/site\/?p=32784"},"modified":"2026-04-30T06:35:58","modified_gmt":"2026-04-30T09:35:58","slug":"banco-central-reduz-juros-basicos-para-145-ao-ano","status":"publish","type":"post","link":"https:\/\/miradouronoticias.com\/site\/2026\/04\/30\/banco-central-reduz-juros-basicos-para-145-ao-ano\/","title":{"rendered":"Banco Central reduz juros b\u00e1sicos para 14,5% ao ano"},"content":{"rendered":"<p><img loading=\"lazy\" decoding=\"async\" class=\"alignnone size-medium wp-image-32785\" src=\"https:\/\/miradouronoticias.com\/site\/wp-content\/uploads\/2026\/04\/banco_central_abr_30091923895-300x179.webp\" alt=\"\" width=\"300\" height=\"179\" srcset=\"https:\/\/miradouronoticias.com\/site\/wp-content\/uploads\/2026\/04\/banco_central_abr_30091923895-300x179.webp 300w, https:\/\/miradouronoticias.com\/site\/wp-content\/uploads\/2026\/04\/banco_central_abr_30091923895-1024x613.webp 1024w, https:\/\/miradouronoticias.com\/site\/wp-content\/uploads\/2026\/04\/banco_central_abr_30091923895-768x459.webp 768w, https:\/\/miradouronoticias.com\/site\/wp-content\/uploads\/2026\/04\/banco_central_abr_30091923895.webp 1170w\" sizes=\"auto, (max-width: 300px) 100vw, 300px\" \/><\/p>\n<header id=\"header-site\" class=\"header-site full-width rel-position\">\n<div class=\"header-veiculo full-width\">\n<aside id=\"nav-menu-mobile\" class=\"nav-menu-mobile\">&nbsp;<\/p>\n<\/aside>\n<\/div>\n<div class=\"header-editorias rowflex full-width\"><\/div>\n<\/header>\n<p><main class=\"main-site\"><\/p>\n<div class=\"region region-content\">\n<div id=\"block-system-main\" class=\"block block-system\">\n<div class=\"content\">\n<div id=\"panel\" class=\"container-noticia rel-position\">\n<div id=\"node-1687718\" class=\"node node-conteudo clearfix\">\n<div class=\"conteudo-noticia\">\n<p><strong>Apesar das tens\u00f5es em torno da guerra no Oriente M\u00e9dio, o Banco Central (BC) cortou os juros pela segunda vez seguida. Por unanimidade, o Comit\u00ea de Pol\u00edtica Monet\u00e1ria (Copom) reduziu a Taxa Selic, juros b\u00e1sicos da economia, em 0,25 ponto percentual, para 14,5% ao ano. A decis\u00e3o era\u00a0<a href=\"https:\/\/agenciabrasil.ebc.com.br\/economia\/noticia\/2026-04\/%E2%80%9Dhttps:\/\/agenciabrasil.ebc.com.br\/economia\/noticia\/2026-04\/boletim-focus-mercado-preve-inflacao-de-486-em-2026%E2%80%9D\" target=\"_blank\" rel=\"noopener\">esperada pelo mercado financeiro<\/a>.<\/strong><img decoding=\"async\" src=\"https:\/\/agenciabrasil.ebc.com.br\/ebc.png?id=1687718&amp;o=node\" \/><img decoding=\"async\" src=\"https:\/\/agenciabrasil.ebc.com.br\/ebc.gif?id=1687718&amp;o=node\" \/><\/p>\n<p>De junho de 2025 a mar\u00e7o deste ano, a Selic ficou em 15% ao ano, o maior n\u00edvel em quase 20 anos. O Copom voltou a cortar os juros na reuni\u00e3o passada, num cen\u00e1rio de queda da infla\u00e7\u00e3o. No entanto, a guerra no Oriente M\u00e9dio, que se refletiu no aumento dos\u00a0pre\u00e7os de combust\u00edveis e de alimentos, dificulta o trabalho do Copom.<\/p>\n<p>O Copom estar\u00e1 desfalcado porque o mandato dos diretores de Organiza\u00e7\u00e3o do Sistema Financeiro, Renato Gomes, e de Pol\u00edtica Econ\u00f4mica, Paulo Pichetti, expirou no fim de 2025. O presidente Luiz In\u00e1cio Lula da Silva at\u00e9 agora n\u00e3o encaminhou as indica\u00e7\u00f5es dos substitutos ao Congresso Nacional.<\/p>\n<p>Na reuni\u00e3o deste m\u00eas, haver\u00e1 mais um desfalque. Na ter\u00e7a-feira (28), o Banco Central anunciou que o diretor de Administra\u00e7\u00e3o, Rodrigo Teixeira, se ausentar\u00e1 por causa do falecimento de um parente de primeiro grau.<\/p>\n<p><strong>Em nota, o Copom n\u00e3o deu pistas sobre a evolu\u00e7\u00e3o dos juros. O texto informou que est\u00e1 monitorando a guerra no Oriente M\u00e9dio e os efeitos de um poss\u00edvel prolongamento sobre a infla\u00e7\u00e3o.<\/strong><\/p>\n<blockquote><p>&#8220;Nesse momento, as proje\u00e7\u00f5es de infla\u00e7\u00e3o apresentam distanciamento adicional em rela\u00e7\u00e3o \u00e0 meta no horizonte relevante para a pol\u00edtica monet\u00e1ria. Ao mesmo tempo, a incerteza acerca dessas proje\u00e7\u00f5es foi elevada consideravelmente, em fun\u00e7\u00e3o da falta de clareza sobre a dura\u00e7\u00e3o dos conflitos e de seus efeitos sobre os condicionantes dos modelos de proje\u00e7\u00e3o analisados&#8221;, destacou o comunicado.<\/p><\/blockquote>\n<h2>Infla\u00e7\u00e3o<\/h2>\n<p><strong>A Selic \u00e9 o principal instrumento do Banco Central para manter sob controle a infla\u00e7\u00e3o oficial, medida pelo \u00cdndice Nacional de Pre\u00e7os ao Consumidor Amplo (IPCA).<\/strong>\u00a0A pr\u00e9via da infla\u00e7\u00e3o oficial pelo \u00cdndice Nacional de Pre\u00e7os ao Consumidor Amplo-15 (IPCA-15)\u00a0<a href=\"https:\/\/agenciabrasil.ebc.com.br\/economia\/noticia\/2026-04\/gasolina-e-alimentos-pressionam-e-previa-da-inflacao-sobe-para-089\" target=\"_blank\" rel=\"noopener\">acelerou para 0,89% em abril<\/a>. No acumulado de 12 meses, o \u00edndice acelerou para 4,37%, contra 3,9% em mar\u00e7o.<\/p>\n<p>O IPCA cheio de abril s\u00f3 ser\u00e1 divulgado em 12 de maio.<\/p>\n<p>Pelo novo\u00a0<a href=\"https:\/\/agenciabrasil.ebc.com.br\/economia\/noticia\/2024-06\/cmn-define-centro-da-meta-continua-de-inflacao-em-3\">sistema de meta cont\u00ednua<\/a>, em vigor desde janeiro de 2025, a meta de infla\u00e7\u00e3o que deve ser perseguida pelo BC, definida pelo Conselho Monet\u00e1rio Nacional, \u00e9 de 3%, com intervalo de toler\u00e2ncia de 1,5 ponto percentual para cima ou para baixo. Ou seja, o limite inferior \u00e9 1,5% e o superior \u00e9 4,5%.<\/p>\n<p>No modelo de meta cont\u00ednua, a meta passa a ser apurada m\u00eas a m\u00eas, considerando a infla\u00e7\u00e3o acumulada em 12 meses. Em abril de 2026, a infla\u00e7\u00e3o desde maio de 2025 \u00e9 comparada com a meta e o intervalo de toler\u00e2ncia. Em maio de 2026, o procedimento se repete, com apura\u00e7\u00e3o a partir de junho de 2025. Dessa forma, a verifica\u00e7\u00e3o se desloca ao longo do tempo, n\u00e3o ficando mais restrita ao \u00edndice fechado de dezembro de cada ano.<\/p>\n<p><strong>No \u00faltimo Relat\u00f3rio de Pol\u00edtica Monet\u00e1ria, divulgado no fim de mar\u00e7o pelo Banco Central, a autoridade monet\u00e1ria elevou,\u00a0<a href=\"https:\/\/agenciabrasil.ebc.com.br\/economia\/noticia\/2026-04\/%E2%80%9Chttps:\/\/agenciabrasil.ebc.com.br\/economia\/noticia\/2026-03\/banco-central-preve-crescimento-de-16-para-o-pib-em-2026%E2%80%9D\" target=\"\u201c_blank\u201d\">de 3,5% para 3,6%<\/a>, a previs\u00e3o do IPCA em 2026,<\/strong>\u00a0mas a estimativa ser\u00e1 revista, por causa do comportamento do d\u00f3lar e da infla\u00e7\u00e3o. A pr\u00f3xima edi\u00e7\u00e3o do documento, que substituiu o antigo Relat\u00f3rio de Infla\u00e7\u00e3o, ser\u00e1 divulgada no fim de junho.<\/p>\n<p>As previs\u00f5es do mercado est\u00e3o mais pessimistas. De acordo com o boletim\u00a0<em>Focus<\/em>, pesquisa semanal com institui\u00e7\u00f5es financeiras divulgada pelo BC, a infla\u00e7\u00e3o oficial dever\u00e1 fechar o ano\u00a0<a href=\"https:\/\/agenciabrasil.ebc.com.br\/economia\/noticia\/2026-04\/boletim-focus-mercado-preve-inflacao-de-486-em-2026\" target=\"_blank\" rel=\"noopener\">em 4,86%<\/a>, acima do teto da meta, de 4,5%. Antes do in\u00edcio da guerra no Oriente M\u00e9dio, as estimativas do mercado estavam em 3,95%.<\/p>\n<h2>Cr\u00e9dito menos caro<\/h2>\n<p><strong>A redu\u00e7\u00e3o da taxa Selic impulsiona a economia. Isso porque juros mais baixos barateiam o cr\u00e9dito e estimulam a produ\u00e7\u00e3o e o consumo.<\/strong>\u00a0Por outro lado, taxas menores dificultam o controle da infla\u00e7\u00e3o. No \u00faltimo\u00a0<em>Relat\u00f3rio de Pol\u00edtica Monet\u00e1ria<\/em>, o Banco Central manteve\u00a0<a href=\"https:\/\/agenciabrasil.ebc.com.br\/economia\/noticia\/2026-03\/banco-central-preve-crescimento-de-16-para-o-pib-em-2026%20target=\">em 1,6%\u00a0<\/a>a previs\u00e3o de crescimento da economia em 2026.<\/p>\n<p>O mercado projeta crescimento um pouco melhor. Segundo a \u00faltima edi\u00e7\u00e3o do boletim\u00a0<em>Focus<\/em>, os analistas econ\u00f4micos preveem\u00a0<a href=\"https:\/\/agenciabrasil.ebc.com.br\/economia\/noticia\/2026-04\/boletim-focus-mercado-preve-inflacao-de-486-em-2026\" target=\"_blank\" rel=\"noopener\">expans\u00e3o de 1,85%<\/a>\u00a0do PIB em 2026.<\/p>\n<p>A taxa b\u00e1sica de juros \u00e9 usada nas negocia\u00e7\u00f5es de t\u00edtulos p\u00fablicos no Sistema Especial de Liquida\u00e7\u00e3o e Cust\u00f3dia (Selic) e serve de refer\u00eancia para as demais taxas de juros da economia. Ao reajust\u00e1-la para cima, o Banco Central segura o excesso de demanda que pressiona os pre\u00e7os, porque juros mais altos encarecem o cr\u00e9dito e estimulam a poupan\u00e7a.<\/p>\n<p>Ao reduzir os juros b\u00e1sicos, o Copom barateia o cr\u00e9dito e incentiva a produ\u00e7\u00e3o e o consumo, mas enfraquece o controle da infla\u00e7\u00e3o. Para cortar a Selic, a autoridade monet\u00e1ria precisa estar segura de que os pre\u00e7os est\u00e3o sob controle e n\u00e3o correm risco de subir.<\/p>\n<p>By: miradouronoticias.com.br\/ ag\u00eancia Brasil<\/p>\n<\/div>\n<\/div>\n<\/div>\n<\/div>\n<\/div>\n<\/div>\n<p><\/main><\/p>\n","protected":false},"excerpt":{"rendered":"<p>&nbsp; Apesar das tens\u00f5es em torno da guerra no Oriente M\u00e9dio, o Banco Central (BC) cortou os juros pela segunda vez seguida. Por unanimidade, o Comit\u00ea de Pol\u00edtica Monet\u00e1ria (Copom) reduziu a Taxa Selic, juros b\u00e1sicos da economia, em 0,25 ponto percentual, para 14,5% ao ano. A decis\u00e3o era\u00a0esperada pelo mercado financeiro. De junho de [&hellip;]<\/p>\n","protected":false},"author":4,"featured_media":32785,"comment_status":"open","ping_status":"closed","sticky":false,"template":"","format":"standard","meta":{"footnotes":""},"categories":[1,29],"tags":[],"class_list":["post-32784","post","type-post","status-publish","format-standard","has-post-thumbnail","hentry","category-destaque-principal","category-economia"],"yoast_head":"<!-- This site is optimized with the Yoast SEO plugin v27.2 - https:\/\/yoast.com\/product\/yoast-seo-wordpress\/ -->\n<title>Banco Central reduz juros b\u00e1sicos para 14,5% ao ano - Miradouro Not\u00edcias<\/title>\n<meta name=\"robots\" content=\"index, follow, max-snippet:-1, max-image-preview:large, max-video-preview:-1\" \/>\n<link rel=\"canonical\" href=\"https:\/\/miradouronoticias.com\/site\/2026\/04\/30\/banco-central-reduz-juros-basicos-para-145-ao-ano\/\" \/>\n<meta property=\"og:locale\" content=\"pt_BR\" \/>\n<meta property=\"og:type\" content=\"article\" \/>\n<meta property=\"og:title\" content=\"Banco Central reduz juros b\u00e1sicos para 14,5% ao ano - Miradouro Not\u00edcias\" \/>\n<meta property=\"og:description\" content=\"&nbsp; Apesar das tens\u00f5es em torno da guerra no Oriente M\u00e9dio, o Banco Central (BC) cortou os juros pela segunda vez seguida. Por unanimidade, o Comit\u00ea de Pol\u00edtica Monet\u00e1ria (Copom) reduziu a Taxa Selic, juros b\u00e1sicos da economia, em 0,25 ponto percentual, para 14,5% ao ano. A decis\u00e3o era\u00a0esperada pelo mercado financeiro. De junho de [&hellip;]\" \/>\n<meta property=\"og:url\" content=\"https:\/\/miradouronoticias.com\/site\/2026\/04\/30\/banco-central-reduz-juros-basicos-para-145-ao-ano\/\" \/>\n<meta property=\"og:site_name\" content=\"Miradouro Not\u00edcias\" \/>\n<meta property=\"article:published_time\" content=\"2026-04-30T09:35:58+00:00\" \/>\n<meta property=\"og:image\" content=\"https:\/\/miradouronoticias.com\/site\/wp-content\/uploads\/2026\/04\/banco_central_abr_30091923895.webp\" \/>\n\t<meta property=\"og:image:width\" content=\"1170\" \/>\n\t<meta property=\"og:image:height\" content=\"700\" \/>\n\t<meta property=\"og:image:type\" content=\"image\/webp\" \/>\n<meta name=\"author\" content=\"Cl\u00e1udia Olyver\" \/>\n<meta name=\"twitter:card\" content=\"summary_large_image\" \/>\n<meta name=\"twitter:label1\" content=\"Escrito por\" \/>\n\t<meta name=\"twitter:data1\" content=\"Cl\u00e1udia Olyver\" \/>\n\t<meta name=\"twitter:label2\" content=\"Est. tempo de leitura\" \/>\n\t<meta name=\"twitter:data2\" content=\"5 minutos\" \/>\n<script type=\"application\/ld+json\" class=\"yoast-schema-graph\">{\"@context\":\"https:\/\/schema.org\",\"@graph\":[{\"@type\":\"Article\",\"@id\":\"https:\/\/miradouronoticias.com\/site\/2026\/04\/30\/banco-central-reduz-juros-basicos-para-145-ao-ano\/#article\",\"isPartOf\":{\"@id\":\"https:\/\/miradouronoticias.com\/site\/2026\/04\/30\/banco-central-reduz-juros-basicos-para-145-ao-ano\/\"},\"author\":{\"name\":\"Cl\u00e1udia Olyver\",\"@id\":\"https:\/\/miradouronoticias.com\/site\/#\/schema\/person\/73440d8c82222950df86f3e1a16aad3b\"},\"headline\":\"Banco Central reduz juros b\u00e1sicos para 14,5% ao ano\",\"datePublished\":\"2026-04-30T09:35:58+00:00\",\"mainEntityOfPage\":{\"@id\":\"https:\/\/miradouronoticias.com\/site\/2026\/04\/30\/banco-central-reduz-juros-basicos-para-145-ao-ano\/\"},\"wordCount\":872,\"commentCount\":0,\"publisher\":{\"@id\":\"https:\/\/miradouronoticias.com\/site\/#organization\"},\"image\":{\"@id\":\"https:\/\/miradouronoticias.com\/site\/2026\/04\/30\/banco-central-reduz-juros-basicos-para-145-ao-ano\/#primaryimage\"},\"thumbnailUrl\":\"https:\/\/miradouronoticias.com\/site\/wp-content\/uploads\/2026\/04\/banco_central_abr_30091923895.webp\",\"articleSection\":[\"Destaque Principal\",\"Economia\"],\"inLanguage\":\"pt-BR\",\"potentialAction\":[{\"@type\":\"CommentAction\",\"name\":\"Comment\",\"target\":[\"https:\/\/miradouronoticias.com\/site\/2026\/04\/30\/banco-central-reduz-juros-basicos-para-145-ao-ano\/#respond\"]}]},{\"@type\":\"WebPage\",\"@id\":\"https:\/\/miradouronoticias.com\/site\/2026\/04\/30\/banco-central-reduz-juros-basicos-para-145-ao-ano\/\",\"url\":\"https:\/\/miradouronoticias.com\/site\/2026\/04\/30\/banco-central-reduz-juros-basicos-para-145-ao-ano\/\",\"name\":\"Banco Central reduz juros b\u00e1sicos para 14,5% ao ano - Miradouro Not\u00edcias\",\"isPartOf\":{\"@id\":\"https:\/\/miradouronoticias.com\/site\/#website\"},\"primaryImageOfPage\":{\"@id\":\"https:\/\/miradouronoticias.com\/site\/2026\/04\/30\/banco-central-reduz-juros-basicos-para-145-ao-ano\/#primaryimage\"},\"image\":{\"@id\":\"https:\/\/miradouronoticias.com\/site\/2026\/04\/30\/banco-central-reduz-juros-basicos-para-145-ao-ano\/#primaryimage\"},\"thumbnailUrl\":\"https:\/\/miradouronoticias.com\/site\/wp-content\/uploads\/2026\/04\/banco_central_abr_30091923895.webp\",\"datePublished\":\"2026-04-30T09:35:58+00:00\",\"breadcrumb\":{\"@id\":\"https:\/\/miradouronoticias.com\/site\/2026\/04\/30\/banco-central-reduz-juros-basicos-para-145-ao-ano\/#breadcrumb\"},\"inLanguage\":\"pt-BR\",\"potentialAction\":[{\"@type\":\"ReadAction\",\"target\":[\"https:\/\/miradouronoticias.com\/site\/2026\/04\/30\/banco-central-reduz-juros-basicos-para-145-ao-ano\/\"]}]},{\"@type\":\"ImageObject\",\"inLanguage\":\"pt-BR\",\"@id\":\"https:\/\/miradouronoticias.com\/site\/2026\/04\/30\/banco-central-reduz-juros-basicos-para-145-ao-ano\/#primaryimage\",\"url\":\"https:\/\/miradouronoticias.com\/site\/wp-content\/uploads\/2026\/04\/banco_central_abr_30091923895.webp\",\"contentUrl\":\"https:\/\/miradouronoticias.com\/site\/wp-content\/uploads\/2026\/04\/banco_central_abr_30091923895.webp\",\"width\":1170,\"height\":700},{\"@type\":\"BreadcrumbList\",\"@id\":\"https:\/\/miradouronoticias.com\/site\/2026\/04\/30\/banco-central-reduz-juros-basicos-para-145-ao-ano\/#breadcrumb\",\"itemListElement\":[{\"@type\":\"ListItem\",\"position\":1,\"name\":\"In\u00edcio\",\"item\":\"https:\/\/miradouronoticias.com\/site\/\"},{\"@type\":\"ListItem\",\"position\":2,\"name\":\"Banco Central reduz juros b\u00e1sicos para 14,5% ao ano\"}]},{\"@type\":\"WebSite\",\"@id\":\"https:\/\/miradouronoticias.com\/site\/#website\",\"url\":\"https:\/\/miradouronoticias.com\/site\/\",\"name\":\"Miradouro Not\u00edcias\",\"description\":\"Informa\u00e7\u00f5es da cidade e regi\u00e3o\",\"publisher\":{\"@id\":\"https:\/\/miradouronoticias.com\/site\/#organization\"},\"potentialAction\":[{\"@type\":\"SearchAction\",\"target\":{\"@type\":\"EntryPoint\",\"urlTemplate\":\"https:\/\/miradouronoticias.com\/site\/?s={search_term_string}\"},\"query-input\":{\"@type\":\"PropertyValueSpecification\",\"valueRequired\":true,\"valueName\":\"search_term_string\"}}],\"inLanguage\":\"pt-BR\"},{\"@type\":\"Organization\",\"@id\":\"https:\/\/miradouronoticias.com\/site\/#organization\",\"name\":\"Miradouro Not\u00edcias\",\"url\":\"https:\/\/miradouronoticias.com\/site\/\",\"logo\":{\"@type\":\"ImageObject\",\"inLanguage\":\"pt-BR\",\"@id\":\"https:\/\/miradouronoticias.com\/site\/#\/schema\/logo\/image\/\",\"url\":\"https:\/\/miradouronoticias.com\/site\/wp-content\/uploads\/2022\/01\/logomarcamiradouronoticias.png\",\"contentUrl\":\"https:\/\/miradouronoticias.com\/site\/wp-content\/uploads\/2022\/01\/logomarcamiradouronoticias.png\",\"width\":747,\"height\":263,\"caption\":\"Miradouro Not\u00edcias\"},\"image\":{\"@id\":\"https:\/\/miradouronoticias.com\/site\/#\/schema\/logo\/image\/\"}},{\"@type\":\"Person\",\"@id\":\"https:\/\/miradouronoticias.com\/site\/#\/schema\/person\/73440d8c82222950df86f3e1a16aad3b\",\"name\":\"Cl\u00e1udia Olyver\",\"sameAs\":[\"http:\/\/www.miradouronoticias.com\"],\"url\":\"https:\/\/miradouronoticias.com\/site\/author\/claudia\/\"}]}<\/script>\n<!-- \/ Yoast SEO plugin. -->","yoast_head_json":{"title":"Banco Central reduz juros b\u00e1sicos para 14,5% ao ano - Miradouro Not\u00edcias","robots":{"index":"index","follow":"follow","max-snippet":"max-snippet:-1","max-image-preview":"max-image-preview:large","max-video-preview":"max-video-preview:-1"},"canonical":"https:\/\/miradouronoticias.com\/site\/2026\/04\/30\/banco-central-reduz-juros-basicos-para-145-ao-ano\/","og_locale":"pt_BR","og_type":"article","og_title":"Banco Central reduz juros b\u00e1sicos para 14,5% ao ano - Miradouro Not\u00edcias","og_description":"&nbsp; Apesar das tens\u00f5es em torno da guerra no Oriente M\u00e9dio, o Banco Central (BC) cortou os juros pela segunda vez seguida. Por unanimidade, o Comit\u00ea de Pol\u00edtica Monet\u00e1ria (Copom) reduziu a Taxa Selic, juros b\u00e1sicos da economia, em 0,25 ponto percentual, para 14,5% ao ano. A decis\u00e3o era\u00a0esperada pelo mercado financeiro. De junho de [&hellip;]","og_url":"https:\/\/miradouronoticias.com\/site\/2026\/04\/30\/banco-central-reduz-juros-basicos-para-145-ao-ano\/","og_site_name":"Miradouro Not\u00edcias","article_published_time":"2026-04-30T09:35:58+00:00","og_image":[{"width":1170,"height":700,"url":"https:\/\/miradouronoticias.com\/site\/wp-content\/uploads\/2026\/04\/banco_central_abr_30091923895.webp","type":"image\/webp"}],"author":"Cl\u00e1udia Olyver","twitter_card":"summary_large_image","twitter_misc":{"Escrito por":"Cl\u00e1udia Olyver","Est. tempo de leitura":"5 minutos"},"schema":{"@context":"https:\/\/schema.org","@graph":[{"@type":"Article","@id":"https:\/\/miradouronoticias.com\/site\/2026\/04\/30\/banco-central-reduz-juros-basicos-para-145-ao-ano\/#article","isPartOf":{"@id":"https:\/\/miradouronoticias.com\/site\/2026\/04\/30\/banco-central-reduz-juros-basicos-para-145-ao-ano\/"},"author":{"name":"Cl\u00e1udia Olyver","@id":"https:\/\/miradouronoticias.com\/site\/#\/schema\/person\/73440d8c82222950df86f3e1a16aad3b"},"headline":"Banco Central reduz juros b\u00e1sicos para 14,5% ao ano","datePublished":"2026-04-30T09:35:58+00:00","mainEntityOfPage":{"@id":"https:\/\/miradouronoticias.com\/site\/2026\/04\/30\/banco-central-reduz-juros-basicos-para-145-ao-ano\/"},"wordCount":872,"commentCount":0,"publisher":{"@id":"https:\/\/miradouronoticias.com\/site\/#organization"},"image":{"@id":"https:\/\/miradouronoticias.com\/site\/2026\/04\/30\/banco-central-reduz-juros-basicos-para-145-ao-ano\/#primaryimage"},"thumbnailUrl":"https:\/\/miradouronoticias.com\/site\/wp-content\/uploads\/2026\/04\/banco_central_abr_30091923895.webp","articleSection":["Destaque Principal","Economia"],"inLanguage":"pt-BR","potentialAction":[{"@type":"CommentAction","name":"Comment","target":["https:\/\/miradouronoticias.com\/site\/2026\/04\/30\/banco-central-reduz-juros-basicos-para-145-ao-ano\/#respond"]}]},{"@type":"WebPage","@id":"https:\/\/miradouronoticias.com\/site\/2026\/04\/30\/banco-central-reduz-juros-basicos-para-145-ao-ano\/","url":"https:\/\/miradouronoticias.com\/site\/2026\/04\/30\/banco-central-reduz-juros-basicos-para-145-ao-ano\/","name":"Banco Central reduz juros b\u00e1sicos para 14,5% ao ano - Miradouro Not\u00edcias","isPartOf":{"@id":"https:\/\/miradouronoticias.com\/site\/#website"},"primaryImageOfPage":{"@id":"https:\/\/miradouronoticias.com\/site\/2026\/04\/30\/banco-central-reduz-juros-basicos-para-145-ao-ano\/#primaryimage"},"image":{"@id":"https:\/\/miradouronoticias.com\/site\/2026\/04\/30\/banco-central-reduz-juros-basicos-para-145-ao-ano\/#primaryimage"},"thumbnailUrl":"https:\/\/miradouronoticias.com\/site\/wp-content\/uploads\/2026\/04\/banco_central_abr_30091923895.webp","datePublished":"2026-04-30T09:35:58+00:00","breadcrumb":{"@id":"https:\/\/miradouronoticias.com\/site\/2026\/04\/30\/banco-central-reduz-juros-basicos-para-145-ao-ano\/#breadcrumb"},"inLanguage":"pt-BR","potentialAction":[{"@type":"ReadAction","target":["https:\/\/miradouronoticias.com\/site\/2026\/04\/30\/banco-central-reduz-juros-basicos-para-145-ao-ano\/"]}]},{"@type":"ImageObject","inLanguage":"pt-BR","@id":"https:\/\/miradouronoticias.com\/site\/2026\/04\/30\/banco-central-reduz-juros-basicos-para-145-ao-ano\/#primaryimage","url":"https:\/\/miradouronoticias.com\/site\/wp-content\/uploads\/2026\/04\/banco_central_abr_30091923895.webp","contentUrl":"https:\/\/miradouronoticias.com\/site\/wp-content\/uploads\/2026\/04\/banco_central_abr_30091923895.webp","width":1170,"height":700},{"@type":"BreadcrumbList","@id":"https:\/\/miradouronoticias.com\/site\/2026\/04\/30\/banco-central-reduz-juros-basicos-para-145-ao-ano\/#breadcrumb","itemListElement":[{"@type":"ListItem","position":1,"name":"In\u00edcio","item":"https:\/\/miradouronoticias.com\/site\/"},{"@type":"ListItem","position":2,"name":"Banco Central reduz juros b\u00e1sicos para 14,5% ao ano"}]},{"@type":"WebSite","@id":"https:\/\/miradouronoticias.com\/site\/#website","url":"https:\/\/miradouronoticias.com\/site\/","name":"Miradouro Not\u00edcias","description":"Informa\u00e7\u00f5es da cidade e regi\u00e3o","publisher":{"@id":"https:\/\/miradouronoticias.com\/site\/#organization"},"potentialAction":[{"@type":"SearchAction","target":{"@type":"EntryPoint","urlTemplate":"https:\/\/miradouronoticias.com\/site\/?s={search_term_string}"},"query-input":{"@type":"PropertyValueSpecification","valueRequired":true,"valueName":"search_term_string"}}],"inLanguage":"pt-BR"},{"@type":"Organization","@id":"https:\/\/miradouronoticias.com\/site\/#organization","name":"Miradouro Not\u00edcias","url":"https:\/\/miradouronoticias.com\/site\/","logo":{"@type":"ImageObject","inLanguage":"pt-BR","@id":"https:\/\/miradouronoticias.com\/site\/#\/schema\/logo\/image\/","url":"https:\/\/miradouronoticias.com\/site\/wp-content\/uploads\/2022\/01\/logomarcamiradouronoticias.png","contentUrl":"https:\/\/miradouronoticias.com\/site\/wp-content\/uploads\/2022\/01\/logomarcamiradouronoticias.png","width":747,"height":263,"caption":"Miradouro Not\u00edcias"},"image":{"@id":"https:\/\/miradouronoticias.com\/site\/#\/schema\/logo\/image\/"}},{"@type":"Person","@id":"https:\/\/miradouronoticias.com\/site\/#\/schema\/person\/73440d8c82222950df86f3e1a16aad3b","name":"Cl\u00e1udia Olyver","sameAs":["http:\/\/www.miradouronoticias.com"],"url":"https:\/\/miradouronoticias.com\/site\/author\/claudia\/"}]}},"_links":{"self":[{"href":"https:\/\/miradouronoticias.com\/site\/wp-json\/wp\/v2\/posts\/32784","targetHints":{"allow":["GET"]}}],"collection":[{"href":"https:\/\/miradouronoticias.com\/site\/wp-json\/wp\/v2\/posts"}],"about":[{"href":"https:\/\/miradouronoticias.com\/site\/wp-json\/wp\/v2\/types\/post"}],"author":[{"embeddable":true,"href":"https:\/\/miradouronoticias.com\/site\/wp-json\/wp\/v2\/users\/4"}],"replies":[{"embeddable":true,"href":"https:\/\/miradouronoticias.com\/site\/wp-json\/wp\/v2\/comments?post=32784"}],"version-history":[{"count":1,"href":"https:\/\/miradouronoticias.com\/site\/wp-json\/wp\/v2\/posts\/32784\/revisions"}],"predecessor-version":[{"id":32786,"href":"https:\/\/miradouronoticias.com\/site\/wp-json\/wp\/v2\/posts\/32784\/revisions\/32786"}],"wp:featuredmedia":[{"embeddable":true,"href":"https:\/\/miradouronoticias.com\/site\/wp-json\/wp\/v2\/media\/32785"}],"wp:attachment":[{"href":"https:\/\/miradouronoticias.com\/site\/wp-json\/wp\/v2\/media?parent=32784"}],"wp:term":[{"taxonomy":"category","embeddable":true,"href":"https:\/\/miradouronoticias.com\/site\/wp-json\/wp\/v2\/categories?post=32784"},{"taxonomy":"post_tag","embeddable":true,"href":"https:\/\/miradouronoticias.com\/site\/wp-json\/wp\/v2\/tags?post=32784"}],"curies":[{"name":"wp","href":"https:\/\/api.w.org\/{rel}","templated":true}]}}