{"id":32775,"date":"2026-04-29T13:17:17","date_gmt":"2026-04-29T16:17:17","guid":{"rendered":"https:\/\/miradouronoticias.com\/site\/?p=32775"},"modified":"2026-04-29T13:17:17","modified_gmt":"2026-04-29T16:17:17","slug":"copom-decide-selic-em-meio-a-guerra-e-inflacao-acelerando","status":"publish","type":"post","link":"https:\/\/miradouronoticias.com\/site\/2026\/04\/29\/copom-decide-selic-em-meio-a-guerra-e-inflacao-acelerando\/","title":{"rendered":"Copom decide Selic em meio a guerra e infla\u00e7\u00e3o acelerando"},"content":{"rendered":"<p><img loading=\"lazy\" decoding=\"async\" class=\"alignnone size-medium wp-image-32776\" src=\"https:\/\/miradouronoticias.com\/site\/wp-content\/uploads\/2026\/04\/banco_central_economia_0413202009-300x179.jpg\" alt=\"\" width=\"300\" height=\"179\" srcset=\"https:\/\/miradouronoticias.com\/site\/wp-content\/uploads\/2026\/04\/banco_central_economia_0413202009-300x179.jpg 300w, https:\/\/miradouronoticias.com\/site\/wp-content\/uploads\/2026\/04\/banco_central_economia_0413202009-1024x613.jpg 1024w, https:\/\/miradouronoticias.com\/site\/wp-content\/uploads\/2026\/04\/banco_central_economia_0413202009-768x459.jpg 768w, https:\/\/miradouronoticias.com\/site\/wp-content\/uploads\/2026\/04\/banco_central_economia_0413202009.jpg 1170w\" sizes=\"auto, (max-width: 300px) 100vw, 300px\" \/><\/p>\n<header id=\"header-site\" class=\"header-site full-width rel-position\">\n<div class=\"header-veiculo full-width\">\n<aside id=\"nav-menu-mobile\" class=\"nav-menu-mobile\">&nbsp;<\/p>\n<\/aside>\n<\/div>\n<div class=\"header-editorias rowflex full-width\"><\/div>\n<\/header>\n<p><main class=\"main-site\"><\/p>\n<div class=\"region region-content\">\n<div id=\"block-system-main\" class=\"block block-system\">\n<div class=\"content\">\n<div id=\"panel\" class=\"container-noticia rel-position\">\n<div id=\"node-1687577\" class=\"node node-conteudo clearfix\">\n<div class=\"conteudo-noticia\">\n<p><strong>Com a guerra no Oriente M\u00e9dio pressionando o pre\u00e7o dos combust\u00edveis e a infla\u00e7\u00e3o, o Comit\u00ea de Pol\u00edtica Monet\u00e1ria (Copom) do Banco Central (BC) faz nesta quarta-feira (29) a terceira reuni\u00e3o do ano.\u00a0<\/strong>Mesmo com a alta do petr\u00f3leo, os analistas de mercado acreditam na segunda redu\u00e7\u00e3o seguida de juros.<img decoding=\"async\" src=\"https:\/\/agenciabrasil.ebc.com.br\/ebc.png?id=1687577&amp;o=node\" \/><img decoding=\"async\" src=\"https:\/\/agenciabrasil.ebc.com.br\/ebc.gif?id=1687577&amp;o=node\" \/><\/p>\n<p><strong>Atualmente em 14,75% ao ano, a Selic ficou em 15%, no maior n\u00edvel em quase 20 anos, de junho de 2025 a mar\u00e7o deste ano.<\/strong><\/p>\n<p>A decis\u00e3o sobre a Taxa Selic ser\u00e1 anunciada no in\u00edcio da noite desta quarta. O Copom estar\u00e1 desfalcado porque o mandato dos diretores de Organiza\u00e7\u00e3o do Sistema Financeiro, Renato Gomes, e de Pol\u00edtica Econ\u00f4mica, Paulo Pichetti, expirou no fim de 2025. O presidente Luiz In\u00e1cio Lula da Silva at\u00e9 agora n\u00e3o encaminhou as indica\u00e7\u00f5es dos substitutos ao Congresso Nacional.<\/p>\n<p>Na reuni\u00e3o deste m\u00eas, haver\u00e1 mais um desfalque. Na ter\u00e7a-feira (28), o Banco Central anunciou que o diretor de Administra\u00e7\u00e3o, Rodrigo Teixeira, se ausentar\u00e1 por falecimento de um parente de primeiro grau.<\/p>\n<p>Na ata da reuni\u00e3o de mar\u00e7o, o Copom deixou de indicar se\u00a0<a href=\"https:\/\/agenciabrasil.ebc.com.br\/economia\/noticia\/2026-03\/ata-do-copom-bc-nao-indica-mais-cortes-na-taxa-de-juros\" target=\"_blank\" rel=\"noopener\">continuar\u00e1 a cortar os juros<\/a>.\u00a0<strong>Com a Guerra no Oriente M\u00e9dio,\u00a0 o BC afirmou que a magnitude e o \u201cciclo de calibra\u00e7\u00e3o\u201d (para cima ou para baixo) da Selic ser\u00e3o determinados \u201cao longo do tempo\u201d, \u00e0 medida que novas informa\u00e7\u00f5es forem incorporadas \u00e0s an\u00e1lises.<\/strong><\/p>\n<p>Segundo a edi\u00e7\u00e3o mais recente do boletim Focus, pesquisa semanal com analistas de mercado, a\u00a0<a href=\"https:\/\/agenciabrasil.ebc.com.br\/economia\/noticia\/2026-03\/mercado-estima-reducao-da-selic-em-025-ponto-esta-semana\" target=\"_blank\" rel=\"noopener\">taxa b\u00e1sica<\/a>\u00a0deve ser reduzida em 0,25 ponto percentual, para 14,5% ao ano.<\/p>\n<p><a href=\"https:\/\/www.whatsapp.com\/channel\/0029VaoRTgrInlqYLSk59B2M\" target=\"_blank\" rel=\"noopener\">&gt;&gt; Siga o canal da\u00a0<strong>Ag\u00eancia Brasil\u00a0<\/strong>no WhatsApp<\/a><\/p>\n<h2>Infla\u00e7\u00e3o<\/h2>\n<p>O comportamento da infla\u00e7\u00e3o continua uma inc\u00f3gnita. A\u00a0<strong><a href=\"https:\/\/agenciabrasil.ebc.com.br\/economia\/noticia\/2026-04\/gasolina-e-alimentos-pressionam-e-previa-da-inflacao-sobe-para-089\" target=\"_blank\" rel=\"noopener\">pr\u00e9via da infla\u00e7\u00e3o<\/a>\u00a0oficial pelo \u00cdndice Nacional de Pre\u00e7os ao Consumidor Amplo-15 (IPCA-15) acelerou para 0,89% em abril, pressionada por combust\u00edveis e alimentos.<\/strong>\u00a0<strong>No acumulado de 12 meses, o \u00edndice acelerou para 4,37%, contra 3,9% em mar\u00e7o.<\/strong><\/p>\n<p><strong>Segundo o \u00faltimo boletim Focus, a estimativa de infla\u00e7\u00e3o para 2026 subiu para 4,86%, por causa do conflito no Oriente M\u00e9dio. Isso representa infla\u00e7\u00e3o acima do teto da meta cont\u00ednua estabelecida pelo Conselho Monet\u00e1rio Nacional (CMN). Oficialmente, a meta est\u00e1 em 3%, podendo chegar a 4,5% por causa do intervalo de toler\u00e2ncia de 1,5 ponto.<\/strong><\/p>\n<h2>Taxa Selic<\/h2>\n<p>A taxa b\u00e1sica de juros \u00e9 usada nas negocia\u00e7\u00f5es de t\u00edtulos p\u00fablicos emitidos pelo Tesouro Nacional no Sistema Especial de Liquida\u00e7\u00e3o e Cust\u00f3dia (Selic) e serve de refer\u00eancia para as demais taxas da economia. Ela \u00e9 o\u00a0<strong>principal instrumento do Banco Central para manter a infla\u00e7\u00e3o sob controle.<\/strong>\u00a0O BC atua diariamente por meio de opera\u00e7\u00f5es de mercado aberto \u2013 comprando e vendendo t\u00edtulos p\u00fablicos federais \u2013 para manter a taxa de juros pr\u00f3xima do valor definido na reuni\u00e3o.<\/p>\n<p>Quando o Copom aumenta a taxa b\u00e1sica de juros, pretende conter a demanda aquecida, e isso causa reflexos nos pre\u00e7os porque os juros mais altos encarecem o cr\u00e9dito e estimulam a poupan\u00e7a. Desse modo, taxas mais altas tamb\u00e9m podem dificultar a expans\u00e3o da economia. Mas, al\u00e9m da Selic, os bancos consideram outros fatores na hora de definir os juros cobrados dos consumidores, como risco de inadimpl\u00eancia, lucro e despesas administrativas.<\/p>\n<p><strong>Ao reduzir a Selic, a tend\u00eancia \u00e9 que o cr\u00e9dito fique mais barato, com incentivo \u00e0 produ\u00e7\u00e3o e ao consumo, reduzindo o controle da infla\u00e7\u00e3o e estimulando a atividade econ\u00f4mica.<\/strong><\/p>\n<p>O Copom re\u00fane-se a cada 45 dias. No primeiro dia do encontro, s\u00e3o feitas apresenta\u00e7\u00f5es t\u00e9cnicas sobre a evolu\u00e7\u00e3o e as perspectivas das economias brasileira e mundial e o comportamento do mercado financeiro. No segundo dia, os membros do Copom, formado pela diretoria do BC, analisam as possibilidades e definem a Selic.<\/p>\n<h2>Meta cont\u00ednua<\/h2>\n<p>Pelo novo sistema de\u00a0<a href=\"https:\/\/agenciabrasil.ebc.com.br\/economia\/noticia\/2024-06\/cmn-define-centro-da-meta-continua-de-inflacao-em-3\" target=\"_blank\" rel=\"noopener\">meta cont\u00ednua<\/a>\u00a0em vigor desde janeiro de 2025, a meta de infla\u00e7\u00e3o que deve ser perseguida pelo BC, definida pelo Conselho Monet\u00e1rio Nacional, \u00e9 3%, com intervalo de toler\u00e2ncia de 1,5 ponto percentual para cima ou para baixo. Ou seja, o<strong>\u00a0limite inferior \u00e9 1,5% e o superior \u00e9 4,5%.<\/strong><\/p>\n<p>No modelo de meta cont\u00ednua, a meta passa ser apurada m\u00eas a m\u00eas, considerando a infla\u00e7\u00e3o acumulada em 12 meses. Em abril de 2026, a infla\u00e7\u00e3o desde maio de 2025 \u00e9 comparada com a meta e o intervalo de toler\u00e2ncia. Em maio de 2026, o procedimento se repete, com apura\u00e7\u00e3o a partir de junho de 2025. Dessa forma, a verifica\u00e7\u00e3o se desloca ao longo do tempo, n\u00e3o ficando mais restrita ao \u00edndice fechado de dezembro de cada ano.<\/p>\n<p>No \u00faltimo Relat\u00f3rio de Pol\u00edtica Monet\u00e1ria, divulgado no fim de mar\u00e7o pelo\u00a0<a href=\"https:\/\/agenciabrasil.ebc.com.br\/economia\/noticia\/2026-03\/banco-central-preve-crescimento-de-16-para-o-pib-em-2026\" target=\"_blank\" rel=\"noopener\">Banco Central,<\/a>\u00a0a autoridade monet\u00e1ria elevou de 3,5% para 3,6% a previs\u00e3o para o IPCA em 2026, mas a estimativa deve ser revista se a guerra no Oriente M\u00e9dio se prolongar. A pr\u00f3xima edi\u00e7\u00e3o do documento, que substituiu o Relat\u00f3rio de Infla\u00e7\u00e3o, ser\u00e1 divulgada no fim de junho.<\/p>\n<p>By: miradouronoticias.com.br\/ ag\u00eancia Brasil<\/p>\n<\/div>\n<\/div>\n<\/div>\n<\/div>\n<\/div>\n<\/div>\n<p><\/main><\/p>\n","protected":false},"excerpt":{"rendered":"<p>&nbsp; Com a guerra no Oriente M\u00e9dio pressionando o pre\u00e7o dos combust\u00edveis e a infla\u00e7\u00e3o, o Comit\u00ea de Pol\u00edtica Monet\u00e1ria (Copom) do Banco Central (BC) faz nesta quarta-feira (29) a terceira reuni\u00e3o do ano.\u00a0Mesmo com a alta do petr\u00f3leo, os analistas de mercado acreditam na segunda redu\u00e7\u00e3o seguida de juros. Atualmente em 14,75% ao ano, [&hellip;]<\/p>\n","protected":false},"author":4,"featured_media":32776,"comment_status":"open","ping_status":"closed","sticky":false,"template":"","format":"standard","meta":{"footnotes":""},"categories":[1,29],"tags":[],"class_list":["post-32775","post","type-post","status-publish","format-standard","has-post-thumbnail","hentry","category-destaque-principal","category-economia"],"yoast_head":"<!-- This site is optimized with the Yoast SEO plugin v27.2 - https:\/\/yoast.com\/product\/yoast-seo-wordpress\/ -->\n<title>Copom decide Selic em meio a guerra e infla\u00e7\u00e3o acelerando - Miradouro Not\u00edcias<\/title>\n<meta name=\"robots\" content=\"index, follow, max-snippet:-1, max-image-preview:large, max-video-preview:-1\" \/>\n<link rel=\"canonical\" href=\"https:\/\/miradouronoticias.com\/site\/2026\/04\/29\/copom-decide-selic-em-meio-a-guerra-e-inflacao-acelerando\/\" \/>\n<meta property=\"og:locale\" content=\"pt_BR\" \/>\n<meta property=\"og:type\" content=\"article\" \/>\n<meta property=\"og:title\" content=\"Copom decide Selic em meio a guerra e infla\u00e7\u00e3o acelerando - Miradouro Not\u00edcias\" \/>\n<meta property=\"og:description\" content=\"&nbsp; Com a guerra no Oriente M\u00e9dio pressionando o pre\u00e7o dos combust\u00edveis e a infla\u00e7\u00e3o, o Comit\u00ea de Pol\u00edtica Monet\u00e1ria (Copom) do Banco Central (BC) faz nesta quarta-feira (29) a terceira reuni\u00e3o do ano.\u00a0Mesmo com a alta do petr\u00f3leo, os analistas de mercado acreditam na segunda redu\u00e7\u00e3o seguida de juros. Atualmente em 14,75% ao ano, [&hellip;]\" \/>\n<meta property=\"og:url\" content=\"https:\/\/miradouronoticias.com\/site\/2026\/04\/29\/copom-decide-selic-em-meio-a-guerra-e-inflacao-acelerando\/\" \/>\n<meta property=\"og:site_name\" content=\"Miradouro Not\u00edcias\" \/>\n<meta property=\"article:published_time\" content=\"2026-04-29T16:17:17+00:00\" \/>\n<meta property=\"og:image\" content=\"https:\/\/miradouronoticias.com\/site\/wp-content\/uploads\/2026\/04\/banco_central_economia_0413202009.jpg\" \/>\n\t<meta property=\"og:image:width\" content=\"1170\" \/>\n\t<meta property=\"og:image:height\" content=\"700\" \/>\n\t<meta property=\"og:image:type\" content=\"image\/jpeg\" \/>\n<meta name=\"author\" content=\"Cl\u00e1udia Olyver\" \/>\n<meta name=\"twitter:card\" content=\"summary_large_image\" \/>\n<meta name=\"twitter:label1\" content=\"Escrito por\" \/>\n\t<meta name=\"twitter:data1\" content=\"Cl\u00e1udia Olyver\" \/>\n\t<meta name=\"twitter:label2\" content=\"Est. tempo de leitura\" \/>\n\t<meta name=\"twitter:data2\" content=\"6 minutos\" \/>\n<script type=\"application\/ld+json\" class=\"yoast-schema-graph\">{\"@context\":\"https:\/\/schema.org\",\"@graph\":[{\"@type\":\"Article\",\"@id\":\"https:\/\/miradouronoticias.com\/site\/2026\/04\/29\/copom-decide-selic-em-meio-a-guerra-e-inflacao-acelerando\/#article\",\"isPartOf\":{\"@id\":\"https:\/\/miradouronoticias.com\/site\/2026\/04\/29\/copom-decide-selic-em-meio-a-guerra-e-inflacao-acelerando\/\"},\"author\":{\"name\":\"Cl\u00e1udia Olyver\",\"@id\":\"https:\/\/miradouronoticias.com\/site\/#\/schema\/person\/73440d8c82222950df86f3e1a16aad3b\"},\"headline\":\"Copom decide Selic em meio a guerra e infla\u00e7\u00e3o acelerando\",\"datePublished\":\"2026-04-29T16:17:17+00:00\",\"mainEntityOfPage\":{\"@id\":\"https:\/\/miradouronoticias.com\/site\/2026\/04\/29\/copom-decide-selic-em-meio-a-guerra-e-inflacao-acelerando\/\"},\"wordCount\":867,\"commentCount\":0,\"publisher\":{\"@id\":\"https:\/\/miradouronoticias.com\/site\/#organization\"},\"image\":{\"@id\":\"https:\/\/miradouronoticias.com\/site\/2026\/04\/29\/copom-decide-selic-em-meio-a-guerra-e-inflacao-acelerando\/#primaryimage\"},\"thumbnailUrl\":\"https:\/\/miradouronoticias.com\/site\/wp-content\/uploads\/2026\/04\/banco_central_economia_0413202009.jpg\",\"articleSection\":[\"Destaque Principal\",\"Economia\"],\"inLanguage\":\"pt-BR\",\"potentialAction\":[{\"@type\":\"CommentAction\",\"name\":\"Comment\",\"target\":[\"https:\/\/miradouronoticias.com\/site\/2026\/04\/29\/copom-decide-selic-em-meio-a-guerra-e-inflacao-acelerando\/#respond\"]}]},{\"@type\":\"WebPage\",\"@id\":\"https:\/\/miradouronoticias.com\/site\/2026\/04\/29\/copom-decide-selic-em-meio-a-guerra-e-inflacao-acelerando\/\",\"url\":\"https:\/\/miradouronoticias.com\/site\/2026\/04\/29\/copom-decide-selic-em-meio-a-guerra-e-inflacao-acelerando\/\",\"name\":\"Copom decide Selic em meio a guerra e infla\u00e7\u00e3o acelerando - Miradouro Not\u00edcias\",\"isPartOf\":{\"@id\":\"https:\/\/miradouronoticias.com\/site\/#website\"},\"primaryImageOfPage\":{\"@id\":\"https:\/\/miradouronoticias.com\/site\/2026\/04\/29\/copom-decide-selic-em-meio-a-guerra-e-inflacao-acelerando\/#primaryimage\"},\"image\":{\"@id\":\"https:\/\/miradouronoticias.com\/site\/2026\/04\/29\/copom-decide-selic-em-meio-a-guerra-e-inflacao-acelerando\/#primaryimage\"},\"thumbnailUrl\":\"https:\/\/miradouronoticias.com\/site\/wp-content\/uploads\/2026\/04\/banco_central_economia_0413202009.jpg\",\"datePublished\":\"2026-04-29T16:17:17+00:00\",\"breadcrumb\":{\"@id\":\"https:\/\/miradouronoticias.com\/site\/2026\/04\/29\/copom-decide-selic-em-meio-a-guerra-e-inflacao-acelerando\/#breadcrumb\"},\"inLanguage\":\"pt-BR\",\"potentialAction\":[{\"@type\":\"ReadAction\",\"target\":[\"https:\/\/miradouronoticias.com\/site\/2026\/04\/29\/copom-decide-selic-em-meio-a-guerra-e-inflacao-acelerando\/\"]}]},{\"@type\":\"ImageObject\",\"inLanguage\":\"pt-BR\",\"@id\":\"https:\/\/miradouronoticias.com\/site\/2026\/04\/29\/copom-decide-selic-em-meio-a-guerra-e-inflacao-acelerando\/#primaryimage\",\"url\":\"https:\/\/miradouronoticias.com\/site\/wp-content\/uploads\/2026\/04\/banco_central_economia_0413202009.jpg\",\"contentUrl\":\"https:\/\/miradouronoticias.com\/site\/wp-content\/uploads\/2026\/04\/banco_central_economia_0413202009.jpg\",\"width\":1170,\"height\":700},{\"@type\":\"BreadcrumbList\",\"@id\":\"https:\/\/miradouronoticias.com\/site\/2026\/04\/29\/copom-decide-selic-em-meio-a-guerra-e-inflacao-acelerando\/#breadcrumb\",\"itemListElement\":[{\"@type\":\"ListItem\",\"position\":1,\"name\":\"In\u00edcio\",\"item\":\"https:\/\/miradouronoticias.com\/site\/\"},{\"@type\":\"ListItem\",\"position\":2,\"name\":\"Copom decide Selic em meio a guerra e infla\u00e7\u00e3o acelerando\"}]},{\"@type\":\"WebSite\",\"@id\":\"https:\/\/miradouronoticias.com\/site\/#website\",\"url\":\"https:\/\/miradouronoticias.com\/site\/\",\"name\":\"Miradouro Not\u00edcias\",\"description\":\"Informa\u00e7\u00f5es da cidade e regi\u00e3o\",\"publisher\":{\"@id\":\"https:\/\/miradouronoticias.com\/site\/#organization\"},\"potentialAction\":[{\"@type\":\"SearchAction\",\"target\":{\"@type\":\"EntryPoint\",\"urlTemplate\":\"https:\/\/miradouronoticias.com\/site\/?s={search_term_string}\"},\"query-input\":{\"@type\":\"PropertyValueSpecification\",\"valueRequired\":true,\"valueName\":\"search_term_string\"}}],\"inLanguage\":\"pt-BR\"},{\"@type\":\"Organization\",\"@id\":\"https:\/\/miradouronoticias.com\/site\/#organization\",\"name\":\"Miradouro Not\u00edcias\",\"url\":\"https:\/\/miradouronoticias.com\/site\/\",\"logo\":{\"@type\":\"ImageObject\",\"inLanguage\":\"pt-BR\",\"@id\":\"https:\/\/miradouronoticias.com\/site\/#\/schema\/logo\/image\/\",\"url\":\"https:\/\/miradouronoticias.com\/site\/wp-content\/uploads\/2022\/01\/logomarcamiradouronoticias.png\",\"contentUrl\":\"https:\/\/miradouronoticias.com\/site\/wp-content\/uploads\/2022\/01\/logomarcamiradouronoticias.png\",\"width\":747,\"height\":263,\"caption\":\"Miradouro Not\u00edcias\"},\"image\":{\"@id\":\"https:\/\/miradouronoticias.com\/site\/#\/schema\/logo\/image\/\"}},{\"@type\":\"Person\",\"@id\":\"https:\/\/miradouronoticias.com\/site\/#\/schema\/person\/73440d8c82222950df86f3e1a16aad3b\",\"name\":\"Cl\u00e1udia Olyver\",\"sameAs\":[\"http:\/\/www.miradouronoticias.com\"],\"url\":\"https:\/\/miradouronoticias.com\/site\/author\/claudia\/\"}]}<\/script>\n<!-- \/ Yoast SEO plugin. -->","yoast_head_json":{"title":"Copom decide Selic em meio a guerra e infla\u00e7\u00e3o acelerando - Miradouro Not\u00edcias","robots":{"index":"index","follow":"follow","max-snippet":"max-snippet:-1","max-image-preview":"max-image-preview:large","max-video-preview":"max-video-preview:-1"},"canonical":"https:\/\/miradouronoticias.com\/site\/2026\/04\/29\/copom-decide-selic-em-meio-a-guerra-e-inflacao-acelerando\/","og_locale":"pt_BR","og_type":"article","og_title":"Copom decide Selic em meio a guerra e infla\u00e7\u00e3o acelerando - Miradouro Not\u00edcias","og_description":"&nbsp; Com a guerra no Oriente M\u00e9dio pressionando o pre\u00e7o dos combust\u00edveis e a infla\u00e7\u00e3o, o Comit\u00ea de Pol\u00edtica Monet\u00e1ria (Copom) do Banco Central (BC) faz nesta quarta-feira (29) a terceira reuni\u00e3o do ano.\u00a0Mesmo com a alta do petr\u00f3leo, os analistas de mercado acreditam na segunda redu\u00e7\u00e3o seguida de juros. Atualmente em 14,75% ao ano, [&hellip;]","og_url":"https:\/\/miradouronoticias.com\/site\/2026\/04\/29\/copom-decide-selic-em-meio-a-guerra-e-inflacao-acelerando\/","og_site_name":"Miradouro Not\u00edcias","article_published_time":"2026-04-29T16:17:17+00:00","og_image":[{"width":1170,"height":700,"url":"https:\/\/miradouronoticias.com\/site\/wp-content\/uploads\/2026\/04\/banco_central_economia_0413202009.jpg","type":"image\/jpeg"}],"author":"Cl\u00e1udia Olyver","twitter_card":"summary_large_image","twitter_misc":{"Escrito por":"Cl\u00e1udia Olyver","Est. tempo de leitura":"6 minutos"},"schema":{"@context":"https:\/\/schema.org","@graph":[{"@type":"Article","@id":"https:\/\/miradouronoticias.com\/site\/2026\/04\/29\/copom-decide-selic-em-meio-a-guerra-e-inflacao-acelerando\/#article","isPartOf":{"@id":"https:\/\/miradouronoticias.com\/site\/2026\/04\/29\/copom-decide-selic-em-meio-a-guerra-e-inflacao-acelerando\/"},"author":{"name":"Cl\u00e1udia Olyver","@id":"https:\/\/miradouronoticias.com\/site\/#\/schema\/person\/73440d8c82222950df86f3e1a16aad3b"},"headline":"Copom decide Selic em meio a guerra e infla\u00e7\u00e3o acelerando","datePublished":"2026-04-29T16:17:17+00:00","mainEntityOfPage":{"@id":"https:\/\/miradouronoticias.com\/site\/2026\/04\/29\/copom-decide-selic-em-meio-a-guerra-e-inflacao-acelerando\/"},"wordCount":867,"commentCount":0,"publisher":{"@id":"https:\/\/miradouronoticias.com\/site\/#organization"},"image":{"@id":"https:\/\/miradouronoticias.com\/site\/2026\/04\/29\/copom-decide-selic-em-meio-a-guerra-e-inflacao-acelerando\/#primaryimage"},"thumbnailUrl":"https:\/\/miradouronoticias.com\/site\/wp-content\/uploads\/2026\/04\/banco_central_economia_0413202009.jpg","articleSection":["Destaque Principal","Economia"],"inLanguage":"pt-BR","potentialAction":[{"@type":"CommentAction","name":"Comment","target":["https:\/\/miradouronoticias.com\/site\/2026\/04\/29\/copom-decide-selic-em-meio-a-guerra-e-inflacao-acelerando\/#respond"]}]},{"@type":"WebPage","@id":"https:\/\/miradouronoticias.com\/site\/2026\/04\/29\/copom-decide-selic-em-meio-a-guerra-e-inflacao-acelerando\/","url":"https:\/\/miradouronoticias.com\/site\/2026\/04\/29\/copom-decide-selic-em-meio-a-guerra-e-inflacao-acelerando\/","name":"Copom decide Selic em meio a guerra e infla\u00e7\u00e3o acelerando - Miradouro Not\u00edcias","isPartOf":{"@id":"https:\/\/miradouronoticias.com\/site\/#website"},"primaryImageOfPage":{"@id":"https:\/\/miradouronoticias.com\/site\/2026\/04\/29\/copom-decide-selic-em-meio-a-guerra-e-inflacao-acelerando\/#primaryimage"},"image":{"@id":"https:\/\/miradouronoticias.com\/site\/2026\/04\/29\/copom-decide-selic-em-meio-a-guerra-e-inflacao-acelerando\/#primaryimage"},"thumbnailUrl":"https:\/\/miradouronoticias.com\/site\/wp-content\/uploads\/2026\/04\/banco_central_economia_0413202009.jpg","datePublished":"2026-04-29T16:17:17+00:00","breadcrumb":{"@id":"https:\/\/miradouronoticias.com\/site\/2026\/04\/29\/copom-decide-selic-em-meio-a-guerra-e-inflacao-acelerando\/#breadcrumb"},"inLanguage":"pt-BR","potentialAction":[{"@type":"ReadAction","target":["https:\/\/miradouronoticias.com\/site\/2026\/04\/29\/copom-decide-selic-em-meio-a-guerra-e-inflacao-acelerando\/"]}]},{"@type":"ImageObject","inLanguage":"pt-BR","@id":"https:\/\/miradouronoticias.com\/site\/2026\/04\/29\/copom-decide-selic-em-meio-a-guerra-e-inflacao-acelerando\/#primaryimage","url":"https:\/\/miradouronoticias.com\/site\/wp-content\/uploads\/2026\/04\/banco_central_economia_0413202009.jpg","contentUrl":"https:\/\/miradouronoticias.com\/site\/wp-content\/uploads\/2026\/04\/banco_central_economia_0413202009.jpg","width":1170,"height":700},{"@type":"BreadcrumbList","@id":"https:\/\/miradouronoticias.com\/site\/2026\/04\/29\/copom-decide-selic-em-meio-a-guerra-e-inflacao-acelerando\/#breadcrumb","itemListElement":[{"@type":"ListItem","position":1,"name":"In\u00edcio","item":"https:\/\/miradouronoticias.com\/site\/"},{"@type":"ListItem","position":2,"name":"Copom decide Selic em meio a guerra e infla\u00e7\u00e3o acelerando"}]},{"@type":"WebSite","@id":"https:\/\/miradouronoticias.com\/site\/#website","url":"https:\/\/miradouronoticias.com\/site\/","name":"Miradouro Not\u00edcias","description":"Informa\u00e7\u00f5es da cidade e regi\u00e3o","publisher":{"@id":"https:\/\/miradouronoticias.com\/site\/#organization"},"potentialAction":[{"@type":"SearchAction","target":{"@type":"EntryPoint","urlTemplate":"https:\/\/miradouronoticias.com\/site\/?s={search_term_string}"},"query-input":{"@type":"PropertyValueSpecification","valueRequired":true,"valueName":"search_term_string"}}],"inLanguage":"pt-BR"},{"@type":"Organization","@id":"https:\/\/miradouronoticias.com\/site\/#organization","name":"Miradouro Not\u00edcias","url":"https:\/\/miradouronoticias.com\/site\/","logo":{"@type":"ImageObject","inLanguage":"pt-BR","@id":"https:\/\/miradouronoticias.com\/site\/#\/schema\/logo\/image\/","url":"https:\/\/miradouronoticias.com\/site\/wp-content\/uploads\/2022\/01\/logomarcamiradouronoticias.png","contentUrl":"https:\/\/miradouronoticias.com\/site\/wp-content\/uploads\/2022\/01\/logomarcamiradouronoticias.png","width":747,"height":263,"caption":"Miradouro Not\u00edcias"},"image":{"@id":"https:\/\/miradouronoticias.com\/site\/#\/schema\/logo\/image\/"}},{"@type":"Person","@id":"https:\/\/miradouronoticias.com\/site\/#\/schema\/person\/73440d8c82222950df86f3e1a16aad3b","name":"Cl\u00e1udia Olyver","sameAs":["http:\/\/www.miradouronoticias.com"],"url":"https:\/\/miradouronoticias.com\/site\/author\/claudia\/"}]}},"_links":{"self":[{"href":"https:\/\/miradouronoticias.com\/site\/wp-json\/wp\/v2\/posts\/32775","targetHints":{"allow":["GET"]}}],"collection":[{"href":"https:\/\/miradouronoticias.com\/site\/wp-json\/wp\/v2\/posts"}],"about":[{"href":"https:\/\/miradouronoticias.com\/site\/wp-json\/wp\/v2\/types\/post"}],"author":[{"embeddable":true,"href":"https:\/\/miradouronoticias.com\/site\/wp-json\/wp\/v2\/users\/4"}],"replies":[{"embeddable":true,"href":"https:\/\/miradouronoticias.com\/site\/wp-json\/wp\/v2\/comments?post=32775"}],"version-history":[{"count":1,"href":"https:\/\/miradouronoticias.com\/site\/wp-json\/wp\/v2\/posts\/32775\/revisions"}],"predecessor-version":[{"id":32777,"href":"https:\/\/miradouronoticias.com\/site\/wp-json\/wp\/v2\/posts\/32775\/revisions\/32777"}],"wp:featuredmedia":[{"embeddable":true,"href":"https:\/\/miradouronoticias.com\/site\/wp-json\/wp\/v2\/media\/32776"}],"wp:attachment":[{"href":"https:\/\/miradouronoticias.com\/site\/wp-json\/wp\/v2\/media?parent=32775"}],"wp:term":[{"taxonomy":"category","embeddable":true,"href":"https:\/\/miradouronoticias.com\/site\/wp-json\/wp\/v2\/categories?post=32775"},{"taxonomy":"post_tag","embeddable":true,"href":"https:\/\/miradouronoticias.com\/site\/wp-json\/wp\/v2\/tags?post=32775"}],"curies":[{"name":"wp","href":"https:\/\/api.w.org\/{rel}","templated":true}]}}