{"id":32768,"date":"2026-04-28T05:51:20","date_gmt":"2026-04-28T08:51:20","guid":{"rendered":"https:\/\/miradouronoticias.com\/site\/?p=32768"},"modified":"2026-04-28T05:51:20","modified_gmt":"2026-04-28T08:51:20","slug":"novo-desenrola-permitira-uso-do-fgts-para-renegociacao-de-dividas","status":"publish","type":"post","link":"https:\/\/miradouronoticias.com\/site\/2026\/04\/28\/novo-desenrola-permitira-uso-do-fgts-para-renegociacao-de-dividas\/","title":{"rendered":"Novo Desenrola permitir\u00e1 uso do FGTS para renegocia\u00e7\u00e3o de d\u00edvidas"},"content":{"rendered":"<p><img loading=\"lazy\" decoding=\"async\" class=\"alignnone size-medium wp-image-32769\" src=\"https:\/\/miradouronoticias.com\/site\/wp-content\/uploads\/2026\/04\/int9388.jpg-300x179.webp\" alt=\"\" width=\"300\" height=\"179\" srcset=\"https:\/\/miradouronoticias.com\/site\/wp-content\/uploads\/2026\/04\/int9388.jpg-300x179.webp 300w, https:\/\/miradouronoticias.com\/site\/wp-content\/uploads\/2026\/04\/int9388.jpg-1024x613.webp 1024w, https:\/\/miradouronoticias.com\/site\/wp-content\/uploads\/2026\/04\/int9388.jpg-768x459.webp 768w, https:\/\/miradouronoticias.com\/site\/wp-content\/uploads\/2026\/04\/int9388.jpg.webp 1170w\" sizes=\"auto, (max-width: 300px) 100vw, 300px\" \/><\/p>\n<header id=\"header-site\" class=\"header-site full-width rel-position\">\n<div class=\"header-veiculo full-width\">\n<aside id=\"nav-menu-mobile\" class=\"nav-menu-mobile\">&nbsp;<\/p>\n<\/aside>\n<\/div>\n<div class=\"header-editorias rowflex full-width\"><\/div>\n<\/header>\n<p><main class=\"main-site\"><\/p>\n<div class=\"region region-content\">\n<div id=\"block-system-main\" class=\"block block-system\">\n<div class=\"content\">\n<div id=\"panel\" class=\"container-noticia rel-position\">\n<div id=\"node-1687428\" class=\"node node-conteudo clearfix\">\n<div class=\"conteudo-noticia\">\n<p><strong>O novo programa Desenrola, que vem sendo chamado de Desenrola 2.0, deve ser anunciado esta semana pelo presidente Luiz In\u00e1cio Lula da Silva e vai permitir\u00a0<a href=\"https:\/\/agenciabrasil.ebc.com.br\/economia\/noticia\/2026-04\/governo-avalia-uso-do-fgts-para-quitar-dividas-diz-durigan\">o uso do Fundo de Garantia do Tempo de Servi\u00e7o<\/a>\u00a0(FGTS) para a renegocia\u00e7\u00e3o das d\u00edvidas.\u00a0<\/strong><img decoding=\"async\" src=\"https:\/\/agenciabrasil.ebc.com.br\/ebc.png?id=1687428&amp;o=node\" \/><img decoding=\"async\" src=\"https:\/\/agenciabrasil.ebc.com.br\/ebc.gif?id=1687428&amp;o=node\" \/><\/p>\n<p>A informa\u00e7\u00e3o foi confirmada nesta segunda-feira (27) pelo ministro da Fazenda, Dario Durigan, em S\u00e3o Paulo, ap\u00f3s participar de reuni\u00f5es com banqueiros.<\/p>\n<p>\u201cA gente segue trabalhando com a possibilidade de usar o fundo de garantia\u201d, disse o ministro.<\/p>\n<p><strong>Durigan adiantou, no entanto, que haver\u00e1 um limite para o uso do FGTS no Desenrola.\u00a0<\/strong><\/p>\n<blockquote><p>\u201cA limita\u00e7\u00e3o que vai ter para garantia do pr\u00f3prio fundo \u00e9 um percentual do saque.\u00a0Ent\u00e3o \u00e9 um saque limitado dentro do programa, vinculado ao pagamento das d\u00edvidas do programa, mas n\u00e3o necessariamente sendo maior do que a d\u00edvida\u201d, explicou.<\/p><\/blockquote>\n<p>Nesta manh\u00e3, o ministro esteve reunido na capital paulista com banqueiros e com o presidente da Federa\u00e7\u00e3o Brasileira de Bancos, Isaac Sidney. Estiveram presentes os presidentes dos bancos BTG Pactual, Ita\u00fa Unibanco, Santander, Bradesco e Nubank. \u00c0 tarde, ele tamb\u00e9m se reuniu com representantes do Citibank.<\/p>\n<p>\u201cEstamos hoje concluindo as conversas com as institui\u00e7\u00f5es financeiras para entregar ao presidente, essa semana, o programa de renegocia\u00e7\u00e3o das d\u00edvidas das fam\u00edlias brasileiras. Estou voltando para Bras\u00edlia amanh\u00e3 e falarei com o presidente para que o an\u00fancio seja feito, possivelmente, ainda esta semana pelo presidente\u201d, disse ele a jornalistas.<\/p>\n<p><strong>De acordo com o ministro, o novo programa Desenrola\u00a0<a href=\"https:\/\/agenciabrasil.ebc.com.br\/economia\/noticia\/2026-04\/nova-versao-do-desenrola-sera-lancada-apos-viagem-de-lula-diz-durigan\">pretende reduzir os n\u00edveis de inadimpl\u00eancia<\/a>\u00a0no pa\u00eds<\/strong>, em um cen\u00e1rio de juros ainda elevados, mas com expectativa de queda nos pr\u00f3ximos meses. \u201cO programa tem aquela linha geral de exigir redu\u00e7\u00f5es de uma d\u00edvida que as fam\u00edlias brasileiras mais sofrem hoje como o cart\u00e3o de cr\u00e9dito, o CDC (cr\u00e9dito direto ao consumidor) e o cheque especial\u201d, explicou.<\/p>\n<p><strong>Ele tamb\u00e9m adiantou que o Desenrola vai ter um aporte do Fundo Garantidor de Opera\u00e7\u00f5es (FGO).<\/strong>\u00a0\u201cVai ter um aporte no FGO tamb\u00e9m, isso est\u00e1 previsto nas medidas que a gente vai colocar. Vai ser o suficiente para a gente garantir a renegocia\u00e7\u00e3o de quem quiser fazer essa renegocia\u00e7\u00e3o\u201d, declarou.<\/p>\n<p>Embora n\u00e3o tenha fornecido mais detalhes sobre o novo programa,\u00a0<strong>o ministro disse esperar que os descontos possam alcan\u00e7ar at\u00e9 90%<\/strong>.<\/p>\n<p>\u201cO que a gente est\u00e1 exigindo, com a contrapartida dos bancos, \u00e9 que haja uma taxa de juros muito menor do que a praticada nesses tr\u00eas segmentos [CDC, cart\u00e3o de cr\u00e9dito e cheque especial], que s\u00e3o cr\u00e9ditos caros que as pessoas t\u00eam que tomar no Brasil. Estamos falando de taxas de juros que variam entre 6% e 10% ao m\u00eas. Ent\u00e3o, uma d\u00edvida de R$ 10 mil, por exemplo, no m\u00eas seguinte, ela possivelmente vai ser uma d\u00edvida de R$ 11 mil. Uma fam\u00edlia brasileira que recebe um sal\u00e1rio m\u00e9dio, possivelmente n\u00e3o sair\u00e1 desse ciclo de atualiza\u00e7\u00e3o da sua d\u00edvida. Ent\u00e3o, com um desconto amplo, a gente vai chegar a descontos de at\u00e9 90% nesse programa\u201d, estimou.<\/p>\n<p><strong>Ele ressaltou, no entanto, que o programa n\u00e3o ser\u00e1 um \u201cRefis peri\u00f3dico\u201d e ocorrer\u00e1 apenas como uma medida excepcional.<\/strong><\/p>\n<blockquote><p>\u201cTanto no Desenrola que aconteceu em 2023 quanto no de agora, tratam-se de medidas pontuais e as pessoas n\u00e3o devem contar com a recorr\u00eancia desse tipo de medida. N\u00f3s estamos vivendo uma situa\u00e7\u00e3o excepcional, as fam\u00edlias t\u00eam um problema, estamos vendo uma guerra e vendo alguns impactos que muitas vezes fogem ao nosso controle. Mas \u00e9 importante dizer que n\u00e3o se trata de um Refis recorrente\u201d, ressaltou.<\/p><\/blockquote>\n<p>Quanto ao n\u00famero de beneficiados, o ministro declarou que a expectativa do governo \u00e9 de que milh\u00f5es de pessoas possam ser atingidas pela nova medida. \u201cEu espero que a gente atinja dezenas de milh\u00f5es de pessoas pelo pa\u00eds\u201d, limitou-se a dizer. No primeiro programa Desenrola Brasil, cerca de 15 milh\u00f5es de pessoas foram beneficiadas com a negocia\u00e7\u00e3o de R$ 53,2 bilh\u00f5es em d\u00edvidas.<\/p>\n<p>Hoje \u00e0 tarde o ministro ainda deve se reunir com executivos das empresas Equinor Brasil, Petrogal Brasil, Repsol Sinopec Brasil, Shell Brasil e TotalEnergies EP Brasil. Todas s\u00e3o do setor de petr\u00f3leo e g\u00e1s.<\/p>\n<p>By: miradouronoticias.com.br\/ ag\u00eancia Brasil<\/p>\n<\/div>\n<\/div>\n<\/div>\n<\/div>\n<\/div>\n<\/div>\n<p><\/main><\/p>\n","protected":false},"excerpt":{"rendered":"<p>&nbsp; O novo programa Desenrola, que vem sendo chamado de Desenrola 2.0, deve ser anunciado esta semana pelo presidente Luiz In\u00e1cio Lula da Silva e vai permitir\u00a0o uso do Fundo de Garantia do Tempo de Servi\u00e7o\u00a0(FGTS) para a renegocia\u00e7\u00e3o das d\u00edvidas.\u00a0 A informa\u00e7\u00e3o foi confirmada nesta segunda-feira (27) pelo ministro da Fazenda, Dario Durigan, em [&hellip;]<\/p>\n","protected":false},"author":4,"featured_media":32769,"comment_status":"open","ping_status":"closed","sticky":false,"template":"","format":"standard","meta":{"footnotes":""},"categories":[1,29],"tags":[],"class_list":["post-32768","post","type-post","status-publish","format-standard","has-post-thumbnail","hentry","category-destaque-principal","category-economia"],"yoast_head":"<!-- This site is optimized with the Yoast SEO plugin v27.2 - https:\/\/yoast.com\/product\/yoast-seo-wordpress\/ -->\n<title>Novo Desenrola permitir\u00e1 uso do FGTS para renegocia\u00e7\u00e3o de d\u00edvidas - Miradouro Not\u00edcias<\/title>\n<meta name=\"robots\" content=\"index, follow, max-snippet:-1, max-image-preview:large, max-video-preview:-1\" \/>\n<link rel=\"canonical\" href=\"https:\/\/miradouronoticias.com\/site\/2026\/04\/28\/novo-desenrola-permitira-uso-do-fgts-para-renegociacao-de-dividas\/\" \/>\n<meta property=\"og:locale\" content=\"pt_BR\" \/>\n<meta property=\"og:type\" content=\"article\" \/>\n<meta property=\"og:title\" content=\"Novo Desenrola permitir\u00e1 uso do FGTS para renegocia\u00e7\u00e3o de d\u00edvidas - Miradouro Not\u00edcias\" \/>\n<meta property=\"og:description\" content=\"&nbsp; O novo programa Desenrola, que vem sendo chamado de Desenrola 2.0, deve ser anunciado esta semana pelo presidente Luiz In\u00e1cio Lula da Silva e vai permitir\u00a0o uso do Fundo de Garantia do Tempo de Servi\u00e7o\u00a0(FGTS) para a renegocia\u00e7\u00e3o das d\u00edvidas.\u00a0 A informa\u00e7\u00e3o foi confirmada nesta segunda-feira (27) pelo ministro da Fazenda, Dario Durigan, em [&hellip;]\" \/>\n<meta property=\"og:url\" content=\"https:\/\/miradouronoticias.com\/site\/2026\/04\/28\/novo-desenrola-permitira-uso-do-fgts-para-renegociacao-de-dividas\/\" \/>\n<meta property=\"og:site_name\" content=\"Miradouro Not\u00edcias\" \/>\n<meta property=\"article:published_time\" content=\"2026-04-28T08:51:20+00:00\" \/>\n<meta property=\"og:image\" content=\"https:\/\/miradouronoticias.com\/site\/wp-content\/uploads\/2026\/04\/int9388.jpg.webp\" \/>\n\t<meta property=\"og:image:width\" content=\"1170\" \/>\n\t<meta property=\"og:image:height\" content=\"700\" \/>\n\t<meta property=\"og:image:type\" content=\"image\/webp\" \/>\n<meta name=\"author\" content=\"Cl\u00e1udia Olyver\" \/>\n<meta name=\"twitter:card\" content=\"summary_large_image\" \/>\n<meta name=\"twitter:label1\" content=\"Escrito por\" \/>\n\t<meta name=\"twitter:data1\" content=\"Cl\u00e1udia Olyver\" \/>\n\t<meta name=\"twitter:label2\" content=\"Est. tempo de leitura\" \/>\n\t<meta name=\"twitter:data2\" content=\"4 minutos\" \/>\n<script type=\"application\/ld+json\" class=\"yoast-schema-graph\">{\"@context\":\"https:\/\/schema.org\",\"@graph\":[{\"@type\":\"Article\",\"@id\":\"https:\/\/miradouronoticias.com\/site\/2026\/04\/28\/novo-desenrola-permitira-uso-do-fgts-para-renegociacao-de-dividas\/#article\",\"isPartOf\":{\"@id\":\"https:\/\/miradouronoticias.com\/site\/2026\/04\/28\/novo-desenrola-permitira-uso-do-fgts-para-renegociacao-de-dividas\/\"},\"author\":{\"name\":\"Cl\u00e1udia Olyver\",\"@id\":\"https:\/\/miradouronoticias.com\/site\/#\/schema\/person\/73440d8c82222950df86f3e1a16aad3b\"},\"headline\":\"Novo Desenrola permitir\u00e1 uso do FGTS para renegocia\u00e7\u00e3o de d\u00edvidas\",\"datePublished\":\"2026-04-28T08:51:20+00:00\",\"mainEntityOfPage\":{\"@id\":\"https:\/\/miradouronoticias.com\/site\/2026\/04\/28\/novo-desenrola-permitira-uso-do-fgts-para-renegociacao-de-dividas\/\"},\"wordCount\":749,\"commentCount\":0,\"publisher\":{\"@id\":\"https:\/\/miradouronoticias.com\/site\/#organization\"},\"image\":{\"@id\":\"https:\/\/miradouronoticias.com\/site\/2026\/04\/28\/novo-desenrola-permitira-uso-do-fgts-para-renegociacao-de-dividas\/#primaryimage\"},\"thumbnailUrl\":\"https:\/\/miradouronoticias.com\/site\/wp-content\/uploads\/2026\/04\/int9388.jpg.webp\",\"articleSection\":[\"Destaque Principal\",\"Economia\"],\"inLanguage\":\"pt-BR\",\"potentialAction\":[{\"@type\":\"CommentAction\",\"name\":\"Comment\",\"target\":[\"https:\/\/miradouronoticias.com\/site\/2026\/04\/28\/novo-desenrola-permitira-uso-do-fgts-para-renegociacao-de-dividas\/#respond\"]}]},{\"@type\":\"WebPage\",\"@id\":\"https:\/\/miradouronoticias.com\/site\/2026\/04\/28\/novo-desenrola-permitira-uso-do-fgts-para-renegociacao-de-dividas\/\",\"url\":\"https:\/\/miradouronoticias.com\/site\/2026\/04\/28\/novo-desenrola-permitira-uso-do-fgts-para-renegociacao-de-dividas\/\",\"name\":\"Novo Desenrola permitir\u00e1 uso do FGTS para renegocia\u00e7\u00e3o de d\u00edvidas - Miradouro Not\u00edcias\",\"isPartOf\":{\"@id\":\"https:\/\/miradouronoticias.com\/site\/#website\"},\"primaryImageOfPage\":{\"@id\":\"https:\/\/miradouronoticias.com\/site\/2026\/04\/28\/novo-desenrola-permitira-uso-do-fgts-para-renegociacao-de-dividas\/#primaryimage\"},\"image\":{\"@id\":\"https:\/\/miradouronoticias.com\/site\/2026\/04\/28\/novo-desenrola-permitira-uso-do-fgts-para-renegociacao-de-dividas\/#primaryimage\"},\"thumbnailUrl\":\"https:\/\/miradouronoticias.com\/site\/wp-content\/uploads\/2026\/04\/int9388.jpg.webp\",\"datePublished\":\"2026-04-28T08:51:20+00:00\",\"breadcrumb\":{\"@id\":\"https:\/\/miradouronoticias.com\/site\/2026\/04\/28\/novo-desenrola-permitira-uso-do-fgts-para-renegociacao-de-dividas\/#breadcrumb\"},\"inLanguage\":\"pt-BR\",\"potentialAction\":[{\"@type\":\"ReadAction\",\"target\":[\"https:\/\/miradouronoticias.com\/site\/2026\/04\/28\/novo-desenrola-permitira-uso-do-fgts-para-renegociacao-de-dividas\/\"]}]},{\"@type\":\"ImageObject\",\"inLanguage\":\"pt-BR\",\"@id\":\"https:\/\/miradouronoticias.com\/site\/2026\/04\/28\/novo-desenrola-permitira-uso-do-fgts-para-renegociacao-de-dividas\/#primaryimage\",\"url\":\"https:\/\/miradouronoticias.com\/site\/wp-content\/uploads\/2026\/04\/int9388.jpg.webp\",\"contentUrl\":\"https:\/\/miradouronoticias.com\/site\/wp-content\/uploads\/2026\/04\/int9388.jpg.webp\",\"width\":1170,\"height\":700},{\"@type\":\"BreadcrumbList\",\"@id\":\"https:\/\/miradouronoticias.com\/site\/2026\/04\/28\/novo-desenrola-permitira-uso-do-fgts-para-renegociacao-de-dividas\/#breadcrumb\",\"itemListElement\":[{\"@type\":\"ListItem\",\"position\":1,\"name\":\"In\u00edcio\",\"item\":\"https:\/\/miradouronoticias.com\/site\/\"},{\"@type\":\"ListItem\",\"position\":2,\"name\":\"Novo Desenrola permitir\u00e1 uso do FGTS para renegocia\u00e7\u00e3o de d\u00edvidas\"}]},{\"@type\":\"WebSite\",\"@id\":\"https:\/\/miradouronoticias.com\/site\/#website\",\"url\":\"https:\/\/miradouronoticias.com\/site\/\",\"name\":\"Miradouro Not\u00edcias\",\"description\":\"Informa\u00e7\u00f5es da cidade e regi\u00e3o\",\"publisher\":{\"@id\":\"https:\/\/miradouronoticias.com\/site\/#organization\"},\"potentialAction\":[{\"@type\":\"SearchAction\",\"target\":{\"@type\":\"EntryPoint\",\"urlTemplate\":\"https:\/\/miradouronoticias.com\/site\/?s={search_term_string}\"},\"query-input\":{\"@type\":\"PropertyValueSpecification\",\"valueRequired\":true,\"valueName\":\"search_term_string\"}}],\"inLanguage\":\"pt-BR\"},{\"@type\":\"Organization\",\"@id\":\"https:\/\/miradouronoticias.com\/site\/#organization\",\"name\":\"Miradouro Not\u00edcias\",\"url\":\"https:\/\/miradouronoticias.com\/site\/\",\"logo\":{\"@type\":\"ImageObject\",\"inLanguage\":\"pt-BR\",\"@id\":\"https:\/\/miradouronoticias.com\/site\/#\/schema\/logo\/image\/\",\"url\":\"https:\/\/miradouronoticias.com\/site\/wp-content\/uploads\/2022\/01\/logomarcamiradouronoticias.png\",\"contentUrl\":\"https:\/\/miradouronoticias.com\/site\/wp-content\/uploads\/2022\/01\/logomarcamiradouronoticias.png\",\"width\":747,\"height\":263,\"caption\":\"Miradouro Not\u00edcias\"},\"image\":{\"@id\":\"https:\/\/miradouronoticias.com\/site\/#\/schema\/logo\/image\/\"}},{\"@type\":\"Person\",\"@id\":\"https:\/\/miradouronoticias.com\/site\/#\/schema\/person\/73440d8c82222950df86f3e1a16aad3b\",\"name\":\"Cl\u00e1udia Olyver\",\"sameAs\":[\"http:\/\/www.miradouronoticias.com\"],\"url\":\"https:\/\/miradouronoticias.com\/site\/author\/claudia\/\"}]}<\/script>\n<!-- \/ Yoast SEO plugin. -->","yoast_head_json":{"title":"Novo Desenrola permitir\u00e1 uso do FGTS para renegocia\u00e7\u00e3o de d\u00edvidas - Miradouro Not\u00edcias","robots":{"index":"index","follow":"follow","max-snippet":"max-snippet:-1","max-image-preview":"max-image-preview:large","max-video-preview":"max-video-preview:-1"},"canonical":"https:\/\/miradouronoticias.com\/site\/2026\/04\/28\/novo-desenrola-permitira-uso-do-fgts-para-renegociacao-de-dividas\/","og_locale":"pt_BR","og_type":"article","og_title":"Novo Desenrola permitir\u00e1 uso do FGTS para renegocia\u00e7\u00e3o de d\u00edvidas - Miradouro Not\u00edcias","og_description":"&nbsp; O novo programa Desenrola, que vem sendo chamado de Desenrola 2.0, deve ser anunciado esta semana pelo presidente Luiz In\u00e1cio Lula da Silva e vai permitir\u00a0o uso do Fundo de Garantia do Tempo de Servi\u00e7o\u00a0(FGTS) para a renegocia\u00e7\u00e3o das d\u00edvidas.\u00a0 A informa\u00e7\u00e3o foi confirmada nesta segunda-feira (27) pelo ministro da Fazenda, Dario Durigan, em [&hellip;]","og_url":"https:\/\/miradouronoticias.com\/site\/2026\/04\/28\/novo-desenrola-permitira-uso-do-fgts-para-renegociacao-de-dividas\/","og_site_name":"Miradouro Not\u00edcias","article_published_time":"2026-04-28T08:51:20+00:00","og_image":[{"width":1170,"height":700,"url":"https:\/\/miradouronoticias.com\/site\/wp-content\/uploads\/2026\/04\/int9388.jpg.webp","type":"image\/webp"}],"author":"Cl\u00e1udia Olyver","twitter_card":"summary_large_image","twitter_misc":{"Escrito por":"Cl\u00e1udia Olyver","Est. tempo de leitura":"4 minutos"},"schema":{"@context":"https:\/\/schema.org","@graph":[{"@type":"Article","@id":"https:\/\/miradouronoticias.com\/site\/2026\/04\/28\/novo-desenrola-permitira-uso-do-fgts-para-renegociacao-de-dividas\/#article","isPartOf":{"@id":"https:\/\/miradouronoticias.com\/site\/2026\/04\/28\/novo-desenrola-permitira-uso-do-fgts-para-renegociacao-de-dividas\/"},"author":{"name":"Cl\u00e1udia Olyver","@id":"https:\/\/miradouronoticias.com\/site\/#\/schema\/person\/73440d8c82222950df86f3e1a16aad3b"},"headline":"Novo Desenrola permitir\u00e1 uso do FGTS para renegocia\u00e7\u00e3o de d\u00edvidas","datePublished":"2026-04-28T08:51:20+00:00","mainEntityOfPage":{"@id":"https:\/\/miradouronoticias.com\/site\/2026\/04\/28\/novo-desenrola-permitira-uso-do-fgts-para-renegociacao-de-dividas\/"},"wordCount":749,"commentCount":0,"publisher":{"@id":"https:\/\/miradouronoticias.com\/site\/#organization"},"image":{"@id":"https:\/\/miradouronoticias.com\/site\/2026\/04\/28\/novo-desenrola-permitira-uso-do-fgts-para-renegociacao-de-dividas\/#primaryimage"},"thumbnailUrl":"https:\/\/miradouronoticias.com\/site\/wp-content\/uploads\/2026\/04\/int9388.jpg.webp","articleSection":["Destaque Principal","Economia"],"inLanguage":"pt-BR","potentialAction":[{"@type":"CommentAction","name":"Comment","target":["https:\/\/miradouronoticias.com\/site\/2026\/04\/28\/novo-desenrola-permitira-uso-do-fgts-para-renegociacao-de-dividas\/#respond"]}]},{"@type":"WebPage","@id":"https:\/\/miradouronoticias.com\/site\/2026\/04\/28\/novo-desenrola-permitira-uso-do-fgts-para-renegociacao-de-dividas\/","url":"https:\/\/miradouronoticias.com\/site\/2026\/04\/28\/novo-desenrola-permitira-uso-do-fgts-para-renegociacao-de-dividas\/","name":"Novo Desenrola permitir\u00e1 uso do FGTS para renegocia\u00e7\u00e3o de d\u00edvidas - Miradouro Not\u00edcias","isPartOf":{"@id":"https:\/\/miradouronoticias.com\/site\/#website"},"primaryImageOfPage":{"@id":"https:\/\/miradouronoticias.com\/site\/2026\/04\/28\/novo-desenrola-permitira-uso-do-fgts-para-renegociacao-de-dividas\/#primaryimage"},"image":{"@id":"https:\/\/miradouronoticias.com\/site\/2026\/04\/28\/novo-desenrola-permitira-uso-do-fgts-para-renegociacao-de-dividas\/#primaryimage"},"thumbnailUrl":"https:\/\/miradouronoticias.com\/site\/wp-content\/uploads\/2026\/04\/int9388.jpg.webp","datePublished":"2026-04-28T08:51:20+00:00","breadcrumb":{"@id":"https:\/\/miradouronoticias.com\/site\/2026\/04\/28\/novo-desenrola-permitira-uso-do-fgts-para-renegociacao-de-dividas\/#breadcrumb"},"inLanguage":"pt-BR","potentialAction":[{"@type":"ReadAction","target":["https:\/\/miradouronoticias.com\/site\/2026\/04\/28\/novo-desenrola-permitira-uso-do-fgts-para-renegociacao-de-dividas\/"]}]},{"@type":"ImageObject","inLanguage":"pt-BR","@id":"https:\/\/miradouronoticias.com\/site\/2026\/04\/28\/novo-desenrola-permitira-uso-do-fgts-para-renegociacao-de-dividas\/#primaryimage","url":"https:\/\/miradouronoticias.com\/site\/wp-content\/uploads\/2026\/04\/int9388.jpg.webp","contentUrl":"https:\/\/miradouronoticias.com\/site\/wp-content\/uploads\/2026\/04\/int9388.jpg.webp","width":1170,"height":700},{"@type":"BreadcrumbList","@id":"https:\/\/miradouronoticias.com\/site\/2026\/04\/28\/novo-desenrola-permitira-uso-do-fgts-para-renegociacao-de-dividas\/#breadcrumb","itemListElement":[{"@type":"ListItem","position":1,"name":"In\u00edcio","item":"https:\/\/miradouronoticias.com\/site\/"},{"@type":"ListItem","position":2,"name":"Novo Desenrola permitir\u00e1 uso do FGTS para renegocia\u00e7\u00e3o de d\u00edvidas"}]},{"@type":"WebSite","@id":"https:\/\/miradouronoticias.com\/site\/#website","url":"https:\/\/miradouronoticias.com\/site\/","name":"Miradouro Not\u00edcias","description":"Informa\u00e7\u00f5es da cidade e regi\u00e3o","publisher":{"@id":"https:\/\/miradouronoticias.com\/site\/#organization"},"potentialAction":[{"@type":"SearchAction","target":{"@type":"EntryPoint","urlTemplate":"https:\/\/miradouronoticias.com\/site\/?s={search_term_string}"},"query-input":{"@type":"PropertyValueSpecification","valueRequired":true,"valueName":"search_term_string"}}],"inLanguage":"pt-BR"},{"@type":"Organization","@id":"https:\/\/miradouronoticias.com\/site\/#organization","name":"Miradouro Not\u00edcias","url":"https:\/\/miradouronoticias.com\/site\/","logo":{"@type":"ImageObject","inLanguage":"pt-BR","@id":"https:\/\/miradouronoticias.com\/site\/#\/schema\/logo\/image\/","url":"https:\/\/miradouronoticias.com\/site\/wp-content\/uploads\/2022\/01\/logomarcamiradouronoticias.png","contentUrl":"https:\/\/miradouronoticias.com\/site\/wp-content\/uploads\/2022\/01\/logomarcamiradouronoticias.png","width":747,"height":263,"caption":"Miradouro Not\u00edcias"},"image":{"@id":"https:\/\/miradouronoticias.com\/site\/#\/schema\/logo\/image\/"}},{"@type":"Person","@id":"https:\/\/miradouronoticias.com\/site\/#\/schema\/person\/73440d8c82222950df86f3e1a16aad3b","name":"Cl\u00e1udia Olyver","sameAs":["http:\/\/www.miradouronoticias.com"],"url":"https:\/\/miradouronoticias.com\/site\/author\/claudia\/"}]}},"_links":{"self":[{"href":"https:\/\/miradouronoticias.com\/site\/wp-json\/wp\/v2\/posts\/32768","targetHints":{"allow":["GET"]}}],"collection":[{"href":"https:\/\/miradouronoticias.com\/site\/wp-json\/wp\/v2\/posts"}],"about":[{"href":"https:\/\/miradouronoticias.com\/site\/wp-json\/wp\/v2\/types\/post"}],"author":[{"embeddable":true,"href":"https:\/\/miradouronoticias.com\/site\/wp-json\/wp\/v2\/users\/4"}],"replies":[{"embeddable":true,"href":"https:\/\/miradouronoticias.com\/site\/wp-json\/wp\/v2\/comments?post=32768"}],"version-history":[{"count":1,"href":"https:\/\/miradouronoticias.com\/site\/wp-json\/wp\/v2\/posts\/32768\/revisions"}],"predecessor-version":[{"id":32770,"href":"https:\/\/miradouronoticias.com\/site\/wp-json\/wp\/v2\/posts\/32768\/revisions\/32770"}],"wp:featuredmedia":[{"embeddable":true,"href":"https:\/\/miradouronoticias.com\/site\/wp-json\/wp\/v2\/media\/32769"}],"wp:attachment":[{"href":"https:\/\/miradouronoticias.com\/site\/wp-json\/wp\/v2\/media?parent=32768"}],"wp:term":[{"taxonomy":"category","embeddable":true,"href":"https:\/\/miradouronoticias.com\/site\/wp-json\/wp\/v2\/categories?post=32768"},{"taxonomy":"post_tag","embeddable":true,"href":"https:\/\/miradouronoticias.com\/site\/wp-json\/wp\/v2\/tags?post=32768"}],"curies":[{"name":"wp","href":"https:\/\/api.w.org\/{rel}","templated":true}]}}