{"id":32753,"date":"2026-04-26T06:01:09","date_gmt":"2026-04-26T09:01:09","guid":{"rendered":"https:\/\/miradouronoticias.com\/site\/?p=32753"},"modified":"2026-04-26T06:01:09","modified_gmt":"2026-04-26T09:01:09","slug":"ir-2026-como-deduzir-gastos-com-educacao-saude-e-previdencia-privada","status":"publish","type":"post","link":"https:\/\/miradouronoticias.com\/site\/2026\/04\/26\/ir-2026-como-deduzir-gastos-com-educacao-saude-e-previdencia-privada\/","title":{"rendered":"IR 2026: como deduzir gastos com educa\u00e7\u00e3o, sa\u00fade e previd\u00eancia privada"},"content":{"rendered":"<p><img loading=\"lazy\" decoding=\"async\" class=\"alignnone size-medium wp-image-32754\" src=\"https:\/\/miradouronoticias.com\/site\/wp-content\/uploads\/2026\/04\/como_declarar_os_gastos_com_saude_e_educacao_c_elza_fiuzaagencia_brasil-300x179.webp\" alt=\"\" width=\"300\" height=\"179\" srcset=\"https:\/\/miradouronoticias.com\/site\/wp-content\/uploads\/2026\/04\/como_declarar_os_gastos_com_saude_e_educacao_c_elza_fiuzaagencia_brasil-300x179.webp 300w, https:\/\/miradouronoticias.com\/site\/wp-content\/uploads\/2026\/04\/como_declarar_os_gastos_com_saude_e_educacao_c_elza_fiuzaagencia_brasil-1024x613.webp 1024w, https:\/\/miradouronoticias.com\/site\/wp-content\/uploads\/2026\/04\/como_declarar_os_gastos_com_saude_e_educacao_c_elza_fiuzaagencia_brasil-768x459.webp 768w, https:\/\/miradouronoticias.com\/site\/wp-content\/uploads\/2026\/04\/como_declarar_os_gastos_com_saude_e_educacao_c_elza_fiuzaagencia_brasil.webp 1170w\" sizes=\"auto, (max-width: 300px) 100vw, 300px\" \/><\/p>\n<header id=\"header-site\" class=\"header-site full-width rel-position\">\n<div class=\"header-veiculo full-width\">\n<aside id=\"nav-menu-mobile\" class=\"nav-menu-mobile\">&nbsp;<\/p>\n<\/aside>\n<\/div>\n<div class=\"header-editorias rowflex full-width\"><\/div>\n<\/header>\n<p><main class=\"main-site\"><\/p>\n<div class=\"region region-content\">\n<div id=\"block-system-main\" class=\"block block-system\">\n<div class=\"content\">\n<div id=\"panel\" class=\"container-noticia rel-position\">\n<div id=\"node-1687180\" class=\"node node-conteudo clearfix\">\n<div class=\"conteudo-noticia\">\n<p><strong>Na declara\u00e7\u00e3o do Imposto de Renda, dois campos merecem aten\u00e7\u00e3o: s\u00e3o os de gastos com educa\u00e7\u00e3o e o de gastos com sa\u00fade.\u00a0Lan\u00e7ar todos os comprovantes pode reduzir consideravelmente o valor do imposto a pagar, mas as regras s\u00e3o bem diferentes para essas despesas.<\/strong><img decoding=\"async\" src=\"https:\/\/agenciabrasil.ebc.com.br\/ebc.png?id=1687180&amp;o=node\" \/><img decoding=\"async\" src=\"https:\/\/agenciabrasil.ebc.com.br\/ebc.gif?id=1687180&amp;o=node\" \/><\/p>\n<h2>Educa\u00e7\u00e3o<\/h2>\n<p>Na educa\u00e7\u00e3o,\u00a0por exemplo,\u00a0o benef\u00edcio vale para voc\u00ea, seus dependentes e tamb\u00e9m para alimentandos, no caso de quem paga pens\u00e3o judicial. No entanto,\u00a0n\u00e3o \u00e9 qualquer curso que entra na lista.<\/p>\n<p><strong>&gt;&gt; Quais despesas t\u00eam dedu\u00e7\u00e3o:<\/strong><\/p>\n<ul>\n<li>Educa\u00e7\u00e3o infantil<\/li>\n<li>Ensino fundamental e m\u00e9dio<\/li>\n<li>Educa\u00e7\u00e3o superior (gradua\u00e7\u00e3o, p\u00f3s-gradua\u00e7\u00e3o, mestrado e doutorado)<\/li>\n<li>Educa\u00e7\u00e3o profissional (cursos t\u00e9cnicos e\u00a0tecn\u00f3logos)<\/li>\n<\/ul>\n<p><strong>&gt;&gt; O que n\u00e3o tem dedu\u00e7\u00e3o:<\/strong><\/p>\n<ul>\n<li>Cursos extracurriculares (idiomas, m\u00fasica, dan\u00e7a, esporte, cursinho preparat\u00f3rio)<\/li>\n<li>Material escola<\/li>\n<li>Aulas de refor\u00e7o<\/li>\n<\/ul>\n<p>O contribuinte precisa tamb\u00e9m respeitar o\u00a0teto anual, que \u00e9 de R$ 3.561,50 por pessoa.<\/p>\n<p><a href=\"https:\/\/www.whatsapp.com\/channel\/0029VaoRTgrInlqYLSk59B2M\" target=\"_blank\" rel=\"noopener\">&gt;&gt; Siga o canal da<strong>\u00a0Ag\u00eancia Brasil\u00a0<\/strong>no WhatsApp<\/a><\/p>\n<h2>Sa\u00fade<\/h2>\n<p>Diferentemente da educa\u00e7\u00e3o, os gastos com sa\u00fade n\u00e3o possuem limite de dedu\u00e7\u00e3o.<\/p>\n<p><strong>&gt;&gt; Veja quais profissionais e servi\u00e7os entram nessa categoria:<\/strong><\/p>\n<ul>\n<li>Despesas m\u00e9dicas ou de hospital<\/li>\n<li>Gastos com consultas e tratamentos particulares com\u00a0m\u00e9dicos, dentistas, psic\u00f3logos, fisioterapeutas, terapeutas ocupacionais, fonoaudi\u00f3logos, hospitais<\/li>\n<li>Despesas com\u00a0exames laboratoriais, servi\u00e7os radiol\u00f3gicos, aparelhos ortop\u00e9dicos, pr\u00f3teses ortop\u00e9dicas e dent\u00e1rias.<\/li>\n<li>Pagamentos de plano de sa\u00fade ou com\u00a0administradora de benef\u00edcios (que cobrem\u00a0despesas ou assegurem o direito ao atendimento)<\/li>\n<\/ul>\n<p>No entanto,\u00a0gastos com farm\u00e1cia, acompanhantes em hospitais ou procedimentos est\u00e9ticos n\u00e3o d\u00e3o direito ao desconto.<\/p>\n<p>Para n\u00e3o ter problemas com a fiscaliza\u00e7\u00e3o e evitar a malha fina guarde todos os recibos e notas fiscais por, pelo menos, 5\u00a0anos e certifique-se de que o CPF ou CNPJ de quem prestou o servi\u00e7o est\u00e1 correto.<\/p>\n<p><strong>&gt;&gt; Ou\u00e7a na Radioag\u00eancia Nacional:<\/strong><\/p>\n<div class=\"dnd-widget-wrapper context-cheio_8colunas type-audio\">\n<div class=\"dnd-atom-rendered\">\n<div class=\"col-lg-12 shadow-sm sticky-element px-0 m-0 z-9\">\n<div class=\"rounded-lg\">\n<div class=\"player-wrapper bg-secondary\"><span class=\"mejs__offscreen\">Audio Player<\/span><\/p>\n<div id=\"mep_0\" class=\"mejs__container mejs__container-keyboard-inactive rounded-lg shadow-sm mejs__android mejs__audio\" tabindex=\"0\" role=\"application\" aria-label=\"Audio Player\">\n<div class=\"mejs__inner\">\n<div class=\"mejs__layers\"><\/div>\n<div class=\"mejs__controls\">\n<div class=\"mejs__button mejs__playpause-button mejs__play\"><\/div>\n<div class=\"mejs__time mejs__currenttime-container\" role=\"timer\" aria-live=\"off\"><span class=\"mejs__currenttime\">00:00<\/span><\/div>\n<div class=\"mejs__time-rail\"><\/div>\n<div class=\"mejs__time mejs__duration-container\"><span class=\"mejs__duration\">00:00<\/span><\/div>\n<div class=\"mejs__button mejs__download-button mejs__download\"><a id=\"bottomplayer-download\" class=\"audio-download\" title=\"Baixar arquivo\" href=\"https:\/\/audios.ebc.com.br\/4e\/4ee460029734386dfe8b0fe9f3c3f296.mp3?download&amp;filename=20-04-2026_-_edgard_matsuki_-_ir_11_-_deducao_com_saude_e_educacao.mp3\" download=\"\"><span class=\"mejs__offscreen\">Baixar arquivo<\/span><\/a><\/div>\n<\/div>\n<div class=\"mejs__mediaelement\"><\/div>\n<div class=\"mejs__clear\"><\/div>\n<\/div>\n<\/div>\n<\/div>\n<\/div>\n<\/div>\n<\/div>\n<div class=\"dnd-caption-wrapper\">\n<div class=\"meta\"><\/div>\n<\/div>\n<\/div>\n<h2>Previd\u00eancia privada<\/h2>\n<p>A\u00a0Previd\u00eancia \u00e9 uma das ferramentas para quem busca diminuir a base de c\u00e1lculo do imposto. Mas \u00e9 preciso aten\u00e7\u00e3o ao tipo de plano,\u00a0PGBL\u00a0ou VGBL.<\/p>\n<p>\u201cA principal diferen\u00e7a entre o PGBL e o VGBL est\u00e1 no tratamento tribut\u00e1rio. O PGBL permite deduzir as contribui\u00e7\u00f5es do IR, mas, na hora do resgate, o imposto incide sobre o valor total de tudo o que foi depositado: contribui\u00e7\u00f5es mais os rendimentos. J\u00e1 o VGBL n\u00e3o oferece dedu\u00e7\u00e3o fiscal das contribui\u00e7\u00f5es, mas, no resgate, o imposto incide apenas sobre os rendimentos, preservando o capital investido\u201d, explica o professor de Ci\u00eancias Cont\u00e1beis da Universidade Federal do Cear\u00e1, Eduardo Linhares.<\/p>\n<p><strong>PGBL\u00a0<\/strong><\/p>\n<p>Se o objetivo \u00e9 o\u00a0abatimento imediato, o PGBL \u00e9 o caminho, permitindo deduzir at\u00e9 12% dos seus rendimentos.<\/p>\n<p>\u201cO PGBL vale a pena para quem faz a declara\u00e7\u00e3o no modelo completo e tem uma renda tribut\u00e1vel alta&#8221;,\u00a0aponta o professor da Universidade Positivo, Marco Aur\u00e9lio Pitta.<\/p>\n<p><strong>Veja como declarar o PGBL:<\/strong><\/p>\n<ul>\n<li>Informe\u00a0os valores na ficha &#8220;Pagamentos Efetuados&#8221;<\/li>\n<li>Selecione\u00a0o pagamento como Previd\u00eancia Complementar (inclusive FAPI)<\/li>\n<\/ul>\n<p><strong>VGBL<\/strong><\/p>\n<p>J\u00e1 o VGBL \u00e9 mais indicado para quem usa o modelo simplificado ou quer apenas acumular patrim\u00f4nio, alerta Pitta.<\/p>\n<p><strong>Veja como declarar o VGBL:<\/strong><\/p>\n<ul>\n<li>Declare os valores na ficha &#8220;Patrim\u00f4nio&#8221;, como \u201cOutros Bens e Direitos\u201d<\/li>\n<li>Informe\u00a0o saldo acumulado em 31 de dezembro do ano anterior e o atual<\/li>\n<\/ul>\n<p><strong>&gt;&gt; Ou\u00e7a na Radioag\u00eancia Nacional:<\/strong><\/p>\n<div class=\"dnd-widget-wrapper context-cheio_8colunas type-audio\">\n<div class=\"dnd-atom-rendered\">\n<div class=\"col-lg-12 shadow-sm sticky-element px-0 m-0 z-9\">\n<div class=\"rounded-lg\">\n<div class=\"player-wrapper bg-secondary\"><span class=\"mejs__offscreen\">Audio Player<\/span><\/p>\n<div id=\"mep_1\" class=\"mejs__container mejs__container-keyboard-inactive rounded-lg shadow-sm mejs__android mejs__audio\" tabindex=\"0\" role=\"application\" aria-label=\"Audio Player\">\n<div class=\"mejs__inner\">\n<div class=\"mejs__layers\"><\/div>\n<div class=\"mejs__controls\">\n<div class=\"mejs__button mejs__playpause-button mejs__play\"><\/div>\n<div class=\"mejs__time mejs__currenttime-container\" role=\"timer\" aria-live=\"off\"><span class=\"mejs__currenttime\">00:00<\/span><\/div>\n<div class=\"mejs__time-rail\"><\/div>\n<div class=\"mejs__time mejs__duration-container\"><span class=\"mejs__duration\">00:00<\/span><\/div>\n<div class=\"mejs__button mejs__download-button mejs__download\"><a id=\"bottomplayer-download\" class=\"audio-download\" title=\"Baixar arquivo\" href=\"https:\/\/audios.ebc.com.br\/07\/074358c47a94ad61da0c93f35df59de9.mp3?download&amp;filename=17-04-2026_-_edgard_matsuki_-_ir_10_-_deduzir_com_previdencia_e_doacoes.mp3\" download=\"\"><span class=\"mejs__offscreen\">Baixar arquivo<\/span><\/a><\/div>\n<\/div>\n<div class=\"mejs__mediaelement\"><\/div>\n<div class=\"mejs__clear\"><\/div>\n<\/div>\n<\/div>\n<\/div>\n<\/div>\n<\/div>\n<\/div>\n<div class=\"dnd-caption-wrapper\">\n<div class=\"meta\"><\/div>\n<\/div>\n<\/div>\n<p>Al\u00e9m de investir, voc\u00ea pode direcionar parte do imposto devido para fundos que apoiam crian\u00e7as, adolescentes ou idosos.<\/p>\n<p>Se voc\u00ea n\u00e3o fez doa\u00e7\u00f5es ao longo de 2025, ainda pode doar diretamente na declara\u00e7\u00e3o de 2026. Por\u00e9m, nem todo tipo de repasse \u00e9 considerado uma dedu\u00e7\u00e3o legal.<\/p>\n<p>\u201cAs doa\u00e7\u00f5es feitas por mera liberalidade a partidos pol\u00edticos e candidatos, entidades filantr\u00f3picas e de educa\u00e7\u00e3o, aos parentes, d\u00edzimos pagos \u00e0s igrejas e cestas b\u00e1sicas doadas a qualquer pessoa n\u00e3o s\u00e3o pass\u00edveis de dedu\u00e7\u00e3o por falta de previs\u00e3o legal\u201d, alerta\u00a0professor Deypson Carvalho.<\/p>\n<p>O limite para essas doa\u00e7\u00f5es varia de 6% a 7% do imposto devido, e o pr\u00f3prio sistema da Receita Federal realiza o c\u00e1lculo automaticamente.\u00a0Os\u00a0pagamentos das guias de doa\u00e7\u00e3o devem ser quitados at\u00e9 antes de terminar o prazo de entrega da declara\u00e7\u00e3o do IR.<\/p>\n<p>By: miradouronoticias.com.br\/ ag\u00eancia Brasil<\/p>\n<\/div>\n<\/div>\n<\/div>\n<\/div>\n<\/div>\n<\/div>\n<p><\/main><\/p>\n","protected":false},"excerpt":{"rendered":"<p>&nbsp; Na declara\u00e7\u00e3o do Imposto de Renda, dois campos merecem aten\u00e7\u00e3o: s\u00e3o os de gastos com educa\u00e7\u00e3o e o de gastos com sa\u00fade.\u00a0Lan\u00e7ar todos os comprovantes pode reduzir consideravelmente o valor do imposto a pagar, mas as regras s\u00e3o bem diferentes para essas despesas. Educa\u00e7\u00e3o Na educa\u00e7\u00e3o,\u00a0por exemplo,\u00a0o benef\u00edcio vale para voc\u00ea, seus dependentes e [&hellip;]<\/p>\n","protected":false},"author":4,"featured_media":32754,"comment_status":"open","ping_status":"closed","sticky":false,"template":"","format":"standard","meta":{"footnotes":""},"categories":[1,26],"tags":[],"class_list":["post-32753","post","type-post","status-publish","format-standard","has-post-thumbnail","hentry","category-destaque-principal","category-educacao"],"yoast_head":"<!-- This site is optimized with the Yoast SEO plugin v27.2 - https:\/\/yoast.com\/product\/yoast-seo-wordpress\/ -->\n<title>IR 2026: como deduzir gastos com educa\u00e7\u00e3o, sa\u00fade e previd\u00eancia privada - Miradouro Not\u00edcias<\/title>\n<meta name=\"robots\" content=\"index, follow, max-snippet:-1, max-image-preview:large, max-video-preview:-1\" \/>\n<link rel=\"canonical\" href=\"https:\/\/miradouronoticias.com\/site\/2026\/04\/26\/ir-2026-como-deduzir-gastos-com-educacao-saude-e-previdencia-privada\/\" \/>\n<meta property=\"og:locale\" content=\"pt_BR\" \/>\n<meta property=\"og:type\" content=\"article\" \/>\n<meta property=\"og:title\" content=\"IR 2026: como deduzir gastos com educa\u00e7\u00e3o, sa\u00fade e previd\u00eancia privada - Miradouro Not\u00edcias\" \/>\n<meta property=\"og:description\" content=\"&nbsp; Na declara\u00e7\u00e3o do Imposto de Renda, dois campos merecem aten\u00e7\u00e3o: s\u00e3o os de gastos com educa\u00e7\u00e3o e o de gastos com sa\u00fade.\u00a0Lan\u00e7ar todos os comprovantes pode reduzir consideravelmente o valor do imposto a pagar, mas as regras s\u00e3o bem diferentes para essas despesas. Educa\u00e7\u00e3o Na educa\u00e7\u00e3o,\u00a0por exemplo,\u00a0o benef\u00edcio vale para voc\u00ea, seus dependentes e [&hellip;]\" \/>\n<meta property=\"og:url\" content=\"https:\/\/miradouronoticias.com\/site\/2026\/04\/26\/ir-2026-como-deduzir-gastos-com-educacao-saude-e-previdencia-privada\/\" \/>\n<meta property=\"og:site_name\" content=\"Miradouro Not\u00edcias\" \/>\n<meta property=\"article:published_time\" content=\"2026-04-26T09:01:09+00:00\" \/>\n<meta property=\"og:image\" content=\"https:\/\/miradouronoticias.com\/site\/wp-content\/uploads\/2026\/04\/como_declarar_os_gastos_com_saude_e_educacao_c_elza_fiuzaagencia_brasil.webp\" \/>\n\t<meta property=\"og:image:width\" content=\"1170\" \/>\n\t<meta property=\"og:image:height\" content=\"700\" \/>\n\t<meta property=\"og:image:type\" content=\"image\/webp\" \/>\n<meta name=\"author\" content=\"Cl\u00e1udia Olyver\" \/>\n<meta name=\"twitter:card\" content=\"summary_large_image\" \/>\n<meta name=\"twitter:label1\" content=\"Escrito por\" \/>\n\t<meta name=\"twitter:data1\" content=\"Cl\u00e1udia Olyver\" \/>\n\t<meta name=\"twitter:label2\" content=\"Est. tempo de leitura\" \/>\n\t<meta name=\"twitter:data2\" content=\"5 minutos\" \/>\n<script type=\"application\/ld+json\" class=\"yoast-schema-graph\">{\"@context\":\"https:\/\/schema.org\",\"@graph\":[{\"@type\":\"Article\",\"@id\":\"https:\/\/miradouronoticias.com\/site\/2026\/04\/26\/ir-2026-como-deduzir-gastos-com-educacao-saude-e-previdencia-privada\/#article\",\"isPartOf\":{\"@id\":\"https:\/\/miradouronoticias.com\/site\/2026\/04\/26\/ir-2026-como-deduzir-gastos-com-educacao-saude-e-previdencia-privada\/\"},\"author\":{\"name\":\"Cl\u00e1udia Olyver\",\"@id\":\"https:\/\/miradouronoticias.com\/site\/#\/schema\/person\/73440d8c82222950df86f3e1a16aad3b\"},\"headline\":\"IR 2026: como deduzir gastos com educa\u00e7\u00e3o, sa\u00fade e previd\u00eancia privada\",\"datePublished\":\"2026-04-26T09:01:09+00:00\",\"mainEntityOfPage\":{\"@id\":\"https:\/\/miradouronoticias.com\/site\/2026\/04\/26\/ir-2026-como-deduzir-gastos-com-educacao-saude-e-previdencia-privada\/\"},\"wordCount\":764,\"commentCount\":0,\"publisher\":{\"@id\":\"https:\/\/miradouronoticias.com\/site\/#organization\"},\"image\":{\"@id\":\"https:\/\/miradouronoticias.com\/site\/2026\/04\/26\/ir-2026-como-deduzir-gastos-com-educacao-saude-e-previdencia-privada\/#primaryimage\"},\"thumbnailUrl\":\"https:\/\/miradouronoticias.com\/site\/wp-content\/uploads\/2026\/04\/como_declarar_os_gastos_com_saude_e_educacao_c_elza_fiuzaagencia_brasil.webp\",\"articleSection\":[\"Destaque Principal\",\"Educa\u00e7\u00e3o\"],\"inLanguage\":\"pt-BR\",\"potentialAction\":[{\"@type\":\"CommentAction\",\"name\":\"Comment\",\"target\":[\"https:\/\/miradouronoticias.com\/site\/2026\/04\/26\/ir-2026-como-deduzir-gastos-com-educacao-saude-e-previdencia-privada\/#respond\"]}]},{\"@type\":\"WebPage\",\"@id\":\"https:\/\/miradouronoticias.com\/site\/2026\/04\/26\/ir-2026-como-deduzir-gastos-com-educacao-saude-e-previdencia-privada\/\",\"url\":\"https:\/\/miradouronoticias.com\/site\/2026\/04\/26\/ir-2026-como-deduzir-gastos-com-educacao-saude-e-previdencia-privada\/\",\"name\":\"IR 2026: como deduzir gastos com educa\u00e7\u00e3o, sa\u00fade e previd\u00eancia privada - Miradouro Not\u00edcias\",\"isPartOf\":{\"@id\":\"https:\/\/miradouronoticias.com\/site\/#website\"},\"primaryImageOfPage\":{\"@id\":\"https:\/\/miradouronoticias.com\/site\/2026\/04\/26\/ir-2026-como-deduzir-gastos-com-educacao-saude-e-previdencia-privada\/#primaryimage\"},\"image\":{\"@id\":\"https:\/\/miradouronoticias.com\/site\/2026\/04\/26\/ir-2026-como-deduzir-gastos-com-educacao-saude-e-previdencia-privada\/#primaryimage\"},\"thumbnailUrl\":\"https:\/\/miradouronoticias.com\/site\/wp-content\/uploads\/2026\/04\/como_declarar_os_gastos_com_saude_e_educacao_c_elza_fiuzaagencia_brasil.webp\",\"datePublished\":\"2026-04-26T09:01:09+00:00\",\"breadcrumb\":{\"@id\":\"https:\/\/miradouronoticias.com\/site\/2026\/04\/26\/ir-2026-como-deduzir-gastos-com-educacao-saude-e-previdencia-privada\/#breadcrumb\"},\"inLanguage\":\"pt-BR\",\"potentialAction\":[{\"@type\":\"ReadAction\",\"target\":[\"https:\/\/miradouronoticias.com\/site\/2026\/04\/26\/ir-2026-como-deduzir-gastos-com-educacao-saude-e-previdencia-privada\/\"]}]},{\"@type\":\"ImageObject\",\"inLanguage\":\"pt-BR\",\"@id\":\"https:\/\/miradouronoticias.com\/site\/2026\/04\/26\/ir-2026-como-deduzir-gastos-com-educacao-saude-e-previdencia-privada\/#primaryimage\",\"url\":\"https:\/\/miradouronoticias.com\/site\/wp-content\/uploads\/2026\/04\/como_declarar_os_gastos_com_saude_e_educacao_c_elza_fiuzaagencia_brasil.webp\",\"contentUrl\":\"https:\/\/miradouronoticias.com\/site\/wp-content\/uploads\/2026\/04\/como_declarar_os_gastos_com_saude_e_educacao_c_elza_fiuzaagencia_brasil.webp\",\"width\":1170,\"height\":700},{\"@type\":\"BreadcrumbList\",\"@id\":\"https:\/\/miradouronoticias.com\/site\/2026\/04\/26\/ir-2026-como-deduzir-gastos-com-educacao-saude-e-previdencia-privada\/#breadcrumb\",\"itemListElement\":[{\"@type\":\"ListItem\",\"position\":1,\"name\":\"In\u00edcio\",\"item\":\"https:\/\/miradouronoticias.com\/site\/\"},{\"@type\":\"ListItem\",\"position\":2,\"name\":\"IR 2026: como deduzir gastos com educa\u00e7\u00e3o, sa\u00fade e previd\u00eancia privada\"}]},{\"@type\":\"WebSite\",\"@id\":\"https:\/\/miradouronoticias.com\/site\/#website\",\"url\":\"https:\/\/miradouronoticias.com\/site\/\",\"name\":\"Miradouro Not\u00edcias\",\"description\":\"Informa\u00e7\u00f5es da cidade e regi\u00e3o\",\"publisher\":{\"@id\":\"https:\/\/miradouronoticias.com\/site\/#organization\"},\"potentialAction\":[{\"@type\":\"SearchAction\",\"target\":{\"@type\":\"EntryPoint\",\"urlTemplate\":\"https:\/\/miradouronoticias.com\/site\/?s={search_term_string}\"},\"query-input\":{\"@type\":\"PropertyValueSpecification\",\"valueRequired\":true,\"valueName\":\"search_term_string\"}}],\"inLanguage\":\"pt-BR\"},{\"@type\":\"Organization\",\"@id\":\"https:\/\/miradouronoticias.com\/site\/#organization\",\"name\":\"Miradouro Not\u00edcias\",\"url\":\"https:\/\/miradouronoticias.com\/site\/\",\"logo\":{\"@type\":\"ImageObject\",\"inLanguage\":\"pt-BR\",\"@id\":\"https:\/\/miradouronoticias.com\/site\/#\/schema\/logo\/image\/\",\"url\":\"https:\/\/miradouronoticias.com\/site\/wp-content\/uploads\/2022\/01\/logomarcamiradouronoticias.png\",\"contentUrl\":\"https:\/\/miradouronoticias.com\/site\/wp-content\/uploads\/2022\/01\/logomarcamiradouronoticias.png\",\"width\":747,\"height\":263,\"caption\":\"Miradouro Not\u00edcias\"},\"image\":{\"@id\":\"https:\/\/miradouronoticias.com\/site\/#\/schema\/logo\/image\/\"}},{\"@type\":\"Person\",\"@id\":\"https:\/\/miradouronoticias.com\/site\/#\/schema\/person\/73440d8c82222950df86f3e1a16aad3b\",\"name\":\"Cl\u00e1udia Olyver\",\"sameAs\":[\"http:\/\/www.miradouronoticias.com\"],\"url\":\"https:\/\/miradouronoticias.com\/site\/author\/claudia\/\"}]}<\/script>\n<!-- \/ Yoast SEO plugin. -->","yoast_head_json":{"title":"IR 2026: como deduzir gastos com educa\u00e7\u00e3o, sa\u00fade e previd\u00eancia privada - Miradouro Not\u00edcias","robots":{"index":"index","follow":"follow","max-snippet":"max-snippet:-1","max-image-preview":"max-image-preview:large","max-video-preview":"max-video-preview:-1"},"canonical":"https:\/\/miradouronoticias.com\/site\/2026\/04\/26\/ir-2026-como-deduzir-gastos-com-educacao-saude-e-previdencia-privada\/","og_locale":"pt_BR","og_type":"article","og_title":"IR 2026: como deduzir gastos com educa\u00e7\u00e3o, sa\u00fade e previd\u00eancia privada - Miradouro Not\u00edcias","og_description":"&nbsp; Na declara\u00e7\u00e3o do Imposto de Renda, dois campos merecem aten\u00e7\u00e3o: s\u00e3o os de gastos com educa\u00e7\u00e3o e o de gastos com sa\u00fade.\u00a0Lan\u00e7ar todos os comprovantes pode reduzir consideravelmente o valor do imposto a pagar, mas as regras s\u00e3o bem diferentes para essas despesas. Educa\u00e7\u00e3o Na educa\u00e7\u00e3o,\u00a0por exemplo,\u00a0o benef\u00edcio vale para voc\u00ea, seus dependentes e [&hellip;]","og_url":"https:\/\/miradouronoticias.com\/site\/2026\/04\/26\/ir-2026-como-deduzir-gastos-com-educacao-saude-e-previdencia-privada\/","og_site_name":"Miradouro Not\u00edcias","article_published_time":"2026-04-26T09:01:09+00:00","og_image":[{"width":1170,"height":700,"url":"https:\/\/miradouronoticias.com\/site\/wp-content\/uploads\/2026\/04\/como_declarar_os_gastos_com_saude_e_educacao_c_elza_fiuzaagencia_brasil.webp","type":"image\/webp"}],"author":"Cl\u00e1udia Olyver","twitter_card":"summary_large_image","twitter_misc":{"Escrito por":"Cl\u00e1udia Olyver","Est. tempo de leitura":"5 minutos"},"schema":{"@context":"https:\/\/schema.org","@graph":[{"@type":"Article","@id":"https:\/\/miradouronoticias.com\/site\/2026\/04\/26\/ir-2026-como-deduzir-gastos-com-educacao-saude-e-previdencia-privada\/#article","isPartOf":{"@id":"https:\/\/miradouronoticias.com\/site\/2026\/04\/26\/ir-2026-como-deduzir-gastos-com-educacao-saude-e-previdencia-privada\/"},"author":{"name":"Cl\u00e1udia Olyver","@id":"https:\/\/miradouronoticias.com\/site\/#\/schema\/person\/73440d8c82222950df86f3e1a16aad3b"},"headline":"IR 2026: como deduzir gastos com educa\u00e7\u00e3o, sa\u00fade e previd\u00eancia privada","datePublished":"2026-04-26T09:01:09+00:00","mainEntityOfPage":{"@id":"https:\/\/miradouronoticias.com\/site\/2026\/04\/26\/ir-2026-como-deduzir-gastos-com-educacao-saude-e-previdencia-privada\/"},"wordCount":764,"commentCount":0,"publisher":{"@id":"https:\/\/miradouronoticias.com\/site\/#organization"},"image":{"@id":"https:\/\/miradouronoticias.com\/site\/2026\/04\/26\/ir-2026-como-deduzir-gastos-com-educacao-saude-e-previdencia-privada\/#primaryimage"},"thumbnailUrl":"https:\/\/miradouronoticias.com\/site\/wp-content\/uploads\/2026\/04\/como_declarar_os_gastos_com_saude_e_educacao_c_elza_fiuzaagencia_brasil.webp","articleSection":["Destaque Principal","Educa\u00e7\u00e3o"],"inLanguage":"pt-BR","potentialAction":[{"@type":"CommentAction","name":"Comment","target":["https:\/\/miradouronoticias.com\/site\/2026\/04\/26\/ir-2026-como-deduzir-gastos-com-educacao-saude-e-previdencia-privada\/#respond"]}]},{"@type":"WebPage","@id":"https:\/\/miradouronoticias.com\/site\/2026\/04\/26\/ir-2026-como-deduzir-gastos-com-educacao-saude-e-previdencia-privada\/","url":"https:\/\/miradouronoticias.com\/site\/2026\/04\/26\/ir-2026-como-deduzir-gastos-com-educacao-saude-e-previdencia-privada\/","name":"IR 2026: como deduzir gastos com educa\u00e7\u00e3o, sa\u00fade e previd\u00eancia privada - Miradouro Not\u00edcias","isPartOf":{"@id":"https:\/\/miradouronoticias.com\/site\/#website"},"primaryImageOfPage":{"@id":"https:\/\/miradouronoticias.com\/site\/2026\/04\/26\/ir-2026-como-deduzir-gastos-com-educacao-saude-e-previdencia-privada\/#primaryimage"},"image":{"@id":"https:\/\/miradouronoticias.com\/site\/2026\/04\/26\/ir-2026-como-deduzir-gastos-com-educacao-saude-e-previdencia-privada\/#primaryimage"},"thumbnailUrl":"https:\/\/miradouronoticias.com\/site\/wp-content\/uploads\/2026\/04\/como_declarar_os_gastos_com_saude_e_educacao_c_elza_fiuzaagencia_brasil.webp","datePublished":"2026-04-26T09:01:09+00:00","breadcrumb":{"@id":"https:\/\/miradouronoticias.com\/site\/2026\/04\/26\/ir-2026-como-deduzir-gastos-com-educacao-saude-e-previdencia-privada\/#breadcrumb"},"inLanguage":"pt-BR","potentialAction":[{"@type":"ReadAction","target":["https:\/\/miradouronoticias.com\/site\/2026\/04\/26\/ir-2026-como-deduzir-gastos-com-educacao-saude-e-previdencia-privada\/"]}]},{"@type":"ImageObject","inLanguage":"pt-BR","@id":"https:\/\/miradouronoticias.com\/site\/2026\/04\/26\/ir-2026-como-deduzir-gastos-com-educacao-saude-e-previdencia-privada\/#primaryimage","url":"https:\/\/miradouronoticias.com\/site\/wp-content\/uploads\/2026\/04\/como_declarar_os_gastos_com_saude_e_educacao_c_elza_fiuzaagencia_brasil.webp","contentUrl":"https:\/\/miradouronoticias.com\/site\/wp-content\/uploads\/2026\/04\/como_declarar_os_gastos_com_saude_e_educacao_c_elza_fiuzaagencia_brasil.webp","width":1170,"height":700},{"@type":"BreadcrumbList","@id":"https:\/\/miradouronoticias.com\/site\/2026\/04\/26\/ir-2026-como-deduzir-gastos-com-educacao-saude-e-previdencia-privada\/#breadcrumb","itemListElement":[{"@type":"ListItem","position":1,"name":"In\u00edcio","item":"https:\/\/miradouronoticias.com\/site\/"},{"@type":"ListItem","position":2,"name":"IR 2026: como deduzir gastos com educa\u00e7\u00e3o, sa\u00fade e previd\u00eancia privada"}]},{"@type":"WebSite","@id":"https:\/\/miradouronoticias.com\/site\/#website","url":"https:\/\/miradouronoticias.com\/site\/","name":"Miradouro Not\u00edcias","description":"Informa\u00e7\u00f5es da cidade e regi\u00e3o","publisher":{"@id":"https:\/\/miradouronoticias.com\/site\/#organization"},"potentialAction":[{"@type":"SearchAction","target":{"@type":"EntryPoint","urlTemplate":"https:\/\/miradouronoticias.com\/site\/?s={search_term_string}"},"query-input":{"@type":"PropertyValueSpecification","valueRequired":true,"valueName":"search_term_string"}}],"inLanguage":"pt-BR"},{"@type":"Organization","@id":"https:\/\/miradouronoticias.com\/site\/#organization","name":"Miradouro Not\u00edcias","url":"https:\/\/miradouronoticias.com\/site\/","logo":{"@type":"ImageObject","inLanguage":"pt-BR","@id":"https:\/\/miradouronoticias.com\/site\/#\/schema\/logo\/image\/","url":"https:\/\/miradouronoticias.com\/site\/wp-content\/uploads\/2022\/01\/logomarcamiradouronoticias.png","contentUrl":"https:\/\/miradouronoticias.com\/site\/wp-content\/uploads\/2022\/01\/logomarcamiradouronoticias.png","width":747,"height":263,"caption":"Miradouro Not\u00edcias"},"image":{"@id":"https:\/\/miradouronoticias.com\/site\/#\/schema\/logo\/image\/"}},{"@type":"Person","@id":"https:\/\/miradouronoticias.com\/site\/#\/schema\/person\/73440d8c82222950df86f3e1a16aad3b","name":"Cl\u00e1udia Olyver","sameAs":["http:\/\/www.miradouronoticias.com"],"url":"https:\/\/miradouronoticias.com\/site\/author\/claudia\/"}]}},"_links":{"self":[{"href":"https:\/\/miradouronoticias.com\/site\/wp-json\/wp\/v2\/posts\/32753","targetHints":{"allow":["GET"]}}],"collection":[{"href":"https:\/\/miradouronoticias.com\/site\/wp-json\/wp\/v2\/posts"}],"about":[{"href":"https:\/\/miradouronoticias.com\/site\/wp-json\/wp\/v2\/types\/post"}],"author":[{"embeddable":true,"href":"https:\/\/miradouronoticias.com\/site\/wp-json\/wp\/v2\/users\/4"}],"replies":[{"embeddable":true,"href":"https:\/\/miradouronoticias.com\/site\/wp-json\/wp\/v2\/comments?post=32753"}],"version-history":[{"count":1,"href":"https:\/\/miradouronoticias.com\/site\/wp-json\/wp\/v2\/posts\/32753\/revisions"}],"predecessor-version":[{"id":32755,"href":"https:\/\/miradouronoticias.com\/site\/wp-json\/wp\/v2\/posts\/32753\/revisions\/32755"}],"wp:featuredmedia":[{"embeddable":true,"href":"https:\/\/miradouronoticias.com\/site\/wp-json\/wp\/v2\/media\/32754"}],"wp:attachment":[{"href":"https:\/\/miradouronoticias.com\/site\/wp-json\/wp\/v2\/media?parent=32753"}],"wp:term":[{"taxonomy":"category","embeddable":true,"href":"https:\/\/miradouronoticias.com\/site\/wp-json\/wp\/v2\/categories?post=32753"},{"taxonomy":"post_tag","embeddable":true,"href":"https:\/\/miradouronoticias.com\/site\/wp-json\/wp\/v2\/tags?post=32753"}],"curies":[{"name":"wp","href":"https:\/\/api.w.org\/{rel}","templated":true}]}}