{"id":32730,"date":"2026-04-24T11:48:58","date_gmt":"2026-04-24T14:48:58","guid":{"rendered":"https:\/\/miradouronoticias.com\/site\/?p=32730"},"modified":"2026-04-24T11:48:58","modified_gmt":"2026-04-24T14:48:58","slug":"aposentados-e-pensionistas-do-inss-comecam-a-receber-13o-nesta-sexta","status":"publish","type":"post","link":"https:\/\/miradouronoticias.com\/site\/2026\/04\/24\/aposentados-e-pensionistas-do-inss-comecam-a-receber-13o-nesta-sexta\/","title":{"rendered":"Aposentados e pensionistas do INSS come\u00e7am a receber 13\u00ba nesta sexta"},"content":{"rendered":"<p><img loading=\"lazy\" decoding=\"async\" class=\"alignnone size-medium wp-image-32731\" src=\"https:\/\/miradouronoticias.com\/site\/wp-content\/uploads\/2026\/04\/real_moeda_020120a84t47455214-300x179.webp\" alt=\"\" width=\"300\" height=\"179\" srcset=\"https:\/\/miradouronoticias.com\/site\/wp-content\/uploads\/2026\/04\/real_moeda_020120a84t47455214-300x179.webp 300w, https:\/\/miradouronoticias.com\/site\/wp-content\/uploads\/2026\/04\/real_moeda_020120a84t47455214-1024x613.webp 1024w, https:\/\/miradouronoticias.com\/site\/wp-content\/uploads\/2026\/04\/real_moeda_020120a84t47455214-768x459.webp 768w, https:\/\/miradouronoticias.com\/site\/wp-content\/uploads\/2026\/04\/real_moeda_020120a84t47455214.webp 1170w\" sizes=\"auto, (max-width: 300px) 100vw, 300px\" \/><\/p>\n<header id=\"header-site\" class=\"header-site full-width rel-position\">\n<div class=\"header-veiculo full-width\">\n<aside id=\"nav-menu-mobile\" class=\"nav-menu-mobile\">&nbsp;<\/p>\n<\/aside>\n<\/div>\n<div class=\"header-editorias rowflex full-width\"><\/div>\n<\/header>\n<p><main class=\"main-site\"><\/p>\n<div class=\"region region-content\">\n<div id=\"block-system-main\" class=\"block block-system\">\n<div class=\"content\">\n<div id=\"panel\" class=\"container-noticia rel-position\">\n<div id=\"node-1687063\" class=\"node node-conteudo clearfix\">\n<div class=\"conteudo-noticia\">\n<p><strong>Cerca de 23,3 milh\u00f5es dos 35,2 milh\u00f5es de aposentados, pensionistas e benefici\u00e1rios de aux\u00edlios do Instituto Nacional do Seguro Social (INSS) come\u00e7am a receber nesta sexta-feira (24) a primeira parcela da antecipa\u00e7\u00e3o do d\u00e9cimo terceiro.<\/strong><img decoding=\"async\" src=\"https:\/\/agenciabrasil.ebc.com.br\/ebc.png?id=1687063&amp;o=node\" \/><img decoding=\"async\" src=\"https:\/\/agenciabrasil.ebc.com.br\/ebc.gif?id=1687063&amp;o=node\" \/><\/p>\n<p>Com a previs\u00e3o de injetar R$ 78,2 bilh\u00f5es na economia, o pagamento come\u00e7a para quem ganha um sal\u00e1rio m\u00ednimo.\u00a0<strong>Os 11,9 milh\u00f5es restantes, que ganham al\u00e9m do m\u00ednimo, come\u00e7am a receber a antecipa\u00e7\u00e3o do d\u00e9cimo terceiro em 2 de maio.<\/strong><\/p>\n<p><strong>O benef\u00edcio extra ser\u00e1 pago em duas parcelas. A primeira ser\u00e1 paga nesta sexta at\u00e9 8 de maio. A segunda vai de 25 de maio a 8 de junho. As datas s\u00e3o definidas com base no d\u00edgito final do N\u00famero de Inscri\u00e7\u00e3o Social (NIS) e com base na renda do benefici\u00e1rio.<\/strong>\u00a0Quem ganha apenas o sal\u00e1rio m\u00ednimo come\u00e7a a receber antes de quem recebe mais que o m\u00ednimo.<\/p>\n<p>O\u00a0<a href=\"https:\/\/www.in.gov.br\/web\/dou\/-\/decreto-n-12.884-de-19-de-marco-de-2026-694121063\" target=\"_blank\" rel=\"noopener\">decreto<\/a>\u00a0com a antecipa\u00e7\u00e3o do d\u00e9cimo terceiro do INSS foi assinado no fim de mar\u00e7o pelo presidente Luiz In\u00e1cio Lula da Silva. Este ser\u00e1 o s\u00e9timos ano seguido em que os segurados do INSS receber\u00e3o do d\u00e9cimo terceiro antes das datas tradicionais, em agosto e em dezembro. Em 2020 e 2021, o pagamento ocorreu mais cedo por causa da pandemia de covid-19. Em 2022 e 2023, as parcelas foram pagas em maio e junho. Em 2024 e 2025, em abril e maio.<\/p>\n<p><a href=\"https:\/\/www.whatsapp.com\/channel\/0029VaoRTgrInlqYLSk59B2M\" target=\"_blank\" rel=\"noopener\">&gt;&gt; Siga o canal da\u00a0<strong>Ag\u00eancia Brasil\u00a0<\/strong>no WhatsApp<\/a><\/p>\n<p>A consulta pode ser feita no aplicativo Meu INSS, dispon\u00edvel para celulares e tablets, ou no site gov.br\/meuinss.\u00a0Quem n\u00e3o tiver acesso \u00e0 internet pode consultar a libera\u00e7\u00e3o do d\u00e9cimo terceiro pelo telefone 135. Nesse caso, \u00e9 necess\u00e1rio informar o n\u00famero do Cadastro de Pessoas F\u00edsicas (CPF) e confirmar alguns dados ao atendente antes de fazer a consulta. O atendimento telef\u00f4nico est\u00e1 dispon\u00edvel de segunda a s\u00e1bado, das 7h \u00e0s 22h.<\/p>\n<p>&nbsp;<\/p>\n<div class=\"dnd-widget-wrapper context-cheio_8colunas type-image\">\n<div class=\"dnd-atom-rendered\"><img decoding=\"async\" title=\"INSS\/Divulga\u00e7\u00e3o\" src=\"https:\/\/imagens.ebc.com.br\/EodCuVMXLpXS6ljgRwkuhsvqoC8=\/754x0\/smart\/https:\/\/agenciabrasil.ebc.com.br\/sites\/default\/files\/thumbnails\/image\/2026\/04\/15\/inssidosos.jpg?itok=DCV2flGh\" alt=\"Bras\u00edlia (DF), 15\/04\/2026 - Aposentados e pensionistas do INSS podem consultar antecipa\u00e7\u00e3o do 13\u00ba sal\u00e1rio. Foto: INSS\/Divulga\u00e7\u00e3o\" \/><\/div>\n<div class=\"dnd-caption-wrapper\">\n<h6 class=\"meta\">\u00a0Aposentados e pensionistas do INSS podem consultar antecipa\u00e7\u00e3o do 13\u00ba sal\u00e1rio. Foto:\u00a0<strong>INSS\/Divulga\u00e7\u00e3o<\/strong><\/h6>\n<\/div>\n<\/div>\n<p>&nbsp;<\/p>\n<p>Conforme os dados mais recentes do INSS, de fevereiro, 23,3 milh\u00f5es de pessoas, cerca de 66,2% do total dos segurados do INSS, ganham at\u00e9 um sal\u00e1rio-m\u00ednimo por m\u00eas (R$ 1.621). Outros 11,9 milh\u00f5es de benefici\u00e1rios recebem acima do piso nacional. Desse total, 13,7 mil ganham o teto da Previd\u00eancia Social, de R$ 8.475,55.<\/p>\n<p><strong>A maioria dos aposentados e pensionistas receber\u00e1 50% do d\u00e9cimo terceiro na primeira parcela. A exce\u00e7\u00e3o \u00e9 para quem passou a receber o benef\u00edcio depois de janeiro e ter\u00e1 o valor calculado proporcionalmente.<\/strong><\/p>\n<p>O Minist\u00e9rio da Previd\u00eancia esclarece que os segurados que recebem benef\u00edcio por incapacidade tempor\u00e1ria (antigo aux\u00edlio-doen\u00e7a) tamb\u00e9m t\u00eam direito a uma parcela menor do d\u00e9cimo terceiro, calculada de acordo com a dura\u00e7\u00e3o do benef\u00edcio. Por lei, os segurados que recebem benef\u00edcios assistenciais, como o Benef\u00edcio de Presta\u00e7\u00e3o Continuada (BPC) e o Renda Mensal Vital\u00edcia, n\u00e3o t\u00eam direito a d\u00e9cimo terceiro sal\u00e1rio.<\/p>\n<p>By: miradouronoticias.com.br\/ ag\u00eancia Brasil<\/p>\n<\/div>\n<\/div>\n<\/div>\n<\/div>\n<\/div>\n<\/div>\n<p><\/main><\/p>\n","protected":false},"excerpt":{"rendered":"<p>&nbsp; Cerca de 23,3 milh\u00f5es dos 35,2 milh\u00f5es de aposentados, pensionistas e benefici\u00e1rios de aux\u00edlios do Instituto Nacional do Seguro Social (INSS) come\u00e7am a receber nesta sexta-feira (24) a primeira parcela da antecipa\u00e7\u00e3o do d\u00e9cimo terceiro. Com a previs\u00e3o de injetar R$ 78,2 bilh\u00f5es na economia, o pagamento come\u00e7a para quem ganha um sal\u00e1rio m\u00ednimo.\u00a0Os [&hellip;]<\/p>\n","protected":false},"author":4,"featured_media":32731,"comment_status":"open","ping_status":"closed","sticky":false,"template":"","format":"standard","meta":{"footnotes":""},"categories":[1,29],"tags":[],"class_list":["post-32730","post","type-post","status-publish","format-standard","has-post-thumbnail","hentry","category-destaque-principal","category-economia"],"yoast_head":"<!-- This site is optimized with the Yoast SEO plugin v27.2 - https:\/\/yoast.com\/product\/yoast-seo-wordpress\/ -->\n<title>Aposentados e pensionistas do INSS come\u00e7am a receber 13\u00ba nesta sexta - Miradouro Not\u00edcias<\/title>\n<meta name=\"robots\" content=\"index, follow, max-snippet:-1, max-image-preview:large, max-video-preview:-1\" \/>\n<link rel=\"canonical\" href=\"https:\/\/miradouronoticias.com\/site\/2026\/04\/24\/aposentados-e-pensionistas-do-inss-comecam-a-receber-13o-nesta-sexta\/\" \/>\n<meta property=\"og:locale\" content=\"pt_BR\" \/>\n<meta property=\"og:type\" content=\"article\" \/>\n<meta property=\"og:title\" content=\"Aposentados e pensionistas do INSS come\u00e7am a receber 13\u00ba nesta sexta - Miradouro Not\u00edcias\" \/>\n<meta property=\"og:description\" content=\"&nbsp; Cerca de 23,3 milh\u00f5es dos 35,2 milh\u00f5es de aposentados, pensionistas e benefici\u00e1rios de aux\u00edlios do Instituto Nacional do Seguro Social (INSS) come\u00e7am a receber nesta sexta-feira (24) a primeira parcela da antecipa\u00e7\u00e3o do d\u00e9cimo terceiro. Com a previs\u00e3o de injetar R$ 78,2 bilh\u00f5es na economia, o pagamento come\u00e7a para quem ganha um sal\u00e1rio m\u00ednimo.\u00a0Os [&hellip;]\" \/>\n<meta property=\"og:url\" content=\"https:\/\/miradouronoticias.com\/site\/2026\/04\/24\/aposentados-e-pensionistas-do-inss-comecam-a-receber-13o-nesta-sexta\/\" \/>\n<meta property=\"og:site_name\" content=\"Miradouro Not\u00edcias\" \/>\n<meta property=\"article:published_time\" content=\"2026-04-24T14:48:58+00:00\" \/>\n<meta property=\"og:image\" content=\"https:\/\/miradouronoticias.com\/site\/wp-content\/uploads\/2026\/04\/real_moeda_020120a84t47455214.webp\" \/>\n\t<meta property=\"og:image:width\" content=\"1170\" \/>\n\t<meta property=\"og:image:height\" content=\"700\" \/>\n\t<meta property=\"og:image:type\" content=\"image\/webp\" \/>\n<meta name=\"author\" content=\"Cl\u00e1udia Olyver\" \/>\n<meta name=\"twitter:card\" content=\"summary_large_image\" \/>\n<meta name=\"twitter:label1\" content=\"Escrito por\" \/>\n\t<meta name=\"twitter:data1\" content=\"Cl\u00e1udia Olyver\" \/>\n\t<meta name=\"twitter:label2\" content=\"Est. tempo de leitura\" \/>\n\t<meta name=\"twitter:data2\" content=\"4 minutos\" \/>\n<script type=\"application\/ld+json\" class=\"yoast-schema-graph\">{\"@context\":\"https:\/\/schema.org\",\"@graph\":[{\"@type\":\"Article\",\"@id\":\"https:\/\/miradouronoticias.com\/site\/2026\/04\/24\/aposentados-e-pensionistas-do-inss-comecam-a-receber-13o-nesta-sexta\/#article\",\"isPartOf\":{\"@id\":\"https:\/\/miradouronoticias.com\/site\/2026\/04\/24\/aposentados-e-pensionistas-do-inss-comecam-a-receber-13o-nesta-sexta\/\"},\"author\":{\"name\":\"Cl\u00e1udia Olyver\",\"@id\":\"https:\/\/miradouronoticias.com\/site\/#\/schema\/person\/73440d8c82222950df86f3e1a16aad3b\"},\"headline\":\"Aposentados e pensionistas do INSS come\u00e7am a receber 13\u00ba nesta sexta\",\"datePublished\":\"2026-04-24T14:48:58+00:00\",\"mainEntityOfPage\":{\"@id\":\"https:\/\/miradouronoticias.com\/site\/2026\/04\/24\/aposentados-e-pensionistas-do-inss-comecam-a-receber-13o-nesta-sexta\/\"},\"wordCount\":542,\"commentCount\":0,\"publisher\":{\"@id\":\"https:\/\/miradouronoticias.com\/site\/#organization\"},\"image\":{\"@id\":\"https:\/\/miradouronoticias.com\/site\/2026\/04\/24\/aposentados-e-pensionistas-do-inss-comecam-a-receber-13o-nesta-sexta\/#primaryimage\"},\"thumbnailUrl\":\"https:\/\/miradouronoticias.com\/site\/wp-content\/uploads\/2026\/04\/real_moeda_020120a84t47455214.webp\",\"articleSection\":[\"Destaque Principal\",\"Economia\"],\"inLanguage\":\"pt-BR\",\"potentialAction\":[{\"@type\":\"CommentAction\",\"name\":\"Comment\",\"target\":[\"https:\/\/miradouronoticias.com\/site\/2026\/04\/24\/aposentados-e-pensionistas-do-inss-comecam-a-receber-13o-nesta-sexta\/#respond\"]}]},{\"@type\":\"WebPage\",\"@id\":\"https:\/\/miradouronoticias.com\/site\/2026\/04\/24\/aposentados-e-pensionistas-do-inss-comecam-a-receber-13o-nesta-sexta\/\",\"url\":\"https:\/\/miradouronoticias.com\/site\/2026\/04\/24\/aposentados-e-pensionistas-do-inss-comecam-a-receber-13o-nesta-sexta\/\",\"name\":\"Aposentados e pensionistas do INSS come\u00e7am a receber 13\u00ba nesta sexta - Miradouro Not\u00edcias\",\"isPartOf\":{\"@id\":\"https:\/\/miradouronoticias.com\/site\/#website\"},\"primaryImageOfPage\":{\"@id\":\"https:\/\/miradouronoticias.com\/site\/2026\/04\/24\/aposentados-e-pensionistas-do-inss-comecam-a-receber-13o-nesta-sexta\/#primaryimage\"},\"image\":{\"@id\":\"https:\/\/miradouronoticias.com\/site\/2026\/04\/24\/aposentados-e-pensionistas-do-inss-comecam-a-receber-13o-nesta-sexta\/#primaryimage\"},\"thumbnailUrl\":\"https:\/\/miradouronoticias.com\/site\/wp-content\/uploads\/2026\/04\/real_moeda_020120a84t47455214.webp\",\"datePublished\":\"2026-04-24T14:48:58+00:00\",\"breadcrumb\":{\"@id\":\"https:\/\/miradouronoticias.com\/site\/2026\/04\/24\/aposentados-e-pensionistas-do-inss-comecam-a-receber-13o-nesta-sexta\/#breadcrumb\"},\"inLanguage\":\"pt-BR\",\"potentialAction\":[{\"@type\":\"ReadAction\",\"target\":[\"https:\/\/miradouronoticias.com\/site\/2026\/04\/24\/aposentados-e-pensionistas-do-inss-comecam-a-receber-13o-nesta-sexta\/\"]}]},{\"@type\":\"ImageObject\",\"inLanguage\":\"pt-BR\",\"@id\":\"https:\/\/miradouronoticias.com\/site\/2026\/04\/24\/aposentados-e-pensionistas-do-inss-comecam-a-receber-13o-nesta-sexta\/#primaryimage\",\"url\":\"https:\/\/miradouronoticias.com\/site\/wp-content\/uploads\/2026\/04\/real_moeda_020120a84t47455214.webp\",\"contentUrl\":\"https:\/\/miradouronoticias.com\/site\/wp-content\/uploads\/2026\/04\/real_moeda_020120a84t47455214.webp\",\"width\":1170,\"height\":700},{\"@type\":\"BreadcrumbList\",\"@id\":\"https:\/\/miradouronoticias.com\/site\/2026\/04\/24\/aposentados-e-pensionistas-do-inss-comecam-a-receber-13o-nesta-sexta\/#breadcrumb\",\"itemListElement\":[{\"@type\":\"ListItem\",\"position\":1,\"name\":\"In\u00edcio\",\"item\":\"https:\/\/miradouronoticias.com\/site\/\"},{\"@type\":\"ListItem\",\"position\":2,\"name\":\"Aposentados e pensionistas do INSS come\u00e7am a receber 13\u00ba nesta sexta\"}]},{\"@type\":\"WebSite\",\"@id\":\"https:\/\/miradouronoticias.com\/site\/#website\",\"url\":\"https:\/\/miradouronoticias.com\/site\/\",\"name\":\"Miradouro Not\u00edcias\",\"description\":\"Informa\u00e7\u00f5es da cidade e regi\u00e3o\",\"publisher\":{\"@id\":\"https:\/\/miradouronoticias.com\/site\/#organization\"},\"potentialAction\":[{\"@type\":\"SearchAction\",\"target\":{\"@type\":\"EntryPoint\",\"urlTemplate\":\"https:\/\/miradouronoticias.com\/site\/?s={search_term_string}\"},\"query-input\":{\"@type\":\"PropertyValueSpecification\",\"valueRequired\":true,\"valueName\":\"search_term_string\"}}],\"inLanguage\":\"pt-BR\"},{\"@type\":\"Organization\",\"@id\":\"https:\/\/miradouronoticias.com\/site\/#organization\",\"name\":\"Miradouro Not\u00edcias\",\"url\":\"https:\/\/miradouronoticias.com\/site\/\",\"logo\":{\"@type\":\"ImageObject\",\"inLanguage\":\"pt-BR\",\"@id\":\"https:\/\/miradouronoticias.com\/site\/#\/schema\/logo\/image\/\",\"url\":\"https:\/\/miradouronoticias.com\/site\/wp-content\/uploads\/2022\/01\/logomarcamiradouronoticias.png\",\"contentUrl\":\"https:\/\/miradouronoticias.com\/site\/wp-content\/uploads\/2022\/01\/logomarcamiradouronoticias.png\",\"width\":747,\"height\":263,\"caption\":\"Miradouro Not\u00edcias\"},\"image\":{\"@id\":\"https:\/\/miradouronoticias.com\/site\/#\/schema\/logo\/image\/\"}},{\"@type\":\"Person\",\"@id\":\"https:\/\/miradouronoticias.com\/site\/#\/schema\/person\/73440d8c82222950df86f3e1a16aad3b\",\"name\":\"Cl\u00e1udia Olyver\",\"sameAs\":[\"http:\/\/www.miradouronoticias.com\"],\"url\":\"https:\/\/miradouronoticias.com\/site\/author\/claudia\/\"}]}<\/script>\n<!-- \/ Yoast SEO plugin. -->","yoast_head_json":{"title":"Aposentados e pensionistas do INSS come\u00e7am a receber 13\u00ba nesta sexta - Miradouro Not\u00edcias","robots":{"index":"index","follow":"follow","max-snippet":"max-snippet:-1","max-image-preview":"max-image-preview:large","max-video-preview":"max-video-preview:-1"},"canonical":"https:\/\/miradouronoticias.com\/site\/2026\/04\/24\/aposentados-e-pensionistas-do-inss-comecam-a-receber-13o-nesta-sexta\/","og_locale":"pt_BR","og_type":"article","og_title":"Aposentados e pensionistas do INSS come\u00e7am a receber 13\u00ba nesta sexta - Miradouro Not\u00edcias","og_description":"&nbsp; Cerca de 23,3 milh\u00f5es dos 35,2 milh\u00f5es de aposentados, pensionistas e benefici\u00e1rios de aux\u00edlios do Instituto Nacional do Seguro Social (INSS) come\u00e7am a receber nesta sexta-feira (24) a primeira parcela da antecipa\u00e7\u00e3o do d\u00e9cimo terceiro. Com a previs\u00e3o de injetar R$ 78,2 bilh\u00f5es na economia, o pagamento come\u00e7a para quem ganha um sal\u00e1rio m\u00ednimo.\u00a0Os [&hellip;]","og_url":"https:\/\/miradouronoticias.com\/site\/2026\/04\/24\/aposentados-e-pensionistas-do-inss-comecam-a-receber-13o-nesta-sexta\/","og_site_name":"Miradouro Not\u00edcias","article_published_time":"2026-04-24T14:48:58+00:00","og_image":[{"width":1170,"height":700,"url":"https:\/\/miradouronoticias.com\/site\/wp-content\/uploads\/2026\/04\/real_moeda_020120a84t47455214.webp","type":"image\/webp"}],"author":"Cl\u00e1udia Olyver","twitter_card":"summary_large_image","twitter_misc":{"Escrito por":"Cl\u00e1udia Olyver","Est. tempo de leitura":"4 minutos"},"schema":{"@context":"https:\/\/schema.org","@graph":[{"@type":"Article","@id":"https:\/\/miradouronoticias.com\/site\/2026\/04\/24\/aposentados-e-pensionistas-do-inss-comecam-a-receber-13o-nesta-sexta\/#article","isPartOf":{"@id":"https:\/\/miradouronoticias.com\/site\/2026\/04\/24\/aposentados-e-pensionistas-do-inss-comecam-a-receber-13o-nesta-sexta\/"},"author":{"name":"Cl\u00e1udia Olyver","@id":"https:\/\/miradouronoticias.com\/site\/#\/schema\/person\/73440d8c82222950df86f3e1a16aad3b"},"headline":"Aposentados e pensionistas do INSS come\u00e7am a receber 13\u00ba nesta sexta","datePublished":"2026-04-24T14:48:58+00:00","mainEntityOfPage":{"@id":"https:\/\/miradouronoticias.com\/site\/2026\/04\/24\/aposentados-e-pensionistas-do-inss-comecam-a-receber-13o-nesta-sexta\/"},"wordCount":542,"commentCount":0,"publisher":{"@id":"https:\/\/miradouronoticias.com\/site\/#organization"},"image":{"@id":"https:\/\/miradouronoticias.com\/site\/2026\/04\/24\/aposentados-e-pensionistas-do-inss-comecam-a-receber-13o-nesta-sexta\/#primaryimage"},"thumbnailUrl":"https:\/\/miradouronoticias.com\/site\/wp-content\/uploads\/2026\/04\/real_moeda_020120a84t47455214.webp","articleSection":["Destaque Principal","Economia"],"inLanguage":"pt-BR","potentialAction":[{"@type":"CommentAction","name":"Comment","target":["https:\/\/miradouronoticias.com\/site\/2026\/04\/24\/aposentados-e-pensionistas-do-inss-comecam-a-receber-13o-nesta-sexta\/#respond"]}]},{"@type":"WebPage","@id":"https:\/\/miradouronoticias.com\/site\/2026\/04\/24\/aposentados-e-pensionistas-do-inss-comecam-a-receber-13o-nesta-sexta\/","url":"https:\/\/miradouronoticias.com\/site\/2026\/04\/24\/aposentados-e-pensionistas-do-inss-comecam-a-receber-13o-nesta-sexta\/","name":"Aposentados e pensionistas do INSS come\u00e7am a receber 13\u00ba nesta sexta - Miradouro Not\u00edcias","isPartOf":{"@id":"https:\/\/miradouronoticias.com\/site\/#website"},"primaryImageOfPage":{"@id":"https:\/\/miradouronoticias.com\/site\/2026\/04\/24\/aposentados-e-pensionistas-do-inss-comecam-a-receber-13o-nesta-sexta\/#primaryimage"},"image":{"@id":"https:\/\/miradouronoticias.com\/site\/2026\/04\/24\/aposentados-e-pensionistas-do-inss-comecam-a-receber-13o-nesta-sexta\/#primaryimage"},"thumbnailUrl":"https:\/\/miradouronoticias.com\/site\/wp-content\/uploads\/2026\/04\/real_moeda_020120a84t47455214.webp","datePublished":"2026-04-24T14:48:58+00:00","breadcrumb":{"@id":"https:\/\/miradouronoticias.com\/site\/2026\/04\/24\/aposentados-e-pensionistas-do-inss-comecam-a-receber-13o-nesta-sexta\/#breadcrumb"},"inLanguage":"pt-BR","potentialAction":[{"@type":"ReadAction","target":["https:\/\/miradouronoticias.com\/site\/2026\/04\/24\/aposentados-e-pensionistas-do-inss-comecam-a-receber-13o-nesta-sexta\/"]}]},{"@type":"ImageObject","inLanguage":"pt-BR","@id":"https:\/\/miradouronoticias.com\/site\/2026\/04\/24\/aposentados-e-pensionistas-do-inss-comecam-a-receber-13o-nesta-sexta\/#primaryimage","url":"https:\/\/miradouronoticias.com\/site\/wp-content\/uploads\/2026\/04\/real_moeda_020120a84t47455214.webp","contentUrl":"https:\/\/miradouronoticias.com\/site\/wp-content\/uploads\/2026\/04\/real_moeda_020120a84t47455214.webp","width":1170,"height":700},{"@type":"BreadcrumbList","@id":"https:\/\/miradouronoticias.com\/site\/2026\/04\/24\/aposentados-e-pensionistas-do-inss-comecam-a-receber-13o-nesta-sexta\/#breadcrumb","itemListElement":[{"@type":"ListItem","position":1,"name":"In\u00edcio","item":"https:\/\/miradouronoticias.com\/site\/"},{"@type":"ListItem","position":2,"name":"Aposentados e pensionistas do INSS come\u00e7am a receber 13\u00ba nesta sexta"}]},{"@type":"WebSite","@id":"https:\/\/miradouronoticias.com\/site\/#website","url":"https:\/\/miradouronoticias.com\/site\/","name":"Miradouro Not\u00edcias","description":"Informa\u00e7\u00f5es da cidade e regi\u00e3o","publisher":{"@id":"https:\/\/miradouronoticias.com\/site\/#organization"},"potentialAction":[{"@type":"SearchAction","target":{"@type":"EntryPoint","urlTemplate":"https:\/\/miradouronoticias.com\/site\/?s={search_term_string}"},"query-input":{"@type":"PropertyValueSpecification","valueRequired":true,"valueName":"search_term_string"}}],"inLanguage":"pt-BR"},{"@type":"Organization","@id":"https:\/\/miradouronoticias.com\/site\/#organization","name":"Miradouro Not\u00edcias","url":"https:\/\/miradouronoticias.com\/site\/","logo":{"@type":"ImageObject","inLanguage":"pt-BR","@id":"https:\/\/miradouronoticias.com\/site\/#\/schema\/logo\/image\/","url":"https:\/\/miradouronoticias.com\/site\/wp-content\/uploads\/2022\/01\/logomarcamiradouronoticias.png","contentUrl":"https:\/\/miradouronoticias.com\/site\/wp-content\/uploads\/2022\/01\/logomarcamiradouronoticias.png","width":747,"height":263,"caption":"Miradouro Not\u00edcias"},"image":{"@id":"https:\/\/miradouronoticias.com\/site\/#\/schema\/logo\/image\/"}},{"@type":"Person","@id":"https:\/\/miradouronoticias.com\/site\/#\/schema\/person\/73440d8c82222950df86f3e1a16aad3b","name":"Cl\u00e1udia Olyver","sameAs":["http:\/\/www.miradouronoticias.com"],"url":"https:\/\/miradouronoticias.com\/site\/author\/claudia\/"}]}},"_links":{"self":[{"href":"https:\/\/miradouronoticias.com\/site\/wp-json\/wp\/v2\/posts\/32730","targetHints":{"allow":["GET"]}}],"collection":[{"href":"https:\/\/miradouronoticias.com\/site\/wp-json\/wp\/v2\/posts"}],"about":[{"href":"https:\/\/miradouronoticias.com\/site\/wp-json\/wp\/v2\/types\/post"}],"author":[{"embeddable":true,"href":"https:\/\/miradouronoticias.com\/site\/wp-json\/wp\/v2\/users\/4"}],"replies":[{"embeddable":true,"href":"https:\/\/miradouronoticias.com\/site\/wp-json\/wp\/v2\/comments?post=32730"}],"version-history":[{"count":1,"href":"https:\/\/miradouronoticias.com\/site\/wp-json\/wp\/v2\/posts\/32730\/revisions"}],"predecessor-version":[{"id":32732,"href":"https:\/\/miradouronoticias.com\/site\/wp-json\/wp\/v2\/posts\/32730\/revisions\/32732"}],"wp:featuredmedia":[{"embeddable":true,"href":"https:\/\/miradouronoticias.com\/site\/wp-json\/wp\/v2\/media\/32731"}],"wp:attachment":[{"href":"https:\/\/miradouronoticias.com\/site\/wp-json\/wp\/v2\/media?parent=32730"}],"wp:term":[{"taxonomy":"category","embeddable":true,"href":"https:\/\/miradouronoticias.com\/site\/wp-json\/wp\/v2\/categories?post=32730"},{"taxonomy":"post_tag","embeddable":true,"href":"https:\/\/miradouronoticias.com\/site\/wp-json\/wp\/v2\/tags?post=32730"}],"curies":[{"name":"wp","href":"https:\/\/api.w.org\/{rel}","templated":true}]}}