{"id":32643,"date":"2026-04-15T07:09:43","date_gmt":"2026-04-15T10:09:43","guid":{"rendered":"https:\/\/miradouronoticias.com\/site\/?p=32643"},"modified":"2026-04-15T07:09:43","modified_gmt":"2026-04-15T10:09:43","slug":"lula-envia-ao-congresso-projeto-de-lei-pelo-fim-da-escala-6x1","status":"publish","type":"post","link":"https:\/\/miradouronoticias.com\/site\/2026\/04\/15\/lula-envia-ao-congresso-projeto-de-lei-pelo-fim-da-escala-6x1\/","title":{"rendered":"Lula envia ao Congresso projeto de lei pelo fim da escala 6&#215;1"},"content":{"rendered":"<p><img loading=\"lazy\" decoding=\"async\" class=\"alignnone size-medium wp-image-32644\" src=\"https:\/\/miradouronoticias.com\/site\/wp-content\/uploads\/2026\/04\/55207793165_196a4f9413_o-300x179.webp\" alt=\"\" width=\"300\" height=\"179\" srcset=\"https:\/\/miradouronoticias.com\/site\/wp-content\/uploads\/2026\/04\/55207793165_196a4f9413_o-300x179.webp 300w, https:\/\/miradouronoticias.com\/site\/wp-content\/uploads\/2026\/04\/55207793165_196a4f9413_o-1024x613.webp 1024w, https:\/\/miradouronoticias.com\/site\/wp-content\/uploads\/2026\/04\/55207793165_196a4f9413_o-768x459.webp 768w, https:\/\/miradouronoticias.com\/site\/wp-content\/uploads\/2026\/04\/55207793165_196a4f9413_o.webp 1170w\" sizes=\"auto, (max-width: 300px) 100vw, 300px\" \/><\/p>\n<header id=\"header-site\" class=\"header-site full-width rel-position\">\n<div class=\"header-veiculo full-width\">\n<aside id=\"nav-menu-mobile\" class=\"nav-menu-mobile\">&nbsp;<\/p>\n<\/aside>\n<\/div>\n<div class=\"header-editorias rowflex full-width\"><\/div>\n<\/header>\n<p><main class=\"main-site\"><\/p>\n<div class=\"region region-content\">\n<div id=\"block-system-main\" class=\"block block-system\">\n<div class=\"content\">\n<div id=\"panel\" class=\"container-noticia rel-position\">\n<div id=\"node-1685994\" class=\"node node-conteudo clearfix\">\n<div class=\"conteudo-noticia\">\n<p><strong>O presidente Luiz In\u00e1cio Lula da Silva enviou ao Congresso Nacional, na noite desta ter\u00e7a-feira (14),\u00a0o projeto de lei que prev\u00ea o fim\u00a0com a escala de seis dias trabalhados para um de descanso (6&#215;1), e reduz a jornada de trabalho para, no m\u00e1ximo, 40 horas semanais.<\/strong><img decoding=\"async\" src=\"https:\/\/agenciabrasil.ebc.com.br\/ebc.png?id=1685994&amp;o=node\" \/><img decoding=\"async\" src=\"https:\/\/agenciabrasil.ebc.com.br\/ebc.gif?id=1685994&amp;o=node\" \/><\/p>\n<p>A medida foi publicada\u00a0em\u00a0<a href=\"http:\/\/%20https\/\/pesquisa.in.gov.br\/imprensa\/jsp\/visualiza\/index.jsp?jornal=600&amp;pagina=1&amp;data=14\/04\/2026&amp;totalArquivos=1\" target=\"_blank\" rel=\"noopener\">edi\u00e7\u00e3o extra do Di\u00e1rio Oficial<\/a>.<\/p>\n<p>Segundo o texto, a proposta \u00e9 reduzir o limite da jornada de trabalho de 44 para 40 horas semanais, garantindo dois dias de descanso remunerado sem redu\u00e7\u00e3o salarial.<\/p>\n<p><strong>A escala passaria a ser de cinco dias trabalhados para dois dias de descanso.<\/strong><\/p>\n<p>O presidente Lula,<a href=\"https:\/\/x.com\/LulaOficial\/status\/2044193933400383948?ref_src=twsrc%5Etfw%7Ctwcamp%5Etweetembed%7Ctwterm%5E2044193933400383948%7Ctwgr%5E42838181cd830a3fcfc55676007e13bdf471b91a%7Ctwcon%5Es1_c10&amp;ref_url=https%3A%2F%2Fwww.gov.br%2Fplanalto%2Fpt-br%2Facompanhe-o-planalto%2Fnoticias%2F2026%2F04%2Fgoverno-envia-ao-congresso-projeto-de-lei-que-acaba-com-a-escala-6x1-e-diminui-jornada-para-40-horas-sem-reducao-de-salario\" target=\"_blank\" rel=\"noopener\">\u00a0em\u00a0postagem nas redes sociais<\/a>, salientou que a proposta seguiu com \u201curg\u00eancia constitucional, o que\u00a0faz com que o Legislativo tenha 45 dias para a delibera\u00e7\u00e3o da mat\u00e9ria.<\/p>\n<blockquote><p>\u201cA proposta devolve tempo aos trabalhadores e trabalhadoras: tempo para ver os filhos crescerem, para o lazer, para o descanso e para o conv\u00edvio familiar. Um passo para um pa\u00eds mais justo e com mais qualidade de vida para todos\u201d, escreveu o presidente.<\/p><\/blockquote>\n<p>De acordo com Lula, o envio da proposta tem rela\u00e7\u00e3o com a dignidade das fam\u00edlias brasileiras, &#8220;de quem constr\u00f3i o Brasil todos os dias\u201d. O presidente ressaltou que a jornada menor n\u00e3o prev\u00ea qualquer redu\u00e7\u00e3o no sal\u00e1rio.<\/p>\n<p>Conforme o governo, a<strong>\u00a0proposta abrange tamb\u00e9m trabalhadores\u00a0dom\u00e9sticos, comerci\u00e1rios, atletas, aeronautas, radialistas e outras categorias abrangidas pela Consolida\u00e7\u00e3o das Leis do Trabalho.<\/strong><\/p>\n<p>Ainda de acordo com o Executivo, a proposta tem aplica\u00e7\u00e3o geral.<\/p>\n<p>\u201cO limite de 40 horas passa a valer tamb\u00e9m para escalas especiais e regimes diferenciados\u201d, informa.<\/p>\n<h2>&gt;&gt; Veja o que prev\u00ea o projeto de lei:<\/h2>\n<ul>\n<li>Jornada semanal: limite passa de 44 para 40 horas<\/li>\n<li>Descanso ampliado: ao menos dois dias de repouso semanal remunerado<\/li>\n<li>Novo padr\u00e3o: consolida\u00e7\u00e3o do modelo 5&#215;2 e redu\u00e7\u00e3o das horas trabalhadas<\/li>\n<li>Sal\u00e1rio protegido: vedada qualquer redu\u00e7\u00e3o salarial<\/li>\n<li>Abrang\u00eancia ampla: inclui dom\u00e9sticos, comerci\u00e1rio, atletas, aeronautas, radialistas e outras categorias abrangidas pela CLT e leis especiais.<\/li>\n<li>Aplica\u00e7\u00e3o geral: limite de 40 horas passa a valer tamb\u00e9m para escalas especiais e regimes diferenciados<\/li>\n<li>Flexibilidade: mant\u00e9m escalas como 12hx36 por acordo coletivo, respeitada a m\u00e9dia de 40 horas por semana<\/li>\n<\/ul>\n<p><em>*By: miradouronoticias.com.br\/\u00a0 Com informa\u00e7\u00f5es da Presid\u00eancia da Rep\u00fablica<\/em><\/p>\n<\/div>\n<\/div>\n<\/div>\n<\/div>\n<\/div>\n<\/div>\n<p><\/main><\/p>\n","protected":false},"excerpt":{"rendered":"<p>&nbsp; O presidente Luiz In\u00e1cio Lula da Silva enviou ao Congresso Nacional, na noite desta ter\u00e7a-feira (14),\u00a0o projeto de lei que prev\u00ea o fim\u00a0com a escala de seis dias trabalhados para um de descanso (6&#215;1), e reduz a jornada de trabalho para, no m\u00e1ximo, 40 horas semanais. A medida foi publicada\u00a0em\u00a0edi\u00e7\u00e3o extra do Di\u00e1rio Oficial. [&hellip;]<\/p>\n","protected":false},"author":4,"featured_media":32644,"comment_status":"open","ping_status":"closed","sticky":false,"template":"","format":"standard","meta":{"footnotes":""},"categories":[1,29],"tags":[],"class_list":["post-32643","post","type-post","status-publish","format-standard","has-post-thumbnail","hentry","category-destaque-principal","category-economia"],"yoast_head":"<!-- This site is optimized with the Yoast SEO plugin v27.2 - https:\/\/yoast.com\/product\/yoast-seo-wordpress\/ -->\n<title>Lula envia ao Congresso projeto de lei pelo fim da escala 6x1 - Miradouro Not\u00edcias<\/title>\n<meta name=\"robots\" content=\"index, follow, max-snippet:-1, max-image-preview:large, max-video-preview:-1\" \/>\n<link rel=\"canonical\" href=\"https:\/\/miradouronoticias.com\/site\/2026\/04\/15\/lula-envia-ao-congresso-projeto-de-lei-pelo-fim-da-escala-6x1\/\" \/>\n<meta property=\"og:locale\" content=\"pt_BR\" \/>\n<meta property=\"og:type\" content=\"article\" \/>\n<meta property=\"og:title\" content=\"Lula envia ao Congresso projeto de lei pelo fim da escala 6x1 - Miradouro Not\u00edcias\" \/>\n<meta property=\"og:description\" content=\"&nbsp; O presidente Luiz In\u00e1cio Lula da Silva enviou ao Congresso Nacional, na noite desta ter\u00e7a-feira (14),\u00a0o projeto de lei que prev\u00ea o fim\u00a0com a escala de seis dias trabalhados para um de descanso (6&#215;1), e reduz a jornada de trabalho para, no m\u00e1ximo, 40 horas semanais. A medida foi publicada\u00a0em\u00a0edi\u00e7\u00e3o extra do Di\u00e1rio Oficial. [&hellip;]\" \/>\n<meta property=\"og:url\" content=\"https:\/\/miradouronoticias.com\/site\/2026\/04\/15\/lula-envia-ao-congresso-projeto-de-lei-pelo-fim-da-escala-6x1\/\" \/>\n<meta property=\"og:site_name\" content=\"Miradouro Not\u00edcias\" \/>\n<meta property=\"article:published_time\" content=\"2026-04-15T10:09:43+00:00\" \/>\n<meta property=\"og:image\" content=\"https:\/\/miradouronoticias.com\/site\/wp-content\/uploads\/2026\/04\/55207793165_196a4f9413_o.webp\" \/>\n\t<meta property=\"og:image:width\" content=\"1170\" \/>\n\t<meta property=\"og:image:height\" content=\"700\" \/>\n\t<meta property=\"og:image:type\" content=\"image\/webp\" \/>\n<meta name=\"author\" content=\"Cl\u00e1udia Olyver\" \/>\n<meta name=\"twitter:card\" content=\"summary_large_image\" \/>\n<meta name=\"twitter:label1\" content=\"Escrito por\" \/>\n\t<meta name=\"twitter:data1\" content=\"Cl\u00e1udia Olyver\" \/>\n\t<meta name=\"twitter:label2\" content=\"Est. tempo de leitura\" \/>\n\t<meta name=\"twitter:data2\" content=\"3 minutos\" \/>\n<script type=\"application\/ld+json\" class=\"yoast-schema-graph\">{\"@context\":\"https:\/\/schema.org\",\"@graph\":[{\"@type\":\"Article\",\"@id\":\"https:\/\/miradouronoticias.com\/site\/2026\/04\/15\/lula-envia-ao-congresso-projeto-de-lei-pelo-fim-da-escala-6x1\/#article\",\"isPartOf\":{\"@id\":\"https:\/\/miradouronoticias.com\/site\/2026\/04\/15\/lula-envia-ao-congresso-projeto-de-lei-pelo-fim-da-escala-6x1\/\"},\"author\":{\"name\":\"Cl\u00e1udia Olyver\",\"@id\":\"https:\/\/miradouronoticias.com\/site\/#\/schema\/person\/73440d8c82222950df86f3e1a16aad3b\"},\"headline\":\"Lula envia ao Congresso projeto de lei pelo fim da escala 6&#215;1\",\"datePublished\":\"2026-04-15T10:09:43+00:00\",\"mainEntityOfPage\":{\"@id\":\"https:\/\/miradouronoticias.com\/site\/2026\/04\/15\/lula-envia-ao-congresso-projeto-de-lei-pelo-fim-da-escala-6x1\/\"},\"wordCount\":406,\"commentCount\":0,\"publisher\":{\"@id\":\"https:\/\/miradouronoticias.com\/site\/#organization\"},\"image\":{\"@id\":\"https:\/\/miradouronoticias.com\/site\/2026\/04\/15\/lula-envia-ao-congresso-projeto-de-lei-pelo-fim-da-escala-6x1\/#primaryimage\"},\"thumbnailUrl\":\"https:\/\/miradouronoticias.com\/site\/wp-content\/uploads\/2026\/04\/55207793165_196a4f9413_o.webp\",\"articleSection\":[\"Destaque Principal\",\"Economia\"],\"inLanguage\":\"pt-BR\",\"potentialAction\":[{\"@type\":\"CommentAction\",\"name\":\"Comment\",\"target\":[\"https:\/\/miradouronoticias.com\/site\/2026\/04\/15\/lula-envia-ao-congresso-projeto-de-lei-pelo-fim-da-escala-6x1\/#respond\"]}]},{\"@type\":\"WebPage\",\"@id\":\"https:\/\/miradouronoticias.com\/site\/2026\/04\/15\/lula-envia-ao-congresso-projeto-de-lei-pelo-fim-da-escala-6x1\/\",\"url\":\"https:\/\/miradouronoticias.com\/site\/2026\/04\/15\/lula-envia-ao-congresso-projeto-de-lei-pelo-fim-da-escala-6x1\/\",\"name\":\"Lula envia ao Congresso projeto de lei pelo fim da escala 6x1 - Miradouro Not\u00edcias\",\"isPartOf\":{\"@id\":\"https:\/\/miradouronoticias.com\/site\/#website\"},\"primaryImageOfPage\":{\"@id\":\"https:\/\/miradouronoticias.com\/site\/2026\/04\/15\/lula-envia-ao-congresso-projeto-de-lei-pelo-fim-da-escala-6x1\/#primaryimage\"},\"image\":{\"@id\":\"https:\/\/miradouronoticias.com\/site\/2026\/04\/15\/lula-envia-ao-congresso-projeto-de-lei-pelo-fim-da-escala-6x1\/#primaryimage\"},\"thumbnailUrl\":\"https:\/\/miradouronoticias.com\/site\/wp-content\/uploads\/2026\/04\/55207793165_196a4f9413_o.webp\",\"datePublished\":\"2026-04-15T10:09:43+00:00\",\"breadcrumb\":{\"@id\":\"https:\/\/miradouronoticias.com\/site\/2026\/04\/15\/lula-envia-ao-congresso-projeto-de-lei-pelo-fim-da-escala-6x1\/#breadcrumb\"},\"inLanguage\":\"pt-BR\",\"potentialAction\":[{\"@type\":\"ReadAction\",\"target\":[\"https:\/\/miradouronoticias.com\/site\/2026\/04\/15\/lula-envia-ao-congresso-projeto-de-lei-pelo-fim-da-escala-6x1\/\"]}]},{\"@type\":\"ImageObject\",\"inLanguage\":\"pt-BR\",\"@id\":\"https:\/\/miradouronoticias.com\/site\/2026\/04\/15\/lula-envia-ao-congresso-projeto-de-lei-pelo-fim-da-escala-6x1\/#primaryimage\",\"url\":\"https:\/\/miradouronoticias.com\/site\/wp-content\/uploads\/2026\/04\/55207793165_196a4f9413_o.webp\",\"contentUrl\":\"https:\/\/miradouronoticias.com\/site\/wp-content\/uploads\/2026\/04\/55207793165_196a4f9413_o.webp\",\"width\":1170,\"height\":700},{\"@type\":\"BreadcrumbList\",\"@id\":\"https:\/\/miradouronoticias.com\/site\/2026\/04\/15\/lula-envia-ao-congresso-projeto-de-lei-pelo-fim-da-escala-6x1\/#breadcrumb\",\"itemListElement\":[{\"@type\":\"ListItem\",\"position\":1,\"name\":\"In\u00edcio\",\"item\":\"https:\/\/miradouronoticias.com\/site\/\"},{\"@type\":\"ListItem\",\"position\":2,\"name\":\"Lula envia ao Congresso projeto de lei pelo fim da escala 6&#215;1\"}]},{\"@type\":\"WebSite\",\"@id\":\"https:\/\/miradouronoticias.com\/site\/#website\",\"url\":\"https:\/\/miradouronoticias.com\/site\/\",\"name\":\"Miradouro Not\u00edcias\",\"description\":\"Informa\u00e7\u00f5es da cidade e regi\u00e3o\",\"publisher\":{\"@id\":\"https:\/\/miradouronoticias.com\/site\/#organization\"},\"potentialAction\":[{\"@type\":\"SearchAction\",\"target\":{\"@type\":\"EntryPoint\",\"urlTemplate\":\"https:\/\/miradouronoticias.com\/site\/?s={search_term_string}\"},\"query-input\":{\"@type\":\"PropertyValueSpecification\",\"valueRequired\":true,\"valueName\":\"search_term_string\"}}],\"inLanguage\":\"pt-BR\"},{\"@type\":\"Organization\",\"@id\":\"https:\/\/miradouronoticias.com\/site\/#organization\",\"name\":\"Miradouro Not\u00edcias\",\"url\":\"https:\/\/miradouronoticias.com\/site\/\",\"logo\":{\"@type\":\"ImageObject\",\"inLanguage\":\"pt-BR\",\"@id\":\"https:\/\/miradouronoticias.com\/site\/#\/schema\/logo\/image\/\",\"url\":\"https:\/\/miradouronoticias.com\/site\/wp-content\/uploads\/2022\/01\/logomarcamiradouronoticias.png\",\"contentUrl\":\"https:\/\/miradouronoticias.com\/site\/wp-content\/uploads\/2022\/01\/logomarcamiradouronoticias.png\",\"width\":747,\"height\":263,\"caption\":\"Miradouro Not\u00edcias\"},\"image\":{\"@id\":\"https:\/\/miradouronoticias.com\/site\/#\/schema\/logo\/image\/\"}},{\"@type\":\"Person\",\"@id\":\"https:\/\/miradouronoticias.com\/site\/#\/schema\/person\/73440d8c82222950df86f3e1a16aad3b\",\"name\":\"Cl\u00e1udia Olyver\",\"sameAs\":[\"http:\/\/www.miradouronoticias.com\"],\"url\":\"https:\/\/miradouronoticias.com\/site\/author\/claudia\/\"}]}<\/script>\n<!-- \/ Yoast SEO plugin. -->","yoast_head_json":{"title":"Lula envia ao Congresso projeto de lei pelo fim da escala 6x1 - Miradouro Not\u00edcias","robots":{"index":"index","follow":"follow","max-snippet":"max-snippet:-1","max-image-preview":"max-image-preview:large","max-video-preview":"max-video-preview:-1"},"canonical":"https:\/\/miradouronoticias.com\/site\/2026\/04\/15\/lula-envia-ao-congresso-projeto-de-lei-pelo-fim-da-escala-6x1\/","og_locale":"pt_BR","og_type":"article","og_title":"Lula envia ao Congresso projeto de lei pelo fim da escala 6x1 - Miradouro Not\u00edcias","og_description":"&nbsp; O presidente Luiz In\u00e1cio Lula da Silva enviou ao Congresso Nacional, na noite desta ter\u00e7a-feira (14),\u00a0o projeto de lei que prev\u00ea o fim\u00a0com a escala de seis dias trabalhados para um de descanso (6&#215;1), e reduz a jornada de trabalho para, no m\u00e1ximo, 40 horas semanais. A medida foi publicada\u00a0em\u00a0edi\u00e7\u00e3o extra do Di\u00e1rio Oficial. [&hellip;]","og_url":"https:\/\/miradouronoticias.com\/site\/2026\/04\/15\/lula-envia-ao-congresso-projeto-de-lei-pelo-fim-da-escala-6x1\/","og_site_name":"Miradouro Not\u00edcias","article_published_time":"2026-04-15T10:09:43+00:00","og_image":[{"width":1170,"height":700,"url":"https:\/\/miradouronoticias.com\/site\/wp-content\/uploads\/2026\/04\/55207793165_196a4f9413_o.webp","type":"image\/webp"}],"author":"Cl\u00e1udia Olyver","twitter_card":"summary_large_image","twitter_misc":{"Escrito por":"Cl\u00e1udia Olyver","Est. tempo de leitura":"3 minutos"},"schema":{"@context":"https:\/\/schema.org","@graph":[{"@type":"Article","@id":"https:\/\/miradouronoticias.com\/site\/2026\/04\/15\/lula-envia-ao-congresso-projeto-de-lei-pelo-fim-da-escala-6x1\/#article","isPartOf":{"@id":"https:\/\/miradouronoticias.com\/site\/2026\/04\/15\/lula-envia-ao-congresso-projeto-de-lei-pelo-fim-da-escala-6x1\/"},"author":{"name":"Cl\u00e1udia Olyver","@id":"https:\/\/miradouronoticias.com\/site\/#\/schema\/person\/73440d8c82222950df86f3e1a16aad3b"},"headline":"Lula envia ao Congresso projeto de lei pelo fim da escala 6&#215;1","datePublished":"2026-04-15T10:09:43+00:00","mainEntityOfPage":{"@id":"https:\/\/miradouronoticias.com\/site\/2026\/04\/15\/lula-envia-ao-congresso-projeto-de-lei-pelo-fim-da-escala-6x1\/"},"wordCount":406,"commentCount":0,"publisher":{"@id":"https:\/\/miradouronoticias.com\/site\/#organization"},"image":{"@id":"https:\/\/miradouronoticias.com\/site\/2026\/04\/15\/lula-envia-ao-congresso-projeto-de-lei-pelo-fim-da-escala-6x1\/#primaryimage"},"thumbnailUrl":"https:\/\/miradouronoticias.com\/site\/wp-content\/uploads\/2026\/04\/55207793165_196a4f9413_o.webp","articleSection":["Destaque Principal","Economia"],"inLanguage":"pt-BR","potentialAction":[{"@type":"CommentAction","name":"Comment","target":["https:\/\/miradouronoticias.com\/site\/2026\/04\/15\/lula-envia-ao-congresso-projeto-de-lei-pelo-fim-da-escala-6x1\/#respond"]}]},{"@type":"WebPage","@id":"https:\/\/miradouronoticias.com\/site\/2026\/04\/15\/lula-envia-ao-congresso-projeto-de-lei-pelo-fim-da-escala-6x1\/","url":"https:\/\/miradouronoticias.com\/site\/2026\/04\/15\/lula-envia-ao-congresso-projeto-de-lei-pelo-fim-da-escala-6x1\/","name":"Lula envia ao Congresso projeto de lei pelo fim da escala 6x1 - Miradouro Not\u00edcias","isPartOf":{"@id":"https:\/\/miradouronoticias.com\/site\/#website"},"primaryImageOfPage":{"@id":"https:\/\/miradouronoticias.com\/site\/2026\/04\/15\/lula-envia-ao-congresso-projeto-de-lei-pelo-fim-da-escala-6x1\/#primaryimage"},"image":{"@id":"https:\/\/miradouronoticias.com\/site\/2026\/04\/15\/lula-envia-ao-congresso-projeto-de-lei-pelo-fim-da-escala-6x1\/#primaryimage"},"thumbnailUrl":"https:\/\/miradouronoticias.com\/site\/wp-content\/uploads\/2026\/04\/55207793165_196a4f9413_o.webp","datePublished":"2026-04-15T10:09:43+00:00","breadcrumb":{"@id":"https:\/\/miradouronoticias.com\/site\/2026\/04\/15\/lula-envia-ao-congresso-projeto-de-lei-pelo-fim-da-escala-6x1\/#breadcrumb"},"inLanguage":"pt-BR","potentialAction":[{"@type":"ReadAction","target":["https:\/\/miradouronoticias.com\/site\/2026\/04\/15\/lula-envia-ao-congresso-projeto-de-lei-pelo-fim-da-escala-6x1\/"]}]},{"@type":"ImageObject","inLanguage":"pt-BR","@id":"https:\/\/miradouronoticias.com\/site\/2026\/04\/15\/lula-envia-ao-congresso-projeto-de-lei-pelo-fim-da-escala-6x1\/#primaryimage","url":"https:\/\/miradouronoticias.com\/site\/wp-content\/uploads\/2026\/04\/55207793165_196a4f9413_o.webp","contentUrl":"https:\/\/miradouronoticias.com\/site\/wp-content\/uploads\/2026\/04\/55207793165_196a4f9413_o.webp","width":1170,"height":700},{"@type":"BreadcrumbList","@id":"https:\/\/miradouronoticias.com\/site\/2026\/04\/15\/lula-envia-ao-congresso-projeto-de-lei-pelo-fim-da-escala-6x1\/#breadcrumb","itemListElement":[{"@type":"ListItem","position":1,"name":"In\u00edcio","item":"https:\/\/miradouronoticias.com\/site\/"},{"@type":"ListItem","position":2,"name":"Lula envia ao Congresso projeto de lei pelo fim da escala 6&#215;1"}]},{"@type":"WebSite","@id":"https:\/\/miradouronoticias.com\/site\/#website","url":"https:\/\/miradouronoticias.com\/site\/","name":"Miradouro Not\u00edcias","description":"Informa\u00e7\u00f5es da cidade e regi\u00e3o","publisher":{"@id":"https:\/\/miradouronoticias.com\/site\/#organization"},"potentialAction":[{"@type":"SearchAction","target":{"@type":"EntryPoint","urlTemplate":"https:\/\/miradouronoticias.com\/site\/?s={search_term_string}"},"query-input":{"@type":"PropertyValueSpecification","valueRequired":true,"valueName":"search_term_string"}}],"inLanguage":"pt-BR"},{"@type":"Organization","@id":"https:\/\/miradouronoticias.com\/site\/#organization","name":"Miradouro Not\u00edcias","url":"https:\/\/miradouronoticias.com\/site\/","logo":{"@type":"ImageObject","inLanguage":"pt-BR","@id":"https:\/\/miradouronoticias.com\/site\/#\/schema\/logo\/image\/","url":"https:\/\/miradouronoticias.com\/site\/wp-content\/uploads\/2022\/01\/logomarcamiradouronoticias.png","contentUrl":"https:\/\/miradouronoticias.com\/site\/wp-content\/uploads\/2022\/01\/logomarcamiradouronoticias.png","width":747,"height":263,"caption":"Miradouro Not\u00edcias"},"image":{"@id":"https:\/\/miradouronoticias.com\/site\/#\/schema\/logo\/image\/"}},{"@type":"Person","@id":"https:\/\/miradouronoticias.com\/site\/#\/schema\/person\/73440d8c82222950df86f3e1a16aad3b","name":"Cl\u00e1udia Olyver","sameAs":["http:\/\/www.miradouronoticias.com"],"url":"https:\/\/miradouronoticias.com\/site\/author\/claudia\/"}]}},"_links":{"self":[{"href":"https:\/\/miradouronoticias.com\/site\/wp-json\/wp\/v2\/posts\/32643","targetHints":{"allow":["GET"]}}],"collection":[{"href":"https:\/\/miradouronoticias.com\/site\/wp-json\/wp\/v2\/posts"}],"about":[{"href":"https:\/\/miradouronoticias.com\/site\/wp-json\/wp\/v2\/types\/post"}],"author":[{"embeddable":true,"href":"https:\/\/miradouronoticias.com\/site\/wp-json\/wp\/v2\/users\/4"}],"replies":[{"embeddable":true,"href":"https:\/\/miradouronoticias.com\/site\/wp-json\/wp\/v2\/comments?post=32643"}],"version-history":[{"count":1,"href":"https:\/\/miradouronoticias.com\/site\/wp-json\/wp\/v2\/posts\/32643\/revisions"}],"predecessor-version":[{"id":32645,"href":"https:\/\/miradouronoticias.com\/site\/wp-json\/wp\/v2\/posts\/32643\/revisions\/32645"}],"wp:featuredmedia":[{"embeddable":true,"href":"https:\/\/miradouronoticias.com\/site\/wp-json\/wp\/v2\/media\/32644"}],"wp:attachment":[{"href":"https:\/\/miradouronoticias.com\/site\/wp-json\/wp\/v2\/media?parent=32643"}],"wp:term":[{"taxonomy":"category","embeddable":true,"href":"https:\/\/miradouronoticias.com\/site\/wp-json\/wp\/v2\/categories?post=32643"},{"taxonomy":"post_tag","embeddable":true,"href":"https:\/\/miradouronoticias.com\/site\/wp-json\/wp\/v2\/tags?post=32643"}],"curies":[{"name":"wp","href":"https:\/\/api.w.org\/{rel}","templated":true}]}}