{"id":32637,"date":"2026-04-14T05:58:09","date_gmt":"2026-04-14T08:58:09","guid":{"rendered":"https:\/\/miradouronoticias.com\/site\/?p=32637"},"modified":"2026-04-14T05:58:09","modified_gmt":"2026-04-14T08:58:09","slug":"nova-versao-do-desenrola-sera-lancada-apos-viagem-de-lula-diz-durigan","status":"publish","type":"post","link":"https:\/\/miradouronoticias.com\/site\/2026\/04\/14\/nova-versao-do-desenrola-sera-lancada-apos-viagem-de-lula-diz-durigan\/","title":{"rendered":"Nova vers\u00e3o do Desenrola ser\u00e1 lan\u00e7ada ap\u00f3s viagem de Lula, diz Durigan"},"content":{"rendered":"<p><img loading=\"lazy\" decoding=\"async\" class=\"alignnone size-medium wp-image-32638\" src=\"https:\/\/miradouronoticias.com\/site\/wp-content\/uploads\/2026\/04\/0d4a9336-300x179.webp\" alt=\"\" width=\"300\" height=\"179\" srcset=\"https:\/\/miradouronoticias.com\/site\/wp-content\/uploads\/2026\/04\/0d4a9336-300x179.webp 300w, https:\/\/miradouronoticias.com\/site\/wp-content\/uploads\/2026\/04\/0d4a9336-1024x613.webp 1024w, https:\/\/miradouronoticias.com\/site\/wp-content\/uploads\/2026\/04\/0d4a9336-768x459.webp 768w, https:\/\/miradouronoticias.com\/site\/wp-content\/uploads\/2026\/04\/0d4a9336.webp 1170w\" sizes=\"auto, (max-width: 300px) 100vw, 300px\" \/><\/p>\n<p><strong>A nova vers\u00e3o do programa de renegocia\u00e7\u00e3o de d\u00edvidas, nos moldes do Desenrola, deve ser anunciada ap\u00f3s a\u00a0<a href=\"https:\/\/agenciabrasil.ebc.com.br\/politica\/noticia\/2026-04\/lula-lidera-comitiva-europa-para-encontros-politicos-e-comerciais\" target=\"_blank\" rel=\"noopener\">viagem do presidente Luiz In\u00e1cio Lula da Silva \u00e0 Europa<\/a>, disse nesta segunda-feira (13) o ministro da Fazenda, Dario Durigan.<\/strong><img decoding=\"async\" src=\"https:\/\/agenciabrasil.ebc.com.br\/ebc.png?id=1685720&amp;o=node\" \/><img decoding=\"async\" src=\"https:\/\/agenciabrasil.ebc.com.br\/ebc.gif?id=1685720&amp;o=node\" \/><\/p>\n<p>Segundo o ministro, o desenho final da proposta ainda est\u00e1 sendo conclu\u00eddo pela equipe econ\u00f4mica e ser\u00e1 apresentado ao presidente nos pr\u00f3ximos dias. O an\u00fancio oficial ficar\u00e1 a cargo de Lula, ap\u00f3s o retorno ao Brasil.<\/p>\n<p>\u201cAinda estamos terminando de desenhar o programa e vamos apresentar ao presidente. Esperamos um impacto grande para que a popula\u00e7\u00e3o se desendivide ou diminua o endividamento\u201d, afirmou Durigan em S\u00e3o Paulo, ap\u00f3s\u00a0<a href=\"https:\/\/agenciabrasil.ebc.com.br\/economia\/noticia\/2026-04\/bb-concede-credito-para-participacao-de-sp-no-tunel-santos-guaruja\" target=\"_blank\" rel=\"noopener\">cerim\u00f4nia de assinatura de cr\u00e9dito<\/a>\u00a0para as obras do T\u00fanel Santos\u2013Guaruj\u00e1.<\/p>\n<p><strong>O objetivo do novo programa \u00e9 reduzir os n\u00edveis de inadimpl\u00eancia no pa\u00eds<\/strong>, em um cen\u00e1rio de juros ainda elevados, mas com expectativa de queda nos pr\u00f3ximos meses.<\/p>\n<p><a href=\"https:\/\/www.whatsapp.com\/channel\/0029VaoRTgrInlqYLSk59B2M\" target=\"_blank\" rel=\"noopener\">&gt;&gt; Siga o canal da<strong>\u00a0Ag\u00eancia Brasil\u00a0<\/strong>no WhatsApp<\/a><\/p>\n<h2>Medidas em estudo<\/h2>\n<p><strong>Entre as principais a\u00e7\u00f5es em discuss\u00e3o est\u00e1 a possibilidade de libera\u00e7\u00e3o de valores retidos no Fundo de Garantia do Tempo de Servi\u00e7o (FGTS) para quita\u00e7\u00e3o de d\u00edvidas<\/strong>. O montante pode chegar a cerca de R$ 7 bilh\u00f5es, segundo informa\u00e7\u00f5es preliminares.<\/p>\n<p><strong>O governo tamb\u00e9m avalia mecanismos para conter o uso excessivo de apostas, incluindo bets esportivas e plataformas eletr\u00f4nicas, como forma de reduzir o endividamento das fam\u00edlias.<\/strong><\/p>\n<p>Durigan n\u00e3o detalhou todas as medidas, mas indicou que o programa deve contemplar tanto pessoas f\u00edsicas quanto empresas.<\/p>\n<h2>An\u00fancio ap\u00f3s viagem<\/h2>\n<p>O ministro embarca nesta segunda-feira \u00e0 noite para compromissos nos Estados Unidos e na Europa e deve se encontrar com Lula durante a viagem internacional, que inclui passagens por Barcelona e Alemanha.<\/p>\n<p>\u201cNa volta, a gente deve estar pronto para o presidente poder anunciar\u201d, disse.<\/p>\n<p>A viagem ocorre em meio a uma agenda econ\u00f4mica voltada \u00e0 discuss\u00e3o de temas globais, como governan\u00e7a financeira, transi\u00e7\u00e3o energ\u00e9tica e coopera\u00e7\u00e3o internacional, mas tamb\u00e9m serve para alinhar os \u00faltimos pontos do programa antes de seu lan\u00e7amento.<\/p>\n<p>By: miradouronoticias.com.br\/ ag\u00eancia Brasil<\/p>\n","protected":false},"excerpt":{"rendered":"<p>A nova vers\u00e3o do programa de renegocia\u00e7\u00e3o de d\u00edvidas, nos moldes do Desenrola, deve ser anunciada ap\u00f3s a\u00a0viagem do presidente Luiz In\u00e1cio Lula da Silva \u00e0 Europa, disse nesta segunda-feira (13) o ministro da Fazenda, Dario Durigan. Segundo o ministro, o desenho final da proposta ainda est\u00e1 sendo conclu\u00eddo pela equipe econ\u00f4mica e ser\u00e1 apresentado [&hellip;]<\/p>\n","protected":false},"author":4,"featured_media":32638,"comment_status":"open","ping_status":"closed","sticky":false,"template":"","format":"standard","meta":{"footnotes":""},"categories":[1,29],"tags":[],"class_list":["post-32637","post","type-post","status-publish","format-standard","has-post-thumbnail","hentry","category-destaque-principal","category-economia"],"yoast_head":"<!-- This site is optimized with the Yoast SEO plugin v27.2 - https:\/\/yoast.com\/product\/yoast-seo-wordpress\/ -->\n<title>Nova vers\u00e3o do Desenrola ser\u00e1 lan\u00e7ada ap\u00f3s viagem de Lula, diz Durigan - Miradouro Not\u00edcias<\/title>\n<meta name=\"robots\" content=\"index, follow, max-snippet:-1, max-image-preview:large, max-video-preview:-1\" \/>\n<link rel=\"canonical\" href=\"https:\/\/miradouronoticias.com\/site\/2026\/04\/14\/nova-versao-do-desenrola-sera-lancada-apos-viagem-de-lula-diz-durigan\/\" \/>\n<meta property=\"og:locale\" content=\"pt_BR\" \/>\n<meta property=\"og:type\" content=\"article\" \/>\n<meta property=\"og:title\" content=\"Nova vers\u00e3o do Desenrola ser\u00e1 lan\u00e7ada ap\u00f3s viagem de Lula, diz Durigan - Miradouro Not\u00edcias\" \/>\n<meta property=\"og:description\" content=\"A nova vers\u00e3o do programa de renegocia\u00e7\u00e3o de d\u00edvidas, nos moldes do Desenrola, deve ser anunciada ap\u00f3s a\u00a0viagem do presidente Luiz In\u00e1cio Lula da Silva \u00e0 Europa, disse nesta segunda-feira (13) o ministro da Fazenda, Dario Durigan. Segundo o ministro, o desenho final da proposta ainda est\u00e1 sendo conclu\u00eddo pela equipe econ\u00f4mica e ser\u00e1 apresentado [&hellip;]\" \/>\n<meta property=\"og:url\" content=\"https:\/\/miradouronoticias.com\/site\/2026\/04\/14\/nova-versao-do-desenrola-sera-lancada-apos-viagem-de-lula-diz-durigan\/\" \/>\n<meta property=\"og:site_name\" content=\"Miradouro Not\u00edcias\" \/>\n<meta property=\"article:published_time\" content=\"2026-04-14T08:58:09+00:00\" \/>\n<meta property=\"og:image\" content=\"https:\/\/miradouronoticias.com\/site\/wp-content\/uploads\/2026\/04\/0d4a9336.webp\" \/>\n\t<meta property=\"og:image:width\" content=\"1170\" \/>\n\t<meta property=\"og:image:height\" content=\"700\" \/>\n\t<meta property=\"og:image:type\" content=\"image\/webp\" \/>\n<meta name=\"author\" content=\"Cl\u00e1udia Olyver\" \/>\n<meta name=\"twitter:card\" content=\"summary_large_image\" \/>\n<meta name=\"twitter:label1\" content=\"Escrito por\" \/>\n\t<meta name=\"twitter:data1\" content=\"Cl\u00e1udia Olyver\" \/>\n\t<meta name=\"twitter:label2\" content=\"Est. tempo de leitura\" \/>\n\t<meta name=\"twitter:data2\" content=\"3 minutos\" \/>\n<script type=\"application\/ld+json\" class=\"yoast-schema-graph\">{\"@context\":\"https:\/\/schema.org\",\"@graph\":[{\"@type\":\"Article\",\"@id\":\"https:\/\/miradouronoticias.com\/site\/2026\/04\/14\/nova-versao-do-desenrola-sera-lancada-apos-viagem-de-lula-diz-durigan\/#article\",\"isPartOf\":{\"@id\":\"https:\/\/miradouronoticias.com\/site\/2026\/04\/14\/nova-versao-do-desenrola-sera-lancada-apos-viagem-de-lula-diz-durigan\/\"},\"author\":{\"name\":\"Cl\u00e1udia Olyver\",\"@id\":\"https:\/\/miradouronoticias.com\/site\/#\/schema\/person\/73440d8c82222950df86f3e1a16aad3b\"},\"headline\":\"Nova vers\u00e3o do Desenrola ser\u00e1 lan\u00e7ada ap\u00f3s viagem de Lula, diz Durigan\",\"datePublished\":\"2026-04-14T08:58:09+00:00\",\"mainEntityOfPage\":{\"@id\":\"https:\/\/miradouronoticias.com\/site\/2026\/04\/14\/nova-versao-do-desenrola-sera-lancada-apos-viagem-de-lula-diz-durigan\/\"},\"wordCount\":389,\"commentCount\":0,\"publisher\":{\"@id\":\"https:\/\/miradouronoticias.com\/site\/#organization\"},\"image\":{\"@id\":\"https:\/\/miradouronoticias.com\/site\/2026\/04\/14\/nova-versao-do-desenrola-sera-lancada-apos-viagem-de-lula-diz-durigan\/#primaryimage\"},\"thumbnailUrl\":\"https:\/\/miradouronoticias.com\/site\/wp-content\/uploads\/2026\/04\/0d4a9336.webp\",\"articleSection\":[\"Destaque Principal\",\"Economia\"],\"inLanguage\":\"pt-BR\",\"potentialAction\":[{\"@type\":\"CommentAction\",\"name\":\"Comment\",\"target\":[\"https:\/\/miradouronoticias.com\/site\/2026\/04\/14\/nova-versao-do-desenrola-sera-lancada-apos-viagem-de-lula-diz-durigan\/#respond\"]}]},{\"@type\":\"WebPage\",\"@id\":\"https:\/\/miradouronoticias.com\/site\/2026\/04\/14\/nova-versao-do-desenrola-sera-lancada-apos-viagem-de-lula-diz-durigan\/\",\"url\":\"https:\/\/miradouronoticias.com\/site\/2026\/04\/14\/nova-versao-do-desenrola-sera-lancada-apos-viagem-de-lula-diz-durigan\/\",\"name\":\"Nova vers\u00e3o do Desenrola ser\u00e1 lan\u00e7ada ap\u00f3s viagem de Lula, diz Durigan - Miradouro Not\u00edcias\",\"isPartOf\":{\"@id\":\"https:\/\/miradouronoticias.com\/site\/#website\"},\"primaryImageOfPage\":{\"@id\":\"https:\/\/miradouronoticias.com\/site\/2026\/04\/14\/nova-versao-do-desenrola-sera-lancada-apos-viagem-de-lula-diz-durigan\/#primaryimage\"},\"image\":{\"@id\":\"https:\/\/miradouronoticias.com\/site\/2026\/04\/14\/nova-versao-do-desenrola-sera-lancada-apos-viagem-de-lula-diz-durigan\/#primaryimage\"},\"thumbnailUrl\":\"https:\/\/miradouronoticias.com\/site\/wp-content\/uploads\/2026\/04\/0d4a9336.webp\",\"datePublished\":\"2026-04-14T08:58:09+00:00\",\"breadcrumb\":{\"@id\":\"https:\/\/miradouronoticias.com\/site\/2026\/04\/14\/nova-versao-do-desenrola-sera-lancada-apos-viagem-de-lula-diz-durigan\/#breadcrumb\"},\"inLanguage\":\"pt-BR\",\"potentialAction\":[{\"@type\":\"ReadAction\",\"target\":[\"https:\/\/miradouronoticias.com\/site\/2026\/04\/14\/nova-versao-do-desenrola-sera-lancada-apos-viagem-de-lula-diz-durigan\/\"]}]},{\"@type\":\"ImageObject\",\"inLanguage\":\"pt-BR\",\"@id\":\"https:\/\/miradouronoticias.com\/site\/2026\/04\/14\/nova-versao-do-desenrola-sera-lancada-apos-viagem-de-lula-diz-durigan\/#primaryimage\",\"url\":\"https:\/\/miradouronoticias.com\/site\/wp-content\/uploads\/2026\/04\/0d4a9336.webp\",\"contentUrl\":\"https:\/\/miradouronoticias.com\/site\/wp-content\/uploads\/2026\/04\/0d4a9336.webp\",\"width\":1170,\"height\":700},{\"@type\":\"BreadcrumbList\",\"@id\":\"https:\/\/miradouronoticias.com\/site\/2026\/04\/14\/nova-versao-do-desenrola-sera-lancada-apos-viagem-de-lula-diz-durigan\/#breadcrumb\",\"itemListElement\":[{\"@type\":\"ListItem\",\"position\":1,\"name\":\"In\u00edcio\",\"item\":\"https:\/\/miradouronoticias.com\/site\/\"},{\"@type\":\"ListItem\",\"position\":2,\"name\":\"Nova vers\u00e3o do Desenrola ser\u00e1 lan\u00e7ada ap\u00f3s viagem de Lula, diz Durigan\"}]},{\"@type\":\"WebSite\",\"@id\":\"https:\/\/miradouronoticias.com\/site\/#website\",\"url\":\"https:\/\/miradouronoticias.com\/site\/\",\"name\":\"Miradouro Not\u00edcias\",\"description\":\"Informa\u00e7\u00f5es da cidade e regi\u00e3o\",\"publisher\":{\"@id\":\"https:\/\/miradouronoticias.com\/site\/#organization\"},\"potentialAction\":[{\"@type\":\"SearchAction\",\"target\":{\"@type\":\"EntryPoint\",\"urlTemplate\":\"https:\/\/miradouronoticias.com\/site\/?s={search_term_string}\"},\"query-input\":{\"@type\":\"PropertyValueSpecification\",\"valueRequired\":true,\"valueName\":\"search_term_string\"}}],\"inLanguage\":\"pt-BR\"},{\"@type\":\"Organization\",\"@id\":\"https:\/\/miradouronoticias.com\/site\/#organization\",\"name\":\"Miradouro Not\u00edcias\",\"url\":\"https:\/\/miradouronoticias.com\/site\/\",\"logo\":{\"@type\":\"ImageObject\",\"inLanguage\":\"pt-BR\",\"@id\":\"https:\/\/miradouronoticias.com\/site\/#\/schema\/logo\/image\/\",\"url\":\"https:\/\/miradouronoticias.com\/site\/wp-content\/uploads\/2022\/01\/logomarcamiradouronoticias.png\",\"contentUrl\":\"https:\/\/miradouronoticias.com\/site\/wp-content\/uploads\/2022\/01\/logomarcamiradouronoticias.png\",\"width\":747,\"height\":263,\"caption\":\"Miradouro Not\u00edcias\"},\"image\":{\"@id\":\"https:\/\/miradouronoticias.com\/site\/#\/schema\/logo\/image\/\"}},{\"@type\":\"Person\",\"@id\":\"https:\/\/miradouronoticias.com\/site\/#\/schema\/person\/73440d8c82222950df86f3e1a16aad3b\",\"name\":\"Cl\u00e1udia Olyver\",\"sameAs\":[\"http:\/\/www.miradouronoticias.com\"],\"url\":\"https:\/\/miradouronoticias.com\/site\/author\/claudia\/\"}]}<\/script>\n<!-- \/ Yoast SEO plugin. -->","yoast_head_json":{"title":"Nova vers\u00e3o do Desenrola ser\u00e1 lan\u00e7ada ap\u00f3s viagem de Lula, diz Durigan - Miradouro Not\u00edcias","robots":{"index":"index","follow":"follow","max-snippet":"max-snippet:-1","max-image-preview":"max-image-preview:large","max-video-preview":"max-video-preview:-1"},"canonical":"https:\/\/miradouronoticias.com\/site\/2026\/04\/14\/nova-versao-do-desenrola-sera-lancada-apos-viagem-de-lula-diz-durigan\/","og_locale":"pt_BR","og_type":"article","og_title":"Nova vers\u00e3o do Desenrola ser\u00e1 lan\u00e7ada ap\u00f3s viagem de Lula, diz Durigan - Miradouro Not\u00edcias","og_description":"A nova vers\u00e3o do programa de renegocia\u00e7\u00e3o de d\u00edvidas, nos moldes do Desenrola, deve ser anunciada ap\u00f3s a\u00a0viagem do presidente Luiz In\u00e1cio Lula da Silva \u00e0 Europa, disse nesta segunda-feira (13) o ministro da Fazenda, Dario Durigan. Segundo o ministro, o desenho final da proposta ainda est\u00e1 sendo conclu\u00eddo pela equipe econ\u00f4mica e ser\u00e1 apresentado [&hellip;]","og_url":"https:\/\/miradouronoticias.com\/site\/2026\/04\/14\/nova-versao-do-desenrola-sera-lancada-apos-viagem-de-lula-diz-durigan\/","og_site_name":"Miradouro Not\u00edcias","article_published_time":"2026-04-14T08:58:09+00:00","og_image":[{"width":1170,"height":700,"url":"https:\/\/miradouronoticias.com\/site\/wp-content\/uploads\/2026\/04\/0d4a9336.webp","type":"image\/webp"}],"author":"Cl\u00e1udia Olyver","twitter_card":"summary_large_image","twitter_misc":{"Escrito por":"Cl\u00e1udia Olyver","Est. tempo de leitura":"3 minutos"},"schema":{"@context":"https:\/\/schema.org","@graph":[{"@type":"Article","@id":"https:\/\/miradouronoticias.com\/site\/2026\/04\/14\/nova-versao-do-desenrola-sera-lancada-apos-viagem-de-lula-diz-durigan\/#article","isPartOf":{"@id":"https:\/\/miradouronoticias.com\/site\/2026\/04\/14\/nova-versao-do-desenrola-sera-lancada-apos-viagem-de-lula-diz-durigan\/"},"author":{"name":"Cl\u00e1udia Olyver","@id":"https:\/\/miradouronoticias.com\/site\/#\/schema\/person\/73440d8c82222950df86f3e1a16aad3b"},"headline":"Nova vers\u00e3o do Desenrola ser\u00e1 lan\u00e7ada ap\u00f3s viagem de Lula, diz Durigan","datePublished":"2026-04-14T08:58:09+00:00","mainEntityOfPage":{"@id":"https:\/\/miradouronoticias.com\/site\/2026\/04\/14\/nova-versao-do-desenrola-sera-lancada-apos-viagem-de-lula-diz-durigan\/"},"wordCount":389,"commentCount":0,"publisher":{"@id":"https:\/\/miradouronoticias.com\/site\/#organization"},"image":{"@id":"https:\/\/miradouronoticias.com\/site\/2026\/04\/14\/nova-versao-do-desenrola-sera-lancada-apos-viagem-de-lula-diz-durigan\/#primaryimage"},"thumbnailUrl":"https:\/\/miradouronoticias.com\/site\/wp-content\/uploads\/2026\/04\/0d4a9336.webp","articleSection":["Destaque Principal","Economia"],"inLanguage":"pt-BR","potentialAction":[{"@type":"CommentAction","name":"Comment","target":["https:\/\/miradouronoticias.com\/site\/2026\/04\/14\/nova-versao-do-desenrola-sera-lancada-apos-viagem-de-lula-diz-durigan\/#respond"]}]},{"@type":"WebPage","@id":"https:\/\/miradouronoticias.com\/site\/2026\/04\/14\/nova-versao-do-desenrola-sera-lancada-apos-viagem-de-lula-diz-durigan\/","url":"https:\/\/miradouronoticias.com\/site\/2026\/04\/14\/nova-versao-do-desenrola-sera-lancada-apos-viagem-de-lula-diz-durigan\/","name":"Nova vers\u00e3o do Desenrola ser\u00e1 lan\u00e7ada ap\u00f3s viagem de Lula, diz Durigan - Miradouro Not\u00edcias","isPartOf":{"@id":"https:\/\/miradouronoticias.com\/site\/#website"},"primaryImageOfPage":{"@id":"https:\/\/miradouronoticias.com\/site\/2026\/04\/14\/nova-versao-do-desenrola-sera-lancada-apos-viagem-de-lula-diz-durigan\/#primaryimage"},"image":{"@id":"https:\/\/miradouronoticias.com\/site\/2026\/04\/14\/nova-versao-do-desenrola-sera-lancada-apos-viagem-de-lula-diz-durigan\/#primaryimage"},"thumbnailUrl":"https:\/\/miradouronoticias.com\/site\/wp-content\/uploads\/2026\/04\/0d4a9336.webp","datePublished":"2026-04-14T08:58:09+00:00","breadcrumb":{"@id":"https:\/\/miradouronoticias.com\/site\/2026\/04\/14\/nova-versao-do-desenrola-sera-lancada-apos-viagem-de-lula-diz-durigan\/#breadcrumb"},"inLanguage":"pt-BR","potentialAction":[{"@type":"ReadAction","target":["https:\/\/miradouronoticias.com\/site\/2026\/04\/14\/nova-versao-do-desenrola-sera-lancada-apos-viagem-de-lula-diz-durigan\/"]}]},{"@type":"ImageObject","inLanguage":"pt-BR","@id":"https:\/\/miradouronoticias.com\/site\/2026\/04\/14\/nova-versao-do-desenrola-sera-lancada-apos-viagem-de-lula-diz-durigan\/#primaryimage","url":"https:\/\/miradouronoticias.com\/site\/wp-content\/uploads\/2026\/04\/0d4a9336.webp","contentUrl":"https:\/\/miradouronoticias.com\/site\/wp-content\/uploads\/2026\/04\/0d4a9336.webp","width":1170,"height":700},{"@type":"BreadcrumbList","@id":"https:\/\/miradouronoticias.com\/site\/2026\/04\/14\/nova-versao-do-desenrola-sera-lancada-apos-viagem-de-lula-diz-durigan\/#breadcrumb","itemListElement":[{"@type":"ListItem","position":1,"name":"In\u00edcio","item":"https:\/\/miradouronoticias.com\/site\/"},{"@type":"ListItem","position":2,"name":"Nova vers\u00e3o do Desenrola ser\u00e1 lan\u00e7ada ap\u00f3s viagem de Lula, diz Durigan"}]},{"@type":"WebSite","@id":"https:\/\/miradouronoticias.com\/site\/#website","url":"https:\/\/miradouronoticias.com\/site\/","name":"Miradouro Not\u00edcias","description":"Informa\u00e7\u00f5es da cidade e regi\u00e3o","publisher":{"@id":"https:\/\/miradouronoticias.com\/site\/#organization"},"potentialAction":[{"@type":"SearchAction","target":{"@type":"EntryPoint","urlTemplate":"https:\/\/miradouronoticias.com\/site\/?s={search_term_string}"},"query-input":{"@type":"PropertyValueSpecification","valueRequired":true,"valueName":"search_term_string"}}],"inLanguage":"pt-BR"},{"@type":"Organization","@id":"https:\/\/miradouronoticias.com\/site\/#organization","name":"Miradouro Not\u00edcias","url":"https:\/\/miradouronoticias.com\/site\/","logo":{"@type":"ImageObject","inLanguage":"pt-BR","@id":"https:\/\/miradouronoticias.com\/site\/#\/schema\/logo\/image\/","url":"https:\/\/miradouronoticias.com\/site\/wp-content\/uploads\/2022\/01\/logomarcamiradouronoticias.png","contentUrl":"https:\/\/miradouronoticias.com\/site\/wp-content\/uploads\/2022\/01\/logomarcamiradouronoticias.png","width":747,"height":263,"caption":"Miradouro Not\u00edcias"},"image":{"@id":"https:\/\/miradouronoticias.com\/site\/#\/schema\/logo\/image\/"}},{"@type":"Person","@id":"https:\/\/miradouronoticias.com\/site\/#\/schema\/person\/73440d8c82222950df86f3e1a16aad3b","name":"Cl\u00e1udia Olyver","sameAs":["http:\/\/www.miradouronoticias.com"],"url":"https:\/\/miradouronoticias.com\/site\/author\/claudia\/"}]}},"_links":{"self":[{"href":"https:\/\/miradouronoticias.com\/site\/wp-json\/wp\/v2\/posts\/32637","targetHints":{"allow":["GET"]}}],"collection":[{"href":"https:\/\/miradouronoticias.com\/site\/wp-json\/wp\/v2\/posts"}],"about":[{"href":"https:\/\/miradouronoticias.com\/site\/wp-json\/wp\/v2\/types\/post"}],"author":[{"embeddable":true,"href":"https:\/\/miradouronoticias.com\/site\/wp-json\/wp\/v2\/users\/4"}],"replies":[{"embeddable":true,"href":"https:\/\/miradouronoticias.com\/site\/wp-json\/wp\/v2\/comments?post=32637"}],"version-history":[{"count":1,"href":"https:\/\/miradouronoticias.com\/site\/wp-json\/wp\/v2\/posts\/32637\/revisions"}],"predecessor-version":[{"id":32639,"href":"https:\/\/miradouronoticias.com\/site\/wp-json\/wp\/v2\/posts\/32637\/revisions\/32639"}],"wp:featuredmedia":[{"embeddable":true,"href":"https:\/\/miradouronoticias.com\/site\/wp-json\/wp\/v2\/media\/32638"}],"wp:attachment":[{"href":"https:\/\/miradouronoticias.com\/site\/wp-json\/wp\/v2\/media?parent=32637"}],"wp:term":[{"taxonomy":"category","embeddable":true,"href":"https:\/\/miradouronoticias.com\/site\/wp-json\/wp\/v2\/categories?post=32637"},{"taxonomy":"post_tag","embeddable":true,"href":"https:\/\/miradouronoticias.com\/site\/wp-json\/wp\/v2\/tags?post=32637"}],"curies":[{"name":"wp","href":"https:\/\/api.w.org\/{rel}","templated":true}]}}