{"id":32635,"date":"2026-04-14T05:53:49","date_gmt":"2026-04-14T08:53:49","guid":{"rendered":"https:\/\/miradouronoticias.com\/site\/?p=32635"},"modified":"2026-04-14T05:53:49","modified_gmt":"2026-04-14T08:53:49","slug":"dolar-fecha-abaixo-de-r-5-pela-primeira-vez-em-mais-de-dois-anos","status":"publish","type":"post","link":"https:\/\/miradouronoticias.com\/site\/2026\/04\/14\/dolar-fecha-abaixo-de-r-5-pela-primeira-vez-em-mais-de-dois-anos\/","title":{"rendered":"D\u00f3lar fecha abaixo de R$ 5 pela primeira vez em mais de dois anos"},"content":{"rendered":"<p><img loading=\"lazy\" decoding=\"async\" class=\"alignnone size-medium wp-image-31812\" src=\"https:\/\/miradouronoticias.com\/site\/wp-content\/uploads\/2026\/01\/dolar_moeda_0803221212-300x179.webp\" alt=\"\" width=\"300\" height=\"179\" srcset=\"https:\/\/miradouronoticias.com\/site\/wp-content\/uploads\/2026\/01\/dolar_moeda_0803221212-300x179.webp 300w, https:\/\/miradouronoticias.com\/site\/wp-content\/uploads\/2026\/01\/dolar_moeda_0803221212-1024x613.webp 1024w, https:\/\/miradouronoticias.com\/site\/wp-content\/uploads\/2026\/01\/dolar_moeda_0803221212-768x459.webp 768w, https:\/\/miradouronoticias.com\/site\/wp-content\/uploads\/2026\/01\/dolar_moeda_0803221212.webp 1170w\" sizes=\"auto, (max-width: 300px) 100vw, 300px\" \/><\/p>\n<p><strong>O d\u00f3lar fechou abaixo de R$ 5 pela primeira vez em mais de dois anos, enquanto a bolsa brasileira renovou recordes e superou os 198 mil pontos nesta segunda-feira (13).<\/strong><img decoding=\"async\" src=\"https:\/\/agenciabrasil.ebc.com.br\/ebc.png?id=1685734&amp;o=node\" \/><img decoding=\"async\" src=\"https:\/\/agenciabrasil.ebc.com.br\/ebc.gif?id=1685734&amp;o=node\" \/><\/p>\n<p>Mesmo com o in\u00edcio do bloqueio do Estreito de Ormuz pelos Estados Unidos,\u00a0<strong>o clima no mercado financeiro melhorou ap\u00f3s declara\u00e7\u00f5es do presidente Donald Trump sobre um poss\u00edvel acordo com o Ir\u00e3<\/strong>.<\/p>\n<p>A moeda estadunidense encerrou o dia em queda, acompanhando o movimento no exterior, enquanto a bolsa brasileira avan\u00e7ou impulsionada por a\u00e7\u00f5es de commodities (bens prim\u00e1rios com cota\u00e7\u00e3o internacional) e pelo fluxo de capital estrangeiro.<\/p>\n<h2>C\u00e2mbio recua<\/h2>\n<p><strong>O d\u00f3lar comercial \u00e0 vista fechou a R$ 4,997, em baixa de R$ 0,014 (-0,29%). A cota\u00e7\u00e3o est\u00e1 no menor valor desde 27 de mar\u00e7o de 2024<\/strong>. Na m\u00ednima do dia, por volta das 14h20, chegou a R$ 4,98.<\/p>\n<p>No m\u00eas, a divisa acumula queda de 3,51%. Em 2026, o recuo chega a 8,96%.<\/p>\n<p>Ap\u00f3s subir no in\u00edcio do dia, refletindo as tens\u00f5es no Oriente M\u00e9dio, o d\u00f3lar perdeu for\u00e7a ao longo da tarde. A mudan\u00e7a de dire\u00e7\u00e3o ocorreu ap\u00f3s Trump afirmar que o Ir\u00e3 estaria interessado em negociar.<\/p>\n<p>No exterior, o \u00edndice DXY, que mede o desempenho da moeda estadunidense diante de uma cesta de divisas fortes, tamb\u00e9m recuou, refor\u00e7ando o movimento observado no Brasil.<\/p>\n<p>O euro comercial fechou esta segunda vendido a R$ 5,876, com baixa de apenas 0,02%. A cota\u00e7\u00e3o est\u00e1 no menor valor desde o fim de junho de 2024.<\/p>\n<h2>Recorde hist\u00f3rico no Ibovespa<\/h2>\n<p><strong>Na bolsa brasileira, o Ibovespa avan\u00e7ou 0,34% e fechou aos 198.001 pontos, atingindo o maior n\u00edvel da hist\u00f3ria.\u00a0<\/strong>Durante o preg\u00e3o, o \u00edndice chegou a superar os 198.100 pontos.<\/p>\n<p><strong>O desempenho foi sustentado principalmente por a\u00e7\u00f5es de grandes empresas ligadas a commodities, como minera\u00e7\u00e3o e petr\u00f3leo, al\u00e9m da entrada cont\u00ednua de recursos estrangeiros.<\/strong>\u00a0No m\u00eas, o \u00edndice acumula alta de 5,62% e, no ano, ganhos de 22,89%.<\/p>\n<p>O movimento positivo no Brasil acompanhou o desempenho das bolsas em Nova York, que tamb\u00e9m reagiram \u00e0s sinaliza\u00e7\u00f5es de distens\u00e3o geopol\u00edtica.<\/p>\n<p>O \u00edndice Dow Jones, das empresas industriais, subiu 0,63%. O S&amp;P 500, das 500 maiores companhias, ganhou 1,02% e anulou as perdas desde o in\u00edcio da guerra no Oriente M\u00e9dio. O Nasdaq, das empresas de tecnologia, avan\u00e7ou 1,23%.<\/p>\n<p>A expectativa de retomada das negocia\u00e7\u00f5es entre Estados Unidos e Ir\u00e3 ajudou a reduzir a avers\u00e3o ao risco nos mercados globais.<\/p>\n<h2>Petr\u00f3leo abaixo de US$ 100<\/h2>\n<p>Os pre\u00e7os do petr\u00f3leo avan\u00e7aram, impulsionados pelas tens\u00f5es no Oriente M\u00e9dio e pelo bloqueio de portos iranianos pelos Estados Unidos.<\/p>\n<p>O barril do tipo Brent, refer\u00eancia internacional, fechou em alta de\u00a04,36%, a US$ 99,36, enquanto o WTI, do Texas, subiu 2,6%, a US$ 99,08.<\/p>\n<p>Durante a maior parte do dia, ambas as cota\u00e7\u00f5es ficaram acima de US$ 100, mas desaceleraram ap\u00f3s as declara\u00e7\u00f5es de Trump.<\/p>\n<p>A volatilidade continua elevada, com investidores\u00a0atentos aos desdobramentos no Estreito de Ormuz, regi\u00e3o estrat\u00e9gica para o fluxo global de petr\u00f3leo.<\/p>\n<p><em>*\u00a0 By: miradouronoticias.com.br Com informa\u00e7\u00f5es da Reuters<\/em><\/p>\n","protected":false},"excerpt":{"rendered":"<p>O d\u00f3lar fechou abaixo de R$ 5 pela primeira vez em mais de dois anos, enquanto a bolsa brasileira renovou recordes e superou os 198 mil pontos nesta segunda-feira (13). Mesmo com o in\u00edcio do bloqueio do Estreito de Ormuz pelos Estados Unidos,\u00a0o clima no mercado financeiro melhorou ap\u00f3s declara\u00e7\u00f5es do presidente Donald Trump sobre [&hellip;]<\/p>\n","protected":false},"author":4,"featured_media":31812,"comment_status":"open","ping_status":"closed","sticky":false,"template":"","format":"standard","meta":{"footnotes":""},"categories":[29],"tags":[],"class_list":["post-32635","post","type-post","status-publish","format-standard","has-post-thumbnail","hentry","category-economia"],"yoast_head":"<!-- This site is optimized with the Yoast SEO plugin v27.2 - https:\/\/yoast.com\/product\/yoast-seo-wordpress\/ -->\n<title>D\u00f3lar fecha abaixo de R$ 5 pela primeira vez em mais de dois anos - Miradouro Not\u00edcias<\/title>\n<meta name=\"robots\" content=\"index, follow, max-snippet:-1, max-image-preview:large, max-video-preview:-1\" \/>\n<link rel=\"canonical\" href=\"https:\/\/miradouronoticias.com\/site\/2026\/04\/14\/dolar-fecha-abaixo-de-r-5-pela-primeira-vez-em-mais-de-dois-anos\/\" \/>\n<meta property=\"og:locale\" content=\"pt_BR\" \/>\n<meta property=\"og:type\" content=\"article\" \/>\n<meta property=\"og:title\" content=\"D\u00f3lar fecha abaixo de R$ 5 pela primeira vez em mais de dois anos - Miradouro Not\u00edcias\" \/>\n<meta property=\"og:description\" content=\"O d\u00f3lar fechou abaixo de R$ 5 pela primeira vez em mais de dois anos, enquanto a bolsa brasileira renovou recordes e superou os 198 mil pontos nesta segunda-feira (13). Mesmo com o in\u00edcio do bloqueio do Estreito de Ormuz pelos Estados Unidos,\u00a0o clima no mercado financeiro melhorou ap\u00f3s declara\u00e7\u00f5es do presidente Donald Trump sobre [&hellip;]\" \/>\n<meta property=\"og:url\" content=\"https:\/\/miradouronoticias.com\/site\/2026\/04\/14\/dolar-fecha-abaixo-de-r-5-pela-primeira-vez-em-mais-de-dois-anos\/\" \/>\n<meta property=\"og:site_name\" content=\"Miradouro Not\u00edcias\" \/>\n<meta property=\"article:published_time\" content=\"2026-04-14T08:53:49+00:00\" \/>\n<meta property=\"og:image\" content=\"https:\/\/miradouronoticias.com\/site\/wp-content\/uploads\/2026\/01\/dolar_moeda_0803221212.webp\" \/>\n\t<meta property=\"og:image:width\" content=\"1170\" \/>\n\t<meta property=\"og:image:height\" content=\"700\" \/>\n\t<meta property=\"og:image:type\" content=\"image\/webp\" \/>\n<meta name=\"author\" content=\"Cl\u00e1udia Olyver\" \/>\n<meta name=\"twitter:card\" content=\"summary_large_image\" \/>\n<meta name=\"twitter:label1\" content=\"Escrito por\" \/>\n\t<meta name=\"twitter:data1\" content=\"Cl\u00e1udia Olyver\" \/>\n\t<meta name=\"twitter:label2\" content=\"Est. tempo de leitura\" \/>\n\t<meta name=\"twitter:data2\" content=\"4 minutos\" \/>\n<script type=\"application\/ld+json\" class=\"yoast-schema-graph\">{\"@context\":\"https:\/\/schema.org\",\"@graph\":[{\"@type\":\"Article\",\"@id\":\"https:\/\/miradouronoticias.com\/site\/2026\/04\/14\/dolar-fecha-abaixo-de-r-5-pela-primeira-vez-em-mais-de-dois-anos\/#article\",\"isPartOf\":{\"@id\":\"https:\/\/miradouronoticias.com\/site\/2026\/04\/14\/dolar-fecha-abaixo-de-r-5-pela-primeira-vez-em-mais-de-dois-anos\/\"},\"author\":{\"name\":\"Cl\u00e1udia Olyver\",\"@id\":\"https:\/\/miradouronoticias.com\/site\/#\/schema\/person\/73440d8c82222950df86f3e1a16aad3b\"},\"headline\":\"D\u00f3lar fecha abaixo de R$ 5 pela primeira vez em mais de dois anos\",\"datePublished\":\"2026-04-14T08:53:49+00:00\",\"mainEntityOfPage\":{\"@id\":\"https:\/\/miradouronoticias.com\/site\/2026\/04\/14\/dolar-fecha-abaixo-de-r-5-pela-primeira-vez-em-mais-de-dois-anos\/\"},\"wordCount\":539,\"commentCount\":0,\"publisher\":{\"@id\":\"https:\/\/miradouronoticias.com\/site\/#organization\"},\"image\":{\"@id\":\"https:\/\/miradouronoticias.com\/site\/2026\/04\/14\/dolar-fecha-abaixo-de-r-5-pela-primeira-vez-em-mais-de-dois-anos\/#primaryimage\"},\"thumbnailUrl\":\"https:\/\/miradouronoticias.com\/site\/wp-content\/uploads\/2026\/01\/dolar_moeda_0803221212.webp\",\"articleSection\":[\"Economia\"],\"inLanguage\":\"pt-BR\",\"potentialAction\":[{\"@type\":\"CommentAction\",\"name\":\"Comment\",\"target\":[\"https:\/\/miradouronoticias.com\/site\/2026\/04\/14\/dolar-fecha-abaixo-de-r-5-pela-primeira-vez-em-mais-de-dois-anos\/#respond\"]}]},{\"@type\":\"WebPage\",\"@id\":\"https:\/\/miradouronoticias.com\/site\/2026\/04\/14\/dolar-fecha-abaixo-de-r-5-pela-primeira-vez-em-mais-de-dois-anos\/\",\"url\":\"https:\/\/miradouronoticias.com\/site\/2026\/04\/14\/dolar-fecha-abaixo-de-r-5-pela-primeira-vez-em-mais-de-dois-anos\/\",\"name\":\"D\u00f3lar fecha abaixo de R$ 5 pela primeira vez em mais de dois anos - Miradouro Not\u00edcias\",\"isPartOf\":{\"@id\":\"https:\/\/miradouronoticias.com\/site\/#website\"},\"primaryImageOfPage\":{\"@id\":\"https:\/\/miradouronoticias.com\/site\/2026\/04\/14\/dolar-fecha-abaixo-de-r-5-pela-primeira-vez-em-mais-de-dois-anos\/#primaryimage\"},\"image\":{\"@id\":\"https:\/\/miradouronoticias.com\/site\/2026\/04\/14\/dolar-fecha-abaixo-de-r-5-pela-primeira-vez-em-mais-de-dois-anos\/#primaryimage\"},\"thumbnailUrl\":\"https:\/\/miradouronoticias.com\/site\/wp-content\/uploads\/2026\/01\/dolar_moeda_0803221212.webp\",\"datePublished\":\"2026-04-14T08:53:49+00:00\",\"breadcrumb\":{\"@id\":\"https:\/\/miradouronoticias.com\/site\/2026\/04\/14\/dolar-fecha-abaixo-de-r-5-pela-primeira-vez-em-mais-de-dois-anos\/#breadcrumb\"},\"inLanguage\":\"pt-BR\",\"potentialAction\":[{\"@type\":\"ReadAction\",\"target\":[\"https:\/\/miradouronoticias.com\/site\/2026\/04\/14\/dolar-fecha-abaixo-de-r-5-pela-primeira-vez-em-mais-de-dois-anos\/\"]}]},{\"@type\":\"ImageObject\",\"inLanguage\":\"pt-BR\",\"@id\":\"https:\/\/miradouronoticias.com\/site\/2026\/04\/14\/dolar-fecha-abaixo-de-r-5-pela-primeira-vez-em-mais-de-dois-anos\/#primaryimage\",\"url\":\"https:\/\/miradouronoticias.com\/site\/wp-content\/uploads\/2026\/01\/dolar_moeda_0803221212.webp\",\"contentUrl\":\"https:\/\/miradouronoticias.com\/site\/wp-content\/uploads\/2026\/01\/dolar_moeda_0803221212.webp\",\"width\":1170,\"height\":700},{\"@type\":\"BreadcrumbList\",\"@id\":\"https:\/\/miradouronoticias.com\/site\/2026\/04\/14\/dolar-fecha-abaixo-de-r-5-pela-primeira-vez-em-mais-de-dois-anos\/#breadcrumb\",\"itemListElement\":[{\"@type\":\"ListItem\",\"position\":1,\"name\":\"In\u00edcio\",\"item\":\"https:\/\/miradouronoticias.com\/site\/\"},{\"@type\":\"ListItem\",\"position\":2,\"name\":\"D\u00f3lar fecha abaixo de R$ 5 pela primeira vez em mais de dois anos\"}]},{\"@type\":\"WebSite\",\"@id\":\"https:\/\/miradouronoticias.com\/site\/#website\",\"url\":\"https:\/\/miradouronoticias.com\/site\/\",\"name\":\"Miradouro Not\u00edcias\",\"description\":\"Informa\u00e7\u00f5es da cidade e regi\u00e3o\",\"publisher\":{\"@id\":\"https:\/\/miradouronoticias.com\/site\/#organization\"},\"potentialAction\":[{\"@type\":\"SearchAction\",\"target\":{\"@type\":\"EntryPoint\",\"urlTemplate\":\"https:\/\/miradouronoticias.com\/site\/?s={search_term_string}\"},\"query-input\":{\"@type\":\"PropertyValueSpecification\",\"valueRequired\":true,\"valueName\":\"search_term_string\"}}],\"inLanguage\":\"pt-BR\"},{\"@type\":\"Organization\",\"@id\":\"https:\/\/miradouronoticias.com\/site\/#organization\",\"name\":\"Miradouro Not\u00edcias\",\"url\":\"https:\/\/miradouronoticias.com\/site\/\",\"logo\":{\"@type\":\"ImageObject\",\"inLanguage\":\"pt-BR\",\"@id\":\"https:\/\/miradouronoticias.com\/site\/#\/schema\/logo\/image\/\",\"url\":\"https:\/\/miradouronoticias.com\/site\/wp-content\/uploads\/2022\/01\/logomarcamiradouronoticias.png\",\"contentUrl\":\"https:\/\/miradouronoticias.com\/site\/wp-content\/uploads\/2022\/01\/logomarcamiradouronoticias.png\",\"width\":747,\"height\":263,\"caption\":\"Miradouro Not\u00edcias\"},\"image\":{\"@id\":\"https:\/\/miradouronoticias.com\/site\/#\/schema\/logo\/image\/\"}},{\"@type\":\"Person\",\"@id\":\"https:\/\/miradouronoticias.com\/site\/#\/schema\/person\/73440d8c82222950df86f3e1a16aad3b\",\"name\":\"Cl\u00e1udia Olyver\",\"sameAs\":[\"http:\/\/www.miradouronoticias.com\"],\"url\":\"https:\/\/miradouronoticias.com\/site\/author\/claudia\/\"}]}<\/script>\n<!-- \/ Yoast SEO plugin. -->","yoast_head_json":{"title":"D\u00f3lar fecha abaixo de R$ 5 pela primeira vez em mais de dois anos - Miradouro Not\u00edcias","robots":{"index":"index","follow":"follow","max-snippet":"max-snippet:-1","max-image-preview":"max-image-preview:large","max-video-preview":"max-video-preview:-1"},"canonical":"https:\/\/miradouronoticias.com\/site\/2026\/04\/14\/dolar-fecha-abaixo-de-r-5-pela-primeira-vez-em-mais-de-dois-anos\/","og_locale":"pt_BR","og_type":"article","og_title":"D\u00f3lar fecha abaixo de R$ 5 pela primeira vez em mais de dois anos - Miradouro Not\u00edcias","og_description":"O d\u00f3lar fechou abaixo de R$ 5 pela primeira vez em mais de dois anos, enquanto a bolsa brasileira renovou recordes e superou os 198 mil pontos nesta segunda-feira (13). Mesmo com o in\u00edcio do bloqueio do Estreito de Ormuz pelos Estados Unidos,\u00a0o clima no mercado financeiro melhorou ap\u00f3s declara\u00e7\u00f5es do presidente Donald Trump sobre [&hellip;]","og_url":"https:\/\/miradouronoticias.com\/site\/2026\/04\/14\/dolar-fecha-abaixo-de-r-5-pela-primeira-vez-em-mais-de-dois-anos\/","og_site_name":"Miradouro Not\u00edcias","article_published_time":"2026-04-14T08:53:49+00:00","og_image":[{"width":1170,"height":700,"url":"https:\/\/miradouronoticias.com\/site\/wp-content\/uploads\/2026\/01\/dolar_moeda_0803221212.webp","type":"image\/webp"}],"author":"Cl\u00e1udia Olyver","twitter_card":"summary_large_image","twitter_misc":{"Escrito por":"Cl\u00e1udia Olyver","Est. tempo de leitura":"4 minutos"},"schema":{"@context":"https:\/\/schema.org","@graph":[{"@type":"Article","@id":"https:\/\/miradouronoticias.com\/site\/2026\/04\/14\/dolar-fecha-abaixo-de-r-5-pela-primeira-vez-em-mais-de-dois-anos\/#article","isPartOf":{"@id":"https:\/\/miradouronoticias.com\/site\/2026\/04\/14\/dolar-fecha-abaixo-de-r-5-pela-primeira-vez-em-mais-de-dois-anos\/"},"author":{"name":"Cl\u00e1udia Olyver","@id":"https:\/\/miradouronoticias.com\/site\/#\/schema\/person\/73440d8c82222950df86f3e1a16aad3b"},"headline":"D\u00f3lar fecha abaixo de R$ 5 pela primeira vez em mais de dois anos","datePublished":"2026-04-14T08:53:49+00:00","mainEntityOfPage":{"@id":"https:\/\/miradouronoticias.com\/site\/2026\/04\/14\/dolar-fecha-abaixo-de-r-5-pela-primeira-vez-em-mais-de-dois-anos\/"},"wordCount":539,"commentCount":0,"publisher":{"@id":"https:\/\/miradouronoticias.com\/site\/#organization"},"image":{"@id":"https:\/\/miradouronoticias.com\/site\/2026\/04\/14\/dolar-fecha-abaixo-de-r-5-pela-primeira-vez-em-mais-de-dois-anos\/#primaryimage"},"thumbnailUrl":"https:\/\/miradouronoticias.com\/site\/wp-content\/uploads\/2026\/01\/dolar_moeda_0803221212.webp","articleSection":["Economia"],"inLanguage":"pt-BR","potentialAction":[{"@type":"CommentAction","name":"Comment","target":["https:\/\/miradouronoticias.com\/site\/2026\/04\/14\/dolar-fecha-abaixo-de-r-5-pela-primeira-vez-em-mais-de-dois-anos\/#respond"]}]},{"@type":"WebPage","@id":"https:\/\/miradouronoticias.com\/site\/2026\/04\/14\/dolar-fecha-abaixo-de-r-5-pela-primeira-vez-em-mais-de-dois-anos\/","url":"https:\/\/miradouronoticias.com\/site\/2026\/04\/14\/dolar-fecha-abaixo-de-r-5-pela-primeira-vez-em-mais-de-dois-anos\/","name":"D\u00f3lar fecha abaixo de R$ 5 pela primeira vez em mais de dois anos - Miradouro Not\u00edcias","isPartOf":{"@id":"https:\/\/miradouronoticias.com\/site\/#website"},"primaryImageOfPage":{"@id":"https:\/\/miradouronoticias.com\/site\/2026\/04\/14\/dolar-fecha-abaixo-de-r-5-pela-primeira-vez-em-mais-de-dois-anos\/#primaryimage"},"image":{"@id":"https:\/\/miradouronoticias.com\/site\/2026\/04\/14\/dolar-fecha-abaixo-de-r-5-pela-primeira-vez-em-mais-de-dois-anos\/#primaryimage"},"thumbnailUrl":"https:\/\/miradouronoticias.com\/site\/wp-content\/uploads\/2026\/01\/dolar_moeda_0803221212.webp","datePublished":"2026-04-14T08:53:49+00:00","breadcrumb":{"@id":"https:\/\/miradouronoticias.com\/site\/2026\/04\/14\/dolar-fecha-abaixo-de-r-5-pela-primeira-vez-em-mais-de-dois-anos\/#breadcrumb"},"inLanguage":"pt-BR","potentialAction":[{"@type":"ReadAction","target":["https:\/\/miradouronoticias.com\/site\/2026\/04\/14\/dolar-fecha-abaixo-de-r-5-pela-primeira-vez-em-mais-de-dois-anos\/"]}]},{"@type":"ImageObject","inLanguage":"pt-BR","@id":"https:\/\/miradouronoticias.com\/site\/2026\/04\/14\/dolar-fecha-abaixo-de-r-5-pela-primeira-vez-em-mais-de-dois-anos\/#primaryimage","url":"https:\/\/miradouronoticias.com\/site\/wp-content\/uploads\/2026\/01\/dolar_moeda_0803221212.webp","contentUrl":"https:\/\/miradouronoticias.com\/site\/wp-content\/uploads\/2026\/01\/dolar_moeda_0803221212.webp","width":1170,"height":700},{"@type":"BreadcrumbList","@id":"https:\/\/miradouronoticias.com\/site\/2026\/04\/14\/dolar-fecha-abaixo-de-r-5-pela-primeira-vez-em-mais-de-dois-anos\/#breadcrumb","itemListElement":[{"@type":"ListItem","position":1,"name":"In\u00edcio","item":"https:\/\/miradouronoticias.com\/site\/"},{"@type":"ListItem","position":2,"name":"D\u00f3lar fecha abaixo de R$ 5 pela primeira vez em mais de dois anos"}]},{"@type":"WebSite","@id":"https:\/\/miradouronoticias.com\/site\/#website","url":"https:\/\/miradouronoticias.com\/site\/","name":"Miradouro Not\u00edcias","description":"Informa\u00e7\u00f5es da cidade e regi\u00e3o","publisher":{"@id":"https:\/\/miradouronoticias.com\/site\/#organization"},"potentialAction":[{"@type":"SearchAction","target":{"@type":"EntryPoint","urlTemplate":"https:\/\/miradouronoticias.com\/site\/?s={search_term_string}"},"query-input":{"@type":"PropertyValueSpecification","valueRequired":true,"valueName":"search_term_string"}}],"inLanguage":"pt-BR"},{"@type":"Organization","@id":"https:\/\/miradouronoticias.com\/site\/#organization","name":"Miradouro Not\u00edcias","url":"https:\/\/miradouronoticias.com\/site\/","logo":{"@type":"ImageObject","inLanguage":"pt-BR","@id":"https:\/\/miradouronoticias.com\/site\/#\/schema\/logo\/image\/","url":"https:\/\/miradouronoticias.com\/site\/wp-content\/uploads\/2022\/01\/logomarcamiradouronoticias.png","contentUrl":"https:\/\/miradouronoticias.com\/site\/wp-content\/uploads\/2022\/01\/logomarcamiradouronoticias.png","width":747,"height":263,"caption":"Miradouro Not\u00edcias"},"image":{"@id":"https:\/\/miradouronoticias.com\/site\/#\/schema\/logo\/image\/"}},{"@type":"Person","@id":"https:\/\/miradouronoticias.com\/site\/#\/schema\/person\/73440d8c82222950df86f3e1a16aad3b","name":"Cl\u00e1udia Olyver","sameAs":["http:\/\/www.miradouronoticias.com"],"url":"https:\/\/miradouronoticias.com\/site\/author\/claudia\/"}]}},"_links":{"self":[{"href":"https:\/\/miradouronoticias.com\/site\/wp-json\/wp\/v2\/posts\/32635","targetHints":{"allow":["GET"]}}],"collection":[{"href":"https:\/\/miradouronoticias.com\/site\/wp-json\/wp\/v2\/posts"}],"about":[{"href":"https:\/\/miradouronoticias.com\/site\/wp-json\/wp\/v2\/types\/post"}],"author":[{"embeddable":true,"href":"https:\/\/miradouronoticias.com\/site\/wp-json\/wp\/v2\/users\/4"}],"replies":[{"embeddable":true,"href":"https:\/\/miradouronoticias.com\/site\/wp-json\/wp\/v2\/comments?post=32635"}],"version-history":[{"count":1,"href":"https:\/\/miradouronoticias.com\/site\/wp-json\/wp\/v2\/posts\/32635\/revisions"}],"predecessor-version":[{"id":32636,"href":"https:\/\/miradouronoticias.com\/site\/wp-json\/wp\/v2\/posts\/32635\/revisions\/32636"}],"wp:featuredmedia":[{"embeddable":true,"href":"https:\/\/miradouronoticias.com\/site\/wp-json\/wp\/v2\/media\/31812"}],"wp:attachment":[{"href":"https:\/\/miradouronoticias.com\/site\/wp-json\/wp\/v2\/media?parent=32635"}],"wp:term":[{"taxonomy":"category","embeddable":true,"href":"https:\/\/miradouronoticias.com\/site\/wp-json\/wp\/v2\/categories?post=32635"},{"taxonomy":"post_tag","embeddable":true,"href":"https:\/\/miradouronoticias.com\/site\/wp-json\/wp\/v2\/tags?post=32635"}],"curies":[{"name":"wp","href":"https:\/\/api.w.org\/{rel}","templated":true}]}}