{"id":32572,"date":"2026-04-08T05:48:58","date_gmt":"2026-04-08T08:48:58","guid":{"rendered":"https:\/\/miradouronoticias.com\/site\/?p=32572"},"modified":"2026-04-08T05:48:58","modified_gmt":"2026-04-08T08:48:58","slug":"organizacoes-acusam-congresso-de-desrespeitar-direitos-dos-indigenas","status":"publish","type":"post","link":"https:\/\/miradouronoticias.com\/site\/2026\/04\/08\/organizacoes-acusam-congresso-de-desrespeitar-direitos-dos-indigenas\/","title":{"rendered":"Organiza\u00e7\u00f5es acusam Congresso de desrespeitar direitos dos ind\u00edgenas"},"content":{"rendered":"<p><img loading=\"lazy\" decoding=\"async\" class=\"alignnone size-medium wp-image-32573\" src=\"https:\/\/miradouronoticias.com\/site\/wp-content\/uploads\/2026\/04\/pzzb9388-300x179.webp\" alt=\"\" width=\"300\" height=\"179\" srcset=\"https:\/\/miradouronoticias.com\/site\/wp-content\/uploads\/2026\/04\/pzzb9388-300x179.webp 300w, https:\/\/miradouronoticias.com\/site\/wp-content\/uploads\/2026\/04\/pzzb9388-1024x613.webp 1024w, https:\/\/miradouronoticias.com\/site\/wp-content\/uploads\/2026\/04\/pzzb9388-768x459.webp 768w, https:\/\/miradouronoticias.com\/site\/wp-content\/uploads\/2026\/04\/pzzb9388.webp 1170w\" sizes=\"auto, (max-width: 300px) 100vw, 300px\" \/><\/p>\n<header id=\"header-site\" class=\"header-site full-width rel-position\">\n<div class=\"header-veiculo full-width\">\n<aside id=\"nav-menu-mobile\" class=\"nav-menu-mobile\">&nbsp;<\/p>\n<\/aside>\n<\/div>\n<div class=\"header-editorias rowflex full-width\"><\/div>\n<\/header>\n<p><main class=\"main-site\"><\/p>\n<div class=\"region region-content\">\n<div id=\"block-system-main\" class=\"block block-system\">\n<div class=\"content\">\n<div id=\"panel\" class=\"container-noticia rel-position\">\n<div id=\"node-1685083\" class=\"node node-conteudo clearfix\">\n<div class=\"conteudo-noticia\">\n<p><a href=\"https:\/\/apiboficial.org\/2026\/04\/06\/nosso-acampamento-expressao-da-nossa-luta-carta-de-abertura-do-atl-2026\/\" target=\"_blank\" rel=\"noopener\">Em carta de abertura do Acampamento Terra Livre<\/a>, em Bras\u00edlia, organiza\u00e7\u00f5es ind\u00edgenas acusam o Congresso Nacional de tratar os direitos constitucionais dos povos origin\u00e1rios como \u201cmoeda de troca\u201d em negocia\u00e7\u00f5es com setores privados, sobretudo do agroneg\u00f3cio e da minera\u00e7\u00e3o.<img decoding=\"async\" src=\"https:\/\/agenciabrasil.ebc.com.br\/ebc.png?id=1685083&amp;o=node\" \/><img decoding=\"async\" src=\"https:\/\/agenciabrasil.ebc.com.br\/ebc.gif?id=1685083&amp;o=node\" \/><\/p>\n<p>\u201cRepudiamos que o Congresso Nacional funcione como uma m\u00e1quina de retrocesso, atuando como inimigo dos povos [ind\u00edgenas], produzindo ataques cotidianos \u00e0s nossas vidas e submetendo nossos direitos a um balc\u00e3o de neg\u00f3cios\u201d, denunciam as entidades na carta.<\/p>\n<p>O\u00a0<a href=\"https:\/\/agenciabrasil.ebc.com.br\/direitos-humanos\/noticia\/2026-04\/acampamento-terra-livre-2026-deve-reunir-mais-de-7-mil-participantes\" target=\"_blank\" rel=\"noopener\">Acampamento Terra Livre (ATL 2026)<\/a>\u00a0re\u00fane, em Bras\u00edlia, milhares de ind\u00edgenas, desde domingo (5).<\/p>\n<div class=\"dnd-widget-wrapper context-cheio_8colunas type-image\">\n<div class=\"dnd-atom-rendered\"><img decoding=\"async\" title=\"Fabio Rodrigues-Pozzebom\/ Ag\u00eancia Brasil\" src=\"https:\/\/imagens.ebc.com.br\/WUeLdqVKVPSwz3eeHK8WE2DKpqU=\/754x0\/smart\/https:\/\/agenciabrasil.ebc.com.br\/sites\/default\/files\/thumbnails\/image\/2026\/04\/07\/pzzb9090.jpg?itok=Fh7a77Nu\" alt=\"Bras\u00edlia (DF) 07\/04\/2026 - Ind\u00edgenas de todo o pa\u00eds realizam marcha em Bras\u00edlia em defesa de seus direitos Foto: Fabio Rodrigues-Pozzebom\/ Ag\u00eancia Brasil\" \/><\/div>\n<div class=\"dnd-caption-wrapper\">\n<h6 class=\"meta\">Ind\u00edgenas de todo o pa\u00eds marcham em Bras\u00edlia em defesa de seus direitos &#8211; Foto:\u00a0<strong>Fabio Rodrigues-Pozzebom\/ Ag\u00eancia Brasil<\/strong><\/h6>\n<\/div>\n<\/div>\n<blockquote><p>\u201cTransformaram a casa do povo em uma casa de apostas, querem fazer uma bet do Congresso Nacional, onde os nossos direitos viram moeda de troca entre parlamentares e setores privados, e empresas e corpora\u00e7\u00f5es nacionais e estrangeiras lucram sobre as nossas vidas\u201d, afirmam as organiza\u00e7\u00f5es no texto.<\/p><\/blockquote>\n<p>Assinada pela Articula\u00e7\u00e3o dos Povos Ind\u00edgenas do Brasil (Apib), principal organizadora do ATL 2026, e por outras sete entidades que abrangem todo o territ\u00f3rio nacional, a carta critica o Executivo, Legislativo e o Judici\u00e1rio, sobretudo o governo federal, pela demora na defini\u00e7\u00e3o das \u00e1reas da Uni\u00e3o destinadas ao usufruto exclusivo ind\u00edgena.<\/p>\n<p>De acordo com a Constitui\u00e7\u00e3o Federal, em vigor desde 1988, a Uni\u00e3o deveria concluir a demarca\u00e7\u00e3o das terras ind\u00edgenas em at\u00e9 cinco anos de sua promulga\u00e7\u00e3o, ou seja, at\u00e9 1993.<\/p>\n<div class=\"dnd-widget-wrapper context-cheio_8colunas type-image\">\n<div class=\"dnd-atom-rendered\"><img decoding=\"async\" title=\"Fabio Rodrigues-Pozzebom\/ Ag\u00eancia Brasil\" src=\"https:\/\/imagens.ebc.com.br\/fUq8kFpkGKPz9losex4EV8KzqF0=\/754x0\/smart\/https:\/\/agenciabrasil.ebc.com.br\/sites\/default\/files\/thumbnails\/image\/2026\/04\/07\/pzzb0065.jpg?itok=mVbZ5rI3\" alt=\"Bras\u00edlia (DF) 07\/04\/2026 - Ind\u00edgenas de todo o pa\u00eds realizam marcha em Bras\u00edlia em defesa de seus direitos Foto: Fabio Rodrigues-Pozzebom\/ Ag\u00eancia Brasil\" \/><\/div>\n<div class=\"dnd-caption-wrapper\">\n<h6 class=\"meta\">Ind\u00edgenas de todo o pa\u00eds protestam em Bras\u00edlia em defesa de seus direitos &#8211; Foto:\u00a0<strong>Fabio Rodrigues-Pozzebom\/ Ag\u00eancia Brasil<\/strong><\/h6>\n<\/div>\n<\/div>\n<p><strong>\u201cA demarca\u00e7\u00e3o t\u00edmida de poucas terras ind\u00edgenas descumpre o compromisso pol\u00edtico de garantir todos os nossos territ\u00f3rios\u201d, apontam as entidades ind\u00edgenas.<\/strong><\/p>\n<p>Elas sustentam que a \u201comiss\u00e3o\u201d do Estado tem contribu\u00eddo para o clima de inseguran\u00e7a, com crescentes casos de viol\u00eancia; invas\u00f5es das \u00e1reas ind\u00edgenas homologadas, demarcadas ou reivindicadas, e explora\u00e7\u00e3o ilegal de recursos naturais.<\/p>\n<p>\u201cA Uni\u00e3o tem a obriga\u00e7\u00e3o de demarcar e proteger os territ\u00f3rios e as vidas ind\u00edgenas, al\u00e9m de garantir a consulta livre, pr\u00e9via e informada. Exigimos a\u00e7\u00e3o concreta para a regulariza\u00e7\u00e3o fundi\u00e1ria, a prote\u00e7\u00e3o territorial e o respeito \u00e0 autonomia e ao protagonismo dos nossos povos\u201d, defendem as entidades.<\/p>\n<p><strong>As organiza\u00e7\u00f5es ind\u00edgenas, no entanto, reconhecem avan\u00e7os, como a cria\u00e7\u00e3o do Minist\u00e9rio dos Povos Ind\u00edgenas e a homologa\u00e7\u00e3o de 20 terras ind\u00edgenas entre janeiro de 2023 e novembro de 2025, ap\u00f3s um hiato de quatro anos, de 2019 a 2022, sem a cria\u00e7\u00e3o de nenhuma nova \u00e1rea.<\/strong><\/p>\n<p>\u201cA presen\u00e7a ind\u00edgena nos espa\u00e7os institucionais avan\u00e7ou como resultado direto da nossa luta\u201d, destacam as organiza\u00e7\u00f5es, citando a presen\u00e7a de lideran\u00e7as hist\u00f3ricas do movimento \u00e0 frente de \u00f3rg\u00e3os respons\u00e1veis pela gest\u00e3o de pol\u00edticas p\u00fablicas, como o pr\u00f3prio Minist\u00e9rio dos Povos Ind\u00edgenas e a Funda\u00e7\u00e3o Nacional dos Povos Ind\u00edgenas (Funai), e o crescente n\u00famero de representantes do segmento no Congresso Nacional, assembleias estaduais e c\u00e2maras municipais.<\/p>\n<p>\u201c[Mesmo assim] Nossos inimigos hist\u00f3ricos avan\u00e7am por diferentes caminhos, praticando crimes para reduzir nossos direitos origin\u00e1rios. Buscam travar as demarca\u00e7\u00f5es das terras ind\u00edgenas e afrouxar as regras do licenciamento ambiental, abrindo espa\u00e7o para empreendimentos como minera\u00e7\u00e3o, ferrovias, hidrovias, hidrel\u00e9tricas, estradas, linhas de transmiss\u00e3o, entre outros\u201d, denunciam.<\/p>\n<p><a href=\"https:\/\/www.whatsapp.com\/channel\/0029VaoRTgrInlqYLSk59B2M\" target=\"_blank\" rel=\"noopener\">&gt;&gt; Siga o canal da\u00a0<strong>Ag\u00eancia Brasil\u00a0<\/strong>no WhatsApp<\/a><\/p>\n<p><strong>Considerado a maior e mais importante mobiliza\u00e7\u00e3o do movimento ind\u00edgena no Brasil, o Acampamento Terra Livre come\u00e7ou no domingo e segue at\u00e9 s\u00e1bado (11), no Eixo Cultural Ibero-Americano, na regi\u00e3o central de Bras\u00edlia.<\/strong><\/p>\n<p>A expectativa dos organizadores \u00e9 que entre 7 mil e 8 mil pessoas, entre ind\u00edgenas e n\u00e3o ind\u00edgenas, participem do evento.<\/p>\n<div class=\"dnd-widget-wrapper context-cheio_8colunas type-image\">\n<div class=\"dnd-atom-rendered\"><img decoding=\"async\" title=\"Fabio Rodrigues-Pozzebom\/ Ag\u00eancia Brasil\" src=\"https:\/\/imagens.ebc.com.br\/t4C66ESOU5whar6gV9tnSjLC7d4=\/754x0\/smart\/https:\/\/agenciabrasil.ebc.com.br\/sites\/default\/files\/thumbnails\/image\/2026\/04\/07\/pzzb9390.jpg?itok=N-j_wTBu\" alt=\"Bras\u00edlia (DF) 07\/04\/2026 - Ind\u00edgenas de todo o pa\u00eds realizam marcha em Bras\u00edlia em defesa de seus direitos Foto: Fabio Rodrigues-Pozzebom\/ Ag\u00eancia Brasil\" \/><\/div>\n<div class=\"dnd-caption-wrapper\">\n<h6 class=\"meta\">Ind\u00edgenas de todo o pa\u00eds participam, em Bras\u00edlia, do Acampamento Terra Livre &#8211; Foto:\u00a0<strong>Fabio Rodrigues-Pozzebom\/ Ag\u00eancia Brasil<\/strong><\/h6>\n<\/div>\n<\/div>\n<h2>Nova pol\u00edtica<\/h2>\n<p>Em nota \u00e0\u00a0<strong>Ag\u00eancia Brasil<\/strong>, o Minist\u00e9rio dos Povos Ind\u00edgenas (MPI) destacou que a cria\u00e7\u00e3o da pasta, em 2023, fez com que ind\u00edgenas ocupassem cargos estrat\u00e9gicos e decis\u00f3rios, conforme o pr\u00f3prio movimento reconheceu.<\/p>\n<p><strong>&#8220;A cria\u00e7\u00e3o do MPI foi uma ruptura da vis\u00e3o tutelar que h\u00e1 d\u00e9cadas orientou a pol\u00edtica indigenista&#8221;, afirma o minist\u00e9rio.<\/strong><\/p>\n<p>Ainda segundo o minist\u00e9rio, as decis\u00f5es sobre os direitos e as necessidades dos mais de 391 povos ind\u00edgenas brasileiros passaram a ser tomadas por pessoas que conhecem e entendem as demandas e os desafios.<\/p>\n<p>&#8220;As a\u00e7\u00f5es do MPI nos \u00faltimos tr\u00eas anos foram relevantes para recuperar direitos e pol\u00edticas desmanteladas na d\u00e9cada anterior \u00e0 atual gest\u00e3o&#8221;, ressalta.<\/p>\n<p><strong>A pasta refor\u00e7a que, entre as principais a\u00e7\u00f5es dos \u00faltimos quatro anos para garantir os direitos e a seguran\u00e7a dos povos origin\u00e1rios est\u00e1 a homologa\u00e7\u00e3o de 20 territ\u00f3rios ind\u00edgenas, o que equivale a cerca de 2,5 milh\u00f5es de hectares de terras protegidas em 11 unidades federativas.<\/strong><\/p>\n<p>By: miradouronoticias.com.br\/ ag\u00eancia Brasil<\/p>\n<\/div>\n<\/div>\n<\/div>\n<\/div>\n<\/div>\n<\/div>\n<p><\/main><\/p>\n","protected":false},"excerpt":{"rendered":"<p>&nbsp; Em carta de abertura do Acampamento Terra Livre, em Bras\u00edlia, organiza\u00e7\u00f5es ind\u00edgenas acusam o Congresso Nacional de tratar os direitos constitucionais dos povos origin\u00e1rios como \u201cmoeda de troca\u201d em negocia\u00e7\u00f5es com setores privados, sobretudo do agroneg\u00f3cio e da minera\u00e7\u00e3o. \u201cRepudiamos que o Congresso Nacional funcione como uma m\u00e1quina de retrocesso, atuando como inimigo dos [&hellip;]<\/p>\n","protected":false},"author":4,"featured_media":32573,"comment_status":"open","ping_status":"closed","sticky":false,"template":"","format":"standard","meta":{"footnotes":""},"categories":[1],"tags":[],"class_list":["post-32572","post","type-post","status-publish","format-standard","has-post-thumbnail","hentry","category-destaque-principal"],"yoast_head":"<!-- This site is optimized with the Yoast SEO plugin v27.2 - https:\/\/yoast.com\/product\/yoast-seo-wordpress\/ -->\n<title>Organiza\u00e7\u00f5es acusam Congresso de desrespeitar direitos dos ind\u00edgenas - Miradouro Not\u00edcias<\/title>\n<meta name=\"robots\" content=\"index, follow, max-snippet:-1, max-image-preview:large, max-video-preview:-1\" \/>\n<link rel=\"canonical\" href=\"https:\/\/miradouronoticias.com\/site\/2026\/04\/08\/organizacoes-acusam-congresso-de-desrespeitar-direitos-dos-indigenas\/\" \/>\n<meta property=\"og:locale\" content=\"pt_BR\" \/>\n<meta property=\"og:type\" content=\"article\" \/>\n<meta property=\"og:title\" content=\"Organiza\u00e7\u00f5es acusam Congresso de desrespeitar direitos dos ind\u00edgenas - Miradouro Not\u00edcias\" \/>\n<meta property=\"og:description\" content=\"&nbsp; Em carta de abertura do Acampamento Terra Livre, em Bras\u00edlia, organiza\u00e7\u00f5es ind\u00edgenas acusam o Congresso Nacional de tratar os direitos constitucionais dos povos origin\u00e1rios como \u201cmoeda de troca\u201d em negocia\u00e7\u00f5es com setores privados, sobretudo do agroneg\u00f3cio e da minera\u00e7\u00e3o. \u201cRepudiamos que o Congresso Nacional funcione como uma m\u00e1quina de retrocesso, atuando como inimigo dos [&hellip;]\" \/>\n<meta property=\"og:url\" content=\"https:\/\/miradouronoticias.com\/site\/2026\/04\/08\/organizacoes-acusam-congresso-de-desrespeitar-direitos-dos-indigenas\/\" \/>\n<meta property=\"og:site_name\" content=\"Miradouro Not\u00edcias\" \/>\n<meta property=\"article:published_time\" content=\"2026-04-08T08:48:58+00:00\" \/>\n<meta property=\"og:image\" content=\"https:\/\/miradouronoticias.com\/site\/wp-content\/uploads\/2026\/04\/pzzb9388.webp\" \/>\n\t<meta property=\"og:image:width\" content=\"1170\" \/>\n\t<meta property=\"og:image:height\" content=\"700\" \/>\n\t<meta property=\"og:image:type\" content=\"image\/webp\" \/>\n<meta name=\"author\" content=\"Cl\u00e1udia Olyver\" \/>\n<meta name=\"twitter:card\" content=\"summary_large_image\" \/>\n<meta name=\"twitter:label1\" content=\"Escrito por\" \/>\n\t<meta name=\"twitter:data1\" content=\"Cl\u00e1udia Olyver\" \/>\n\t<meta name=\"twitter:label2\" content=\"Est. tempo de leitura\" \/>\n\t<meta name=\"twitter:data2\" content=\"6 minutos\" \/>\n<script type=\"application\/ld+json\" class=\"yoast-schema-graph\">{\"@context\":\"https:\/\/schema.org\",\"@graph\":[{\"@type\":\"Article\",\"@id\":\"https:\/\/miradouronoticias.com\/site\/2026\/04\/08\/organizacoes-acusam-congresso-de-desrespeitar-direitos-dos-indigenas\/#article\",\"isPartOf\":{\"@id\":\"https:\/\/miradouronoticias.com\/site\/2026\/04\/08\/organizacoes-acusam-congresso-de-desrespeitar-direitos-dos-indigenas\/\"},\"author\":{\"name\":\"Cl\u00e1udia Olyver\",\"@id\":\"https:\/\/miradouronoticias.com\/site\/#\/schema\/person\/73440d8c82222950df86f3e1a16aad3b\"},\"headline\":\"Organiza\u00e7\u00f5es acusam Congresso de desrespeitar direitos dos ind\u00edgenas\",\"datePublished\":\"2026-04-08T08:48:58+00:00\",\"mainEntityOfPage\":{\"@id\":\"https:\/\/miradouronoticias.com\/site\/2026\/04\/08\/organizacoes-acusam-congresso-de-desrespeitar-direitos-dos-indigenas\/\"},\"wordCount\":894,\"commentCount\":0,\"publisher\":{\"@id\":\"https:\/\/miradouronoticias.com\/site\/#organization\"},\"image\":{\"@id\":\"https:\/\/miradouronoticias.com\/site\/2026\/04\/08\/organizacoes-acusam-congresso-de-desrespeitar-direitos-dos-indigenas\/#primaryimage\"},\"thumbnailUrl\":\"https:\/\/miradouronoticias.com\/site\/wp-content\/uploads\/2026\/04\/pzzb9388.webp\",\"articleSection\":[\"Destaque Principal\"],\"inLanguage\":\"pt-BR\",\"potentialAction\":[{\"@type\":\"CommentAction\",\"name\":\"Comment\",\"target\":[\"https:\/\/miradouronoticias.com\/site\/2026\/04\/08\/organizacoes-acusam-congresso-de-desrespeitar-direitos-dos-indigenas\/#respond\"]}]},{\"@type\":\"WebPage\",\"@id\":\"https:\/\/miradouronoticias.com\/site\/2026\/04\/08\/organizacoes-acusam-congresso-de-desrespeitar-direitos-dos-indigenas\/\",\"url\":\"https:\/\/miradouronoticias.com\/site\/2026\/04\/08\/organizacoes-acusam-congresso-de-desrespeitar-direitos-dos-indigenas\/\",\"name\":\"Organiza\u00e7\u00f5es acusam Congresso de desrespeitar direitos dos ind\u00edgenas - Miradouro Not\u00edcias\",\"isPartOf\":{\"@id\":\"https:\/\/miradouronoticias.com\/site\/#website\"},\"primaryImageOfPage\":{\"@id\":\"https:\/\/miradouronoticias.com\/site\/2026\/04\/08\/organizacoes-acusam-congresso-de-desrespeitar-direitos-dos-indigenas\/#primaryimage\"},\"image\":{\"@id\":\"https:\/\/miradouronoticias.com\/site\/2026\/04\/08\/organizacoes-acusam-congresso-de-desrespeitar-direitos-dos-indigenas\/#primaryimage\"},\"thumbnailUrl\":\"https:\/\/miradouronoticias.com\/site\/wp-content\/uploads\/2026\/04\/pzzb9388.webp\",\"datePublished\":\"2026-04-08T08:48:58+00:00\",\"breadcrumb\":{\"@id\":\"https:\/\/miradouronoticias.com\/site\/2026\/04\/08\/organizacoes-acusam-congresso-de-desrespeitar-direitos-dos-indigenas\/#breadcrumb\"},\"inLanguage\":\"pt-BR\",\"potentialAction\":[{\"@type\":\"ReadAction\",\"target\":[\"https:\/\/miradouronoticias.com\/site\/2026\/04\/08\/organizacoes-acusam-congresso-de-desrespeitar-direitos-dos-indigenas\/\"]}]},{\"@type\":\"ImageObject\",\"inLanguage\":\"pt-BR\",\"@id\":\"https:\/\/miradouronoticias.com\/site\/2026\/04\/08\/organizacoes-acusam-congresso-de-desrespeitar-direitos-dos-indigenas\/#primaryimage\",\"url\":\"https:\/\/miradouronoticias.com\/site\/wp-content\/uploads\/2026\/04\/pzzb9388.webp\",\"contentUrl\":\"https:\/\/miradouronoticias.com\/site\/wp-content\/uploads\/2026\/04\/pzzb9388.webp\",\"width\":1170,\"height\":700},{\"@type\":\"BreadcrumbList\",\"@id\":\"https:\/\/miradouronoticias.com\/site\/2026\/04\/08\/organizacoes-acusam-congresso-de-desrespeitar-direitos-dos-indigenas\/#breadcrumb\",\"itemListElement\":[{\"@type\":\"ListItem\",\"position\":1,\"name\":\"In\u00edcio\",\"item\":\"https:\/\/miradouronoticias.com\/site\/\"},{\"@type\":\"ListItem\",\"position\":2,\"name\":\"Organiza\u00e7\u00f5es acusam Congresso de desrespeitar direitos dos ind\u00edgenas\"}]},{\"@type\":\"WebSite\",\"@id\":\"https:\/\/miradouronoticias.com\/site\/#website\",\"url\":\"https:\/\/miradouronoticias.com\/site\/\",\"name\":\"Miradouro Not\u00edcias\",\"description\":\"Informa\u00e7\u00f5es da cidade e regi\u00e3o\",\"publisher\":{\"@id\":\"https:\/\/miradouronoticias.com\/site\/#organization\"},\"potentialAction\":[{\"@type\":\"SearchAction\",\"target\":{\"@type\":\"EntryPoint\",\"urlTemplate\":\"https:\/\/miradouronoticias.com\/site\/?s={search_term_string}\"},\"query-input\":{\"@type\":\"PropertyValueSpecification\",\"valueRequired\":true,\"valueName\":\"search_term_string\"}}],\"inLanguage\":\"pt-BR\"},{\"@type\":\"Organization\",\"@id\":\"https:\/\/miradouronoticias.com\/site\/#organization\",\"name\":\"Miradouro Not\u00edcias\",\"url\":\"https:\/\/miradouronoticias.com\/site\/\",\"logo\":{\"@type\":\"ImageObject\",\"inLanguage\":\"pt-BR\",\"@id\":\"https:\/\/miradouronoticias.com\/site\/#\/schema\/logo\/image\/\",\"url\":\"https:\/\/miradouronoticias.com\/site\/wp-content\/uploads\/2022\/01\/logomarcamiradouronoticias.png\",\"contentUrl\":\"https:\/\/miradouronoticias.com\/site\/wp-content\/uploads\/2022\/01\/logomarcamiradouronoticias.png\",\"width\":747,\"height\":263,\"caption\":\"Miradouro Not\u00edcias\"},\"image\":{\"@id\":\"https:\/\/miradouronoticias.com\/site\/#\/schema\/logo\/image\/\"}},{\"@type\":\"Person\",\"@id\":\"https:\/\/miradouronoticias.com\/site\/#\/schema\/person\/73440d8c82222950df86f3e1a16aad3b\",\"name\":\"Cl\u00e1udia Olyver\",\"sameAs\":[\"http:\/\/www.miradouronoticias.com\"],\"url\":\"https:\/\/miradouronoticias.com\/site\/author\/claudia\/\"}]}<\/script>\n<!-- \/ Yoast SEO plugin. -->","yoast_head_json":{"title":"Organiza\u00e7\u00f5es acusam Congresso de desrespeitar direitos dos ind\u00edgenas - Miradouro Not\u00edcias","robots":{"index":"index","follow":"follow","max-snippet":"max-snippet:-1","max-image-preview":"max-image-preview:large","max-video-preview":"max-video-preview:-1"},"canonical":"https:\/\/miradouronoticias.com\/site\/2026\/04\/08\/organizacoes-acusam-congresso-de-desrespeitar-direitos-dos-indigenas\/","og_locale":"pt_BR","og_type":"article","og_title":"Organiza\u00e7\u00f5es acusam Congresso de desrespeitar direitos dos ind\u00edgenas - Miradouro Not\u00edcias","og_description":"&nbsp; Em carta de abertura do Acampamento Terra Livre, em Bras\u00edlia, organiza\u00e7\u00f5es ind\u00edgenas acusam o Congresso Nacional de tratar os direitos constitucionais dos povos origin\u00e1rios como \u201cmoeda de troca\u201d em negocia\u00e7\u00f5es com setores privados, sobretudo do agroneg\u00f3cio e da minera\u00e7\u00e3o. \u201cRepudiamos que o Congresso Nacional funcione como uma m\u00e1quina de retrocesso, atuando como inimigo dos [&hellip;]","og_url":"https:\/\/miradouronoticias.com\/site\/2026\/04\/08\/organizacoes-acusam-congresso-de-desrespeitar-direitos-dos-indigenas\/","og_site_name":"Miradouro Not\u00edcias","article_published_time":"2026-04-08T08:48:58+00:00","og_image":[{"width":1170,"height":700,"url":"https:\/\/miradouronoticias.com\/site\/wp-content\/uploads\/2026\/04\/pzzb9388.webp","type":"image\/webp"}],"author":"Cl\u00e1udia Olyver","twitter_card":"summary_large_image","twitter_misc":{"Escrito por":"Cl\u00e1udia Olyver","Est. tempo de leitura":"6 minutos"},"schema":{"@context":"https:\/\/schema.org","@graph":[{"@type":"Article","@id":"https:\/\/miradouronoticias.com\/site\/2026\/04\/08\/organizacoes-acusam-congresso-de-desrespeitar-direitos-dos-indigenas\/#article","isPartOf":{"@id":"https:\/\/miradouronoticias.com\/site\/2026\/04\/08\/organizacoes-acusam-congresso-de-desrespeitar-direitos-dos-indigenas\/"},"author":{"name":"Cl\u00e1udia Olyver","@id":"https:\/\/miradouronoticias.com\/site\/#\/schema\/person\/73440d8c82222950df86f3e1a16aad3b"},"headline":"Organiza\u00e7\u00f5es acusam Congresso de desrespeitar direitos dos ind\u00edgenas","datePublished":"2026-04-08T08:48:58+00:00","mainEntityOfPage":{"@id":"https:\/\/miradouronoticias.com\/site\/2026\/04\/08\/organizacoes-acusam-congresso-de-desrespeitar-direitos-dos-indigenas\/"},"wordCount":894,"commentCount":0,"publisher":{"@id":"https:\/\/miradouronoticias.com\/site\/#organization"},"image":{"@id":"https:\/\/miradouronoticias.com\/site\/2026\/04\/08\/organizacoes-acusam-congresso-de-desrespeitar-direitos-dos-indigenas\/#primaryimage"},"thumbnailUrl":"https:\/\/miradouronoticias.com\/site\/wp-content\/uploads\/2026\/04\/pzzb9388.webp","articleSection":["Destaque Principal"],"inLanguage":"pt-BR","potentialAction":[{"@type":"CommentAction","name":"Comment","target":["https:\/\/miradouronoticias.com\/site\/2026\/04\/08\/organizacoes-acusam-congresso-de-desrespeitar-direitos-dos-indigenas\/#respond"]}]},{"@type":"WebPage","@id":"https:\/\/miradouronoticias.com\/site\/2026\/04\/08\/organizacoes-acusam-congresso-de-desrespeitar-direitos-dos-indigenas\/","url":"https:\/\/miradouronoticias.com\/site\/2026\/04\/08\/organizacoes-acusam-congresso-de-desrespeitar-direitos-dos-indigenas\/","name":"Organiza\u00e7\u00f5es acusam Congresso de desrespeitar direitos dos ind\u00edgenas - Miradouro Not\u00edcias","isPartOf":{"@id":"https:\/\/miradouronoticias.com\/site\/#website"},"primaryImageOfPage":{"@id":"https:\/\/miradouronoticias.com\/site\/2026\/04\/08\/organizacoes-acusam-congresso-de-desrespeitar-direitos-dos-indigenas\/#primaryimage"},"image":{"@id":"https:\/\/miradouronoticias.com\/site\/2026\/04\/08\/organizacoes-acusam-congresso-de-desrespeitar-direitos-dos-indigenas\/#primaryimage"},"thumbnailUrl":"https:\/\/miradouronoticias.com\/site\/wp-content\/uploads\/2026\/04\/pzzb9388.webp","datePublished":"2026-04-08T08:48:58+00:00","breadcrumb":{"@id":"https:\/\/miradouronoticias.com\/site\/2026\/04\/08\/organizacoes-acusam-congresso-de-desrespeitar-direitos-dos-indigenas\/#breadcrumb"},"inLanguage":"pt-BR","potentialAction":[{"@type":"ReadAction","target":["https:\/\/miradouronoticias.com\/site\/2026\/04\/08\/organizacoes-acusam-congresso-de-desrespeitar-direitos-dos-indigenas\/"]}]},{"@type":"ImageObject","inLanguage":"pt-BR","@id":"https:\/\/miradouronoticias.com\/site\/2026\/04\/08\/organizacoes-acusam-congresso-de-desrespeitar-direitos-dos-indigenas\/#primaryimage","url":"https:\/\/miradouronoticias.com\/site\/wp-content\/uploads\/2026\/04\/pzzb9388.webp","contentUrl":"https:\/\/miradouronoticias.com\/site\/wp-content\/uploads\/2026\/04\/pzzb9388.webp","width":1170,"height":700},{"@type":"BreadcrumbList","@id":"https:\/\/miradouronoticias.com\/site\/2026\/04\/08\/organizacoes-acusam-congresso-de-desrespeitar-direitos-dos-indigenas\/#breadcrumb","itemListElement":[{"@type":"ListItem","position":1,"name":"In\u00edcio","item":"https:\/\/miradouronoticias.com\/site\/"},{"@type":"ListItem","position":2,"name":"Organiza\u00e7\u00f5es acusam Congresso de desrespeitar direitos dos ind\u00edgenas"}]},{"@type":"WebSite","@id":"https:\/\/miradouronoticias.com\/site\/#website","url":"https:\/\/miradouronoticias.com\/site\/","name":"Miradouro Not\u00edcias","description":"Informa\u00e7\u00f5es da cidade e regi\u00e3o","publisher":{"@id":"https:\/\/miradouronoticias.com\/site\/#organization"},"potentialAction":[{"@type":"SearchAction","target":{"@type":"EntryPoint","urlTemplate":"https:\/\/miradouronoticias.com\/site\/?s={search_term_string}"},"query-input":{"@type":"PropertyValueSpecification","valueRequired":true,"valueName":"search_term_string"}}],"inLanguage":"pt-BR"},{"@type":"Organization","@id":"https:\/\/miradouronoticias.com\/site\/#organization","name":"Miradouro Not\u00edcias","url":"https:\/\/miradouronoticias.com\/site\/","logo":{"@type":"ImageObject","inLanguage":"pt-BR","@id":"https:\/\/miradouronoticias.com\/site\/#\/schema\/logo\/image\/","url":"https:\/\/miradouronoticias.com\/site\/wp-content\/uploads\/2022\/01\/logomarcamiradouronoticias.png","contentUrl":"https:\/\/miradouronoticias.com\/site\/wp-content\/uploads\/2022\/01\/logomarcamiradouronoticias.png","width":747,"height":263,"caption":"Miradouro Not\u00edcias"},"image":{"@id":"https:\/\/miradouronoticias.com\/site\/#\/schema\/logo\/image\/"}},{"@type":"Person","@id":"https:\/\/miradouronoticias.com\/site\/#\/schema\/person\/73440d8c82222950df86f3e1a16aad3b","name":"Cl\u00e1udia Olyver","sameAs":["http:\/\/www.miradouronoticias.com"],"url":"https:\/\/miradouronoticias.com\/site\/author\/claudia\/"}]}},"_links":{"self":[{"href":"https:\/\/miradouronoticias.com\/site\/wp-json\/wp\/v2\/posts\/32572","targetHints":{"allow":["GET"]}}],"collection":[{"href":"https:\/\/miradouronoticias.com\/site\/wp-json\/wp\/v2\/posts"}],"about":[{"href":"https:\/\/miradouronoticias.com\/site\/wp-json\/wp\/v2\/types\/post"}],"author":[{"embeddable":true,"href":"https:\/\/miradouronoticias.com\/site\/wp-json\/wp\/v2\/users\/4"}],"replies":[{"embeddable":true,"href":"https:\/\/miradouronoticias.com\/site\/wp-json\/wp\/v2\/comments?post=32572"}],"version-history":[{"count":1,"href":"https:\/\/miradouronoticias.com\/site\/wp-json\/wp\/v2\/posts\/32572\/revisions"}],"predecessor-version":[{"id":32574,"href":"https:\/\/miradouronoticias.com\/site\/wp-json\/wp\/v2\/posts\/32572\/revisions\/32574"}],"wp:featuredmedia":[{"embeddable":true,"href":"https:\/\/miradouronoticias.com\/site\/wp-json\/wp\/v2\/media\/32573"}],"wp:attachment":[{"href":"https:\/\/miradouronoticias.com\/site\/wp-json\/wp\/v2\/media?parent=32572"}],"wp:term":[{"taxonomy":"category","embeddable":true,"href":"https:\/\/miradouronoticias.com\/site\/wp-json\/wp\/v2\/categories?post=32572"},{"taxonomy":"post_tag","embeddable":true,"href":"https:\/\/miradouronoticias.com\/site\/wp-json\/wp\/v2\/tags?post=32572"}],"curies":[{"name":"wp","href":"https:\/\/api.w.org\/{rel}","templated":true}]}}