{"id":32569,"date":"2026-04-08T05:42:04","date_gmt":"2026-04-08T08:42:04","guid":{"rendered":"https:\/\/miradouronoticias.com\/site\/?p=32569"},"modified":"2026-04-08T05:42:04","modified_gmt":"2026-04-08T08:42:04","slug":"governo-avalia-uso-do-fgts-para-quitar-dividas-diz-durigan","status":"publish","type":"post","link":"https:\/\/miradouronoticias.com\/site\/2026\/04\/08\/governo-avalia-uso-do-fgts-para-quitar-dividas-diz-durigan\/","title":{"rendered":"Governo avalia uso do FGTS para quitar d\u00edvidas, diz Durigan"},"content":{"rendered":"<p><img loading=\"lazy\" decoding=\"async\" class=\"alignnone size-medium wp-image-32570\" src=\"https:\/\/miradouronoticias.com\/site\/wp-content\/uploads\/2026\/04\/dario_durigan_ministro_da_fazenda-300x179.webp\" alt=\"\" width=\"300\" height=\"179\" srcset=\"https:\/\/miradouronoticias.com\/site\/wp-content\/uploads\/2026\/04\/dario_durigan_ministro_da_fazenda-300x179.webp 300w, https:\/\/miradouronoticias.com\/site\/wp-content\/uploads\/2026\/04\/dario_durigan_ministro_da_fazenda-1024x613.webp 1024w, https:\/\/miradouronoticias.com\/site\/wp-content\/uploads\/2026\/04\/dario_durigan_ministro_da_fazenda-768x459.webp 768w, https:\/\/miradouronoticias.com\/site\/wp-content\/uploads\/2026\/04\/dario_durigan_ministro_da_fazenda.webp 1170w\" sizes=\"auto, (max-width: 300px) 100vw, 300px\" \/><\/p>\n<p><strong>A equipe econ\u00f4mica avalia permitir o uso do Fundo de Garantia do Tempo de Servi\u00e7o (FGTS) para quita\u00e7\u00e3o de d\u00edvidas, como parte de um novo pacote de cr\u00e9dito em elabora\u00e7\u00e3o.<\/strong>\u00a0<strong>A informa\u00e7\u00e3o foi confirmada nesta ter\u00e7a-feira (7) pelo ministro da Fazenda, Dario Durigan.<\/strong><img decoding=\"async\" src=\"https:\/\/agenciabrasil.ebc.com.br\/ebc.png?id=1685061&amp;o=node\" \/><img decoding=\"async\" src=\"https:\/\/agenciabrasil.ebc.com.br\/ebc.gif?id=1685061&amp;o=node\" \/><\/p>\n<p>Segundo o ministro, a proposta est\u00e1 em discuss\u00e3o conjunta com o Minist\u00e9rio do Trabalho e Emprego, comandado por Luiz Marinho, que demonstra preocupa\u00e7\u00e3o com poss\u00edveis impactos sobre o fundo.<\/p>\n<p>Durigan afirmou que o uso do FGTS ainda est\u00e1 em an\u00e1lise e n\u00e3o h\u00e1 defini\u00e7\u00e3o sobre o formato da medida.\u00a0<strong>\u201cSe acharmos que \u00e9 razo\u00e1vel para financiamento de d\u00edvidas, isso vai ser admitido\u201d, disse, ap\u00f3s reuni\u00e3o com parlamentares do PT na C\u00e2mara.<\/strong><\/p>\n<p><a href=\"https:\/\/www.whatsapp.com\/channel\/0029VaoRTgrInlqYLSk59B2M\" target=\"_blank\" rel=\"noopener\">&gt;&gt; Siga o canal da<strong>\u00a0Ag\u00eancia Brasil\u00a0<\/strong>no WhatsApp<\/a><\/p>\n<h2>Pacote contra endividamento<\/h2>\n<p>O plano em estudo pelo governo do presidente Luiz In\u00e1cio Lula da Silva tem como foco reduzir o endividamento das fam\u00edlias e ampliar o acesso ao cr\u00e9dito. A\u00a0<strong>proposta deve atender principalmente pessoas de baixa renda, trabalhadores informais, microempreendedores individuais (MEIs) e pequenas empresas.<\/strong><\/p>\n<p>Entre as medidas analisadas est\u00e1 a concess\u00e3o de garantia da Uni\u00e3o para renegocia\u00e7\u00e3o de d\u00edvidas, o que pode facilitar a\u00a0<strong>obten\u00e7\u00e3o de melhores condi\u00e7\u00f5es de pagamento, como juros mais baixos.<\/strong><\/p>\n<p><strong>O programa tamb\u00e9m pode prever descontos de at\u00e9 80% sobre o valor total das d\u00edvidas, al\u00e9m de incluir d\u00e9bitos como cart\u00e3o de cr\u00e9dito, cheque especial e cr\u00e9dito pessoal.<\/strong><\/p>\n<h2>Restri\u00e7\u00f5es e alcance<\/h2>\n<p>Outra frente em discuss\u00e3o \u00e9 a cria\u00e7\u00e3o de restri\u00e7\u00f5es para apostas\u00a0<em>online<\/em>\u00a0(<em>bets<\/em>) para benefici\u00e1rios do programa, como forma de evitar novo endividamento.<\/p>\n<p><strong>A proposta tamb\u00e9m deve contemplar pessoas com contas em dia, mas com alto comprometimento da renda, permitindo a migra\u00e7\u00e3o para linhas de cr\u00e9dito mais baratas.<\/strong><\/p>\n<p>Apesar do avan\u00e7o nas discuss\u00f5es, o pacote ainda n\u00e3o foi fechado.\u00a0<strong>A expectativa do governo \u00e9 anunciar as medidas nos pr\u00f3ximos dias.<\/strong><\/p>\n<h2>Inadimpl\u00eancia<\/h2>\n<p>O debate ocorre em meio a um cen\u00e1rio de alto endividamento no pa\u00eds.\u00a0<strong>Dados recentes apontam que mais de 80% das fam\u00edlias brasileiras t\u00eam algum tipo de d\u00edvida, sendo que quase um ter\u00e7o est\u00e1 com pagamentos em atraso.<\/strong><\/p>\n<p>O governo tem dialogado com bancos,\u00a0<em>fintechs<\/em>\u00a0e institui\u00e7\u00f5es financeiras para viabilizar o programa, que deve ter formato mais simples do que iniciativas anteriores de renegocia\u00e7\u00e3o.<\/p>\n<p>By: miradouronoticias.com.br\/ ag\u00eancia Brasil<\/p>\n","protected":false},"excerpt":{"rendered":"<p>A equipe econ\u00f4mica avalia permitir o uso do Fundo de Garantia do Tempo de Servi\u00e7o (FGTS) para quita\u00e7\u00e3o de d\u00edvidas, como parte de um novo pacote de cr\u00e9dito em elabora\u00e7\u00e3o.\u00a0A informa\u00e7\u00e3o foi confirmada nesta ter\u00e7a-feira (7) pelo ministro da Fazenda, Dario Durigan. Segundo o ministro, a proposta est\u00e1 em discuss\u00e3o conjunta com o Minist\u00e9rio do [&hellip;]<\/p>\n","protected":false},"author":4,"featured_media":32570,"comment_status":"open","ping_status":"closed","sticky":false,"template":"","format":"standard","meta":{"footnotes":""},"categories":[1,29],"tags":[],"class_list":["post-32569","post","type-post","status-publish","format-standard","has-post-thumbnail","hentry","category-destaque-principal","category-economia"],"yoast_head":"<!-- This site is optimized with the Yoast SEO plugin v27.2 - https:\/\/yoast.com\/product\/yoast-seo-wordpress\/ -->\n<title>Governo avalia uso do FGTS para quitar d\u00edvidas, diz Durigan - Miradouro Not\u00edcias<\/title>\n<meta name=\"robots\" content=\"index, follow, max-snippet:-1, max-image-preview:large, max-video-preview:-1\" \/>\n<link rel=\"canonical\" href=\"https:\/\/miradouronoticias.com\/site\/2026\/04\/08\/governo-avalia-uso-do-fgts-para-quitar-dividas-diz-durigan\/\" \/>\n<meta property=\"og:locale\" content=\"pt_BR\" \/>\n<meta property=\"og:type\" content=\"article\" \/>\n<meta property=\"og:title\" content=\"Governo avalia uso do FGTS para quitar d\u00edvidas, diz Durigan - Miradouro Not\u00edcias\" \/>\n<meta property=\"og:description\" content=\"A equipe econ\u00f4mica avalia permitir o uso do Fundo de Garantia do Tempo de Servi\u00e7o (FGTS) para quita\u00e7\u00e3o de d\u00edvidas, como parte de um novo pacote de cr\u00e9dito em elabora\u00e7\u00e3o.\u00a0A informa\u00e7\u00e3o foi confirmada nesta ter\u00e7a-feira (7) pelo ministro da Fazenda, Dario Durigan. Segundo o ministro, a proposta est\u00e1 em discuss\u00e3o conjunta com o Minist\u00e9rio do [&hellip;]\" \/>\n<meta property=\"og:url\" content=\"https:\/\/miradouronoticias.com\/site\/2026\/04\/08\/governo-avalia-uso-do-fgts-para-quitar-dividas-diz-durigan\/\" \/>\n<meta property=\"og:site_name\" content=\"Miradouro Not\u00edcias\" \/>\n<meta property=\"article:published_time\" content=\"2026-04-08T08:42:04+00:00\" \/>\n<meta property=\"og:image\" content=\"https:\/\/miradouronoticias.com\/site\/wp-content\/uploads\/2026\/04\/dario_durigan_ministro_da_fazenda.webp\" \/>\n\t<meta property=\"og:image:width\" content=\"1170\" \/>\n\t<meta property=\"og:image:height\" content=\"700\" \/>\n\t<meta property=\"og:image:type\" content=\"image\/webp\" \/>\n<meta name=\"author\" content=\"Cl\u00e1udia Olyver\" \/>\n<meta name=\"twitter:card\" content=\"summary_large_image\" \/>\n<meta name=\"twitter:label1\" content=\"Escrito por\" \/>\n\t<meta name=\"twitter:data1\" content=\"Cl\u00e1udia Olyver\" \/>\n\t<meta name=\"twitter:label2\" content=\"Est. tempo de leitura\" \/>\n\t<meta name=\"twitter:data2\" content=\"3 minutos\" \/>\n<script type=\"application\/ld+json\" class=\"yoast-schema-graph\">{\"@context\":\"https:\/\/schema.org\",\"@graph\":[{\"@type\":\"Article\",\"@id\":\"https:\/\/miradouronoticias.com\/site\/2026\/04\/08\/governo-avalia-uso-do-fgts-para-quitar-dividas-diz-durigan\/#article\",\"isPartOf\":{\"@id\":\"https:\/\/miradouronoticias.com\/site\/2026\/04\/08\/governo-avalia-uso-do-fgts-para-quitar-dividas-diz-durigan\/\"},\"author\":{\"name\":\"Cl\u00e1udia Olyver\",\"@id\":\"https:\/\/miradouronoticias.com\/site\/#\/schema\/person\/73440d8c82222950df86f3e1a16aad3b\"},\"headline\":\"Governo avalia uso do FGTS para quitar d\u00edvidas, diz Durigan\",\"datePublished\":\"2026-04-08T08:42:04+00:00\",\"mainEntityOfPage\":{\"@id\":\"https:\/\/miradouronoticias.com\/site\/2026\/04\/08\/governo-avalia-uso-do-fgts-para-quitar-dividas-diz-durigan\/\"},\"wordCount\":437,\"commentCount\":0,\"publisher\":{\"@id\":\"https:\/\/miradouronoticias.com\/site\/#organization\"},\"image\":{\"@id\":\"https:\/\/miradouronoticias.com\/site\/2026\/04\/08\/governo-avalia-uso-do-fgts-para-quitar-dividas-diz-durigan\/#primaryimage\"},\"thumbnailUrl\":\"https:\/\/miradouronoticias.com\/site\/wp-content\/uploads\/2026\/04\/dario_durigan_ministro_da_fazenda.webp\",\"articleSection\":[\"Destaque Principal\",\"Economia\"],\"inLanguage\":\"pt-BR\",\"potentialAction\":[{\"@type\":\"CommentAction\",\"name\":\"Comment\",\"target\":[\"https:\/\/miradouronoticias.com\/site\/2026\/04\/08\/governo-avalia-uso-do-fgts-para-quitar-dividas-diz-durigan\/#respond\"]}]},{\"@type\":\"WebPage\",\"@id\":\"https:\/\/miradouronoticias.com\/site\/2026\/04\/08\/governo-avalia-uso-do-fgts-para-quitar-dividas-diz-durigan\/\",\"url\":\"https:\/\/miradouronoticias.com\/site\/2026\/04\/08\/governo-avalia-uso-do-fgts-para-quitar-dividas-diz-durigan\/\",\"name\":\"Governo avalia uso do FGTS para quitar d\u00edvidas, diz Durigan - Miradouro Not\u00edcias\",\"isPartOf\":{\"@id\":\"https:\/\/miradouronoticias.com\/site\/#website\"},\"primaryImageOfPage\":{\"@id\":\"https:\/\/miradouronoticias.com\/site\/2026\/04\/08\/governo-avalia-uso-do-fgts-para-quitar-dividas-diz-durigan\/#primaryimage\"},\"image\":{\"@id\":\"https:\/\/miradouronoticias.com\/site\/2026\/04\/08\/governo-avalia-uso-do-fgts-para-quitar-dividas-diz-durigan\/#primaryimage\"},\"thumbnailUrl\":\"https:\/\/miradouronoticias.com\/site\/wp-content\/uploads\/2026\/04\/dario_durigan_ministro_da_fazenda.webp\",\"datePublished\":\"2026-04-08T08:42:04+00:00\",\"breadcrumb\":{\"@id\":\"https:\/\/miradouronoticias.com\/site\/2026\/04\/08\/governo-avalia-uso-do-fgts-para-quitar-dividas-diz-durigan\/#breadcrumb\"},\"inLanguage\":\"pt-BR\",\"potentialAction\":[{\"@type\":\"ReadAction\",\"target\":[\"https:\/\/miradouronoticias.com\/site\/2026\/04\/08\/governo-avalia-uso-do-fgts-para-quitar-dividas-diz-durigan\/\"]}]},{\"@type\":\"ImageObject\",\"inLanguage\":\"pt-BR\",\"@id\":\"https:\/\/miradouronoticias.com\/site\/2026\/04\/08\/governo-avalia-uso-do-fgts-para-quitar-dividas-diz-durigan\/#primaryimage\",\"url\":\"https:\/\/miradouronoticias.com\/site\/wp-content\/uploads\/2026\/04\/dario_durigan_ministro_da_fazenda.webp\",\"contentUrl\":\"https:\/\/miradouronoticias.com\/site\/wp-content\/uploads\/2026\/04\/dario_durigan_ministro_da_fazenda.webp\",\"width\":1170,\"height\":700},{\"@type\":\"BreadcrumbList\",\"@id\":\"https:\/\/miradouronoticias.com\/site\/2026\/04\/08\/governo-avalia-uso-do-fgts-para-quitar-dividas-diz-durigan\/#breadcrumb\",\"itemListElement\":[{\"@type\":\"ListItem\",\"position\":1,\"name\":\"In\u00edcio\",\"item\":\"https:\/\/miradouronoticias.com\/site\/\"},{\"@type\":\"ListItem\",\"position\":2,\"name\":\"Governo avalia uso do FGTS para quitar d\u00edvidas, diz Durigan\"}]},{\"@type\":\"WebSite\",\"@id\":\"https:\/\/miradouronoticias.com\/site\/#website\",\"url\":\"https:\/\/miradouronoticias.com\/site\/\",\"name\":\"Miradouro Not\u00edcias\",\"description\":\"Informa\u00e7\u00f5es da cidade e regi\u00e3o\",\"publisher\":{\"@id\":\"https:\/\/miradouronoticias.com\/site\/#organization\"},\"potentialAction\":[{\"@type\":\"SearchAction\",\"target\":{\"@type\":\"EntryPoint\",\"urlTemplate\":\"https:\/\/miradouronoticias.com\/site\/?s={search_term_string}\"},\"query-input\":{\"@type\":\"PropertyValueSpecification\",\"valueRequired\":true,\"valueName\":\"search_term_string\"}}],\"inLanguage\":\"pt-BR\"},{\"@type\":\"Organization\",\"@id\":\"https:\/\/miradouronoticias.com\/site\/#organization\",\"name\":\"Miradouro Not\u00edcias\",\"url\":\"https:\/\/miradouronoticias.com\/site\/\",\"logo\":{\"@type\":\"ImageObject\",\"inLanguage\":\"pt-BR\",\"@id\":\"https:\/\/miradouronoticias.com\/site\/#\/schema\/logo\/image\/\",\"url\":\"https:\/\/miradouronoticias.com\/site\/wp-content\/uploads\/2022\/01\/logomarcamiradouronoticias.png\",\"contentUrl\":\"https:\/\/miradouronoticias.com\/site\/wp-content\/uploads\/2022\/01\/logomarcamiradouronoticias.png\",\"width\":747,\"height\":263,\"caption\":\"Miradouro Not\u00edcias\"},\"image\":{\"@id\":\"https:\/\/miradouronoticias.com\/site\/#\/schema\/logo\/image\/\"}},{\"@type\":\"Person\",\"@id\":\"https:\/\/miradouronoticias.com\/site\/#\/schema\/person\/73440d8c82222950df86f3e1a16aad3b\",\"name\":\"Cl\u00e1udia Olyver\",\"sameAs\":[\"http:\/\/www.miradouronoticias.com\"],\"url\":\"https:\/\/miradouronoticias.com\/site\/author\/claudia\/\"}]}<\/script>\n<!-- \/ Yoast SEO plugin. -->","yoast_head_json":{"title":"Governo avalia uso do FGTS para quitar d\u00edvidas, diz Durigan - Miradouro Not\u00edcias","robots":{"index":"index","follow":"follow","max-snippet":"max-snippet:-1","max-image-preview":"max-image-preview:large","max-video-preview":"max-video-preview:-1"},"canonical":"https:\/\/miradouronoticias.com\/site\/2026\/04\/08\/governo-avalia-uso-do-fgts-para-quitar-dividas-diz-durigan\/","og_locale":"pt_BR","og_type":"article","og_title":"Governo avalia uso do FGTS para quitar d\u00edvidas, diz Durigan - Miradouro Not\u00edcias","og_description":"A equipe econ\u00f4mica avalia permitir o uso do Fundo de Garantia do Tempo de Servi\u00e7o (FGTS) para quita\u00e7\u00e3o de d\u00edvidas, como parte de um novo pacote de cr\u00e9dito em elabora\u00e7\u00e3o.\u00a0A informa\u00e7\u00e3o foi confirmada nesta ter\u00e7a-feira (7) pelo ministro da Fazenda, Dario Durigan. Segundo o ministro, a proposta est\u00e1 em discuss\u00e3o conjunta com o Minist\u00e9rio do [&hellip;]","og_url":"https:\/\/miradouronoticias.com\/site\/2026\/04\/08\/governo-avalia-uso-do-fgts-para-quitar-dividas-diz-durigan\/","og_site_name":"Miradouro Not\u00edcias","article_published_time":"2026-04-08T08:42:04+00:00","og_image":[{"width":1170,"height":700,"url":"https:\/\/miradouronoticias.com\/site\/wp-content\/uploads\/2026\/04\/dario_durigan_ministro_da_fazenda.webp","type":"image\/webp"}],"author":"Cl\u00e1udia Olyver","twitter_card":"summary_large_image","twitter_misc":{"Escrito por":"Cl\u00e1udia Olyver","Est. tempo de leitura":"3 minutos"},"schema":{"@context":"https:\/\/schema.org","@graph":[{"@type":"Article","@id":"https:\/\/miradouronoticias.com\/site\/2026\/04\/08\/governo-avalia-uso-do-fgts-para-quitar-dividas-diz-durigan\/#article","isPartOf":{"@id":"https:\/\/miradouronoticias.com\/site\/2026\/04\/08\/governo-avalia-uso-do-fgts-para-quitar-dividas-diz-durigan\/"},"author":{"name":"Cl\u00e1udia Olyver","@id":"https:\/\/miradouronoticias.com\/site\/#\/schema\/person\/73440d8c82222950df86f3e1a16aad3b"},"headline":"Governo avalia uso do FGTS para quitar d\u00edvidas, diz Durigan","datePublished":"2026-04-08T08:42:04+00:00","mainEntityOfPage":{"@id":"https:\/\/miradouronoticias.com\/site\/2026\/04\/08\/governo-avalia-uso-do-fgts-para-quitar-dividas-diz-durigan\/"},"wordCount":437,"commentCount":0,"publisher":{"@id":"https:\/\/miradouronoticias.com\/site\/#organization"},"image":{"@id":"https:\/\/miradouronoticias.com\/site\/2026\/04\/08\/governo-avalia-uso-do-fgts-para-quitar-dividas-diz-durigan\/#primaryimage"},"thumbnailUrl":"https:\/\/miradouronoticias.com\/site\/wp-content\/uploads\/2026\/04\/dario_durigan_ministro_da_fazenda.webp","articleSection":["Destaque Principal","Economia"],"inLanguage":"pt-BR","potentialAction":[{"@type":"CommentAction","name":"Comment","target":["https:\/\/miradouronoticias.com\/site\/2026\/04\/08\/governo-avalia-uso-do-fgts-para-quitar-dividas-diz-durigan\/#respond"]}]},{"@type":"WebPage","@id":"https:\/\/miradouronoticias.com\/site\/2026\/04\/08\/governo-avalia-uso-do-fgts-para-quitar-dividas-diz-durigan\/","url":"https:\/\/miradouronoticias.com\/site\/2026\/04\/08\/governo-avalia-uso-do-fgts-para-quitar-dividas-diz-durigan\/","name":"Governo avalia uso do FGTS para quitar d\u00edvidas, diz Durigan - Miradouro Not\u00edcias","isPartOf":{"@id":"https:\/\/miradouronoticias.com\/site\/#website"},"primaryImageOfPage":{"@id":"https:\/\/miradouronoticias.com\/site\/2026\/04\/08\/governo-avalia-uso-do-fgts-para-quitar-dividas-diz-durigan\/#primaryimage"},"image":{"@id":"https:\/\/miradouronoticias.com\/site\/2026\/04\/08\/governo-avalia-uso-do-fgts-para-quitar-dividas-diz-durigan\/#primaryimage"},"thumbnailUrl":"https:\/\/miradouronoticias.com\/site\/wp-content\/uploads\/2026\/04\/dario_durigan_ministro_da_fazenda.webp","datePublished":"2026-04-08T08:42:04+00:00","breadcrumb":{"@id":"https:\/\/miradouronoticias.com\/site\/2026\/04\/08\/governo-avalia-uso-do-fgts-para-quitar-dividas-diz-durigan\/#breadcrumb"},"inLanguage":"pt-BR","potentialAction":[{"@type":"ReadAction","target":["https:\/\/miradouronoticias.com\/site\/2026\/04\/08\/governo-avalia-uso-do-fgts-para-quitar-dividas-diz-durigan\/"]}]},{"@type":"ImageObject","inLanguage":"pt-BR","@id":"https:\/\/miradouronoticias.com\/site\/2026\/04\/08\/governo-avalia-uso-do-fgts-para-quitar-dividas-diz-durigan\/#primaryimage","url":"https:\/\/miradouronoticias.com\/site\/wp-content\/uploads\/2026\/04\/dario_durigan_ministro_da_fazenda.webp","contentUrl":"https:\/\/miradouronoticias.com\/site\/wp-content\/uploads\/2026\/04\/dario_durigan_ministro_da_fazenda.webp","width":1170,"height":700},{"@type":"BreadcrumbList","@id":"https:\/\/miradouronoticias.com\/site\/2026\/04\/08\/governo-avalia-uso-do-fgts-para-quitar-dividas-diz-durigan\/#breadcrumb","itemListElement":[{"@type":"ListItem","position":1,"name":"In\u00edcio","item":"https:\/\/miradouronoticias.com\/site\/"},{"@type":"ListItem","position":2,"name":"Governo avalia uso do FGTS para quitar d\u00edvidas, diz Durigan"}]},{"@type":"WebSite","@id":"https:\/\/miradouronoticias.com\/site\/#website","url":"https:\/\/miradouronoticias.com\/site\/","name":"Miradouro Not\u00edcias","description":"Informa\u00e7\u00f5es da cidade e regi\u00e3o","publisher":{"@id":"https:\/\/miradouronoticias.com\/site\/#organization"},"potentialAction":[{"@type":"SearchAction","target":{"@type":"EntryPoint","urlTemplate":"https:\/\/miradouronoticias.com\/site\/?s={search_term_string}"},"query-input":{"@type":"PropertyValueSpecification","valueRequired":true,"valueName":"search_term_string"}}],"inLanguage":"pt-BR"},{"@type":"Organization","@id":"https:\/\/miradouronoticias.com\/site\/#organization","name":"Miradouro Not\u00edcias","url":"https:\/\/miradouronoticias.com\/site\/","logo":{"@type":"ImageObject","inLanguage":"pt-BR","@id":"https:\/\/miradouronoticias.com\/site\/#\/schema\/logo\/image\/","url":"https:\/\/miradouronoticias.com\/site\/wp-content\/uploads\/2022\/01\/logomarcamiradouronoticias.png","contentUrl":"https:\/\/miradouronoticias.com\/site\/wp-content\/uploads\/2022\/01\/logomarcamiradouronoticias.png","width":747,"height":263,"caption":"Miradouro Not\u00edcias"},"image":{"@id":"https:\/\/miradouronoticias.com\/site\/#\/schema\/logo\/image\/"}},{"@type":"Person","@id":"https:\/\/miradouronoticias.com\/site\/#\/schema\/person\/73440d8c82222950df86f3e1a16aad3b","name":"Cl\u00e1udia Olyver","sameAs":["http:\/\/www.miradouronoticias.com"],"url":"https:\/\/miradouronoticias.com\/site\/author\/claudia\/"}]}},"_links":{"self":[{"href":"https:\/\/miradouronoticias.com\/site\/wp-json\/wp\/v2\/posts\/32569","targetHints":{"allow":["GET"]}}],"collection":[{"href":"https:\/\/miradouronoticias.com\/site\/wp-json\/wp\/v2\/posts"}],"about":[{"href":"https:\/\/miradouronoticias.com\/site\/wp-json\/wp\/v2\/types\/post"}],"author":[{"embeddable":true,"href":"https:\/\/miradouronoticias.com\/site\/wp-json\/wp\/v2\/users\/4"}],"replies":[{"embeddable":true,"href":"https:\/\/miradouronoticias.com\/site\/wp-json\/wp\/v2\/comments?post=32569"}],"version-history":[{"count":1,"href":"https:\/\/miradouronoticias.com\/site\/wp-json\/wp\/v2\/posts\/32569\/revisions"}],"predecessor-version":[{"id":32571,"href":"https:\/\/miradouronoticias.com\/site\/wp-json\/wp\/v2\/posts\/32569\/revisions\/32571"}],"wp:featuredmedia":[{"embeddable":true,"href":"https:\/\/miradouronoticias.com\/site\/wp-json\/wp\/v2\/media\/32570"}],"wp:attachment":[{"href":"https:\/\/miradouronoticias.com\/site\/wp-json\/wp\/v2\/media?parent=32569"}],"wp:term":[{"taxonomy":"category","embeddable":true,"href":"https:\/\/miradouronoticias.com\/site\/wp-json\/wp\/v2\/categories?post=32569"},{"taxonomy":"post_tag","embeddable":true,"href":"https:\/\/miradouronoticias.com\/site\/wp-json\/wp\/v2\/tags?post=32569"}],"curies":[{"name":"wp","href":"https:\/\/api.w.org\/{rel}","templated":true}]}}