{"id":32552,"date":"2026-04-06T06:27:31","date_gmt":"2026-04-06T09:27:31","guid":{"rendered":"https:\/\/miradouronoticias.com\/site\/?p=32552"},"modified":"2026-04-06T06:27:31","modified_gmt":"2026-04-06T09:27:31","slug":"onze-governadores-renunciam-para-disputar-eleicoes-de-outubro","status":"publish","type":"post","link":"https:\/\/miradouronoticias.com\/site\/2026\/04\/06\/onze-governadores-renunciam-para-disputar-eleicoes-de-outubro\/","title":{"rendered":"Onze governadores renunciam para disputar elei\u00e7\u00f5es de outubro"},"content":{"rendered":"<p><img loading=\"lazy\" decoding=\"async\" class=\"alignnone size-medium wp-image-32553\" src=\"https:\/\/miradouronoticias.com\/site\/wp-content\/uploads\/2026\/04\/lacracao-urnas-eletronicas_mcamgo_abr_210920221818-11-300x179.webp\" alt=\"\" width=\"300\" height=\"179\" srcset=\"https:\/\/miradouronoticias.com\/site\/wp-content\/uploads\/2026\/04\/lacracao-urnas-eletronicas_mcamgo_abr_210920221818-11-300x179.webp 300w, https:\/\/miradouronoticias.com\/site\/wp-content\/uploads\/2026\/04\/lacracao-urnas-eletronicas_mcamgo_abr_210920221818-11-1024x613.webp 1024w, https:\/\/miradouronoticias.com\/site\/wp-content\/uploads\/2026\/04\/lacracao-urnas-eletronicas_mcamgo_abr_210920221818-11-768x459.webp 768w, https:\/\/miradouronoticias.com\/site\/wp-content\/uploads\/2026\/04\/lacracao-urnas-eletronicas_mcamgo_abr_210920221818-11.webp 1170w\" sizes=\"auto, (max-width: 300px) 100vw, 300px\" \/><\/p>\n<p>O prazo para agentes p\u00fablicos que v\u00e3o participar das elei\u00e7\u00f5es deixarem seus cargos terminou neste s\u00e1bado (4). A regra \u00e9 chamada de desincompatibiliza\u00e7\u00e3o e vale para governadores, prefeitos e ministros de Estado que pretendem se candidatar no pleito de outubro.<br \/>\n<strong>Com o fim do prazo, 11 governadores deixaram suas fun\u00e7\u00f5es para disputar outros cargos.<\/strong><img decoding=\"async\" src=\"https:\/\/agenciabrasil.ebc.com.br\/ebc.png?id=1684826&amp;o=node\" \/><img decoding=\"async\" src=\"https:\/\/agenciabrasil.ebc.com.br\/ebc.gif?id=1684826&amp;o=node\" \/><\/p>\n<p><strong>Ronaldo Caiado (PSD-GO) anunciou, na semana passada, que \u00e9 pr\u00e9-candidato \u00e0 Presid\u00eancia da Rep\u00fablica. Romeu Zema (Novo-MG) tamb\u00e9m deixou o cargo ap\u00f3s dois mandatos consecutivos e sinalizou que\u00a0deve ser candidato \u00e0 Presid\u00eancia, mas ainda n\u00e3o formalizou sua pr\u00e9-candidatura.<\/strong><\/p>\n<p><strong>Nove governadores sa\u00edram o cargo e pretendem disputar uma vaga no Senado.<\/strong>\u00a0S\u00e3o eles: Gladson Cameli (PP-AC); Wilson Lima (Uni\u00e3o-AM), Ibaneis Rocha (MDB-DF), Renato Casagrande (PSB-ES); Mauro Mendes (Uni\u00e3o-MT); Helder Barbalho (MDB-PA), Jo\u00e3o Azev\u00eado (PSB-PB) e Antonio Denarium (PP-RR).\u00a0O ex-governador do Rio de Janeiro Cl\u00e1udio Castro (PL) tamb\u00e9m renunciou ao mandato para disputar uma cadeira no Senado. No entanto, Castro<a href=\"https:\/\/agenciabrasil.ebc.com.br\/justica\/noticia\/2026-03\/tse-condena-claudio-castro-inelegibilidade-ate-2030\" target=\"_blank\" rel=\"noopener\">\u00a0foi condenado<\/a>, no m\u00eas passado, \u00e0 inelegibilidade at\u00e9 2030 pelo Tribunal Superior Eleitoral (TSE). Dessa forma, ele dever\u00e1 disputar o cargo\u00a0<em>sub judice<\/em>.<\/p>\n<h2>Reelei\u00e7\u00e3o<\/h2>\n<p><strong>Nove governadores v\u00e3o disputar a reelei\u00e7\u00e3o e podem continuar nos cargos<\/strong>:\u00a0Cl\u00e9cio Lu\u00eds (Uni\u00e3o-AP); Jer\u00f4nimo Rodrigues (PT-BA); Elmano de Freitas (PT-CE); Eduardo Riedel (PP-MS); Raquel Lyra (PSD-PE); Rafael Fonteles (PT-PI); Jorginho Mello (PL-SC); Tarc\u00edsio de Freitas (Republicanos-SP) e F\u00e1bio Mitidieri (PSD-SE).<\/p>\n<p>De acordo com a legisla\u00e7\u00e3o eleitoral,\u00a0<strong>pol\u00edticos n\u00e3o precisam deixar os cargos no Poder Executivo se pretendem disputar o segundo mandato.<\/strong><\/p>\n<h2>Ficam no governo<\/h2>\n<p><strong>Sete govenadores decidiram completar o mandato e n\u00e3o renunciaram para disputar algum cargo nas elei\u00e7\u00f5es.\u00a0<\/strong>Eles j\u00e1 cumpriram dois mandatos consecutivos. S\u00e3o eles:\u00a0Paulo Dantas (MDB-AL); Carlos Brand\u00e3o (Sem partido-MA); Ratinho Junior (PSD-PR); F\u00e1tima Bezerra (PT-RN); Eduardo Leite (PSD-RS), Marcos Rocha (PSD-RO) e\u00a0Wanderlei Barbosa (Republicanos-TO).<\/p>\n<h2>Elei\u00e7\u00f5es<\/h2>\n<p><strong>O primeiro turno das elei\u00e7\u00f5es ser\u00e1 em\u00a04 de outubro, quando 155 milh\u00f5es de eleitores estar\u00e3o aptos a elegerem o presidente da Rep\u00fablica, o vice-presidente, governadores e deputados estaduais, federais e distritais.<\/strong><\/p>\n<p><strong>O segundo turno poder\u00e1 realizado, no dia 25 de outubro<\/strong>, para os cargos de presidente e govenador se nenhum dos candidatos obtiver mais da metade dos votos v\u00e1lidos, que excluem os brancos e nulos, no primeiro turno.<\/p>\n<p>By: miradouronoticias.com.br\/ ag\u00eancia Brasil<\/p>\n","protected":false},"excerpt":{"rendered":"<p>O prazo para agentes p\u00fablicos que v\u00e3o participar das elei\u00e7\u00f5es deixarem seus cargos terminou neste s\u00e1bado (4). A regra \u00e9 chamada de desincompatibiliza\u00e7\u00e3o e vale para governadores, prefeitos e ministros de Estado que pretendem se candidatar no pleito de outubro. Com o fim do prazo, 11 governadores deixaram suas fun\u00e7\u00f5es para disputar outros cargos. Ronaldo [&hellip;]<\/p>\n","protected":false},"author":4,"featured_media":32553,"comment_status":"open","ping_status":"closed","sticky":false,"template":"","format":"standard","meta":{"footnotes":""},"categories":[1,17],"tags":[],"class_list":["post-32552","post","type-post","status-publish","format-standard","has-post-thumbnail","hentry","category-destaque-principal","category-politica"],"yoast_head":"<!-- This site is optimized with the Yoast SEO plugin v27.2 - https:\/\/yoast.com\/product\/yoast-seo-wordpress\/ -->\n<title>Onze governadores renunciam para disputar elei\u00e7\u00f5es de outubro - Miradouro Not\u00edcias<\/title>\n<meta name=\"robots\" content=\"index, follow, max-snippet:-1, max-image-preview:large, max-video-preview:-1\" \/>\n<link rel=\"canonical\" href=\"https:\/\/miradouronoticias.com\/site\/2026\/04\/06\/onze-governadores-renunciam-para-disputar-eleicoes-de-outubro\/\" \/>\n<meta property=\"og:locale\" content=\"pt_BR\" \/>\n<meta property=\"og:type\" content=\"article\" \/>\n<meta property=\"og:title\" content=\"Onze governadores renunciam para disputar elei\u00e7\u00f5es de outubro - Miradouro Not\u00edcias\" \/>\n<meta property=\"og:description\" content=\"O prazo para agentes p\u00fablicos que v\u00e3o participar das elei\u00e7\u00f5es deixarem seus cargos terminou neste s\u00e1bado (4). A regra \u00e9 chamada de desincompatibiliza\u00e7\u00e3o e vale para governadores, prefeitos e ministros de Estado que pretendem se candidatar no pleito de outubro. Com o fim do prazo, 11 governadores deixaram suas fun\u00e7\u00f5es para disputar outros cargos. Ronaldo [&hellip;]\" \/>\n<meta property=\"og:url\" content=\"https:\/\/miradouronoticias.com\/site\/2026\/04\/06\/onze-governadores-renunciam-para-disputar-eleicoes-de-outubro\/\" \/>\n<meta property=\"og:site_name\" content=\"Miradouro Not\u00edcias\" \/>\n<meta property=\"article:published_time\" content=\"2026-04-06T09:27:31+00:00\" \/>\n<meta property=\"og:image\" content=\"https:\/\/miradouronoticias.com\/site\/wp-content\/uploads\/2026\/04\/lacracao-urnas-eletronicas_mcamgo_abr_210920221818-11.webp\" \/>\n\t<meta property=\"og:image:width\" content=\"1170\" \/>\n\t<meta property=\"og:image:height\" content=\"700\" \/>\n\t<meta property=\"og:image:type\" content=\"image\/webp\" \/>\n<meta name=\"author\" content=\"Cl\u00e1udia Olyver\" \/>\n<meta name=\"twitter:card\" content=\"summary_large_image\" \/>\n<meta name=\"twitter:label1\" content=\"Escrito por\" \/>\n\t<meta name=\"twitter:data1\" content=\"Cl\u00e1udia Olyver\" \/>\n\t<meta name=\"twitter:label2\" content=\"Est. tempo de leitura\" \/>\n\t<meta name=\"twitter:data2\" content=\"3 minutos\" \/>\n<script type=\"application\/ld+json\" class=\"yoast-schema-graph\">{\"@context\":\"https:\/\/schema.org\",\"@graph\":[{\"@type\":\"Article\",\"@id\":\"https:\/\/miradouronoticias.com\/site\/2026\/04\/06\/onze-governadores-renunciam-para-disputar-eleicoes-de-outubro\/#article\",\"isPartOf\":{\"@id\":\"https:\/\/miradouronoticias.com\/site\/2026\/04\/06\/onze-governadores-renunciam-para-disputar-eleicoes-de-outubro\/\"},\"author\":{\"name\":\"Cl\u00e1udia Olyver\",\"@id\":\"https:\/\/miradouronoticias.com\/site\/#\/schema\/person\/73440d8c82222950df86f3e1a16aad3b\"},\"headline\":\"Onze governadores renunciam para disputar elei\u00e7\u00f5es de outubro\",\"datePublished\":\"2026-04-06T09:27:31+00:00\",\"mainEntityOfPage\":{\"@id\":\"https:\/\/miradouronoticias.com\/site\/2026\/04\/06\/onze-governadores-renunciam-para-disputar-eleicoes-de-outubro\/\"},\"wordCount\":410,\"commentCount\":0,\"publisher\":{\"@id\":\"https:\/\/miradouronoticias.com\/site\/#organization\"},\"image\":{\"@id\":\"https:\/\/miradouronoticias.com\/site\/2026\/04\/06\/onze-governadores-renunciam-para-disputar-eleicoes-de-outubro\/#primaryimage\"},\"thumbnailUrl\":\"https:\/\/miradouronoticias.com\/site\/wp-content\/uploads\/2026\/04\/lacracao-urnas-eletronicas_mcamgo_abr_210920221818-11.webp\",\"articleSection\":[\"Destaque Principal\",\"Pol\u00edtica\"],\"inLanguage\":\"pt-BR\",\"potentialAction\":[{\"@type\":\"CommentAction\",\"name\":\"Comment\",\"target\":[\"https:\/\/miradouronoticias.com\/site\/2026\/04\/06\/onze-governadores-renunciam-para-disputar-eleicoes-de-outubro\/#respond\"]}]},{\"@type\":\"WebPage\",\"@id\":\"https:\/\/miradouronoticias.com\/site\/2026\/04\/06\/onze-governadores-renunciam-para-disputar-eleicoes-de-outubro\/\",\"url\":\"https:\/\/miradouronoticias.com\/site\/2026\/04\/06\/onze-governadores-renunciam-para-disputar-eleicoes-de-outubro\/\",\"name\":\"Onze governadores renunciam para disputar elei\u00e7\u00f5es de outubro - Miradouro Not\u00edcias\",\"isPartOf\":{\"@id\":\"https:\/\/miradouronoticias.com\/site\/#website\"},\"primaryImageOfPage\":{\"@id\":\"https:\/\/miradouronoticias.com\/site\/2026\/04\/06\/onze-governadores-renunciam-para-disputar-eleicoes-de-outubro\/#primaryimage\"},\"image\":{\"@id\":\"https:\/\/miradouronoticias.com\/site\/2026\/04\/06\/onze-governadores-renunciam-para-disputar-eleicoes-de-outubro\/#primaryimage\"},\"thumbnailUrl\":\"https:\/\/miradouronoticias.com\/site\/wp-content\/uploads\/2026\/04\/lacracao-urnas-eletronicas_mcamgo_abr_210920221818-11.webp\",\"datePublished\":\"2026-04-06T09:27:31+00:00\",\"breadcrumb\":{\"@id\":\"https:\/\/miradouronoticias.com\/site\/2026\/04\/06\/onze-governadores-renunciam-para-disputar-eleicoes-de-outubro\/#breadcrumb\"},\"inLanguage\":\"pt-BR\",\"potentialAction\":[{\"@type\":\"ReadAction\",\"target\":[\"https:\/\/miradouronoticias.com\/site\/2026\/04\/06\/onze-governadores-renunciam-para-disputar-eleicoes-de-outubro\/\"]}]},{\"@type\":\"ImageObject\",\"inLanguage\":\"pt-BR\",\"@id\":\"https:\/\/miradouronoticias.com\/site\/2026\/04\/06\/onze-governadores-renunciam-para-disputar-eleicoes-de-outubro\/#primaryimage\",\"url\":\"https:\/\/miradouronoticias.com\/site\/wp-content\/uploads\/2026\/04\/lacracao-urnas-eletronicas_mcamgo_abr_210920221818-11.webp\",\"contentUrl\":\"https:\/\/miradouronoticias.com\/site\/wp-content\/uploads\/2026\/04\/lacracao-urnas-eletronicas_mcamgo_abr_210920221818-11.webp\",\"width\":1170,\"height\":700},{\"@type\":\"BreadcrumbList\",\"@id\":\"https:\/\/miradouronoticias.com\/site\/2026\/04\/06\/onze-governadores-renunciam-para-disputar-eleicoes-de-outubro\/#breadcrumb\",\"itemListElement\":[{\"@type\":\"ListItem\",\"position\":1,\"name\":\"In\u00edcio\",\"item\":\"https:\/\/miradouronoticias.com\/site\/\"},{\"@type\":\"ListItem\",\"position\":2,\"name\":\"Onze governadores renunciam para disputar elei\u00e7\u00f5es de outubro\"}]},{\"@type\":\"WebSite\",\"@id\":\"https:\/\/miradouronoticias.com\/site\/#website\",\"url\":\"https:\/\/miradouronoticias.com\/site\/\",\"name\":\"Miradouro Not\u00edcias\",\"description\":\"Informa\u00e7\u00f5es da cidade e regi\u00e3o\",\"publisher\":{\"@id\":\"https:\/\/miradouronoticias.com\/site\/#organization\"},\"potentialAction\":[{\"@type\":\"SearchAction\",\"target\":{\"@type\":\"EntryPoint\",\"urlTemplate\":\"https:\/\/miradouronoticias.com\/site\/?s={search_term_string}\"},\"query-input\":{\"@type\":\"PropertyValueSpecification\",\"valueRequired\":true,\"valueName\":\"search_term_string\"}}],\"inLanguage\":\"pt-BR\"},{\"@type\":\"Organization\",\"@id\":\"https:\/\/miradouronoticias.com\/site\/#organization\",\"name\":\"Miradouro Not\u00edcias\",\"url\":\"https:\/\/miradouronoticias.com\/site\/\",\"logo\":{\"@type\":\"ImageObject\",\"inLanguage\":\"pt-BR\",\"@id\":\"https:\/\/miradouronoticias.com\/site\/#\/schema\/logo\/image\/\",\"url\":\"https:\/\/miradouronoticias.com\/site\/wp-content\/uploads\/2022\/01\/logomarcamiradouronoticias.png\",\"contentUrl\":\"https:\/\/miradouronoticias.com\/site\/wp-content\/uploads\/2022\/01\/logomarcamiradouronoticias.png\",\"width\":747,\"height\":263,\"caption\":\"Miradouro Not\u00edcias\"},\"image\":{\"@id\":\"https:\/\/miradouronoticias.com\/site\/#\/schema\/logo\/image\/\"}},{\"@type\":\"Person\",\"@id\":\"https:\/\/miradouronoticias.com\/site\/#\/schema\/person\/73440d8c82222950df86f3e1a16aad3b\",\"name\":\"Cl\u00e1udia Olyver\",\"sameAs\":[\"http:\/\/www.miradouronoticias.com\"],\"url\":\"https:\/\/miradouronoticias.com\/site\/author\/claudia\/\"}]}<\/script>\n<!-- \/ Yoast SEO plugin. -->","yoast_head_json":{"title":"Onze governadores renunciam para disputar elei\u00e7\u00f5es de outubro - Miradouro Not\u00edcias","robots":{"index":"index","follow":"follow","max-snippet":"max-snippet:-1","max-image-preview":"max-image-preview:large","max-video-preview":"max-video-preview:-1"},"canonical":"https:\/\/miradouronoticias.com\/site\/2026\/04\/06\/onze-governadores-renunciam-para-disputar-eleicoes-de-outubro\/","og_locale":"pt_BR","og_type":"article","og_title":"Onze governadores renunciam para disputar elei\u00e7\u00f5es de outubro - Miradouro Not\u00edcias","og_description":"O prazo para agentes p\u00fablicos que v\u00e3o participar das elei\u00e7\u00f5es deixarem seus cargos terminou neste s\u00e1bado (4). A regra \u00e9 chamada de desincompatibiliza\u00e7\u00e3o e vale para governadores, prefeitos e ministros de Estado que pretendem se candidatar no pleito de outubro. Com o fim do prazo, 11 governadores deixaram suas fun\u00e7\u00f5es para disputar outros cargos. Ronaldo [&hellip;]","og_url":"https:\/\/miradouronoticias.com\/site\/2026\/04\/06\/onze-governadores-renunciam-para-disputar-eleicoes-de-outubro\/","og_site_name":"Miradouro Not\u00edcias","article_published_time":"2026-04-06T09:27:31+00:00","og_image":[{"width":1170,"height":700,"url":"https:\/\/miradouronoticias.com\/site\/wp-content\/uploads\/2026\/04\/lacracao-urnas-eletronicas_mcamgo_abr_210920221818-11.webp","type":"image\/webp"}],"author":"Cl\u00e1udia Olyver","twitter_card":"summary_large_image","twitter_misc":{"Escrito por":"Cl\u00e1udia Olyver","Est. tempo de leitura":"3 minutos"},"schema":{"@context":"https:\/\/schema.org","@graph":[{"@type":"Article","@id":"https:\/\/miradouronoticias.com\/site\/2026\/04\/06\/onze-governadores-renunciam-para-disputar-eleicoes-de-outubro\/#article","isPartOf":{"@id":"https:\/\/miradouronoticias.com\/site\/2026\/04\/06\/onze-governadores-renunciam-para-disputar-eleicoes-de-outubro\/"},"author":{"name":"Cl\u00e1udia Olyver","@id":"https:\/\/miradouronoticias.com\/site\/#\/schema\/person\/73440d8c82222950df86f3e1a16aad3b"},"headline":"Onze governadores renunciam para disputar elei\u00e7\u00f5es de outubro","datePublished":"2026-04-06T09:27:31+00:00","mainEntityOfPage":{"@id":"https:\/\/miradouronoticias.com\/site\/2026\/04\/06\/onze-governadores-renunciam-para-disputar-eleicoes-de-outubro\/"},"wordCount":410,"commentCount":0,"publisher":{"@id":"https:\/\/miradouronoticias.com\/site\/#organization"},"image":{"@id":"https:\/\/miradouronoticias.com\/site\/2026\/04\/06\/onze-governadores-renunciam-para-disputar-eleicoes-de-outubro\/#primaryimage"},"thumbnailUrl":"https:\/\/miradouronoticias.com\/site\/wp-content\/uploads\/2026\/04\/lacracao-urnas-eletronicas_mcamgo_abr_210920221818-11.webp","articleSection":["Destaque Principal","Pol\u00edtica"],"inLanguage":"pt-BR","potentialAction":[{"@type":"CommentAction","name":"Comment","target":["https:\/\/miradouronoticias.com\/site\/2026\/04\/06\/onze-governadores-renunciam-para-disputar-eleicoes-de-outubro\/#respond"]}]},{"@type":"WebPage","@id":"https:\/\/miradouronoticias.com\/site\/2026\/04\/06\/onze-governadores-renunciam-para-disputar-eleicoes-de-outubro\/","url":"https:\/\/miradouronoticias.com\/site\/2026\/04\/06\/onze-governadores-renunciam-para-disputar-eleicoes-de-outubro\/","name":"Onze governadores renunciam para disputar elei\u00e7\u00f5es de outubro - Miradouro Not\u00edcias","isPartOf":{"@id":"https:\/\/miradouronoticias.com\/site\/#website"},"primaryImageOfPage":{"@id":"https:\/\/miradouronoticias.com\/site\/2026\/04\/06\/onze-governadores-renunciam-para-disputar-eleicoes-de-outubro\/#primaryimage"},"image":{"@id":"https:\/\/miradouronoticias.com\/site\/2026\/04\/06\/onze-governadores-renunciam-para-disputar-eleicoes-de-outubro\/#primaryimage"},"thumbnailUrl":"https:\/\/miradouronoticias.com\/site\/wp-content\/uploads\/2026\/04\/lacracao-urnas-eletronicas_mcamgo_abr_210920221818-11.webp","datePublished":"2026-04-06T09:27:31+00:00","breadcrumb":{"@id":"https:\/\/miradouronoticias.com\/site\/2026\/04\/06\/onze-governadores-renunciam-para-disputar-eleicoes-de-outubro\/#breadcrumb"},"inLanguage":"pt-BR","potentialAction":[{"@type":"ReadAction","target":["https:\/\/miradouronoticias.com\/site\/2026\/04\/06\/onze-governadores-renunciam-para-disputar-eleicoes-de-outubro\/"]}]},{"@type":"ImageObject","inLanguage":"pt-BR","@id":"https:\/\/miradouronoticias.com\/site\/2026\/04\/06\/onze-governadores-renunciam-para-disputar-eleicoes-de-outubro\/#primaryimage","url":"https:\/\/miradouronoticias.com\/site\/wp-content\/uploads\/2026\/04\/lacracao-urnas-eletronicas_mcamgo_abr_210920221818-11.webp","contentUrl":"https:\/\/miradouronoticias.com\/site\/wp-content\/uploads\/2026\/04\/lacracao-urnas-eletronicas_mcamgo_abr_210920221818-11.webp","width":1170,"height":700},{"@type":"BreadcrumbList","@id":"https:\/\/miradouronoticias.com\/site\/2026\/04\/06\/onze-governadores-renunciam-para-disputar-eleicoes-de-outubro\/#breadcrumb","itemListElement":[{"@type":"ListItem","position":1,"name":"In\u00edcio","item":"https:\/\/miradouronoticias.com\/site\/"},{"@type":"ListItem","position":2,"name":"Onze governadores renunciam para disputar elei\u00e7\u00f5es de outubro"}]},{"@type":"WebSite","@id":"https:\/\/miradouronoticias.com\/site\/#website","url":"https:\/\/miradouronoticias.com\/site\/","name":"Miradouro Not\u00edcias","description":"Informa\u00e7\u00f5es da cidade e regi\u00e3o","publisher":{"@id":"https:\/\/miradouronoticias.com\/site\/#organization"},"potentialAction":[{"@type":"SearchAction","target":{"@type":"EntryPoint","urlTemplate":"https:\/\/miradouronoticias.com\/site\/?s={search_term_string}"},"query-input":{"@type":"PropertyValueSpecification","valueRequired":true,"valueName":"search_term_string"}}],"inLanguage":"pt-BR"},{"@type":"Organization","@id":"https:\/\/miradouronoticias.com\/site\/#organization","name":"Miradouro Not\u00edcias","url":"https:\/\/miradouronoticias.com\/site\/","logo":{"@type":"ImageObject","inLanguage":"pt-BR","@id":"https:\/\/miradouronoticias.com\/site\/#\/schema\/logo\/image\/","url":"https:\/\/miradouronoticias.com\/site\/wp-content\/uploads\/2022\/01\/logomarcamiradouronoticias.png","contentUrl":"https:\/\/miradouronoticias.com\/site\/wp-content\/uploads\/2022\/01\/logomarcamiradouronoticias.png","width":747,"height":263,"caption":"Miradouro Not\u00edcias"},"image":{"@id":"https:\/\/miradouronoticias.com\/site\/#\/schema\/logo\/image\/"}},{"@type":"Person","@id":"https:\/\/miradouronoticias.com\/site\/#\/schema\/person\/73440d8c82222950df86f3e1a16aad3b","name":"Cl\u00e1udia Olyver","sameAs":["http:\/\/www.miradouronoticias.com"],"url":"https:\/\/miradouronoticias.com\/site\/author\/claudia\/"}]}},"_links":{"self":[{"href":"https:\/\/miradouronoticias.com\/site\/wp-json\/wp\/v2\/posts\/32552","targetHints":{"allow":["GET"]}}],"collection":[{"href":"https:\/\/miradouronoticias.com\/site\/wp-json\/wp\/v2\/posts"}],"about":[{"href":"https:\/\/miradouronoticias.com\/site\/wp-json\/wp\/v2\/types\/post"}],"author":[{"embeddable":true,"href":"https:\/\/miradouronoticias.com\/site\/wp-json\/wp\/v2\/users\/4"}],"replies":[{"embeddable":true,"href":"https:\/\/miradouronoticias.com\/site\/wp-json\/wp\/v2\/comments?post=32552"}],"version-history":[{"count":1,"href":"https:\/\/miradouronoticias.com\/site\/wp-json\/wp\/v2\/posts\/32552\/revisions"}],"predecessor-version":[{"id":32554,"href":"https:\/\/miradouronoticias.com\/site\/wp-json\/wp\/v2\/posts\/32552\/revisions\/32554"}],"wp:featuredmedia":[{"embeddable":true,"href":"https:\/\/miradouronoticias.com\/site\/wp-json\/wp\/v2\/media\/32553"}],"wp:attachment":[{"href":"https:\/\/miradouronoticias.com\/site\/wp-json\/wp\/v2\/media?parent=32552"}],"wp:term":[{"taxonomy":"category","embeddable":true,"href":"https:\/\/miradouronoticias.com\/site\/wp-json\/wp\/v2\/categories?post=32552"},{"taxonomy":"post_tag","embeddable":true,"href":"https:\/\/miradouronoticias.com\/site\/wp-json\/wp\/v2\/tags?post=32552"}],"curies":[{"name":"wp","href":"https:\/\/api.w.org\/{rel}","templated":true}]}}