{"id":32543,"date":"2026-04-05T12:29:14","date_gmt":"2026-04-05T15:29:14","guid":{"rendered":"https:\/\/miradouronoticias.com\/site\/?p=32543"},"modified":"2026-04-05T12:29:14","modified_gmt":"2026-04-05T15:29:14","slug":"inclusao-de-pessoas-com-transtorno-do-espectro-autista-ganha-forca-com-mutiroes-organizados-pelo-governo-de-minas","status":"publish","type":"post","link":"https:\/\/miradouronoticias.com\/site\/2026\/04\/05\/inclusao-de-pessoas-com-transtorno-do-espectro-autista-ganha-forca-com-mutiroes-organizados-pelo-governo-de-minas\/","title":{"rendered":"Inclus\u00e3o de pessoas com transtorno do espectro autista ganha for\u00e7a com mutir\u00f5es organizados pelo Governo de Minas"},"content":{"rendered":"<p><img loading=\"lazy\" decoding=\"async\" class=\"alignnone size-medium wp-image-32544\" src=\"https:\/\/miradouronoticias.com\/site\/wp-content\/uploads\/2026\/04\/WhatsApp_Image_2026-04-02_at_11.39.03_2-300x112.png\" alt=\"\" width=\"300\" height=\"112\" srcset=\"https:\/\/miradouronoticias.com\/site\/wp-content\/uploads\/2026\/04\/WhatsApp_Image_2026-04-02_at_11.39.03_2-300x112.png 300w, https:\/\/miradouronoticias.com\/site\/wp-content\/uploads\/2026\/04\/WhatsApp_Image_2026-04-02_at_11.39.03_2-768x286.png 768w, https:\/\/miradouronoticias.com\/site\/wp-content\/uploads\/2026\/04\/WhatsApp_Image_2026-04-02_at_11.39.03_2.png 940w\" sizes=\"auto, (max-width: 300px) 100vw, 300px\" \/><\/p>\n<p>\u201cO autismo n\u00e3o tem cara e a Ciptea \u00e9 um ato de cuidado.\u201d A frase da jovem Daniela Silva, de 25 anos, resume um desafio vivido diariamente por milhares de pessoas: o reconhecimento e o respeito \u00e0s suas necessidades. Foi em busca desse reconhecimento que Daniela participou do mutir\u00e3o de emiss\u00e3o da Carteira de Identifica\u00e7\u00e3o da Pessoa com Transtorno do Espectro Autista (Ciptea), realizado pelo Governo de Minas em Ipatinga, no Vale do A\u00e7o.<\/p>\n<p>\u201cA Ciptea \u00e9 importante para n\u00f3s autistas porque traz acessibilidade. Ela nos ajuda a ter atendimento preferencial nos locais. As pessoas, \u00e0s vezes, veem a gente com movimentos estereotipados e n\u00e3o sabem do que se trata&#8221;, conta Daniela.Criada em 2021 pelo Governo de Minas, a Ciptea garante prioridade no atendimento e acesso facilitado a servi\u00e7os p\u00fablicos e privados, especialmente nas \u00e1reas de sa\u00fade, educa\u00e7\u00e3o e assist\u00eancia social. O documento j\u00e1 est\u00e1 nas m\u00e3os de 62.973 pessoas em 832 munic\u00edpios.<\/p>\n<p>Neste Dia Mundial de Conscientiza\u00e7\u00e3o do Autismo (2\/4), a Secretaria de Estado de Desenvolvimento Social (Sedese) refor\u00e7a esse cuidado ao levar a emiss\u00e3o da Ciptea para mais perto da popula\u00e7\u00e3o. O servi\u00e7o passou a integrar os mutir\u00f5es do programa Governo Presente, ampliando o acesso ao documento em todas as regi\u00f5es do estado. A iniciativa j\u00e1 passou por Uberl\u00e2ndia, no Tri\u00e2ngulo Mineiro, Ipatinga, no Vale do A\u00e7o e Ub\u00e1, na Zona da Mata.<\/p>\n<p>Para o governador Mateus Sim\u00f5es, a Ciptea \u00e9 um s\u00edmbolo do compromisso do Governo de Minas com quem mais precisa de aten\u00e7\u00e3o e cuidado.<\/p>\n<table border=\"0\" cellspacing=\"1\" cellpadding=\"1\" align=\"center\">\n<tbody>\n<tr>\n<td colspan=\"5\"><img decoding=\"async\" src=\"https:\/\/www.agenciaminas.mg.gov.br\/ckeditor_assets\/pictures\/20949\/content_2_olho_topo.jpg\" alt=\"\" \/><\/td>\n<\/tr>\n<tr>\n<td><\/td>\n<td colspan=\"3\" rowspan=\"3\">\n<h1><strong>\u201cGarantir que cada pessoa com autismo seja reconhecida, respeitada e tenha acesso aos seus direitos \u00e9 uma responsabilidade que o Governo de Minas assume. A Ciptea \u00e9 muito mais do que um documento: \u00e9 a express\u00e3o concreta de um governo que v\u00ea as pessoas, que respeita suas necessidades e que trabalha todos os dias para que a inclus\u00e3o seja uma realidade em cada canto de Minas Gerais\u201d, afirma o governador Mateus Sim\u00f5es.<\/strong><\/h1>\n<\/td>\n<td><\/td>\n<\/tr>\n<tr>\n<td><\/td>\n<td><\/td>\n<\/tr>\n<tr>\n<td><\/td>\n<td><\/td>\n<\/tr>\n<tr>\n<td colspan=\"5\"><img decoding=\"async\" src=\"https:\/\/www.agenciaminas.mg.gov.br\/ckeditor_assets\/pictures\/20950\/content_2_olho_inferior.jpg\" alt=\"\" \/><\/td>\n<\/tr>\n<\/tbody>\n<\/table>\n<p>Para o secret\u00e1rio de Estado de Desenvolvimento Social, Ricardo Alves, a iniciativa representa um avan\u00e7o importante na interioriza\u00e7\u00e3o das pol\u00edticas p\u00fablicas.\u201cLevar a emiss\u00e3o da Ciptea para dentro do Governo Presente \u00e9 garantir que esse direito chegue a quem mais precisa, especialmente no interior do estado. Estamos aproximando o servi\u00e7o das fam\u00edlias, facilitando o acesso e refor\u00e7ando o compromisso do Governo de Minas com a inclus\u00e3o e a cidadania das pessoas com TEA\u201d, destaca.<\/p>\n<p>O diretor estadual de Pol\u00edticas para Pessoas com Defici\u00eancia, Daniel Ara\u00fajo, tamb\u00e9m destaca o papel estrat\u00e9gico da iniciativa. \u201cMais do que um instrumento de identifica\u00e7\u00e3o, a CIPTEA representa um importante mecanismo de garantia de direitos, assegurando atendimento priorit\u00e1rio e maior visibilidade \u00e0s necessidades espec\u00edficas desse p\u00fablico&#8221;.<\/p>\n<p><strong>Como solicitar<\/strong><\/p>\n<p>Al\u00e9m dos mutir\u00f5es realizados pelo Governo Presente, a Ciptea pode ser solicitada de forma gratuita por meio do aplicativo MG App, pelo site cidadao.mg ou presencialmente nas Unidades de Atendimento Integrado (UAIs).<\/p>\n<p>By: miradouronoticias.com.br\/ ag\u00eancia minas<\/p>\n","protected":false},"excerpt":{"rendered":"<p>\u201cO autismo n\u00e3o tem cara e a Ciptea \u00e9 um ato de cuidado.\u201d A frase da jovem Daniela Silva, de 25 anos, resume um desafio vivido diariamente por milhares de pessoas: o reconhecimento e o respeito \u00e0s suas necessidades. Foi em busca desse reconhecimento que Daniela participou do mutir\u00e3o de emiss\u00e3o da Carteira de Identifica\u00e7\u00e3o [&hellip;]<\/p>\n","protected":false},"author":4,"featured_media":32544,"comment_status":"open","ping_status":"closed","sticky":false,"template":"","format":"standard","meta":{"footnotes":""},"categories":[1,22],"tags":[],"class_list":["post-32543","post","type-post","status-publish","format-standard","has-post-thumbnail","hentry","category-destaque-principal","category-saude"],"yoast_head":"<!-- This site is optimized with the Yoast SEO plugin v27.2 - https:\/\/yoast.com\/product\/yoast-seo-wordpress\/ -->\n<title>Inclus\u00e3o de pessoas com transtorno do espectro autista ganha for\u00e7a com mutir\u00f5es organizados pelo Governo de Minas - Miradouro Not\u00edcias<\/title>\n<meta name=\"robots\" content=\"index, follow, max-snippet:-1, max-image-preview:large, max-video-preview:-1\" \/>\n<link rel=\"canonical\" href=\"https:\/\/miradouronoticias.com\/site\/2026\/04\/05\/inclusao-de-pessoas-com-transtorno-do-espectro-autista-ganha-forca-com-mutiroes-organizados-pelo-governo-de-minas\/\" \/>\n<meta property=\"og:locale\" content=\"pt_BR\" \/>\n<meta property=\"og:type\" content=\"article\" \/>\n<meta property=\"og:title\" content=\"Inclus\u00e3o de pessoas com transtorno do espectro autista ganha for\u00e7a com mutir\u00f5es organizados pelo Governo de Minas - Miradouro Not\u00edcias\" \/>\n<meta property=\"og:description\" content=\"\u201cO autismo n\u00e3o tem cara e a Ciptea \u00e9 um ato de cuidado.\u201d A frase da jovem Daniela Silva, de 25 anos, resume um desafio vivido diariamente por milhares de pessoas: o reconhecimento e o respeito \u00e0s suas necessidades. Foi em busca desse reconhecimento que Daniela participou do mutir\u00e3o de emiss\u00e3o da Carteira de Identifica\u00e7\u00e3o [&hellip;]\" \/>\n<meta property=\"og:url\" content=\"https:\/\/miradouronoticias.com\/site\/2026\/04\/05\/inclusao-de-pessoas-com-transtorno-do-espectro-autista-ganha-forca-com-mutiroes-organizados-pelo-governo-de-minas\/\" \/>\n<meta property=\"og:site_name\" content=\"Miradouro Not\u00edcias\" \/>\n<meta property=\"article:published_time\" content=\"2026-04-05T15:29:14+00:00\" \/>\n<meta property=\"og:image\" content=\"https:\/\/miradouronoticias.com\/site\/wp-content\/uploads\/2026\/04\/WhatsApp_Image_2026-04-02_at_11.39.03_2.png\" \/>\n\t<meta property=\"og:image:width\" content=\"940\" \/>\n\t<meta property=\"og:image:height\" content=\"350\" \/>\n\t<meta property=\"og:image:type\" content=\"image\/png\" \/>\n<meta name=\"author\" content=\"Cl\u00e1udia Olyver\" \/>\n<meta name=\"twitter:card\" content=\"summary_large_image\" \/>\n<meta name=\"twitter:label1\" content=\"Escrito por\" \/>\n\t<meta name=\"twitter:data1\" content=\"Cl\u00e1udia Olyver\" \/>\n\t<meta name=\"twitter:label2\" content=\"Est. tempo de leitura\" \/>\n\t<meta name=\"twitter:data2\" content=\"4 minutos\" \/>\n<script type=\"application\/ld+json\" class=\"yoast-schema-graph\">{\"@context\":\"https:\/\/schema.org\",\"@graph\":[{\"@type\":\"Article\",\"@id\":\"https:\/\/miradouronoticias.com\/site\/2026\/04\/05\/inclusao-de-pessoas-com-transtorno-do-espectro-autista-ganha-forca-com-mutiroes-organizados-pelo-governo-de-minas\/#article\",\"isPartOf\":{\"@id\":\"https:\/\/miradouronoticias.com\/site\/2026\/04\/05\/inclusao-de-pessoas-com-transtorno-do-espectro-autista-ganha-forca-com-mutiroes-organizados-pelo-governo-de-minas\/\"},\"author\":{\"name\":\"Cl\u00e1udia Olyver\",\"@id\":\"https:\/\/miradouronoticias.com\/site\/#\/schema\/person\/73440d8c82222950df86f3e1a16aad3b\"},\"headline\":\"Inclus\u00e3o de pessoas com transtorno do espectro autista ganha for\u00e7a com mutir\u00f5es organizados pelo Governo de Minas\",\"datePublished\":\"2026-04-05T15:29:14+00:00\",\"mainEntityOfPage\":{\"@id\":\"https:\/\/miradouronoticias.com\/site\/2026\/04\/05\/inclusao-de-pessoas-com-transtorno-do-espectro-autista-ganha-forca-com-mutiroes-organizados-pelo-governo-de-minas\/\"},\"wordCount\":543,\"commentCount\":0,\"publisher\":{\"@id\":\"https:\/\/miradouronoticias.com\/site\/#organization\"},\"image\":{\"@id\":\"https:\/\/miradouronoticias.com\/site\/2026\/04\/05\/inclusao-de-pessoas-com-transtorno-do-espectro-autista-ganha-forca-com-mutiroes-organizados-pelo-governo-de-minas\/#primaryimage\"},\"thumbnailUrl\":\"https:\/\/miradouronoticias.com\/site\/wp-content\/uploads\/2026\/04\/WhatsApp_Image_2026-04-02_at_11.39.03_2.png\",\"articleSection\":[\"Destaque Principal\",\"Sa\u00fade\"],\"inLanguage\":\"pt-BR\",\"potentialAction\":[{\"@type\":\"CommentAction\",\"name\":\"Comment\",\"target\":[\"https:\/\/miradouronoticias.com\/site\/2026\/04\/05\/inclusao-de-pessoas-com-transtorno-do-espectro-autista-ganha-forca-com-mutiroes-organizados-pelo-governo-de-minas\/#respond\"]}]},{\"@type\":\"WebPage\",\"@id\":\"https:\/\/miradouronoticias.com\/site\/2026\/04\/05\/inclusao-de-pessoas-com-transtorno-do-espectro-autista-ganha-forca-com-mutiroes-organizados-pelo-governo-de-minas\/\",\"url\":\"https:\/\/miradouronoticias.com\/site\/2026\/04\/05\/inclusao-de-pessoas-com-transtorno-do-espectro-autista-ganha-forca-com-mutiroes-organizados-pelo-governo-de-minas\/\",\"name\":\"Inclus\u00e3o de pessoas com transtorno do espectro autista ganha for\u00e7a com mutir\u00f5es organizados pelo Governo de Minas - Miradouro Not\u00edcias\",\"isPartOf\":{\"@id\":\"https:\/\/miradouronoticias.com\/site\/#website\"},\"primaryImageOfPage\":{\"@id\":\"https:\/\/miradouronoticias.com\/site\/2026\/04\/05\/inclusao-de-pessoas-com-transtorno-do-espectro-autista-ganha-forca-com-mutiroes-organizados-pelo-governo-de-minas\/#primaryimage\"},\"image\":{\"@id\":\"https:\/\/miradouronoticias.com\/site\/2026\/04\/05\/inclusao-de-pessoas-com-transtorno-do-espectro-autista-ganha-forca-com-mutiroes-organizados-pelo-governo-de-minas\/#primaryimage\"},\"thumbnailUrl\":\"https:\/\/miradouronoticias.com\/site\/wp-content\/uploads\/2026\/04\/WhatsApp_Image_2026-04-02_at_11.39.03_2.png\",\"datePublished\":\"2026-04-05T15:29:14+00:00\",\"breadcrumb\":{\"@id\":\"https:\/\/miradouronoticias.com\/site\/2026\/04\/05\/inclusao-de-pessoas-com-transtorno-do-espectro-autista-ganha-forca-com-mutiroes-organizados-pelo-governo-de-minas\/#breadcrumb\"},\"inLanguage\":\"pt-BR\",\"potentialAction\":[{\"@type\":\"ReadAction\",\"target\":[\"https:\/\/miradouronoticias.com\/site\/2026\/04\/05\/inclusao-de-pessoas-com-transtorno-do-espectro-autista-ganha-forca-com-mutiroes-organizados-pelo-governo-de-minas\/\"]}]},{\"@type\":\"ImageObject\",\"inLanguage\":\"pt-BR\",\"@id\":\"https:\/\/miradouronoticias.com\/site\/2026\/04\/05\/inclusao-de-pessoas-com-transtorno-do-espectro-autista-ganha-forca-com-mutiroes-organizados-pelo-governo-de-minas\/#primaryimage\",\"url\":\"https:\/\/miradouronoticias.com\/site\/wp-content\/uploads\/2026\/04\/WhatsApp_Image_2026-04-02_at_11.39.03_2.png\",\"contentUrl\":\"https:\/\/miradouronoticias.com\/site\/wp-content\/uploads\/2026\/04\/WhatsApp_Image_2026-04-02_at_11.39.03_2.png\",\"width\":940,\"height\":350},{\"@type\":\"BreadcrumbList\",\"@id\":\"https:\/\/miradouronoticias.com\/site\/2026\/04\/05\/inclusao-de-pessoas-com-transtorno-do-espectro-autista-ganha-forca-com-mutiroes-organizados-pelo-governo-de-minas\/#breadcrumb\",\"itemListElement\":[{\"@type\":\"ListItem\",\"position\":1,\"name\":\"In\u00edcio\",\"item\":\"https:\/\/miradouronoticias.com\/site\/\"},{\"@type\":\"ListItem\",\"position\":2,\"name\":\"Inclus\u00e3o de pessoas com transtorno do espectro autista ganha for\u00e7a com mutir\u00f5es organizados pelo Governo de Minas\"}]},{\"@type\":\"WebSite\",\"@id\":\"https:\/\/miradouronoticias.com\/site\/#website\",\"url\":\"https:\/\/miradouronoticias.com\/site\/\",\"name\":\"Miradouro Not\u00edcias\",\"description\":\"Informa\u00e7\u00f5es da cidade e regi\u00e3o\",\"publisher\":{\"@id\":\"https:\/\/miradouronoticias.com\/site\/#organization\"},\"potentialAction\":[{\"@type\":\"SearchAction\",\"target\":{\"@type\":\"EntryPoint\",\"urlTemplate\":\"https:\/\/miradouronoticias.com\/site\/?s={search_term_string}\"},\"query-input\":{\"@type\":\"PropertyValueSpecification\",\"valueRequired\":true,\"valueName\":\"search_term_string\"}}],\"inLanguage\":\"pt-BR\"},{\"@type\":\"Organization\",\"@id\":\"https:\/\/miradouronoticias.com\/site\/#organization\",\"name\":\"Miradouro Not\u00edcias\",\"url\":\"https:\/\/miradouronoticias.com\/site\/\",\"logo\":{\"@type\":\"ImageObject\",\"inLanguage\":\"pt-BR\",\"@id\":\"https:\/\/miradouronoticias.com\/site\/#\/schema\/logo\/image\/\",\"url\":\"https:\/\/miradouronoticias.com\/site\/wp-content\/uploads\/2022\/01\/logomarcamiradouronoticias.png\",\"contentUrl\":\"https:\/\/miradouronoticias.com\/site\/wp-content\/uploads\/2022\/01\/logomarcamiradouronoticias.png\",\"width\":747,\"height\":263,\"caption\":\"Miradouro Not\u00edcias\"},\"image\":{\"@id\":\"https:\/\/miradouronoticias.com\/site\/#\/schema\/logo\/image\/\"}},{\"@type\":\"Person\",\"@id\":\"https:\/\/miradouronoticias.com\/site\/#\/schema\/person\/73440d8c82222950df86f3e1a16aad3b\",\"name\":\"Cl\u00e1udia Olyver\",\"sameAs\":[\"http:\/\/www.miradouronoticias.com\"],\"url\":\"https:\/\/miradouronoticias.com\/site\/author\/claudia\/\"}]}<\/script>\n<!-- \/ Yoast SEO plugin. -->","yoast_head_json":{"title":"Inclus\u00e3o de pessoas com transtorno do espectro autista ganha for\u00e7a com mutir\u00f5es organizados pelo Governo de Minas - Miradouro Not\u00edcias","robots":{"index":"index","follow":"follow","max-snippet":"max-snippet:-1","max-image-preview":"max-image-preview:large","max-video-preview":"max-video-preview:-1"},"canonical":"https:\/\/miradouronoticias.com\/site\/2026\/04\/05\/inclusao-de-pessoas-com-transtorno-do-espectro-autista-ganha-forca-com-mutiroes-organizados-pelo-governo-de-minas\/","og_locale":"pt_BR","og_type":"article","og_title":"Inclus\u00e3o de pessoas com transtorno do espectro autista ganha for\u00e7a com mutir\u00f5es organizados pelo Governo de Minas - Miradouro Not\u00edcias","og_description":"\u201cO autismo n\u00e3o tem cara e a Ciptea \u00e9 um ato de cuidado.\u201d A frase da jovem Daniela Silva, de 25 anos, resume um desafio vivido diariamente por milhares de pessoas: o reconhecimento e o respeito \u00e0s suas necessidades. Foi em busca desse reconhecimento que Daniela participou do mutir\u00e3o de emiss\u00e3o da Carteira de Identifica\u00e7\u00e3o [&hellip;]","og_url":"https:\/\/miradouronoticias.com\/site\/2026\/04\/05\/inclusao-de-pessoas-com-transtorno-do-espectro-autista-ganha-forca-com-mutiroes-organizados-pelo-governo-de-minas\/","og_site_name":"Miradouro Not\u00edcias","article_published_time":"2026-04-05T15:29:14+00:00","og_image":[{"width":940,"height":350,"url":"https:\/\/miradouronoticias.com\/site\/wp-content\/uploads\/2026\/04\/WhatsApp_Image_2026-04-02_at_11.39.03_2.png","type":"image\/png"}],"author":"Cl\u00e1udia Olyver","twitter_card":"summary_large_image","twitter_misc":{"Escrito por":"Cl\u00e1udia Olyver","Est. tempo de leitura":"4 minutos"},"schema":{"@context":"https:\/\/schema.org","@graph":[{"@type":"Article","@id":"https:\/\/miradouronoticias.com\/site\/2026\/04\/05\/inclusao-de-pessoas-com-transtorno-do-espectro-autista-ganha-forca-com-mutiroes-organizados-pelo-governo-de-minas\/#article","isPartOf":{"@id":"https:\/\/miradouronoticias.com\/site\/2026\/04\/05\/inclusao-de-pessoas-com-transtorno-do-espectro-autista-ganha-forca-com-mutiroes-organizados-pelo-governo-de-minas\/"},"author":{"name":"Cl\u00e1udia Olyver","@id":"https:\/\/miradouronoticias.com\/site\/#\/schema\/person\/73440d8c82222950df86f3e1a16aad3b"},"headline":"Inclus\u00e3o de pessoas com transtorno do espectro autista ganha for\u00e7a com mutir\u00f5es organizados pelo Governo de Minas","datePublished":"2026-04-05T15:29:14+00:00","mainEntityOfPage":{"@id":"https:\/\/miradouronoticias.com\/site\/2026\/04\/05\/inclusao-de-pessoas-com-transtorno-do-espectro-autista-ganha-forca-com-mutiroes-organizados-pelo-governo-de-minas\/"},"wordCount":543,"commentCount":0,"publisher":{"@id":"https:\/\/miradouronoticias.com\/site\/#organization"},"image":{"@id":"https:\/\/miradouronoticias.com\/site\/2026\/04\/05\/inclusao-de-pessoas-com-transtorno-do-espectro-autista-ganha-forca-com-mutiroes-organizados-pelo-governo-de-minas\/#primaryimage"},"thumbnailUrl":"https:\/\/miradouronoticias.com\/site\/wp-content\/uploads\/2026\/04\/WhatsApp_Image_2026-04-02_at_11.39.03_2.png","articleSection":["Destaque Principal","Sa\u00fade"],"inLanguage":"pt-BR","potentialAction":[{"@type":"CommentAction","name":"Comment","target":["https:\/\/miradouronoticias.com\/site\/2026\/04\/05\/inclusao-de-pessoas-com-transtorno-do-espectro-autista-ganha-forca-com-mutiroes-organizados-pelo-governo-de-minas\/#respond"]}]},{"@type":"WebPage","@id":"https:\/\/miradouronoticias.com\/site\/2026\/04\/05\/inclusao-de-pessoas-com-transtorno-do-espectro-autista-ganha-forca-com-mutiroes-organizados-pelo-governo-de-minas\/","url":"https:\/\/miradouronoticias.com\/site\/2026\/04\/05\/inclusao-de-pessoas-com-transtorno-do-espectro-autista-ganha-forca-com-mutiroes-organizados-pelo-governo-de-minas\/","name":"Inclus\u00e3o de pessoas com transtorno do espectro autista ganha for\u00e7a com mutir\u00f5es organizados pelo Governo de Minas - Miradouro Not\u00edcias","isPartOf":{"@id":"https:\/\/miradouronoticias.com\/site\/#website"},"primaryImageOfPage":{"@id":"https:\/\/miradouronoticias.com\/site\/2026\/04\/05\/inclusao-de-pessoas-com-transtorno-do-espectro-autista-ganha-forca-com-mutiroes-organizados-pelo-governo-de-minas\/#primaryimage"},"image":{"@id":"https:\/\/miradouronoticias.com\/site\/2026\/04\/05\/inclusao-de-pessoas-com-transtorno-do-espectro-autista-ganha-forca-com-mutiroes-organizados-pelo-governo-de-minas\/#primaryimage"},"thumbnailUrl":"https:\/\/miradouronoticias.com\/site\/wp-content\/uploads\/2026\/04\/WhatsApp_Image_2026-04-02_at_11.39.03_2.png","datePublished":"2026-04-05T15:29:14+00:00","breadcrumb":{"@id":"https:\/\/miradouronoticias.com\/site\/2026\/04\/05\/inclusao-de-pessoas-com-transtorno-do-espectro-autista-ganha-forca-com-mutiroes-organizados-pelo-governo-de-minas\/#breadcrumb"},"inLanguage":"pt-BR","potentialAction":[{"@type":"ReadAction","target":["https:\/\/miradouronoticias.com\/site\/2026\/04\/05\/inclusao-de-pessoas-com-transtorno-do-espectro-autista-ganha-forca-com-mutiroes-organizados-pelo-governo-de-minas\/"]}]},{"@type":"ImageObject","inLanguage":"pt-BR","@id":"https:\/\/miradouronoticias.com\/site\/2026\/04\/05\/inclusao-de-pessoas-com-transtorno-do-espectro-autista-ganha-forca-com-mutiroes-organizados-pelo-governo-de-minas\/#primaryimage","url":"https:\/\/miradouronoticias.com\/site\/wp-content\/uploads\/2026\/04\/WhatsApp_Image_2026-04-02_at_11.39.03_2.png","contentUrl":"https:\/\/miradouronoticias.com\/site\/wp-content\/uploads\/2026\/04\/WhatsApp_Image_2026-04-02_at_11.39.03_2.png","width":940,"height":350},{"@type":"BreadcrumbList","@id":"https:\/\/miradouronoticias.com\/site\/2026\/04\/05\/inclusao-de-pessoas-com-transtorno-do-espectro-autista-ganha-forca-com-mutiroes-organizados-pelo-governo-de-minas\/#breadcrumb","itemListElement":[{"@type":"ListItem","position":1,"name":"In\u00edcio","item":"https:\/\/miradouronoticias.com\/site\/"},{"@type":"ListItem","position":2,"name":"Inclus\u00e3o de pessoas com transtorno do espectro autista ganha for\u00e7a com mutir\u00f5es organizados pelo Governo de Minas"}]},{"@type":"WebSite","@id":"https:\/\/miradouronoticias.com\/site\/#website","url":"https:\/\/miradouronoticias.com\/site\/","name":"Miradouro Not\u00edcias","description":"Informa\u00e7\u00f5es da cidade e regi\u00e3o","publisher":{"@id":"https:\/\/miradouronoticias.com\/site\/#organization"},"potentialAction":[{"@type":"SearchAction","target":{"@type":"EntryPoint","urlTemplate":"https:\/\/miradouronoticias.com\/site\/?s={search_term_string}"},"query-input":{"@type":"PropertyValueSpecification","valueRequired":true,"valueName":"search_term_string"}}],"inLanguage":"pt-BR"},{"@type":"Organization","@id":"https:\/\/miradouronoticias.com\/site\/#organization","name":"Miradouro Not\u00edcias","url":"https:\/\/miradouronoticias.com\/site\/","logo":{"@type":"ImageObject","inLanguage":"pt-BR","@id":"https:\/\/miradouronoticias.com\/site\/#\/schema\/logo\/image\/","url":"https:\/\/miradouronoticias.com\/site\/wp-content\/uploads\/2022\/01\/logomarcamiradouronoticias.png","contentUrl":"https:\/\/miradouronoticias.com\/site\/wp-content\/uploads\/2022\/01\/logomarcamiradouronoticias.png","width":747,"height":263,"caption":"Miradouro Not\u00edcias"},"image":{"@id":"https:\/\/miradouronoticias.com\/site\/#\/schema\/logo\/image\/"}},{"@type":"Person","@id":"https:\/\/miradouronoticias.com\/site\/#\/schema\/person\/73440d8c82222950df86f3e1a16aad3b","name":"Cl\u00e1udia Olyver","sameAs":["http:\/\/www.miradouronoticias.com"],"url":"https:\/\/miradouronoticias.com\/site\/author\/claudia\/"}]}},"_links":{"self":[{"href":"https:\/\/miradouronoticias.com\/site\/wp-json\/wp\/v2\/posts\/32543","targetHints":{"allow":["GET"]}}],"collection":[{"href":"https:\/\/miradouronoticias.com\/site\/wp-json\/wp\/v2\/posts"}],"about":[{"href":"https:\/\/miradouronoticias.com\/site\/wp-json\/wp\/v2\/types\/post"}],"author":[{"embeddable":true,"href":"https:\/\/miradouronoticias.com\/site\/wp-json\/wp\/v2\/users\/4"}],"replies":[{"embeddable":true,"href":"https:\/\/miradouronoticias.com\/site\/wp-json\/wp\/v2\/comments?post=32543"}],"version-history":[{"count":1,"href":"https:\/\/miradouronoticias.com\/site\/wp-json\/wp\/v2\/posts\/32543\/revisions"}],"predecessor-version":[{"id":32545,"href":"https:\/\/miradouronoticias.com\/site\/wp-json\/wp\/v2\/posts\/32543\/revisions\/32545"}],"wp:featuredmedia":[{"embeddable":true,"href":"https:\/\/miradouronoticias.com\/site\/wp-json\/wp\/v2\/media\/32544"}],"wp:attachment":[{"href":"https:\/\/miradouronoticias.com\/site\/wp-json\/wp\/v2\/media?parent=32543"}],"wp:term":[{"taxonomy":"category","embeddable":true,"href":"https:\/\/miradouronoticias.com\/site\/wp-json\/wp\/v2\/categories?post=32543"},{"taxonomy":"post_tag","embeddable":true,"href":"https:\/\/miradouronoticias.com\/site\/wp-json\/wp\/v2\/tags?post=32543"}],"curies":[{"name":"wp","href":"https:\/\/api.w.org\/{rel}","templated":true}]}}