{"id":32492,"date":"2026-03-31T06:52:24","date_gmt":"2026-03-31T09:52:24","guid":{"rendered":"https:\/\/miradouronoticias.com\/site\/?p=32492"},"modified":"2026-03-31T06:52:24","modified_gmt":"2026-03-31T09:52:24","slug":"governo-bloqueia-r-12-bi-do-executivo-e-r-334-mi-de-emendas","status":"publish","type":"post","link":"https:\/\/miradouronoticias.com\/site\/2026\/03\/31\/governo-bloqueia-r-12-bi-do-executivo-e-r-334-mi-de-emendas\/","title":{"rendered":"Governo bloqueia R$ 1,2 bi do Executivo e R$ 334 mi de emendas"},"content":{"rendered":"<p><img loading=\"lazy\" decoding=\"async\" class=\"alignnone size-medium wp-image-32493\" src=\"https:\/\/miradouronoticias.com\/site\/wp-content\/uploads\/2026\/03\/pzzb0193-300x179.webp\" alt=\"\" width=\"300\" height=\"179\" srcset=\"https:\/\/miradouronoticias.com\/site\/wp-content\/uploads\/2026\/03\/pzzb0193-300x179.webp 300w, https:\/\/miradouronoticias.com\/site\/wp-content\/uploads\/2026\/03\/pzzb0193-1024x613.webp 1024w, https:\/\/miradouronoticias.com\/site\/wp-content\/uploads\/2026\/03\/pzzb0193-768x459.webp 768w, https:\/\/miradouronoticias.com\/site\/wp-content\/uploads\/2026\/03\/pzzb0193.webp 1170w\" sizes=\"auto, (max-width: 300px) 100vw, 300px\" \/><\/p>\n<header id=\"header-site\" class=\"header-site full-width rel-position\">\n<div class=\"header-veiculo full-width\">\n<aside id=\"nav-menu-mobile\" class=\"nav-menu-mobile\">&nbsp;<\/p>\n<\/aside>\n<\/div>\n<div class=\"header-editorias rowflex full-width\"><\/div>\n<\/header>\n<p><main class=\"main-site\"><\/p>\n<div class=\"region region-content\">\n<div id=\"block-system-main\" class=\"block block-system\">\n<div class=\"content\">\n<div id=\"panel\" class=\"container-noticia rel-position\">\n<div id=\"node-1684267\" class=\"node node-conteudo clearfix\">\n<div class=\"conteudo-noticia\">\n<p>O\u00a0<a href=\"https:\/\/agenciabrasil.ebc.com.br\/economia\/noticia\/2026-03\/governo-bloqueia-r-16-bilhao-do-orcamento-de-2026\" target=\"_blank\" rel=\"noopener\">bloqueio de R$ 1,6 bilh\u00e3o do Or\u00e7amento de 2026<\/a>, anunciado na semana passada,<strong>\u00a0preservar\u00e1\u00a0os gastos com o Programa de Acelera\u00e7\u00e3o do Crescimento (PAC)<\/strong>, divulgou nesta segunda-feira (30) o Minist\u00e9rio do Planejamento e Or\u00e7amento.<img decoding=\"async\" src=\"https:\/\/agenciabrasil.ebc.com.br\/ebc.png?id=1684267&amp;o=node\" \/><img decoding=\"async\" src=\"https:\/\/agenciabrasil.ebc.com.br\/ebc.gif?id=1684267&amp;o=node\" \/><\/p>\n<p>O governo federal publicou nesta noite segunda-feira (30) o\u00a0<a href=\"https:\/\/www.in.gov.br\/web\/dou\/-\/decreto-n-12.914-de-30-de-marco-de-2026-696354756\" target=\"_blank\" rel=\"noopener\">novo decreto de programa\u00e7\u00e3o or\u00e7ament\u00e1ria e financeira do primeiro bimestre<\/a>, que detalha a distribui\u00e7\u00e3o por \u00f3rg\u00e3os do congelamento de recursos or\u00e7ament\u00e1rios.<\/p>\n<p>Do total bloqueado,\u00a0<strong>a maior parte, R$ 1,26 bilh\u00e3o, atinge despesas discricion\u00e1rias (n\u00e3o obrigat\u00f3rias) do Poder Executivo classificadas como RP2,\u00a0o que exclui os investimentos do PAC.\u00a0<\/strong>Os\u00a0<strong>R$ 334 milh\u00f5es recaem sobre emendas parlamentares<\/strong>.<\/p>\n<p>A Lei de Diretrizes Or\u00e7ament\u00e1rias regulamenta como se dar\u00e1 o bloqueio das emendas parlamentares, incluindo emendas impositivas.<\/p>\n<h2>Ajuste fiscal<\/h2>\n<p>Al\u00e9m do bloqueio, o decreto mant\u00e9m o chamado faseamento de empenho, mecanismo que limita o empenho (autoriza\u00e7\u00e3o) de despesas ao longo do ano. Na pr\u00e1tica, isso imp\u00f5e uma restri\u00e7\u00e3o de at\u00e9 R$ 42,9 bilh\u00f5es nos gastos discricion\u00e1rios at\u00e9 novembro.<\/p>\n<p>O objetivo \u00e9 alinhar o ritmo de execu\u00e7\u00e3o das despesas \u00e0 arrecada\u00e7\u00e3o prevista, evitando desequil\u00edbrios nas contas p\u00fablicas e permitindo ajustes ao longo do exerc\u00edcio, caso novas necessidades de conten\u00e7\u00e3o surjam.<\/p>\n<p>O decreto estabelece que os limites de empenho ser\u00e3o liberados em etapas ao longo do ano \u2014 com prazos previstos para maio, novembro e dezembro. A estrat\u00e9gia acompanha os ciclos de reavalia\u00e7\u00e3o fiscal e permite maior controle sobre a execu\u00e7\u00e3o do Or\u00e7amento.<\/p>\n<h2>Distribui\u00e7\u00e3o do bloqueio<\/h2>\n<p>Os cortes atingem diferentes \u00e1reas do governo, com\u00a0<strong>maior impacto em pastas como o Minist\u00e9rio dos Transportes, que concentra R$ 476,7 milh\u00f5es do bloqueio, seguido por \u00f3rg\u00e3os ligados \u00e0 infraestrutura e desenvolvimento regional<\/strong>.<\/p>\n<p>Outros minist\u00e9rios tamb\u00e9m registraram redu\u00e7\u00f5es, embora em menor escala, como o Minist\u00e9rio da Fazenda e o Minist\u00e9rio da Integra\u00e7\u00e3o e do Desenvolvimento Regional. J\u00e1 \u00e1reas como sa\u00fade e educa\u00e7\u00e3o tiveram impacto praticamente nulo no bloqueio deste bimestre.<\/p>\n<p>Os bloqueios foram distribu\u00eddos da seguinte forma:<\/p>\n<p>\u2022\u00a0 \u00a0 Minist\u00e9rio\u00a0 dos Transportes: R$ 476,7 milh\u00f5es;<\/p>\n<p>\u2022\u00a0 \u00a0 Minist\u00e9rio do Empreendedorismo, da Microempresa e da Empresa de Pequeno Porte: R$ 131 milh\u00f5es;<\/p>\n<p>\u2022\u00a0 \u00a0 Minist\u00e9rio da Agricultura e Pecu\u00e1ria: R$ 124,1 milh\u00f5es;<\/p>\n<p>\u2022\u00a0 \u00a0 Minist\u00e9rio da Integra\u00e7\u00e3o e do Desenvolvimento Regional: R$ 101 milh\u00f5es;<\/p>\n<p>\u2022\u00a0 \u00a0 Minist\u00e9rio da Fazenda: R$ 100 milh\u00f5es;<\/p>\n<p>\u2022\u00a0 \u00a0 Minist\u00e9rio das Cidades: R$ 84 milh\u00f5es;<\/p>\n<p>\u2022\u00a0 \u00a0 Ag\u00eancia Nacional de Transportes Terrestres: R$ 81,2 milh\u00f5es;<\/p>\n<p>\u2022\u00a0 \u00a0 Minist\u00e9rio do Esporte: R$ 67,7 milh\u00f5es;<\/p>\n<p>\u2022\u00a0 \u00a0 Minist\u00e9rio de Portos e Aeroportos: R$ 30,3 milh\u00f5es;<\/p>\n<p>\u2022\u00a0 \u00a0 Minist\u00e9rio da Cultura: R$ 23,9 milh\u00f5es;<\/p>\n<p>\u2022\u00a0 \u00a0 Minist\u00e9rio das Comunica\u00e7\u00f5es: R$ 19,3 milh\u00f5es;<\/p>\n<p>\u2022\u00a0 \u00a0 Minist\u00e9rio da Pesca e Aquicultura: R$ 8,8\u00a0milh\u00f5es;<\/p>\n<p>\u2022\u00a0 \u00a0 Minist\u00e9rio do Turismo: R$ 7,3 milh\u00f5es;<\/p>\n<p>\u2022\u00a0 \u00a0 Ag\u00eancia Nacional de Sa\u00fade Suplementar: R$ 3,4 milh\u00f5es;<\/p>\n<p>\u2022\u00a0 \u00a0 Minist\u00e9rio da Sa\u00fade: R$ 1,7 milh\u00e3o;<\/p>\n<p>\u2022\u00a0 \u00a0 Total: R$ 1,26 bilh\u00e3o.<\/p>\n<h2>Monitoramento de\u00a0contas<\/h2>\n<p>Segundo o governo, a execu\u00e7\u00e3o or\u00e7ament\u00e1ria seguir\u00e1 sob monitoramento cont\u00ednuo, com possibilidade de novos ajustes para garantir o cumprimento da meta fiscal de 2026.<\/p>\n<p><strong>Os \u00f3rg\u00e3os federais t\u00eam at\u00e9 7 de abril para indicar quais programa\u00e7\u00f5es ser\u00e3o efetivamente bloqueadas<\/strong>.<\/p>\n<p>No caso das emendas parlamentares, a distribui\u00e7\u00e3o dos cortes seguir\u00e1 regras espec\u00edficas previstas na legisla\u00e7\u00e3o vigente.<\/p>\n<p><em>*By: miradouronoticias.com.br\/\u00a0 Texto atualizado \u00e0s 22h01 para ajuste de informa\u00e7\u00e3o<\/em><\/p>\n<\/div>\n<\/div>\n<\/div>\n<\/div>\n<\/div>\n<\/div>\n<p><\/main><\/p>\n","protected":false},"excerpt":{"rendered":"<p>&nbsp; O\u00a0bloqueio de R$ 1,6 bilh\u00e3o do Or\u00e7amento de 2026, anunciado na semana passada,\u00a0preservar\u00e1\u00a0os gastos com o Programa de Acelera\u00e7\u00e3o do Crescimento (PAC), divulgou nesta segunda-feira (30) o Minist\u00e9rio do Planejamento e Or\u00e7amento. O governo federal publicou nesta noite segunda-feira (30) o\u00a0novo decreto de programa\u00e7\u00e3o or\u00e7ament\u00e1ria e financeira do primeiro bimestre, que detalha a distribui\u00e7\u00e3o [&hellip;]<\/p>\n","protected":false},"author":4,"featured_media":32493,"comment_status":"open","ping_status":"closed","sticky":false,"template":"","format":"standard","meta":{"footnotes":""},"categories":[1,29],"tags":[],"class_list":["post-32492","post","type-post","status-publish","format-standard","has-post-thumbnail","hentry","category-destaque-principal","category-economia"],"yoast_head":"<!-- This site is optimized with the Yoast SEO plugin v27.2 - https:\/\/yoast.com\/product\/yoast-seo-wordpress\/ -->\n<title>Governo bloqueia R$ 1,2 bi do Executivo e R$ 334 mi de emendas - Miradouro Not\u00edcias<\/title>\n<meta name=\"robots\" content=\"index, follow, max-snippet:-1, max-image-preview:large, max-video-preview:-1\" \/>\n<link rel=\"canonical\" href=\"https:\/\/miradouronoticias.com\/site\/2026\/03\/31\/governo-bloqueia-r-12-bi-do-executivo-e-r-334-mi-de-emendas\/\" \/>\n<meta property=\"og:locale\" content=\"pt_BR\" \/>\n<meta property=\"og:type\" content=\"article\" \/>\n<meta property=\"og:title\" content=\"Governo bloqueia R$ 1,2 bi do Executivo e R$ 334 mi de emendas - Miradouro Not\u00edcias\" \/>\n<meta property=\"og:description\" content=\"&nbsp; O\u00a0bloqueio de R$ 1,6 bilh\u00e3o do Or\u00e7amento de 2026, anunciado na semana passada,\u00a0preservar\u00e1\u00a0os gastos com o Programa de Acelera\u00e7\u00e3o do Crescimento (PAC), divulgou nesta segunda-feira (30) o Minist\u00e9rio do Planejamento e Or\u00e7amento. O governo federal publicou nesta noite segunda-feira (30) o\u00a0novo decreto de programa\u00e7\u00e3o or\u00e7ament\u00e1ria e financeira do primeiro bimestre, que detalha a distribui\u00e7\u00e3o [&hellip;]\" \/>\n<meta property=\"og:url\" content=\"https:\/\/miradouronoticias.com\/site\/2026\/03\/31\/governo-bloqueia-r-12-bi-do-executivo-e-r-334-mi-de-emendas\/\" \/>\n<meta property=\"og:site_name\" content=\"Miradouro Not\u00edcias\" \/>\n<meta property=\"article:published_time\" content=\"2026-03-31T09:52:24+00:00\" \/>\n<meta property=\"og:image\" content=\"https:\/\/miradouronoticias.com\/site\/wp-content\/uploads\/2026\/03\/pzzb0193.webp\" \/>\n\t<meta property=\"og:image:width\" content=\"1170\" \/>\n\t<meta property=\"og:image:height\" content=\"700\" \/>\n\t<meta property=\"og:image:type\" content=\"image\/webp\" \/>\n<meta name=\"author\" content=\"Cl\u00e1udia Olyver\" \/>\n<meta name=\"twitter:card\" content=\"summary_large_image\" \/>\n<meta name=\"twitter:label1\" content=\"Escrito por\" \/>\n\t<meta name=\"twitter:data1\" content=\"Cl\u00e1udia Olyver\" \/>\n\t<meta name=\"twitter:label2\" content=\"Est. tempo de leitura\" \/>\n\t<meta name=\"twitter:data2\" content=\"4 minutos\" \/>\n<script type=\"application\/ld+json\" class=\"yoast-schema-graph\">{\"@context\":\"https:\/\/schema.org\",\"@graph\":[{\"@type\":\"Article\",\"@id\":\"https:\/\/miradouronoticias.com\/site\/2026\/03\/31\/governo-bloqueia-r-12-bi-do-executivo-e-r-334-mi-de-emendas\/#article\",\"isPartOf\":{\"@id\":\"https:\/\/miradouronoticias.com\/site\/2026\/03\/31\/governo-bloqueia-r-12-bi-do-executivo-e-r-334-mi-de-emendas\/\"},\"author\":{\"name\":\"Cl\u00e1udia Olyver\",\"@id\":\"https:\/\/miradouronoticias.com\/site\/#\/schema\/person\/73440d8c82222950df86f3e1a16aad3b\"},\"headline\":\"Governo bloqueia R$ 1,2 bi do Executivo e R$ 334 mi de emendas\",\"datePublished\":\"2026-03-31T09:52:24+00:00\",\"mainEntityOfPage\":{\"@id\":\"https:\/\/miradouronoticias.com\/site\/2026\/03\/31\/governo-bloqueia-r-12-bi-do-executivo-e-r-334-mi-de-emendas\/\"},\"wordCount\":578,\"commentCount\":0,\"publisher\":{\"@id\":\"https:\/\/miradouronoticias.com\/site\/#organization\"},\"image\":{\"@id\":\"https:\/\/miradouronoticias.com\/site\/2026\/03\/31\/governo-bloqueia-r-12-bi-do-executivo-e-r-334-mi-de-emendas\/#primaryimage\"},\"thumbnailUrl\":\"https:\/\/miradouronoticias.com\/site\/wp-content\/uploads\/2026\/03\/pzzb0193.webp\",\"articleSection\":[\"Destaque Principal\",\"Economia\"],\"inLanguage\":\"pt-BR\",\"potentialAction\":[{\"@type\":\"CommentAction\",\"name\":\"Comment\",\"target\":[\"https:\/\/miradouronoticias.com\/site\/2026\/03\/31\/governo-bloqueia-r-12-bi-do-executivo-e-r-334-mi-de-emendas\/#respond\"]}]},{\"@type\":\"WebPage\",\"@id\":\"https:\/\/miradouronoticias.com\/site\/2026\/03\/31\/governo-bloqueia-r-12-bi-do-executivo-e-r-334-mi-de-emendas\/\",\"url\":\"https:\/\/miradouronoticias.com\/site\/2026\/03\/31\/governo-bloqueia-r-12-bi-do-executivo-e-r-334-mi-de-emendas\/\",\"name\":\"Governo bloqueia R$ 1,2 bi do Executivo e R$ 334 mi de emendas - Miradouro Not\u00edcias\",\"isPartOf\":{\"@id\":\"https:\/\/miradouronoticias.com\/site\/#website\"},\"primaryImageOfPage\":{\"@id\":\"https:\/\/miradouronoticias.com\/site\/2026\/03\/31\/governo-bloqueia-r-12-bi-do-executivo-e-r-334-mi-de-emendas\/#primaryimage\"},\"image\":{\"@id\":\"https:\/\/miradouronoticias.com\/site\/2026\/03\/31\/governo-bloqueia-r-12-bi-do-executivo-e-r-334-mi-de-emendas\/#primaryimage\"},\"thumbnailUrl\":\"https:\/\/miradouronoticias.com\/site\/wp-content\/uploads\/2026\/03\/pzzb0193.webp\",\"datePublished\":\"2026-03-31T09:52:24+00:00\",\"breadcrumb\":{\"@id\":\"https:\/\/miradouronoticias.com\/site\/2026\/03\/31\/governo-bloqueia-r-12-bi-do-executivo-e-r-334-mi-de-emendas\/#breadcrumb\"},\"inLanguage\":\"pt-BR\",\"potentialAction\":[{\"@type\":\"ReadAction\",\"target\":[\"https:\/\/miradouronoticias.com\/site\/2026\/03\/31\/governo-bloqueia-r-12-bi-do-executivo-e-r-334-mi-de-emendas\/\"]}]},{\"@type\":\"ImageObject\",\"inLanguage\":\"pt-BR\",\"@id\":\"https:\/\/miradouronoticias.com\/site\/2026\/03\/31\/governo-bloqueia-r-12-bi-do-executivo-e-r-334-mi-de-emendas\/#primaryimage\",\"url\":\"https:\/\/miradouronoticias.com\/site\/wp-content\/uploads\/2026\/03\/pzzb0193.webp\",\"contentUrl\":\"https:\/\/miradouronoticias.com\/site\/wp-content\/uploads\/2026\/03\/pzzb0193.webp\",\"width\":1170,\"height\":700},{\"@type\":\"BreadcrumbList\",\"@id\":\"https:\/\/miradouronoticias.com\/site\/2026\/03\/31\/governo-bloqueia-r-12-bi-do-executivo-e-r-334-mi-de-emendas\/#breadcrumb\",\"itemListElement\":[{\"@type\":\"ListItem\",\"position\":1,\"name\":\"In\u00edcio\",\"item\":\"https:\/\/miradouronoticias.com\/site\/\"},{\"@type\":\"ListItem\",\"position\":2,\"name\":\"Governo bloqueia R$ 1,2 bi do Executivo e R$ 334 mi de emendas\"}]},{\"@type\":\"WebSite\",\"@id\":\"https:\/\/miradouronoticias.com\/site\/#website\",\"url\":\"https:\/\/miradouronoticias.com\/site\/\",\"name\":\"Miradouro Not\u00edcias\",\"description\":\"Informa\u00e7\u00f5es da cidade e regi\u00e3o\",\"publisher\":{\"@id\":\"https:\/\/miradouronoticias.com\/site\/#organization\"},\"potentialAction\":[{\"@type\":\"SearchAction\",\"target\":{\"@type\":\"EntryPoint\",\"urlTemplate\":\"https:\/\/miradouronoticias.com\/site\/?s={search_term_string}\"},\"query-input\":{\"@type\":\"PropertyValueSpecification\",\"valueRequired\":true,\"valueName\":\"search_term_string\"}}],\"inLanguage\":\"pt-BR\"},{\"@type\":\"Organization\",\"@id\":\"https:\/\/miradouronoticias.com\/site\/#organization\",\"name\":\"Miradouro Not\u00edcias\",\"url\":\"https:\/\/miradouronoticias.com\/site\/\",\"logo\":{\"@type\":\"ImageObject\",\"inLanguage\":\"pt-BR\",\"@id\":\"https:\/\/miradouronoticias.com\/site\/#\/schema\/logo\/image\/\",\"url\":\"https:\/\/miradouronoticias.com\/site\/wp-content\/uploads\/2022\/01\/logomarcamiradouronoticias.png\",\"contentUrl\":\"https:\/\/miradouronoticias.com\/site\/wp-content\/uploads\/2022\/01\/logomarcamiradouronoticias.png\",\"width\":747,\"height\":263,\"caption\":\"Miradouro Not\u00edcias\"},\"image\":{\"@id\":\"https:\/\/miradouronoticias.com\/site\/#\/schema\/logo\/image\/\"}},{\"@type\":\"Person\",\"@id\":\"https:\/\/miradouronoticias.com\/site\/#\/schema\/person\/73440d8c82222950df86f3e1a16aad3b\",\"name\":\"Cl\u00e1udia Olyver\",\"sameAs\":[\"http:\/\/www.miradouronoticias.com\"],\"url\":\"https:\/\/miradouronoticias.com\/site\/author\/claudia\/\"}]}<\/script>\n<!-- \/ Yoast SEO plugin. -->","yoast_head_json":{"title":"Governo bloqueia R$ 1,2 bi do Executivo e R$ 334 mi de emendas - Miradouro Not\u00edcias","robots":{"index":"index","follow":"follow","max-snippet":"max-snippet:-1","max-image-preview":"max-image-preview:large","max-video-preview":"max-video-preview:-1"},"canonical":"https:\/\/miradouronoticias.com\/site\/2026\/03\/31\/governo-bloqueia-r-12-bi-do-executivo-e-r-334-mi-de-emendas\/","og_locale":"pt_BR","og_type":"article","og_title":"Governo bloqueia R$ 1,2 bi do Executivo e R$ 334 mi de emendas - Miradouro Not\u00edcias","og_description":"&nbsp; O\u00a0bloqueio de R$ 1,6 bilh\u00e3o do Or\u00e7amento de 2026, anunciado na semana passada,\u00a0preservar\u00e1\u00a0os gastos com o Programa de Acelera\u00e7\u00e3o do Crescimento (PAC), divulgou nesta segunda-feira (30) o Minist\u00e9rio do Planejamento e Or\u00e7amento. O governo federal publicou nesta noite segunda-feira (30) o\u00a0novo decreto de programa\u00e7\u00e3o or\u00e7ament\u00e1ria e financeira do primeiro bimestre, que detalha a distribui\u00e7\u00e3o [&hellip;]","og_url":"https:\/\/miradouronoticias.com\/site\/2026\/03\/31\/governo-bloqueia-r-12-bi-do-executivo-e-r-334-mi-de-emendas\/","og_site_name":"Miradouro Not\u00edcias","article_published_time":"2026-03-31T09:52:24+00:00","og_image":[{"width":1170,"height":700,"url":"https:\/\/miradouronoticias.com\/site\/wp-content\/uploads\/2026\/03\/pzzb0193.webp","type":"image\/webp"}],"author":"Cl\u00e1udia Olyver","twitter_card":"summary_large_image","twitter_misc":{"Escrito por":"Cl\u00e1udia Olyver","Est. tempo de leitura":"4 minutos"},"schema":{"@context":"https:\/\/schema.org","@graph":[{"@type":"Article","@id":"https:\/\/miradouronoticias.com\/site\/2026\/03\/31\/governo-bloqueia-r-12-bi-do-executivo-e-r-334-mi-de-emendas\/#article","isPartOf":{"@id":"https:\/\/miradouronoticias.com\/site\/2026\/03\/31\/governo-bloqueia-r-12-bi-do-executivo-e-r-334-mi-de-emendas\/"},"author":{"name":"Cl\u00e1udia Olyver","@id":"https:\/\/miradouronoticias.com\/site\/#\/schema\/person\/73440d8c82222950df86f3e1a16aad3b"},"headline":"Governo bloqueia R$ 1,2 bi do Executivo e R$ 334 mi de emendas","datePublished":"2026-03-31T09:52:24+00:00","mainEntityOfPage":{"@id":"https:\/\/miradouronoticias.com\/site\/2026\/03\/31\/governo-bloqueia-r-12-bi-do-executivo-e-r-334-mi-de-emendas\/"},"wordCount":578,"commentCount":0,"publisher":{"@id":"https:\/\/miradouronoticias.com\/site\/#organization"},"image":{"@id":"https:\/\/miradouronoticias.com\/site\/2026\/03\/31\/governo-bloqueia-r-12-bi-do-executivo-e-r-334-mi-de-emendas\/#primaryimage"},"thumbnailUrl":"https:\/\/miradouronoticias.com\/site\/wp-content\/uploads\/2026\/03\/pzzb0193.webp","articleSection":["Destaque Principal","Economia"],"inLanguage":"pt-BR","potentialAction":[{"@type":"CommentAction","name":"Comment","target":["https:\/\/miradouronoticias.com\/site\/2026\/03\/31\/governo-bloqueia-r-12-bi-do-executivo-e-r-334-mi-de-emendas\/#respond"]}]},{"@type":"WebPage","@id":"https:\/\/miradouronoticias.com\/site\/2026\/03\/31\/governo-bloqueia-r-12-bi-do-executivo-e-r-334-mi-de-emendas\/","url":"https:\/\/miradouronoticias.com\/site\/2026\/03\/31\/governo-bloqueia-r-12-bi-do-executivo-e-r-334-mi-de-emendas\/","name":"Governo bloqueia R$ 1,2 bi do Executivo e R$ 334 mi de emendas - Miradouro Not\u00edcias","isPartOf":{"@id":"https:\/\/miradouronoticias.com\/site\/#website"},"primaryImageOfPage":{"@id":"https:\/\/miradouronoticias.com\/site\/2026\/03\/31\/governo-bloqueia-r-12-bi-do-executivo-e-r-334-mi-de-emendas\/#primaryimage"},"image":{"@id":"https:\/\/miradouronoticias.com\/site\/2026\/03\/31\/governo-bloqueia-r-12-bi-do-executivo-e-r-334-mi-de-emendas\/#primaryimage"},"thumbnailUrl":"https:\/\/miradouronoticias.com\/site\/wp-content\/uploads\/2026\/03\/pzzb0193.webp","datePublished":"2026-03-31T09:52:24+00:00","breadcrumb":{"@id":"https:\/\/miradouronoticias.com\/site\/2026\/03\/31\/governo-bloqueia-r-12-bi-do-executivo-e-r-334-mi-de-emendas\/#breadcrumb"},"inLanguage":"pt-BR","potentialAction":[{"@type":"ReadAction","target":["https:\/\/miradouronoticias.com\/site\/2026\/03\/31\/governo-bloqueia-r-12-bi-do-executivo-e-r-334-mi-de-emendas\/"]}]},{"@type":"ImageObject","inLanguage":"pt-BR","@id":"https:\/\/miradouronoticias.com\/site\/2026\/03\/31\/governo-bloqueia-r-12-bi-do-executivo-e-r-334-mi-de-emendas\/#primaryimage","url":"https:\/\/miradouronoticias.com\/site\/wp-content\/uploads\/2026\/03\/pzzb0193.webp","contentUrl":"https:\/\/miradouronoticias.com\/site\/wp-content\/uploads\/2026\/03\/pzzb0193.webp","width":1170,"height":700},{"@type":"BreadcrumbList","@id":"https:\/\/miradouronoticias.com\/site\/2026\/03\/31\/governo-bloqueia-r-12-bi-do-executivo-e-r-334-mi-de-emendas\/#breadcrumb","itemListElement":[{"@type":"ListItem","position":1,"name":"In\u00edcio","item":"https:\/\/miradouronoticias.com\/site\/"},{"@type":"ListItem","position":2,"name":"Governo bloqueia R$ 1,2 bi do Executivo e R$ 334 mi de emendas"}]},{"@type":"WebSite","@id":"https:\/\/miradouronoticias.com\/site\/#website","url":"https:\/\/miradouronoticias.com\/site\/","name":"Miradouro Not\u00edcias","description":"Informa\u00e7\u00f5es da cidade e regi\u00e3o","publisher":{"@id":"https:\/\/miradouronoticias.com\/site\/#organization"},"potentialAction":[{"@type":"SearchAction","target":{"@type":"EntryPoint","urlTemplate":"https:\/\/miradouronoticias.com\/site\/?s={search_term_string}"},"query-input":{"@type":"PropertyValueSpecification","valueRequired":true,"valueName":"search_term_string"}}],"inLanguage":"pt-BR"},{"@type":"Organization","@id":"https:\/\/miradouronoticias.com\/site\/#organization","name":"Miradouro Not\u00edcias","url":"https:\/\/miradouronoticias.com\/site\/","logo":{"@type":"ImageObject","inLanguage":"pt-BR","@id":"https:\/\/miradouronoticias.com\/site\/#\/schema\/logo\/image\/","url":"https:\/\/miradouronoticias.com\/site\/wp-content\/uploads\/2022\/01\/logomarcamiradouronoticias.png","contentUrl":"https:\/\/miradouronoticias.com\/site\/wp-content\/uploads\/2022\/01\/logomarcamiradouronoticias.png","width":747,"height":263,"caption":"Miradouro Not\u00edcias"},"image":{"@id":"https:\/\/miradouronoticias.com\/site\/#\/schema\/logo\/image\/"}},{"@type":"Person","@id":"https:\/\/miradouronoticias.com\/site\/#\/schema\/person\/73440d8c82222950df86f3e1a16aad3b","name":"Cl\u00e1udia Olyver","sameAs":["http:\/\/www.miradouronoticias.com"],"url":"https:\/\/miradouronoticias.com\/site\/author\/claudia\/"}]}},"_links":{"self":[{"href":"https:\/\/miradouronoticias.com\/site\/wp-json\/wp\/v2\/posts\/32492","targetHints":{"allow":["GET"]}}],"collection":[{"href":"https:\/\/miradouronoticias.com\/site\/wp-json\/wp\/v2\/posts"}],"about":[{"href":"https:\/\/miradouronoticias.com\/site\/wp-json\/wp\/v2\/types\/post"}],"author":[{"embeddable":true,"href":"https:\/\/miradouronoticias.com\/site\/wp-json\/wp\/v2\/users\/4"}],"replies":[{"embeddable":true,"href":"https:\/\/miradouronoticias.com\/site\/wp-json\/wp\/v2\/comments?post=32492"}],"version-history":[{"count":1,"href":"https:\/\/miradouronoticias.com\/site\/wp-json\/wp\/v2\/posts\/32492\/revisions"}],"predecessor-version":[{"id":32494,"href":"https:\/\/miradouronoticias.com\/site\/wp-json\/wp\/v2\/posts\/32492\/revisions\/32494"}],"wp:featuredmedia":[{"embeddable":true,"href":"https:\/\/miradouronoticias.com\/site\/wp-json\/wp\/v2\/media\/32493"}],"wp:attachment":[{"href":"https:\/\/miradouronoticias.com\/site\/wp-json\/wp\/v2\/media?parent=32492"}],"wp:term":[{"taxonomy":"category","embeddable":true,"href":"https:\/\/miradouronoticias.com\/site\/wp-json\/wp\/v2\/categories?post=32492"},{"taxonomy":"post_tag","embeddable":true,"href":"https:\/\/miradouronoticias.com\/site\/wp-json\/wp\/v2\/tags?post=32492"}],"curies":[{"name":"wp","href":"https:\/\/api.w.org\/{rel}","templated":true}]}}