{"id":32486,"date":"2026-03-30T13:54:25","date_gmt":"2026-03-30T16:54:25","guid":{"rendered":"https:\/\/miradouronoticias.com\/site\/?p=32486"},"modified":"2026-03-30T13:54:25","modified_gmt":"2026-03-30T16:54:25","slug":"cop15-inclui-mais-40-especies-em-regras-de-protecao","status":"publish","type":"post","link":"https:\/\/miradouronoticias.com\/site\/2026\/03\/30\/cop15-inclui-mais-40-especies-em-regras-de-protecao\/","title":{"rendered":"COP15 inclui mais 40 esp\u00e9cies em regras de prote\u00e7\u00e3o"},"content":{"rendered":"<p><img loading=\"lazy\" decoding=\"async\" class=\"alignnone size-medium wp-image-32487\" src=\"https:\/\/miradouronoticias.com\/site\/wp-content\/uploads\/2026\/03\/raf1252-300x179.webp\" alt=\"\" width=\"300\" height=\"179\" srcset=\"https:\/\/miradouronoticias.com\/site\/wp-content\/uploads\/2026\/03\/raf1252-300x179.webp 300w, https:\/\/miradouronoticias.com\/site\/wp-content\/uploads\/2026\/03\/raf1252-1024x613.webp 1024w, https:\/\/miradouronoticias.com\/site\/wp-content\/uploads\/2026\/03\/raf1252-768x459.webp 768w, https:\/\/miradouronoticias.com\/site\/wp-content\/uploads\/2026\/03\/raf1252.webp 1170w\" sizes=\"auto, (max-width: 300px) 100vw, 300px\" \/><\/p>\n<header id=\"header-site\" class=\"header-site full-width rel-position\">\n<div class=\"header-veiculo full-width\">\n<aside id=\"nav-menu-mobile\" class=\"nav-menu-mobile\">&nbsp;<\/p>\n<\/aside>\n<\/div>\n<div class=\"header-editorias rowflex full-width\"><\/div>\n<\/header>\n<p><main class=\"main-site\"><\/p>\n<div class=\"region region-content\">\n<div id=\"block-system-main\" class=\"block block-system\">\n<div class=\"content\">\n<div id=\"panel\" class=\"container-noticia rel-position\">\n<div id=\"node-1684141\" class=\"node node-conteudo clearfix\">\n<div class=\"conteudo-noticia\">\n<p>A 15\u00aa Confer\u00eancia das Na\u00e7\u00f5es Unidas sobre Esp\u00e9cies Migrat\u00f3rias de Animais Silvestres (COP15), em Campo Grande (MS),\u00a0 terminou nesse domingo (29)\u00a0com mais 40 esp\u00e9cies protegidas, 16 novas a\u00e7\u00f5es de coopera\u00e7\u00e3o internacional e 39 resolu\u00e7\u00f5es que dever\u00e3o ser adotadas pelos\u00a0132 pa\u00edses participantes, mais a Uni\u00e3o Europeia. Os resultados s\u00e3o in\u00e9ditos.<img decoding=\"async\" src=\"https:\/\/agenciabrasil.ebc.com.br\/ebc.png?id=1684141&amp;o=node\" \/><img decoding=\"async\" src=\"https:\/\/agenciabrasil.ebc.com.br\/ebc.gif?id=1684141&amp;o=node\" \/><\/p>\n<p><strong>Segundo o presidente da COP15, Jo\u00e3o Paulo Capobianco, a confer\u00eancia foi considerada um sucesso tanto no avan\u00e7o coletivo, quanto nas iniciativas lideradas pelo Brasil.<\/strong><\/p>\n<blockquote><p>\u201cN\u00f3s trouxemos 60 negociadores. Os maiores especialistas em aves, r\u00e9pteis, mam\u00edferos, insetos. Todos muito envolvidos nos debates que ocorreram ao longo da semana\u201d, afirmou.<\/p><\/blockquote>\n<p><strong>Foram aprovadas seis das sete propostas brasileiras de inclus\u00e3o de esp\u00e9cies nos Anexo I (esp\u00e9cies amea\u00e7adas de extin\u00e7\u00e3o) e Anexo II (esp\u00e9cies que demandam esfor\u00e7os internacionais de conserva\u00e7\u00e3o) da Conven\u00e7\u00e3o de Esp\u00e9cies Migrat\u00f3rias de Animais Silvestres (CMS, na sigla em ingl\u00eas).<\/strong><\/p>\n<p>As aves ma\u00e7arico-de-bico-torto e ma\u00e7arico-de-bico-virado foram listadas no Anexo I. O peixe pintado, o tubar\u00e3o ca\u00e7\u00e3o-cola-fina e a ave caboclinho-do-pantanal entraram para o Anexo II e as aves petr\u00e9is ser\u00e3o inclu\u00eddas nas duas listas.<\/p>\n<p><strong>A \u00fanica proposta brasileira que foi retirada das negocia\u00e7\u00f5es foi a de incluir o tubar\u00e3o ca\u00e7\u00e3o-anjo-espinhoso no Anexo II, sob a condi\u00e7\u00e3o de acordo para uma a\u00e7\u00e3o conjunta entre Brasil, Argentina e Uruguai a fim de\u00a0reavaliar a situa\u00e7\u00e3o da esp\u00e9cie<\/strong>. \u201cHavia uma controv\u00e9rsia se a esp\u00e9cie estava ou n\u00e3o em risco, ou algum tipo de amea\u00e7a\u201d, explica Capobianco.<\/p>\n<p>Outras iniciativas apoiadas pelo Brasil, mas lideradas por outros pa\u00edses, como a proposta francesa de inclus\u00e3o da ariranha nos dois anexos da CMS, tamb\u00e9m tiveram \u00eaxito.<\/p>\n<p><strong>Das 42 propostas globais para ajustes nas\u00a0<a href=\"https:\/\/agenciabrasil.ebc.com.br\/meio-ambiente\/noticia\/2026-03\/queda-na-conservacao-de-especies-migratorias-pautara-encontro-da-onu\" target=\"_blank\" rel=\"noopener\">listas de prote\u00e7\u00e3o<\/a>\u00a0do tratado internacional, tamb\u00e9m n\u00e3o foi acordada a retirada do cervo-de-Bokhara, uma esp\u00e9cie asi\u00e1tica que mesmo tendo apresentado melhora\u00a0na popula\u00e7\u00e3o, ainda permanecer\u00e1 protegida por mais alguns anos, at\u00e9 nova avalia\u00e7\u00e3o.<\/strong><\/p>\n<blockquote><p>\u201cHoje a gente ainda tem 400 esp\u00e9cies no mundo que fazem migra\u00e7\u00e3o, n\u00e3o est\u00e3o em nenhuma lista e tem sido um esfor\u00e7o gradativo, para cada vez mais, a gente conseguir a prote\u00e7\u00e3o dessas esp\u00e9cies. Conseguimos avan\u00e7ar em 10%. Em nenhuma outra COP houve\u00a0um n\u00famero t\u00e3o representativo\u201d, acrescentou o presidente do Instituto Brasileiro do Meio Ambiente e dos Recursos Naturais Renov\u00e1veis (Ibama), Rodrigo Agostinho.<\/p><\/blockquote>\n<p><strong>Entre as 16 a\u00e7\u00f5es de coopera\u00e7\u00e3o internacional, tamb\u00e9m foram aprovadas propostas brasileiras como o Plano de A\u00e7\u00e3o para a Conserva\u00e7\u00e3o dos\u00a0<a href=\"https:\/\/agenciabrasil.ebc.com.br\/meio-ambiente\/noticia\/2026-03\/cop15-aprova-maior-protecao-de-bagres-gigantes-da-amazonia-e-ariranhas\" target=\"_blank\" rel=\"noopener\">Grandes Bagres Migrat\u00f3rios Amaz\u00f4nicos<\/a>\u00a0e\u00a0as a\u00e7\u00f5es de coopera\u00e7\u00e3o para a conserva\u00e7\u00e3o do tubar\u00e3o-mangona e do tubar\u00e3o-peregrino.<\/strong><\/p>\n<p>Sob a lideran\u00e7a brasileira, tamb\u00e9m foram aprovadas 39 resolu\u00e7\u00f5es que tratam de sa\u00fade, prote\u00e7\u00e3o de habitats, compatibiliza\u00e7\u00e3o com as rotas migrat\u00f3rias e infraestrutura, especialmente de energia, que costuma criar barreiras em rela\u00e7\u00e3o \u00e0 migra\u00e7\u00e3o dessas esp\u00e9cies.<\/p>\n<blockquote><p>\u201cEssa conven\u00e7\u00e3o tem um aspecto importante de destacar. Ela \u00e9 legalmente vinculante. Quer dizer que as decis\u00f5es que ela toma, os pa\u00edses signat\u00e1rios t\u00eam que seguir. Ela tem for\u00e7a legal\u201d, refor\u00e7a Capobianco.<\/p><\/blockquote>\n<h2>Multilateralismo<\/h2>\n<p><strong>A escolha da Cidade de Campo Grande, considerada a porta do bioma Pantanal, que recebe centenas de esp\u00e9cies em suas rotas de migra\u00e7\u00e3o, foi considerada estrat\u00e9gica pelos negociadores de todo o mundo, destacou Patrick Luna, chefe da Divis\u00e3o de Biodiversidade do Minist\u00e9rio das\u00a0Rela\u00e7\u00f5es Exteriores.<\/strong><\/p>\n<p>\u201c\u00c9 uma regi\u00e3o que nos aproxima da mensagem fundamental dessa conven\u00e7\u00e3o de que n\u00e3o adianta um pa\u00eds sozinho proteger uma esp\u00e9cie, se essa esp\u00e9cie nasce em um pa\u00eds, se alimenta em um terceiro e tem um ciclo de maturidade mais adiante. \u00c9\u00a0necess\u00e1rio que todos os pa\u00edses [por onde ele passa] atuem de maneira coordenada.\u201d<\/p>\n<p><strong>O diplomata lembra que a escolha do Brasil para sediar a COP15 est\u00e1 inserida em uma pol\u00edtica de valoriza\u00e7\u00e3o do multilateralismo.<\/strong><\/p>\n<blockquote><p>\u201cN\u00f3s acreditamos que \u00e9 absolutamente imposs\u00edvel resolver os problemas [globais] de maneira isolada e essa COP nos aproxima muito dessa mensagem\u201d, acrescenta.<\/p><\/blockquote>\n<p>Os resultados da escolha pelo fortalecimento do trabalho de coopera\u00e7\u00e3o entre os pa\u00edses foram in\u00e9ditos, como o acordo pela constru\u00e7\u00e3o de estrat\u00e9gia de mobiliza\u00e7\u00e3o de recursos. \u201c\u00c9 uma plataforma para ajudar os pa\u00edses em desenvolvimento a estarem em condi\u00e7\u00f5es plenas de conseguir\u00a0cumprir os compromissos da CMS.\u201d<\/p>\n<p><em>*A equipe viajou a convite do Minist\u00e9rio do Meio Ambiente<\/em><\/p>\n<p>By: miradouronoticias.com.br\/ ag\u00eancia Brasil<\/p>\n<\/div>\n<\/div>\n<\/div>\n<\/div>\n<\/div>\n<\/div>\n<p><\/main><\/p>\n","protected":false},"excerpt":{"rendered":"<p>&nbsp; A 15\u00aa Confer\u00eancia das Na\u00e7\u00f5es Unidas sobre Esp\u00e9cies Migrat\u00f3rias de Animais Silvestres (COP15), em Campo Grande (MS),\u00a0 terminou nesse domingo (29)\u00a0com mais 40 esp\u00e9cies protegidas, 16 novas a\u00e7\u00f5es de coopera\u00e7\u00e3o internacional e 39 resolu\u00e7\u00f5es que dever\u00e3o ser adotadas pelos\u00a0132 pa\u00edses participantes, mais a Uni\u00e3o Europeia. Os resultados s\u00e3o in\u00e9ditos. Segundo o presidente da COP15, [&hellip;]<\/p>\n","protected":false},"author":4,"featured_media":32487,"comment_status":"open","ping_status":"closed","sticky":false,"template":"","format":"standard","meta":{"footnotes":""},"categories":[1],"tags":[],"class_list":["post-32486","post","type-post","status-publish","format-standard","has-post-thumbnail","hentry","category-destaque-principal"],"yoast_head":"<!-- This site is optimized with the Yoast SEO plugin v27.2 - https:\/\/yoast.com\/product\/yoast-seo-wordpress\/ -->\n<title>COP15 inclui mais 40 esp\u00e9cies em regras de prote\u00e7\u00e3o - Miradouro Not\u00edcias<\/title>\n<meta name=\"robots\" content=\"index, follow, max-snippet:-1, max-image-preview:large, max-video-preview:-1\" \/>\n<link rel=\"canonical\" href=\"https:\/\/miradouronoticias.com\/site\/2026\/03\/30\/cop15-inclui-mais-40-especies-em-regras-de-protecao\/\" \/>\n<meta property=\"og:locale\" content=\"pt_BR\" \/>\n<meta property=\"og:type\" content=\"article\" \/>\n<meta property=\"og:title\" content=\"COP15 inclui mais 40 esp\u00e9cies em regras de prote\u00e7\u00e3o - Miradouro Not\u00edcias\" \/>\n<meta property=\"og:description\" content=\"&nbsp; A 15\u00aa Confer\u00eancia das Na\u00e7\u00f5es Unidas sobre Esp\u00e9cies Migrat\u00f3rias de Animais Silvestres (COP15), em Campo Grande (MS),\u00a0 terminou nesse domingo (29)\u00a0com mais 40 esp\u00e9cies protegidas, 16 novas a\u00e7\u00f5es de coopera\u00e7\u00e3o internacional e 39 resolu\u00e7\u00f5es que dever\u00e3o ser adotadas pelos\u00a0132 pa\u00edses participantes, mais a Uni\u00e3o Europeia. Os resultados s\u00e3o in\u00e9ditos. Segundo o presidente da COP15, [&hellip;]\" \/>\n<meta property=\"og:url\" content=\"https:\/\/miradouronoticias.com\/site\/2026\/03\/30\/cop15-inclui-mais-40-especies-em-regras-de-protecao\/\" \/>\n<meta property=\"og:site_name\" content=\"Miradouro Not\u00edcias\" \/>\n<meta property=\"article:published_time\" content=\"2026-03-30T16:54:25+00:00\" \/>\n<meta property=\"og:image\" content=\"https:\/\/miradouronoticias.com\/site\/wp-content\/uploads\/2026\/03\/raf1252.webp\" \/>\n\t<meta property=\"og:image:width\" content=\"1170\" \/>\n\t<meta property=\"og:image:height\" content=\"700\" \/>\n\t<meta property=\"og:image:type\" content=\"image\/webp\" \/>\n<meta name=\"author\" content=\"Cl\u00e1udia Olyver\" \/>\n<meta name=\"twitter:card\" content=\"summary_large_image\" \/>\n<meta name=\"twitter:label1\" content=\"Escrito por\" \/>\n\t<meta name=\"twitter:data1\" content=\"Cl\u00e1udia Olyver\" \/>\n\t<meta name=\"twitter:label2\" content=\"Est. tempo de leitura\" \/>\n\t<meta name=\"twitter:data2\" content=\"4 minutos\" \/>\n<script type=\"application\/ld+json\" class=\"yoast-schema-graph\">{\"@context\":\"https:\/\/schema.org\",\"@graph\":[{\"@type\":\"Article\",\"@id\":\"https:\/\/miradouronoticias.com\/site\/2026\/03\/30\/cop15-inclui-mais-40-especies-em-regras-de-protecao\/#article\",\"isPartOf\":{\"@id\":\"https:\/\/miradouronoticias.com\/site\/2026\/03\/30\/cop15-inclui-mais-40-especies-em-regras-de-protecao\/\"},\"author\":{\"name\":\"Cl\u00e1udia Olyver\",\"@id\":\"https:\/\/miradouronoticias.com\/site\/#\/schema\/person\/73440d8c82222950df86f3e1a16aad3b\"},\"headline\":\"COP15 inclui mais 40 esp\u00e9cies em regras de prote\u00e7\u00e3o\",\"datePublished\":\"2026-03-30T16:54:25+00:00\",\"mainEntityOfPage\":{\"@id\":\"https:\/\/miradouronoticias.com\/site\/2026\/03\/30\/cop15-inclui-mais-40-especies-em-regras-de-protecao\/\"},\"wordCount\":798,\"commentCount\":0,\"publisher\":{\"@id\":\"https:\/\/miradouronoticias.com\/site\/#organization\"},\"image\":{\"@id\":\"https:\/\/miradouronoticias.com\/site\/2026\/03\/30\/cop15-inclui-mais-40-especies-em-regras-de-protecao\/#primaryimage\"},\"thumbnailUrl\":\"https:\/\/miradouronoticias.com\/site\/wp-content\/uploads\/2026\/03\/raf1252.webp\",\"articleSection\":[\"Destaque Principal\"],\"inLanguage\":\"pt-BR\",\"potentialAction\":[{\"@type\":\"CommentAction\",\"name\":\"Comment\",\"target\":[\"https:\/\/miradouronoticias.com\/site\/2026\/03\/30\/cop15-inclui-mais-40-especies-em-regras-de-protecao\/#respond\"]}]},{\"@type\":\"WebPage\",\"@id\":\"https:\/\/miradouronoticias.com\/site\/2026\/03\/30\/cop15-inclui-mais-40-especies-em-regras-de-protecao\/\",\"url\":\"https:\/\/miradouronoticias.com\/site\/2026\/03\/30\/cop15-inclui-mais-40-especies-em-regras-de-protecao\/\",\"name\":\"COP15 inclui mais 40 esp\u00e9cies em regras de prote\u00e7\u00e3o - Miradouro Not\u00edcias\",\"isPartOf\":{\"@id\":\"https:\/\/miradouronoticias.com\/site\/#website\"},\"primaryImageOfPage\":{\"@id\":\"https:\/\/miradouronoticias.com\/site\/2026\/03\/30\/cop15-inclui-mais-40-especies-em-regras-de-protecao\/#primaryimage\"},\"image\":{\"@id\":\"https:\/\/miradouronoticias.com\/site\/2026\/03\/30\/cop15-inclui-mais-40-especies-em-regras-de-protecao\/#primaryimage\"},\"thumbnailUrl\":\"https:\/\/miradouronoticias.com\/site\/wp-content\/uploads\/2026\/03\/raf1252.webp\",\"datePublished\":\"2026-03-30T16:54:25+00:00\",\"breadcrumb\":{\"@id\":\"https:\/\/miradouronoticias.com\/site\/2026\/03\/30\/cop15-inclui-mais-40-especies-em-regras-de-protecao\/#breadcrumb\"},\"inLanguage\":\"pt-BR\",\"potentialAction\":[{\"@type\":\"ReadAction\",\"target\":[\"https:\/\/miradouronoticias.com\/site\/2026\/03\/30\/cop15-inclui-mais-40-especies-em-regras-de-protecao\/\"]}]},{\"@type\":\"ImageObject\",\"inLanguage\":\"pt-BR\",\"@id\":\"https:\/\/miradouronoticias.com\/site\/2026\/03\/30\/cop15-inclui-mais-40-especies-em-regras-de-protecao\/#primaryimage\",\"url\":\"https:\/\/miradouronoticias.com\/site\/wp-content\/uploads\/2026\/03\/raf1252.webp\",\"contentUrl\":\"https:\/\/miradouronoticias.com\/site\/wp-content\/uploads\/2026\/03\/raf1252.webp\",\"width\":1170,\"height\":700},{\"@type\":\"BreadcrumbList\",\"@id\":\"https:\/\/miradouronoticias.com\/site\/2026\/03\/30\/cop15-inclui-mais-40-especies-em-regras-de-protecao\/#breadcrumb\",\"itemListElement\":[{\"@type\":\"ListItem\",\"position\":1,\"name\":\"In\u00edcio\",\"item\":\"https:\/\/miradouronoticias.com\/site\/\"},{\"@type\":\"ListItem\",\"position\":2,\"name\":\"COP15 inclui mais 40 esp\u00e9cies em regras de prote\u00e7\u00e3o\"}]},{\"@type\":\"WebSite\",\"@id\":\"https:\/\/miradouronoticias.com\/site\/#website\",\"url\":\"https:\/\/miradouronoticias.com\/site\/\",\"name\":\"Miradouro Not\u00edcias\",\"description\":\"Informa\u00e7\u00f5es da cidade e regi\u00e3o\",\"publisher\":{\"@id\":\"https:\/\/miradouronoticias.com\/site\/#organization\"},\"potentialAction\":[{\"@type\":\"SearchAction\",\"target\":{\"@type\":\"EntryPoint\",\"urlTemplate\":\"https:\/\/miradouronoticias.com\/site\/?s={search_term_string}\"},\"query-input\":{\"@type\":\"PropertyValueSpecification\",\"valueRequired\":true,\"valueName\":\"search_term_string\"}}],\"inLanguage\":\"pt-BR\"},{\"@type\":\"Organization\",\"@id\":\"https:\/\/miradouronoticias.com\/site\/#organization\",\"name\":\"Miradouro Not\u00edcias\",\"url\":\"https:\/\/miradouronoticias.com\/site\/\",\"logo\":{\"@type\":\"ImageObject\",\"inLanguage\":\"pt-BR\",\"@id\":\"https:\/\/miradouronoticias.com\/site\/#\/schema\/logo\/image\/\",\"url\":\"https:\/\/miradouronoticias.com\/site\/wp-content\/uploads\/2022\/01\/logomarcamiradouronoticias.png\",\"contentUrl\":\"https:\/\/miradouronoticias.com\/site\/wp-content\/uploads\/2022\/01\/logomarcamiradouronoticias.png\",\"width\":747,\"height\":263,\"caption\":\"Miradouro Not\u00edcias\"},\"image\":{\"@id\":\"https:\/\/miradouronoticias.com\/site\/#\/schema\/logo\/image\/\"}},{\"@type\":\"Person\",\"@id\":\"https:\/\/miradouronoticias.com\/site\/#\/schema\/person\/73440d8c82222950df86f3e1a16aad3b\",\"name\":\"Cl\u00e1udia Olyver\",\"sameAs\":[\"http:\/\/www.miradouronoticias.com\"],\"url\":\"https:\/\/miradouronoticias.com\/site\/author\/claudia\/\"}]}<\/script>\n<!-- \/ Yoast SEO plugin. -->","yoast_head_json":{"title":"COP15 inclui mais 40 esp\u00e9cies em regras de prote\u00e7\u00e3o - Miradouro Not\u00edcias","robots":{"index":"index","follow":"follow","max-snippet":"max-snippet:-1","max-image-preview":"max-image-preview:large","max-video-preview":"max-video-preview:-1"},"canonical":"https:\/\/miradouronoticias.com\/site\/2026\/03\/30\/cop15-inclui-mais-40-especies-em-regras-de-protecao\/","og_locale":"pt_BR","og_type":"article","og_title":"COP15 inclui mais 40 esp\u00e9cies em regras de prote\u00e7\u00e3o - Miradouro Not\u00edcias","og_description":"&nbsp; A 15\u00aa Confer\u00eancia das Na\u00e7\u00f5es Unidas sobre Esp\u00e9cies Migrat\u00f3rias de Animais Silvestres (COP15), em Campo Grande (MS),\u00a0 terminou nesse domingo (29)\u00a0com mais 40 esp\u00e9cies protegidas, 16 novas a\u00e7\u00f5es de coopera\u00e7\u00e3o internacional e 39 resolu\u00e7\u00f5es que dever\u00e3o ser adotadas pelos\u00a0132 pa\u00edses participantes, mais a Uni\u00e3o Europeia. Os resultados s\u00e3o in\u00e9ditos. Segundo o presidente da COP15, [&hellip;]","og_url":"https:\/\/miradouronoticias.com\/site\/2026\/03\/30\/cop15-inclui-mais-40-especies-em-regras-de-protecao\/","og_site_name":"Miradouro Not\u00edcias","article_published_time":"2026-03-30T16:54:25+00:00","og_image":[{"width":1170,"height":700,"url":"https:\/\/miradouronoticias.com\/site\/wp-content\/uploads\/2026\/03\/raf1252.webp","type":"image\/webp"}],"author":"Cl\u00e1udia Olyver","twitter_card":"summary_large_image","twitter_misc":{"Escrito por":"Cl\u00e1udia Olyver","Est. tempo de leitura":"4 minutos"},"schema":{"@context":"https:\/\/schema.org","@graph":[{"@type":"Article","@id":"https:\/\/miradouronoticias.com\/site\/2026\/03\/30\/cop15-inclui-mais-40-especies-em-regras-de-protecao\/#article","isPartOf":{"@id":"https:\/\/miradouronoticias.com\/site\/2026\/03\/30\/cop15-inclui-mais-40-especies-em-regras-de-protecao\/"},"author":{"name":"Cl\u00e1udia Olyver","@id":"https:\/\/miradouronoticias.com\/site\/#\/schema\/person\/73440d8c82222950df86f3e1a16aad3b"},"headline":"COP15 inclui mais 40 esp\u00e9cies em regras de prote\u00e7\u00e3o","datePublished":"2026-03-30T16:54:25+00:00","mainEntityOfPage":{"@id":"https:\/\/miradouronoticias.com\/site\/2026\/03\/30\/cop15-inclui-mais-40-especies-em-regras-de-protecao\/"},"wordCount":798,"commentCount":0,"publisher":{"@id":"https:\/\/miradouronoticias.com\/site\/#organization"},"image":{"@id":"https:\/\/miradouronoticias.com\/site\/2026\/03\/30\/cop15-inclui-mais-40-especies-em-regras-de-protecao\/#primaryimage"},"thumbnailUrl":"https:\/\/miradouronoticias.com\/site\/wp-content\/uploads\/2026\/03\/raf1252.webp","articleSection":["Destaque Principal"],"inLanguage":"pt-BR","potentialAction":[{"@type":"CommentAction","name":"Comment","target":["https:\/\/miradouronoticias.com\/site\/2026\/03\/30\/cop15-inclui-mais-40-especies-em-regras-de-protecao\/#respond"]}]},{"@type":"WebPage","@id":"https:\/\/miradouronoticias.com\/site\/2026\/03\/30\/cop15-inclui-mais-40-especies-em-regras-de-protecao\/","url":"https:\/\/miradouronoticias.com\/site\/2026\/03\/30\/cop15-inclui-mais-40-especies-em-regras-de-protecao\/","name":"COP15 inclui mais 40 esp\u00e9cies em regras de prote\u00e7\u00e3o - Miradouro Not\u00edcias","isPartOf":{"@id":"https:\/\/miradouronoticias.com\/site\/#website"},"primaryImageOfPage":{"@id":"https:\/\/miradouronoticias.com\/site\/2026\/03\/30\/cop15-inclui-mais-40-especies-em-regras-de-protecao\/#primaryimage"},"image":{"@id":"https:\/\/miradouronoticias.com\/site\/2026\/03\/30\/cop15-inclui-mais-40-especies-em-regras-de-protecao\/#primaryimage"},"thumbnailUrl":"https:\/\/miradouronoticias.com\/site\/wp-content\/uploads\/2026\/03\/raf1252.webp","datePublished":"2026-03-30T16:54:25+00:00","breadcrumb":{"@id":"https:\/\/miradouronoticias.com\/site\/2026\/03\/30\/cop15-inclui-mais-40-especies-em-regras-de-protecao\/#breadcrumb"},"inLanguage":"pt-BR","potentialAction":[{"@type":"ReadAction","target":["https:\/\/miradouronoticias.com\/site\/2026\/03\/30\/cop15-inclui-mais-40-especies-em-regras-de-protecao\/"]}]},{"@type":"ImageObject","inLanguage":"pt-BR","@id":"https:\/\/miradouronoticias.com\/site\/2026\/03\/30\/cop15-inclui-mais-40-especies-em-regras-de-protecao\/#primaryimage","url":"https:\/\/miradouronoticias.com\/site\/wp-content\/uploads\/2026\/03\/raf1252.webp","contentUrl":"https:\/\/miradouronoticias.com\/site\/wp-content\/uploads\/2026\/03\/raf1252.webp","width":1170,"height":700},{"@type":"BreadcrumbList","@id":"https:\/\/miradouronoticias.com\/site\/2026\/03\/30\/cop15-inclui-mais-40-especies-em-regras-de-protecao\/#breadcrumb","itemListElement":[{"@type":"ListItem","position":1,"name":"In\u00edcio","item":"https:\/\/miradouronoticias.com\/site\/"},{"@type":"ListItem","position":2,"name":"COP15 inclui mais 40 esp\u00e9cies em regras de prote\u00e7\u00e3o"}]},{"@type":"WebSite","@id":"https:\/\/miradouronoticias.com\/site\/#website","url":"https:\/\/miradouronoticias.com\/site\/","name":"Miradouro Not\u00edcias","description":"Informa\u00e7\u00f5es da cidade e regi\u00e3o","publisher":{"@id":"https:\/\/miradouronoticias.com\/site\/#organization"},"potentialAction":[{"@type":"SearchAction","target":{"@type":"EntryPoint","urlTemplate":"https:\/\/miradouronoticias.com\/site\/?s={search_term_string}"},"query-input":{"@type":"PropertyValueSpecification","valueRequired":true,"valueName":"search_term_string"}}],"inLanguage":"pt-BR"},{"@type":"Organization","@id":"https:\/\/miradouronoticias.com\/site\/#organization","name":"Miradouro Not\u00edcias","url":"https:\/\/miradouronoticias.com\/site\/","logo":{"@type":"ImageObject","inLanguage":"pt-BR","@id":"https:\/\/miradouronoticias.com\/site\/#\/schema\/logo\/image\/","url":"https:\/\/miradouronoticias.com\/site\/wp-content\/uploads\/2022\/01\/logomarcamiradouronoticias.png","contentUrl":"https:\/\/miradouronoticias.com\/site\/wp-content\/uploads\/2022\/01\/logomarcamiradouronoticias.png","width":747,"height":263,"caption":"Miradouro Not\u00edcias"},"image":{"@id":"https:\/\/miradouronoticias.com\/site\/#\/schema\/logo\/image\/"}},{"@type":"Person","@id":"https:\/\/miradouronoticias.com\/site\/#\/schema\/person\/73440d8c82222950df86f3e1a16aad3b","name":"Cl\u00e1udia Olyver","sameAs":["http:\/\/www.miradouronoticias.com"],"url":"https:\/\/miradouronoticias.com\/site\/author\/claudia\/"}]}},"_links":{"self":[{"href":"https:\/\/miradouronoticias.com\/site\/wp-json\/wp\/v2\/posts\/32486","targetHints":{"allow":["GET"]}}],"collection":[{"href":"https:\/\/miradouronoticias.com\/site\/wp-json\/wp\/v2\/posts"}],"about":[{"href":"https:\/\/miradouronoticias.com\/site\/wp-json\/wp\/v2\/types\/post"}],"author":[{"embeddable":true,"href":"https:\/\/miradouronoticias.com\/site\/wp-json\/wp\/v2\/users\/4"}],"replies":[{"embeddable":true,"href":"https:\/\/miradouronoticias.com\/site\/wp-json\/wp\/v2\/comments?post=32486"}],"version-history":[{"count":1,"href":"https:\/\/miradouronoticias.com\/site\/wp-json\/wp\/v2\/posts\/32486\/revisions"}],"predecessor-version":[{"id":32488,"href":"https:\/\/miradouronoticias.com\/site\/wp-json\/wp\/v2\/posts\/32486\/revisions\/32488"}],"wp:featuredmedia":[{"embeddable":true,"href":"https:\/\/miradouronoticias.com\/site\/wp-json\/wp\/v2\/media\/32487"}],"wp:attachment":[{"href":"https:\/\/miradouronoticias.com\/site\/wp-json\/wp\/v2\/media?parent=32486"}],"wp:term":[{"taxonomy":"category","embeddable":true,"href":"https:\/\/miradouronoticias.com\/site\/wp-json\/wp\/v2\/categories?post=32486"},{"taxonomy":"post_tag","embeddable":true,"href":"https:\/\/miradouronoticias.com\/site\/wp-json\/wp\/v2\/tags?post=32486"}],"curies":[{"name":"wp","href":"https:\/\/api.w.org\/{rel}","templated":true}]}}