{"id":32483,"date":"2026-03-30T13:45:32","date_gmt":"2026-03-30T16:45:32","guid":{"rendered":"https:\/\/miradouronoticias.com\/site\/?p=32483"},"modified":"2026-03-30T13:45:32","modified_gmt":"2026-03-30T16:45:32","slug":"pe-de-meia-beneficiarios-nascidos-em-novembro-e-dezembro-recebem-hoje","status":"publish","type":"post","link":"https:\/\/miradouronoticias.com\/site\/2026\/03\/30\/pe-de-meia-beneficiarios-nascidos-em-novembro-e-dezembro-recebem-hoje\/","title":{"rendered":"P\u00e9-de-Meia: benefici\u00e1rios nascidos em novembro e dezembro recebem hoje"},"content":{"rendered":"<p><img loading=\"lazy\" decoding=\"async\" class=\"alignnone size-medium wp-image-32484\" src=\"https:\/\/miradouronoticias.com\/site\/wp-content\/uploads\/2026\/03\/0d4a4629_0-300x179.webp\" alt=\"\" width=\"300\" height=\"179\" srcset=\"https:\/\/miradouronoticias.com\/site\/wp-content\/uploads\/2026\/03\/0d4a4629_0-300x179.webp 300w, https:\/\/miradouronoticias.com\/site\/wp-content\/uploads\/2026\/03\/0d4a4629_0-1024x613.webp 1024w, https:\/\/miradouronoticias.com\/site\/wp-content\/uploads\/2026\/03\/0d4a4629_0-768x459.webp 768w, https:\/\/miradouronoticias.com\/site\/wp-content\/uploads\/2026\/03\/0d4a4629_0.webp 1170w\" sizes=\"auto, (max-width: 300px) 100vw, 300px\" \/><\/p>\n<p>Os estudantes beneficiados pelo programa P\u00e9-de-Meia de 2026, que nasceram nos meses de novembro e dezembro, recebem nesta segunda-feira (30) a primeira parcela referente ao incentivo-matr\u00edcula.<img decoding=\"async\" src=\"https:\/\/agenciabrasil.ebc.com.br\/ebc.png?id=1684140&amp;o=node\" \/><img decoding=\"async\" src=\"https:\/\/agenciabrasil.ebc.com.br\/ebc.gif?id=1684140&amp;o=node\" \/><\/p>\n<p><strong>O valor de R$ 200 ser\u00e1 creditado em conta poupan\u00e7a\u00a0Caixa Tem, aberta automaticamente pela Caixa Econ\u00f4mica Federal em nome dos estudantes participantes.<\/strong><\/p>\n<p>A parcela \u00e9 depositada conforme o m\u00eas de nascimento dos estudantes de 14 a 24 anos, que cumprem os requisitos do P\u00e9-de-Meia.<\/p>\n<p><a href=\"https:\/\/www.whatsapp.com\/channel\/0029VaoRTgrInlqYLSk59B2M\" target=\"_blank\" rel=\"noopener\">&gt;&gt; Siga o canal da\u00a0<strong>Ag\u00eancia Brasil\u00a0<\/strong>no WhatsApp<\/a><\/p>\n<p><strong>Confira o calend\u00e1rio de pagamentos:<\/strong><\/p>\n<p>\u00b7\u00a0\u00a0\u00a0\u00a0\u00a0\u00a0\u00a0\u00a0 Nascidos em janeiro e fevereiro: receberam em 23 de mar\u00e7o;<\/p>\n<p>\u00b7\u00a0\u00a0\u00a0\u00a0\u00a0\u00a0\u00a0\u00a0 em mar\u00e7o e abril: receberam em 24 de mar\u00e7o;<\/p>\n<p>\u00b7\u00a0\u00a0\u00a0\u00a0\u00a0\u00a0\u00a0\u00a0 em maio e junho: receberam em 25 de mar\u00e7o;<\/p>\n<p>\u00b7\u00a0\u00a0\u00a0\u00a0\u00a0\u00a0\u00a0\u00a0 em julho e agosto: receberam em 26 de mar\u00e7o;<\/p>\n<p>\u00b7\u00a0\u00a0\u00a0\u00a0\u00a0\u00a0\u00a0\u00a0 em setembro e outubro: receberam em 27 de mar\u00e7o;<\/p>\n<p>\u00b7\u00a0\u00a0\u00a0\u00a0\u00a0\u00a0\u00a0\u00a0 em novembro e dezembro: receberam nesta segunda-feira (30);<\/p>\n<p><strong>O P\u00e9-de-Meia funciona como uma poupan\u00e7a para incentivar a perman\u00eancia de jovens nos estudos at\u00e9 a conclus\u00e3o do ensino m\u00e9dio. Cerca de 3,6 milh\u00f5es de estudantes receber\u00e3o o incentivo-matr\u00edcula de 2026.<\/strong><\/p>\n<p><strong>Quem tem direito<\/strong><\/p>\n<p><strong>A participa\u00e7\u00e3o no P\u00e9-de-Meia ocorre de forma autom\u00e1tica para os estudantes matriculados na rede p\u00fablica de sa\u00fade e com inscri\u00e7\u00f5es ativas no Cadastro \u00danico (Cad\u00danico). Em 2026, \u00e9 preciso ter cadastro ativo at\u00e9 a data-base de 7 de agosto de 2026. Tamb\u00e9m \u00e9 preciso ter renda familiar de at\u00e9 meio sal\u00e1rio m\u00ednimo por pessoa.<\/strong><\/p>\n<p>O Minist\u00e9rio da Educa\u00e7\u00e3o (MEC) \u00e9 o respons\u00e1vel por verificar se o jovem pode participar do programa federal a partir dos dados do Cad\u00danico.<\/p>\n<p><strong>Outros pagamentos<\/strong><\/p>\n<p><strong>Neste m\u00eas, o MEC tamb\u00e9m paga o incentivo-conclus\u00e3o aos participantes do P\u00e9-de-Meia que deixaram de receber na data regular porque as redes de ensino n\u00e3o tinham enviado as informa\u00e7\u00f5es no prazo anterior estabelecido pelo programa.<\/strong><\/p>\n<p>O valor de R$ 1 mil do incentivo conclus\u00e3o \u00e9 referente \u00e0 aprova\u00e7\u00e3o em cada ano letivo do ensino m\u00e9dio, mas somente pode ser sacado ap\u00f3s a aprova\u00e7\u00e3o no terceiro ano.<\/p>\n<p>O Minist\u00e9rio da Educa\u00e7\u00e3o explica que\u00a0\u00e0 medida que as redes de ensino repassam ao MEC os dados que informam a conclus\u00e3o, os estudantes benefici\u00e1rios podem receber os valores nas pr\u00f3ximas datas de pagamento do programa.<\/p>\n<p><a href=\"https:\/\/agenciabrasil.ebc.com.br\/educacao\/noticia\/2026-02\/mec-divulga-calendario-de-pagamento-do-pe-de-meia-2026\" target=\"_blank\" rel=\"noopener\">Confira o calend\u00e1rio completo de pagamentos do P\u00e9-de-Meia em 2026<\/a>.<\/p>\n<h2>P\u00e9-de-Meia<\/h2>\n<p><strong>O Minist\u00e9rio da Educa\u00e7\u00e3o estima\u00a0que, desde 2024, o programa alcan\u00e7ou 6 milh\u00f5es de estudantes em todo o Brasil.<\/strong><\/p>\n<p>Considerando todas as parcelas de incentivo, os dep\u00f3sitos anuais e o adicional de R$ 200 pela participa\u00e7\u00e3o no Exame Nacional do Ensino M\u00e9dio (Enem),\u00a0os valores do P\u00e9-de-Meia podem chegar a R$ 9.200 por aluno.<\/p>\n<p><strong>O estudante pode consultar os status de pagamentos (rejeitados ou aprovados), informa\u00e7\u00f5es escolares e regras do programa na\u00a0<a href=\"https:\/\/estudante.pedemeia.mec.gov.br\/%C2%A0\" target=\"_blank\" rel=\"noopener\">p\u00e1gina eletr\u00f4nica do P\u00e9-de-Meia<\/a>, com login da plataforma digital Gov.br. \u00c9 preciso digitar a senha da conta do estudante.<\/strong><\/p>\n<p>Se precisar de ajuda, o estudante ainda conta com outros canais de atendimento, como o Fale Conosco, no telefone 0800-616161.<\/p>\n<p>By: miradouronoticias.com.br\/ ag\u00eancia Brasil<\/p>\n","protected":false},"excerpt":{"rendered":"<p>Os estudantes beneficiados pelo programa P\u00e9-de-Meia de 2026, que nasceram nos meses de novembro e dezembro, recebem nesta segunda-feira (30) a primeira parcela referente ao incentivo-matr\u00edcula. O valor de R$ 200 ser\u00e1 creditado em conta poupan\u00e7a\u00a0Caixa Tem, aberta automaticamente pela Caixa Econ\u00f4mica Federal em nome dos estudantes participantes. A parcela \u00e9 depositada conforme o m\u00eas [&hellip;]<\/p>\n","protected":false},"author":4,"featured_media":32484,"comment_status":"open","ping_status":"closed","sticky":false,"template":"","format":"standard","meta":{"footnotes":""},"categories":[1,29],"tags":[],"class_list":["post-32483","post","type-post","status-publish","format-standard","has-post-thumbnail","hentry","category-destaque-principal","category-economia"],"yoast_head":"<!-- This site is optimized with the Yoast SEO plugin v27.2 - https:\/\/yoast.com\/product\/yoast-seo-wordpress\/ -->\n<title>P\u00e9-de-Meia: benefici\u00e1rios nascidos em novembro e dezembro recebem hoje - Miradouro Not\u00edcias<\/title>\n<meta name=\"robots\" content=\"index, follow, max-snippet:-1, max-image-preview:large, max-video-preview:-1\" \/>\n<link rel=\"canonical\" href=\"https:\/\/miradouronoticias.com\/site\/2026\/03\/30\/pe-de-meia-beneficiarios-nascidos-em-novembro-e-dezembro-recebem-hoje\/\" \/>\n<meta property=\"og:locale\" content=\"pt_BR\" \/>\n<meta property=\"og:type\" content=\"article\" \/>\n<meta property=\"og:title\" content=\"P\u00e9-de-Meia: benefici\u00e1rios nascidos em novembro e dezembro recebem hoje - Miradouro Not\u00edcias\" \/>\n<meta property=\"og:description\" content=\"Os estudantes beneficiados pelo programa P\u00e9-de-Meia de 2026, que nasceram nos meses de novembro e dezembro, recebem nesta segunda-feira (30) a primeira parcela referente ao incentivo-matr\u00edcula. O valor de R$ 200 ser\u00e1 creditado em conta poupan\u00e7a\u00a0Caixa Tem, aberta automaticamente pela Caixa Econ\u00f4mica Federal em nome dos estudantes participantes. A parcela \u00e9 depositada conforme o m\u00eas [&hellip;]\" \/>\n<meta property=\"og:url\" content=\"https:\/\/miradouronoticias.com\/site\/2026\/03\/30\/pe-de-meia-beneficiarios-nascidos-em-novembro-e-dezembro-recebem-hoje\/\" \/>\n<meta property=\"og:site_name\" content=\"Miradouro Not\u00edcias\" \/>\n<meta property=\"article:published_time\" content=\"2026-03-30T16:45:32+00:00\" \/>\n<meta property=\"og:image\" content=\"https:\/\/miradouronoticias.com\/site\/wp-content\/uploads\/2026\/03\/0d4a4629_0.webp\" \/>\n\t<meta property=\"og:image:width\" content=\"1170\" \/>\n\t<meta property=\"og:image:height\" content=\"700\" \/>\n\t<meta property=\"og:image:type\" content=\"image\/webp\" \/>\n<meta name=\"author\" content=\"Cl\u00e1udia Olyver\" \/>\n<meta name=\"twitter:card\" content=\"summary_large_image\" \/>\n<meta name=\"twitter:label1\" content=\"Escrito por\" \/>\n\t<meta name=\"twitter:data1\" content=\"Cl\u00e1udia Olyver\" \/>\n\t<meta name=\"twitter:label2\" content=\"Est. tempo de leitura\" \/>\n\t<meta name=\"twitter:data2\" content=\"4 minutos\" \/>\n<script type=\"application\/ld+json\" class=\"yoast-schema-graph\">{\"@context\":\"https:\/\/schema.org\",\"@graph\":[{\"@type\":\"Article\",\"@id\":\"https:\/\/miradouronoticias.com\/site\/2026\/03\/30\/pe-de-meia-beneficiarios-nascidos-em-novembro-e-dezembro-recebem-hoje\/#article\",\"isPartOf\":{\"@id\":\"https:\/\/miradouronoticias.com\/site\/2026\/03\/30\/pe-de-meia-beneficiarios-nascidos-em-novembro-e-dezembro-recebem-hoje\/\"},\"author\":{\"name\":\"Cl\u00e1udia Olyver\",\"@id\":\"https:\/\/miradouronoticias.com\/site\/#\/schema\/person\/73440d8c82222950df86f3e1a16aad3b\"},\"headline\":\"P\u00e9-de-Meia: benefici\u00e1rios nascidos em novembro e dezembro recebem hoje\",\"datePublished\":\"2026-03-30T16:45:32+00:00\",\"mainEntityOfPage\":{\"@id\":\"https:\/\/miradouronoticias.com\/site\/2026\/03\/30\/pe-de-meia-beneficiarios-nascidos-em-novembro-e-dezembro-recebem-hoje\/\"},\"wordCount\":534,\"commentCount\":0,\"publisher\":{\"@id\":\"https:\/\/miradouronoticias.com\/site\/#organization\"},\"image\":{\"@id\":\"https:\/\/miradouronoticias.com\/site\/2026\/03\/30\/pe-de-meia-beneficiarios-nascidos-em-novembro-e-dezembro-recebem-hoje\/#primaryimage\"},\"thumbnailUrl\":\"https:\/\/miradouronoticias.com\/site\/wp-content\/uploads\/2026\/03\/0d4a4629_0.webp\",\"articleSection\":[\"Destaque Principal\",\"Economia\"],\"inLanguage\":\"pt-BR\",\"potentialAction\":[{\"@type\":\"CommentAction\",\"name\":\"Comment\",\"target\":[\"https:\/\/miradouronoticias.com\/site\/2026\/03\/30\/pe-de-meia-beneficiarios-nascidos-em-novembro-e-dezembro-recebem-hoje\/#respond\"]}]},{\"@type\":\"WebPage\",\"@id\":\"https:\/\/miradouronoticias.com\/site\/2026\/03\/30\/pe-de-meia-beneficiarios-nascidos-em-novembro-e-dezembro-recebem-hoje\/\",\"url\":\"https:\/\/miradouronoticias.com\/site\/2026\/03\/30\/pe-de-meia-beneficiarios-nascidos-em-novembro-e-dezembro-recebem-hoje\/\",\"name\":\"P\u00e9-de-Meia: benefici\u00e1rios nascidos em novembro e dezembro recebem hoje - Miradouro Not\u00edcias\",\"isPartOf\":{\"@id\":\"https:\/\/miradouronoticias.com\/site\/#website\"},\"primaryImageOfPage\":{\"@id\":\"https:\/\/miradouronoticias.com\/site\/2026\/03\/30\/pe-de-meia-beneficiarios-nascidos-em-novembro-e-dezembro-recebem-hoje\/#primaryimage\"},\"image\":{\"@id\":\"https:\/\/miradouronoticias.com\/site\/2026\/03\/30\/pe-de-meia-beneficiarios-nascidos-em-novembro-e-dezembro-recebem-hoje\/#primaryimage\"},\"thumbnailUrl\":\"https:\/\/miradouronoticias.com\/site\/wp-content\/uploads\/2026\/03\/0d4a4629_0.webp\",\"datePublished\":\"2026-03-30T16:45:32+00:00\",\"breadcrumb\":{\"@id\":\"https:\/\/miradouronoticias.com\/site\/2026\/03\/30\/pe-de-meia-beneficiarios-nascidos-em-novembro-e-dezembro-recebem-hoje\/#breadcrumb\"},\"inLanguage\":\"pt-BR\",\"potentialAction\":[{\"@type\":\"ReadAction\",\"target\":[\"https:\/\/miradouronoticias.com\/site\/2026\/03\/30\/pe-de-meia-beneficiarios-nascidos-em-novembro-e-dezembro-recebem-hoje\/\"]}]},{\"@type\":\"ImageObject\",\"inLanguage\":\"pt-BR\",\"@id\":\"https:\/\/miradouronoticias.com\/site\/2026\/03\/30\/pe-de-meia-beneficiarios-nascidos-em-novembro-e-dezembro-recebem-hoje\/#primaryimage\",\"url\":\"https:\/\/miradouronoticias.com\/site\/wp-content\/uploads\/2026\/03\/0d4a4629_0.webp\",\"contentUrl\":\"https:\/\/miradouronoticias.com\/site\/wp-content\/uploads\/2026\/03\/0d4a4629_0.webp\",\"width\":1170,\"height\":700},{\"@type\":\"BreadcrumbList\",\"@id\":\"https:\/\/miradouronoticias.com\/site\/2026\/03\/30\/pe-de-meia-beneficiarios-nascidos-em-novembro-e-dezembro-recebem-hoje\/#breadcrumb\",\"itemListElement\":[{\"@type\":\"ListItem\",\"position\":1,\"name\":\"In\u00edcio\",\"item\":\"https:\/\/miradouronoticias.com\/site\/\"},{\"@type\":\"ListItem\",\"position\":2,\"name\":\"P\u00e9-de-Meia: benefici\u00e1rios nascidos em novembro e dezembro recebem hoje\"}]},{\"@type\":\"WebSite\",\"@id\":\"https:\/\/miradouronoticias.com\/site\/#website\",\"url\":\"https:\/\/miradouronoticias.com\/site\/\",\"name\":\"Miradouro Not\u00edcias\",\"description\":\"Informa\u00e7\u00f5es da cidade e regi\u00e3o\",\"publisher\":{\"@id\":\"https:\/\/miradouronoticias.com\/site\/#organization\"},\"potentialAction\":[{\"@type\":\"SearchAction\",\"target\":{\"@type\":\"EntryPoint\",\"urlTemplate\":\"https:\/\/miradouronoticias.com\/site\/?s={search_term_string}\"},\"query-input\":{\"@type\":\"PropertyValueSpecification\",\"valueRequired\":true,\"valueName\":\"search_term_string\"}}],\"inLanguage\":\"pt-BR\"},{\"@type\":\"Organization\",\"@id\":\"https:\/\/miradouronoticias.com\/site\/#organization\",\"name\":\"Miradouro Not\u00edcias\",\"url\":\"https:\/\/miradouronoticias.com\/site\/\",\"logo\":{\"@type\":\"ImageObject\",\"inLanguage\":\"pt-BR\",\"@id\":\"https:\/\/miradouronoticias.com\/site\/#\/schema\/logo\/image\/\",\"url\":\"https:\/\/miradouronoticias.com\/site\/wp-content\/uploads\/2022\/01\/logomarcamiradouronoticias.png\",\"contentUrl\":\"https:\/\/miradouronoticias.com\/site\/wp-content\/uploads\/2022\/01\/logomarcamiradouronoticias.png\",\"width\":747,\"height\":263,\"caption\":\"Miradouro Not\u00edcias\"},\"image\":{\"@id\":\"https:\/\/miradouronoticias.com\/site\/#\/schema\/logo\/image\/\"}},{\"@type\":\"Person\",\"@id\":\"https:\/\/miradouronoticias.com\/site\/#\/schema\/person\/73440d8c82222950df86f3e1a16aad3b\",\"name\":\"Cl\u00e1udia Olyver\",\"sameAs\":[\"http:\/\/www.miradouronoticias.com\"],\"url\":\"https:\/\/miradouronoticias.com\/site\/author\/claudia\/\"}]}<\/script>\n<!-- \/ Yoast SEO plugin. -->","yoast_head_json":{"title":"P\u00e9-de-Meia: benefici\u00e1rios nascidos em novembro e dezembro recebem hoje - Miradouro Not\u00edcias","robots":{"index":"index","follow":"follow","max-snippet":"max-snippet:-1","max-image-preview":"max-image-preview:large","max-video-preview":"max-video-preview:-1"},"canonical":"https:\/\/miradouronoticias.com\/site\/2026\/03\/30\/pe-de-meia-beneficiarios-nascidos-em-novembro-e-dezembro-recebem-hoje\/","og_locale":"pt_BR","og_type":"article","og_title":"P\u00e9-de-Meia: benefici\u00e1rios nascidos em novembro e dezembro recebem hoje - Miradouro Not\u00edcias","og_description":"Os estudantes beneficiados pelo programa P\u00e9-de-Meia de 2026, que nasceram nos meses de novembro e dezembro, recebem nesta segunda-feira (30) a primeira parcela referente ao incentivo-matr\u00edcula. O valor de R$ 200 ser\u00e1 creditado em conta poupan\u00e7a\u00a0Caixa Tem, aberta automaticamente pela Caixa Econ\u00f4mica Federal em nome dos estudantes participantes. A parcela \u00e9 depositada conforme o m\u00eas [&hellip;]","og_url":"https:\/\/miradouronoticias.com\/site\/2026\/03\/30\/pe-de-meia-beneficiarios-nascidos-em-novembro-e-dezembro-recebem-hoje\/","og_site_name":"Miradouro Not\u00edcias","article_published_time":"2026-03-30T16:45:32+00:00","og_image":[{"width":1170,"height":700,"url":"https:\/\/miradouronoticias.com\/site\/wp-content\/uploads\/2026\/03\/0d4a4629_0.webp","type":"image\/webp"}],"author":"Cl\u00e1udia Olyver","twitter_card":"summary_large_image","twitter_misc":{"Escrito por":"Cl\u00e1udia Olyver","Est. tempo de leitura":"4 minutos"},"schema":{"@context":"https:\/\/schema.org","@graph":[{"@type":"Article","@id":"https:\/\/miradouronoticias.com\/site\/2026\/03\/30\/pe-de-meia-beneficiarios-nascidos-em-novembro-e-dezembro-recebem-hoje\/#article","isPartOf":{"@id":"https:\/\/miradouronoticias.com\/site\/2026\/03\/30\/pe-de-meia-beneficiarios-nascidos-em-novembro-e-dezembro-recebem-hoje\/"},"author":{"name":"Cl\u00e1udia Olyver","@id":"https:\/\/miradouronoticias.com\/site\/#\/schema\/person\/73440d8c82222950df86f3e1a16aad3b"},"headline":"P\u00e9-de-Meia: benefici\u00e1rios nascidos em novembro e dezembro recebem hoje","datePublished":"2026-03-30T16:45:32+00:00","mainEntityOfPage":{"@id":"https:\/\/miradouronoticias.com\/site\/2026\/03\/30\/pe-de-meia-beneficiarios-nascidos-em-novembro-e-dezembro-recebem-hoje\/"},"wordCount":534,"commentCount":0,"publisher":{"@id":"https:\/\/miradouronoticias.com\/site\/#organization"},"image":{"@id":"https:\/\/miradouronoticias.com\/site\/2026\/03\/30\/pe-de-meia-beneficiarios-nascidos-em-novembro-e-dezembro-recebem-hoje\/#primaryimage"},"thumbnailUrl":"https:\/\/miradouronoticias.com\/site\/wp-content\/uploads\/2026\/03\/0d4a4629_0.webp","articleSection":["Destaque Principal","Economia"],"inLanguage":"pt-BR","potentialAction":[{"@type":"CommentAction","name":"Comment","target":["https:\/\/miradouronoticias.com\/site\/2026\/03\/30\/pe-de-meia-beneficiarios-nascidos-em-novembro-e-dezembro-recebem-hoje\/#respond"]}]},{"@type":"WebPage","@id":"https:\/\/miradouronoticias.com\/site\/2026\/03\/30\/pe-de-meia-beneficiarios-nascidos-em-novembro-e-dezembro-recebem-hoje\/","url":"https:\/\/miradouronoticias.com\/site\/2026\/03\/30\/pe-de-meia-beneficiarios-nascidos-em-novembro-e-dezembro-recebem-hoje\/","name":"P\u00e9-de-Meia: benefici\u00e1rios nascidos em novembro e dezembro recebem hoje - Miradouro Not\u00edcias","isPartOf":{"@id":"https:\/\/miradouronoticias.com\/site\/#website"},"primaryImageOfPage":{"@id":"https:\/\/miradouronoticias.com\/site\/2026\/03\/30\/pe-de-meia-beneficiarios-nascidos-em-novembro-e-dezembro-recebem-hoje\/#primaryimage"},"image":{"@id":"https:\/\/miradouronoticias.com\/site\/2026\/03\/30\/pe-de-meia-beneficiarios-nascidos-em-novembro-e-dezembro-recebem-hoje\/#primaryimage"},"thumbnailUrl":"https:\/\/miradouronoticias.com\/site\/wp-content\/uploads\/2026\/03\/0d4a4629_0.webp","datePublished":"2026-03-30T16:45:32+00:00","breadcrumb":{"@id":"https:\/\/miradouronoticias.com\/site\/2026\/03\/30\/pe-de-meia-beneficiarios-nascidos-em-novembro-e-dezembro-recebem-hoje\/#breadcrumb"},"inLanguage":"pt-BR","potentialAction":[{"@type":"ReadAction","target":["https:\/\/miradouronoticias.com\/site\/2026\/03\/30\/pe-de-meia-beneficiarios-nascidos-em-novembro-e-dezembro-recebem-hoje\/"]}]},{"@type":"ImageObject","inLanguage":"pt-BR","@id":"https:\/\/miradouronoticias.com\/site\/2026\/03\/30\/pe-de-meia-beneficiarios-nascidos-em-novembro-e-dezembro-recebem-hoje\/#primaryimage","url":"https:\/\/miradouronoticias.com\/site\/wp-content\/uploads\/2026\/03\/0d4a4629_0.webp","contentUrl":"https:\/\/miradouronoticias.com\/site\/wp-content\/uploads\/2026\/03\/0d4a4629_0.webp","width":1170,"height":700},{"@type":"BreadcrumbList","@id":"https:\/\/miradouronoticias.com\/site\/2026\/03\/30\/pe-de-meia-beneficiarios-nascidos-em-novembro-e-dezembro-recebem-hoje\/#breadcrumb","itemListElement":[{"@type":"ListItem","position":1,"name":"In\u00edcio","item":"https:\/\/miradouronoticias.com\/site\/"},{"@type":"ListItem","position":2,"name":"P\u00e9-de-Meia: benefici\u00e1rios nascidos em novembro e dezembro recebem hoje"}]},{"@type":"WebSite","@id":"https:\/\/miradouronoticias.com\/site\/#website","url":"https:\/\/miradouronoticias.com\/site\/","name":"Miradouro Not\u00edcias","description":"Informa\u00e7\u00f5es da cidade e regi\u00e3o","publisher":{"@id":"https:\/\/miradouronoticias.com\/site\/#organization"},"potentialAction":[{"@type":"SearchAction","target":{"@type":"EntryPoint","urlTemplate":"https:\/\/miradouronoticias.com\/site\/?s={search_term_string}"},"query-input":{"@type":"PropertyValueSpecification","valueRequired":true,"valueName":"search_term_string"}}],"inLanguage":"pt-BR"},{"@type":"Organization","@id":"https:\/\/miradouronoticias.com\/site\/#organization","name":"Miradouro Not\u00edcias","url":"https:\/\/miradouronoticias.com\/site\/","logo":{"@type":"ImageObject","inLanguage":"pt-BR","@id":"https:\/\/miradouronoticias.com\/site\/#\/schema\/logo\/image\/","url":"https:\/\/miradouronoticias.com\/site\/wp-content\/uploads\/2022\/01\/logomarcamiradouronoticias.png","contentUrl":"https:\/\/miradouronoticias.com\/site\/wp-content\/uploads\/2022\/01\/logomarcamiradouronoticias.png","width":747,"height":263,"caption":"Miradouro Not\u00edcias"},"image":{"@id":"https:\/\/miradouronoticias.com\/site\/#\/schema\/logo\/image\/"}},{"@type":"Person","@id":"https:\/\/miradouronoticias.com\/site\/#\/schema\/person\/73440d8c82222950df86f3e1a16aad3b","name":"Cl\u00e1udia Olyver","sameAs":["http:\/\/www.miradouronoticias.com"],"url":"https:\/\/miradouronoticias.com\/site\/author\/claudia\/"}]}},"_links":{"self":[{"href":"https:\/\/miradouronoticias.com\/site\/wp-json\/wp\/v2\/posts\/32483","targetHints":{"allow":["GET"]}}],"collection":[{"href":"https:\/\/miradouronoticias.com\/site\/wp-json\/wp\/v2\/posts"}],"about":[{"href":"https:\/\/miradouronoticias.com\/site\/wp-json\/wp\/v2\/types\/post"}],"author":[{"embeddable":true,"href":"https:\/\/miradouronoticias.com\/site\/wp-json\/wp\/v2\/users\/4"}],"replies":[{"embeddable":true,"href":"https:\/\/miradouronoticias.com\/site\/wp-json\/wp\/v2\/comments?post=32483"}],"version-history":[{"count":1,"href":"https:\/\/miradouronoticias.com\/site\/wp-json\/wp\/v2\/posts\/32483\/revisions"}],"predecessor-version":[{"id":32485,"href":"https:\/\/miradouronoticias.com\/site\/wp-json\/wp\/v2\/posts\/32483\/revisions\/32485"}],"wp:featuredmedia":[{"embeddable":true,"href":"https:\/\/miradouronoticias.com\/site\/wp-json\/wp\/v2\/media\/32484"}],"wp:attachment":[{"href":"https:\/\/miradouronoticias.com\/site\/wp-json\/wp\/v2\/media?parent=32483"}],"wp:term":[{"taxonomy":"category","embeddable":true,"href":"https:\/\/miradouronoticias.com\/site\/wp-json\/wp\/v2\/categories?post=32483"},{"taxonomy":"post_tag","embeddable":true,"href":"https:\/\/miradouronoticias.com\/site\/wp-json\/wp\/v2\/tags?post=32483"}],"curies":[{"name":"wp","href":"https:\/\/api.w.org\/{rel}","templated":true}]}}