{"id":32479,"date":"2026-03-29T18:34:34","date_gmt":"2026-03-29T21:34:34","guid":{"rendered":"https:\/\/miradouronoticias.com\/site\/?p=32479"},"modified":"2026-03-29T18:34:34","modified_gmt":"2026-03-29T21:34:34","slug":"acao-da-pmmg-prende-dupla-por-furto-em-muriae-com-apoio-decisivo-de-militares-de-folga","status":"publish","type":"post","link":"https:\/\/miradouronoticias.com\/site\/2026\/03\/29\/acao-da-pmmg-prende-dupla-por-furto-em-muriae-com-apoio-decisivo-de-militares-de-folga\/","title":{"rendered":"A\u00e7\u00e3o da PMMG prende dupla por furto em Muria\u00e9 com apoio decisivo de militares de folga*"},"content":{"rendered":"<p><img loading=\"lazy\" decoding=\"async\" class=\"alignnone size-medium wp-image-32480\" src=\"https:\/\/miradouronoticias.com\/site\/wp-content\/uploads\/2026\/03\/IMG_20260329_183208-279x300.jpg\" alt=\"\" width=\"279\" height=\"300\" srcset=\"https:\/\/miradouronoticias.com\/site\/wp-content\/uploads\/2026\/03\/IMG_20260329_183208-279x300.jpg 279w, https:\/\/miradouronoticias.com\/site\/wp-content\/uploads\/2026\/03\/IMG_20260329_183208.jpg 720w\" sizes=\"auto, (max-width: 279px) 100vw, 279px\" \/><\/p>\n<p>&nbsp;<\/p>\n<p>Na tarde deste domingo (29), a PMMG efetuou a pris\u00e3o em flagrante de dois homens, de 32 e 40 anos, pelo crime de furto consumado em Muria\u00e9\/MG. A ocorr\u00eancia de destaque contou com a a\u00e7\u00e3o fundamental de dois militares que, mesmo em seus hor\u00e1rios de folga, receberam informa\u00e7\u00f5es sobre indiv\u00edduos transportando materiais de proced\u00eancia duvidosa em via p\u00fablica.<\/p>\n<p>&nbsp;<\/p>\n<p>Demonstrando alto grau de comprometimento, os policiais passaram a acompanhar os suspeitos \u00e0 dist\u00e2ncia e acionaram de imediato as equipes de servi\u00e7o via 190.<\/p>\n<p>Com as informa\u00e7\u00f5es precisas repassadas pelos militares de folga, as guarni\u00e7\u00f5es da PMMG iniciaram o rastreamento e conseguiram interceptar a dupla no bairro Encoberta. Eles estavam de posse de duas varas de cano de esgoto, medindo aproximadamente sete metros cada. Ao serem questionados, os suspeitos tentaram despistar a equipe alegando ter encontrado os objetos em um terreno baldio. Contudo, durante dilig\u00eancias r\u00e1pidas e cont\u00ednuas, a PMMG identificou um im\u00f3vel em obras no bairro Quinta das Flores de onde os materiais haviam sido subtra\u00eddos.<\/p>\n<p>&nbsp;<\/p>\n<p>Diante das evid\u00eancias levantadas e da confirma\u00e7\u00e3o de testemunhas, os dois autores receberam voz de pris\u00e3o em flagrante delito. A dupla e os materiais recuperados foram conduzidos \u00e0 Delegacia de Pol\u00edcia Civil para as demais provid\u00eancias legais.<\/p>\n<p>&nbsp;<\/p>\n<p>By: miradouronoticias.com.br\/ PMMG &#8211; FOR\u00c7A DO POVO MINEIRO &#8211; PRESEN\u00c7A QUE PROTEGE!<\/p>\n","protected":false},"excerpt":{"rendered":"<p>&nbsp; Na tarde deste domingo (29), a PMMG efetuou a pris\u00e3o em flagrante de dois homens, de 32 e 40 anos, pelo crime de furto consumado em Muria\u00e9\/MG. A ocorr\u00eancia de destaque contou com a a\u00e7\u00e3o fundamental de dois militares que, mesmo em seus hor\u00e1rios de folga, receberam informa\u00e7\u00f5es sobre indiv\u00edduos transportando materiais de proced\u00eancia [&hellip;]<\/p>\n","protected":false},"author":4,"featured_media":32480,"comment_status":"open","ping_status":"closed","sticky":false,"template":"","format":"standard","meta":{"footnotes":""},"categories":[1,21,18],"tags":[],"class_list":["post-32479","post","type-post","status-publish","format-standard","has-post-thumbnail","hentry","category-destaque-principal","category-minas-gerais","category-policia"],"yoast_head":"<!-- This site is optimized with the Yoast SEO plugin v27.2 - https:\/\/yoast.com\/product\/yoast-seo-wordpress\/ -->\n<title>A\u00e7\u00e3o da PMMG prende dupla por furto em Muria\u00e9 com apoio decisivo de militares de folga* - Miradouro Not\u00edcias<\/title>\n<meta name=\"robots\" content=\"index, follow, max-snippet:-1, max-image-preview:large, max-video-preview:-1\" \/>\n<link rel=\"canonical\" href=\"https:\/\/miradouronoticias.com\/site\/2026\/03\/29\/acao-da-pmmg-prende-dupla-por-furto-em-muriae-com-apoio-decisivo-de-militares-de-folga\/\" \/>\n<meta property=\"og:locale\" content=\"pt_BR\" \/>\n<meta property=\"og:type\" content=\"article\" \/>\n<meta property=\"og:title\" content=\"A\u00e7\u00e3o da PMMG prende dupla por furto em Muria\u00e9 com apoio decisivo de militares de folga* - Miradouro Not\u00edcias\" \/>\n<meta property=\"og:description\" content=\"&nbsp; Na tarde deste domingo (29), a PMMG efetuou a pris\u00e3o em flagrante de dois homens, de 32 e 40 anos, pelo crime de furto consumado em Muria\u00e9\/MG. A ocorr\u00eancia de destaque contou com a a\u00e7\u00e3o fundamental de dois militares que, mesmo em seus hor\u00e1rios de folga, receberam informa\u00e7\u00f5es sobre indiv\u00edduos transportando materiais de proced\u00eancia [&hellip;]\" \/>\n<meta property=\"og:url\" content=\"https:\/\/miradouronoticias.com\/site\/2026\/03\/29\/acao-da-pmmg-prende-dupla-por-furto-em-muriae-com-apoio-decisivo-de-militares-de-folga\/\" \/>\n<meta property=\"og:site_name\" content=\"Miradouro Not\u00edcias\" \/>\n<meta property=\"article:published_time\" content=\"2026-03-29T21:34:34+00:00\" \/>\n<meta property=\"og:image\" content=\"https:\/\/miradouronoticias.com\/site\/wp-content\/uploads\/2026\/03\/IMG_20260329_183208.jpg\" \/>\n\t<meta property=\"og:image:width\" content=\"720\" \/>\n\t<meta property=\"og:image:height\" content=\"775\" \/>\n\t<meta property=\"og:image:type\" content=\"image\/jpeg\" \/>\n<meta name=\"author\" content=\"Cl\u00e1udia Olyver\" \/>\n<meta name=\"twitter:card\" content=\"summary_large_image\" \/>\n<meta name=\"twitter:label1\" content=\"Escrito por\" \/>\n\t<meta name=\"twitter:data1\" content=\"Cl\u00e1udia Olyver\" \/>\n\t<meta name=\"twitter:label2\" content=\"Est. tempo de leitura\" \/>\n\t<meta name=\"twitter:data2\" content=\"2 minutos\" \/>\n<script type=\"application\/ld+json\" class=\"yoast-schema-graph\">{\"@context\":\"https:\/\/schema.org\",\"@graph\":[{\"@type\":\"Article\",\"@id\":\"https:\/\/miradouronoticias.com\/site\/2026\/03\/29\/acao-da-pmmg-prende-dupla-por-furto-em-muriae-com-apoio-decisivo-de-militares-de-folga\/#article\",\"isPartOf\":{\"@id\":\"https:\/\/miradouronoticias.com\/site\/2026\/03\/29\/acao-da-pmmg-prende-dupla-por-furto-em-muriae-com-apoio-decisivo-de-militares-de-folga\/\"},\"author\":{\"name\":\"Cl\u00e1udia Olyver\",\"@id\":\"https:\/\/miradouronoticias.com\/site\/#\/schema\/person\/73440d8c82222950df86f3e1a16aad3b\"},\"headline\":\"A\u00e7\u00e3o da PMMG prende dupla por furto em Muria\u00e9 com apoio decisivo de militares de folga*\",\"datePublished\":\"2026-03-29T21:34:34+00:00\",\"mainEntityOfPage\":{\"@id\":\"https:\/\/miradouronoticias.com\/site\/2026\/03\/29\/acao-da-pmmg-prende-dupla-por-furto-em-muriae-com-apoio-decisivo-de-militares-de-folga\/\"},\"wordCount\":256,\"commentCount\":0,\"publisher\":{\"@id\":\"https:\/\/miradouronoticias.com\/site\/#organization\"},\"image\":{\"@id\":\"https:\/\/miradouronoticias.com\/site\/2026\/03\/29\/acao-da-pmmg-prende-dupla-por-furto-em-muriae-com-apoio-decisivo-de-militares-de-folga\/#primaryimage\"},\"thumbnailUrl\":\"https:\/\/miradouronoticias.com\/site\/wp-content\/uploads\/2026\/03\/IMG_20260329_183208.jpg\",\"articleSection\":[\"Destaque Principal\",\"Minas Gerais\",\"Pol\u00edcia\"],\"inLanguage\":\"pt-BR\",\"potentialAction\":[{\"@type\":\"CommentAction\",\"name\":\"Comment\",\"target\":[\"https:\/\/miradouronoticias.com\/site\/2026\/03\/29\/acao-da-pmmg-prende-dupla-por-furto-em-muriae-com-apoio-decisivo-de-militares-de-folga\/#respond\"]}]},{\"@type\":\"WebPage\",\"@id\":\"https:\/\/miradouronoticias.com\/site\/2026\/03\/29\/acao-da-pmmg-prende-dupla-por-furto-em-muriae-com-apoio-decisivo-de-militares-de-folga\/\",\"url\":\"https:\/\/miradouronoticias.com\/site\/2026\/03\/29\/acao-da-pmmg-prende-dupla-por-furto-em-muriae-com-apoio-decisivo-de-militares-de-folga\/\",\"name\":\"A\u00e7\u00e3o da PMMG prende dupla por furto em Muria\u00e9 com apoio decisivo de militares de folga* - Miradouro Not\u00edcias\",\"isPartOf\":{\"@id\":\"https:\/\/miradouronoticias.com\/site\/#website\"},\"primaryImageOfPage\":{\"@id\":\"https:\/\/miradouronoticias.com\/site\/2026\/03\/29\/acao-da-pmmg-prende-dupla-por-furto-em-muriae-com-apoio-decisivo-de-militares-de-folga\/#primaryimage\"},\"image\":{\"@id\":\"https:\/\/miradouronoticias.com\/site\/2026\/03\/29\/acao-da-pmmg-prende-dupla-por-furto-em-muriae-com-apoio-decisivo-de-militares-de-folga\/#primaryimage\"},\"thumbnailUrl\":\"https:\/\/miradouronoticias.com\/site\/wp-content\/uploads\/2026\/03\/IMG_20260329_183208.jpg\",\"datePublished\":\"2026-03-29T21:34:34+00:00\",\"breadcrumb\":{\"@id\":\"https:\/\/miradouronoticias.com\/site\/2026\/03\/29\/acao-da-pmmg-prende-dupla-por-furto-em-muriae-com-apoio-decisivo-de-militares-de-folga\/#breadcrumb\"},\"inLanguage\":\"pt-BR\",\"potentialAction\":[{\"@type\":\"ReadAction\",\"target\":[\"https:\/\/miradouronoticias.com\/site\/2026\/03\/29\/acao-da-pmmg-prende-dupla-por-furto-em-muriae-com-apoio-decisivo-de-militares-de-folga\/\"]}]},{\"@type\":\"ImageObject\",\"inLanguage\":\"pt-BR\",\"@id\":\"https:\/\/miradouronoticias.com\/site\/2026\/03\/29\/acao-da-pmmg-prende-dupla-por-furto-em-muriae-com-apoio-decisivo-de-militares-de-folga\/#primaryimage\",\"url\":\"https:\/\/miradouronoticias.com\/site\/wp-content\/uploads\/2026\/03\/IMG_20260329_183208.jpg\",\"contentUrl\":\"https:\/\/miradouronoticias.com\/site\/wp-content\/uploads\/2026\/03\/IMG_20260329_183208.jpg\",\"width\":720,\"height\":775},{\"@type\":\"BreadcrumbList\",\"@id\":\"https:\/\/miradouronoticias.com\/site\/2026\/03\/29\/acao-da-pmmg-prende-dupla-por-furto-em-muriae-com-apoio-decisivo-de-militares-de-folga\/#breadcrumb\",\"itemListElement\":[{\"@type\":\"ListItem\",\"position\":1,\"name\":\"In\u00edcio\",\"item\":\"https:\/\/miradouronoticias.com\/site\/\"},{\"@type\":\"ListItem\",\"position\":2,\"name\":\"A\u00e7\u00e3o da PMMG prende dupla por furto em Muria\u00e9 com apoio decisivo de militares de folga*\"}]},{\"@type\":\"WebSite\",\"@id\":\"https:\/\/miradouronoticias.com\/site\/#website\",\"url\":\"https:\/\/miradouronoticias.com\/site\/\",\"name\":\"Miradouro Not\u00edcias\",\"description\":\"Informa\u00e7\u00f5es da cidade e regi\u00e3o\",\"publisher\":{\"@id\":\"https:\/\/miradouronoticias.com\/site\/#organization\"},\"potentialAction\":[{\"@type\":\"SearchAction\",\"target\":{\"@type\":\"EntryPoint\",\"urlTemplate\":\"https:\/\/miradouronoticias.com\/site\/?s={search_term_string}\"},\"query-input\":{\"@type\":\"PropertyValueSpecification\",\"valueRequired\":true,\"valueName\":\"search_term_string\"}}],\"inLanguage\":\"pt-BR\"},{\"@type\":\"Organization\",\"@id\":\"https:\/\/miradouronoticias.com\/site\/#organization\",\"name\":\"Miradouro Not\u00edcias\",\"url\":\"https:\/\/miradouronoticias.com\/site\/\",\"logo\":{\"@type\":\"ImageObject\",\"inLanguage\":\"pt-BR\",\"@id\":\"https:\/\/miradouronoticias.com\/site\/#\/schema\/logo\/image\/\",\"url\":\"https:\/\/miradouronoticias.com\/site\/wp-content\/uploads\/2022\/01\/logomarcamiradouronoticias.png\",\"contentUrl\":\"https:\/\/miradouronoticias.com\/site\/wp-content\/uploads\/2022\/01\/logomarcamiradouronoticias.png\",\"width\":747,\"height\":263,\"caption\":\"Miradouro Not\u00edcias\"},\"image\":{\"@id\":\"https:\/\/miradouronoticias.com\/site\/#\/schema\/logo\/image\/\"}},{\"@type\":\"Person\",\"@id\":\"https:\/\/miradouronoticias.com\/site\/#\/schema\/person\/73440d8c82222950df86f3e1a16aad3b\",\"name\":\"Cl\u00e1udia Olyver\",\"sameAs\":[\"http:\/\/www.miradouronoticias.com\"],\"url\":\"https:\/\/miradouronoticias.com\/site\/author\/claudia\/\"}]}<\/script>\n<!-- \/ Yoast SEO plugin. -->","yoast_head_json":{"title":"A\u00e7\u00e3o da PMMG prende dupla por furto em Muria\u00e9 com apoio decisivo de militares de folga* - Miradouro Not\u00edcias","robots":{"index":"index","follow":"follow","max-snippet":"max-snippet:-1","max-image-preview":"max-image-preview:large","max-video-preview":"max-video-preview:-1"},"canonical":"https:\/\/miradouronoticias.com\/site\/2026\/03\/29\/acao-da-pmmg-prende-dupla-por-furto-em-muriae-com-apoio-decisivo-de-militares-de-folga\/","og_locale":"pt_BR","og_type":"article","og_title":"A\u00e7\u00e3o da PMMG prende dupla por furto em Muria\u00e9 com apoio decisivo de militares de folga* - Miradouro Not\u00edcias","og_description":"&nbsp; Na tarde deste domingo (29), a PMMG efetuou a pris\u00e3o em flagrante de dois homens, de 32 e 40 anos, pelo crime de furto consumado em Muria\u00e9\/MG. A ocorr\u00eancia de destaque contou com a a\u00e7\u00e3o fundamental de dois militares que, mesmo em seus hor\u00e1rios de folga, receberam informa\u00e7\u00f5es sobre indiv\u00edduos transportando materiais de proced\u00eancia [&hellip;]","og_url":"https:\/\/miradouronoticias.com\/site\/2026\/03\/29\/acao-da-pmmg-prende-dupla-por-furto-em-muriae-com-apoio-decisivo-de-militares-de-folga\/","og_site_name":"Miradouro Not\u00edcias","article_published_time":"2026-03-29T21:34:34+00:00","og_image":[{"width":720,"height":775,"url":"https:\/\/miradouronoticias.com\/site\/wp-content\/uploads\/2026\/03\/IMG_20260329_183208.jpg","type":"image\/jpeg"}],"author":"Cl\u00e1udia Olyver","twitter_card":"summary_large_image","twitter_misc":{"Escrito por":"Cl\u00e1udia Olyver","Est. tempo de leitura":"2 minutos"},"schema":{"@context":"https:\/\/schema.org","@graph":[{"@type":"Article","@id":"https:\/\/miradouronoticias.com\/site\/2026\/03\/29\/acao-da-pmmg-prende-dupla-por-furto-em-muriae-com-apoio-decisivo-de-militares-de-folga\/#article","isPartOf":{"@id":"https:\/\/miradouronoticias.com\/site\/2026\/03\/29\/acao-da-pmmg-prende-dupla-por-furto-em-muriae-com-apoio-decisivo-de-militares-de-folga\/"},"author":{"name":"Cl\u00e1udia Olyver","@id":"https:\/\/miradouronoticias.com\/site\/#\/schema\/person\/73440d8c82222950df86f3e1a16aad3b"},"headline":"A\u00e7\u00e3o da PMMG prende dupla por furto em Muria\u00e9 com apoio decisivo de militares de folga*","datePublished":"2026-03-29T21:34:34+00:00","mainEntityOfPage":{"@id":"https:\/\/miradouronoticias.com\/site\/2026\/03\/29\/acao-da-pmmg-prende-dupla-por-furto-em-muriae-com-apoio-decisivo-de-militares-de-folga\/"},"wordCount":256,"commentCount":0,"publisher":{"@id":"https:\/\/miradouronoticias.com\/site\/#organization"},"image":{"@id":"https:\/\/miradouronoticias.com\/site\/2026\/03\/29\/acao-da-pmmg-prende-dupla-por-furto-em-muriae-com-apoio-decisivo-de-militares-de-folga\/#primaryimage"},"thumbnailUrl":"https:\/\/miradouronoticias.com\/site\/wp-content\/uploads\/2026\/03\/IMG_20260329_183208.jpg","articleSection":["Destaque Principal","Minas Gerais","Pol\u00edcia"],"inLanguage":"pt-BR","potentialAction":[{"@type":"CommentAction","name":"Comment","target":["https:\/\/miradouronoticias.com\/site\/2026\/03\/29\/acao-da-pmmg-prende-dupla-por-furto-em-muriae-com-apoio-decisivo-de-militares-de-folga\/#respond"]}]},{"@type":"WebPage","@id":"https:\/\/miradouronoticias.com\/site\/2026\/03\/29\/acao-da-pmmg-prende-dupla-por-furto-em-muriae-com-apoio-decisivo-de-militares-de-folga\/","url":"https:\/\/miradouronoticias.com\/site\/2026\/03\/29\/acao-da-pmmg-prende-dupla-por-furto-em-muriae-com-apoio-decisivo-de-militares-de-folga\/","name":"A\u00e7\u00e3o da PMMG prende dupla por furto em Muria\u00e9 com apoio decisivo de militares de folga* - Miradouro Not\u00edcias","isPartOf":{"@id":"https:\/\/miradouronoticias.com\/site\/#website"},"primaryImageOfPage":{"@id":"https:\/\/miradouronoticias.com\/site\/2026\/03\/29\/acao-da-pmmg-prende-dupla-por-furto-em-muriae-com-apoio-decisivo-de-militares-de-folga\/#primaryimage"},"image":{"@id":"https:\/\/miradouronoticias.com\/site\/2026\/03\/29\/acao-da-pmmg-prende-dupla-por-furto-em-muriae-com-apoio-decisivo-de-militares-de-folga\/#primaryimage"},"thumbnailUrl":"https:\/\/miradouronoticias.com\/site\/wp-content\/uploads\/2026\/03\/IMG_20260329_183208.jpg","datePublished":"2026-03-29T21:34:34+00:00","breadcrumb":{"@id":"https:\/\/miradouronoticias.com\/site\/2026\/03\/29\/acao-da-pmmg-prende-dupla-por-furto-em-muriae-com-apoio-decisivo-de-militares-de-folga\/#breadcrumb"},"inLanguage":"pt-BR","potentialAction":[{"@type":"ReadAction","target":["https:\/\/miradouronoticias.com\/site\/2026\/03\/29\/acao-da-pmmg-prende-dupla-por-furto-em-muriae-com-apoio-decisivo-de-militares-de-folga\/"]}]},{"@type":"ImageObject","inLanguage":"pt-BR","@id":"https:\/\/miradouronoticias.com\/site\/2026\/03\/29\/acao-da-pmmg-prende-dupla-por-furto-em-muriae-com-apoio-decisivo-de-militares-de-folga\/#primaryimage","url":"https:\/\/miradouronoticias.com\/site\/wp-content\/uploads\/2026\/03\/IMG_20260329_183208.jpg","contentUrl":"https:\/\/miradouronoticias.com\/site\/wp-content\/uploads\/2026\/03\/IMG_20260329_183208.jpg","width":720,"height":775},{"@type":"BreadcrumbList","@id":"https:\/\/miradouronoticias.com\/site\/2026\/03\/29\/acao-da-pmmg-prende-dupla-por-furto-em-muriae-com-apoio-decisivo-de-militares-de-folga\/#breadcrumb","itemListElement":[{"@type":"ListItem","position":1,"name":"In\u00edcio","item":"https:\/\/miradouronoticias.com\/site\/"},{"@type":"ListItem","position":2,"name":"A\u00e7\u00e3o da PMMG prende dupla por furto em Muria\u00e9 com apoio decisivo de militares de folga*"}]},{"@type":"WebSite","@id":"https:\/\/miradouronoticias.com\/site\/#website","url":"https:\/\/miradouronoticias.com\/site\/","name":"Miradouro Not\u00edcias","description":"Informa\u00e7\u00f5es da cidade e regi\u00e3o","publisher":{"@id":"https:\/\/miradouronoticias.com\/site\/#organization"},"potentialAction":[{"@type":"SearchAction","target":{"@type":"EntryPoint","urlTemplate":"https:\/\/miradouronoticias.com\/site\/?s={search_term_string}"},"query-input":{"@type":"PropertyValueSpecification","valueRequired":true,"valueName":"search_term_string"}}],"inLanguage":"pt-BR"},{"@type":"Organization","@id":"https:\/\/miradouronoticias.com\/site\/#organization","name":"Miradouro Not\u00edcias","url":"https:\/\/miradouronoticias.com\/site\/","logo":{"@type":"ImageObject","inLanguage":"pt-BR","@id":"https:\/\/miradouronoticias.com\/site\/#\/schema\/logo\/image\/","url":"https:\/\/miradouronoticias.com\/site\/wp-content\/uploads\/2022\/01\/logomarcamiradouronoticias.png","contentUrl":"https:\/\/miradouronoticias.com\/site\/wp-content\/uploads\/2022\/01\/logomarcamiradouronoticias.png","width":747,"height":263,"caption":"Miradouro Not\u00edcias"},"image":{"@id":"https:\/\/miradouronoticias.com\/site\/#\/schema\/logo\/image\/"}},{"@type":"Person","@id":"https:\/\/miradouronoticias.com\/site\/#\/schema\/person\/73440d8c82222950df86f3e1a16aad3b","name":"Cl\u00e1udia Olyver","sameAs":["http:\/\/www.miradouronoticias.com"],"url":"https:\/\/miradouronoticias.com\/site\/author\/claudia\/"}]}},"_links":{"self":[{"href":"https:\/\/miradouronoticias.com\/site\/wp-json\/wp\/v2\/posts\/32479","targetHints":{"allow":["GET"]}}],"collection":[{"href":"https:\/\/miradouronoticias.com\/site\/wp-json\/wp\/v2\/posts"}],"about":[{"href":"https:\/\/miradouronoticias.com\/site\/wp-json\/wp\/v2\/types\/post"}],"author":[{"embeddable":true,"href":"https:\/\/miradouronoticias.com\/site\/wp-json\/wp\/v2\/users\/4"}],"replies":[{"embeddable":true,"href":"https:\/\/miradouronoticias.com\/site\/wp-json\/wp\/v2\/comments?post=32479"}],"version-history":[{"count":1,"href":"https:\/\/miradouronoticias.com\/site\/wp-json\/wp\/v2\/posts\/32479\/revisions"}],"predecessor-version":[{"id":32481,"href":"https:\/\/miradouronoticias.com\/site\/wp-json\/wp\/v2\/posts\/32479\/revisions\/32481"}],"wp:featuredmedia":[{"embeddable":true,"href":"https:\/\/miradouronoticias.com\/site\/wp-json\/wp\/v2\/media\/32480"}],"wp:attachment":[{"href":"https:\/\/miradouronoticias.com\/site\/wp-json\/wp\/v2\/media?parent=32479"}],"wp:term":[{"taxonomy":"category","embeddable":true,"href":"https:\/\/miradouronoticias.com\/site\/wp-json\/wp\/v2\/categories?post=32479"},{"taxonomy":"post_tag","embeddable":true,"href":"https:\/\/miradouronoticias.com\/site\/wp-json\/wp\/v2\/tags?post=32479"}],"curies":[{"name":"wp","href":"https:\/\/api.w.org\/{rel}","templated":true}]}}