{"id":27858,"date":"2025-03-28T01:24:27","date_gmt":"2025-03-28T04:24:27","guid":{"rendered":"https:\/\/miradouronoticias.com\/site\/?p=27858"},"modified":"2025-03-28T01:24:27","modified_gmt":"2025-03-28T04:24:27","slug":"prazo-para-pagamento-da-taxa-de-licenciamento-do-veiculo-vence-na-proxima-segunda-feira-31-3","status":"publish","type":"post","link":"https:\/\/miradouronoticias.com\/site\/2025\/03\/28\/prazo-para-pagamento-da-taxa-de-licenciamento-do-veiculo-vence-na-proxima-segunda-feira-31-3\/","title":{"rendered":"Prazo para pagamento da Taxa de Licenciamento do Ve\u00edculo vence na pr\u00f3xima segunda-feira (31\/3)"},"content":{"rendered":"<p><img loading=\"lazy\" decoding=\"async\" class=\"alignnone size-medium wp-image-27859\" src=\"https:\/\/miradouronoticias.com\/site\/wp-content\/uploads\/2025\/03\/2025.03.27_TRLAV_Agencia-300x112.jpg\" alt=\"\" width=\"300\" height=\"112\" srcset=\"https:\/\/miradouronoticias.com\/site\/wp-content\/uploads\/2025\/03\/2025.03.27_TRLAV_Agencia-300x112.jpg 300w, https:\/\/miradouronoticias.com\/site\/wp-content\/uploads\/2025\/03\/2025.03.27_TRLAV_Agencia-768x286.jpg 768w, https:\/\/miradouronoticias.com\/site\/wp-content\/uploads\/2025\/03\/2025.03.27_TRLAV_Agencia.jpg 940w\" sizes=\"auto, (max-width: 300px) 100vw, 300px\" \/><\/p>\n<p>A\u00a0<a href=\"https:\/\/www.fazenda.mg.gov.br\/\" target=\"_blank\" rel=\"noopener\">Secretaria de Estado de Fazenda de Minas Gerais (SEF\/MG)<\/a>\u00a0alerta para o prazo de pagamento da Taxa de Renova\u00e7\u00e3o do Licenciamento Anual do Ve\u00edculo (TRLAV), que termina na pr\u00f3xima segunda-feira (31\/3). Para este ano, o valor \u00e9 de R$ 35,18.<\/p>\n<p>O pagamento pode ser feito por meio da Guia de Arrecada\u00e7\u00e3o Estadual (DAE), gerada no site da SEF, ou via Pix. Para isso, basta digitar o endere\u00e7o\u00a0<a href=\"http:\/\/www.fazenda.mg.gov.br\/\" target=\"_blank\" rel=\"noopener\">www.fazenda.mg.gov.br<\/a>\u00a0e clicar em \u201cTaxa de Licenciamento \u2013 TRLAV\u201d, no menu de acesso r\u00e1pido.<\/p>\n<p>O contribuinte tamb\u00e9m pode se dirigir a uma ag\u00eancia f\u00edsica dos agentes arrecadadores autorizados (Bradesco, Sicoob, Mercantil do Brasil, Caixa, Casas Lot\u00e9ricas, Banco do Brasil, Mais BB, Ita\u00fa e Santander), bastando informar nos guich\u00eas ou nos caixas de autoatendimento o n\u00famero do Renavam do ve\u00edculo.<\/p>\n<p>Em caso de atraso no pagamento, \u00e9 cobrado encargo de 0,15% ao dia at\u00e9 30\u00ba dia; 9% do 31\u00ba at\u00e9 o 60\u00ba dia; e 12% a partir do 61\u00ba dia.<\/p>\n<p><strong>Cuidados<\/strong><\/p>\n<p>Para efetuar o pagamento da TRLAV de forma segura, os propriet\u00e1rios de ve\u00edculos devem tomar alguns cuidados, conforme orienta o secret\u00e1rio de Estado de Fazenda, Luiz Claudio Gomes.<\/p>\n<p>\u201cAssim como temos instru\u00eddo no pagamento do IPVA, \u00e9 importante o contribuinte estar atento para n\u00e3o cair em golpe ao quitar a TRLAV. Recomendamos o acesso \u00e0 p\u00e1gina da Secretaria de Fazenda pelo navegador de internet, digitando\u00a0<a href=\"http:\/\/www.fazenda.mg.gov.br\/\" target=\"_blank\" rel=\"noopener\">www.fazenda.mg.gov.br<\/a>, nunca usando buscadores de sites\u201d, alerta.<\/p>\n<p>\u201cCaso opte por pagar a taxa via Pix, \u00e9 importante observar o nome do benefici\u00e1rio do pagamento, que \u00e9 Estado de Minas Gerais, e o banco emissor Ita\u00fa ou Santander\u201d, completa o secret\u00e1rio.<\/p>\n<p>Al\u00e9m dos encargos financeiros por atraso, a falta de pagamento da TRLAV impede a libera\u00e7\u00e3o do Certificado de Registro e Licenciamento do Ve\u00edculo (CRLV), que \u00e9 o documento exigido pela autoridade de tr\u00e2nsito.<\/p>\n<p>By: miradouronoticias.com.br\/ ag\u00eancia Brasil<\/p>\n","protected":false},"excerpt":{"rendered":"<p>A\u00a0Secretaria de Estado de Fazenda de Minas Gerais (SEF\/MG)\u00a0alerta para o prazo de pagamento da Taxa de Renova\u00e7\u00e3o do Licenciamento Anual do Ve\u00edculo (TRLAV), que termina na pr\u00f3xima segunda-feira (31\/3). Para este ano, o valor \u00e9 de R$ 35,18. O pagamento pode ser feito por meio da Guia de Arrecada\u00e7\u00e3o Estadual (DAE), gerada no site [&hellip;]<\/p>\n","protected":false},"author":4,"featured_media":27859,"comment_status":"open","ping_status":"open","sticky":false,"template":"","format":"standard","meta":{"footnotes":""},"categories":[21],"tags":[],"class_list":["post-27858","post","type-post","status-publish","format-standard","has-post-thumbnail","hentry","category-minas-gerais"],"yoast_head":"<!-- This site is optimized with the Yoast SEO plugin v27.2 - https:\/\/yoast.com\/product\/yoast-seo-wordpress\/ -->\n<title>Prazo para pagamento da Taxa de Licenciamento do Ve\u00edculo vence na pr\u00f3xima segunda-feira (31\/3) - Miradouro Not\u00edcias<\/title>\n<meta name=\"robots\" content=\"index, follow, max-snippet:-1, max-image-preview:large, max-video-preview:-1\" \/>\n<link rel=\"canonical\" href=\"https:\/\/miradouronoticias.com\/site\/2025\/03\/28\/prazo-para-pagamento-da-taxa-de-licenciamento-do-veiculo-vence-na-proxima-segunda-feira-31-3\/\" \/>\n<meta property=\"og:locale\" content=\"pt_BR\" \/>\n<meta property=\"og:type\" content=\"article\" \/>\n<meta property=\"og:title\" content=\"Prazo para pagamento da Taxa de Licenciamento do Ve\u00edculo vence na pr\u00f3xima segunda-feira (31\/3) - Miradouro Not\u00edcias\" \/>\n<meta property=\"og:description\" content=\"A\u00a0Secretaria de Estado de Fazenda de Minas Gerais (SEF\/MG)\u00a0alerta para o prazo de pagamento da Taxa de Renova\u00e7\u00e3o do Licenciamento Anual do Ve\u00edculo (TRLAV), que termina na pr\u00f3xima segunda-feira (31\/3). Para este ano, o valor \u00e9 de R$ 35,18. O pagamento pode ser feito por meio da Guia de Arrecada\u00e7\u00e3o Estadual (DAE), gerada no site [&hellip;]\" \/>\n<meta property=\"og:url\" content=\"https:\/\/miradouronoticias.com\/site\/2025\/03\/28\/prazo-para-pagamento-da-taxa-de-licenciamento-do-veiculo-vence-na-proxima-segunda-feira-31-3\/\" \/>\n<meta property=\"og:site_name\" content=\"Miradouro Not\u00edcias\" \/>\n<meta property=\"article:published_time\" content=\"2025-03-28T04:24:27+00:00\" \/>\n<meta property=\"og:image\" content=\"https:\/\/miradouronoticias.com\/site\/wp-content\/uploads\/2025\/03\/2025.03.27_TRLAV_Agencia.jpg\" \/>\n\t<meta property=\"og:image:width\" content=\"940\" \/>\n\t<meta property=\"og:image:height\" content=\"350\" \/>\n\t<meta property=\"og:image:type\" content=\"image\/jpeg\" \/>\n<meta name=\"author\" content=\"Cl\u00e1udia Olyver\" \/>\n<meta name=\"twitter:card\" content=\"summary_large_image\" \/>\n<meta name=\"twitter:label1\" content=\"Escrito por\" \/>\n\t<meta name=\"twitter:data1\" content=\"Cl\u00e1udia Olyver\" \/>\n\t<meta name=\"twitter:label2\" content=\"Est. tempo de leitura\" \/>\n\t<meta name=\"twitter:data2\" content=\"3 minutos\" \/>\n<script type=\"application\/ld+json\" class=\"yoast-schema-graph\">{\"@context\":\"https:\/\/schema.org\",\"@graph\":[{\"@type\":\"Article\",\"@id\":\"https:\/\/miradouronoticias.com\/site\/2025\/03\/28\/prazo-para-pagamento-da-taxa-de-licenciamento-do-veiculo-vence-na-proxima-segunda-feira-31-3\/#article\",\"isPartOf\":{\"@id\":\"https:\/\/miradouronoticias.com\/site\/2025\/03\/28\/prazo-para-pagamento-da-taxa-de-licenciamento-do-veiculo-vence-na-proxima-segunda-feira-31-3\/\"},\"author\":{\"name\":\"Cl\u00e1udia Olyver\",\"@id\":\"https:\/\/miradouronoticias.com\/site\/#\/schema\/person\/73440d8c82222950df86f3e1a16aad3b\"},\"headline\":\"Prazo para pagamento da Taxa de Licenciamento do Ve\u00edculo vence na pr\u00f3xima segunda-feira (31\/3)\",\"datePublished\":\"2025-03-28T04:24:27+00:00\",\"mainEntityOfPage\":{\"@id\":\"https:\/\/miradouronoticias.com\/site\/2025\/03\/28\/prazo-para-pagamento-da-taxa-de-licenciamento-do-veiculo-vence-na-proxima-segunda-feira-31-3\/\"},\"wordCount\":335,\"commentCount\":0,\"publisher\":{\"@id\":\"https:\/\/miradouronoticias.com\/site\/#organization\"},\"image\":{\"@id\":\"https:\/\/miradouronoticias.com\/site\/2025\/03\/28\/prazo-para-pagamento-da-taxa-de-licenciamento-do-veiculo-vence-na-proxima-segunda-feira-31-3\/#primaryimage\"},\"thumbnailUrl\":\"https:\/\/miradouronoticias.com\/site\/wp-content\/uploads\/2025\/03\/2025.03.27_TRLAV_Agencia.jpg\",\"articleSection\":[\"Minas Gerais\"],\"inLanguage\":\"pt-BR\",\"potentialAction\":[{\"@type\":\"CommentAction\",\"name\":\"Comment\",\"target\":[\"https:\/\/miradouronoticias.com\/site\/2025\/03\/28\/prazo-para-pagamento-da-taxa-de-licenciamento-do-veiculo-vence-na-proxima-segunda-feira-31-3\/#respond\"]}]},{\"@type\":\"WebPage\",\"@id\":\"https:\/\/miradouronoticias.com\/site\/2025\/03\/28\/prazo-para-pagamento-da-taxa-de-licenciamento-do-veiculo-vence-na-proxima-segunda-feira-31-3\/\",\"url\":\"https:\/\/miradouronoticias.com\/site\/2025\/03\/28\/prazo-para-pagamento-da-taxa-de-licenciamento-do-veiculo-vence-na-proxima-segunda-feira-31-3\/\",\"name\":\"Prazo para pagamento da Taxa de Licenciamento do Ve\u00edculo vence na pr\u00f3xima segunda-feira (31\/3) - Miradouro Not\u00edcias\",\"isPartOf\":{\"@id\":\"https:\/\/miradouronoticias.com\/site\/#website\"},\"primaryImageOfPage\":{\"@id\":\"https:\/\/miradouronoticias.com\/site\/2025\/03\/28\/prazo-para-pagamento-da-taxa-de-licenciamento-do-veiculo-vence-na-proxima-segunda-feira-31-3\/#primaryimage\"},\"image\":{\"@id\":\"https:\/\/miradouronoticias.com\/site\/2025\/03\/28\/prazo-para-pagamento-da-taxa-de-licenciamento-do-veiculo-vence-na-proxima-segunda-feira-31-3\/#primaryimage\"},\"thumbnailUrl\":\"https:\/\/miradouronoticias.com\/site\/wp-content\/uploads\/2025\/03\/2025.03.27_TRLAV_Agencia.jpg\",\"datePublished\":\"2025-03-28T04:24:27+00:00\",\"breadcrumb\":{\"@id\":\"https:\/\/miradouronoticias.com\/site\/2025\/03\/28\/prazo-para-pagamento-da-taxa-de-licenciamento-do-veiculo-vence-na-proxima-segunda-feira-31-3\/#breadcrumb\"},\"inLanguage\":\"pt-BR\",\"potentialAction\":[{\"@type\":\"ReadAction\",\"target\":[\"https:\/\/miradouronoticias.com\/site\/2025\/03\/28\/prazo-para-pagamento-da-taxa-de-licenciamento-do-veiculo-vence-na-proxima-segunda-feira-31-3\/\"]}]},{\"@type\":\"ImageObject\",\"inLanguage\":\"pt-BR\",\"@id\":\"https:\/\/miradouronoticias.com\/site\/2025\/03\/28\/prazo-para-pagamento-da-taxa-de-licenciamento-do-veiculo-vence-na-proxima-segunda-feira-31-3\/#primaryimage\",\"url\":\"https:\/\/miradouronoticias.com\/site\/wp-content\/uploads\/2025\/03\/2025.03.27_TRLAV_Agencia.jpg\",\"contentUrl\":\"https:\/\/miradouronoticias.com\/site\/wp-content\/uploads\/2025\/03\/2025.03.27_TRLAV_Agencia.jpg\",\"width\":940,\"height\":350},{\"@type\":\"BreadcrumbList\",\"@id\":\"https:\/\/miradouronoticias.com\/site\/2025\/03\/28\/prazo-para-pagamento-da-taxa-de-licenciamento-do-veiculo-vence-na-proxima-segunda-feira-31-3\/#breadcrumb\",\"itemListElement\":[{\"@type\":\"ListItem\",\"position\":1,\"name\":\"In\u00edcio\",\"item\":\"https:\/\/miradouronoticias.com\/site\/\"},{\"@type\":\"ListItem\",\"position\":2,\"name\":\"Prazo para pagamento da Taxa de Licenciamento do Ve\u00edculo vence na pr\u00f3xima segunda-feira (31\/3)\"}]},{\"@type\":\"WebSite\",\"@id\":\"https:\/\/miradouronoticias.com\/site\/#website\",\"url\":\"https:\/\/miradouronoticias.com\/site\/\",\"name\":\"Miradouro Not\u00edcias\",\"description\":\"Informa\u00e7\u00f5es da cidade e regi\u00e3o\",\"publisher\":{\"@id\":\"https:\/\/miradouronoticias.com\/site\/#organization\"},\"potentialAction\":[{\"@type\":\"SearchAction\",\"target\":{\"@type\":\"EntryPoint\",\"urlTemplate\":\"https:\/\/miradouronoticias.com\/site\/?s={search_term_string}\"},\"query-input\":{\"@type\":\"PropertyValueSpecification\",\"valueRequired\":true,\"valueName\":\"search_term_string\"}}],\"inLanguage\":\"pt-BR\"},{\"@type\":\"Organization\",\"@id\":\"https:\/\/miradouronoticias.com\/site\/#organization\",\"name\":\"Miradouro Not\u00edcias\",\"url\":\"https:\/\/miradouronoticias.com\/site\/\",\"logo\":{\"@type\":\"ImageObject\",\"inLanguage\":\"pt-BR\",\"@id\":\"https:\/\/miradouronoticias.com\/site\/#\/schema\/logo\/image\/\",\"url\":\"https:\/\/miradouronoticias.com\/site\/wp-content\/uploads\/2022\/01\/logomarcamiradouronoticias.png\",\"contentUrl\":\"https:\/\/miradouronoticias.com\/site\/wp-content\/uploads\/2022\/01\/logomarcamiradouronoticias.png\",\"width\":747,\"height\":263,\"caption\":\"Miradouro Not\u00edcias\"},\"image\":{\"@id\":\"https:\/\/miradouronoticias.com\/site\/#\/schema\/logo\/image\/\"}},{\"@type\":\"Person\",\"@id\":\"https:\/\/miradouronoticias.com\/site\/#\/schema\/person\/73440d8c82222950df86f3e1a16aad3b\",\"name\":\"Cl\u00e1udia Olyver\",\"sameAs\":[\"http:\/\/www.miradouronoticias.com\"],\"url\":\"https:\/\/miradouronoticias.com\/site\/author\/claudia\/\"}]}<\/script>\n<!-- \/ Yoast SEO plugin. -->","yoast_head_json":{"title":"Prazo para pagamento da Taxa de Licenciamento do Ve\u00edculo vence na pr\u00f3xima segunda-feira (31\/3) - Miradouro Not\u00edcias","robots":{"index":"index","follow":"follow","max-snippet":"max-snippet:-1","max-image-preview":"max-image-preview:large","max-video-preview":"max-video-preview:-1"},"canonical":"https:\/\/miradouronoticias.com\/site\/2025\/03\/28\/prazo-para-pagamento-da-taxa-de-licenciamento-do-veiculo-vence-na-proxima-segunda-feira-31-3\/","og_locale":"pt_BR","og_type":"article","og_title":"Prazo para pagamento da Taxa de Licenciamento do Ve\u00edculo vence na pr\u00f3xima segunda-feira (31\/3) - Miradouro Not\u00edcias","og_description":"A\u00a0Secretaria de Estado de Fazenda de Minas Gerais (SEF\/MG)\u00a0alerta para o prazo de pagamento da Taxa de Renova\u00e7\u00e3o do Licenciamento Anual do Ve\u00edculo (TRLAV), que termina na pr\u00f3xima segunda-feira (31\/3). Para este ano, o valor \u00e9 de R$ 35,18. O pagamento pode ser feito por meio da Guia de Arrecada\u00e7\u00e3o Estadual (DAE), gerada no site [&hellip;]","og_url":"https:\/\/miradouronoticias.com\/site\/2025\/03\/28\/prazo-para-pagamento-da-taxa-de-licenciamento-do-veiculo-vence-na-proxima-segunda-feira-31-3\/","og_site_name":"Miradouro Not\u00edcias","article_published_time":"2025-03-28T04:24:27+00:00","og_image":[{"width":940,"height":350,"url":"https:\/\/miradouronoticias.com\/site\/wp-content\/uploads\/2025\/03\/2025.03.27_TRLAV_Agencia.jpg","type":"image\/jpeg"}],"author":"Cl\u00e1udia Olyver","twitter_card":"summary_large_image","twitter_misc":{"Escrito por":"Cl\u00e1udia Olyver","Est. tempo de leitura":"3 minutos"},"schema":{"@context":"https:\/\/schema.org","@graph":[{"@type":"Article","@id":"https:\/\/miradouronoticias.com\/site\/2025\/03\/28\/prazo-para-pagamento-da-taxa-de-licenciamento-do-veiculo-vence-na-proxima-segunda-feira-31-3\/#article","isPartOf":{"@id":"https:\/\/miradouronoticias.com\/site\/2025\/03\/28\/prazo-para-pagamento-da-taxa-de-licenciamento-do-veiculo-vence-na-proxima-segunda-feira-31-3\/"},"author":{"name":"Cl\u00e1udia Olyver","@id":"https:\/\/miradouronoticias.com\/site\/#\/schema\/person\/73440d8c82222950df86f3e1a16aad3b"},"headline":"Prazo para pagamento da Taxa de Licenciamento do Ve\u00edculo vence na pr\u00f3xima segunda-feira (31\/3)","datePublished":"2025-03-28T04:24:27+00:00","mainEntityOfPage":{"@id":"https:\/\/miradouronoticias.com\/site\/2025\/03\/28\/prazo-para-pagamento-da-taxa-de-licenciamento-do-veiculo-vence-na-proxima-segunda-feira-31-3\/"},"wordCount":335,"commentCount":0,"publisher":{"@id":"https:\/\/miradouronoticias.com\/site\/#organization"},"image":{"@id":"https:\/\/miradouronoticias.com\/site\/2025\/03\/28\/prazo-para-pagamento-da-taxa-de-licenciamento-do-veiculo-vence-na-proxima-segunda-feira-31-3\/#primaryimage"},"thumbnailUrl":"https:\/\/miradouronoticias.com\/site\/wp-content\/uploads\/2025\/03\/2025.03.27_TRLAV_Agencia.jpg","articleSection":["Minas Gerais"],"inLanguage":"pt-BR","potentialAction":[{"@type":"CommentAction","name":"Comment","target":["https:\/\/miradouronoticias.com\/site\/2025\/03\/28\/prazo-para-pagamento-da-taxa-de-licenciamento-do-veiculo-vence-na-proxima-segunda-feira-31-3\/#respond"]}]},{"@type":"WebPage","@id":"https:\/\/miradouronoticias.com\/site\/2025\/03\/28\/prazo-para-pagamento-da-taxa-de-licenciamento-do-veiculo-vence-na-proxima-segunda-feira-31-3\/","url":"https:\/\/miradouronoticias.com\/site\/2025\/03\/28\/prazo-para-pagamento-da-taxa-de-licenciamento-do-veiculo-vence-na-proxima-segunda-feira-31-3\/","name":"Prazo para pagamento da Taxa de Licenciamento do Ve\u00edculo vence na pr\u00f3xima segunda-feira (31\/3) - Miradouro Not\u00edcias","isPartOf":{"@id":"https:\/\/miradouronoticias.com\/site\/#website"},"primaryImageOfPage":{"@id":"https:\/\/miradouronoticias.com\/site\/2025\/03\/28\/prazo-para-pagamento-da-taxa-de-licenciamento-do-veiculo-vence-na-proxima-segunda-feira-31-3\/#primaryimage"},"image":{"@id":"https:\/\/miradouronoticias.com\/site\/2025\/03\/28\/prazo-para-pagamento-da-taxa-de-licenciamento-do-veiculo-vence-na-proxima-segunda-feira-31-3\/#primaryimage"},"thumbnailUrl":"https:\/\/miradouronoticias.com\/site\/wp-content\/uploads\/2025\/03\/2025.03.27_TRLAV_Agencia.jpg","datePublished":"2025-03-28T04:24:27+00:00","breadcrumb":{"@id":"https:\/\/miradouronoticias.com\/site\/2025\/03\/28\/prazo-para-pagamento-da-taxa-de-licenciamento-do-veiculo-vence-na-proxima-segunda-feira-31-3\/#breadcrumb"},"inLanguage":"pt-BR","potentialAction":[{"@type":"ReadAction","target":["https:\/\/miradouronoticias.com\/site\/2025\/03\/28\/prazo-para-pagamento-da-taxa-de-licenciamento-do-veiculo-vence-na-proxima-segunda-feira-31-3\/"]}]},{"@type":"ImageObject","inLanguage":"pt-BR","@id":"https:\/\/miradouronoticias.com\/site\/2025\/03\/28\/prazo-para-pagamento-da-taxa-de-licenciamento-do-veiculo-vence-na-proxima-segunda-feira-31-3\/#primaryimage","url":"https:\/\/miradouronoticias.com\/site\/wp-content\/uploads\/2025\/03\/2025.03.27_TRLAV_Agencia.jpg","contentUrl":"https:\/\/miradouronoticias.com\/site\/wp-content\/uploads\/2025\/03\/2025.03.27_TRLAV_Agencia.jpg","width":940,"height":350},{"@type":"BreadcrumbList","@id":"https:\/\/miradouronoticias.com\/site\/2025\/03\/28\/prazo-para-pagamento-da-taxa-de-licenciamento-do-veiculo-vence-na-proxima-segunda-feira-31-3\/#breadcrumb","itemListElement":[{"@type":"ListItem","position":1,"name":"In\u00edcio","item":"https:\/\/miradouronoticias.com\/site\/"},{"@type":"ListItem","position":2,"name":"Prazo para pagamento da Taxa de Licenciamento do Ve\u00edculo vence na pr\u00f3xima segunda-feira (31\/3)"}]},{"@type":"WebSite","@id":"https:\/\/miradouronoticias.com\/site\/#website","url":"https:\/\/miradouronoticias.com\/site\/","name":"Miradouro Not\u00edcias","description":"Informa\u00e7\u00f5es da cidade e regi\u00e3o","publisher":{"@id":"https:\/\/miradouronoticias.com\/site\/#organization"},"potentialAction":[{"@type":"SearchAction","target":{"@type":"EntryPoint","urlTemplate":"https:\/\/miradouronoticias.com\/site\/?s={search_term_string}"},"query-input":{"@type":"PropertyValueSpecification","valueRequired":true,"valueName":"search_term_string"}}],"inLanguage":"pt-BR"},{"@type":"Organization","@id":"https:\/\/miradouronoticias.com\/site\/#organization","name":"Miradouro Not\u00edcias","url":"https:\/\/miradouronoticias.com\/site\/","logo":{"@type":"ImageObject","inLanguage":"pt-BR","@id":"https:\/\/miradouronoticias.com\/site\/#\/schema\/logo\/image\/","url":"https:\/\/miradouronoticias.com\/site\/wp-content\/uploads\/2022\/01\/logomarcamiradouronoticias.png","contentUrl":"https:\/\/miradouronoticias.com\/site\/wp-content\/uploads\/2022\/01\/logomarcamiradouronoticias.png","width":747,"height":263,"caption":"Miradouro Not\u00edcias"},"image":{"@id":"https:\/\/miradouronoticias.com\/site\/#\/schema\/logo\/image\/"}},{"@type":"Person","@id":"https:\/\/miradouronoticias.com\/site\/#\/schema\/person\/73440d8c82222950df86f3e1a16aad3b","name":"Cl\u00e1udia Olyver","sameAs":["http:\/\/www.miradouronoticias.com"],"url":"https:\/\/miradouronoticias.com\/site\/author\/claudia\/"}]}},"_links":{"self":[{"href":"https:\/\/miradouronoticias.com\/site\/wp-json\/wp\/v2\/posts\/27858","targetHints":{"allow":["GET"]}}],"collection":[{"href":"https:\/\/miradouronoticias.com\/site\/wp-json\/wp\/v2\/posts"}],"about":[{"href":"https:\/\/miradouronoticias.com\/site\/wp-json\/wp\/v2\/types\/post"}],"author":[{"embeddable":true,"href":"https:\/\/miradouronoticias.com\/site\/wp-json\/wp\/v2\/users\/4"}],"replies":[{"embeddable":true,"href":"https:\/\/miradouronoticias.com\/site\/wp-json\/wp\/v2\/comments?post=27858"}],"version-history":[{"count":1,"href":"https:\/\/miradouronoticias.com\/site\/wp-json\/wp\/v2\/posts\/27858\/revisions"}],"predecessor-version":[{"id":27860,"href":"https:\/\/miradouronoticias.com\/site\/wp-json\/wp\/v2\/posts\/27858\/revisions\/27860"}],"wp:featuredmedia":[{"embeddable":true,"href":"https:\/\/miradouronoticias.com\/site\/wp-json\/wp\/v2\/media\/27859"}],"wp:attachment":[{"href":"https:\/\/miradouronoticias.com\/site\/wp-json\/wp\/v2\/media?parent=27858"}],"wp:term":[{"taxonomy":"category","embeddable":true,"href":"https:\/\/miradouronoticias.com\/site\/wp-json\/wp\/v2\/categories?post=27858"},{"taxonomy":"post_tag","embeddable":true,"href":"https:\/\/miradouronoticias.com\/site\/wp-json\/wp\/v2\/tags?post=27858"}],"curies":[{"name":"wp","href":"https:\/\/api.w.org\/{rel}","templated":true}]}}