{"id":27541,"date":"2025-02-25T05:52:32","date_gmt":"2025-02-25T08:52:32","guid":{"rendered":"https:\/\/miradouronoticias.com\/site\/?p=27541"},"modified":"2025-02-25T05:52:32","modified_gmt":"2025-02-25T08:52:32","slug":"lula-anuncia-parcela-do-pe-de-meia-e-ampliacao-do-farmacia-popular","status":"publish","type":"post","link":"https:\/\/miradouronoticias.com\/site\/2025\/02\/25\/lula-anuncia-parcela-do-pe-de-meia-e-ampliacao-do-farmacia-popular\/","title":{"rendered":"Lula anuncia parcela do P\u00e9-de-Meia e amplia\u00e7\u00e3o do Farm\u00e1cia Popular"},"content":{"rendered":"<p><img loading=\"lazy\" decoding=\"async\" class=\"alignnone size-medium wp-image-27542\" src=\"https:\/\/miradouronoticias.com\/site\/wp-content\/uploads\/2025\/02\/lula-300x179.webp\" alt=\"\" width=\"300\" height=\"179\" srcset=\"https:\/\/miradouronoticias.com\/site\/wp-content\/uploads\/2025\/02\/lula-300x179.webp 300w, https:\/\/miradouronoticias.com\/site\/wp-content\/uploads\/2025\/02\/lula-1024x613.webp 1024w, https:\/\/miradouronoticias.com\/site\/wp-content\/uploads\/2025\/02\/lula-768x459.webp 768w, https:\/\/miradouronoticias.com\/site\/wp-content\/uploads\/2025\/02\/lula.webp 1170w\" sizes=\"auto, (max-width: 300px) 100vw, 300px\" \/><\/p>\n<header id=\"header-site\" class=\"header-site full-width rel-position\">\n<div class=\"header-veiculo full-width\">\n<aside id=\"nav-menu-mobile\" class=\"nav-menu-mobile\">\n<div class=\"search-container full-width\"><input id=\"pesquisa-ebc\" class=\"search-bar\" type=\"text\" placeholder=\"Digite o termo da busca\" \/><button id=\"search-button\" class=\"search-button\" aria-label=\"Buscar\"><\/button> O pronunciamento em rede nacional de r\u00e1dio e televis\u00e3o na noite desta segunda-feira (24), o presidente Luiz In\u00e1cio Lula da Silva falou sobre os programas sociais P\u00e9-de-Meia, voltado a estudantes do ensino m\u00e9dio, e Farm\u00e1cia Popular, que distribui rem\u00e9dios de gra\u00e7a para a popula\u00e7\u00e3o. <img decoding=\"async\" src=\"https:\/\/agenciabrasil.ebc.com.br\/ebc.png?id=1631666&amp;o=node\" \/><img decoding=\"async\" src=\"https:\/\/agenciabrasil.ebc.com.br\/ebc.gif?id=1631666&amp;o=node\" \/><\/div>\n<\/aside>\n<\/div>\n<\/header>\n<p><main class=\"main-site\"><\/p>\n<div class=\"region region-content\">\n<div id=\"block-system-main\" class=\"block block-system\">\n<div class=\"content\">\n<div id=\"panel\" class=\"container-noticia rel-position\">\n<div id=\"node-1631666\" class=\"node node-conteudo clearfix\">\n<div class=\"conteudo-noticia\">\n<p><strong>A partir desta ter\u00e7a-feira (25), o\u00a0<a href=\"https:\/\/agenciabrasil.ebc.com.br\/educacao\/noticia\/2025-02\/pe-de-meia-sera-depositado-na-conta-de-alunos-partir-de-terca-feira\">Minist\u00e9rio da Educa\u00e7\u00e3o ir\u00e1 pagar a parcela de R$ 1 mil do P\u00e9-de-Meia<\/a>\u00a0a estudantes que conclu\u00edram um dos tr\u00eas anos do ensino m\u00e9dio regular em escola p\u00fablica em 2024.<\/strong><\/p>\n<p>\u201cTem direito ao valor quem passou de ano, mas quem concluiu o ensino m\u00e9dio j\u00e1 pode sacar a partir desta ter\u00e7a-feira\u201d, disse Lula, destacando que mais de 90% dos jovens que est\u00e3o no programa passaram de ano.<\/p>\n<blockquote><p>\u201cEssa a\u00e7\u00e3o extraordin\u00e1ria est\u00e1 ajudando mais de 4 milh\u00f5es de jovens a permanecerem na escola, melhorando a qualidade do ensino e aumentando a renda da fam\u00edlia\u201d, disse o presidente.<\/p><\/blockquote>\n<p><strong>Lula tamb\u00e9m lembrou que recentemente o governo\u00a0<a href=\"https:\/\/agenciabrasil.ebc.com.br\/saude\/noticia\/2025-02\/farmacia-popular-saiba-como-retirar-remedios-e-fraldas-geriatricas-gratuitas\">anunciou a total gratuidade do Farm\u00e1cia Popular<\/a>, com todos os 41 itens do programa, entre f\u00e1rmacos, fraldas e absorventes, sendo distribu\u00eddos de gra\u00e7a nas farm\u00e1cias credenciadas.<\/strong><\/p>\n<p>\u201cQuem tem doen\u00e7as como diabetes, hipertens\u00e3o ou asma vai poder tirar a sua medica\u00e7\u00e3o numa farm\u00e1cia conveniada apenas apresentando\u00a0 receita m\u00e9dica e seu documento de identidade\u201d, disse o presidente, lembrando a inclus\u00e3o de fraldas geri\u00e1tricas no programa.<\/p>\n<blockquote><p>\u201cDepois de dois anos de reconstru\u00e7\u00e3o de um pa\u00eds que estava destru\u00eddo, estamos\u00a0trabalhando muito para trazer prosperidade para todo o Brasil, principalmente para quem mais precisa\u201d, concluiu Lula.<\/p><\/blockquote>\n<h2>P\u00e9-de-Meia<\/h2>\n<p>Criado em janeiro de 2024, o\u00a0<a href=\"https:\/\/www.gov.br\/mec\/pt-br\/pe-de-meia\">P\u00e9-de-Meia\u00a0<\/a>\u00e9 destinado a estudantes do ensino m\u00e9dio e da Educa\u00e7\u00e3o de Jovens e Adultos (EJA) de escolas p\u00fablicas que integram fam\u00edlias inscritas no Cadastro \u00danico para Programas Sociais do governo federal (Cad\u00danico).\u00a0 A poupan\u00e7a tem o objetivo de promover a perman\u00eancia dos alunos e a conclus\u00e3o dessa etapa de ensino.<\/p>\n<p>Ao comprovar matr\u00edcula e frequ\u00eancia, o estudante recebe o pagamento de incentivo mensal de R$ 200, que pode ser sacado em qualquer momento. O benefici\u00e1rio do P\u00e9-de-Meia ainda recebe R$ 1 mil ao final de cada ano conclu\u00eddo, que s\u00f3 pode ser retirado da poupan\u00e7a ap\u00f3s a formatura no ensino m\u00e9dio. Adicionalmente, os alunos aprovados no terceiro ano em 2024, que participaram dos dois dias da \u00faltima edi\u00e7\u00e3o do Exame Nacional do Ensino M\u00e9dio (Enem), receber\u00e3o mais R$ 200.<\/p>\n<p><strong>Considerando as parcelas de incentivo, os dep\u00f3sitos anuais e o adicional de R$ 200 pela participa\u00e7\u00e3o no Exame Nacional do Ensino M\u00e9dio (Enem), os valores chegam a R$ 9,2 mil por aluno.\u00a0<\/strong><\/p>\n<div class=\"dnd-widget-wrapper context-cheio_8colunas type-image atom-align-center\">\n<div class=\"dnd-atom-rendered\"><img decoding=\"async\" title=\"Marcelo Camargo\/Ag\u00eancia Brasil\" src=\"https:\/\/imagens.ebc.com.br\/cz03g9RPnZMy0GG0xq7VbCwLJEA=\/754x0\/smart\/https:\/\/agenciabrasil.ebc.com.br\/sites\/default\/files\/thumbnails\/image\/2024\/03\/25\/pe-de-meia_mcamgo_abr_25032024-23.jpg?itok=DuDFtezo\" alt=\"Bras\u00edlia (DF), 25\/03\/2024 - O presidente da Rep\u00fablica, Luiz In\u00e1cio Lula da Silva, participa da entrega de cart\u00f5es do Programa P\u00e9-de-Meia para alunos de todo o Pa\u00eds. Foto: Marcelo Camargo\/Ag\u00eancia Brasil\" \/><\/div>\n<div class=\"dnd-caption-wrapper\">\n<h6 class=\"meta\"><em>Bras\u00edlia (DF), 25\/03\/2024 &#8211; Entrega de cart\u00f5es do Programa P\u00e9-de-Meia \u00a0Foto:\u00a0<strong>Marcelo Camargo\/Ag\u00eancia Brasil<\/strong><\/em><\/h6>\n<\/div>\n<\/div>\n<p>&nbsp;<\/p>\n<h2>Farm\u00e1cia Popular<\/h2>\n<p><strong>Recentemente, o governo\u00a0<a href=\"https:\/\/agenciabrasil.ebc.com.br\/saude\/noticia\/2025-02\/ministra-anuncia-gratuidade-dos-41-medicamentos-no-farmacia-popular\">anunciou a total gratuidade<\/a>\u00a0do Farm\u00e1cia Popular, com todos os 41 itens do programa, entre f\u00e1rmacos, fraldas e absorventes, sendo distribu\u00eddos de gra\u00e7a nas farm\u00e1cias credenciadas.<\/strong><\/p>\n<p>Com a amplia\u00e7\u00e3o, fraldas geri\u00e1tricas, por exemplo, passam a ser fornecidas de gra\u00e7a para o p\u00fablico eleg\u00edvel, como pessoas com 60 anos ou mais e indiv\u00edduos com mobilidade reduzida, incluindo pacientes acamados ou cadeirantes. A dapagliflozina, medicamento utilizado no tratamento do diabetes associado \u00e0 doen\u00e7a cardiovascular, tamb\u00e9m passou a ser ofertada pelo programa sem custos.<\/p>\n<p><strong>Para a obten\u00e7\u00e3o de um dos 41 itens do Farm\u00e1cia Popular, o paciente deve comparecer a um estabelecimento credenciado, identificado pela logomarca do programa, apresentando:<\/strong><\/p>\n<ul>\n<li>documento oficial com foto e n\u00famero do CPF ou documento de identidade em que conste o n\u00famero do CPF;<\/li>\n<li>receita m\u00e9dica dentro do prazo de validade, tanto do Sistema \u00danico de Sa\u00fade (SUS) quanto de servi\u00e7os particulares.<\/li>\n<\/ul>\n<p>Para pacientes acamados ou impossibilitados de comparecer a um estabelecimento credenciado ao programa, um representante legal ou procurador deve procurar a unidade e apresentar:<\/p>\n<ul>\n<li>receita m\u00e9dica dentro do prazo de validade, tanto do SUS quanto de servi\u00e7os particulares;<\/li>\n<li>documento oficial com foto e CPF do benefici\u00e1rio titular da receita ou documento de identidade que conste o n\u00famero do CPF, salvo menor de idade, que permite a apresenta\u00e7\u00e3o da certid\u00e3o de nascimento ou registro geral (RG);<\/li>\n<\/ul>\n<p>A lista completa de medicamentos e insumos disponibilizados pelo Farm\u00e1cia Popular\u00a0<a href=\"https:\/\/www.gov.br\/saude\/pt-br\/composicao\/sectics\/farmacia-popular\/arquivos\/elenco-de-medicamentos-e-insumos.pdf\">pode ser acessada aqui<\/a>.<\/p>\n<p>By: miradouronoticias.com.br\/ ag\u00eancia Brasil<\/p>\n<\/div>\n<\/div>\n<\/div>\n<\/div>\n<\/div>\n<\/div>\n<p><\/main><\/p>\n","protected":false},"excerpt":{"rendered":"<p>O pronunciamento em rede nacional de r\u00e1dio e televis\u00e3o na noite desta segunda-feira (24), o presidente Luiz In\u00e1cio Lula da Silva falou sobre os programas sociais P\u00e9-de-Meia, voltado a estudantes do ensino m\u00e9dio, e Farm\u00e1cia Popular, que distribui rem\u00e9dios de gra\u00e7a para a popula\u00e7\u00e3o. A partir desta ter\u00e7a-feira (25), o\u00a0Minist\u00e9rio da Educa\u00e7\u00e3o ir\u00e1 pagar a [&hellip;]<\/p>\n","protected":false},"author":4,"featured_media":27542,"comment_status":"open","ping_status":"open","sticky":false,"template":"","format":"standard","meta":{"footnotes":""},"categories":[1],"tags":[],"class_list":["post-27541","post","type-post","status-publish","format-standard","has-post-thumbnail","hentry","category-destaque-principal"],"yoast_head":"<!-- This site is optimized with the Yoast SEO plugin v27.2 - https:\/\/yoast.com\/product\/yoast-seo-wordpress\/ -->\n<title>Lula anuncia parcela do P\u00e9-de-Meia e amplia\u00e7\u00e3o do Farm\u00e1cia Popular - Miradouro Not\u00edcias<\/title>\n<meta name=\"robots\" content=\"index, follow, max-snippet:-1, max-image-preview:large, max-video-preview:-1\" \/>\n<link rel=\"canonical\" href=\"https:\/\/miradouronoticias.com\/site\/2025\/02\/25\/lula-anuncia-parcela-do-pe-de-meia-e-ampliacao-do-farmacia-popular\/\" \/>\n<meta property=\"og:locale\" content=\"pt_BR\" \/>\n<meta property=\"og:type\" content=\"article\" \/>\n<meta property=\"og:title\" content=\"Lula anuncia parcela do P\u00e9-de-Meia e amplia\u00e7\u00e3o do Farm\u00e1cia Popular - Miradouro Not\u00edcias\" \/>\n<meta property=\"og:description\" content=\"O pronunciamento em rede nacional de r\u00e1dio e televis\u00e3o na noite desta segunda-feira (24), o presidente Luiz In\u00e1cio Lula da Silva falou sobre os programas sociais P\u00e9-de-Meia, voltado a estudantes do ensino m\u00e9dio, e Farm\u00e1cia Popular, que distribui rem\u00e9dios de gra\u00e7a para a popula\u00e7\u00e3o. A partir desta ter\u00e7a-feira (25), o\u00a0Minist\u00e9rio da Educa\u00e7\u00e3o ir\u00e1 pagar a [&hellip;]\" \/>\n<meta property=\"og:url\" content=\"https:\/\/miradouronoticias.com\/site\/2025\/02\/25\/lula-anuncia-parcela-do-pe-de-meia-e-ampliacao-do-farmacia-popular\/\" \/>\n<meta property=\"og:site_name\" content=\"Miradouro Not\u00edcias\" \/>\n<meta property=\"article:published_time\" content=\"2025-02-25T08:52:32+00:00\" \/>\n<meta property=\"og:image\" content=\"https:\/\/miradouronoticias.com\/site\/wp-content\/uploads\/2025\/02\/lula.webp\" \/>\n\t<meta property=\"og:image:width\" content=\"1170\" \/>\n\t<meta property=\"og:image:height\" content=\"700\" \/>\n\t<meta property=\"og:image:type\" content=\"image\/webp\" \/>\n<meta name=\"author\" content=\"Cl\u00e1udia Olyver\" \/>\n<meta name=\"twitter:card\" content=\"summary_large_image\" \/>\n<meta name=\"twitter:label1\" content=\"Escrito por\" \/>\n\t<meta name=\"twitter:data1\" content=\"Cl\u00e1udia Olyver\" \/>\n\t<meta name=\"twitter:label2\" content=\"Est. tempo de leitura\" \/>\n\t<meta name=\"twitter:data2\" content=\"5 minutos\" \/>\n<script type=\"application\/ld+json\" class=\"yoast-schema-graph\">{\"@context\":\"https:\/\/schema.org\",\"@graph\":[{\"@type\":\"Article\",\"@id\":\"https:\/\/miradouronoticias.com\/site\/2025\/02\/25\/lula-anuncia-parcela-do-pe-de-meia-e-ampliacao-do-farmacia-popular\/#article\",\"isPartOf\":{\"@id\":\"https:\/\/miradouronoticias.com\/site\/2025\/02\/25\/lula-anuncia-parcela-do-pe-de-meia-e-ampliacao-do-farmacia-popular\/\"},\"author\":{\"name\":\"Cl\u00e1udia Olyver\",\"@id\":\"https:\/\/miradouronoticias.com\/site\/#\/schema\/person\/73440d8c82222950df86f3e1a16aad3b\"},\"headline\":\"Lula anuncia parcela do P\u00e9-de-Meia e amplia\u00e7\u00e3o do Farm\u00e1cia Popular\",\"datePublished\":\"2025-02-25T08:52:32+00:00\",\"mainEntityOfPage\":{\"@id\":\"https:\/\/miradouronoticias.com\/site\/2025\/02\/25\/lula-anuncia-parcela-do-pe-de-meia-e-ampliacao-do-farmacia-popular\/\"},\"wordCount\":764,\"commentCount\":0,\"publisher\":{\"@id\":\"https:\/\/miradouronoticias.com\/site\/#organization\"},\"image\":{\"@id\":\"https:\/\/miradouronoticias.com\/site\/2025\/02\/25\/lula-anuncia-parcela-do-pe-de-meia-e-ampliacao-do-farmacia-popular\/#primaryimage\"},\"thumbnailUrl\":\"https:\/\/miradouronoticias.com\/site\/wp-content\/uploads\/2025\/02\/lula.webp\",\"articleSection\":[\"Destaque Principal\"],\"inLanguage\":\"pt-BR\",\"potentialAction\":[{\"@type\":\"CommentAction\",\"name\":\"Comment\",\"target\":[\"https:\/\/miradouronoticias.com\/site\/2025\/02\/25\/lula-anuncia-parcela-do-pe-de-meia-e-ampliacao-do-farmacia-popular\/#respond\"]}]},{\"@type\":\"WebPage\",\"@id\":\"https:\/\/miradouronoticias.com\/site\/2025\/02\/25\/lula-anuncia-parcela-do-pe-de-meia-e-ampliacao-do-farmacia-popular\/\",\"url\":\"https:\/\/miradouronoticias.com\/site\/2025\/02\/25\/lula-anuncia-parcela-do-pe-de-meia-e-ampliacao-do-farmacia-popular\/\",\"name\":\"Lula anuncia parcela do P\u00e9-de-Meia e amplia\u00e7\u00e3o do Farm\u00e1cia Popular - Miradouro Not\u00edcias\",\"isPartOf\":{\"@id\":\"https:\/\/miradouronoticias.com\/site\/#website\"},\"primaryImageOfPage\":{\"@id\":\"https:\/\/miradouronoticias.com\/site\/2025\/02\/25\/lula-anuncia-parcela-do-pe-de-meia-e-ampliacao-do-farmacia-popular\/#primaryimage\"},\"image\":{\"@id\":\"https:\/\/miradouronoticias.com\/site\/2025\/02\/25\/lula-anuncia-parcela-do-pe-de-meia-e-ampliacao-do-farmacia-popular\/#primaryimage\"},\"thumbnailUrl\":\"https:\/\/miradouronoticias.com\/site\/wp-content\/uploads\/2025\/02\/lula.webp\",\"datePublished\":\"2025-02-25T08:52:32+00:00\",\"breadcrumb\":{\"@id\":\"https:\/\/miradouronoticias.com\/site\/2025\/02\/25\/lula-anuncia-parcela-do-pe-de-meia-e-ampliacao-do-farmacia-popular\/#breadcrumb\"},\"inLanguage\":\"pt-BR\",\"potentialAction\":[{\"@type\":\"ReadAction\",\"target\":[\"https:\/\/miradouronoticias.com\/site\/2025\/02\/25\/lula-anuncia-parcela-do-pe-de-meia-e-ampliacao-do-farmacia-popular\/\"]}]},{\"@type\":\"ImageObject\",\"inLanguage\":\"pt-BR\",\"@id\":\"https:\/\/miradouronoticias.com\/site\/2025\/02\/25\/lula-anuncia-parcela-do-pe-de-meia-e-ampliacao-do-farmacia-popular\/#primaryimage\",\"url\":\"https:\/\/miradouronoticias.com\/site\/wp-content\/uploads\/2025\/02\/lula.webp\",\"contentUrl\":\"https:\/\/miradouronoticias.com\/site\/wp-content\/uploads\/2025\/02\/lula.webp\",\"width\":1170,\"height\":700},{\"@type\":\"BreadcrumbList\",\"@id\":\"https:\/\/miradouronoticias.com\/site\/2025\/02\/25\/lula-anuncia-parcela-do-pe-de-meia-e-ampliacao-do-farmacia-popular\/#breadcrumb\",\"itemListElement\":[{\"@type\":\"ListItem\",\"position\":1,\"name\":\"In\u00edcio\",\"item\":\"https:\/\/miradouronoticias.com\/site\/\"},{\"@type\":\"ListItem\",\"position\":2,\"name\":\"Lula anuncia parcela do P\u00e9-de-Meia e amplia\u00e7\u00e3o do Farm\u00e1cia Popular\"}]},{\"@type\":\"WebSite\",\"@id\":\"https:\/\/miradouronoticias.com\/site\/#website\",\"url\":\"https:\/\/miradouronoticias.com\/site\/\",\"name\":\"Miradouro Not\u00edcias\",\"description\":\"Informa\u00e7\u00f5es da cidade e regi\u00e3o\",\"publisher\":{\"@id\":\"https:\/\/miradouronoticias.com\/site\/#organization\"},\"potentialAction\":[{\"@type\":\"SearchAction\",\"target\":{\"@type\":\"EntryPoint\",\"urlTemplate\":\"https:\/\/miradouronoticias.com\/site\/?s={search_term_string}\"},\"query-input\":{\"@type\":\"PropertyValueSpecification\",\"valueRequired\":true,\"valueName\":\"search_term_string\"}}],\"inLanguage\":\"pt-BR\"},{\"@type\":\"Organization\",\"@id\":\"https:\/\/miradouronoticias.com\/site\/#organization\",\"name\":\"Miradouro Not\u00edcias\",\"url\":\"https:\/\/miradouronoticias.com\/site\/\",\"logo\":{\"@type\":\"ImageObject\",\"inLanguage\":\"pt-BR\",\"@id\":\"https:\/\/miradouronoticias.com\/site\/#\/schema\/logo\/image\/\",\"url\":\"https:\/\/miradouronoticias.com\/site\/wp-content\/uploads\/2022\/01\/logomarcamiradouronoticias.png\",\"contentUrl\":\"https:\/\/miradouronoticias.com\/site\/wp-content\/uploads\/2022\/01\/logomarcamiradouronoticias.png\",\"width\":747,\"height\":263,\"caption\":\"Miradouro Not\u00edcias\"},\"image\":{\"@id\":\"https:\/\/miradouronoticias.com\/site\/#\/schema\/logo\/image\/\"}},{\"@type\":\"Person\",\"@id\":\"https:\/\/miradouronoticias.com\/site\/#\/schema\/person\/73440d8c82222950df86f3e1a16aad3b\",\"name\":\"Cl\u00e1udia Olyver\",\"sameAs\":[\"http:\/\/www.miradouronoticias.com\"],\"url\":\"https:\/\/miradouronoticias.com\/site\/author\/claudia\/\"}]}<\/script>\n<!-- \/ Yoast SEO plugin. -->","yoast_head_json":{"title":"Lula anuncia parcela do P\u00e9-de-Meia e amplia\u00e7\u00e3o do Farm\u00e1cia Popular - Miradouro Not\u00edcias","robots":{"index":"index","follow":"follow","max-snippet":"max-snippet:-1","max-image-preview":"max-image-preview:large","max-video-preview":"max-video-preview:-1"},"canonical":"https:\/\/miradouronoticias.com\/site\/2025\/02\/25\/lula-anuncia-parcela-do-pe-de-meia-e-ampliacao-do-farmacia-popular\/","og_locale":"pt_BR","og_type":"article","og_title":"Lula anuncia parcela do P\u00e9-de-Meia e amplia\u00e7\u00e3o do Farm\u00e1cia Popular - Miradouro Not\u00edcias","og_description":"O pronunciamento em rede nacional de r\u00e1dio e televis\u00e3o na noite desta segunda-feira (24), o presidente Luiz In\u00e1cio Lula da Silva falou sobre os programas sociais P\u00e9-de-Meia, voltado a estudantes do ensino m\u00e9dio, e Farm\u00e1cia Popular, que distribui rem\u00e9dios de gra\u00e7a para a popula\u00e7\u00e3o. A partir desta ter\u00e7a-feira (25), o\u00a0Minist\u00e9rio da Educa\u00e7\u00e3o ir\u00e1 pagar a [&hellip;]","og_url":"https:\/\/miradouronoticias.com\/site\/2025\/02\/25\/lula-anuncia-parcela-do-pe-de-meia-e-ampliacao-do-farmacia-popular\/","og_site_name":"Miradouro Not\u00edcias","article_published_time":"2025-02-25T08:52:32+00:00","og_image":[{"width":1170,"height":700,"url":"https:\/\/miradouronoticias.com\/site\/wp-content\/uploads\/2025\/02\/lula.webp","type":"image\/webp"}],"author":"Cl\u00e1udia Olyver","twitter_card":"summary_large_image","twitter_misc":{"Escrito por":"Cl\u00e1udia Olyver","Est. tempo de leitura":"5 minutos"},"schema":{"@context":"https:\/\/schema.org","@graph":[{"@type":"Article","@id":"https:\/\/miradouronoticias.com\/site\/2025\/02\/25\/lula-anuncia-parcela-do-pe-de-meia-e-ampliacao-do-farmacia-popular\/#article","isPartOf":{"@id":"https:\/\/miradouronoticias.com\/site\/2025\/02\/25\/lula-anuncia-parcela-do-pe-de-meia-e-ampliacao-do-farmacia-popular\/"},"author":{"name":"Cl\u00e1udia Olyver","@id":"https:\/\/miradouronoticias.com\/site\/#\/schema\/person\/73440d8c82222950df86f3e1a16aad3b"},"headline":"Lula anuncia parcela do P\u00e9-de-Meia e amplia\u00e7\u00e3o do Farm\u00e1cia Popular","datePublished":"2025-02-25T08:52:32+00:00","mainEntityOfPage":{"@id":"https:\/\/miradouronoticias.com\/site\/2025\/02\/25\/lula-anuncia-parcela-do-pe-de-meia-e-ampliacao-do-farmacia-popular\/"},"wordCount":764,"commentCount":0,"publisher":{"@id":"https:\/\/miradouronoticias.com\/site\/#organization"},"image":{"@id":"https:\/\/miradouronoticias.com\/site\/2025\/02\/25\/lula-anuncia-parcela-do-pe-de-meia-e-ampliacao-do-farmacia-popular\/#primaryimage"},"thumbnailUrl":"https:\/\/miradouronoticias.com\/site\/wp-content\/uploads\/2025\/02\/lula.webp","articleSection":["Destaque Principal"],"inLanguage":"pt-BR","potentialAction":[{"@type":"CommentAction","name":"Comment","target":["https:\/\/miradouronoticias.com\/site\/2025\/02\/25\/lula-anuncia-parcela-do-pe-de-meia-e-ampliacao-do-farmacia-popular\/#respond"]}]},{"@type":"WebPage","@id":"https:\/\/miradouronoticias.com\/site\/2025\/02\/25\/lula-anuncia-parcela-do-pe-de-meia-e-ampliacao-do-farmacia-popular\/","url":"https:\/\/miradouronoticias.com\/site\/2025\/02\/25\/lula-anuncia-parcela-do-pe-de-meia-e-ampliacao-do-farmacia-popular\/","name":"Lula anuncia parcela do P\u00e9-de-Meia e amplia\u00e7\u00e3o do Farm\u00e1cia Popular - Miradouro Not\u00edcias","isPartOf":{"@id":"https:\/\/miradouronoticias.com\/site\/#website"},"primaryImageOfPage":{"@id":"https:\/\/miradouronoticias.com\/site\/2025\/02\/25\/lula-anuncia-parcela-do-pe-de-meia-e-ampliacao-do-farmacia-popular\/#primaryimage"},"image":{"@id":"https:\/\/miradouronoticias.com\/site\/2025\/02\/25\/lula-anuncia-parcela-do-pe-de-meia-e-ampliacao-do-farmacia-popular\/#primaryimage"},"thumbnailUrl":"https:\/\/miradouronoticias.com\/site\/wp-content\/uploads\/2025\/02\/lula.webp","datePublished":"2025-02-25T08:52:32+00:00","breadcrumb":{"@id":"https:\/\/miradouronoticias.com\/site\/2025\/02\/25\/lula-anuncia-parcela-do-pe-de-meia-e-ampliacao-do-farmacia-popular\/#breadcrumb"},"inLanguage":"pt-BR","potentialAction":[{"@type":"ReadAction","target":["https:\/\/miradouronoticias.com\/site\/2025\/02\/25\/lula-anuncia-parcela-do-pe-de-meia-e-ampliacao-do-farmacia-popular\/"]}]},{"@type":"ImageObject","inLanguage":"pt-BR","@id":"https:\/\/miradouronoticias.com\/site\/2025\/02\/25\/lula-anuncia-parcela-do-pe-de-meia-e-ampliacao-do-farmacia-popular\/#primaryimage","url":"https:\/\/miradouronoticias.com\/site\/wp-content\/uploads\/2025\/02\/lula.webp","contentUrl":"https:\/\/miradouronoticias.com\/site\/wp-content\/uploads\/2025\/02\/lula.webp","width":1170,"height":700},{"@type":"BreadcrumbList","@id":"https:\/\/miradouronoticias.com\/site\/2025\/02\/25\/lula-anuncia-parcela-do-pe-de-meia-e-ampliacao-do-farmacia-popular\/#breadcrumb","itemListElement":[{"@type":"ListItem","position":1,"name":"In\u00edcio","item":"https:\/\/miradouronoticias.com\/site\/"},{"@type":"ListItem","position":2,"name":"Lula anuncia parcela do P\u00e9-de-Meia e amplia\u00e7\u00e3o do Farm\u00e1cia Popular"}]},{"@type":"WebSite","@id":"https:\/\/miradouronoticias.com\/site\/#website","url":"https:\/\/miradouronoticias.com\/site\/","name":"Miradouro Not\u00edcias","description":"Informa\u00e7\u00f5es da cidade e regi\u00e3o","publisher":{"@id":"https:\/\/miradouronoticias.com\/site\/#organization"},"potentialAction":[{"@type":"SearchAction","target":{"@type":"EntryPoint","urlTemplate":"https:\/\/miradouronoticias.com\/site\/?s={search_term_string}"},"query-input":{"@type":"PropertyValueSpecification","valueRequired":true,"valueName":"search_term_string"}}],"inLanguage":"pt-BR"},{"@type":"Organization","@id":"https:\/\/miradouronoticias.com\/site\/#organization","name":"Miradouro Not\u00edcias","url":"https:\/\/miradouronoticias.com\/site\/","logo":{"@type":"ImageObject","inLanguage":"pt-BR","@id":"https:\/\/miradouronoticias.com\/site\/#\/schema\/logo\/image\/","url":"https:\/\/miradouronoticias.com\/site\/wp-content\/uploads\/2022\/01\/logomarcamiradouronoticias.png","contentUrl":"https:\/\/miradouronoticias.com\/site\/wp-content\/uploads\/2022\/01\/logomarcamiradouronoticias.png","width":747,"height":263,"caption":"Miradouro Not\u00edcias"},"image":{"@id":"https:\/\/miradouronoticias.com\/site\/#\/schema\/logo\/image\/"}},{"@type":"Person","@id":"https:\/\/miradouronoticias.com\/site\/#\/schema\/person\/73440d8c82222950df86f3e1a16aad3b","name":"Cl\u00e1udia Olyver","sameAs":["http:\/\/www.miradouronoticias.com"],"url":"https:\/\/miradouronoticias.com\/site\/author\/claudia\/"}]}},"_links":{"self":[{"href":"https:\/\/miradouronoticias.com\/site\/wp-json\/wp\/v2\/posts\/27541","targetHints":{"allow":["GET"]}}],"collection":[{"href":"https:\/\/miradouronoticias.com\/site\/wp-json\/wp\/v2\/posts"}],"about":[{"href":"https:\/\/miradouronoticias.com\/site\/wp-json\/wp\/v2\/types\/post"}],"author":[{"embeddable":true,"href":"https:\/\/miradouronoticias.com\/site\/wp-json\/wp\/v2\/users\/4"}],"replies":[{"embeddable":true,"href":"https:\/\/miradouronoticias.com\/site\/wp-json\/wp\/v2\/comments?post=27541"}],"version-history":[{"count":1,"href":"https:\/\/miradouronoticias.com\/site\/wp-json\/wp\/v2\/posts\/27541\/revisions"}],"predecessor-version":[{"id":27543,"href":"https:\/\/miradouronoticias.com\/site\/wp-json\/wp\/v2\/posts\/27541\/revisions\/27543"}],"wp:featuredmedia":[{"embeddable":true,"href":"https:\/\/miradouronoticias.com\/site\/wp-json\/wp\/v2\/media\/27542"}],"wp:attachment":[{"href":"https:\/\/miradouronoticias.com\/site\/wp-json\/wp\/v2\/media?parent=27541"}],"wp:term":[{"taxonomy":"category","embeddable":true,"href":"https:\/\/miradouronoticias.com\/site\/wp-json\/wp\/v2\/categories?post=27541"},{"taxonomy":"post_tag","embeddable":true,"href":"https:\/\/miradouronoticias.com\/site\/wp-json\/wp\/v2\/tags?post=27541"}],"curies":[{"name":"wp","href":"https:\/\/api.w.org\/{rel}","templated":true}]}}