{"id":27494,"date":"2025-02-20T08:58:47","date_gmt":"2025-02-20T11:58:47","guid":{"rendered":"https:\/\/miradouronoticias.com\/site\/?p=27494"},"modified":"2025-02-20T08:58:47","modified_gmt":"2025-02-20T11:58:47","slug":"ofertas-do-fecha-mes-do-mercado-central-de-miradouro","status":"publish","type":"post","link":"https:\/\/miradouronoticias.com\/site\/2025\/02\/20\/ofertas-do-fecha-mes-do-mercado-central-de-miradouro\/","title":{"rendered":"Ofertas do &#8220;Fecha M\u00eas&#8221; do Mercado Central de Miradouro"},"content":{"rendered":"<p><img loading=\"lazy\" decoding=\"async\" class=\"alignnone size-medium wp-image-27495\" src=\"https:\/\/miradouronoticias.com\/site\/wp-content\/uploads\/2025\/02\/IMG-20250220-WA0052-193x300.jpg\" alt=\"\" width=\"193\" height=\"300\" srcset=\"https:\/\/miradouronoticias.com\/site\/wp-content\/uploads\/2025\/02\/IMG-20250220-WA0052-193x300.jpg 193w, https:\/\/miradouronoticias.com\/site\/wp-content\/uploads\/2025\/02\/IMG-20250220-WA0052-659x1024.jpg 659w, https:\/\/miradouronoticias.com\/site\/wp-content\/uploads\/2025\/02\/IMG-20250220-WA0052-768x1194.jpg 768w, https:\/\/miradouronoticias.com\/site\/wp-content\/uploads\/2025\/02\/IMG-20250220-WA0052-988x1536.jpg 988w, https:\/\/miradouronoticias.com\/site\/wp-content\/uploads\/2025\/02\/IMG-20250220-WA0052.jpg 1029w\" sizes=\"auto, (max-width: 193px) 100vw, 193px\" \/> <img loading=\"lazy\" decoding=\"async\" class=\"alignnone size-medium wp-image-27496\" src=\"https:\/\/miradouronoticias.com\/site\/wp-content\/uploads\/2025\/02\/IMG-20250220-WA0053-193x300.jpg\" alt=\"\" width=\"193\" height=\"300\" srcset=\"https:\/\/miradouronoticias.com\/site\/wp-content\/uploads\/2025\/02\/IMG-20250220-WA0053-193x300.jpg 193w, https:\/\/miradouronoticias.com\/site\/wp-content\/uploads\/2025\/02\/IMG-20250220-WA0053-659x1024.jpg 659w, https:\/\/miradouronoticias.com\/site\/wp-content\/uploads\/2025\/02\/IMG-20250220-WA0053-768x1194.jpg 768w, https:\/\/miradouronoticias.com\/site\/wp-content\/uploads\/2025\/02\/IMG-20250220-WA0053-988x1536.jpg 988w, https:\/\/miradouronoticias.com\/site\/wp-content\/uploads\/2025\/02\/IMG-20250220-WA0053.jpg 1029w\" sizes=\"auto, (max-width: 193px) 100vw, 193px\" \/> <img loading=\"lazy\" decoding=\"async\" class=\"alignnone size-medium wp-image-27497\" src=\"https:\/\/miradouronoticias.com\/site\/wp-content\/uploads\/2025\/02\/IMG-20250220-WA0055-193x300.jpg\" alt=\"\" width=\"193\" height=\"300\" srcset=\"https:\/\/miradouronoticias.com\/site\/wp-content\/uploads\/2025\/02\/IMG-20250220-WA0055-193x300.jpg 193w, https:\/\/miradouronoticias.com\/site\/wp-content\/uploads\/2025\/02\/IMG-20250220-WA0055-659x1024.jpg 659w, https:\/\/miradouronoticias.com\/site\/wp-content\/uploads\/2025\/02\/IMG-20250220-WA0055-768x1194.jpg 768w, https:\/\/miradouronoticias.com\/site\/wp-content\/uploads\/2025\/02\/IMG-20250220-WA0055-988x1536.jpg 988w, https:\/\/miradouronoticias.com\/site\/wp-content\/uploads\/2025\/02\/IMG-20250220-WA0055.jpg 1029w\" sizes=\"auto, (max-width: 193px) 100vw, 193px\" \/> <img loading=\"lazy\" decoding=\"async\" class=\"alignnone size-medium wp-image-27498\" src=\"https:\/\/miradouronoticias.com\/site\/wp-content\/uploads\/2025\/02\/IMG-20250220-WA0054-193x300.jpg\" alt=\"\" width=\"193\" height=\"300\" srcset=\"https:\/\/miradouronoticias.com\/site\/wp-content\/uploads\/2025\/02\/IMG-20250220-WA0054-193x300.jpg 193w, https:\/\/miradouronoticias.com\/site\/wp-content\/uploads\/2025\/02\/IMG-20250220-WA0054-659x1024.jpg 659w, https:\/\/miradouronoticias.com\/site\/wp-content\/uploads\/2025\/02\/IMG-20250220-WA0054-768x1194.jpg 768w, https:\/\/miradouronoticias.com\/site\/wp-content\/uploads\/2025\/02\/IMG-20250220-WA0054-988x1536.jpg 988w, https:\/\/miradouronoticias.com\/site\/wp-content\/uploads\/2025\/02\/IMG-20250220-WA0054.jpg 1029w\" sizes=\"auto, (max-width: 193px) 100vw, 193px\" \/><\/p>\n<p>By: miradouronoticias.com.br<\/p>\n","protected":false},"excerpt":{"rendered":"<p>By: miradouronoticias.com.br<\/p>\n","protected":false},"author":4,"featured_media":27495,"comment_status":"open","ping_status":"open","sticky":false,"template":"","format":"standard","meta":{"footnotes":""},"categories":[59],"tags":[],"class_list":["post-27494","post","type-post","status-publish","format-standard","has-post-thumbnail","hentry","category-ofertas"],"yoast_head":"<!-- This site is optimized with the Yoast SEO plugin v27.2 - https:\/\/yoast.com\/product\/yoast-seo-wordpress\/ -->\n<title>Ofertas do &quot;Fecha M\u00eas&quot; do Mercado Central de Miradouro - Miradouro Not\u00edcias<\/title>\n<meta name=\"robots\" content=\"index, follow, max-snippet:-1, max-image-preview:large, max-video-preview:-1\" \/>\n<link rel=\"canonical\" href=\"https:\/\/miradouronoticias.com\/site\/2025\/02\/20\/ofertas-do-fecha-mes-do-mercado-central-de-miradouro\/\" \/>\n<meta property=\"og:locale\" content=\"pt_BR\" \/>\n<meta property=\"og:type\" content=\"article\" \/>\n<meta property=\"og:title\" content=\"Ofertas do &quot;Fecha M\u00eas&quot; do Mercado Central de Miradouro - Miradouro Not\u00edcias\" \/>\n<meta property=\"og:description\" content=\"By: miradouronoticias.com.br\" \/>\n<meta property=\"og:url\" content=\"https:\/\/miradouronoticias.com\/site\/2025\/02\/20\/ofertas-do-fecha-mes-do-mercado-central-de-miradouro\/\" \/>\n<meta property=\"og:site_name\" content=\"Miradouro Not\u00edcias\" \/>\n<meta property=\"article:published_time\" content=\"2025-02-20T11:58:47+00:00\" \/>\n<meta property=\"og:image\" content=\"https:\/\/miradouronoticias.com\/site\/wp-content\/uploads\/2025\/02\/IMG-20250220-WA0052.jpg\" \/>\n\t<meta property=\"og:image:width\" content=\"1029\" \/>\n\t<meta property=\"og:image:height\" content=\"1600\" \/>\n\t<meta property=\"og:image:type\" content=\"image\/jpeg\" \/>\n<meta name=\"author\" content=\"Cl\u00e1udia Olyver\" \/>\n<meta name=\"twitter:card\" content=\"summary_large_image\" \/>\n<meta name=\"twitter:label1\" content=\"Escrito por\" \/>\n\t<meta name=\"twitter:data1\" content=\"Cl\u00e1udia Olyver\" \/>\n\t<meta name=\"twitter:label2\" content=\"Est. tempo de leitura\" \/>\n\t<meta name=\"twitter:data2\" content=\"2 minutos\" \/>\n<script type=\"application\/ld+json\" class=\"yoast-schema-graph\">{\"@context\":\"https:\/\/schema.org\",\"@graph\":[{\"@type\":\"Article\",\"@id\":\"https:\/\/miradouronoticias.com\/site\/2025\/02\/20\/ofertas-do-fecha-mes-do-mercado-central-de-miradouro\/#article\",\"isPartOf\":{\"@id\":\"https:\/\/miradouronoticias.com\/site\/2025\/02\/20\/ofertas-do-fecha-mes-do-mercado-central-de-miradouro\/\"},\"author\":{\"name\":\"Cl\u00e1udia Olyver\",\"@id\":\"https:\/\/miradouronoticias.com\/site\/#\/schema\/person\/73440d8c82222950df86f3e1a16aad3b\"},\"headline\":\"Ofertas do &#8220;Fecha M\u00eas&#8221; do Mercado Central de Miradouro\",\"datePublished\":\"2025-02-20T11:58:47+00:00\",\"mainEntityOfPage\":{\"@id\":\"https:\/\/miradouronoticias.com\/site\/2025\/02\/20\/ofertas-do-fecha-mes-do-mercado-central-de-miradouro\/\"},\"wordCount\":14,\"commentCount\":0,\"publisher\":{\"@id\":\"https:\/\/miradouronoticias.com\/site\/#organization\"},\"image\":{\"@id\":\"https:\/\/miradouronoticias.com\/site\/2025\/02\/20\/ofertas-do-fecha-mes-do-mercado-central-de-miradouro\/#primaryimage\"},\"thumbnailUrl\":\"https:\/\/miradouronoticias.com\/site\/wp-content\/uploads\/2025\/02\/IMG-20250220-WA0052.jpg\",\"articleSection\":[\"Ofertas\"],\"inLanguage\":\"pt-BR\",\"potentialAction\":[{\"@type\":\"CommentAction\",\"name\":\"Comment\",\"target\":[\"https:\/\/miradouronoticias.com\/site\/2025\/02\/20\/ofertas-do-fecha-mes-do-mercado-central-de-miradouro\/#respond\"]}]},{\"@type\":\"WebPage\",\"@id\":\"https:\/\/miradouronoticias.com\/site\/2025\/02\/20\/ofertas-do-fecha-mes-do-mercado-central-de-miradouro\/\",\"url\":\"https:\/\/miradouronoticias.com\/site\/2025\/02\/20\/ofertas-do-fecha-mes-do-mercado-central-de-miradouro\/\",\"name\":\"Ofertas do \\\"Fecha M\u00eas\\\" do Mercado Central de Miradouro - Miradouro Not\u00edcias\",\"isPartOf\":{\"@id\":\"https:\/\/miradouronoticias.com\/site\/#website\"},\"primaryImageOfPage\":{\"@id\":\"https:\/\/miradouronoticias.com\/site\/2025\/02\/20\/ofertas-do-fecha-mes-do-mercado-central-de-miradouro\/#primaryimage\"},\"image\":{\"@id\":\"https:\/\/miradouronoticias.com\/site\/2025\/02\/20\/ofertas-do-fecha-mes-do-mercado-central-de-miradouro\/#primaryimage\"},\"thumbnailUrl\":\"https:\/\/miradouronoticias.com\/site\/wp-content\/uploads\/2025\/02\/IMG-20250220-WA0052.jpg\",\"datePublished\":\"2025-02-20T11:58:47+00:00\",\"breadcrumb\":{\"@id\":\"https:\/\/miradouronoticias.com\/site\/2025\/02\/20\/ofertas-do-fecha-mes-do-mercado-central-de-miradouro\/#breadcrumb\"},\"inLanguage\":\"pt-BR\",\"potentialAction\":[{\"@type\":\"ReadAction\",\"target\":[\"https:\/\/miradouronoticias.com\/site\/2025\/02\/20\/ofertas-do-fecha-mes-do-mercado-central-de-miradouro\/\"]}]},{\"@type\":\"ImageObject\",\"inLanguage\":\"pt-BR\",\"@id\":\"https:\/\/miradouronoticias.com\/site\/2025\/02\/20\/ofertas-do-fecha-mes-do-mercado-central-de-miradouro\/#primaryimage\",\"url\":\"https:\/\/miradouronoticias.com\/site\/wp-content\/uploads\/2025\/02\/IMG-20250220-WA0052.jpg\",\"contentUrl\":\"https:\/\/miradouronoticias.com\/site\/wp-content\/uploads\/2025\/02\/IMG-20250220-WA0052.jpg\",\"width\":1029,\"height\":1600},{\"@type\":\"BreadcrumbList\",\"@id\":\"https:\/\/miradouronoticias.com\/site\/2025\/02\/20\/ofertas-do-fecha-mes-do-mercado-central-de-miradouro\/#breadcrumb\",\"itemListElement\":[{\"@type\":\"ListItem\",\"position\":1,\"name\":\"In\u00edcio\",\"item\":\"https:\/\/miradouronoticias.com\/site\/\"},{\"@type\":\"ListItem\",\"position\":2,\"name\":\"Ofertas do &#8220;Fecha M\u00eas&#8221; do Mercado Central de Miradouro\"}]},{\"@type\":\"WebSite\",\"@id\":\"https:\/\/miradouronoticias.com\/site\/#website\",\"url\":\"https:\/\/miradouronoticias.com\/site\/\",\"name\":\"Miradouro Not\u00edcias\",\"description\":\"Informa\u00e7\u00f5es da cidade e regi\u00e3o\",\"publisher\":{\"@id\":\"https:\/\/miradouronoticias.com\/site\/#organization\"},\"potentialAction\":[{\"@type\":\"SearchAction\",\"target\":{\"@type\":\"EntryPoint\",\"urlTemplate\":\"https:\/\/miradouronoticias.com\/site\/?s={search_term_string}\"},\"query-input\":{\"@type\":\"PropertyValueSpecification\",\"valueRequired\":true,\"valueName\":\"search_term_string\"}}],\"inLanguage\":\"pt-BR\"},{\"@type\":\"Organization\",\"@id\":\"https:\/\/miradouronoticias.com\/site\/#organization\",\"name\":\"Miradouro Not\u00edcias\",\"url\":\"https:\/\/miradouronoticias.com\/site\/\",\"logo\":{\"@type\":\"ImageObject\",\"inLanguage\":\"pt-BR\",\"@id\":\"https:\/\/miradouronoticias.com\/site\/#\/schema\/logo\/image\/\",\"url\":\"https:\/\/miradouronoticias.com\/site\/wp-content\/uploads\/2022\/01\/logomarcamiradouronoticias.png\",\"contentUrl\":\"https:\/\/miradouronoticias.com\/site\/wp-content\/uploads\/2022\/01\/logomarcamiradouronoticias.png\",\"width\":747,\"height\":263,\"caption\":\"Miradouro Not\u00edcias\"},\"image\":{\"@id\":\"https:\/\/miradouronoticias.com\/site\/#\/schema\/logo\/image\/\"}},{\"@type\":\"Person\",\"@id\":\"https:\/\/miradouronoticias.com\/site\/#\/schema\/person\/73440d8c82222950df86f3e1a16aad3b\",\"name\":\"Cl\u00e1udia Olyver\",\"sameAs\":[\"http:\/\/www.miradouronoticias.com\"],\"url\":\"https:\/\/miradouronoticias.com\/site\/author\/claudia\/\"}]}<\/script>\n<!-- \/ Yoast SEO plugin. -->","yoast_head_json":{"title":"Ofertas do \"Fecha M\u00eas\" do Mercado Central de Miradouro - Miradouro Not\u00edcias","robots":{"index":"index","follow":"follow","max-snippet":"max-snippet:-1","max-image-preview":"max-image-preview:large","max-video-preview":"max-video-preview:-1"},"canonical":"https:\/\/miradouronoticias.com\/site\/2025\/02\/20\/ofertas-do-fecha-mes-do-mercado-central-de-miradouro\/","og_locale":"pt_BR","og_type":"article","og_title":"Ofertas do \"Fecha M\u00eas\" do Mercado Central de Miradouro - Miradouro Not\u00edcias","og_description":"By: miradouronoticias.com.br","og_url":"https:\/\/miradouronoticias.com\/site\/2025\/02\/20\/ofertas-do-fecha-mes-do-mercado-central-de-miradouro\/","og_site_name":"Miradouro Not\u00edcias","article_published_time":"2025-02-20T11:58:47+00:00","og_image":[{"width":1029,"height":1600,"url":"https:\/\/miradouronoticias.com\/site\/wp-content\/uploads\/2025\/02\/IMG-20250220-WA0052.jpg","type":"image\/jpeg"}],"author":"Cl\u00e1udia Olyver","twitter_card":"summary_large_image","twitter_misc":{"Escrito por":"Cl\u00e1udia Olyver","Est. tempo de leitura":"2 minutos"},"schema":{"@context":"https:\/\/schema.org","@graph":[{"@type":"Article","@id":"https:\/\/miradouronoticias.com\/site\/2025\/02\/20\/ofertas-do-fecha-mes-do-mercado-central-de-miradouro\/#article","isPartOf":{"@id":"https:\/\/miradouronoticias.com\/site\/2025\/02\/20\/ofertas-do-fecha-mes-do-mercado-central-de-miradouro\/"},"author":{"name":"Cl\u00e1udia Olyver","@id":"https:\/\/miradouronoticias.com\/site\/#\/schema\/person\/73440d8c82222950df86f3e1a16aad3b"},"headline":"Ofertas do &#8220;Fecha M\u00eas&#8221; do Mercado Central de Miradouro","datePublished":"2025-02-20T11:58:47+00:00","mainEntityOfPage":{"@id":"https:\/\/miradouronoticias.com\/site\/2025\/02\/20\/ofertas-do-fecha-mes-do-mercado-central-de-miradouro\/"},"wordCount":14,"commentCount":0,"publisher":{"@id":"https:\/\/miradouronoticias.com\/site\/#organization"},"image":{"@id":"https:\/\/miradouronoticias.com\/site\/2025\/02\/20\/ofertas-do-fecha-mes-do-mercado-central-de-miradouro\/#primaryimage"},"thumbnailUrl":"https:\/\/miradouronoticias.com\/site\/wp-content\/uploads\/2025\/02\/IMG-20250220-WA0052.jpg","articleSection":["Ofertas"],"inLanguage":"pt-BR","potentialAction":[{"@type":"CommentAction","name":"Comment","target":["https:\/\/miradouronoticias.com\/site\/2025\/02\/20\/ofertas-do-fecha-mes-do-mercado-central-de-miradouro\/#respond"]}]},{"@type":"WebPage","@id":"https:\/\/miradouronoticias.com\/site\/2025\/02\/20\/ofertas-do-fecha-mes-do-mercado-central-de-miradouro\/","url":"https:\/\/miradouronoticias.com\/site\/2025\/02\/20\/ofertas-do-fecha-mes-do-mercado-central-de-miradouro\/","name":"Ofertas do \"Fecha M\u00eas\" do Mercado Central de Miradouro - Miradouro Not\u00edcias","isPartOf":{"@id":"https:\/\/miradouronoticias.com\/site\/#website"},"primaryImageOfPage":{"@id":"https:\/\/miradouronoticias.com\/site\/2025\/02\/20\/ofertas-do-fecha-mes-do-mercado-central-de-miradouro\/#primaryimage"},"image":{"@id":"https:\/\/miradouronoticias.com\/site\/2025\/02\/20\/ofertas-do-fecha-mes-do-mercado-central-de-miradouro\/#primaryimage"},"thumbnailUrl":"https:\/\/miradouronoticias.com\/site\/wp-content\/uploads\/2025\/02\/IMG-20250220-WA0052.jpg","datePublished":"2025-02-20T11:58:47+00:00","breadcrumb":{"@id":"https:\/\/miradouronoticias.com\/site\/2025\/02\/20\/ofertas-do-fecha-mes-do-mercado-central-de-miradouro\/#breadcrumb"},"inLanguage":"pt-BR","potentialAction":[{"@type":"ReadAction","target":["https:\/\/miradouronoticias.com\/site\/2025\/02\/20\/ofertas-do-fecha-mes-do-mercado-central-de-miradouro\/"]}]},{"@type":"ImageObject","inLanguage":"pt-BR","@id":"https:\/\/miradouronoticias.com\/site\/2025\/02\/20\/ofertas-do-fecha-mes-do-mercado-central-de-miradouro\/#primaryimage","url":"https:\/\/miradouronoticias.com\/site\/wp-content\/uploads\/2025\/02\/IMG-20250220-WA0052.jpg","contentUrl":"https:\/\/miradouronoticias.com\/site\/wp-content\/uploads\/2025\/02\/IMG-20250220-WA0052.jpg","width":1029,"height":1600},{"@type":"BreadcrumbList","@id":"https:\/\/miradouronoticias.com\/site\/2025\/02\/20\/ofertas-do-fecha-mes-do-mercado-central-de-miradouro\/#breadcrumb","itemListElement":[{"@type":"ListItem","position":1,"name":"In\u00edcio","item":"https:\/\/miradouronoticias.com\/site\/"},{"@type":"ListItem","position":2,"name":"Ofertas do &#8220;Fecha M\u00eas&#8221; do Mercado Central de Miradouro"}]},{"@type":"WebSite","@id":"https:\/\/miradouronoticias.com\/site\/#website","url":"https:\/\/miradouronoticias.com\/site\/","name":"Miradouro Not\u00edcias","description":"Informa\u00e7\u00f5es da cidade e regi\u00e3o","publisher":{"@id":"https:\/\/miradouronoticias.com\/site\/#organization"},"potentialAction":[{"@type":"SearchAction","target":{"@type":"EntryPoint","urlTemplate":"https:\/\/miradouronoticias.com\/site\/?s={search_term_string}"},"query-input":{"@type":"PropertyValueSpecification","valueRequired":true,"valueName":"search_term_string"}}],"inLanguage":"pt-BR"},{"@type":"Organization","@id":"https:\/\/miradouronoticias.com\/site\/#organization","name":"Miradouro Not\u00edcias","url":"https:\/\/miradouronoticias.com\/site\/","logo":{"@type":"ImageObject","inLanguage":"pt-BR","@id":"https:\/\/miradouronoticias.com\/site\/#\/schema\/logo\/image\/","url":"https:\/\/miradouronoticias.com\/site\/wp-content\/uploads\/2022\/01\/logomarcamiradouronoticias.png","contentUrl":"https:\/\/miradouronoticias.com\/site\/wp-content\/uploads\/2022\/01\/logomarcamiradouronoticias.png","width":747,"height":263,"caption":"Miradouro Not\u00edcias"},"image":{"@id":"https:\/\/miradouronoticias.com\/site\/#\/schema\/logo\/image\/"}},{"@type":"Person","@id":"https:\/\/miradouronoticias.com\/site\/#\/schema\/person\/73440d8c82222950df86f3e1a16aad3b","name":"Cl\u00e1udia Olyver","sameAs":["http:\/\/www.miradouronoticias.com"],"url":"https:\/\/miradouronoticias.com\/site\/author\/claudia\/"}]}},"_links":{"self":[{"href":"https:\/\/miradouronoticias.com\/site\/wp-json\/wp\/v2\/posts\/27494","targetHints":{"allow":["GET"]}}],"collection":[{"href":"https:\/\/miradouronoticias.com\/site\/wp-json\/wp\/v2\/posts"}],"about":[{"href":"https:\/\/miradouronoticias.com\/site\/wp-json\/wp\/v2\/types\/post"}],"author":[{"embeddable":true,"href":"https:\/\/miradouronoticias.com\/site\/wp-json\/wp\/v2\/users\/4"}],"replies":[{"embeddable":true,"href":"https:\/\/miradouronoticias.com\/site\/wp-json\/wp\/v2\/comments?post=27494"}],"version-history":[{"count":1,"href":"https:\/\/miradouronoticias.com\/site\/wp-json\/wp\/v2\/posts\/27494\/revisions"}],"predecessor-version":[{"id":27499,"href":"https:\/\/miradouronoticias.com\/site\/wp-json\/wp\/v2\/posts\/27494\/revisions\/27499"}],"wp:featuredmedia":[{"embeddable":true,"href":"https:\/\/miradouronoticias.com\/site\/wp-json\/wp\/v2\/media\/27495"}],"wp:attachment":[{"href":"https:\/\/miradouronoticias.com\/site\/wp-json\/wp\/v2\/media?parent=27494"}],"wp:term":[{"taxonomy":"category","embeddable":true,"href":"https:\/\/miradouronoticias.com\/site\/wp-json\/wp\/v2\/categories?post=27494"},{"taxonomy":"post_tag","embeddable":true,"href":"https:\/\/miradouronoticias.com\/site\/wp-json\/wp\/v2\/tags?post=27494"}],"curies":[{"name":"wp","href":"https:\/\/api.w.org\/{rel}","templated":true}]}}