{"id":27491,"date":"2025-02-20T08:56:13","date_gmt":"2025-02-20T11:56:13","guid":{"rendered":"https:\/\/miradouronoticias.com\/site\/?p=27491"},"modified":"2025-02-20T08:56:13","modified_gmt":"2025-02-20T11:56:13","slug":"prf-define-93-pontos-criticos-em-rodovias-durante-o-carnaval","status":"publish","type":"post","link":"https:\/\/miradouronoticias.com\/site\/2025\/02\/20\/prf-define-93-pontos-criticos-em-rodovias-durante-o-carnaval\/","title":{"rendered":"PRF define 93 pontos cr\u00edticos em rodovias durante o carnaval"},"content":{"rendered":"<p><img loading=\"lazy\" decoding=\"async\" class=\"alignnone size-medium wp-image-27492\" src=\"https:\/\/miradouronoticias.com\/site\/wp-content\/uploads\/2025\/02\/prf_faz_operacao_nas_estradas_no_carnaval-300x179.webp\" alt=\"\" width=\"300\" height=\"179\" srcset=\"https:\/\/miradouronoticias.com\/site\/wp-content\/uploads\/2025\/02\/prf_faz_operacao_nas_estradas_no_carnaval-300x179.webp 300w, https:\/\/miradouronoticias.com\/site\/wp-content\/uploads\/2025\/02\/prf_faz_operacao_nas_estradas_no_carnaval-1024x613.webp 1024w, https:\/\/miradouronoticias.com\/site\/wp-content\/uploads\/2025\/02\/prf_faz_operacao_nas_estradas_no_carnaval-768x459.webp 768w, https:\/\/miradouronoticias.com\/site\/wp-content\/uploads\/2025\/02\/prf_faz_operacao_nas_estradas_no_carnaval.webp 1170w\" sizes=\"auto, (max-width: 300px) 100vw, 300px\" \/><\/p>\n<p>A Pol\u00edcia Rodovi\u00e1ria Federal (PRF) lan\u00e7ou nesta quarta-feira (19) a Opera\u00e7\u00e3o RodoVida &#8211; Carnaval 2025, que vai intensificar a fiscaliza\u00e7\u00e3o nas estradas federais do pa\u00eds durante o per\u00edodo de feriado prolongado. As a\u00e7\u00f5es come\u00e7am em 24 de fevereiro\u00a0e v\u00e3o at\u00e9 6 de mar\u00e7o.<img decoding=\"async\" src=\"https:\/\/agenciabrasil.ebc.com.br\/ebc.png?id=1631124&amp;o=node\" \/><img decoding=\"async\" src=\"https:\/\/agenciabrasil.ebc.com.br\/ebc.gif?id=1631124&amp;o=node\" \/><\/p>\n<p>A fiscaliza\u00e7\u00e3o promete ser mais rigorosa, com um efetivo de 2,7 mil policias de forma simult\u00e2nea, podendo chegar a 3 mil nos dias e hor\u00e1rios considerados mais cr\u00edticos durante o carnaval. Foram mapeados os trechos mais perigosos e que registraram o maior \u00edndice de acidentes graves entre 2017 e 2024.<\/p>\n<p>&#8220;N\u00f3s fizemos uma an\u00e1lise criteriosa dos dados e identificamos 91 trechos cr\u00edticos de acidentes de tr\u00e2nsito neste mesmo per\u00edodo do ano, ao longo dos \u00faltimos anos. Mapeamos, nesses pontos, ocorr\u00eancias que nos d\u00e3o uma probabilidade de 50% de ocorrer novamente&#8221;, explicou diretor-geral da PRF, Ant\u00f4nio Fernando Oliveira, em coletiva de imprensa para apresentar os detalhes da opera\u00e7\u00e3o.<\/p>\n<p>Os trechos mais cr\u00edticos de rodovias cortam sete estados: Santa Catarina (22), Minas Gerais (16), S\u00e3o Paulo (11), Paran\u00e1 (10), Rio de Janeiro (10), Pernambuco (7) e Bahia (3). Agentes da PRF de 16 estados ser\u00e3o deslocados para concentrar a fiscaliza\u00e7\u00e3o nessas localidades mais perigosas. Uso de drones e equipes posicionadas em pontos estrat\u00e9gicos est\u00e3o inclu\u00eddos no planejamento da corpora\u00e7\u00e3o.<\/p>\n<h2>Campanha de preven\u00e7\u00e3o<\/h2>\n<p>A fiscaliza\u00e7\u00e3o, este ano, receber\u00e1 o refor\u00e7o de uma campanha elaborada pela Secretaria Nacional sobre Drogas e Gest\u00e3o de Ativos (Senad), do Minist\u00e9rio da Justi\u00e7a e Seguran\u00e7a P\u00fablica. O objetivo, por meio da distribui\u00e7\u00e3o de materiais e realiza\u00e7\u00e3o de palestras, \u00e9 alertar e conscientizar a popula\u00e7\u00e3o em geral sobre os riscos associados ao uso de \u00e1lcool com dire\u00e7\u00e3o. A ideia \u00e9 dialogar n\u00e3o apenas com condutores, mas com a popula\u00e7\u00e3o em geral, inclusive pedestres, promovendo informa\u00e7\u00f5es sobre redu\u00e7\u00e3o de riscos e danos que adv\u00eam do consumo abusivo de \u00e1lcool e drogas, uma marca do per\u00edodo de carnaval.<\/p>\n<p>&#8220;A gente inaugura uma nova parceira, no campo da preven\u00e7\u00e3o, especificamente em rela\u00e7\u00e3o ao problema do consumo de \u00e1lcool em rodovias federais, que fica muito mais intenso e preocupante no per\u00edodo do carnaval&#8221;, explicou Marta Machado, titular da Senad.<\/p>\n<p>No ano passado, houve 3.855 acidentes de tr\u00e2nsito, com 194 mortes e mais de 3,1 mil feridos, decorrentes de situa\u00e7\u00f5es envolvendo embriaguez ao volante. No mesmo per\u00edodo, a PRF prendeu em flagrante mais de 4 mil motoristas alcoolizados.<\/p>\n<p>By: miradouronoticias.com.br\/ ag\u00eancia Brasil<\/p>\n","protected":false},"excerpt":{"rendered":"<p>A Pol\u00edcia Rodovi\u00e1ria Federal (PRF) lan\u00e7ou nesta quarta-feira (19) a Opera\u00e7\u00e3o RodoVida &#8211; Carnaval 2025, que vai intensificar a fiscaliza\u00e7\u00e3o nas estradas federais do pa\u00eds durante o per\u00edodo de feriado prolongado. As a\u00e7\u00f5es come\u00e7am em 24 de fevereiro\u00a0e v\u00e3o at\u00e9 6 de mar\u00e7o. A fiscaliza\u00e7\u00e3o promete ser mais rigorosa, com um efetivo de 2,7 mil [&hellip;]<\/p>\n","protected":false},"author":4,"featured_media":27492,"comment_status":"open","ping_status":"open","sticky":false,"template":"","format":"standard","meta":{"footnotes":""},"categories":[1],"tags":[],"class_list":["post-27491","post","type-post","status-publish","format-standard","has-post-thumbnail","hentry","category-destaque-principal"],"yoast_head":"<!-- This site is optimized with the Yoast SEO plugin v27.2 - https:\/\/yoast.com\/product\/yoast-seo-wordpress\/ -->\n<title>PRF define 93 pontos cr\u00edticos em rodovias durante o carnaval - Miradouro Not\u00edcias<\/title>\n<meta name=\"robots\" content=\"index, follow, max-snippet:-1, max-image-preview:large, max-video-preview:-1\" \/>\n<link rel=\"canonical\" href=\"https:\/\/miradouronoticias.com\/site\/2025\/02\/20\/prf-define-93-pontos-criticos-em-rodovias-durante-o-carnaval\/\" \/>\n<meta property=\"og:locale\" content=\"pt_BR\" \/>\n<meta property=\"og:type\" content=\"article\" \/>\n<meta property=\"og:title\" content=\"PRF define 93 pontos cr\u00edticos em rodovias durante o carnaval - Miradouro Not\u00edcias\" \/>\n<meta property=\"og:description\" content=\"A Pol\u00edcia Rodovi\u00e1ria Federal (PRF) lan\u00e7ou nesta quarta-feira (19) a Opera\u00e7\u00e3o RodoVida &#8211; Carnaval 2025, que vai intensificar a fiscaliza\u00e7\u00e3o nas estradas federais do pa\u00eds durante o per\u00edodo de feriado prolongado. As a\u00e7\u00f5es come\u00e7am em 24 de fevereiro\u00a0e v\u00e3o at\u00e9 6 de mar\u00e7o. A fiscaliza\u00e7\u00e3o promete ser mais rigorosa, com um efetivo de 2,7 mil [&hellip;]\" \/>\n<meta property=\"og:url\" content=\"https:\/\/miradouronoticias.com\/site\/2025\/02\/20\/prf-define-93-pontos-criticos-em-rodovias-durante-o-carnaval\/\" \/>\n<meta property=\"og:site_name\" content=\"Miradouro Not\u00edcias\" \/>\n<meta property=\"article:published_time\" content=\"2025-02-20T11:56:13+00:00\" \/>\n<meta property=\"og:image\" content=\"https:\/\/miradouronoticias.com\/site\/wp-content\/uploads\/2025\/02\/prf_faz_operacao_nas_estradas_no_carnaval.webp\" \/>\n\t<meta property=\"og:image:width\" content=\"1170\" \/>\n\t<meta property=\"og:image:height\" content=\"700\" \/>\n\t<meta property=\"og:image:type\" content=\"image\/webp\" \/>\n<meta name=\"author\" content=\"Cl\u00e1udia Olyver\" \/>\n<meta name=\"twitter:card\" content=\"summary_large_image\" \/>\n<meta name=\"twitter:label1\" content=\"Escrito por\" \/>\n\t<meta name=\"twitter:data1\" content=\"Cl\u00e1udia Olyver\" \/>\n\t<meta name=\"twitter:label2\" content=\"Est. tempo de leitura\" \/>\n\t<meta name=\"twitter:data2\" content=\"3 minutos\" \/>\n<script type=\"application\/ld+json\" class=\"yoast-schema-graph\">{\"@context\":\"https:\/\/schema.org\",\"@graph\":[{\"@type\":\"Article\",\"@id\":\"https:\/\/miradouronoticias.com\/site\/2025\/02\/20\/prf-define-93-pontos-criticos-em-rodovias-durante-o-carnaval\/#article\",\"isPartOf\":{\"@id\":\"https:\/\/miradouronoticias.com\/site\/2025\/02\/20\/prf-define-93-pontos-criticos-em-rodovias-durante-o-carnaval\/\"},\"author\":{\"name\":\"Cl\u00e1udia Olyver\",\"@id\":\"https:\/\/miradouronoticias.com\/site\/#\/schema\/person\/73440d8c82222950df86f3e1a16aad3b\"},\"headline\":\"PRF define 93 pontos cr\u00edticos em rodovias durante o carnaval\",\"datePublished\":\"2025-02-20T11:56:13+00:00\",\"mainEntityOfPage\":{\"@id\":\"https:\/\/miradouronoticias.com\/site\/2025\/02\/20\/prf-define-93-pontos-criticos-em-rodovias-durante-o-carnaval\/\"},\"wordCount\":437,\"commentCount\":0,\"publisher\":{\"@id\":\"https:\/\/miradouronoticias.com\/site\/#organization\"},\"image\":{\"@id\":\"https:\/\/miradouronoticias.com\/site\/2025\/02\/20\/prf-define-93-pontos-criticos-em-rodovias-durante-o-carnaval\/#primaryimage\"},\"thumbnailUrl\":\"https:\/\/miradouronoticias.com\/site\/wp-content\/uploads\/2025\/02\/prf_faz_operacao_nas_estradas_no_carnaval.webp\",\"articleSection\":[\"Destaque Principal\"],\"inLanguage\":\"pt-BR\",\"potentialAction\":[{\"@type\":\"CommentAction\",\"name\":\"Comment\",\"target\":[\"https:\/\/miradouronoticias.com\/site\/2025\/02\/20\/prf-define-93-pontos-criticos-em-rodovias-durante-o-carnaval\/#respond\"]}]},{\"@type\":\"WebPage\",\"@id\":\"https:\/\/miradouronoticias.com\/site\/2025\/02\/20\/prf-define-93-pontos-criticos-em-rodovias-durante-o-carnaval\/\",\"url\":\"https:\/\/miradouronoticias.com\/site\/2025\/02\/20\/prf-define-93-pontos-criticos-em-rodovias-durante-o-carnaval\/\",\"name\":\"PRF define 93 pontos cr\u00edticos em rodovias durante o carnaval - Miradouro Not\u00edcias\",\"isPartOf\":{\"@id\":\"https:\/\/miradouronoticias.com\/site\/#website\"},\"primaryImageOfPage\":{\"@id\":\"https:\/\/miradouronoticias.com\/site\/2025\/02\/20\/prf-define-93-pontos-criticos-em-rodovias-durante-o-carnaval\/#primaryimage\"},\"image\":{\"@id\":\"https:\/\/miradouronoticias.com\/site\/2025\/02\/20\/prf-define-93-pontos-criticos-em-rodovias-durante-o-carnaval\/#primaryimage\"},\"thumbnailUrl\":\"https:\/\/miradouronoticias.com\/site\/wp-content\/uploads\/2025\/02\/prf_faz_operacao_nas_estradas_no_carnaval.webp\",\"datePublished\":\"2025-02-20T11:56:13+00:00\",\"breadcrumb\":{\"@id\":\"https:\/\/miradouronoticias.com\/site\/2025\/02\/20\/prf-define-93-pontos-criticos-em-rodovias-durante-o-carnaval\/#breadcrumb\"},\"inLanguage\":\"pt-BR\",\"potentialAction\":[{\"@type\":\"ReadAction\",\"target\":[\"https:\/\/miradouronoticias.com\/site\/2025\/02\/20\/prf-define-93-pontos-criticos-em-rodovias-durante-o-carnaval\/\"]}]},{\"@type\":\"ImageObject\",\"inLanguage\":\"pt-BR\",\"@id\":\"https:\/\/miradouronoticias.com\/site\/2025\/02\/20\/prf-define-93-pontos-criticos-em-rodovias-durante-o-carnaval\/#primaryimage\",\"url\":\"https:\/\/miradouronoticias.com\/site\/wp-content\/uploads\/2025\/02\/prf_faz_operacao_nas_estradas_no_carnaval.webp\",\"contentUrl\":\"https:\/\/miradouronoticias.com\/site\/wp-content\/uploads\/2025\/02\/prf_faz_operacao_nas_estradas_no_carnaval.webp\",\"width\":1170,\"height\":700},{\"@type\":\"BreadcrumbList\",\"@id\":\"https:\/\/miradouronoticias.com\/site\/2025\/02\/20\/prf-define-93-pontos-criticos-em-rodovias-durante-o-carnaval\/#breadcrumb\",\"itemListElement\":[{\"@type\":\"ListItem\",\"position\":1,\"name\":\"In\u00edcio\",\"item\":\"https:\/\/miradouronoticias.com\/site\/\"},{\"@type\":\"ListItem\",\"position\":2,\"name\":\"PRF define 93 pontos cr\u00edticos em rodovias durante o carnaval\"}]},{\"@type\":\"WebSite\",\"@id\":\"https:\/\/miradouronoticias.com\/site\/#website\",\"url\":\"https:\/\/miradouronoticias.com\/site\/\",\"name\":\"Miradouro Not\u00edcias\",\"description\":\"Informa\u00e7\u00f5es da cidade e regi\u00e3o\",\"publisher\":{\"@id\":\"https:\/\/miradouronoticias.com\/site\/#organization\"},\"potentialAction\":[{\"@type\":\"SearchAction\",\"target\":{\"@type\":\"EntryPoint\",\"urlTemplate\":\"https:\/\/miradouronoticias.com\/site\/?s={search_term_string}\"},\"query-input\":{\"@type\":\"PropertyValueSpecification\",\"valueRequired\":true,\"valueName\":\"search_term_string\"}}],\"inLanguage\":\"pt-BR\"},{\"@type\":\"Organization\",\"@id\":\"https:\/\/miradouronoticias.com\/site\/#organization\",\"name\":\"Miradouro Not\u00edcias\",\"url\":\"https:\/\/miradouronoticias.com\/site\/\",\"logo\":{\"@type\":\"ImageObject\",\"inLanguage\":\"pt-BR\",\"@id\":\"https:\/\/miradouronoticias.com\/site\/#\/schema\/logo\/image\/\",\"url\":\"https:\/\/miradouronoticias.com\/site\/wp-content\/uploads\/2022\/01\/logomarcamiradouronoticias.png\",\"contentUrl\":\"https:\/\/miradouronoticias.com\/site\/wp-content\/uploads\/2022\/01\/logomarcamiradouronoticias.png\",\"width\":747,\"height\":263,\"caption\":\"Miradouro Not\u00edcias\"},\"image\":{\"@id\":\"https:\/\/miradouronoticias.com\/site\/#\/schema\/logo\/image\/\"}},{\"@type\":\"Person\",\"@id\":\"https:\/\/miradouronoticias.com\/site\/#\/schema\/person\/73440d8c82222950df86f3e1a16aad3b\",\"name\":\"Cl\u00e1udia Olyver\",\"sameAs\":[\"http:\/\/www.miradouronoticias.com\"],\"url\":\"https:\/\/miradouronoticias.com\/site\/author\/claudia\/\"}]}<\/script>\n<!-- \/ Yoast SEO plugin. -->","yoast_head_json":{"title":"PRF define 93 pontos cr\u00edticos em rodovias durante o carnaval - Miradouro Not\u00edcias","robots":{"index":"index","follow":"follow","max-snippet":"max-snippet:-1","max-image-preview":"max-image-preview:large","max-video-preview":"max-video-preview:-1"},"canonical":"https:\/\/miradouronoticias.com\/site\/2025\/02\/20\/prf-define-93-pontos-criticos-em-rodovias-durante-o-carnaval\/","og_locale":"pt_BR","og_type":"article","og_title":"PRF define 93 pontos cr\u00edticos em rodovias durante o carnaval - Miradouro Not\u00edcias","og_description":"A Pol\u00edcia Rodovi\u00e1ria Federal (PRF) lan\u00e7ou nesta quarta-feira (19) a Opera\u00e7\u00e3o RodoVida &#8211; Carnaval 2025, que vai intensificar a fiscaliza\u00e7\u00e3o nas estradas federais do pa\u00eds durante o per\u00edodo de feriado prolongado. As a\u00e7\u00f5es come\u00e7am em 24 de fevereiro\u00a0e v\u00e3o at\u00e9 6 de mar\u00e7o. A fiscaliza\u00e7\u00e3o promete ser mais rigorosa, com um efetivo de 2,7 mil [&hellip;]","og_url":"https:\/\/miradouronoticias.com\/site\/2025\/02\/20\/prf-define-93-pontos-criticos-em-rodovias-durante-o-carnaval\/","og_site_name":"Miradouro Not\u00edcias","article_published_time":"2025-02-20T11:56:13+00:00","og_image":[{"width":1170,"height":700,"url":"https:\/\/miradouronoticias.com\/site\/wp-content\/uploads\/2025\/02\/prf_faz_operacao_nas_estradas_no_carnaval.webp","type":"image\/webp"}],"author":"Cl\u00e1udia Olyver","twitter_card":"summary_large_image","twitter_misc":{"Escrito por":"Cl\u00e1udia Olyver","Est. tempo de leitura":"3 minutos"},"schema":{"@context":"https:\/\/schema.org","@graph":[{"@type":"Article","@id":"https:\/\/miradouronoticias.com\/site\/2025\/02\/20\/prf-define-93-pontos-criticos-em-rodovias-durante-o-carnaval\/#article","isPartOf":{"@id":"https:\/\/miradouronoticias.com\/site\/2025\/02\/20\/prf-define-93-pontos-criticos-em-rodovias-durante-o-carnaval\/"},"author":{"name":"Cl\u00e1udia Olyver","@id":"https:\/\/miradouronoticias.com\/site\/#\/schema\/person\/73440d8c82222950df86f3e1a16aad3b"},"headline":"PRF define 93 pontos cr\u00edticos em rodovias durante o carnaval","datePublished":"2025-02-20T11:56:13+00:00","mainEntityOfPage":{"@id":"https:\/\/miradouronoticias.com\/site\/2025\/02\/20\/prf-define-93-pontos-criticos-em-rodovias-durante-o-carnaval\/"},"wordCount":437,"commentCount":0,"publisher":{"@id":"https:\/\/miradouronoticias.com\/site\/#organization"},"image":{"@id":"https:\/\/miradouronoticias.com\/site\/2025\/02\/20\/prf-define-93-pontos-criticos-em-rodovias-durante-o-carnaval\/#primaryimage"},"thumbnailUrl":"https:\/\/miradouronoticias.com\/site\/wp-content\/uploads\/2025\/02\/prf_faz_operacao_nas_estradas_no_carnaval.webp","articleSection":["Destaque Principal"],"inLanguage":"pt-BR","potentialAction":[{"@type":"CommentAction","name":"Comment","target":["https:\/\/miradouronoticias.com\/site\/2025\/02\/20\/prf-define-93-pontos-criticos-em-rodovias-durante-o-carnaval\/#respond"]}]},{"@type":"WebPage","@id":"https:\/\/miradouronoticias.com\/site\/2025\/02\/20\/prf-define-93-pontos-criticos-em-rodovias-durante-o-carnaval\/","url":"https:\/\/miradouronoticias.com\/site\/2025\/02\/20\/prf-define-93-pontos-criticos-em-rodovias-durante-o-carnaval\/","name":"PRF define 93 pontos cr\u00edticos em rodovias durante o carnaval - Miradouro Not\u00edcias","isPartOf":{"@id":"https:\/\/miradouronoticias.com\/site\/#website"},"primaryImageOfPage":{"@id":"https:\/\/miradouronoticias.com\/site\/2025\/02\/20\/prf-define-93-pontos-criticos-em-rodovias-durante-o-carnaval\/#primaryimage"},"image":{"@id":"https:\/\/miradouronoticias.com\/site\/2025\/02\/20\/prf-define-93-pontos-criticos-em-rodovias-durante-o-carnaval\/#primaryimage"},"thumbnailUrl":"https:\/\/miradouronoticias.com\/site\/wp-content\/uploads\/2025\/02\/prf_faz_operacao_nas_estradas_no_carnaval.webp","datePublished":"2025-02-20T11:56:13+00:00","breadcrumb":{"@id":"https:\/\/miradouronoticias.com\/site\/2025\/02\/20\/prf-define-93-pontos-criticos-em-rodovias-durante-o-carnaval\/#breadcrumb"},"inLanguage":"pt-BR","potentialAction":[{"@type":"ReadAction","target":["https:\/\/miradouronoticias.com\/site\/2025\/02\/20\/prf-define-93-pontos-criticos-em-rodovias-durante-o-carnaval\/"]}]},{"@type":"ImageObject","inLanguage":"pt-BR","@id":"https:\/\/miradouronoticias.com\/site\/2025\/02\/20\/prf-define-93-pontos-criticos-em-rodovias-durante-o-carnaval\/#primaryimage","url":"https:\/\/miradouronoticias.com\/site\/wp-content\/uploads\/2025\/02\/prf_faz_operacao_nas_estradas_no_carnaval.webp","contentUrl":"https:\/\/miradouronoticias.com\/site\/wp-content\/uploads\/2025\/02\/prf_faz_operacao_nas_estradas_no_carnaval.webp","width":1170,"height":700},{"@type":"BreadcrumbList","@id":"https:\/\/miradouronoticias.com\/site\/2025\/02\/20\/prf-define-93-pontos-criticos-em-rodovias-durante-o-carnaval\/#breadcrumb","itemListElement":[{"@type":"ListItem","position":1,"name":"In\u00edcio","item":"https:\/\/miradouronoticias.com\/site\/"},{"@type":"ListItem","position":2,"name":"PRF define 93 pontos cr\u00edticos em rodovias durante o carnaval"}]},{"@type":"WebSite","@id":"https:\/\/miradouronoticias.com\/site\/#website","url":"https:\/\/miradouronoticias.com\/site\/","name":"Miradouro Not\u00edcias","description":"Informa\u00e7\u00f5es da cidade e regi\u00e3o","publisher":{"@id":"https:\/\/miradouronoticias.com\/site\/#organization"},"potentialAction":[{"@type":"SearchAction","target":{"@type":"EntryPoint","urlTemplate":"https:\/\/miradouronoticias.com\/site\/?s={search_term_string}"},"query-input":{"@type":"PropertyValueSpecification","valueRequired":true,"valueName":"search_term_string"}}],"inLanguage":"pt-BR"},{"@type":"Organization","@id":"https:\/\/miradouronoticias.com\/site\/#organization","name":"Miradouro Not\u00edcias","url":"https:\/\/miradouronoticias.com\/site\/","logo":{"@type":"ImageObject","inLanguage":"pt-BR","@id":"https:\/\/miradouronoticias.com\/site\/#\/schema\/logo\/image\/","url":"https:\/\/miradouronoticias.com\/site\/wp-content\/uploads\/2022\/01\/logomarcamiradouronoticias.png","contentUrl":"https:\/\/miradouronoticias.com\/site\/wp-content\/uploads\/2022\/01\/logomarcamiradouronoticias.png","width":747,"height":263,"caption":"Miradouro Not\u00edcias"},"image":{"@id":"https:\/\/miradouronoticias.com\/site\/#\/schema\/logo\/image\/"}},{"@type":"Person","@id":"https:\/\/miradouronoticias.com\/site\/#\/schema\/person\/73440d8c82222950df86f3e1a16aad3b","name":"Cl\u00e1udia Olyver","sameAs":["http:\/\/www.miradouronoticias.com"],"url":"https:\/\/miradouronoticias.com\/site\/author\/claudia\/"}]}},"_links":{"self":[{"href":"https:\/\/miradouronoticias.com\/site\/wp-json\/wp\/v2\/posts\/27491","targetHints":{"allow":["GET"]}}],"collection":[{"href":"https:\/\/miradouronoticias.com\/site\/wp-json\/wp\/v2\/posts"}],"about":[{"href":"https:\/\/miradouronoticias.com\/site\/wp-json\/wp\/v2\/types\/post"}],"author":[{"embeddable":true,"href":"https:\/\/miradouronoticias.com\/site\/wp-json\/wp\/v2\/users\/4"}],"replies":[{"embeddable":true,"href":"https:\/\/miradouronoticias.com\/site\/wp-json\/wp\/v2\/comments?post=27491"}],"version-history":[{"count":1,"href":"https:\/\/miradouronoticias.com\/site\/wp-json\/wp\/v2\/posts\/27491\/revisions"}],"predecessor-version":[{"id":27493,"href":"https:\/\/miradouronoticias.com\/site\/wp-json\/wp\/v2\/posts\/27491\/revisions\/27493"}],"wp:featuredmedia":[{"embeddable":true,"href":"https:\/\/miradouronoticias.com\/site\/wp-json\/wp\/v2\/media\/27492"}],"wp:attachment":[{"href":"https:\/\/miradouronoticias.com\/site\/wp-json\/wp\/v2\/media?parent=27491"}],"wp:term":[{"taxonomy":"category","embeddable":true,"href":"https:\/\/miradouronoticias.com\/site\/wp-json\/wp\/v2\/categories?post=27491"},{"taxonomy":"post_tag","embeddable":true,"href":"https:\/\/miradouronoticias.com\/site\/wp-json\/wp\/v2\/tags?post=27491"}],"curies":[{"name":"wp","href":"https:\/\/api.w.org\/{rel}","templated":true}]}}