{"id":27459,"date":"2025-02-18T12:10:57","date_gmt":"2025-02-18T15:10:57","guid":{"rendered":"https:\/\/miradouronoticias.com\/site\/?p=27459"},"modified":"2025-02-18T12:10:57","modified_gmt":"2025-02-18T15:10:57","slug":"resultado-do-fies-2025-sai-nesta-terca-serao-112-mil-vagas-no-ano","status":"publish","type":"post","link":"https:\/\/miradouronoticias.com\/site\/2025\/02\/18\/resultado-do-fies-2025-sai-nesta-terca-serao-112-mil-vagas-no-ano\/","title":{"rendered":"Resultado do Fies 2025 sai nesta ter\u00e7a; ser\u00e3o 112 mil vagas no ano"},"content":{"rendered":"<p><img loading=\"lazy\" decoding=\"async\" class=\"alignnone size-medium wp-image-27460\" src=\"https:\/\/miradouronoticias.com\/site\/wp-content\/uploads\/2025\/02\/fnde_mca-0312203431-300x179.webp\" alt=\"\" width=\"300\" height=\"179\" srcset=\"https:\/\/miradouronoticias.com\/site\/wp-content\/uploads\/2025\/02\/fnde_mca-0312203431-300x179.webp 300w, https:\/\/miradouronoticias.com\/site\/wp-content\/uploads\/2025\/02\/fnde_mca-0312203431-1024x613.webp 1024w, https:\/\/miradouronoticias.com\/site\/wp-content\/uploads\/2025\/02\/fnde_mca-0312203431-768x459.webp 768w, https:\/\/miradouronoticias.com\/site\/wp-content\/uploads\/2025\/02\/fnde_mca-0312203431.webp 1170w\" sizes=\"auto, (max-width: 300px) 100vw, 300px\" \/><\/p>\n<p>O Minist\u00e9rio da Educa\u00e7\u00e3o (MEC) divulga, nesta ter\u00e7a-feira (18), o resultado e a ordem de classifica\u00e7\u00e3o dos inscritos no processo seletivo do Fundo de Financiamento Estudantil (Fies), referente ao primeiro semestre de 2025.<img decoding=\"async\" src=\"https:\/\/agenciabrasil.ebc.com.br\/ebc.png?id=1630765&amp;o=node\" \/><img decoding=\"async\" src=\"https:\/\/agenciabrasil.ebc.com.br\/ebc.gif?id=1630765&amp;o=node\" \/><\/p>\n<p>O\u202fresultado\u202fda pr\u00e9-sele\u00e7\u00e3o pode ser conferido\u00a0em breve no \u202f<a href=\"https:\/\/acessounico.mec.gov.br\/fies\" target=\"_blank\" rel=\"noopener\">Portal \u00danico de Acesso ao Ensino Superior<\/a>\u00a0com senha da plataforma Gov.br<\/p>\n<p>Neste ano, o MEC\u00a0oferecer\u00e1, ao todo, mais de 112 mil vagas em cursos superiores n\u00e3o gratuitos, divididas em dois processos seletivos. Desse total, s\u00e3o 67.301 vagas no primeiro semestre e 44.867, no segundo semestre.<\/p>\n<p>O programa federal financia as mensalidades do ensino superior a estudantes de baixa renda em universidades privadas, com o objetivo de democratizar o acesso \u00e0 educa\u00e7\u00e3o no pa\u00eds.<\/p>\n<h2>Fies e Fies Social<\/h2>\n<p>H\u00e1 duas modalidades desta pol\u00edtica p\u00fablica. A primeira \u00e9 o Fies tradicional, que atende estudantes com renda de at\u00e9 tr\u00eas sal\u00e1rios m\u00ednimos e pode cobrir de 50% a 100% das mensalidades do curso.<\/p>\n<p>J\u00e1 o Fies Social tem como p\u00fablico alvo os estudantes com renda familiar per capita de at\u00e9 meio sal\u00e1rio m\u00ednimo e inscritos no Cadastro \u00danico para Programas Sociais do governo federal (Cad\u00danico) em situa\u00e7\u00e3o de ativos.<\/p>\n<p>Em todo o processo seletivo, 50% das vagas s\u00e3o reservadas ao Fies Social. Nesse caso,\u00a0o governo federal concede at\u00e9 100% de financiamento dos encargos educacionais, cobrados pela institui\u00e7\u00e3o de ensino superior no curso, desde que n\u00e3o ultrapasse os valores definidos pelo comit\u00ea gestor do Fies.<\/p>\n<p>A situa\u00e7\u00e3o do candidato inscrito no Cad\u00danico foi verificada pelo MEC com base nos dados que estavam registrados at\u00e9 11 de janeiro de 2025.<\/p>\n<h2>Cronograma<\/h2>\n<p>Entre 19 e 21 de fevereiro, os estudantes pr\u00e9-selecionados dever\u00e3o acessar o Fies Sele\u00e7\u00e3o para complementar a inscri\u00e7\u00e3o e obter o financiamento p\u00fablico das mensalidades em faculdades privadas.<\/p>\n<p>Os estudantes inscritos que ficarem fora da chamada regular do processo seletivo do Fies ir\u00e3o automaticamente para a lista de espera de\u00a0vagas n\u00e3o preenchidas. Ou seja, o candidato n\u00e3o precisar\u00e1 manifestar seu interesse em participar,<\/p>\n<p>O per\u00edodo de convoca\u00e7\u00e3o por meio da lista de espera ser\u00e1 de 25 de fevereiro a 9 de abril.<\/p>\n<p>O\u00a0<a href=\"http:\/\/%20http\/\/portalfies.mec.gov.br\/arquivos\/edital_n_03_15012025.pdf\" target=\"_blank\" rel=\"noopener\">edital<\/a>,\u00a0publicado pelo Minist\u00e9rio da Educa\u00e7\u00e3o\u00a0em janeiro, traz as regras e o cronograma do processo seletivo.<\/p>\n<p>By: miradouronoticias.com.br\/ ag\u00eancia Brasil<\/p>\n","protected":false},"excerpt":{"rendered":"<p>O Minist\u00e9rio da Educa\u00e7\u00e3o (MEC) divulga, nesta ter\u00e7a-feira (18), o resultado e a ordem de classifica\u00e7\u00e3o dos inscritos no processo seletivo do Fundo de Financiamento Estudantil (Fies), referente ao primeiro semestre de 2025. O\u202fresultado\u202fda pr\u00e9-sele\u00e7\u00e3o pode ser conferido\u00a0em breve no \u202fPortal \u00danico de Acesso ao Ensino Superior\u00a0com senha da plataforma Gov.br Neste ano, o MEC\u00a0oferecer\u00e1, [&hellip;]<\/p>\n","protected":false},"author":4,"featured_media":27460,"comment_status":"open","ping_status":"open","sticky":false,"template":"","format":"standard","meta":{"footnotes":""},"categories":[1,26],"tags":[],"class_list":["post-27459","post","type-post","status-publish","format-standard","has-post-thumbnail","hentry","category-destaque-principal","category-educacao"],"yoast_head":"<!-- This site is optimized with the Yoast SEO plugin v27.2 - https:\/\/yoast.com\/product\/yoast-seo-wordpress\/ -->\n<title>Resultado do Fies 2025 sai nesta ter\u00e7a; ser\u00e3o 112 mil vagas no ano - Miradouro Not\u00edcias<\/title>\n<meta name=\"robots\" content=\"index, follow, max-snippet:-1, max-image-preview:large, max-video-preview:-1\" \/>\n<link rel=\"canonical\" href=\"https:\/\/miradouronoticias.com\/site\/2025\/02\/18\/resultado-do-fies-2025-sai-nesta-terca-serao-112-mil-vagas-no-ano\/\" \/>\n<meta property=\"og:locale\" content=\"pt_BR\" \/>\n<meta property=\"og:type\" content=\"article\" \/>\n<meta property=\"og:title\" content=\"Resultado do Fies 2025 sai nesta ter\u00e7a; ser\u00e3o 112 mil vagas no ano - Miradouro Not\u00edcias\" \/>\n<meta property=\"og:description\" content=\"O Minist\u00e9rio da Educa\u00e7\u00e3o (MEC) divulga, nesta ter\u00e7a-feira (18), o resultado e a ordem de classifica\u00e7\u00e3o dos inscritos no processo seletivo do Fundo de Financiamento Estudantil (Fies), referente ao primeiro semestre de 2025. O\u202fresultado\u202fda pr\u00e9-sele\u00e7\u00e3o pode ser conferido\u00a0em breve no \u202fPortal \u00danico de Acesso ao Ensino Superior\u00a0com senha da plataforma Gov.br Neste ano, o MEC\u00a0oferecer\u00e1, [&hellip;]\" \/>\n<meta property=\"og:url\" content=\"https:\/\/miradouronoticias.com\/site\/2025\/02\/18\/resultado-do-fies-2025-sai-nesta-terca-serao-112-mil-vagas-no-ano\/\" \/>\n<meta property=\"og:site_name\" content=\"Miradouro Not\u00edcias\" \/>\n<meta property=\"article:published_time\" content=\"2025-02-18T15:10:57+00:00\" \/>\n<meta property=\"og:image\" content=\"https:\/\/miradouronoticias.com\/site\/wp-content\/uploads\/2025\/02\/fnde_mca-0312203431.webp\" \/>\n\t<meta property=\"og:image:width\" content=\"1170\" \/>\n\t<meta property=\"og:image:height\" content=\"700\" \/>\n\t<meta property=\"og:image:type\" content=\"image\/webp\" \/>\n<meta name=\"author\" content=\"Cl\u00e1udia Olyver\" \/>\n<meta name=\"twitter:card\" content=\"summary_large_image\" \/>\n<meta name=\"twitter:label1\" content=\"Escrito por\" \/>\n\t<meta name=\"twitter:data1\" content=\"Cl\u00e1udia Olyver\" \/>\n\t<meta name=\"twitter:label2\" content=\"Est. tempo de leitura\" \/>\n\t<meta name=\"twitter:data2\" content=\"3 minutos\" \/>\n<script type=\"application\/ld+json\" class=\"yoast-schema-graph\">{\"@context\":\"https:\/\/schema.org\",\"@graph\":[{\"@type\":\"Article\",\"@id\":\"https:\/\/miradouronoticias.com\/site\/2025\/02\/18\/resultado-do-fies-2025-sai-nesta-terca-serao-112-mil-vagas-no-ano\/#article\",\"isPartOf\":{\"@id\":\"https:\/\/miradouronoticias.com\/site\/2025\/02\/18\/resultado-do-fies-2025-sai-nesta-terca-serao-112-mil-vagas-no-ano\/\"},\"author\":{\"name\":\"Cl\u00e1udia Olyver\",\"@id\":\"https:\/\/miradouronoticias.com\/site\/#\/schema\/person\/73440d8c82222950df86f3e1a16aad3b\"},\"headline\":\"Resultado do Fies 2025 sai nesta ter\u00e7a; ser\u00e3o 112 mil vagas no ano\",\"datePublished\":\"2025-02-18T15:10:57+00:00\",\"mainEntityOfPage\":{\"@id\":\"https:\/\/miradouronoticias.com\/site\/2025\/02\/18\/resultado-do-fies-2025-sai-nesta-terca-serao-112-mil-vagas-no-ano\/\"},\"wordCount\":404,\"commentCount\":0,\"publisher\":{\"@id\":\"https:\/\/miradouronoticias.com\/site\/#organization\"},\"image\":{\"@id\":\"https:\/\/miradouronoticias.com\/site\/2025\/02\/18\/resultado-do-fies-2025-sai-nesta-terca-serao-112-mil-vagas-no-ano\/#primaryimage\"},\"thumbnailUrl\":\"https:\/\/miradouronoticias.com\/site\/wp-content\/uploads\/2025\/02\/fnde_mca-0312203431.webp\",\"articleSection\":[\"Destaque Principal\",\"Educa\u00e7\u00e3o\"],\"inLanguage\":\"pt-BR\",\"potentialAction\":[{\"@type\":\"CommentAction\",\"name\":\"Comment\",\"target\":[\"https:\/\/miradouronoticias.com\/site\/2025\/02\/18\/resultado-do-fies-2025-sai-nesta-terca-serao-112-mil-vagas-no-ano\/#respond\"]}]},{\"@type\":\"WebPage\",\"@id\":\"https:\/\/miradouronoticias.com\/site\/2025\/02\/18\/resultado-do-fies-2025-sai-nesta-terca-serao-112-mil-vagas-no-ano\/\",\"url\":\"https:\/\/miradouronoticias.com\/site\/2025\/02\/18\/resultado-do-fies-2025-sai-nesta-terca-serao-112-mil-vagas-no-ano\/\",\"name\":\"Resultado do Fies 2025 sai nesta ter\u00e7a; ser\u00e3o 112 mil vagas no ano - Miradouro Not\u00edcias\",\"isPartOf\":{\"@id\":\"https:\/\/miradouronoticias.com\/site\/#website\"},\"primaryImageOfPage\":{\"@id\":\"https:\/\/miradouronoticias.com\/site\/2025\/02\/18\/resultado-do-fies-2025-sai-nesta-terca-serao-112-mil-vagas-no-ano\/#primaryimage\"},\"image\":{\"@id\":\"https:\/\/miradouronoticias.com\/site\/2025\/02\/18\/resultado-do-fies-2025-sai-nesta-terca-serao-112-mil-vagas-no-ano\/#primaryimage\"},\"thumbnailUrl\":\"https:\/\/miradouronoticias.com\/site\/wp-content\/uploads\/2025\/02\/fnde_mca-0312203431.webp\",\"datePublished\":\"2025-02-18T15:10:57+00:00\",\"breadcrumb\":{\"@id\":\"https:\/\/miradouronoticias.com\/site\/2025\/02\/18\/resultado-do-fies-2025-sai-nesta-terca-serao-112-mil-vagas-no-ano\/#breadcrumb\"},\"inLanguage\":\"pt-BR\",\"potentialAction\":[{\"@type\":\"ReadAction\",\"target\":[\"https:\/\/miradouronoticias.com\/site\/2025\/02\/18\/resultado-do-fies-2025-sai-nesta-terca-serao-112-mil-vagas-no-ano\/\"]}]},{\"@type\":\"ImageObject\",\"inLanguage\":\"pt-BR\",\"@id\":\"https:\/\/miradouronoticias.com\/site\/2025\/02\/18\/resultado-do-fies-2025-sai-nesta-terca-serao-112-mil-vagas-no-ano\/#primaryimage\",\"url\":\"https:\/\/miradouronoticias.com\/site\/wp-content\/uploads\/2025\/02\/fnde_mca-0312203431.webp\",\"contentUrl\":\"https:\/\/miradouronoticias.com\/site\/wp-content\/uploads\/2025\/02\/fnde_mca-0312203431.webp\",\"width\":1170,\"height\":700},{\"@type\":\"BreadcrumbList\",\"@id\":\"https:\/\/miradouronoticias.com\/site\/2025\/02\/18\/resultado-do-fies-2025-sai-nesta-terca-serao-112-mil-vagas-no-ano\/#breadcrumb\",\"itemListElement\":[{\"@type\":\"ListItem\",\"position\":1,\"name\":\"In\u00edcio\",\"item\":\"https:\/\/miradouronoticias.com\/site\/\"},{\"@type\":\"ListItem\",\"position\":2,\"name\":\"Resultado do Fies 2025 sai nesta ter\u00e7a; ser\u00e3o 112 mil vagas no ano\"}]},{\"@type\":\"WebSite\",\"@id\":\"https:\/\/miradouronoticias.com\/site\/#website\",\"url\":\"https:\/\/miradouronoticias.com\/site\/\",\"name\":\"Miradouro Not\u00edcias\",\"description\":\"Informa\u00e7\u00f5es da cidade e regi\u00e3o\",\"publisher\":{\"@id\":\"https:\/\/miradouronoticias.com\/site\/#organization\"},\"potentialAction\":[{\"@type\":\"SearchAction\",\"target\":{\"@type\":\"EntryPoint\",\"urlTemplate\":\"https:\/\/miradouronoticias.com\/site\/?s={search_term_string}\"},\"query-input\":{\"@type\":\"PropertyValueSpecification\",\"valueRequired\":true,\"valueName\":\"search_term_string\"}}],\"inLanguage\":\"pt-BR\"},{\"@type\":\"Organization\",\"@id\":\"https:\/\/miradouronoticias.com\/site\/#organization\",\"name\":\"Miradouro Not\u00edcias\",\"url\":\"https:\/\/miradouronoticias.com\/site\/\",\"logo\":{\"@type\":\"ImageObject\",\"inLanguage\":\"pt-BR\",\"@id\":\"https:\/\/miradouronoticias.com\/site\/#\/schema\/logo\/image\/\",\"url\":\"https:\/\/miradouronoticias.com\/site\/wp-content\/uploads\/2022\/01\/logomarcamiradouronoticias.png\",\"contentUrl\":\"https:\/\/miradouronoticias.com\/site\/wp-content\/uploads\/2022\/01\/logomarcamiradouronoticias.png\",\"width\":747,\"height\":263,\"caption\":\"Miradouro Not\u00edcias\"},\"image\":{\"@id\":\"https:\/\/miradouronoticias.com\/site\/#\/schema\/logo\/image\/\"}},{\"@type\":\"Person\",\"@id\":\"https:\/\/miradouronoticias.com\/site\/#\/schema\/person\/73440d8c82222950df86f3e1a16aad3b\",\"name\":\"Cl\u00e1udia Olyver\",\"sameAs\":[\"http:\/\/www.miradouronoticias.com\"],\"url\":\"https:\/\/miradouronoticias.com\/site\/author\/claudia\/\"}]}<\/script>\n<!-- \/ Yoast SEO plugin. -->","yoast_head_json":{"title":"Resultado do Fies 2025 sai nesta ter\u00e7a; ser\u00e3o 112 mil vagas no ano - Miradouro Not\u00edcias","robots":{"index":"index","follow":"follow","max-snippet":"max-snippet:-1","max-image-preview":"max-image-preview:large","max-video-preview":"max-video-preview:-1"},"canonical":"https:\/\/miradouronoticias.com\/site\/2025\/02\/18\/resultado-do-fies-2025-sai-nesta-terca-serao-112-mil-vagas-no-ano\/","og_locale":"pt_BR","og_type":"article","og_title":"Resultado do Fies 2025 sai nesta ter\u00e7a; ser\u00e3o 112 mil vagas no ano - Miradouro Not\u00edcias","og_description":"O Minist\u00e9rio da Educa\u00e7\u00e3o (MEC) divulga, nesta ter\u00e7a-feira (18), o resultado e a ordem de classifica\u00e7\u00e3o dos inscritos no processo seletivo do Fundo de Financiamento Estudantil (Fies), referente ao primeiro semestre de 2025. O\u202fresultado\u202fda pr\u00e9-sele\u00e7\u00e3o pode ser conferido\u00a0em breve no \u202fPortal \u00danico de Acesso ao Ensino Superior\u00a0com senha da plataforma Gov.br Neste ano, o MEC\u00a0oferecer\u00e1, [&hellip;]","og_url":"https:\/\/miradouronoticias.com\/site\/2025\/02\/18\/resultado-do-fies-2025-sai-nesta-terca-serao-112-mil-vagas-no-ano\/","og_site_name":"Miradouro Not\u00edcias","article_published_time":"2025-02-18T15:10:57+00:00","og_image":[{"width":1170,"height":700,"url":"https:\/\/miradouronoticias.com\/site\/wp-content\/uploads\/2025\/02\/fnde_mca-0312203431.webp","type":"image\/webp"}],"author":"Cl\u00e1udia Olyver","twitter_card":"summary_large_image","twitter_misc":{"Escrito por":"Cl\u00e1udia Olyver","Est. tempo de leitura":"3 minutos"},"schema":{"@context":"https:\/\/schema.org","@graph":[{"@type":"Article","@id":"https:\/\/miradouronoticias.com\/site\/2025\/02\/18\/resultado-do-fies-2025-sai-nesta-terca-serao-112-mil-vagas-no-ano\/#article","isPartOf":{"@id":"https:\/\/miradouronoticias.com\/site\/2025\/02\/18\/resultado-do-fies-2025-sai-nesta-terca-serao-112-mil-vagas-no-ano\/"},"author":{"name":"Cl\u00e1udia Olyver","@id":"https:\/\/miradouronoticias.com\/site\/#\/schema\/person\/73440d8c82222950df86f3e1a16aad3b"},"headline":"Resultado do Fies 2025 sai nesta ter\u00e7a; ser\u00e3o 112 mil vagas no ano","datePublished":"2025-02-18T15:10:57+00:00","mainEntityOfPage":{"@id":"https:\/\/miradouronoticias.com\/site\/2025\/02\/18\/resultado-do-fies-2025-sai-nesta-terca-serao-112-mil-vagas-no-ano\/"},"wordCount":404,"commentCount":0,"publisher":{"@id":"https:\/\/miradouronoticias.com\/site\/#organization"},"image":{"@id":"https:\/\/miradouronoticias.com\/site\/2025\/02\/18\/resultado-do-fies-2025-sai-nesta-terca-serao-112-mil-vagas-no-ano\/#primaryimage"},"thumbnailUrl":"https:\/\/miradouronoticias.com\/site\/wp-content\/uploads\/2025\/02\/fnde_mca-0312203431.webp","articleSection":["Destaque Principal","Educa\u00e7\u00e3o"],"inLanguage":"pt-BR","potentialAction":[{"@type":"CommentAction","name":"Comment","target":["https:\/\/miradouronoticias.com\/site\/2025\/02\/18\/resultado-do-fies-2025-sai-nesta-terca-serao-112-mil-vagas-no-ano\/#respond"]}]},{"@type":"WebPage","@id":"https:\/\/miradouronoticias.com\/site\/2025\/02\/18\/resultado-do-fies-2025-sai-nesta-terca-serao-112-mil-vagas-no-ano\/","url":"https:\/\/miradouronoticias.com\/site\/2025\/02\/18\/resultado-do-fies-2025-sai-nesta-terca-serao-112-mil-vagas-no-ano\/","name":"Resultado do Fies 2025 sai nesta ter\u00e7a; ser\u00e3o 112 mil vagas no ano - Miradouro Not\u00edcias","isPartOf":{"@id":"https:\/\/miradouronoticias.com\/site\/#website"},"primaryImageOfPage":{"@id":"https:\/\/miradouronoticias.com\/site\/2025\/02\/18\/resultado-do-fies-2025-sai-nesta-terca-serao-112-mil-vagas-no-ano\/#primaryimage"},"image":{"@id":"https:\/\/miradouronoticias.com\/site\/2025\/02\/18\/resultado-do-fies-2025-sai-nesta-terca-serao-112-mil-vagas-no-ano\/#primaryimage"},"thumbnailUrl":"https:\/\/miradouronoticias.com\/site\/wp-content\/uploads\/2025\/02\/fnde_mca-0312203431.webp","datePublished":"2025-02-18T15:10:57+00:00","breadcrumb":{"@id":"https:\/\/miradouronoticias.com\/site\/2025\/02\/18\/resultado-do-fies-2025-sai-nesta-terca-serao-112-mil-vagas-no-ano\/#breadcrumb"},"inLanguage":"pt-BR","potentialAction":[{"@type":"ReadAction","target":["https:\/\/miradouronoticias.com\/site\/2025\/02\/18\/resultado-do-fies-2025-sai-nesta-terca-serao-112-mil-vagas-no-ano\/"]}]},{"@type":"ImageObject","inLanguage":"pt-BR","@id":"https:\/\/miradouronoticias.com\/site\/2025\/02\/18\/resultado-do-fies-2025-sai-nesta-terca-serao-112-mil-vagas-no-ano\/#primaryimage","url":"https:\/\/miradouronoticias.com\/site\/wp-content\/uploads\/2025\/02\/fnde_mca-0312203431.webp","contentUrl":"https:\/\/miradouronoticias.com\/site\/wp-content\/uploads\/2025\/02\/fnde_mca-0312203431.webp","width":1170,"height":700},{"@type":"BreadcrumbList","@id":"https:\/\/miradouronoticias.com\/site\/2025\/02\/18\/resultado-do-fies-2025-sai-nesta-terca-serao-112-mil-vagas-no-ano\/#breadcrumb","itemListElement":[{"@type":"ListItem","position":1,"name":"In\u00edcio","item":"https:\/\/miradouronoticias.com\/site\/"},{"@type":"ListItem","position":2,"name":"Resultado do Fies 2025 sai nesta ter\u00e7a; ser\u00e3o 112 mil vagas no ano"}]},{"@type":"WebSite","@id":"https:\/\/miradouronoticias.com\/site\/#website","url":"https:\/\/miradouronoticias.com\/site\/","name":"Miradouro Not\u00edcias","description":"Informa\u00e7\u00f5es da cidade e regi\u00e3o","publisher":{"@id":"https:\/\/miradouronoticias.com\/site\/#organization"},"potentialAction":[{"@type":"SearchAction","target":{"@type":"EntryPoint","urlTemplate":"https:\/\/miradouronoticias.com\/site\/?s={search_term_string}"},"query-input":{"@type":"PropertyValueSpecification","valueRequired":true,"valueName":"search_term_string"}}],"inLanguage":"pt-BR"},{"@type":"Organization","@id":"https:\/\/miradouronoticias.com\/site\/#organization","name":"Miradouro Not\u00edcias","url":"https:\/\/miradouronoticias.com\/site\/","logo":{"@type":"ImageObject","inLanguage":"pt-BR","@id":"https:\/\/miradouronoticias.com\/site\/#\/schema\/logo\/image\/","url":"https:\/\/miradouronoticias.com\/site\/wp-content\/uploads\/2022\/01\/logomarcamiradouronoticias.png","contentUrl":"https:\/\/miradouronoticias.com\/site\/wp-content\/uploads\/2022\/01\/logomarcamiradouronoticias.png","width":747,"height":263,"caption":"Miradouro Not\u00edcias"},"image":{"@id":"https:\/\/miradouronoticias.com\/site\/#\/schema\/logo\/image\/"}},{"@type":"Person","@id":"https:\/\/miradouronoticias.com\/site\/#\/schema\/person\/73440d8c82222950df86f3e1a16aad3b","name":"Cl\u00e1udia Olyver","sameAs":["http:\/\/www.miradouronoticias.com"],"url":"https:\/\/miradouronoticias.com\/site\/author\/claudia\/"}]}},"_links":{"self":[{"href":"https:\/\/miradouronoticias.com\/site\/wp-json\/wp\/v2\/posts\/27459","targetHints":{"allow":["GET"]}}],"collection":[{"href":"https:\/\/miradouronoticias.com\/site\/wp-json\/wp\/v2\/posts"}],"about":[{"href":"https:\/\/miradouronoticias.com\/site\/wp-json\/wp\/v2\/types\/post"}],"author":[{"embeddable":true,"href":"https:\/\/miradouronoticias.com\/site\/wp-json\/wp\/v2\/users\/4"}],"replies":[{"embeddable":true,"href":"https:\/\/miradouronoticias.com\/site\/wp-json\/wp\/v2\/comments?post=27459"}],"version-history":[{"count":1,"href":"https:\/\/miradouronoticias.com\/site\/wp-json\/wp\/v2\/posts\/27459\/revisions"}],"predecessor-version":[{"id":27461,"href":"https:\/\/miradouronoticias.com\/site\/wp-json\/wp\/v2\/posts\/27459\/revisions\/27461"}],"wp:featuredmedia":[{"embeddable":true,"href":"https:\/\/miradouronoticias.com\/site\/wp-json\/wp\/v2\/media\/27460"}],"wp:attachment":[{"href":"https:\/\/miradouronoticias.com\/site\/wp-json\/wp\/v2\/media?parent=27459"}],"wp:term":[{"taxonomy":"category","embeddable":true,"href":"https:\/\/miradouronoticias.com\/site\/wp-json\/wp\/v2\/categories?post=27459"},{"taxonomy":"post_tag","embeddable":true,"href":"https:\/\/miradouronoticias.com\/site\/wp-json\/wp\/v2\/tags?post=27459"}],"curies":[{"name":"wp","href":"https:\/\/api.w.org\/{rel}","templated":true}]}}