{"id":27373,"date":"2025-02-10T12:22:49","date_gmt":"2025-02-10T15:22:49","guid":{"rendered":"https:\/\/miradouronoticias.com\/site\/?p=27373"},"modified":"2025-02-10T12:22:49","modified_gmt":"2025-02-10T15:22:49","slug":"governo-de-minas-anuncia-distribuicao-de-kits-escolares-para-cerca-de-350-mil-estudantes-programa-inedito-na-rede-estadual-de-ensino","status":"publish","type":"post","link":"https:\/\/miradouronoticias.com\/site\/2025\/02\/10\/governo-de-minas-anuncia-distribuicao-de-kits-escolares-para-cerca-de-350-mil-estudantes-programa-inedito-na-rede-estadual-de-ensino\/","title":{"rendered":"Governo de Minas anuncia distribui\u00e7\u00e3o de kits escolares para cerca de 350 mil estudantes, programa in\u00e9dito na rede estadual de ensino"},"content":{"rendered":"<p><img loading=\"lazy\" decoding=\"async\" class=\"alignnone size-medium wp-image-27374\" src=\"https:\/\/miradouronoticias.com\/site\/wp-content\/uploads\/2025\/02\/1739189252187-300x112.jpg\" alt=\"\" width=\"300\" height=\"112\" srcset=\"https:\/\/miradouronoticias.com\/site\/wp-content\/uploads\/2025\/02\/1739189252187-300x112.jpg 300w, https:\/\/miradouronoticias.com\/site\/wp-content\/uploads\/2025\/02\/1739189252187-768x286.jpg 768w, https:\/\/miradouronoticias.com\/site\/wp-content\/uploads\/2025\/02\/1739189252187.jpg 940w\" sizes=\"auto, (max-width: 300px) 100vw, 300px\" \/><\/p>\n<p><span style=\"font-weight: 900;\">O vice-governador de Minas Gerais, Professor Mateus, participou do in\u00edcio da distribui\u00e7\u00e3o de kits escolares para aproximadamente 350 mil estudantes da rede p\u00fablica estadual, nesta segunda-feira (10\/2), em Governador Valadares, no Vale do Rio Doce\u00a0<\/span><\/p>\n<p><main id=\"content\"><\/p>\n<div class=\"container container-news margin-xs-top-2 margin-xs-bottom-2 margin-sm-top-4 margin-sm-bottom-2\">\n<div class=\"news\">\n<article class=\"clear\"><main class=\"clear margin-md-bottom-3\"><\/p>\n<div class=\"clear \">\n<p>A iniciativa do\u00a0<a href=\"https:\/\/www.mg.gov.br\/\" target=\"_blank\" rel=\"noopener\">Governo de Minas<\/a>, por meio da\u00a0<a href=\"https:\/\/www.educacao.mg.gov.br\/\" target=\"_blank\" rel=\"noopener\">Secretaria de Estado de Educa\u00e7\u00e3o (SEE\/MG)<\/a>, quer promover a equidade no aprendizado, assegurando que os alunos tenham acesso aos materiais necess\u00e1rios para o desenvolvimento das atividades educacionais e incentivando a perman\u00eancia na escola.<\/p>\n<table border=\"0\" cellspacing=\"1\" cellpadding=\"1\" align=\"center\">\n<tbody>\n<tr>\n<td colspan=\"5\"><img decoding=\"async\" src=\"https:\/\/www.agenciaminas.mg.gov.br\/ckeditor_assets\/pictures\/20949\/content_2_olho_topo.jpg\" alt=\"\" \/><\/td>\n<\/tr>\n<tr>\n<td><\/td>\n<td colspan=\"3\" rowspan=\"3\">\n<h1><strong>&#8220;Tomamos uma decis\u00e3o no final do ano passado, considerando a queda de poder de aquisi\u00e7\u00e3o das fam\u00edlias mais pobres, especialmente por conta da infla\u00e7\u00e3o de alimentos. Por isso, pusemos de p\u00e9 um programa para atender as escolas nas regi\u00f5es mais vulner\u00e1veis&#8221;, disse o vice-governador.<\/strong><\/h1>\n<\/td>\n<td><\/td>\n<\/tr>\n<tr>\n<td><\/td>\n<td><\/td>\n<\/tr>\n<tr>\n<td><\/td>\n<td><\/td>\n<\/tr>\n<tr>\n<td colspan=\"5\"><img decoding=\"async\" src=\"https:\/\/www.agenciaminas.mg.gov.br\/ckeditor_assets\/pictures\/20950\/content_2_olho_inferior.jpg\" alt=\"\" \/><\/td>\n<\/tr>\n<\/tbody>\n<\/table>\n<p>A a\u00e7\u00e3o beneficiar\u00e1 1.097 escolas em 400 munic\u00edpios mineiros, com investimento de R$ 66 milh\u00f5es. O Governo de Minas vai destinar os recursos de forma descentralizada, diretamente pelas escolas, estimulando a economia local, ao fortalecer fornecedores regionais.<\/p>\n<p>A previs\u00e3o \u00e9 que os kits sejam entregues em duas etapas: a primeira consiste na entrega dos materiais escolares adquiridos pelas pr\u00f3prias escolas, que ocorrer\u00e1 a partir desta segunda-feira. Professor Mateus apresentou os kits e destacou o contato do Governo de Minas com os pais que dependem de aux\u00edlio para complementar a renda.<\/p>\n<p>\u201cN\u00f3s estamos falando de mochila, estojo, caderno, caneta, canetinha, r\u00e9gua, tesoura, cola. N\u00f3s conversamos com alguns pais &#8211; especialmente os que dependem de Bolsa Fam\u00edlia &#8211;\u00a0e eles disseram que teriam que escolher entre comprar material para o aluno ou fazer a compra de casa\u201d, explicou Professor Mateus.<\/p>\n<p>A segunda etapa contempla a entrega das mochilas e estojos personalizados. Por conta da log\u00edstica necess\u00e1ria para atender todo o estado, esses itens ser\u00e3o distribu\u00eddos ao longo de fevereiro e mar\u00e7o aos estudantes.<\/p>\n<table border=\"0\" cellspacing=\"1\" cellpadding=\"1\" align=\"center\">\n<tbody>\n<tr>\n<td colspan=\"5\"><img decoding=\"async\" src=\"https:\/\/www.agenciaminas.mg.gov.br\/ckeditor_assets\/pictures\/20949\/content_2_olho_topo.jpg\" alt=\"\" \/><\/td>\n<\/tr>\n<tr>\n<td><\/td>\n<td colspan=\"3\" rowspan=\"3\">\n<h1><strong>&#8220;Esses kits v\u00e3o aumentar a motiva\u00e7\u00e3o para o in\u00edcio do ano letivo e, com certeza, melhorar ainda mais a educa\u00e7\u00e3o no estado&#8221;, destacou o secret\u00e1rio de Estado de Educa\u00e7\u00e3o, Igor de Alvarenga.\u00a0<\/strong><\/h1>\n<\/td>\n<td><\/td>\n<\/tr>\n<tr>\n<td><\/td>\n<td><\/td>\n<\/tr>\n<tr>\n<td><\/td>\n<td><\/td>\n<\/tr>\n<tr>\n<td colspan=\"5\"><img decoding=\"async\" src=\"https:\/\/www.agenciaminas.mg.gov.br\/ckeditor_assets\/pictures\/20950\/content_2_olho_inferior.jpg\" alt=\"\" \/><\/td>\n<\/tr>\n<\/tbody>\n<\/table>\n<p>A Secretaria de Estado de Educa\u00e7\u00e3o de Minas Gerais disponibiliza,\u00a0<a href=\"https:\/\/www.educacao.mg.gov.br\/wp-content\/uploads\/2025\/02\/duvidas-sobre-os-kits-.pdf\" target=\"_blank\" rel=\"noopener\">neste link<\/a>,\u00a0um guia para responder \u00e0s principais perguntas sobre os kits escolares.<\/p>\n<p><strong>Materiais diferenciados<\/strong><\/p>\n<p>Os materiais seguir\u00e3o padr\u00f5es de alta qualidade e seguran\u00e7a, com certifica\u00e7\u00e3o do Instituto Nacional de Metrologia, Qualidade e Tecnologia (Inmetro). As escolas j\u00e1 receberam as orienta\u00e7\u00f5es da Secretaria de Estado de Educa\u00e7\u00e3o\u00a0com as especifica\u00e7\u00f5es t\u00e9cnicas do material a ser adquirido.<\/p>\n<p>&nbsp;<\/p>\n<p>Os kits foram cuidadosamente planejados para atender \u00e0s necessidades pedag\u00f3gicas de cada etapa de ensino e est\u00e3o divididos em:<\/p>\n<p>\u2022 Anos iniciais do ensino fundamental (1\u00ba ao 5\u00ba ano): Apontador, borracha, l\u00e1pis grafite, cadernos (brochur\u00e3o e desenho), l\u00e1pis de cor, giz de cera, caneta hidrogr\u00e1fica, r\u00e9gua, tesoura sem ponta, cola branca, estojo e mochila.<\/p>\n<p>\u2022 Anos finais do ensino fundamental (6\u00ba ao 9\u00ba ano): Apontador, borracha, l\u00e1pis grafite, cola branca, cadernos universit\u00e1rios, transferidor, esquadros e canetas esferogr\u00e1ficas.<\/p>\n<p>\u2022 Ensino m\u00e9dio e EJA: adiciona-se cadernos de 180 folhas e canetas marca-texto.<\/p>\n<p><strong>P\u00fablico-alvo<\/strong><\/p>\n<p>A sele\u00e7\u00e3o\u00a0foi feita com base no Indicador de N\u00edvel Socioecon\u00f4mico (NSE), ferramenta utilizada para classificar escolas da educa\u00e7\u00e3o b\u00e1sica no Brasil segundo fatores socioecon\u00f4micos.<\/p>\n<p>O NSE permite identificar com precis\u00e3o as escolas que atendem estudantes em maior situa\u00e7\u00e3o de vulnerabilidade, garantindo que os recursos sejam direcionados \u00e0s localidades que mais precisam.<\/p>\n<p>O indicador avalia diversos fatores, como renda m\u00e9dia familiar, escolaridade dos pais ou respons\u00e1veis, acesso a bens de consumo dur\u00e1veis \u2013 como geladeira, computador e autom\u00f3vel, infraestrutura dispon\u00edvel na resid\u00eancia (acesso a \u00e1gua encanada, energia el\u00e9trica e internet), al\u00e9m das condi\u00e7\u00f5es do entorno e da escola.<\/p>\n<p>Escolas localizadas em regi\u00f5es onde a maioria das fam\u00edlias possui baixa renda e acesso limitado a recursos b\u00e1sicos, por exemplo, s\u00e3o priorizadas com base nesse indicador.<\/p>\n<p>Assim, foram selecionadas 1.097 institui\u00e7\u00f5es de ensino, abrangendo 1.312 endere\u00e7os em 400 munic\u00edpios. Todas as matr\u00edculas dessas escolas, independentemente do n\u00edvel de ensino, ser\u00e3o atendidas.<\/p>\n<p><strong>In\u00edcio do ano letivo 2025<\/strong><\/p>\n<p>Conforme previsto no Calend\u00e1rio Escolar 2025, o ano letivo da rede estadual de ensino come\u00e7a nesta segunda-feira (10\/2). Durante o per\u00edodo de f\u00e9rias o Governo de Minas, por meio da SEE\/MG, promoveu melhorias nas escolas, como pintura, troca de telhados, limpeza de caixas d\u2019\u00e1gua, poda de \u00e1rvores e reformas. Essas a\u00e7\u00f5es foram viabilizadas por meio do recurso de manuten\u00e7\u00e3o predial que destinou aproximadamente R$ 156 milh\u00f5es.<\/p>\n<p>By: miradouronoticias.com.br\/ ag\u00eancia Minas<\/p>\n<\/div>\n<p><\/main><\/article>\n<\/div>\n<\/div>\n<p><\/main><\/p>\n","protected":false},"excerpt":{"rendered":"<p>O vice-governador de Minas Gerais, Professor Mateus, participou do in\u00edcio da distribui\u00e7\u00e3o de kits escolares para aproximadamente 350 mil estudantes da rede p\u00fablica estadual, nesta segunda-feira (10\/2), em Governador Valadares, no Vale do Rio Doce\u00a0 A iniciativa do\u00a0Governo de Minas, por meio da\u00a0Secretaria de Estado de Educa\u00e7\u00e3o (SEE\/MG), quer promover a equidade no aprendizado, assegurando [&hellip;]<\/p>\n","protected":false},"author":4,"featured_media":27374,"comment_status":"open","ping_status":"open","sticky":false,"template":"","format":"standard","meta":{"footnotes":""},"categories":[21],"tags":[],"class_list":["post-27373","post","type-post","status-publish","format-standard","has-post-thumbnail","hentry","category-minas-gerais"],"yoast_head":"<!-- This site is optimized with the Yoast SEO plugin v27.2 - https:\/\/yoast.com\/product\/yoast-seo-wordpress\/ -->\n<title>Governo de Minas anuncia distribui\u00e7\u00e3o de kits escolares para cerca de 350 mil estudantes, programa in\u00e9dito na rede estadual de ensino - Miradouro Not\u00edcias<\/title>\n<meta name=\"robots\" content=\"index, follow, max-snippet:-1, max-image-preview:large, max-video-preview:-1\" \/>\n<link rel=\"canonical\" href=\"https:\/\/miradouronoticias.com\/site\/2025\/02\/10\/governo-de-minas-anuncia-distribuicao-de-kits-escolares-para-cerca-de-350-mil-estudantes-programa-inedito-na-rede-estadual-de-ensino\/\" \/>\n<meta property=\"og:locale\" content=\"pt_BR\" \/>\n<meta property=\"og:type\" content=\"article\" \/>\n<meta property=\"og:title\" content=\"Governo de Minas anuncia distribui\u00e7\u00e3o de kits escolares para cerca de 350 mil estudantes, programa in\u00e9dito na rede estadual de ensino - Miradouro Not\u00edcias\" \/>\n<meta property=\"og:description\" content=\"O vice-governador de Minas Gerais, Professor Mateus, participou do in\u00edcio da distribui\u00e7\u00e3o de kits escolares para aproximadamente 350 mil estudantes da rede p\u00fablica estadual, nesta segunda-feira (10\/2), em Governador Valadares, no Vale do Rio Doce\u00a0 A iniciativa do\u00a0Governo de Minas, por meio da\u00a0Secretaria de Estado de Educa\u00e7\u00e3o (SEE\/MG), quer promover a equidade no aprendizado, assegurando [&hellip;]\" \/>\n<meta property=\"og:url\" content=\"https:\/\/miradouronoticias.com\/site\/2025\/02\/10\/governo-de-minas-anuncia-distribuicao-de-kits-escolares-para-cerca-de-350-mil-estudantes-programa-inedito-na-rede-estadual-de-ensino\/\" \/>\n<meta property=\"og:site_name\" content=\"Miradouro Not\u00edcias\" \/>\n<meta property=\"article:published_time\" content=\"2025-02-10T15:22:49+00:00\" \/>\n<meta property=\"og:image\" content=\"https:\/\/miradouronoticias.com\/site\/wp-content\/uploads\/2025\/02\/1739189252187.jpg\" \/>\n\t<meta property=\"og:image:width\" content=\"940\" \/>\n\t<meta property=\"og:image:height\" content=\"350\" \/>\n\t<meta property=\"og:image:type\" content=\"image\/jpeg\" \/>\n<meta name=\"author\" content=\"Cl\u00e1udia Olyver\" \/>\n<meta name=\"twitter:card\" content=\"summary_large_image\" \/>\n<meta name=\"twitter:label1\" content=\"Escrito por\" \/>\n\t<meta name=\"twitter:data1\" content=\"Cl\u00e1udia Olyver\" \/>\n\t<meta name=\"twitter:label2\" content=\"Est. tempo de leitura\" \/>\n\t<meta name=\"twitter:data2\" content=\"6 minutos\" \/>\n<script type=\"application\/ld+json\" class=\"yoast-schema-graph\">{\"@context\":\"https:\/\/schema.org\",\"@graph\":[{\"@type\":\"Article\",\"@id\":\"https:\/\/miradouronoticias.com\/site\/2025\/02\/10\/governo-de-minas-anuncia-distribuicao-de-kits-escolares-para-cerca-de-350-mil-estudantes-programa-inedito-na-rede-estadual-de-ensino\/#article\",\"isPartOf\":{\"@id\":\"https:\/\/miradouronoticias.com\/site\/2025\/02\/10\/governo-de-minas-anuncia-distribuicao-de-kits-escolares-para-cerca-de-350-mil-estudantes-programa-inedito-na-rede-estadual-de-ensino\/\"},\"author\":{\"name\":\"Cl\u00e1udia Olyver\",\"@id\":\"https:\/\/miradouronoticias.com\/site\/#\/schema\/person\/73440d8c82222950df86f3e1a16aad3b\"},\"headline\":\"Governo de Minas anuncia distribui\u00e7\u00e3o de kits escolares para cerca de 350 mil estudantes, programa in\u00e9dito na rede estadual de ensino\",\"datePublished\":\"2025-02-10T15:22:49+00:00\",\"mainEntityOfPage\":{\"@id\":\"https:\/\/miradouronoticias.com\/site\/2025\/02\/10\/governo-de-minas-anuncia-distribuicao-de-kits-escolares-para-cerca-de-350-mil-estudantes-programa-inedito-na-rede-estadual-de-ensino\/\"},\"wordCount\":801,\"commentCount\":0,\"publisher\":{\"@id\":\"https:\/\/miradouronoticias.com\/site\/#organization\"},\"image\":{\"@id\":\"https:\/\/miradouronoticias.com\/site\/2025\/02\/10\/governo-de-minas-anuncia-distribuicao-de-kits-escolares-para-cerca-de-350-mil-estudantes-programa-inedito-na-rede-estadual-de-ensino\/#primaryimage\"},\"thumbnailUrl\":\"https:\/\/miradouronoticias.com\/site\/wp-content\/uploads\/2025\/02\/1739189252187.jpg\",\"articleSection\":[\"Minas Gerais\"],\"inLanguage\":\"pt-BR\",\"potentialAction\":[{\"@type\":\"CommentAction\",\"name\":\"Comment\",\"target\":[\"https:\/\/miradouronoticias.com\/site\/2025\/02\/10\/governo-de-minas-anuncia-distribuicao-de-kits-escolares-para-cerca-de-350-mil-estudantes-programa-inedito-na-rede-estadual-de-ensino\/#respond\"]}]},{\"@type\":\"WebPage\",\"@id\":\"https:\/\/miradouronoticias.com\/site\/2025\/02\/10\/governo-de-minas-anuncia-distribuicao-de-kits-escolares-para-cerca-de-350-mil-estudantes-programa-inedito-na-rede-estadual-de-ensino\/\",\"url\":\"https:\/\/miradouronoticias.com\/site\/2025\/02\/10\/governo-de-minas-anuncia-distribuicao-de-kits-escolares-para-cerca-de-350-mil-estudantes-programa-inedito-na-rede-estadual-de-ensino\/\",\"name\":\"Governo de Minas anuncia distribui\u00e7\u00e3o de kits escolares para cerca de 350 mil estudantes, programa in\u00e9dito na rede estadual de ensino - Miradouro Not\u00edcias\",\"isPartOf\":{\"@id\":\"https:\/\/miradouronoticias.com\/site\/#website\"},\"primaryImageOfPage\":{\"@id\":\"https:\/\/miradouronoticias.com\/site\/2025\/02\/10\/governo-de-minas-anuncia-distribuicao-de-kits-escolares-para-cerca-de-350-mil-estudantes-programa-inedito-na-rede-estadual-de-ensino\/#primaryimage\"},\"image\":{\"@id\":\"https:\/\/miradouronoticias.com\/site\/2025\/02\/10\/governo-de-minas-anuncia-distribuicao-de-kits-escolares-para-cerca-de-350-mil-estudantes-programa-inedito-na-rede-estadual-de-ensino\/#primaryimage\"},\"thumbnailUrl\":\"https:\/\/miradouronoticias.com\/site\/wp-content\/uploads\/2025\/02\/1739189252187.jpg\",\"datePublished\":\"2025-02-10T15:22:49+00:00\",\"breadcrumb\":{\"@id\":\"https:\/\/miradouronoticias.com\/site\/2025\/02\/10\/governo-de-minas-anuncia-distribuicao-de-kits-escolares-para-cerca-de-350-mil-estudantes-programa-inedito-na-rede-estadual-de-ensino\/#breadcrumb\"},\"inLanguage\":\"pt-BR\",\"potentialAction\":[{\"@type\":\"ReadAction\",\"target\":[\"https:\/\/miradouronoticias.com\/site\/2025\/02\/10\/governo-de-minas-anuncia-distribuicao-de-kits-escolares-para-cerca-de-350-mil-estudantes-programa-inedito-na-rede-estadual-de-ensino\/\"]}]},{\"@type\":\"ImageObject\",\"inLanguage\":\"pt-BR\",\"@id\":\"https:\/\/miradouronoticias.com\/site\/2025\/02\/10\/governo-de-minas-anuncia-distribuicao-de-kits-escolares-para-cerca-de-350-mil-estudantes-programa-inedito-na-rede-estadual-de-ensino\/#primaryimage\",\"url\":\"https:\/\/miradouronoticias.com\/site\/wp-content\/uploads\/2025\/02\/1739189252187.jpg\",\"contentUrl\":\"https:\/\/miradouronoticias.com\/site\/wp-content\/uploads\/2025\/02\/1739189252187.jpg\",\"width\":940,\"height\":350},{\"@type\":\"BreadcrumbList\",\"@id\":\"https:\/\/miradouronoticias.com\/site\/2025\/02\/10\/governo-de-minas-anuncia-distribuicao-de-kits-escolares-para-cerca-de-350-mil-estudantes-programa-inedito-na-rede-estadual-de-ensino\/#breadcrumb\",\"itemListElement\":[{\"@type\":\"ListItem\",\"position\":1,\"name\":\"In\u00edcio\",\"item\":\"https:\/\/miradouronoticias.com\/site\/\"},{\"@type\":\"ListItem\",\"position\":2,\"name\":\"Governo de Minas anuncia distribui\u00e7\u00e3o de kits escolares para cerca de 350 mil estudantes, programa in\u00e9dito na rede estadual de ensino\"}]},{\"@type\":\"WebSite\",\"@id\":\"https:\/\/miradouronoticias.com\/site\/#website\",\"url\":\"https:\/\/miradouronoticias.com\/site\/\",\"name\":\"Miradouro Not\u00edcias\",\"description\":\"Informa\u00e7\u00f5es da cidade e regi\u00e3o\",\"publisher\":{\"@id\":\"https:\/\/miradouronoticias.com\/site\/#organization\"},\"potentialAction\":[{\"@type\":\"SearchAction\",\"target\":{\"@type\":\"EntryPoint\",\"urlTemplate\":\"https:\/\/miradouronoticias.com\/site\/?s={search_term_string}\"},\"query-input\":{\"@type\":\"PropertyValueSpecification\",\"valueRequired\":true,\"valueName\":\"search_term_string\"}}],\"inLanguage\":\"pt-BR\"},{\"@type\":\"Organization\",\"@id\":\"https:\/\/miradouronoticias.com\/site\/#organization\",\"name\":\"Miradouro Not\u00edcias\",\"url\":\"https:\/\/miradouronoticias.com\/site\/\",\"logo\":{\"@type\":\"ImageObject\",\"inLanguage\":\"pt-BR\",\"@id\":\"https:\/\/miradouronoticias.com\/site\/#\/schema\/logo\/image\/\",\"url\":\"https:\/\/miradouronoticias.com\/site\/wp-content\/uploads\/2022\/01\/logomarcamiradouronoticias.png\",\"contentUrl\":\"https:\/\/miradouronoticias.com\/site\/wp-content\/uploads\/2022\/01\/logomarcamiradouronoticias.png\",\"width\":747,\"height\":263,\"caption\":\"Miradouro Not\u00edcias\"},\"image\":{\"@id\":\"https:\/\/miradouronoticias.com\/site\/#\/schema\/logo\/image\/\"}},{\"@type\":\"Person\",\"@id\":\"https:\/\/miradouronoticias.com\/site\/#\/schema\/person\/73440d8c82222950df86f3e1a16aad3b\",\"name\":\"Cl\u00e1udia Olyver\",\"sameAs\":[\"http:\/\/www.miradouronoticias.com\"],\"url\":\"https:\/\/miradouronoticias.com\/site\/author\/claudia\/\"}]}<\/script>\n<!-- \/ Yoast SEO plugin. -->","yoast_head_json":{"title":"Governo de Minas anuncia distribui\u00e7\u00e3o de kits escolares para cerca de 350 mil estudantes, programa in\u00e9dito na rede estadual de ensino - Miradouro Not\u00edcias","robots":{"index":"index","follow":"follow","max-snippet":"max-snippet:-1","max-image-preview":"max-image-preview:large","max-video-preview":"max-video-preview:-1"},"canonical":"https:\/\/miradouronoticias.com\/site\/2025\/02\/10\/governo-de-minas-anuncia-distribuicao-de-kits-escolares-para-cerca-de-350-mil-estudantes-programa-inedito-na-rede-estadual-de-ensino\/","og_locale":"pt_BR","og_type":"article","og_title":"Governo de Minas anuncia distribui\u00e7\u00e3o de kits escolares para cerca de 350 mil estudantes, programa in\u00e9dito na rede estadual de ensino - Miradouro Not\u00edcias","og_description":"O vice-governador de Minas Gerais, Professor Mateus, participou do in\u00edcio da distribui\u00e7\u00e3o de kits escolares para aproximadamente 350 mil estudantes da rede p\u00fablica estadual, nesta segunda-feira (10\/2), em Governador Valadares, no Vale do Rio Doce\u00a0 A iniciativa do\u00a0Governo de Minas, por meio da\u00a0Secretaria de Estado de Educa\u00e7\u00e3o (SEE\/MG), quer promover a equidade no aprendizado, assegurando [&hellip;]","og_url":"https:\/\/miradouronoticias.com\/site\/2025\/02\/10\/governo-de-minas-anuncia-distribuicao-de-kits-escolares-para-cerca-de-350-mil-estudantes-programa-inedito-na-rede-estadual-de-ensino\/","og_site_name":"Miradouro Not\u00edcias","article_published_time":"2025-02-10T15:22:49+00:00","og_image":[{"width":940,"height":350,"url":"https:\/\/miradouronoticias.com\/site\/wp-content\/uploads\/2025\/02\/1739189252187.jpg","type":"image\/jpeg"}],"author":"Cl\u00e1udia Olyver","twitter_card":"summary_large_image","twitter_misc":{"Escrito por":"Cl\u00e1udia Olyver","Est. tempo de leitura":"6 minutos"},"schema":{"@context":"https:\/\/schema.org","@graph":[{"@type":"Article","@id":"https:\/\/miradouronoticias.com\/site\/2025\/02\/10\/governo-de-minas-anuncia-distribuicao-de-kits-escolares-para-cerca-de-350-mil-estudantes-programa-inedito-na-rede-estadual-de-ensino\/#article","isPartOf":{"@id":"https:\/\/miradouronoticias.com\/site\/2025\/02\/10\/governo-de-minas-anuncia-distribuicao-de-kits-escolares-para-cerca-de-350-mil-estudantes-programa-inedito-na-rede-estadual-de-ensino\/"},"author":{"name":"Cl\u00e1udia Olyver","@id":"https:\/\/miradouronoticias.com\/site\/#\/schema\/person\/73440d8c82222950df86f3e1a16aad3b"},"headline":"Governo de Minas anuncia distribui\u00e7\u00e3o de kits escolares para cerca de 350 mil estudantes, programa in\u00e9dito na rede estadual de ensino","datePublished":"2025-02-10T15:22:49+00:00","mainEntityOfPage":{"@id":"https:\/\/miradouronoticias.com\/site\/2025\/02\/10\/governo-de-minas-anuncia-distribuicao-de-kits-escolares-para-cerca-de-350-mil-estudantes-programa-inedito-na-rede-estadual-de-ensino\/"},"wordCount":801,"commentCount":0,"publisher":{"@id":"https:\/\/miradouronoticias.com\/site\/#organization"},"image":{"@id":"https:\/\/miradouronoticias.com\/site\/2025\/02\/10\/governo-de-minas-anuncia-distribuicao-de-kits-escolares-para-cerca-de-350-mil-estudantes-programa-inedito-na-rede-estadual-de-ensino\/#primaryimage"},"thumbnailUrl":"https:\/\/miradouronoticias.com\/site\/wp-content\/uploads\/2025\/02\/1739189252187.jpg","articleSection":["Minas Gerais"],"inLanguage":"pt-BR","potentialAction":[{"@type":"CommentAction","name":"Comment","target":["https:\/\/miradouronoticias.com\/site\/2025\/02\/10\/governo-de-minas-anuncia-distribuicao-de-kits-escolares-para-cerca-de-350-mil-estudantes-programa-inedito-na-rede-estadual-de-ensino\/#respond"]}]},{"@type":"WebPage","@id":"https:\/\/miradouronoticias.com\/site\/2025\/02\/10\/governo-de-minas-anuncia-distribuicao-de-kits-escolares-para-cerca-de-350-mil-estudantes-programa-inedito-na-rede-estadual-de-ensino\/","url":"https:\/\/miradouronoticias.com\/site\/2025\/02\/10\/governo-de-minas-anuncia-distribuicao-de-kits-escolares-para-cerca-de-350-mil-estudantes-programa-inedito-na-rede-estadual-de-ensino\/","name":"Governo de Minas anuncia distribui\u00e7\u00e3o de kits escolares para cerca de 350 mil estudantes, programa in\u00e9dito na rede estadual de ensino - Miradouro Not\u00edcias","isPartOf":{"@id":"https:\/\/miradouronoticias.com\/site\/#website"},"primaryImageOfPage":{"@id":"https:\/\/miradouronoticias.com\/site\/2025\/02\/10\/governo-de-minas-anuncia-distribuicao-de-kits-escolares-para-cerca-de-350-mil-estudantes-programa-inedito-na-rede-estadual-de-ensino\/#primaryimage"},"image":{"@id":"https:\/\/miradouronoticias.com\/site\/2025\/02\/10\/governo-de-minas-anuncia-distribuicao-de-kits-escolares-para-cerca-de-350-mil-estudantes-programa-inedito-na-rede-estadual-de-ensino\/#primaryimage"},"thumbnailUrl":"https:\/\/miradouronoticias.com\/site\/wp-content\/uploads\/2025\/02\/1739189252187.jpg","datePublished":"2025-02-10T15:22:49+00:00","breadcrumb":{"@id":"https:\/\/miradouronoticias.com\/site\/2025\/02\/10\/governo-de-minas-anuncia-distribuicao-de-kits-escolares-para-cerca-de-350-mil-estudantes-programa-inedito-na-rede-estadual-de-ensino\/#breadcrumb"},"inLanguage":"pt-BR","potentialAction":[{"@type":"ReadAction","target":["https:\/\/miradouronoticias.com\/site\/2025\/02\/10\/governo-de-minas-anuncia-distribuicao-de-kits-escolares-para-cerca-de-350-mil-estudantes-programa-inedito-na-rede-estadual-de-ensino\/"]}]},{"@type":"ImageObject","inLanguage":"pt-BR","@id":"https:\/\/miradouronoticias.com\/site\/2025\/02\/10\/governo-de-minas-anuncia-distribuicao-de-kits-escolares-para-cerca-de-350-mil-estudantes-programa-inedito-na-rede-estadual-de-ensino\/#primaryimage","url":"https:\/\/miradouronoticias.com\/site\/wp-content\/uploads\/2025\/02\/1739189252187.jpg","contentUrl":"https:\/\/miradouronoticias.com\/site\/wp-content\/uploads\/2025\/02\/1739189252187.jpg","width":940,"height":350},{"@type":"BreadcrumbList","@id":"https:\/\/miradouronoticias.com\/site\/2025\/02\/10\/governo-de-minas-anuncia-distribuicao-de-kits-escolares-para-cerca-de-350-mil-estudantes-programa-inedito-na-rede-estadual-de-ensino\/#breadcrumb","itemListElement":[{"@type":"ListItem","position":1,"name":"In\u00edcio","item":"https:\/\/miradouronoticias.com\/site\/"},{"@type":"ListItem","position":2,"name":"Governo de Minas anuncia distribui\u00e7\u00e3o de kits escolares para cerca de 350 mil estudantes, programa in\u00e9dito na rede estadual de ensino"}]},{"@type":"WebSite","@id":"https:\/\/miradouronoticias.com\/site\/#website","url":"https:\/\/miradouronoticias.com\/site\/","name":"Miradouro Not\u00edcias","description":"Informa\u00e7\u00f5es da cidade e regi\u00e3o","publisher":{"@id":"https:\/\/miradouronoticias.com\/site\/#organization"},"potentialAction":[{"@type":"SearchAction","target":{"@type":"EntryPoint","urlTemplate":"https:\/\/miradouronoticias.com\/site\/?s={search_term_string}"},"query-input":{"@type":"PropertyValueSpecification","valueRequired":true,"valueName":"search_term_string"}}],"inLanguage":"pt-BR"},{"@type":"Organization","@id":"https:\/\/miradouronoticias.com\/site\/#organization","name":"Miradouro Not\u00edcias","url":"https:\/\/miradouronoticias.com\/site\/","logo":{"@type":"ImageObject","inLanguage":"pt-BR","@id":"https:\/\/miradouronoticias.com\/site\/#\/schema\/logo\/image\/","url":"https:\/\/miradouronoticias.com\/site\/wp-content\/uploads\/2022\/01\/logomarcamiradouronoticias.png","contentUrl":"https:\/\/miradouronoticias.com\/site\/wp-content\/uploads\/2022\/01\/logomarcamiradouronoticias.png","width":747,"height":263,"caption":"Miradouro Not\u00edcias"},"image":{"@id":"https:\/\/miradouronoticias.com\/site\/#\/schema\/logo\/image\/"}},{"@type":"Person","@id":"https:\/\/miradouronoticias.com\/site\/#\/schema\/person\/73440d8c82222950df86f3e1a16aad3b","name":"Cl\u00e1udia Olyver","sameAs":["http:\/\/www.miradouronoticias.com"],"url":"https:\/\/miradouronoticias.com\/site\/author\/claudia\/"}]}},"_links":{"self":[{"href":"https:\/\/miradouronoticias.com\/site\/wp-json\/wp\/v2\/posts\/27373","targetHints":{"allow":["GET"]}}],"collection":[{"href":"https:\/\/miradouronoticias.com\/site\/wp-json\/wp\/v2\/posts"}],"about":[{"href":"https:\/\/miradouronoticias.com\/site\/wp-json\/wp\/v2\/types\/post"}],"author":[{"embeddable":true,"href":"https:\/\/miradouronoticias.com\/site\/wp-json\/wp\/v2\/users\/4"}],"replies":[{"embeddable":true,"href":"https:\/\/miradouronoticias.com\/site\/wp-json\/wp\/v2\/comments?post=27373"}],"version-history":[{"count":1,"href":"https:\/\/miradouronoticias.com\/site\/wp-json\/wp\/v2\/posts\/27373\/revisions"}],"predecessor-version":[{"id":27375,"href":"https:\/\/miradouronoticias.com\/site\/wp-json\/wp\/v2\/posts\/27373\/revisions\/27375"}],"wp:featuredmedia":[{"embeddable":true,"href":"https:\/\/miradouronoticias.com\/site\/wp-json\/wp\/v2\/media\/27374"}],"wp:attachment":[{"href":"https:\/\/miradouronoticias.com\/site\/wp-json\/wp\/v2\/media?parent=27373"}],"wp:term":[{"taxonomy":"category","embeddable":true,"href":"https:\/\/miradouronoticias.com\/site\/wp-json\/wp\/v2\/categories?post=27373"},{"taxonomy":"post_tag","embeddable":true,"href":"https:\/\/miradouronoticias.com\/site\/wp-json\/wp\/v2\/tags?post=27373"}],"curies":[{"name":"wp","href":"https:\/\/api.w.org\/{rel}","templated":true}]}}