{"id":27350,"date":"2025-02-07T12:03:19","date_gmt":"2025-02-07T15:03:19","guid":{"rendered":"https:\/\/miradouronoticias.com\/site\/?p=27350"},"modified":"2025-02-07T12:03:19","modified_gmt":"2025-02-07T15:03:19","slug":"duas-pessoas-morrem-em-queda-de-aviao-em-sao-paulo","status":"publish","type":"post","link":"https:\/\/miradouronoticias.com\/site\/2025\/02\/07\/duas-pessoas-morrem-em-queda-de-aviao-em-sao-paulo\/","title":{"rendered":"Duas pessoas morrem em queda de avi\u00e3o em S\u00e3o Paulo"},"content":{"rendered":"<p><img loading=\"lazy\" decoding=\"async\" class=\"alignnone size-medium wp-image-27351\" src=\"https:\/\/miradouronoticias.com\/site\/wp-content\/uploads\/2025\/02\/pint3059-300x179.webp\" alt=\"\" width=\"300\" height=\"179\" srcset=\"https:\/\/miradouronoticias.com\/site\/wp-content\/uploads\/2025\/02\/pint3059-300x179.webp 300w, https:\/\/miradouronoticias.com\/site\/wp-content\/uploads\/2025\/02\/pint3059-1024x613.webp 1024w, https:\/\/miradouronoticias.com\/site\/wp-content\/uploads\/2025\/02\/pint3059-768x459.webp 768w, https:\/\/miradouronoticias.com\/site\/wp-content\/uploads\/2025\/02\/pint3059.webp 1170w\" sizes=\"auto, (max-width: 300px) 100vw, 300px\" \/><\/p>\n<p><a href=\"https:\/\/agenciabrasil.ebc.com.br\/geral\/noticia\/2025-02\/aviao-de-pequeno-porte-cai-na-zona-oeste-de-sao-paulo\" target=\"_blank\" rel=\"noopener\">Duas pessoas morreram na queda de um avi\u00e3o de pequeno na manh\u00e3 de hoje (7)<\/a>\u00a0na Avenida Marqu\u00eas de S\u00e3o Vicente, na regi\u00e3o da Barra Funda, em S\u00e3o Paulo. Outras duas pessoas foram socorridas com ferimentos, informou a Secretaria de Seguran\u00e7a P\u00fablica de S\u00e3o Paulo (SSP).<img decoding=\"async\" src=\"https:\/\/agenciabrasil.ebc.com.br\/ebc.png?id=1629466&amp;o=node\" \/><img decoding=\"async\" src=\"https:\/\/agenciabrasil.ebc.com.br\/ebc.gif?id=1629466&amp;o=node\" \/><\/p>\n<p>De acordo com o Corpo de Bombeiros, o acidente ocorreu por volta das 7h20. A aeronave caiu sobre um \u00f4nibus.<\/p>\n<p>A assessoria do Aeroporto Campo de Marte informou que a aeronave era um\u00a0bimotor de pequeno porte &#8211;\u00a0<em>King Air<\/em>\u00a0&#8211; prefixo PS-FEM, que decolou do Campo de Marte, na capital paulista. \u201cA torre de controle perdeu o contato com a aeronave \u00e0s 7h16, minutos ap\u00f3s a decolagem\u201d, disse a assessoria.<\/p>\n<h2>Causas ser\u00e3o investigadas<\/h2>\n<p>Segundo a For\u00e7a A\u00e9rea Brasileira (FAB), investigadores do Quarto Servi\u00e7o Regional de Investiga\u00e7\u00e3o e Preven\u00e7\u00e3o de Acidentes Aeron\u00e1uticos (Seripa IV), \u00f3rg\u00e3o do Centro de Investiga\u00e7\u00e3o e Preven\u00e7\u00e3o de Acidentes Aeron\u00e1uticos (Cenipa), foi acionado para investigar as causas do acidente, de forma a prevenir novas ocorr\u00eancias.<\/p>\n<p>Em uma publica\u00e7\u00e3o nas redes sociais, o secret\u00e1rio de Seguran\u00e7a P\u00fablica de S\u00e3o Paulo, Guilherme Derrite, escreveu que as equipes do \u00f3rg\u00e3o \u201cest\u00e3o empenhadas na ocorr\u00eancia da queda de um avi\u00e3o bimotor na Avenida Marques de S\u00e3o Vicente, em S\u00e3o Paulo. O Corpo de Bombeiros fez o controle das chamas. Equipes da Pol\u00edcia Militar, Pol\u00edcia Civil e Pol\u00edcia T\u00e9cnico-Cient\u00edfica tamb\u00e9m apoiam a ocorr\u00eancia\u201d.<\/p>\n<p>Em nota, o prefeito de S\u00e3o Paulo, Ricardo Nunes, lamentou o acidente e informou que est\u00e1 disponibilizando \u201ctodas as estruturas de atendimento para socorro \u00e0s v\u00edtimas\u201d.<\/p>\n<p>\u201cFuncion\u00e1rios da Defesa Civil e Samu, al\u00e9m de agentes de tr\u00e2nsito e do setor de transportes, est\u00e3o no local, juntamente com homens do Corpo de Bombeiros, para atuar no resgate \u00e0s v\u00edtimas\u201d, escreveu o prefeito.<\/p>\n<h2>\u00d4nibus<\/h2>\n<p>Por meio de nota, a SPTrans, que administra o transporte por \u00f4nibus na capital paulista, informou que o \u00f4nibus atingido na queda da aeronave operava a linha 8500\/10, Terminal Pirituba\/Metr\u00f4 Barra Funda.<\/p>\n<p>O ve\u00edculo pertence \u00e0 concession\u00e1ria Santa Br\u00edgida. Como a \u00e1rea da queda do avi\u00e3o est\u00e1 isolada, 10 linhas de \u00f4nibus que operam por ali precisaram ser desviadas.<\/p>\n<p>A Companhia de Engenharia do Tr\u00e1fego (CET) pede que as pessoas evitem circular pela regi\u00e3o.<\/p>\n<p><i>By: miradouronoticias.com.br\/ ag\u00eancia Brasil\u00a0<\/i><\/p>\n<p>&nbsp;<\/p>\n","protected":false},"excerpt":{"rendered":"<p>Duas pessoas morreram na queda de um avi\u00e3o de pequeno na manh\u00e3 de hoje (7)\u00a0na Avenida Marqu\u00eas de S\u00e3o Vicente, na regi\u00e3o da Barra Funda, em S\u00e3o Paulo. Outras duas pessoas foram socorridas com ferimentos, informou a Secretaria de Seguran\u00e7a P\u00fablica de S\u00e3o Paulo (SSP). De acordo com o Corpo de Bombeiros, o acidente ocorreu [&hellip;]<\/p>\n","protected":false},"author":4,"featured_media":27351,"comment_status":"open","ping_status":"open","sticky":false,"template":"","format":"standard","meta":{"footnotes":""},"categories":[1],"tags":[],"class_list":["post-27350","post","type-post","status-publish","format-standard","has-post-thumbnail","hentry","category-destaque-principal"],"yoast_head":"<!-- This site is optimized with the Yoast SEO plugin v27.2 - https:\/\/yoast.com\/product\/yoast-seo-wordpress\/ -->\n<title>Duas pessoas morrem em queda de avi\u00e3o em S\u00e3o Paulo - Miradouro Not\u00edcias<\/title>\n<meta name=\"robots\" content=\"index, follow, max-snippet:-1, max-image-preview:large, max-video-preview:-1\" \/>\n<link rel=\"canonical\" href=\"https:\/\/miradouronoticias.com\/site\/2025\/02\/07\/duas-pessoas-morrem-em-queda-de-aviao-em-sao-paulo\/\" \/>\n<meta property=\"og:locale\" content=\"pt_BR\" \/>\n<meta property=\"og:type\" content=\"article\" \/>\n<meta property=\"og:title\" content=\"Duas pessoas morrem em queda de avi\u00e3o em S\u00e3o Paulo - Miradouro Not\u00edcias\" \/>\n<meta property=\"og:description\" content=\"Duas pessoas morreram na queda de um avi\u00e3o de pequeno na manh\u00e3 de hoje (7)\u00a0na Avenida Marqu\u00eas de S\u00e3o Vicente, na regi\u00e3o da Barra Funda, em S\u00e3o Paulo. Outras duas pessoas foram socorridas com ferimentos, informou a Secretaria de Seguran\u00e7a P\u00fablica de S\u00e3o Paulo (SSP). De acordo com o Corpo de Bombeiros, o acidente ocorreu [&hellip;]\" \/>\n<meta property=\"og:url\" content=\"https:\/\/miradouronoticias.com\/site\/2025\/02\/07\/duas-pessoas-morrem-em-queda-de-aviao-em-sao-paulo\/\" \/>\n<meta property=\"og:site_name\" content=\"Miradouro Not\u00edcias\" \/>\n<meta property=\"article:published_time\" content=\"2025-02-07T15:03:19+00:00\" \/>\n<meta property=\"og:image\" content=\"https:\/\/miradouronoticias.com\/site\/wp-content\/uploads\/2025\/02\/pint3059.webp\" \/>\n\t<meta property=\"og:image:width\" content=\"1170\" \/>\n\t<meta property=\"og:image:height\" content=\"700\" \/>\n\t<meta property=\"og:image:type\" content=\"image\/webp\" \/>\n<meta name=\"author\" content=\"Cl\u00e1udia Olyver\" \/>\n<meta name=\"twitter:card\" content=\"summary_large_image\" \/>\n<meta name=\"twitter:label1\" content=\"Escrito por\" \/>\n\t<meta name=\"twitter:data1\" content=\"Cl\u00e1udia Olyver\" \/>\n\t<meta name=\"twitter:label2\" content=\"Est. tempo de leitura\" \/>\n\t<meta name=\"twitter:data2\" content=\"3 minutos\" \/>\n<script type=\"application\/ld+json\" class=\"yoast-schema-graph\">{\"@context\":\"https:\/\/schema.org\",\"@graph\":[{\"@type\":\"Article\",\"@id\":\"https:\/\/miradouronoticias.com\/site\/2025\/02\/07\/duas-pessoas-morrem-em-queda-de-aviao-em-sao-paulo\/#article\",\"isPartOf\":{\"@id\":\"https:\/\/miradouronoticias.com\/site\/2025\/02\/07\/duas-pessoas-morrem-em-queda-de-aviao-em-sao-paulo\/\"},\"author\":{\"name\":\"Cl\u00e1udia Olyver\",\"@id\":\"https:\/\/miradouronoticias.com\/site\/#\/schema\/person\/73440d8c82222950df86f3e1a16aad3b\"},\"headline\":\"Duas pessoas morrem em queda de avi\u00e3o em S\u00e3o Paulo\",\"datePublished\":\"2025-02-07T15:03:19+00:00\",\"mainEntityOfPage\":{\"@id\":\"https:\/\/miradouronoticias.com\/site\/2025\/02\/07\/duas-pessoas-morrem-em-queda-de-aviao-em-sao-paulo\/\"},\"wordCount\":433,\"commentCount\":0,\"publisher\":{\"@id\":\"https:\/\/miradouronoticias.com\/site\/#organization\"},\"image\":{\"@id\":\"https:\/\/miradouronoticias.com\/site\/2025\/02\/07\/duas-pessoas-morrem-em-queda-de-aviao-em-sao-paulo\/#primaryimage\"},\"thumbnailUrl\":\"https:\/\/miradouronoticias.com\/site\/wp-content\/uploads\/2025\/02\/pint3059.webp\",\"articleSection\":[\"Destaque Principal\"],\"inLanguage\":\"pt-BR\",\"potentialAction\":[{\"@type\":\"CommentAction\",\"name\":\"Comment\",\"target\":[\"https:\/\/miradouronoticias.com\/site\/2025\/02\/07\/duas-pessoas-morrem-em-queda-de-aviao-em-sao-paulo\/#respond\"]}]},{\"@type\":\"WebPage\",\"@id\":\"https:\/\/miradouronoticias.com\/site\/2025\/02\/07\/duas-pessoas-morrem-em-queda-de-aviao-em-sao-paulo\/\",\"url\":\"https:\/\/miradouronoticias.com\/site\/2025\/02\/07\/duas-pessoas-morrem-em-queda-de-aviao-em-sao-paulo\/\",\"name\":\"Duas pessoas morrem em queda de avi\u00e3o em S\u00e3o Paulo - Miradouro Not\u00edcias\",\"isPartOf\":{\"@id\":\"https:\/\/miradouronoticias.com\/site\/#website\"},\"primaryImageOfPage\":{\"@id\":\"https:\/\/miradouronoticias.com\/site\/2025\/02\/07\/duas-pessoas-morrem-em-queda-de-aviao-em-sao-paulo\/#primaryimage\"},\"image\":{\"@id\":\"https:\/\/miradouronoticias.com\/site\/2025\/02\/07\/duas-pessoas-morrem-em-queda-de-aviao-em-sao-paulo\/#primaryimage\"},\"thumbnailUrl\":\"https:\/\/miradouronoticias.com\/site\/wp-content\/uploads\/2025\/02\/pint3059.webp\",\"datePublished\":\"2025-02-07T15:03:19+00:00\",\"breadcrumb\":{\"@id\":\"https:\/\/miradouronoticias.com\/site\/2025\/02\/07\/duas-pessoas-morrem-em-queda-de-aviao-em-sao-paulo\/#breadcrumb\"},\"inLanguage\":\"pt-BR\",\"potentialAction\":[{\"@type\":\"ReadAction\",\"target\":[\"https:\/\/miradouronoticias.com\/site\/2025\/02\/07\/duas-pessoas-morrem-em-queda-de-aviao-em-sao-paulo\/\"]}]},{\"@type\":\"ImageObject\",\"inLanguage\":\"pt-BR\",\"@id\":\"https:\/\/miradouronoticias.com\/site\/2025\/02\/07\/duas-pessoas-morrem-em-queda-de-aviao-em-sao-paulo\/#primaryimage\",\"url\":\"https:\/\/miradouronoticias.com\/site\/wp-content\/uploads\/2025\/02\/pint3059.webp\",\"contentUrl\":\"https:\/\/miradouronoticias.com\/site\/wp-content\/uploads\/2025\/02\/pint3059.webp\",\"width\":1170,\"height\":700},{\"@type\":\"BreadcrumbList\",\"@id\":\"https:\/\/miradouronoticias.com\/site\/2025\/02\/07\/duas-pessoas-morrem-em-queda-de-aviao-em-sao-paulo\/#breadcrumb\",\"itemListElement\":[{\"@type\":\"ListItem\",\"position\":1,\"name\":\"In\u00edcio\",\"item\":\"https:\/\/miradouronoticias.com\/site\/\"},{\"@type\":\"ListItem\",\"position\":2,\"name\":\"Duas pessoas morrem em queda de avi\u00e3o em S\u00e3o Paulo\"}]},{\"@type\":\"WebSite\",\"@id\":\"https:\/\/miradouronoticias.com\/site\/#website\",\"url\":\"https:\/\/miradouronoticias.com\/site\/\",\"name\":\"Miradouro Not\u00edcias\",\"description\":\"Informa\u00e7\u00f5es da cidade e regi\u00e3o\",\"publisher\":{\"@id\":\"https:\/\/miradouronoticias.com\/site\/#organization\"},\"potentialAction\":[{\"@type\":\"SearchAction\",\"target\":{\"@type\":\"EntryPoint\",\"urlTemplate\":\"https:\/\/miradouronoticias.com\/site\/?s={search_term_string}\"},\"query-input\":{\"@type\":\"PropertyValueSpecification\",\"valueRequired\":true,\"valueName\":\"search_term_string\"}}],\"inLanguage\":\"pt-BR\"},{\"@type\":\"Organization\",\"@id\":\"https:\/\/miradouronoticias.com\/site\/#organization\",\"name\":\"Miradouro Not\u00edcias\",\"url\":\"https:\/\/miradouronoticias.com\/site\/\",\"logo\":{\"@type\":\"ImageObject\",\"inLanguage\":\"pt-BR\",\"@id\":\"https:\/\/miradouronoticias.com\/site\/#\/schema\/logo\/image\/\",\"url\":\"https:\/\/miradouronoticias.com\/site\/wp-content\/uploads\/2022\/01\/logomarcamiradouronoticias.png\",\"contentUrl\":\"https:\/\/miradouronoticias.com\/site\/wp-content\/uploads\/2022\/01\/logomarcamiradouronoticias.png\",\"width\":747,\"height\":263,\"caption\":\"Miradouro Not\u00edcias\"},\"image\":{\"@id\":\"https:\/\/miradouronoticias.com\/site\/#\/schema\/logo\/image\/\"}},{\"@type\":\"Person\",\"@id\":\"https:\/\/miradouronoticias.com\/site\/#\/schema\/person\/73440d8c82222950df86f3e1a16aad3b\",\"name\":\"Cl\u00e1udia Olyver\",\"sameAs\":[\"http:\/\/www.miradouronoticias.com\"],\"url\":\"https:\/\/miradouronoticias.com\/site\/author\/claudia\/\"}]}<\/script>\n<!-- \/ Yoast SEO plugin. -->","yoast_head_json":{"title":"Duas pessoas morrem em queda de avi\u00e3o em S\u00e3o Paulo - Miradouro Not\u00edcias","robots":{"index":"index","follow":"follow","max-snippet":"max-snippet:-1","max-image-preview":"max-image-preview:large","max-video-preview":"max-video-preview:-1"},"canonical":"https:\/\/miradouronoticias.com\/site\/2025\/02\/07\/duas-pessoas-morrem-em-queda-de-aviao-em-sao-paulo\/","og_locale":"pt_BR","og_type":"article","og_title":"Duas pessoas morrem em queda de avi\u00e3o em S\u00e3o Paulo - Miradouro Not\u00edcias","og_description":"Duas pessoas morreram na queda de um avi\u00e3o de pequeno na manh\u00e3 de hoje (7)\u00a0na Avenida Marqu\u00eas de S\u00e3o Vicente, na regi\u00e3o da Barra Funda, em S\u00e3o Paulo. Outras duas pessoas foram socorridas com ferimentos, informou a Secretaria de Seguran\u00e7a P\u00fablica de S\u00e3o Paulo (SSP). De acordo com o Corpo de Bombeiros, o acidente ocorreu [&hellip;]","og_url":"https:\/\/miradouronoticias.com\/site\/2025\/02\/07\/duas-pessoas-morrem-em-queda-de-aviao-em-sao-paulo\/","og_site_name":"Miradouro Not\u00edcias","article_published_time":"2025-02-07T15:03:19+00:00","og_image":[{"width":1170,"height":700,"url":"https:\/\/miradouronoticias.com\/site\/wp-content\/uploads\/2025\/02\/pint3059.webp","type":"image\/webp"}],"author":"Cl\u00e1udia Olyver","twitter_card":"summary_large_image","twitter_misc":{"Escrito por":"Cl\u00e1udia Olyver","Est. tempo de leitura":"3 minutos"},"schema":{"@context":"https:\/\/schema.org","@graph":[{"@type":"Article","@id":"https:\/\/miradouronoticias.com\/site\/2025\/02\/07\/duas-pessoas-morrem-em-queda-de-aviao-em-sao-paulo\/#article","isPartOf":{"@id":"https:\/\/miradouronoticias.com\/site\/2025\/02\/07\/duas-pessoas-morrem-em-queda-de-aviao-em-sao-paulo\/"},"author":{"name":"Cl\u00e1udia Olyver","@id":"https:\/\/miradouronoticias.com\/site\/#\/schema\/person\/73440d8c82222950df86f3e1a16aad3b"},"headline":"Duas pessoas morrem em queda de avi\u00e3o em S\u00e3o Paulo","datePublished":"2025-02-07T15:03:19+00:00","mainEntityOfPage":{"@id":"https:\/\/miradouronoticias.com\/site\/2025\/02\/07\/duas-pessoas-morrem-em-queda-de-aviao-em-sao-paulo\/"},"wordCount":433,"commentCount":0,"publisher":{"@id":"https:\/\/miradouronoticias.com\/site\/#organization"},"image":{"@id":"https:\/\/miradouronoticias.com\/site\/2025\/02\/07\/duas-pessoas-morrem-em-queda-de-aviao-em-sao-paulo\/#primaryimage"},"thumbnailUrl":"https:\/\/miradouronoticias.com\/site\/wp-content\/uploads\/2025\/02\/pint3059.webp","articleSection":["Destaque Principal"],"inLanguage":"pt-BR","potentialAction":[{"@type":"CommentAction","name":"Comment","target":["https:\/\/miradouronoticias.com\/site\/2025\/02\/07\/duas-pessoas-morrem-em-queda-de-aviao-em-sao-paulo\/#respond"]}]},{"@type":"WebPage","@id":"https:\/\/miradouronoticias.com\/site\/2025\/02\/07\/duas-pessoas-morrem-em-queda-de-aviao-em-sao-paulo\/","url":"https:\/\/miradouronoticias.com\/site\/2025\/02\/07\/duas-pessoas-morrem-em-queda-de-aviao-em-sao-paulo\/","name":"Duas pessoas morrem em queda de avi\u00e3o em S\u00e3o Paulo - Miradouro Not\u00edcias","isPartOf":{"@id":"https:\/\/miradouronoticias.com\/site\/#website"},"primaryImageOfPage":{"@id":"https:\/\/miradouronoticias.com\/site\/2025\/02\/07\/duas-pessoas-morrem-em-queda-de-aviao-em-sao-paulo\/#primaryimage"},"image":{"@id":"https:\/\/miradouronoticias.com\/site\/2025\/02\/07\/duas-pessoas-morrem-em-queda-de-aviao-em-sao-paulo\/#primaryimage"},"thumbnailUrl":"https:\/\/miradouronoticias.com\/site\/wp-content\/uploads\/2025\/02\/pint3059.webp","datePublished":"2025-02-07T15:03:19+00:00","breadcrumb":{"@id":"https:\/\/miradouronoticias.com\/site\/2025\/02\/07\/duas-pessoas-morrem-em-queda-de-aviao-em-sao-paulo\/#breadcrumb"},"inLanguage":"pt-BR","potentialAction":[{"@type":"ReadAction","target":["https:\/\/miradouronoticias.com\/site\/2025\/02\/07\/duas-pessoas-morrem-em-queda-de-aviao-em-sao-paulo\/"]}]},{"@type":"ImageObject","inLanguage":"pt-BR","@id":"https:\/\/miradouronoticias.com\/site\/2025\/02\/07\/duas-pessoas-morrem-em-queda-de-aviao-em-sao-paulo\/#primaryimage","url":"https:\/\/miradouronoticias.com\/site\/wp-content\/uploads\/2025\/02\/pint3059.webp","contentUrl":"https:\/\/miradouronoticias.com\/site\/wp-content\/uploads\/2025\/02\/pint3059.webp","width":1170,"height":700},{"@type":"BreadcrumbList","@id":"https:\/\/miradouronoticias.com\/site\/2025\/02\/07\/duas-pessoas-morrem-em-queda-de-aviao-em-sao-paulo\/#breadcrumb","itemListElement":[{"@type":"ListItem","position":1,"name":"In\u00edcio","item":"https:\/\/miradouronoticias.com\/site\/"},{"@type":"ListItem","position":2,"name":"Duas pessoas morrem em queda de avi\u00e3o em S\u00e3o Paulo"}]},{"@type":"WebSite","@id":"https:\/\/miradouronoticias.com\/site\/#website","url":"https:\/\/miradouronoticias.com\/site\/","name":"Miradouro Not\u00edcias","description":"Informa\u00e7\u00f5es da cidade e regi\u00e3o","publisher":{"@id":"https:\/\/miradouronoticias.com\/site\/#organization"},"potentialAction":[{"@type":"SearchAction","target":{"@type":"EntryPoint","urlTemplate":"https:\/\/miradouronoticias.com\/site\/?s={search_term_string}"},"query-input":{"@type":"PropertyValueSpecification","valueRequired":true,"valueName":"search_term_string"}}],"inLanguage":"pt-BR"},{"@type":"Organization","@id":"https:\/\/miradouronoticias.com\/site\/#organization","name":"Miradouro Not\u00edcias","url":"https:\/\/miradouronoticias.com\/site\/","logo":{"@type":"ImageObject","inLanguage":"pt-BR","@id":"https:\/\/miradouronoticias.com\/site\/#\/schema\/logo\/image\/","url":"https:\/\/miradouronoticias.com\/site\/wp-content\/uploads\/2022\/01\/logomarcamiradouronoticias.png","contentUrl":"https:\/\/miradouronoticias.com\/site\/wp-content\/uploads\/2022\/01\/logomarcamiradouronoticias.png","width":747,"height":263,"caption":"Miradouro Not\u00edcias"},"image":{"@id":"https:\/\/miradouronoticias.com\/site\/#\/schema\/logo\/image\/"}},{"@type":"Person","@id":"https:\/\/miradouronoticias.com\/site\/#\/schema\/person\/73440d8c82222950df86f3e1a16aad3b","name":"Cl\u00e1udia Olyver","sameAs":["http:\/\/www.miradouronoticias.com"],"url":"https:\/\/miradouronoticias.com\/site\/author\/claudia\/"}]}},"_links":{"self":[{"href":"https:\/\/miradouronoticias.com\/site\/wp-json\/wp\/v2\/posts\/27350","targetHints":{"allow":["GET"]}}],"collection":[{"href":"https:\/\/miradouronoticias.com\/site\/wp-json\/wp\/v2\/posts"}],"about":[{"href":"https:\/\/miradouronoticias.com\/site\/wp-json\/wp\/v2\/types\/post"}],"author":[{"embeddable":true,"href":"https:\/\/miradouronoticias.com\/site\/wp-json\/wp\/v2\/users\/4"}],"replies":[{"embeddable":true,"href":"https:\/\/miradouronoticias.com\/site\/wp-json\/wp\/v2\/comments?post=27350"}],"version-history":[{"count":1,"href":"https:\/\/miradouronoticias.com\/site\/wp-json\/wp\/v2\/posts\/27350\/revisions"}],"predecessor-version":[{"id":27352,"href":"https:\/\/miradouronoticias.com\/site\/wp-json\/wp\/v2\/posts\/27350\/revisions\/27352"}],"wp:featuredmedia":[{"embeddable":true,"href":"https:\/\/miradouronoticias.com\/site\/wp-json\/wp\/v2\/media\/27351"}],"wp:attachment":[{"href":"https:\/\/miradouronoticias.com\/site\/wp-json\/wp\/v2\/media?parent=27350"}],"wp:term":[{"taxonomy":"category","embeddable":true,"href":"https:\/\/miradouronoticias.com\/site\/wp-json\/wp\/v2\/categories?post=27350"},{"taxonomy":"post_tag","embeddable":true,"href":"https:\/\/miradouronoticias.com\/site\/wp-json\/wp\/v2\/tags?post=27350"}],"curies":[{"name":"wp","href":"https:\/\/api.w.org\/{rel}","templated":true}]}}