{"id":26929,"date":"2024-12-29T07:52:30","date_gmt":"2024-12-29T10:52:30","guid":{"rendered":"https:\/\/miradouronoticias.com\/site\/?p=26929"},"modified":"2024-12-29T07:52:30","modified_gmt":"2024-12-29T10:52:30","slug":"policia-identifica-26-das-41-vitimas-do-acidente-em-teofilo-otoni","status":"publish","type":"post","link":"https:\/\/miradouronoticias.com\/site\/2024\/12\/29\/policia-identifica-26-das-41-vitimas-do-acidente-em-teofilo-otoni\/","title":{"rendered":"Pol\u00edcia identifica 26 das 41 v\u00edtimas do acidente em Te\u00f3filo Otoni"},"content":{"rendered":"<p><img loading=\"lazy\" decoding=\"async\" class=\"alignnone size-medium wp-image-26930\" src=\"https:\/\/miradouronoticias.com\/site\/wp-content\/uploads\/2024\/12\/acidente_teofilo_otoni02-1-300x179.webp\" alt=\"\" width=\"300\" height=\"179\" srcset=\"https:\/\/miradouronoticias.com\/site\/wp-content\/uploads\/2024\/12\/acidente_teofilo_otoni02-1-300x179.webp 300w, https:\/\/miradouronoticias.com\/site\/wp-content\/uploads\/2024\/12\/acidente_teofilo_otoni02-1-1024x613.webp 1024w, https:\/\/miradouronoticias.com\/site\/wp-content\/uploads\/2024\/12\/acidente_teofilo_otoni02-1-768x459.webp 768w, https:\/\/miradouronoticias.com\/site\/wp-content\/uploads\/2024\/12\/acidente_teofilo_otoni02-1.webp 1170w\" sizes=\"auto, (max-width: 300px) 100vw, 300px\" \/><\/p>\n<p>Dos 41 mortos\u00a0no acidente ocorrido no dia 21 de dezembro, na BR 116, em Te\u00f3filo Otoni (MG), 26 j\u00e1 foram identificados, segundo a Pol\u00edcia Civil do estado. Nove delas, na manh\u00e3 deste s\u00e1bado, por meio de exames de DNA.<img decoding=\"async\" src=\"https:\/\/agenciabrasil.ebc.com.br\/ebc.png?id=1625297&amp;o=node\" \/><img decoding=\"async\" src=\"https:\/\/agenciabrasil.ebc.com.br\/ebc.gif?id=1625297&amp;o=node\" \/><\/p>\n<p>Dos corpos identificados, 16 j\u00e1 foram retirados pelos familiares. Segundo o perito criminal Felipe Dapieve, da Pol\u00edcia Civil, 13 foram identificados por exames papilosc\u00f3picos (de digitais) e tr\u00eas por odontologia legal.<\/p>\n<p>Os outros corpos ainda est\u00e3o em an\u00e1lise. \u201cEstamos coletando DNA para confronto com o material gen\u00e9tico de familiares\u201d, afirmou\u00a0o perito.<\/p>\n<p>O acidente ocorreu durante a madrugada, por volta das 3h30, segundo o chefe do 15\u00ba Departamento de Pol\u00edcia de Te\u00f3filo Otoni, delegado Amauri Albuquerque. Todas as v\u00edtimas estavam no \u00f4nibus que colidiu de frente com uma carreta e acabou pegando fogo em seguida. A maioria das v\u00edtimas ficou presa \u00e0s ferragens e teve\u00a0os corpos carbonizados.<\/p>\n<p>Um terceiro ve\u00edculo, um carro de passeio, que vinha atr\u00e1s do \u00f4nibus, tamb\u00e9m se envolveu no acidente, mas os ocupantes tiveram ferimentos leves. O \u00f4nibus de transporte interestadual, pertencente \u00e0 empresa Emtram, tinha sa\u00eddo de S\u00e3o Paulo (SP) com destino a El\u00edsio Medrado (BA).<\/p>\n<p>O motorista da carreta que se envolveu no acidente, Arilton Bastos Alves, prestou depoimento de mais de seis horas \u00e0 Pol\u00edcia Civil na segunda-feira (23). Ele foi liberado em seguida.<\/p>\n<p>By: miradouronoticias.com.br\/ ag\u00eancia Brasil<\/p>\n","protected":false},"excerpt":{"rendered":"<p>Dos 41 mortos\u00a0no acidente ocorrido no dia 21 de dezembro, na BR 116, em Te\u00f3filo Otoni (MG), 26 j\u00e1 foram identificados, segundo a Pol\u00edcia Civil do estado. Nove delas, na manh\u00e3 deste s\u00e1bado, por meio de exames de DNA. Dos corpos identificados, 16 j\u00e1 foram retirados pelos familiares. Segundo o perito criminal Felipe Dapieve, da [&hellip;]<\/p>\n","protected":false},"author":4,"featured_media":26930,"comment_status":"open","ping_status":"open","sticky":false,"template":"","format":"standard","meta":{"footnotes":""},"categories":[24,1,18,17],"tags":[],"class_list":["post-26929","post","type-post","status-publish","format-standard","has-post-thumbnail","hentry","category-acidente","category-destaque-principal","category-policia","category-politica"],"yoast_head":"<!-- This site is optimized with the Yoast SEO plugin v27.2 - https:\/\/yoast.com\/product\/yoast-seo-wordpress\/ -->\n<title>Pol\u00edcia identifica 26 das 41 v\u00edtimas do acidente em Te\u00f3filo Otoni - Miradouro Not\u00edcias<\/title>\n<meta name=\"robots\" content=\"index, follow, max-snippet:-1, max-image-preview:large, max-video-preview:-1\" \/>\n<link rel=\"canonical\" href=\"https:\/\/miradouronoticias.com\/site\/2024\/12\/29\/policia-identifica-26-das-41-vitimas-do-acidente-em-teofilo-otoni\/\" \/>\n<meta property=\"og:locale\" content=\"pt_BR\" \/>\n<meta property=\"og:type\" content=\"article\" \/>\n<meta property=\"og:title\" content=\"Pol\u00edcia identifica 26 das 41 v\u00edtimas do acidente em Te\u00f3filo Otoni - Miradouro Not\u00edcias\" \/>\n<meta property=\"og:description\" content=\"Dos 41 mortos\u00a0no acidente ocorrido no dia 21 de dezembro, na BR 116, em Te\u00f3filo Otoni (MG), 26 j\u00e1 foram identificados, segundo a Pol\u00edcia Civil do estado. Nove delas, na manh\u00e3 deste s\u00e1bado, por meio de exames de DNA. Dos corpos identificados, 16 j\u00e1 foram retirados pelos familiares. Segundo o perito criminal Felipe Dapieve, da [&hellip;]\" \/>\n<meta property=\"og:url\" content=\"https:\/\/miradouronoticias.com\/site\/2024\/12\/29\/policia-identifica-26-das-41-vitimas-do-acidente-em-teofilo-otoni\/\" \/>\n<meta property=\"og:site_name\" content=\"Miradouro Not\u00edcias\" \/>\n<meta property=\"article:published_time\" content=\"2024-12-29T10:52:30+00:00\" \/>\n<meta property=\"og:image\" content=\"https:\/\/miradouronoticias.com\/site\/wp-content\/uploads\/2024\/12\/acidente_teofilo_otoni02-1.webp\" \/>\n\t<meta property=\"og:image:width\" content=\"1170\" \/>\n\t<meta property=\"og:image:height\" content=\"700\" \/>\n\t<meta property=\"og:image:type\" content=\"image\/webp\" \/>\n<meta name=\"author\" content=\"Cl\u00e1udia Olyver\" \/>\n<meta name=\"twitter:card\" content=\"summary_large_image\" \/>\n<meta name=\"twitter:label1\" content=\"Escrito por\" \/>\n\t<meta name=\"twitter:data1\" content=\"Cl\u00e1udia Olyver\" \/>\n\t<meta name=\"twitter:label2\" content=\"Est. tempo de leitura\" \/>\n\t<meta name=\"twitter:data2\" content=\"3 minutos\" \/>\n<script type=\"application\/ld+json\" class=\"yoast-schema-graph\">{\"@context\":\"https:\/\/schema.org\",\"@graph\":[{\"@type\":\"Article\",\"@id\":\"https:\/\/miradouronoticias.com\/site\/2024\/12\/29\/policia-identifica-26-das-41-vitimas-do-acidente-em-teofilo-otoni\/#article\",\"isPartOf\":{\"@id\":\"https:\/\/miradouronoticias.com\/site\/2024\/12\/29\/policia-identifica-26-das-41-vitimas-do-acidente-em-teofilo-otoni\/\"},\"author\":{\"name\":\"Cl\u00e1udia Olyver\",\"@id\":\"https:\/\/miradouronoticias.com\/site\/#\/schema\/person\/73440d8c82222950df86f3e1a16aad3b\"},\"headline\":\"Pol\u00edcia identifica 26 das 41 v\u00edtimas do acidente em Te\u00f3filo Otoni\",\"datePublished\":\"2024-12-29T10:52:30+00:00\",\"mainEntityOfPage\":{\"@id\":\"https:\/\/miradouronoticias.com\/site\/2024\/12\/29\/policia-identifica-26-das-41-vitimas-do-acidente-em-teofilo-otoni\/\"},\"wordCount\":251,\"commentCount\":0,\"publisher\":{\"@id\":\"https:\/\/miradouronoticias.com\/site\/#organization\"},\"image\":{\"@id\":\"https:\/\/miradouronoticias.com\/site\/2024\/12\/29\/policia-identifica-26-das-41-vitimas-do-acidente-em-teofilo-otoni\/#primaryimage\"},\"thumbnailUrl\":\"https:\/\/miradouronoticias.com\/site\/wp-content\/uploads\/2024\/12\/acidente_teofilo_otoni02-1.webp\",\"articleSection\":[\"Acidente\",\"Destaque Principal\",\"Pol\u00edcia\",\"Pol\u00edtica\"],\"inLanguage\":\"pt-BR\",\"potentialAction\":[{\"@type\":\"CommentAction\",\"name\":\"Comment\",\"target\":[\"https:\/\/miradouronoticias.com\/site\/2024\/12\/29\/policia-identifica-26-das-41-vitimas-do-acidente-em-teofilo-otoni\/#respond\"]}]},{\"@type\":\"WebPage\",\"@id\":\"https:\/\/miradouronoticias.com\/site\/2024\/12\/29\/policia-identifica-26-das-41-vitimas-do-acidente-em-teofilo-otoni\/\",\"url\":\"https:\/\/miradouronoticias.com\/site\/2024\/12\/29\/policia-identifica-26-das-41-vitimas-do-acidente-em-teofilo-otoni\/\",\"name\":\"Pol\u00edcia identifica 26 das 41 v\u00edtimas do acidente em Te\u00f3filo Otoni - Miradouro Not\u00edcias\",\"isPartOf\":{\"@id\":\"https:\/\/miradouronoticias.com\/site\/#website\"},\"primaryImageOfPage\":{\"@id\":\"https:\/\/miradouronoticias.com\/site\/2024\/12\/29\/policia-identifica-26-das-41-vitimas-do-acidente-em-teofilo-otoni\/#primaryimage\"},\"image\":{\"@id\":\"https:\/\/miradouronoticias.com\/site\/2024\/12\/29\/policia-identifica-26-das-41-vitimas-do-acidente-em-teofilo-otoni\/#primaryimage\"},\"thumbnailUrl\":\"https:\/\/miradouronoticias.com\/site\/wp-content\/uploads\/2024\/12\/acidente_teofilo_otoni02-1.webp\",\"datePublished\":\"2024-12-29T10:52:30+00:00\",\"breadcrumb\":{\"@id\":\"https:\/\/miradouronoticias.com\/site\/2024\/12\/29\/policia-identifica-26-das-41-vitimas-do-acidente-em-teofilo-otoni\/#breadcrumb\"},\"inLanguage\":\"pt-BR\",\"potentialAction\":[{\"@type\":\"ReadAction\",\"target\":[\"https:\/\/miradouronoticias.com\/site\/2024\/12\/29\/policia-identifica-26-das-41-vitimas-do-acidente-em-teofilo-otoni\/\"]}]},{\"@type\":\"ImageObject\",\"inLanguage\":\"pt-BR\",\"@id\":\"https:\/\/miradouronoticias.com\/site\/2024\/12\/29\/policia-identifica-26-das-41-vitimas-do-acidente-em-teofilo-otoni\/#primaryimage\",\"url\":\"https:\/\/miradouronoticias.com\/site\/wp-content\/uploads\/2024\/12\/acidente_teofilo_otoni02-1.webp\",\"contentUrl\":\"https:\/\/miradouronoticias.com\/site\/wp-content\/uploads\/2024\/12\/acidente_teofilo_otoni02-1.webp\",\"width\":1170,\"height\":700},{\"@type\":\"BreadcrumbList\",\"@id\":\"https:\/\/miradouronoticias.com\/site\/2024\/12\/29\/policia-identifica-26-das-41-vitimas-do-acidente-em-teofilo-otoni\/#breadcrumb\",\"itemListElement\":[{\"@type\":\"ListItem\",\"position\":1,\"name\":\"In\u00edcio\",\"item\":\"https:\/\/miradouronoticias.com\/site\/\"},{\"@type\":\"ListItem\",\"position\":2,\"name\":\"Pol\u00edcia identifica 26 das 41 v\u00edtimas do acidente em Te\u00f3filo Otoni\"}]},{\"@type\":\"WebSite\",\"@id\":\"https:\/\/miradouronoticias.com\/site\/#website\",\"url\":\"https:\/\/miradouronoticias.com\/site\/\",\"name\":\"Miradouro Not\u00edcias\",\"description\":\"Informa\u00e7\u00f5es da cidade e regi\u00e3o\",\"publisher\":{\"@id\":\"https:\/\/miradouronoticias.com\/site\/#organization\"},\"potentialAction\":[{\"@type\":\"SearchAction\",\"target\":{\"@type\":\"EntryPoint\",\"urlTemplate\":\"https:\/\/miradouronoticias.com\/site\/?s={search_term_string}\"},\"query-input\":{\"@type\":\"PropertyValueSpecification\",\"valueRequired\":true,\"valueName\":\"search_term_string\"}}],\"inLanguage\":\"pt-BR\"},{\"@type\":\"Organization\",\"@id\":\"https:\/\/miradouronoticias.com\/site\/#organization\",\"name\":\"Miradouro Not\u00edcias\",\"url\":\"https:\/\/miradouronoticias.com\/site\/\",\"logo\":{\"@type\":\"ImageObject\",\"inLanguage\":\"pt-BR\",\"@id\":\"https:\/\/miradouronoticias.com\/site\/#\/schema\/logo\/image\/\",\"url\":\"https:\/\/miradouronoticias.com\/site\/wp-content\/uploads\/2022\/01\/logomarcamiradouronoticias.png\",\"contentUrl\":\"https:\/\/miradouronoticias.com\/site\/wp-content\/uploads\/2022\/01\/logomarcamiradouronoticias.png\",\"width\":747,\"height\":263,\"caption\":\"Miradouro Not\u00edcias\"},\"image\":{\"@id\":\"https:\/\/miradouronoticias.com\/site\/#\/schema\/logo\/image\/\"}},{\"@type\":\"Person\",\"@id\":\"https:\/\/miradouronoticias.com\/site\/#\/schema\/person\/73440d8c82222950df86f3e1a16aad3b\",\"name\":\"Cl\u00e1udia Olyver\",\"sameAs\":[\"http:\/\/www.miradouronoticias.com\"],\"url\":\"https:\/\/miradouronoticias.com\/site\/author\/claudia\/\"}]}<\/script>\n<!-- \/ Yoast SEO plugin. -->","yoast_head_json":{"title":"Pol\u00edcia identifica 26 das 41 v\u00edtimas do acidente em Te\u00f3filo Otoni - Miradouro Not\u00edcias","robots":{"index":"index","follow":"follow","max-snippet":"max-snippet:-1","max-image-preview":"max-image-preview:large","max-video-preview":"max-video-preview:-1"},"canonical":"https:\/\/miradouronoticias.com\/site\/2024\/12\/29\/policia-identifica-26-das-41-vitimas-do-acidente-em-teofilo-otoni\/","og_locale":"pt_BR","og_type":"article","og_title":"Pol\u00edcia identifica 26 das 41 v\u00edtimas do acidente em Te\u00f3filo Otoni - Miradouro Not\u00edcias","og_description":"Dos 41 mortos\u00a0no acidente ocorrido no dia 21 de dezembro, na BR 116, em Te\u00f3filo Otoni (MG), 26 j\u00e1 foram identificados, segundo a Pol\u00edcia Civil do estado. Nove delas, na manh\u00e3 deste s\u00e1bado, por meio de exames de DNA. Dos corpos identificados, 16 j\u00e1 foram retirados pelos familiares. Segundo o perito criminal Felipe Dapieve, da [&hellip;]","og_url":"https:\/\/miradouronoticias.com\/site\/2024\/12\/29\/policia-identifica-26-das-41-vitimas-do-acidente-em-teofilo-otoni\/","og_site_name":"Miradouro Not\u00edcias","article_published_time":"2024-12-29T10:52:30+00:00","og_image":[{"width":1170,"height":700,"url":"https:\/\/miradouronoticias.com\/site\/wp-content\/uploads\/2024\/12\/acidente_teofilo_otoni02-1.webp","type":"image\/webp"}],"author":"Cl\u00e1udia Olyver","twitter_card":"summary_large_image","twitter_misc":{"Escrito por":"Cl\u00e1udia Olyver","Est. tempo de leitura":"3 minutos"},"schema":{"@context":"https:\/\/schema.org","@graph":[{"@type":"Article","@id":"https:\/\/miradouronoticias.com\/site\/2024\/12\/29\/policia-identifica-26-das-41-vitimas-do-acidente-em-teofilo-otoni\/#article","isPartOf":{"@id":"https:\/\/miradouronoticias.com\/site\/2024\/12\/29\/policia-identifica-26-das-41-vitimas-do-acidente-em-teofilo-otoni\/"},"author":{"name":"Cl\u00e1udia Olyver","@id":"https:\/\/miradouronoticias.com\/site\/#\/schema\/person\/73440d8c82222950df86f3e1a16aad3b"},"headline":"Pol\u00edcia identifica 26 das 41 v\u00edtimas do acidente em Te\u00f3filo Otoni","datePublished":"2024-12-29T10:52:30+00:00","mainEntityOfPage":{"@id":"https:\/\/miradouronoticias.com\/site\/2024\/12\/29\/policia-identifica-26-das-41-vitimas-do-acidente-em-teofilo-otoni\/"},"wordCount":251,"commentCount":0,"publisher":{"@id":"https:\/\/miradouronoticias.com\/site\/#organization"},"image":{"@id":"https:\/\/miradouronoticias.com\/site\/2024\/12\/29\/policia-identifica-26-das-41-vitimas-do-acidente-em-teofilo-otoni\/#primaryimage"},"thumbnailUrl":"https:\/\/miradouronoticias.com\/site\/wp-content\/uploads\/2024\/12\/acidente_teofilo_otoni02-1.webp","articleSection":["Acidente","Destaque Principal","Pol\u00edcia","Pol\u00edtica"],"inLanguage":"pt-BR","potentialAction":[{"@type":"CommentAction","name":"Comment","target":["https:\/\/miradouronoticias.com\/site\/2024\/12\/29\/policia-identifica-26-das-41-vitimas-do-acidente-em-teofilo-otoni\/#respond"]}]},{"@type":"WebPage","@id":"https:\/\/miradouronoticias.com\/site\/2024\/12\/29\/policia-identifica-26-das-41-vitimas-do-acidente-em-teofilo-otoni\/","url":"https:\/\/miradouronoticias.com\/site\/2024\/12\/29\/policia-identifica-26-das-41-vitimas-do-acidente-em-teofilo-otoni\/","name":"Pol\u00edcia identifica 26 das 41 v\u00edtimas do acidente em Te\u00f3filo Otoni - Miradouro Not\u00edcias","isPartOf":{"@id":"https:\/\/miradouronoticias.com\/site\/#website"},"primaryImageOfPage":{"@id":"https:\/\/miradouronoticias.com\/site\/2024\/12\/29\/policia-identifica-26-das-41-vitimas-do-acidente-em-teofilo-otoni\/#primaryimage"},"image":{"@id":"https:\/\/miradouronoticias.com\/site\/2024\/12\/29\/policia-identifica-26-das-41-vitimas-do-acidente-em-teofilo-otoni\/#primaryimage"},"thumbnailUrl":"https:\/\/miradouronoticias.com\/site\/wp-content\/uploads\/2024\/12\/acidente_teofilo_otoni02-1.webp","datePublished":"2024-12-29T10:52:30+00:00","breadcrumb":{"@id":"https:\/\/miradouronoticias.com\/site\/2024\/12\/29\/policia-identifica-26-das-41-vitimas-do-acidente-em-teofilo-otoni\/#breadcrumb"},"inLanguage":"pt-BR","potentialAction":[{"@type":"ReadAction","target":["https:\/\/miradouronoticias.com\/site\/2024\/12\/29\/policia-identifica-26-das-41-vitimas-do-acidente-em-teofilo-otoni\/"]}]},{"@type":"ImageObject","inLanguage":"pt-BR","@id":"https:\/\/miradouronoticias.com\/site\/2024\/12\/29\/policia-identifica-26-das-41-vitimas-do-acidente-em-teofilo-otoni\/#primaryimage","url":"https:\/\/miradouronoticias.com\/site\/wp-content\/uploads\/2024\/12\/acidente_teofilo_otoni02-1.webp","contentUrl":"https:\/\/miradouronoticias.com\/site\/wp-content\/uploads\/2024\/12\/acidente_teofilo_otoni02-1.webp","width":1170,"height":700},{"@type":"BreadcrumbList","@id":"https:\/\/miradouronoticias.com\/site\/2024\/12\/29\/policia-identifica-26-das-41-vitimas-do-acidente-em-teofilo-otoni\/#breadcrumb","itemListElement":[{"@type":"ListItem","position":1,"name":"In\u00edcio","item":"https:\/\/miradouronoticias.com\/site\/"},{"@type":"ListItem","position":2,"name":"Pol\u00edcia identifica 26 das 41 v\u00edtimas do acidente em Te\u00f3filo Otoni"}]},{"@type":"WebSite","@id":"https:\/\/miradouronoticias.com\/site\/#website","url":"https:\/\/miradouronoticias.com\/site\/","name":"Miradouro Not\u00edcias","description":"Informa\u00e7\u00f5es da cidade e regi\u00e3o","publisher":{"@id":"https:\/\/miradouronoticias.com\/site\/#organization"},"potentialAction":[{"@type":"SearchAction","target":{"@type":"EntryPoint","urlTemplate":"https:\/\/miradouronoticias.com\/site\/?s={search_term_string}"},"query-input":{"@type":"PropertyValueSpecification","valueRequired":true,"valueName":"search_term_string"}}],"inLanguage":"pt-BR"},{"@type":"Organization","@id":"https:\/\/miradouronoticias.com\/site\/#organization","name":"Miradouro Not\u00edcias","url":"https:\/\/miradouronoticias.com\/site\/","logo":{"@type":"ImageObject","inLanguage":"pt-BR","@id":"https:\/\/miradouronoticias.com\/site\/#\/schema\/logo\/image\/","url":"https:\/\/miradouronoticias.com\/site\/wp-content\/uploads\/2022\/01\/logomarcamiradouronoticias.png","contentUrl":"https:\/\/miradouronoticias.com\/site\/wp-content\/uploads\/2022\/01\/logomarcamiradouronoticias.png","width":747,"height":263,"caption":"Miradouro Not\u00edcias"},"image":{"@id":"https:\/\/miradouronoticias.com\/site\/#\/schema\/logo\/image\/"}},{"@type":"Person","@id":"https:\/\/miradouronoticias.com\/site\/#\/schema\/person\/73440d8c82222950df86f3e1a16aad3b","name":"Cl\u00e1udia Olyver","sameAs":["http:\/\/www.miradouronoticias.com"],"url":"https:\/\/miradouronoticias.com\/site\/author\/claudia\/"}]}},"_links":{"self":[{"href":"https:\/\/miradouronoticias.com\/site\/wp-json\/wp\/v2\/posts\/26929","targetHints":{"allow":["GET"]}}],"collection":[{"href":"https:\/\/miradouronoticias.com\/site\/wp-json\/wp\/v2\/posts"}],"about":[{"href":"https:\/\/miradouronoticias.com\/site\/wp-json\/wp\/v2\/types\/post"}],"author":[{"embeddable":true,"href":"https:\/\/miradouronoticias.com\/site\/wp-json\/wp\/v2\/users\/4"}],"replies":[{"embeddable":true,"href":"https:\/\/miradouronoticias.com\/site\/wp-json\/wp\/v2\/comments?post=26929"}],"version-history":[{"count":1,"href":"https:\/\/miradouronoticias.com\/site\/wp-json\/wp\/v2\/posts\/26929\/revisions"}],"predecessor-version":[{"id":26931,"href":"https:\/\/miradouronoticias.com\/site\/wp-json\/wp\/v2\/posts\/26929\/revisions\/26931"}],"wp:featuredmedia":[{"embeddable":true,"href":"https:\/\/miradouronoticias.com\/site\/wp-json\/wp\/v2\/media\/26930"}],"wp:attachment":[{"href":"https:\/\/miradouronoticias.com\/site\/wp-json\/wp\/v2\/media?parent=26929"}],"wp:term":[{"taxonomy":"category","embeddable":true,"href":"https:\/\/miradouronoticias.com\/site\/wp-json\/wp\/v2\/categories?post=26929"},{"taxonomy":"post_tag","embeddable":true,"href":"https:\/\/miradouronoticias.com\/site\/wp-json\/wp\/v2\/tags?post=26929"}],"curies":[{"name":"wp","href":"https:\/\/api.w.org\/{rel}","templated":true}]}}