{"id":26633,"date":"2024-11-29T06:48:55","date_gmt":"2024-11-29T09:48:55","guid":{"rendered":"https:\/\/miradouronoticias.com\/site\/?p=26633"},"modified":"2024-11-29T06:48:55","modified_gmt":"2024-11-29T09:48:55","slug":"corte-de-gastos-muda-regra-do-minimo-bpc-e-pensoes-de-militares","status":"publish","type":"post","link":"https:\/\/miradouronoticias.com\/site\/2024\/11\/29\/corte-de-gastos-muda-regra-do-minimo-bpc-e-pensoes-de-militares\/","title":{"rendered":"Corte de gastos muda regra do m\u00ednimo, BPC e pens\u00f5es de militares"},"content":{"rendered":"<p><img loading=\"lazy\" decoding=\"async\" class=\"alignnone size-medium wp-image-26634\" src=\"https:\/\/miradouronoticias.com\/site\/wp-content\/uploads\/2024\/11\/pzzb3696_0-300x179.webp\" alt=\"\" width=\"300\" height=\"179\" srcset=\"https:\/\/miradouronoticias.com\/site\/wp-content\/uploads\/2024\/11\/pzzb3696_0-300x179.webp 300w, https:\/\/miradouronoticias.com\/site\/wp-content\/uploads\/2024\/11\/pzzb3696_0-1024x613.webp 1024w, https:\/\/miradouronoticias.com\/site\/wp-content\/uploads\/2024\/11\/pzzb3696_0-768x459.webp 768w, https:\/\/miradouronoticias.com\/site\/wp-content\/uploads\/2024\/11\/pzzb3696_0.webp 1170w\" sizes=\"auto, (max-width: 300px) 100vw, 300px\" \/><\/p>\n<p>R$ 327 bilh\u00f5es.\u00a0Esse \u00e9 o total estimado pelo governo em economia com pacote de corte de gastos pelos pr\u00f3ximos cinco\u00a0anos, mas \u00e9 ainda uma proje\u00e7\u00e3o.<img decoding=\"async\" src=\"https:\/\/agenciabrasil.ebc.com.br\/ebc.png?id=1621667&amp;o=node\" \/><img decoding=\"async\" src=\"https:\/\/agenciabrasil.ebc.com.br\/ebc.gif?id=1621667&amp;o=node\" \/><\/p>\n<h5>Sal\u00e1rio M\u00ednimo<\/h5>\n<p>Entre as medidas, corre\u00e7\u00e3o do sal\u00e1rio m\u00ednimo. Hoje ele \u00e9 corrigido pelo INPC do ano anterior, que \u00e9 o \u00edndice que mede a infla\u00e7\u00e3o, mais o PIB, que \u00e9 o Produto Interno Bruto, de dois anos antes. Com a mudan\u00e7a, vai ter um teto limitando o crescimento do PIB a 2,5% acima da infla\u00e7\u00e3o, como prev\u00ea o acabou\u00e7o fiscal.<\/p>\n<h5>Pis\/Pasep<\/h5>\n<p>O abono salarial tamb\u00e9m vai mudar. Por enquanto, vai continuar valendo para quem ganha at\u00e9 dois sal\u00e1rios m\u00ednimos. Mas at\u00e9 2035, esse teto vai baixar para um sal\u00e1rio m\u00ednimo e meio. E ele vai ser corrigido pela infla\u00e7\u00e3o e n\u00e3o acima dela.<\/p>\n<h5>Bolsa Fam\u00edlia, BPC, P\u00e9-de-Meia&#8230;<\/h5>\n<p>Pente fino ainda nos benef\u00edcios sociais. Todo mundo vai ter que passar por biometria para saber certinho se quem est\u00e1 recebendo tem mesmo direito de receber. E projetos como o P\u00e9-de-Meia e Vale G\u00e1s ser\u00e3o incorporados ao or\u00e7amento para caber no arcabou\u00e7o fiscal.<\/p>\n<p>Ao detalhar as medidas, o ministro da Fazenda, Fernando Haddad, disse que se elas n\u00e3o forem suficientes, ajustes futuros poder\u00e3o ser feitos.<\/p>\n<blockquote><p>&#8220;Eu acredito que o nosso trabalho n\u00e3o se encerra. N\u00e3o acredito em bala de prata. N\u00f3s n\u00e3o vamos resolver o problema herdado de 10 anos de d\u00e9ficit prim\u00e1rio de um ano. O presidente nunca vacilou em nos atender e tem dito: &#8216;eu n\u00e3o vou desproteger quem precisa do Estado, mas eu posso cumprir o compromisso fiscal que eu fiz sem prejudicar quem est\u00e1 precisando&#8217;.<\/p><\/blockquote>\n<h5>Militares<\/h5>\n<p>Foram detalhadas ainda as mudan\u00e7as para os militares. A transfer\u00eancia de pens\u00e3o vai acabar e ser\u00e1 estabelecida a uma idade m\u00ednima para que ele possa ir para a reserva. Al\u00e9m disso, a remunera\u00e7\u00e3o da contribui\u00e7\u00e3o para o Fundo de Sa\u00fade at\u00e9 janeiro de 2026 fica em 3,5%.<\/p>\n<h5>Emendas parlamentares<\/h5>\n<p>Houve mudan\u00e7as tamb\u00e9m nas emendas, montante crescendo abaixo do limite das regras e metade das emendas de comiss\u00e3o obrigatoriamente dever\u00e3o ir para a sa\u00fade p\u00fablica.<\/p>\n<p>By: miradouronoticias.com.br\/ ag\u00eancia Brasil<\/p>\n","protected":false},"excerpt":{"rendered":"<p>R$ 327 bilh\u00f5es.\u00a0Esse \u00e9 o total estimado pelo governo em economia com pacote de corte de gastos pelos pr\u00f3ximos cinco\u00a0anos, mas \u00e9 ainda uma proje\u00e7\u00e3o. Sal\u00e1rio M\u00ednimo Entre as medidas, corre\u00e7\u00e3o do sal\u00e1rio m\u00ednimo. Hoje ele \u00e9 corrigido pelo INPC do ano anterior, que \u00e9 o \u00edndice que mede a infla\u00e7\u00e3o, mais o PIB, que [&hellip;]<\/p>\n","protected":false},"author":4,"featured_media":26634,"comment_status":"open","ping_status":"open","sticky":false,"template":"","format":"standard","meta":{"footnotes":""},"categories":[1,29],"tags":[],"class_list":["post-26633","post","type-post","status-publish","format-standard","has-post-thumbnail","hentry","category-destaque-principal","category-economia"],"yoast_head":"<!-- This site is optimized with the Yoast SEO plugin v27.2 - https:\/\/yoast.com\/product\/yoast-seo-wordpress\/ -->\n<title>Corte de gastos muda regra do m\u00ednimo, BPC e pens\u00f5es de militares - Miradouro Not\u00edcias<\/title>\n<meta name=\"robots\" content=\"index, follow, max-snippet:-1, max-image-preview:large, max-video-preview:-1\" \/>\n<link rel=\"canonical\" href=\"https:\/\/miradouronoticias.com\/site\/2024\/11\/29\/corte-de-gastos-muda-regra-do-minimo-bpc-e-pensoes-de-militares\/\" \/>\n<meta property=\"og:locale\" content=\"pt_BR\" \/>\n<meta property=\"og:type\" content=\"article\" \/>\n<meta property=\"og:title\" content=\"Corte de gastos muda regra do m\u00ednimo, BPC e pens\u00f5es de militares - Miradouro Not\u00edcias\" \/>\n<meta property=\"og:description\" content=\"R$ 327 bilh\u00f5es.\u00a0Esse \u00e9 o total estimado pelo governo em economia com pacote de corte de gastos pelos pr\u00f3ximos cinco\u00a0anos, mas \u00e9 ainda uma proje\u00e7\u00e3o. Sal\u00e1rio M\u00ednimo Entre as medidas, corre\u00e7\u00e3o do sal\u00e1rio m\u00ednimo. Hoje ele \u00e9 corrigido pelo INPC do ano anterior, que \u00e9 o \u00edndice que mede a infla\u00e7\u00e3o, mais o PIB, que [&hellip;]\" \/>\n<meta property=\"og:url\" content=\"https:\/\/miradouronoticias.com\/site\/2024\/11\/29\/corte-de-gastos-muda-regra-do-minimo-bpc-e-pensoes-de-militares\/\" \/>\n<meta property=\"og:site_name\" content=\"Miradouro Not\u00edcias\" \/>\n<meta property=\"article:published_time\" content=\"2024-11-29T09:48:55+00:00\" \/>\n<meta property=\"og:image\" content=\"https:\/\/miradouronoticias.com\/site\/wp-content\/uploads\/2024\/11\/pzzb3696_0.webp\" \/>\n\t<meta property=\"og:image:width\" content=\"1170\" \/>\n\t<meta property=\"og:image:height\" content=\"700\" \/>\n\t<meta property=\"og:image:type\" content=\"image\/webp\" \/>\n<meta name=\"author\" content=\"Cl\u00e1udia Olyver\" \/>\n<meta name=\"twitter:card\" content=\"summary_large_image\" \/>\n<meta name=\"twitter:label1\" content=\"Escrito por\" \/>\n\t<meta name=\"twitter:data1\" content=\"Cl\u00e1udia Olyver\" \/>\n\t<meta name=\"twitter:label2\" content=\"Est. tempo de leitura\" \/>\n\t<meta name=\"twitter:data2\" content=\"2 minutos\" \/>\n<script type=\"application\/ld+json\" class=\"yoast-schema-graph\">{\"@context\":\"https:\/\/schema.org\",\"@graph\":[{\"@type\":\"Article\",\"@id\":\"https:\/\/miradouronoticias.com\/site\/2024\/11\/29\/corte-de-gastos-muda-regra-do-minimo-bpc-e-pensoes-de-militares\/#article\",\"isPartOf\":{\"@id\":\"https:\/\/miradouronoticias.com\/site\/2024\/11\/29\/corte-de-gastos-muda-regra-do-minimo-bpc-e-pensoes-de-militares\/\"},\"author\":{\"name\":\"Cl\u00e1udia Olyver\",\"@id\":\"https:\/\/miradouronoticias.com\/site\/#\/schema\/person\/73440d8c82222950df86f3e1a16aad3b\"},\"headline\":\"Corte de gastos muda regra do m\u00ednimo, BPC e pens\u00f5es de militares\",\"datePublished\":\"2024-11-29T09:48:55+00:00\",\"mainEntityOfPage\":{\"@id\":\"https:\/\/miradouronoticias.com\/site\/2024\/11\/29\/corte-de-gastos-muda-regra-do-minimo-bpc-e-pensoes-de-militares\/\"},\"wordCount\":400,\"commentCount\":0,\"publisher\":{\"@id\":\"https:\/\/miradouronoticias.com\/site\/#organization\"},\"image\":{\"@id\":\"https:\/\/miradouronoticias.com\/site\/2024\/11\/29\/corte-de-gastos-muda-regra-do-minimo-bpc-e-pensoes-de-militares\/#primaryimage\"},\"thumbnailUrl\":\"https:\/\/miradouronoticias.com\/site\/wp-content\/uploads\/2024\/11\/pzzb3696_0.webp\",\"articleSection\":[\"Destaque Principal\",\"Economia\"],\"inLanguage\":\"pt-BR\",\"potentialAction\":[{\"@type\":\"CommentAction\",\"name\":\"Comment\",\"target\":[\"https:\/\/miradouronoticias.com\/site\/2024\/11\/29\/corte-de-gastos-muda-regra-do-minimo-bpc-e-pensoes-de-militares\/#respond\"]}]},{\"@type\":\"WebPage\",\"@id\":\"https:\/\/miradouronoticias.com\/site\/2024\/11\/29\/corte-de-gastos-muda-regra-do-minimo-bpc-e-pensoes-de-militares\/\",\"url\":\"https:\/\/miradouronoticias.com\/site\/2024\/11\/29\/corte-de-gastos-muda-regra-do-minimo-bpc-e-pensoes-de-militares\/\",\"name\":\"Corte de gastos muda regra do m\u00ednimo, BPC e pens\u00f5es de militares - Miradouro Not\u00edcias\",\"isPartOf\":{\"@id\":\"https:\/\/miradouronoticias.com\/site\/#website\"},\"primaryImageOfPage\":{\"@id\":\"https:\/\/miradouronoticias.com\/site\/2024\/11\/29\/corte-de-gastos-muda-regra-do-minimo-bpc-e-pensoes-de-militares\/#primaryimage\"},\"image\":{\"@id\":\"https:\/\/miradouronoticias.com\/site\/2024\/11\/29\/corte-de-gastos-muda-regra-do-minimo-bpc-e-pensoes-de-militares\/#primaryimage\"},\"thumbnailUrl\":\"https:\/\/miradouronoticias.com\/site\/wp-content\/uploads\/2024\/11\/pzzb3696_0.webp\",\"datePublished\":\"2024-11-29T09:48:55+00:00\",\"breadcrumb\":{\"@id\":\"https:\/\/miradouronoticias.com\/site\/2024\/11\/29\/corte-de-gastos-muda-regra-do-minimo-bpc-e-pensoes-de-militares\/#breadcrumb\"},\"inLanguage\":\"pt-BR\",\"potentialAction\":[{\"@type\":\"ReadAction\",\"target\":[\"https:\/\/miradouronoticias.com\/site\/2024\/11\/29\/corte-de-gastos-muda-regra-do-minimo-bpc-e-pensoes-de-militares\/\"]}]},{\"@type\":\"ImageObject\",\"inLanguage\":\"pt-BR\",\"@id\":\"https:\/\/miradouronoticias.com\/site\/2024\/11\/29\/corte-de-gastos-muda-regra-do-minimo-bpc-e-pensoes-de-militares\/#primaryimage\",\"url\":\"https:\/\/miradouronoticias.com\/site\/wp-content\/uploads\/2024\/11\/pzzb3696_0.webp\",\"contentUrl\":\"https:\/\/miradouronoticias.com\/site\/wp-content\/uploads\/2024\/11\/pzzb3696_0.webp\",\"width\":1170,\"height\":700},{\"@type\":\"BreadcrumbList\",\"@id\":\"https:\/\/miradouronoticias.com\/site\/2024\/11\/29\/corte-de-gastos-muda-regra-do-minimo-bpc-e-pensoes-de-militares\/#breadcrumb\",\"itemListElement\":[{\"@type\":\"ListItem\",\"position\":1,\"name\":\"In\u00edcio\",\"item\":\"https:\/\/miradouronoticias.com\/site\/\"},{\"@type\":\"ListItem\",\"position\":2,\"name\":\"Corte de gastos muda regra do m\u00ednimo, BPC e pens\u00f5es de militares\"}]},{\"@type\":\"WebSite\",\"@id\":\"https:\/\/miradouronoticias.com\/site\/#website\",\"url\":\"https:\/\/miradouronoticias.com\/site\/\",\"name\":\"Miradouro Not\u00edcias\",\"description\":\"Informa\u00e7\u00f5es da cidade e regi\u00e3o\",\"publisher\":{\"@id\":\"https:\/\/miradouronoticias.com\/site\/#organization\"},\"potentialAction\":[{\"@type\":\"SearchAction\",\"target\":{\"@type\":\"EntryPoint\",\"urlTemplate\":\"https:\/\/miradouronoticias.com\/site\/?s={search_term_string}\"},\"query-input\":{\"@type\":\"PropertyValueSpecification\",\"valueRequired\":true,\"valueName\":\"search_term_string\"}}],\"inLanguage\":\"pt-BR\"},{\"@type\":\"Organization\",\"@id\":\"https:\/\/miradouronoticias.com\/site\/#organization\",\"name\":\"Miradouro Not\u00edcias\",\"url\":\"https:\/\/miradouronoticias.com\/site\/\",\"logo\":{\"@type\":\"ImageObject\",\"inLanguage\":\"pt-BR\",\"@id\":\"https:\/\/miradouronoticias.com\/site\/#\/schema\/logo\/image\/\",\"url\":\"https:\/\/miradouronoticias.com\/site\/wp-content\/uploads\/2022\/01\/logomarcamiradouronoticias.png\",\"contentUrl\":\"https:\/\/miradouronoticias.com\/site\/wp-content\/uploads\/2022\/01\/logomarcamiradouronoticias.png\",\"width\":747,\"height\":263,\"caption\":\"Miradouro Not\u00edcias\"},\"image\":{\"@id\":\"https:\/\/miradouronoticias.com\/site\/#\/schema\/logo\/image\/\"}},{\"@type\":\"Person\",\"@id\":\"https:\/\/miradouronoticias.com\/site\/#\/schema\/person\/73440d8c82222950df86f3e1a16aad3b\",\"name\":\"Cl\u00e1udia Olyver\",\"sameAs\":[\"http:\/\/www.miradouronoticias.com\"],\"url\":\"https:\/\/miradouronoticias.com\/site\/author\/claudia\/\"}]}<\/script>\n<!-- \/ Yoast SEO plugin. -->","yoast_head_json":{"title":"Corte de gastos muda regra do m\u00ednimo, BPC e pens\u00f5es de militares - Miradouro Not\u00edcias","robots":{"index":"index","follow":"follow","max-snippet":"max-snippet:-1","max-image-preview":"max-image-preview:large","max-video-preview":"max-video-preview:-1"},"canonical":"https:\/\/miradouronoticias.com\/site\/2024\/11\/29\/corte-de-gastos-muda-regra-do-minimo-bpc-e-pensoes-de-militares\/","og_locale":"pt_BR","og_type":"article","og_title":"Corte de gastos muda regra do m\u00ednimo, BPC e pens\u00f5es de militares - Miradouro Not\u00edcias","og_description":"R$ 327 bilh\u00f5es.\u00a0Esse \u00e9 o total estimado pelo governo em economia com pacote de corte de gastos pelos pr\u00f3ximos cinco\u00a0anos, mas \u00e9 ainda uma proje\u00e7\u00e3o. Sal\u00e1rio M\u00ednimo Entre as medidas, corre\u00e7\u00e3o do sal\u00e1rio m\u00ednimo. Hoje ele \u00e9 corrigido pelo INPC do ano anterior, que \u00e9 o \u00edndice que mede a infla\u00e7\u00e3o, mais o PIB, que [&hellip;]","og_url":"https:\/\/miradouronoticias.com\/site\/2024\/11\/29\/corte-de-gastos-muda-regra-do-minimo-bpc-e-pensoes-de-militares\/","og_site_name":"Miradouro Not\u00edcias","article_published_time":"2024-11-29T09:48:55+00:00","og_image":[{"width":1170,"height":700,"url":"https:\/\/miradouronoticias.com\/site\/wp-content\/uploads\/2024\/11\/pzzb3696_0.webp","type":"image\/webp"}],"author":"Cl\u00e1udia Olyver","twitter_card":"summary_large_image","twitter_misc":{"Escrito por":"Cl\u00e1udia Olyver","Est. tempo de leitura":"2 minutos"},"schema":{"@context":"https:\/\/schema.org","@graph":[{"@type":"Article","@id":"https:\/\/miradouronoticias.com\/site\/2024\/11\/29\/corte-de-gastos-muda-regra-do-minimo-bpc-e-pensoes-de-militares\/#article","isPartOf":{"@id":"https:\/\/miradouronoticias.com\/site\/2024\/11\/29\/corte-de-gastos-muda-regra-do-minimo-bpc-e-pensoes-de-militares\/"},"author":{"name":"Cl\u00e1udia Olyver","@id":"https:\/\/miradouronoticias.com\/site\/#\/schema\/person\/73440d8c82222950df86f3e1a16aad3b"},"headline":"Corte de gastos muda regra do m\u00ednimo, BPC e pens\u00f5es de militares","datePublished":"2024-11-29T09:48:55+00:00","mainEntityOfPage":{"@id":"https:\/\/miradouronoticias.com\/site\/2024\/11\/29\/corte-de-gastos-muda-regra-do-minimo-bpc-e-pensoes-de-militares\/"},"wordCount":400,"commentCount":0,"publisher":{"@id":"https:\/\/miradouronoticias.com\/site\/#organization"},"image":{"@id":"https:\/\/miradouronoticias.com\/site\/2024\/11\/29\/corte-de-gastos-muda-regra-do-minimo-bpc-e-pensoes-de-militares\/#primaryimage"},"thumbnailUrl":"https:\/\/miradouronoticias.com\/site\/wp-content\/uploads\/2024\/11\/pzzb3696_0.webp","articleSection":["Destaque Principal","Economia"],"inLanguage":"pt-BR","potentialAction":[{"@type":"CommentAction","name":"Comment","target":["https:\/\/miradouronoticias.com\/site\/2024\/11\/29\/corte-de-gastos-muda-regra-do-minimo-bpc-e-pensoes-de-militares\/#respond"]}]},{"@type":"WebPage","@id":"https:\/\/miradouronoticias.com\/site\/2024\/11\/29\/corte-de-gastos-muda-regra-do-minimo-bpc-e-pensoes-de-militares\/","url":"https:\/\/miradouronoticias.com\/site\/2024\/11\/29\/corte-de-gastos-muda-regra-do-minimo-bpc-e-pensoes-de-militares\/","name":"Corte de gastos muda regra do m\u00ednimo, BPC e pens\u00f5es de militares - Miradouro Not\u00edcias","isPartOf":{"@id":"https:\/\/miradouronoticias.com\/site\/#website"},"primaryImageOfPage":{"@id":"https:\/\/miradouronoticias.com\/site\/2024\/11\/29\/corte-de-gastos-muda-regra-do-minimo-bpc-e-pensoes-de-militares\/#primaryimage"},"image":{"@id":"https:\/\/miradouronoticias.com\/site\/2024\/11\/29\/corte-de-gastos-muda-regra-do-minimo-bpc-e-pensoes-de-militares\/#primaryimage"},"thumbnailUrl":"https:\/\/miradouronoticias.com\/site\/wp-content\/uploads\/2024\/11\/pzzb3696_0.webp","datePublished":"2024-11-29T09:48:55+00:00","breadcrumb":{"@id":"https:\/\/miradouronoticias.com\/site\/2024\/11\/29\/corte-de-gastos-muda-regra-do-minimo-bpc-e-pensoes-de-militares\/#breadcrumb"},"inLanguage":"pt-BR","potentialAction":[{"@type":"ReadAction","target":["https:\/\/miradouronoticias.com\/site\/2024\/11\/29\/corte-de-gastos-muda-regra-do-minimo-bpc-e-pensoes-de-militares\/"]}]},{"@type":"ImageObject","inLanguage":"pt-BR","@id":"https:\/\/miradouronoticias.com\/site\/2024\/11\/29\/corte-de-gastos-muda-regra-do-minimo-bpc-e-pensoes-de-militares\/#primaryimage","url":"https:\/\/miradouronoticias.com\/site\/wp-content\/uploads\/2024\/11\/pzzb3696_0.webp","contentUrl":"https:\/\/miradouronoticias.com\/site\/wp-content\/uploads\/2024\/11\/pzzb3696_0.webp","width":1170,"height":700},{"@type":"BreadcrumbList","@id":"https:\/\/miradouronoticias.com\/site\/2024\/11\/29\/corte-de-gastos-muda-regra-do-minimo-bpc-e-pensoes-de-militares\/#breadcrumb","itemListElement":[{"@type":"ListItem","position":1,"name":"In\u00edcio","item":"https:\/\/miradouronoticias.com\/site\/"},{"@type":"ListItem","position":2,"name":"Corte de gastos muda regra do m\u00ednimo, BPC e pens\u00f5es de militares"}]},{"@type":"WebSite","@id":"https:\/\/miradouronoticias.com\/site\/#website","url":"https:\/\/miradouronoticias.com\/site\/","name":"Miradouro Not\u00edcias","description":"Informa\u00e7\u00f5es da cidade e regi\u00e3o","publisher":{"@id":"https:\/\/miradouronoticias.com\/site\/#organization"},"potentialAction":[{"@type":"SearchAction","target":{"@type":"EntryPoint","urlTemplate":"https:\/\/miradouronoticias.com\/site\/?s={search_term_string}"},"query-input":{"@type":"PropertyValueSpecification","valueRequired":true,"valueName":"search_term_string"}}],"inLanguage":"pt-BR"},{"@type":"Organization","@id":"https:\/\/miradouronoticias.com\/site\/#organization","name":"Miradouro Not\u00edcias","url":"https:\/\/miradouronoticias.com\/site\/","logo":{"@type":"ImageObject","inLanguage":"pt-BR","@id":"https:\/\/miradouronoticias.com\/site\/#\/schema\/logo\/image\/","url":"https:\/\/miradouronoticias.com\/site\/wp-content\/uploads\/2022\/01\/logomarcamiradouronoticias.png","contentUrl":"https:\/\/miradouronoticias.com\/site\/wp-content\/uploads\/2022\/01\/logomarcamiradouronoticias.png","width":747,"height":263,"caption":"Miradouro Not\u00edcias"},"image":{"@id":"https:\/\/miradouronoticias.com\/site\/#\/schema\/logo\/image\/"}},{"@type":"Person","@id":"https:\/\/miradouronoticias.com\/site\/#\/schema\/person\/73440d8c82222950df86f3e1a16aad3b","name":"Cl\u00e1udia Olyver","sameAs":["http:\/\/www.miradouronoticias.com"],"url":"https:\/\/miradouronoticias.com\/site\/author\/claudia\/"}]}},"_links":{"self":[{"href":"https:\/\/miradouronoticias.com\/site\/wp-json\/wp\/v2\/posts\/26633","targetHints":{"allow":["GET"]}}],"collection":[{"href":"https:\/\/miradouronoticias.com\/site\/wp-json\/wp\/v2\/posts"}],"about":[{"href":"https:\/\/miradouronoticias.com\/site\/wp-json\/wp\/v2\/types\/post"}],"author":[{"embeddable":true,"href":"https:\/\/miradouronoticias.com\/site\/wp-json\/wp\/v2\/users\/4"}],"replies":[{"embeddable":true,"href":"https:\/\/miradouronoticias.com\/site\/wp-json\/wp\/v2\/comments?post=26633"}],"version-history":[{"count":1,"href":"https:\/\/miradouronoticias.com\/site\/wp-json\/wp\/v2\/posts\/26633\/revisions"}],"predecessor-version":[{"id":26635,"href":"https:\/\/miradouronoticias.com\/site\/wp-json\/wp\/v2\/posts\/26633\/revisions\/26635"}],"wp:featuredmedia":[{"embeddable":true,"href":"https:\/\/miradouronoticias.com\/site\/wp-json\/wp\/v2\/media\/26634"}],"wp:attachment":[{"href":"https:\/\/miradouronoticias.com\/site\/wp-json\/wp\/v2\/media?parent=26633"}],"wp:term":[{"taxonomy":"category","embeddable":true,"href":"https:\/\/miradouronoticias.com\/site\/wp-json\/wp\/v2\/categories?post=26633"},{"taxonomy":"post_tag","embeddable":true,"href":"https:\/\/miradouronoticias.com\/site\/wp-json\/wp\/v2\/tags?post=26633"}],"curies":[{"name":"wp","href":"https:\/\/api.w.org\/{rel}","templated":true}]}}