{"id":26615,"date":"2024-11-27T06:03:00","date_gmt":"2024-11-27T09:03:00","guid":{"rendered":"https:\/\/miradouronoticias.com\/site\/?p=26615"},"modified":"2024-11-27T06:03:00","modified_gmt":"2024-11-27T09:03:00","slug":"com-apoio-do-governo-de-minas-lider-mundial-no-mercado-de-laticinios-confirma-investimento-de-r-250-milhoes-no-estado","status":"publish","type":"post","link":"https:\/\/miradouronoticias.com\/site\/2024\/11\/27\/com-apoio-do-governo-de-minas-lider-mundial-no-mercado-de-laticinios-confirma-investimento-de-r-250-milhoes-no-estado\/","title":{"rendered":"Com apoio do Governo de Minas, l\u00edder mundial no mercado de latic\u00ednios confirma investimento de R$ 250 milh\u00f5es no estado"},"content":{"rendered":"<p><img loading=\"lazy\" decoding=\"async\" class=\"alignnone size-medium wp-image-26616\" src=\"https:\/\/miradouronoticias.com\/site\/wp-content\/uploads\/2024\/11\/MG_4182-300x112.jpg\" alt=\"\" width=\"300\" height=\"112\" srcset=\"https:\/\/miradouronoticias.com\/site\/wp-content\/uploads\/2024\/11\/MG_4182-300x112.jpg 300w, https:\/\/miradouronoticias.com\/site\/wp-content\/uploads\/2024\/11\/MG_4182-768x286.jpg 768w, https:\/\/miradouronoticias.com\/site\/wp-content\/uploads\/2024\/11\/MG_4182.jpg 940w\" sizes=\"auto, (max-width: 300px) 100vw, 300px\" \/><\/p>\n<p>O trabalho do\u00a0<a href=\"https:\/\/www.mg.gov.br\/\" target=\"_blank\" rel=\"noopener\">Governo de Minas<\/a>, por meio da\u00a0<a href=\"https:\/\/desenvolvimento.mg.gov.br\/\" target=\"_blank\" rel=\"noopener\">Secretaria de Estado de Desenvolvimento Econ\u00f4mico (Sede-MG)<\/a>\u00a0e da sua vinculada\u00a0<a href=\"https:\/\/investminas.mg.gov.br\/\" target=\"_blank\" rel=\"noopener\">Invest Minas<\/a>, tem facilitado a realiza\u00e7\u00e3o de projetos de investimento. Nesta ter\u00e7a-feira (26\/11), foi a vez do Grupo Lactalis confirmar um novo aporte privado de R$ 250 milh\u00f5es para modernizar, ampliar e otimizar o trabalho desenvolvido por suas sete unidades industriais em Minas Gerais.<\/p>\n<p>Estes recursos ser\u00e3o aplicados at\u00e9 2026. Os aportes realizados pelo Grupo Lactalis em Minas Gerais j\u00e1 somam R$ 736 milh\u00f5es desde 2020, sempre com o suporte da Sede-MG e da Invest Minas para a atra\u00e7\u00e3o e concretiza\u00e7\u00e3o de investimentos.<\/p>\n<p>\u201cCom a amplia\u00e7\u00e3o em nosso estado desta empresa, l\u00edder no mercado de latic\u00ednios do mundo, teremos mais empregos e o desenvolvimento de toda a cadeia produtiva, uma vez que eles s\u00e3o respons\u00e1veis por uma s\u00e9rie de produtos derivados do leite\u201d, destacou o governador de Minas, que explicou a oportunidade que Minas representa para o setor.<\/p>\n<p>&nbsp;<\/p>\n<table border=\"0\" cellspacing=\"1\" cellpadding=\"1\" align=\"center\">\n<tbody>\n<tr>\n<td colspan=\"5\"><img decoding=\"async\" src=\"https:\/\/www.agenciaminas.mg.gov.br\/ckeditor_assets\/pictures\/20949\/content_2_olho_topo.jpg\" alt=\"\" \/><\/td>\n<\/tr>\n<tr>\n<td><\/td>\n<td colspan=\"3\" rowspan=\"3\">\n<h1><strong>&#8220;Isso vai contribuir para o desenvolvimento da nossa produ\u00e7\u00e3o leiteira, que hoje j\u00e1 \u00e9 a maior do pa\u00eds&#8221;, enalteceu Romeu Zema.<\/strong><\/h1>\n<\/td>\n<td><\/td>\n<\/tr>\n<tr>\n<td><\/td>\n<td><\/td>\n<\/tr>\n<tr>\n<td><\/td>\n<td><\/td>\n<\/tr>\n<tr>\n<td colspan=\"5\"><img decoding=\"async\" src=\"https:\/\/www.agenciaminas.mg.gov.br\/ckeditor_assets\/pictures\/20950\/content_2_olho_inferior.jpg\" alt=\"\" \/><\/td>\n<\/tr>\n<\/tbody>\n<\/table>\n<p>O secret\u00e1rio de Estado de Desenvolvimento Econ\u00f4mico, Fernando Passalio, entende que o acompanhamento personalizado do Governo de Minas \u00e0s empresas vem propiciando mais oportunidades. \u201cEstamos cada vez mais perto da marca de meio R$ 1 trilh\u00e3o em investimentos privados atra\u00eddos desde 2019, e parceiros como a Lactalis s\u00e3o fundamentais no sucesso da nossa economia\u201d, ressaltou.<\/p>\n<p><strong>Grupo Lactalis<\/strong><\/p>\n<p>Em Minas, a empresa possui f\u00e1bricas nos munic\u00edpios de Ant\u00f4nio Carlos, Pouso Alto, Sabar\u00e1, Guanh\u00e3es, Par\u00e1 de Minas, Sete Lagoas e Uberl\u00e2ndia, al\u00e9m das unidades de log\u00edstica de Contagem e do setor administrativo de Belo Horizonte. Ao todo, o grupo mant\u00e9m 3.654 empregos diretos no estado, n\u00famero que deve ser ampliado a partir de 2025.<\/p>\n<p>Especializada em g\u00eaneros l\u00e1cteos, quase a totalidade do leite utilizado no estado \u00e9 adquirido junto \u00e0 Cooperativa Central dos Produtores Rurais (CCPR), por meio de contrato de longa dura\u00e7\u00e3o. Essa parceria estimula a produ\u00e7\u00e3o de leite em Minas, fortalecendo os produtores locais para que haja constante crescimento em produtividade e qualidade, impulsionando a moderniza\u00e7\u00e3o das unidades, enquanto consolida o estado como polo na produ\u00e7\u00e3o de latic\u00ednios.<\/p>\n<p>O CEO da Lactalis no Brasil, Roosevelt Junior, reconheceu a import\u00e2ncia estrat\u00e9gica de Minas na produ\u00e7\u00e3o. O estado sedia sete das 23 plantas do grupo no pa\u00eds e \u00e9 respons\u00e1vel por 30% dos funcion\u00e1rios da empresa no Brasil.<\/p>\n<p>\u201cMinas \u00e9 um estado de suma import\u00e2ncia para o nosso presente, mas tamb\u00e9m para o nosso futuro onde, caminhando junto com o governo, com os produtores, com toda a cadeia de produ\u00e7\u00e3o, vamos continuar crescendo e investindo para\u00a0gerar cada vez mais neg\u00f3cios para a empresa, mas cada vez mais valor para toda a nossa cadeia leiteira\u201d, disse.<\/p>\n<p>Al\u00e9m do investimento para a amplia\u00e7\u00e3o das unidades da empresa, a Lactalis tamb\u00e9m negocia um novo Protocolo de Inten\u00e7\u00f5es, que contempla a adequa\u00e7\u00e3o do tratamento tribut\u00e1rio e formaliza\u00e7\u00e3o dos investimentos no estado.<\/p>\n<p>By: miradouronoticias.com.br\/ ag\u00eancia minas<\/p>\n","protected":false},"excerpt":{"rendered":"<p>O trabalho do\u00a0Governo de Minas, por meio da\u00a0Secretaria de Estado de Desenvolvimento Econ\u00f4mico (Sede-MG)\u00a0e da sua vinculada\u00a0Invest Minas, tem facilitado a realiza\u00e7\u00e3o de projetos de investimento. Nesta ter\u00e7a-feira (26\/11), foi a vez do Grupo Lactalis confirmar um novo aporte privado de R$ 250 milh\u00f5es para modernizar, ampliar e otimizar o trabalho desenvolvido por suas sete [&hellip;]<\/p>\n","protected":false},"author":4,"featured_media":26616,"comment_status":"open","ping_status":"open","sticky":false,"template":"","format":"standard","meta":{"footnotes":""},"categories":[21],"tags":[],"class_list":["post-26615","post","type-post","status-publish","format-standard","has-post-thumbnail","hentry","category-minas-gerais"],"yoast_head":"<!-- This site is optimized with the Yoast SEO plugin v27.2 - https:\/\/yoast.com\/product\/yoast-seo-wordpress\/ -->\n<title>Com apoio do Governo de Minas, l\u00edder mundial no mercado de latic\u00ednios confirma investimento de R$ 250 milh\u00f5es no estado - Miradouro Not\u00edcias<\/title>\n<meta name=\"robots\" content=\"index, follow, max-snippet:-1, max-image-preview:large, max-video-preview:-1\" \/>\n<link rel=\"canonical\" href=\"https:\/\/miradouronoticias.com\/site\/2024\/11\/27\/com-apoio-do-governo-de-minas-lider-mundial-no-mercado-de-laticinios-confirma-investimento-de-r-250-milhoes-no-estado\/\" \/>\n<meta property=\"og:locale\" content=\"pt_BR\" \/>\n<meta property=\"og:type\" content=\"article\" \/>\n<meta property=\"og:title\" content=\"Com apoio do Governo de Minas, l\u00edder mundial no mercado de latic\u00ednios confirma investimento de R$ 250 milh\u00f5es no estado - Miradouro Not\u00edcias\" \/>\n<meta property=\"og:description\" content=\"O trabalho do\u00a0Governo de Minas, por meio da\u00a0Secretaria de Estado de Desenvolvimento Econ\u00f4mico (Sede-MG)\u00a0e da sua vinculada\u00a0Invest Minas, tem facilitado a realiza\u00e7\u00e3o de projetos de investimento. Nesta ter\u00e7a-feira (26\/11), foi a vez do Grupo Lactalis confirmar um novo aporte privado de R$ 250 milh\u00f5es para modernizar, ampliar e otimizar o trabalho desenvolvido por suas sete [&hellip;]\" \/>\n<meta property=\"og:url\" content=\"https:\/\/miradouronoticias.com\/site\/2024\/11\/27\/com-apoio-do-governo-de-minas-lider-mundial-no-mercado-de-laticinios-confirma-investimento-de-r-250-milhoes-no-estado\/\" \/>\n<meta property=\"og:site_name\" content=\"Miradouro Not\u00edcias\" \/>\n<meta property=\"article:published_time\" content=\"2024-11-27T09:03:00+00:00\" \/>\n<meta property=\"og:image\" content=\"https:\/\/miradouronoticias.com\/site\/wp-content\/uploads\/2024\/11\/MG_4182.jpg\" \/>\n\t<meta property=\"og:image:width\" content=\"940\" \/>\n\t<meta property=\"og:image:height\" content=\"350\" \/>\n\t<meta property=\"og:image:type\" content=\"image\/jpeg\" \/>\n<meta name=\"author\" content=\"Cl\u00e1udia Olyver\" \/>\n<meta name=\"twitter:card\" content=\"summary_large_image\" \/>\n<meta name=\"twitter:label1\" content=\"Escrito por\" \/>\n\t<meta name=\"twitter:data1\" content=\"Cl\u00e1udia Olyver\" \/>\n\t<meta name=\"twitter:label2\" content=\"Est. tempo de leitura\" \/>\n\t<meta name=\"twitter:data2\" content=\"3 minutos\" \/>\n<script type=\"application\/ld+json\" class=\"yoast-schema-graph\">{\"@context\":\"https:\/\/schema.org\",\"@graph\":[{\"@type\":\"Article\",\"@id\":\"https:\/\/miradouronoticias.com\/site\/2024\/11\/27\/com-apoio-do-governo-de-minas-lider-mundial-no-mercado-de-laticinios-confirma-investimento-de-r-250-milhoes-no-estado\/#article\",\"isPartOf\":{\"@id\":\"https:\/\/miradouronoticias.com\/site\/2024\/11\/27\/com-apoio-do-governo-de-minas-lider-mundial-no-mercado-de-laticinios-confirma-investimento-de-r-250-milhoes-no-estado\/\"},\"author\":{\"name\":\"Cl\u00e1udia Olyver\",\"@id\":\"https:\/\/miradouronoticias.com\/site\/#\/schema\/person\/73440d8c82222950df86f3e1a16aad3b\"},\"headline\":\"Com apoio do Governo de Minas, l\u00edder mundial no mercado de latic\u00ednios confirma investimento de R$ 250 milh\u00f5es no estado\",\"datePublished\":\"2024-11-27T09:03:00+00:00\",\"mainEntityOfPage\":{\"@id\":\"https:\/\/miradouronoticias.com\/site\/2024\/11\/27\/com-apoio-do-governo-de-minas-lider-mundial-no-mercado-de-laticinios-confirma-investimento-de-r-250-milhoes-no-estado\/\"},\"wordCount\":553,\"commentCount\":0,\"publisher\":{\"@id\":\"https:\/\/miradouronoticias.com\/site\/#organization\"},\"image\":{\"@id\":\"https:\/\/miradouronoticias.com\/site\/2024\/11\/27\/com-apoio-do-governo-de-minas-lider-mundial-no-mercado-de-laticinios-confirma-investimento-de-r-250-milhoes-no-estado\/#primaryimage\"},\"thumbnailUrl\":\"https:\/\/miradouronoticias.com\/site\/wp-content\/uploads\/2024\/11\/MG_4182.jpg\",\"articleSection\":[\"Minas Gerais\"],\"inLanguage\":\"pt-BR\",\"potentialAction\":[{\"@type\":\"CommentAction\",\"name\":\"Comment\",\"target\":[\"https:\/\/miradouronoticias.com\/site\/2024\/11\/27\/com-apoio-do-governo-de-minas-lider-mundial-no-mercado-de-laticinios-confirma-investimento-de-r-250-milhoes-no-estado\/#respond\"]}]},{\"@type\":\"WebPage\",\"@id\":\"https:\/\/miradouronoticias.com\/site\/2024\/11\/27\/com-apoio-do-governo-de-minas-lider-mundial-no-mercado-de-laticinios-confirma-investimento-de-r-250-milhoes-no-estado\/\",\"url\":\"https:\/\/miradouronoticias.com\/site\/2024\/11\/27\/com-apoio-do-governo-de-minas-lider-mundial-no-mercado-de-laticinios-confirma-investimento-de-r-250-milhoes-no-estado\/\",\"name\":\"Com apoio do Governo de Minas, l\u00edder mundial no mercado de latic\u00ednios confirma investimento de R$ 250 milh\u00f5es no estado - Miradouro Not\u00edcias\",\"isPartOf\":{\"@id\":\"https:\/\/miradouronoticias.com\/site\/#website\"},\"primaryImageOfPage\":{\"@id\":\"https:\/\/miradouronoticias.com\/site\/2024\/11\/27\/com-apoio-do-governo-de-minas-lider-mundial-no-mercado-de-laticinios-confirma-investimento-de-r-250-milhoes-no-estado\/#primaryimage\"},\"image\":{\"@id\":\"https:\/\/miradouronoticias.com\/site\/2024\/11\/27\/com-apoio-do-governo-de-minas-lider-mundial-no-mercado-de-laticinios-confirma-investimento-de-r-250-milhoes-no-estado\/#primaryimage\"},\"thumbnailUrl\":\"https:\/\/miradouronoticias.com\/site\/wp-content\/uploads\/2024\/11\/MG_4182.jpg\",\"datePublished\":\"2024-11-27T09:03:00+00:00\",\"breadcrumb\":{\"@id\":\"https:\/\/miradouronoticias.com\/site\/2024\/11\/27\/com-apoio-do-governo-de-minas-lider-mundial-no-mercado-de-laticinios-confirma-investimento-de-r-250-milhoes-no-estado\/#breadcrumb\"},\"inLanguage\":\"pt-BR\",\"potentialAction\":[{\"@type\":\"ReadAction\",\"target\":[\"https:\/\/miradouronoticias.com\/site\/2024\/11\/27\/com-apoio-do-governo-de-minas-lider-mundial-no-mercado-de-laticinios-confirma-investimento-de-r-250-milhoes-no-estado\/\"]}]},{\"@type\":\"ImageObject\",\"inLanguage\":\"pt-BR\",\"@id\":\"https:\/\/miradouronoticias.com\/site\/2024\/11\/27\/com-apoio-do-governo-de-minas-lider-mundial-no-mercado-de-laticinios-confirma-investimento-de-r-250-milhoes-no-estado\/#primaryimage\",\"url\":\"https:\/\/miradouronoticias.com\/site\/wp-content\/uploads\/2024\/11\/MG_4182.jpg\",\"contentUrl\":\"https:\/\/miradouronoticias.com\/site\/wp-content\/uploads\/2024\/11\/MG_4182.jpg\",\"width\":940,\"height\":350},{\"@type\":\"BreadcrumbList\",\"@id\":\"https:\/\/miradouronoticias.com\/site\/2024\/11\/27\/com-apoio-do-governo-de-minas-lider-mundial-no-mercado-de-laticinios-confirma-investimento-de-r-250-milhoes-no-estado\/#breadcrumb\",\"itemListElement\":[{\"@type\":\"ListItem\",\"position\":1,\"name\":\"In\u00edcio\",\"item\":\"https:\/\/miradouronoticias.com\/site\/\"},{\"@type\":\"ListItem\",\"position\":2,\"name\":\"Com apoio do Governo de Minas, l\u00edder mundial no mercado de latic\u00ednios confirma investimento de R$ 250 milh\u00f5es no estado\"}]},{\"@type\":\"WebSite\",\"@id\":\"https:\/\/miradouronoticias.com\/site\/#website\",\"url\":\"https:\/\/miradouronoticias.com\/site\/\",\"name\":\"Miradouro Not\u00edcias\",\"description\":\"Informa\u00e7\u00f5es da cidade e regi\u00e3o\",\"publisher\":{\"@id\":\"https:\/\/miradouronoticias.com\/site\/#organization\"},\"potentialAction\":[{\"@type\":\"SearchAction\",\"target\":{\"@type\":\"EntryPoint\",\"urlTemplate\":\"https:\/\/miradouronoticias.com\/site\/?s={search_term_string}\"},\"query-input\":{\"@type\":\"PropertyValueSpecification\",\"valueRequired\":true,\"valueName\":\"search_term_string\"}}],\"inLanguage\":\"pt-BR\"},{\"@type\":\"Organization\",\"@id\":\"https:\/\/miradouronoticias.com\/site\/#organization\",\"name\":\"Miradouro Not\u00edcias\",\"url\":\"https:\/\/miradouronoticias.com\/site\/\",\"logo\":{\"@type\":\"ImageObject\",\"inLanguage\":\"pt-BR\",\"@id\":\"https:\/\/miradouronoticias.com\/site\/#\/schema\/logo\/image\/\",\"url\":\"https:\/\/miradouronoticias.com\/site\/wp-content\/uploads\/2022\/01\/logomarcamiradouronoticias.png\",\"contentUrl\":\"https:\/\/miradouronoticias.com\/site\/wp-content\/uploads\/2022\/01\/logomarcamiradouronoticias.png\",\"width\":747,\"height\":263,\"caption\":\"Miradouro Not\u00edcias\"},\"image\":{\"@id\":\"https:\/\/miradouronoticias.com\/site\/#\/schema\/logo\/image\/\"}},{\"@type\":\"Person\",\"@id\":\"https:\/\/miradouronoticias.com\/site\/#\/schema\/person\/73440d8c82222950df86f3e1a16aad3b\",\"name\":\"Cl\u00e1udia Olyver\",\"sameAs\":[\"http:\/\/www.miradouronoticias.com\"],\"url\":\"https:\/\/miradouronoticias.com\/site\/author\/claudia\/\"}]}<\/script>\n<!-- \/ Yoast SEO plugin. -->","yoast_head_json":{"title":"Com apoio do Governo de Minas, l\u00edder mundial no mercado de latic\u00ednios confirma investimento de R$ 250 milh\u00f5es no estado - Miradouro Not\u00edcias","robots":{"index":"index","follow":"follow","max-snippet":"max-snippet:-1","max-image-preview":"max-image-preview:large","max-video-preview":"max-video-preview:-1"},"canonical":"https:\/\/miradouronoticias.com\/site\/2024\/11\/27\/com-apoio-do-governo-de-minas-lider-mundial-no-mercado-de-laticinios-confirma-investimento-de-r-250-milhoes-no-estado\/","og_locale":"pt_BR","og_type":"article","og_title":"Com apoio do Governo de Minas, l\u00edder mundial no mercado de latic\u00ednios confirma investimento de R$ 250 milh\u00f5es no estado - Miradouro Not\u00edcias","og_description":"O trabalho do\u00a0Governo de Minas, por meio da\u00a0Secretaria de Estado de Desenvolvimento Econ\u00f4mico (Sede-MG)\u00a0e da sua vinculada\u00a0Invest Minas, tem facilitado a realiza\u00e7\u00e3o de projetos de investimento. Nesta ter\u00e7a-feira (26\/11), foi a vez do Grupo Lactalis confirmar um novo aporte privado de R$ 250 milh\u00f5es para modernizar, ampliar e otimizar o trabalho desenvolvido por suas sete [&hellip;]","og_url":"https:\/\/miradouronoticias.com\/site\/2024\/11\/27\/com-apoio-do-governo-de-minas-lider-mundial-no-mercado-de-laticinios-confirma-investimento-de-r-250-milhoes-no-estado\/","og_site_name":"Miradouro Not\u00edcias","article_published_time":"2024-11-27T09:03:00+00:00","og_image":[{"width":940,"height":350,"url":"https:\/\/miradouronoticias.com\/site\/wp-content\/uploads\/2024\/11\/MG_4182.jpg","type":"image\/jpeg"}],"author":"Cl\u00e1udia Olyver","twitter_card":"summary_large_image","twitter_misc":{"Escrito por":"Cl\u00e1udia Olyver","Est. tempo de leitura":"3 minutos"},"schema":{"@context":"https:\/\/schema.org","@graph":[{"@type":"Article","@id":"https:\/\/miradouronoticias.com\/site\/2024\/11\/27\/com-apoio-do-governo-de-minas-lider-mundial-no-mercado-de-laticinios-confirma-investimento-de-r-250-milhoes-no-estado\/#article","isPartOf":{"@id":"https:\/\/miradouronoticias.com\/site\/2024\/11\/27\/com-apoio-do-governo-de-minas-lider-mundial-no-mercado-de-laticinios-confirma-investimento-de-r-250-milhoes-no-estado\/"},"author":{"name":"Cl\u00e1udia Olyver","@id":"https:\/\/miradouronoticias.com\/site\/#\/schema\/person\/73440d8c82222950df86f3e1a16aad3b"},"headline":"Com apoio do Governo de Minas, l\u00edder mundial no mercado de latic\u00ednios confirma investimento de R$ 250 milh\u00f5es no estado","datePublished":"2024-11-27T09:03:00+00:00","mainEntityOfPage":{"@id":"https:\/\/miradouronoticias.com\/site\/2024\/11\/27\/com-apoio-do-governo-de-minas-lider-mundial-no-mercado-de-laticinios-confirma-investimento-de-r-250-milhoes-no-estado\/"},"wordCount":553,"commentCount":0,"publisher":{"@id":"https:\/\/miradouronoticias.com\/site\/#organization"},"image":{"@id":"https:\/\/miradouronoticias.com\/site\/2024\/11\/27\/com-apoio-do-governo-de-minas-lider-mundial-no-mercado-de-laticinios-confirma-investimento-de-r-250-milhoes-no-estado\/#primaryimage"},"thumbnailUrl":"https:\/\/miradouronoticias.com\/site\/wp-content\/uploads\/2024\/11\/MG_4182.jpg","articleSection":["Minas Gerais"],"inLanguage":"pt-BR","potentialAction":[{"@type":"CommentAction","name":"Comment","target":["https:\/\/miradouronoticias.com\/site\/2024\/11\/27\/com-apoio-do-governo-de-minas-lider-mundial-no-mercado-de-laticinios-confirma-investimento-de-r-250-milhoes-no-estado\/#respond"]}]},{"@type":"WebPage","@id":"https:\/\/miradouronoticias.com\/site\/2024\/11\/27\/com-apoio-do-governo-de-minas-lider-mundial-no-mercado-de-laticinios-confirma-investimento-de-r-250-milhoes-no-estado\/","url":"https:\/\/miradouronoticias.com\/site\/2024\/11\/27\/com-apoio-do-governo-de-minas-lider-mundial-no-mercado-de-laticinios-confirma-investimento-de-r-250-milhoes-no-estado\/","name":"Com apoio do Governo de Minas, l\u00edder mundial no mercado de latic\u00ednios confirma investimento de R$ 250 milh\u00f5es no estado - Miradouro Not\u00edcias","isPartOf":{"@id":"https:\/\/miradouronoticias.com\/site\/#website"},"primaryImageOfPage":{"@id":"https:\/\/miradouronoticias.com\/site\/2024\/11\/27\/com-apoio-do-governo-de-minas-lider-mundial-no-mercado-de-laticinios-confirma-investimento-de-r-250-milhoes-no-estado\/#primaryimage"},"image":{"@id":"https:\/\/miradouronoticias.com\/site\/2024\/11\/27\/com-apoio-do-governo-de-minas-lider-mundial-no-mercado-de-laticinios-confirma-investimento-de-r-250-milhoes-no-estado\/#primaryimage"},"thumbnailUrl":"https:\/\/miradouronoticias.com\/site\/wp-content\/uploads\/2024\/11\/MG_4182.jpg","datePublished":"2024-11-27T09:03:00+00:00","breadcrumb":{"@id":"https:\/\/miradouronoticias.com\/site\/2024\/11\/27\/com-apoio-do-governo-de-minas-lider-mundial-no-mercado-de-laticinios-confirma-investimento-de-r-250-milhoes-no-estado\/#breadcrumb"},"inLanguage":"pt-BR","potentialAction":[{"@type":"ReadAction","target":["https:\/\/miradouronoticias.com\/site\/2024\/11\/27\/com-apoio-do-governo-de-minas-lider-mundial-no-mercado-de-laticinios-confirma-investimento-de-r-250-milhoes-no-estado\/"]}]},{"@type":"ImageObject","inLanguage":"pt-BR","@id":"https:\/\/miradouronoticias.com\/site\/2024\/11\/27\/com-apoio-do-governo-de-minas-lider-mundial-no-mercado-de-laticinios-confirma-investimento-de-r-250-milhoes-no-estado\/#primaryimage","url":"https:\/\/miradouronoticias.com\/site\/wp-content\/uploads\/2024\/11\/MG_4182.jpg","contentUrl":"https:\/\/miradouronoticias.com\/site\/wp-content\/uploads\/2024\/11\/MG_4182.jpg","width":940,"height":350},{"@type":"BreadcrumbList","@id":"https:\/\/miradouronoticias.com\/site\/2024\/11\/27\/com-apoio-do-governo-de-minas-lider-mundial-no-mercado-de-laticinios-confirma-investimento-de-r-250-milhoes-no-estado\/#breadcrumb","itemListElement":[{"@type":"ListItem","position":1,"name":"In\u00edcio","item":"https:\/\/miradouronoticias.com\/site\/"},{"@type":"ListItem","position":2,"name":"Com apoio do Governo de Minas, l\u00edder mundial no mercado de latic\u00ednios confirma investimento de R$ 250 milh\u00f5es no estado"}]},{"@type":"WebSite","@id":"https:\/\/miradouronoticias.com\/site\/#website","url":"https:\/\/miradouronoticias.com\/site\/","name":"Miradouro Not\u00edcias","description":"Informa\u00e7\u00f5es da cidade e regi\u00e3o","publisher":{"@id":"https:\/\/miradouronoticias.com\/site\/#organization"},"potentialAction":[{"@type":"SearchAction","target":{"@type":"EntryPoint","urlTemplate":"https:\/\/miradouronoticias.com\/site\/?s={search_term_string}"},"query-input":{"@type":"PropertyValueSpecification","valueRequired":true,"valueName":"search_term_string"}}],"inLanguage":"pt-BR"},{"@type":"Organization","@id":"https:\/\/miradouronoticias.com\/site\/#organization","name":"Miradouro Not\u00edcias","url":"https:\/\/miradouronoticias.com\/site\/","logo":{"@type":"ImageObject","inLanguage":"pt-BR","@id":"https:\/\/miradouronoticias.com\/site\/#\/schema\/logo\/image\/","url":"https:\/\/miradouronoticias.com\/site\/wp-content\/uploads\/2022\/01\/logomarcamiradouronoticias.png","contentUrl":"https:\/\/miradouronoticias.com\/site\/wp-content\/uploads\/2022\/01\/logomarcamiradouronoticias.png","width":747,"height":263,"caption":"Miradouro Not\u00edcias"},"image":{"@id":"https:\/\/miradouronoticias.com\/site\/#\/schema\/logo\/image\/"}},{"@type":"Person","@id":"https:\/\/miradouronoticias.com\/site\/#\/schema\/person\/73440d8c82222950df86f3e1a16aad3b","name":"Cl\u00e1udia Olyver","sameAs":["http:\/\/www.miradouronoticias.com"],"url":"https:\/\/miradouronoticias.com\/site\/author\/claudia\/"}]}},"_links":{"self":[{"href":"https:\/\/miradouronoticias.com\/site\/wp-json\/wp\/v2\/posts\/26615","targetHints":{"allow":["GET"]}}],"collection":[{"href":"https:\/\/miradouronoticias.com\/site\/wp-json\/wp\/v2\/posts"}],"about":[{"href":"https:\/\/miradouronoticias.com\/site\/wp-json\/wp\/v2\/types\/post"}],"author":[{"embeddable":true,"href":"https:\/\/miradouronoticias.com\/site\/wp-json\/wp\/v2\/users\/4"}],"replies":[{"embeddable":true,"href":"https:\/\/miradouronoticias.com\/site\/wp-json\/wp\/v2\/comments?post=26615"}],"version-history":[{"count":1,"href":"https:\/\/miradouronoticias.com\/site\/wp-json\/wp\/v2\/posts\/26615\/revisions"}],"predecessor-version":[{"id":26617,"href":"https:\/\/miradouronoticias.com\/site\/wp-json\/wp\/v2\/posts\/26615\/revisions\/26617"}],"wp:featuredmedia":[{"embeddable":true,"href":"https:\/\/miradouronoticias.com\/site\/wp-json\/wp\/v2\/media\/26616"}],"wp:attachment":[{"href":"https:\/\/miradouronoticias.com\/site\/wp-json\/wp\/v2\/media?parent=26615"}],"wp:term":[{"taxonomy":"category","embeddable":true,"href":"https:\/\/miradouronoticias.com\/site\/wp-json\/wp\/v2\/categories?post=26615"},{"taxonomy":"post_tag","embeddable":true,"href":"https:\/\/miradouronoticias.com\/site\/wp-json\/wp\/v2\/tags?post=26615"}],"curies":[{"name":"wp","href":"https:\/\/api.w.org\/{rel}","templated":true}]}}