{"id":26560,"date":"2024-11-24T06:50:17","date_gmt":"2024-11-24T09:50:17","guid":{"rendered":"https:\/\/miradouronoticias.com\/site\/?p=26560"},"modified":"2024-11-24T06:50:17","modified_gmt":"2024-11-24T09:50:17","slug":"rio-aprova-lei-para-proteger-e-reintegrar-vitimas-de-trabalho-escravo","status":"publish","type":"post","link":"https:\/\/miradouronoticias.com\/site\/2024\/11\/24\/rio-aprova-lei-para-proteger-e-reintegrar-vitimas-de-trabalho-escravo\/","title":{"rendered":"Rio aprova lei para proteger e reintegrar v\u00edtimas de trabalho escravo"},"content":{"rendered":"<p><img loading=\"lazy\" decoding=\"async\" class=\"alignnone size-medium wp-image-26561\" src=\"https:\/\/miradouronoticias.com\/site\/wp-content\/uploads\/2024\/11\/trabalho_escravo_0-300x179.webp\" alt=\"\" width=\"300\" height=\"179\" srcset=\"https:\/\/miradouronoticias.com\/site\/wp-content\/uploads\/2024\/11\/trabalho_escravo_0-300x179.webp 300w, https:\/\/miradouronoticias.com\/site\/wp-content\/uploads\/2024\/11\/trabalho_escravo_0-1024x613.webp 1024w, https:\/\/miradouronoticias.com\/site\/wp-content\/uploads\/2024\/11\/trabalho_escravo_0-768x459.webp 768w, https:\/\/miradouronoticias.com\/site\/wp-content\/uploads\/2024\/11\/trabalho_escravo_0.webp 1170w\" sizes=\"auto, (max-width: 300px) 100vw, 300px\" \/><\/p>\n<header id=\"header-site\" class=\"header-site full-width rel-position\">\n<div class=\"header-veiculo full-width\">\n<aside id=\"nav-menu-mobile\" class=\"nav-menu-mobile\">\n<div class=\"search-container full-width\"><input id=\"pesquisa-ebc\" class=\"search-bar\" type=\"text\" placeholder=\"Digite o termo da busca\" \/><button id=\"search-button\" class=\"search-button\" aria-label=\"Buscar\"><\/button><\/div>\n<div class=\"header-menu rowflex rowflex-full\">\n<div class=\"titulo-menu\"><\/div>\n<\/div>\n<nav class=\"paginas-internas-menu\">\n<div class=\"rowflex\"><img decoding=\"async\" src=\"https:\/\/agenciabrasil.ebc.com.br\/sites\/default\/themes\/agenciabrasil_v3\/images\/icon-news.svg?snb772\" alt=\"Ag\u00eancia Brasil\" width=\"20px\" height=\"20px\" \/><\/p>\n<div>Ag\u00eaV\u00edtimas de trabalho em condi\u00e7\u00e3o an\u00e1loga \u00e0 escravid\u00e3o poder\u00e3o ser acolhidas no estado do Rio de Janeiro. A lei foi publicada nesta quinta-feira (22) no Di\u00e1rio Oficial.<img decoding=\"async\" style=\"font-weight: 900;\" src=\"https:\/\/agenciabrasil.ebc.com.br\/ebc.png?id=1620992&amp;o=node\" \/><img decoding=\"async\" style=\"font-weight: 900;\" src=\"https:\/\/agenciabrasil.ebc.com.br\/ebc.gif?id=1620992&amp;o=node\" \/><\/div>\n<\/div>\n<\/nav>\n<\/aside>\n<\/div>\n<\/header>\n<p><main class=\"main-site\"><\/p>\n<div class=\"region region-content\">\n<div id=\"block-system-main\" class=\"block block-system\">\n<div class=\"content\">\n<div id=\"panel\" class=\"container-noticia rel-position bottomplayer-list\">\n<div id=\"node-1620992\" class=\"node node-radioagencia node-sticky\">\n<div class=\"conteudo-noticia\">\n<p>Al\u00e9m disso, a medida autoriza o governo estadual a prover atendimento assistencial, o fortalecimento de v\u00ednculos sociofamiliares e o acesso a atendimento m\u00e9dico, odontol\u00f3gico e psicol\u00f3gico.<\/p>\n<p>A lei prev\u00ea que \u00f3rg\u00e3os competentes sejam acionados para lidar com quest\u00f5es criminais, judiciais e administrativas ligadas ao caso.<\/p>\n<p>Tamb\u00e9m est\u00e3o previstos a concess\u00e3o de benef\u00edcios tempor\u00e1rios para a utiliza\u00e7\u00e3o do transporte p\u00fablico estadual e orienta\u00e7\u00f5es jur\u00eddicas e sociais.<br \/>\nH\u00e1 ainda a previs\u00e3o de que as v\u00edtimas tenham prioridade na inclus\u00e3o em programas habitacionais da Secretaria de Estado de Habita\u00e7\u00e3o e Interesse Social, al\u00e9m da expectativa de que as v\u00edtimas recebam suporte social e jur\u00eddico necess\u00e1rios para reconstruir suas vidas.<\/p>\n<p>O trabalho em condi\u00e7\u00f5es an\u00e1logas \u00e0 escravid\u00e3o pode ser definido como a submiss\u00e3o de algu\u00e9m a trabalhos for\u00e7ados ou jornadas exaustivas associadas a condi\u00e7\u00f5es degradantes de trabalho ou a restri\u00e7\u00e3o de locomo\u00e7\u00e3o por d\u00edvidas contra\u00eddas com o empregador.<\/p>\n<p>By: miradouronoticias.com.br\/ ag\u00eancia Brasil<\/p>\n<\/div>\n<\/div>\n<\/div>\n<\/div>\n<\/div>\n<\/div>\n<p><\/main><\/p>\n","protected":false},"excerpt":{"rendered":"<p>Ag\u00eaV\u00edtimas de trabalho em condi\u00e7\u00e3o an\u00e1loga \u00e0 escravid\u00e3o poder\u00e3o ser acolhidas no estado do Rio de Janeiro. A lei foi publicada nesta quinta-feira (22) no Di\u00e1rio Oficial. Al\u00e9m disso, a medida autoriza o governo estadual a prover atendimento assistencial, o fortalecimento de v\u00ednculos sociofamiliares e o acesso a atendimento m\u00e9dico, odontol\u00f3gico e psicol\u00f3gico. A lei [&hellip;]<\/p>\n","protected":false},"author":4,"featured_media":26561,"comment_status":"open","ping_status":"open","sticky":false,"template":"","format":"standard","meta":{"footnotes":""},"categories":[1],"tags":[],"class_list":["post-26560","post","type-post","status-publish","format-standard","has-post-thumbnail","hentry","category-destaque-principal"],"yoast_head":"<!-- This site is optimized with the Yoast SEO plugin v27.2 - https:\/\/yoast.com\/product\/yoast-seo-wordpress\/ -->\n<title>Rio aprova lei para proteger e reintegrar v\u00edtimas de trabalho escravo - Miradouro Not\u00edcias<\/title>\n<meta name=\"robots\" content=\"index, follow, max-snippet:-1, max-image-preview:large, max-video-preview:-1\" \/>\n<link rel=\"canonical\" href=\"https:\/\/miradouronoticias.com\/site\/2024\/11\/24\/rio-aprova-lei-para-proteger-e-reintegrar-vitimas-de-trabalho-escravo\/\" \/>\n<meta property=\"og:locale\" content=\"pt_BR\" \/>\n<meta property=\"og:type\" content=\"article\" \/>\n<meta property=\"og:title\" content=\"Rio aprova lei para proteger e reintegrar v\u00edtimas de trabalho escravo - Miradouro Not\u00edcias\" \/>\n<meta property=\"og:description\" content=\"Ag\u00eaV\u00edtimas de trabalho em condi\u00e7\u00e3o an\u00e1loga \u00e0 escravid\u00e3o poder\u00e3o ser acolhidas no estado do Rio de Janeiro. A lei foi publicada nesta quinta-feira (22) no Di\u00e1rio Oficial. Al\u00e9m disso, a medida autoriza o governo estadual a prover atendimento assistencial, o fortalecimento de v\u00ednculos sociofamiliares e o acesso a atendimento m\u00e9dico, odontol\u00f3gico e psicol\u00f3gico. A lei [&hellip;]\" \/>\n<meta property=\"og:url\" content=\"https:\/\/miradouronoticias.com\/site\/2024\/11\/24\/rio-aprova-lei-para-proteger-e-reintegrar-vitimas-de-trabalho-escravo\/\" \/>\n<meta property=\"og:site_name\" content=\"Miradouro Not\u00edcias\" \/>\n<meta property=\"article:published_time\" content=\"2024-11-24T09:50:17+00:00\" \/>\n<meta property=\"og:image\" content=\"https:\/\/miradouronoticias.com\/site\/wp-content\/uploads\/2024\/11\/trabalho_escravo_0.webp\" \/>\n\t<meta property=\"og:image:width\" content=\"1170\" \/>\n\t<meta property=\"og:image:height\" content=\"700\" \/>\n\t<meta property=\"og:image:type\" content=\"image\/webp\" \/>\n<meta name=\"author\" content=\"Cl\u00e1udia Olyver\" \/>\n<meta name=\"twitter:card\" content=\"summary_large_image\" \/>\n<meta name=\"twitter:label1\" content=\"Escrito por\" \/>\n\t<meta name=\"twitter:data1\" content=\"Cl\u00e1udia Olyver\" \/>\n\t<meta name=\"twitter:label2\" content=\"Est. tempo de leitura\" \/>\n\t<meta name=\"twitter:data2\" content=\"1 minuto\" \/>\n<script type=\"application\/ld+json\" class=\"yoast-schema-graph\">{\"@context\":\"https:\/\/schema.org\",\"@graph\":[{\"@type\":\"Article\",\"@id\":\"https:\/\/miradouronoticias.com\/site\/2024\/11\/24\/rio-aprova-lei-para-proteger-e-reintegrar-vitimas-de-trabalho-escravo\/#article\",\"isPartOf\":{\"@id\":\"https:\/\/miradouronoticias.com\/site\/2024\/11\/24\/rio-aprova-lei-para-proteger-e-reintegrar-vitimas-de-trabalho-escravo\/\"},\"author\":{\"name\":\"Cl\u00e1udia Olyver\",\"@id\":\"https:\/\/miradouronoticias.com\/site\/#\/schema\/person\/73440d8c82222950df86f3e1a16aad3b\"},\"headline\":\"Rio aprova lei para proteger e reintegrar v\u00edtimas de trabalho escravo\",\"datePublished\":\"2024-11-24T09:50:17+00:00\",\"mainEntityOfPage\":{\"@id\":\"https:\/\/miradouronoticias.com\/site\/2024\/11\/24\/rio-aprova-lei-para-proteger-e-reintegrar-vitimas-de-trabalho-escravo\/\"},\"wordCount\":229,\"commentCount\":0,\"publisher\":{\"@id\":\"https:\/\/miradouronoticias.com\/site\/#organization\"},\"image\":{\"@id\":\"https:\/\/miradouronoticias.com\/site\/2024\/11\/24\/rio-aprova-lei-para-proteger-e-reintegrar-vitimas-de-trabalho-escravo\/#primaryimage\"},\"thumbnailUrl\":\"https:\/\/miradouronoticias.com\/site\/wp-content\/uploads\/2024\/11\/trabalho_escravo_0.webp\",\"articleSection\":[\"Destaque Principal\"],\"inLanguage\":\"pt-BR\",\"potentialAction\":[{\"@type\":\"CommentAction\",\"name\":\"Comment\",\"target\":[\"https:\/\/miradouronoticias.com\/site\/2024\/11\/24\/rio-aprova-lei-para-proteger-e-reintegrar-vitimas-de-trabalho-escravo\/#respond\"]}]},{\"@type\":\"WebPage\",\"@id\":\"https:\/\/miradouronoticias.com\/site\/2024\/11\/24\/rio-aprova-lei-para-proteger-e-reintegrar-vitimas-de-trabalho-escravo\/\",\"url\":\"https:\/\/miradouronoticias.com\/site\/2024\/11\/24\/rio-aprova-lei-para-proteger-e-reintegrar-vitimas-de-trabalho-escravo\/\",\"name\":\"Rio aprova lei para proteger e reintegrar v\u00edtimas de trabalho escravo - Miradouro Not\u00edcias\",\"isPartOf\":{\"@id\":\"https:\/\/miradouronoticias.com\/site\/#website\"},\"primaryImageOfPage\":{\"@id\":\"https:\/\/miradouronoticias.com\/site\/2024\/11\/24\/rio-aprova-lei-para-proteger-e-reintegrar-vitimas-de-trabalho-escravo\/#primaryimage\"},\"image\":{\"@id\":\"https:\/\/miradouronoticias.com\/site\/2024\/11\/24\/rio-aprova-lei-para-proteger-e-reintegrar-vitimas-de-trabalho-escravo\/#primaryimage\"},\"thumbnailUrl\":\"https:\/\/miradouronoticias.com\/site\/wp-content\/uploads\/2024\/11\/trabalho_escravo_0.webp\",\"datePublished\":\"2024-11-24T09:50:17+00:00\",\"breadcrumb\":{\"@id\":\"https:\/\/miradouronoticias.com\/site\/2024\/11\/24\/rio-aprova-lei-para-proteger-e-reintegrar-vitimas-de-trabalho-escravo\/#breadcrumb\"},\"inLanguage\":\"pt-BR\",\"potentialAction\":[{\"@type\":\"ReadAction\",\"target\":[\"https:\/\/miradouronoticias.com\/site\/2024\/11\/24\/rio-aprova-lei-para-proteger-e-reintegrar-vitimas-de-trabalho-escravo\/\"]}]},{\"@type\":\"ImageObject\",\"inLanguage\":\"pt-BR\",\"@id\":\"https:\/\/miradouronoticias.com\/site\/2024\/11\/24\/rio-aprova-lei-para-proteger-e-reintegrar-vitimas-de-trabalho-escravo\/#primaryimage\",\"url\":\"https:\/\/miradouronoticias.com\/site\/wp-content\/uploads\/2024\/11\/trabalho_escravo_0.webp\",\"contentUrl\":\"https:\/\/miradouronoticias.com\/site\/wp-content\/uploads\/2024\/11\/trabalho_escravo_0.webp\",\"width\":1170,\"height\":700},{\"@type\":\"BreadcrumbList\",\"@id\":\"https:\/\/miradouronoticias.com\/site\/2024\/11\/24\/rio-aprova-lei-para-proteger-e-reintegrar-vitimas-de-trabalho-escravo\/#breadcrumb\",\"itemListElement\":[{\"@type\":\"ListItem\",\"position\":1,\"name\":\"In\u00edcio\",\"item\":\"https:\/\/miradouronoticias.com\/site\/\"},{\"@type\":\"ListItem\",\"position\":2,\"name\":\"Rio aprova lei para proteger e reintegrar v\u00edtimas de trabalho escravo\"}]},{\"@type\":\"WebSite\",\"@id\":\"https:\/\/miradouronoticias.com\/site\/#website\",\"url\":\"https:\/\/miradouronoticias.com\/site\/\",\"name\":\"Miradouro Not\u00edcias\",\"description\":\"Informa\u00e7\u00f5es da cidade e regi\u00e3o\",\"publisher\":{\"@id\":\"https:\/\/miradouronoticias.com\/site\/#organization\"},\"potentialAction\":[{\"@type\":\"SearchAction\",\"target\":{\"@type\":\"EntryPoint\",\"urlTemplate\":\"https:\/\/miradouronoticias.com\/site\/?s={search_term_string}\"},\"query-input\":{\"@type\":\"PropertyValueSpecification\",\"valueRequired\":true,\"valueName\":\"search_term_string\"}}],\"inLanguage\":\"pt-BR\"},{\"@type\":\"Organization\",\"@id\":\"https:\/\/miradouronoticias.com\/site\/#organization\",\"name\":\"Miradouro Not\u00edcias\",\"url\":\"https:\/\/miradouronoticias.com\/site\/\",\"logo\":{\"@type\":\"ImageObject\",\"inLanguage\":\"pt-BR\",\"@id\":\"https:\/\/miradouronoticias.com\/site\/#\/schema\/logo\/image\/\",\"url\":\"https:\/\/miradouronoticias.com\/site\/wp-content\/uploads\/2022\/01\/logomarcamiradouronoticias.png\",\"contentUrl\":\"https:\/\/miradouronoticias.com\/site\/wp-content\/uploads\/2022\/01\/logomarcamiradouronoticias.png\",\"width\":747,\"height\":263,\"caption\":\"Miradouro Not\u00edcias\"},\"image\":{\"@id\":\"https:\/\/miradouronoticias.com\/site\/#\/schema\/logo\/image\/\"}},{\"@type\":\"Person\",\"@id\":\"https:\/\/miradouronoticias.com\/site\/#\/schema\/person\/73440d8c82222950df86f3e1a16aad3b\",\"name\":\"Cl\u00e1udia Olyver\",\"sameAs\":[\"http:\/\/www.miradouronoticias.com\"],\"url\":\"https:\/\/miradouronoticias.com\/site\/author\/claudia\/\"}]}<\/script>\n<!-- \/ Yoast SEO plugin. -->","yoast_head_json":{"title":"Rio aprova lei para proteger e reintegrar v\u00edtimas de trabalho escravo - Miradouro Not\u00edcias","robots":{"index":"index","follow":"follow","max-snippet":"max-snippet:-1","max-image-preview":"max-image-preview:large","max-video-preview":"max-video-preview:-1"},"canonical":"https:\/\/miradouronoticias.com\/site\/2024\/11\/24\/rio-aprova-lei-para-proteger-e-reintegrar-vitimas-de-trabalho-escravo\/","og_locale":"pt_BR","og_type":"article","og_title":"Rio aprova lei para proteger e reintegrar v\u00edtimas de trabalho escravo - Miradouro Not\u00edcias","og_description":"Ag\u00eaV\u00edtimas de trabalho em condi\u00e7\u00e3o an\u00e1loga \u00e0 escravid\u00e3o poder\u00e3o ser acolhidas no estado do Rio de Janeiro. A lei foi publicada nesta quinta-feira (22) no Di\u00e1rio Oficial. Al\u00e9m disso, a medida autoriza o governo estadual a prover atendimento assistencial, o fortalecimento de v\u00ednculos sociofamiliares e o acesso a atendimento m\u00e9dico, odontol\u00f3gico e psicol\u00f3gico. A lei [&hellip;]","og_url":"https:\/\/miradouronoticias.com\/site\/2024\/11\/24\/rio-aprova-lei-para-proteger-e-reintegrar-vitimas-de-trabalho-escravo\/","og_site_name":"Miradouro Not\u00edcias","article_published_time":"2024-11-24T09:50:17+00:00","og_image":[{"width":1170,"height":700,"url":"https:\/\/miradouronoticias.com\/site\/wp-content\/uploads\/2024\/11\/trabalho_escravo_0.webp","type":"image\/webp"}],"author":"Cl\u00e1udia Olyver","twitter_card":"summary_large_image","twitter_misc":{"Escrito por":"Cl\u00e1udia Olyver","Est. tempo de leitura":"1 minuto"},"schema":{"@context":"https:\/\/schema.org","@graph":[{"@type":"Article","@id":"https:\/\/miradouronoticias.com\/site\/2024\/11\/24\/rio-aprova-lei-para-proteger-e-reintegrar-vitimas-de-trabalho-escravo\/#article","isPartOf":{"@id":"https:\/\/miradouronoticias.com\/site\/2024\/11\/24\/rio-aprova-lei-para-proteger-e-reintegrar-vitimas-de-trabalho-escravo\/"},"author":{"name":"Cl\u00e1udia Olyver","@id":"https:\/\/miradouronoticias.com\/site\/#\/schema\/person\/73440d8c82222950df86f3e1a16aad3b"},"headline":"Rio aprova lei para proteger e reintegrar v\u00edtimas de trabalho escravo","datePublished":"2024-11-24T09:50:17+00:00","mainEntityOfPage":{"@id":"https:\/\/miradouronoticias.com\/site\/2024\/11\/24\/rio-aprova-lei-para-proteger-e-reintegrar-vitimas-de-trabalho-escravo\/"},"wordCount":229,"commentCount":0,"publisher":{"@id":"https:\/\/miradouronoticias.com\/site\/#organization"},"image":{"@id":"https:\/\/miradouronoticias.com\/site\/2024\/11\/24\/rio-aprova-lei-para-proteger-e-reintegrar-vitimas-de-trabalho-escravo\/#primaryimage"},"thumbnailUrl":"https:\/\/miradouronoticias.com\/site\/wp-content\/uploads\/2024\/11\/trabalho_escravo_0.webp","articleSection":["Destaque Principal"],"inLanguage":"pt-BR","potentialAction":[{"@type":"CommentAction","name":"Comment","target":["https:\/\/miradouronoticias.com\/site\/2024\/11\/24\/rio-aprova-lei-para-proteger-e-reintegrar-vitimas-de-trabalho-escravo\/#respond"]}]},{"@type":"WebPage","@id":"https:\/\/miradouronoticias.com\/site\/2024\/11\/24\/rio-aprova-lei-para-proteger-e-reintegrar-vitimas-de-trabalho-escravo\/","url":"https:\/\/miradouronoticias.com\/site\/2024\/11\/24\/rio-aprova-lei-para-proteger-e-reintegrar-vitimas-de-trabalho-escravo\/","name":"Rio aprova lei para proteger e reintegrar v\u00edtimas de trabalho escravo - Miradouro Not\u00edcias","isPartOf":{"@id":"https:\/\/miradouronoticias.com\/site\/#website"},"primaryImageOfPage":{"@id":"https:\/\/miradouronoticias.com\/site\/2024\/11\/24\/rio-aprova-lei-para-proteger-e-reintegrar-vitimas-de-trabalho-escravo\/#primaryimage"},"image":{"@id":"https:\/\/miradouronoticias.com\/site\/2024\/11\/24\/rio-aprova-lei-para-proteger-e-reintegrar-vitimas-de-trabalho-escravo\/#primaryimage"},"thumbnailUrl":"https:\/\/miradouronoticias.com\/site\/wp-content\/uploads\/2024\/11\/trabalho_escravo_0.webp","datePublished":"2024-11-24T09:50:17+00:00","breadcrumb":{"@id":"https:\/\/miradouronoticias.com\/site\/2024\/11\/24\/rio-aprova-lei-para-proteger-e-reintegrar-vitimas-de-trabalho-escravo\/#breadcrumb"},"inLanguage":"pt-BR","potentialAction":[{"@type":"ReadAction","target":["https:\/\/miradouronoticias.com\/site\/2024\/11\/24\/rio-aprova-lei-para-proteger-e-reintegrar-vitimas-de-trabalho-escravo\/"]}]},{"@type":"ImageObject","inLanguage":"pt-BR","@id":"https:\/\/miradouronoticias.com\/site\/2024\/11\/24\/rio-aprova-lei-para-proteger-e-reintegrar-vitimas-de-trabalho-escravo\/#primaryimage","url":"https:\/\/miradouronoticias.com\/site\/wp-content\/uploads\/2024\/11\/trabalho_escravo_0.webp","contentUrl":"https:\/\/miradouronoticias.com\/site\/wp-content\/uploads\/2024\/11\/trabalho_escravo_0.webp","width":1170,"height":700},{"@type":"BreadcrumbList","@id":"https:\/\/miradouronoticias.com\/site\/2024\/11\/24\/rio-aprova-lei-para-proteger-e-reintegrar-vitimas-de-trabalho-escravo\/#breadcrumb","itemListElement":[{"@type":"ListItem","position":1,"name":"In\u00edcio","item":"https:\/\/miradouronoticias.com\/site\/"},{"@type":"ListItem","position":2,"name":"Rio aprova lei para proteger e reintegrar v\u00edtimas de trabalho escravo"}]},{"@type":"WebSite","@id":"https:\/\/miradouronoticias.com\/site\/#website","url":"https:\/\/miradouronoticias.com\/site\/","name":"Miradouro Not\u00edcias","description":"Informa\u00e7\u00f5es da cidade e regi\u00e3o","publisher":{"@id":"https:\/\/miradouronoticias.com\/site\/#organization"},"potentialAction":[{"@type":"SearchAction","target":{"@type":"EntryPoint","urlTemplate":"https:\/\/miradouronoticias.com\/site\/?s={search_term_string}"},"query-input":{"@type":"PropertyValueSpecification","valueRequired":true,"valueName":"search_term_string"}}],"inLanguage":"pt-BR"},{"@type":"Organization","@id":"https:\/\/miradouronoticias.com\/site\/#organization","name":"Miradouro Not\u00edcias","url":"https:\/\/miradouronoticias.com\/site\/","logo":{"@type":"ImageObject","inLanguage":"pt-BR","@id":"https:\/\/miradouronoticias.com\/site\/#\/schema\/logo\/image\/","url":"https:\/\/miradouronoticias.com\/site\/wp-content\/uploads\/2022\/01\/logomarcamiradouronoticias.png","contentUrl":"https:\/\/miradouronoticias.com\/site\/wp-content\/uploads\/2022\/01\/logomarcamiradouronoticias.png","width":747,"height":263,"caption":"Miradouro Not\u00edcias"},"image":{"@id":"https:\/\/miradouronoticias.com\/site\/#\/schema\/logo\/image\/"}},{"@type":"Person","@id":"https:\/\/miradouronoticias.com\/site\/#\/schema\/person\/73440d8c82222950df86f3e1a16aad3b","name":"Cl\u00e1udia Olyver","sameAs":["http:\/\/www.miradouronoticias.com"],"url":"https:\/\/miradouronoticias.com\/site\/author\/claudia\/"}]}},"_links":{"self":[{"href":"https:\/\/miradouronoticias.com\/site\/wp-json\/wp\/v2\/posts\/26560","targetHints":{"allow":["GET"]}}],"collection":[{"href":"https:\/\/miradouronoticias.com\/site\/wp-json\/wp\/v2\/posts"}],"about":[{"href":"https:\/\/miradouronoticias.com\/site\/wp-json\/wp\/v2\/types\/post"}],"author":[{"embeddable":true,"href":"https:\/\/miradouronoticias.com\/site\/wp-json\/wp\/v2\/users\/4"}],"replies":[{"embeddable":true,"href":"https:\/\/miradouronoticias.com\/site\/wp-json\/wp\/v2\/comments?post=26560"}],"version-history":[{"count":1,"href":"https:\/\/miradouronoticias.com\/site\/wp-json\/wp\/v2\/posts\/26560\/revisions"}],"predecessor-version":[{"id":26562,"href":"https:\/\/miradouronoticias.com\/site\/wp-json\/wp\/v2\/posts\/26560\/revisions\/26562"}],"wp:featuredmedia":[{"embeddable":true,"href":"https:\/\/miradouronoticias.com\/site\/wp-json\/wp\/v2\/media\/26561"}],"wp:attachment":[{"href":"https:\/\/miradouronoticias.com\/site\/wp-json\/wp\/v2\/media?parent=26560"}],"wp:term":[{"taxonomy":"category","embeddable":true,"href":"https:\/\/miradouronoticias.com\/site\/wp-json\/wp\/v2\/categories?post=26560"},{"taxonomy":"post_tag","embeddable":true,"href":"https:\/\/miradouronoticias.com\/site\/wp-json\/wp\/v2\/tags?post=26560"}],"curies":[{"name":"wp","href":"https:\/\/api.w.org\/{rel}","templated":true}]}}