{"id":26536,"date":"2024-11-21T07:02:08","date_gmt":"2024-11-21T10:02:08","guid":{"rendered":"https:\/\/miradouronoticias.com\/site\/?p=26536"},"modified":"2024-11-21T07:02:08","modified_gmt":"2024-11-21T10:02:08","slug":"concurso-de-avaliacao-da-qualidade-das-cachacas-de-alambique-e-aguardentes-de-cana-mineiras-vai-premiar-os-vencedores-de-2024","status":"publish","type":"post","link":"https:\/\/miradouronoticias.com\/site\/2024\/11\/21\/concurso-de-avaliacao-da-qualidade-das-cachacas-de-alambique-e-aguardentes-de-cana-mineiras-vai-premiar-os-vencedores-de-2024\/","title":{"rendered":"Concurso de Avalia\u00e7\u00e3o da Qualidade das Cacha\u00e7as de Alambique e Aguardentes de Cana Mineiras vai premiar os vencedores de 2024"},"content":{"rendered":"<p><span style=\"font-weight: 900;\"><img loading=\"lazy\" decoding=\"async\" class=\"alignnone size-medium wp-image-26537\" src=\"https:\/\/miradouronoticias.com\/site\/wp-content\/uploads\/2024\/11\/Treinamento_jurados_cachaca_1-300x112.jpg\" alt=\"\" width=\"300\" height=\"112\" srcset=\"https:\/\/miradouronoticias.com\/site\/wp-content\/uploads\/2024\/11\/Treinamento_jurados_cachaca_1-300x112.jpg 300w, https:\/\/miradouronoticias.com\/site\/wp-content\/uploads\/2024\/11\/Treinamento_jurados_cachaca_1-768x286.jpg 768w, https:\/\/miradouronoticias.com\/site\/wp-content\/uploads\/2024\/11\/Treinamento_jurados_cachaca_1.jpg 940w\" sizes=\"auto, (max-width: 300px) 100vw, 300px\" \/>A premia\u00e7\u00e3o dos vencedores do 1\u00ba Concurso de Avalia\u00e7\u00e3o da Qualidade das Cacha\u00e7as de Alambique e Aguardentes de Cana Mineiras \u2013 Cacha\u00e7as Mineiras\/2024 vai acontecer nesta quinta-feira (21\/11), a partir das 15 horas, no Mercado de Origem, em Belo Horizonte. Em sua primeira edi\u00e7\u00e3o, o concurso contou com a participa\u00e7\u00e3o de 132 produtores de v\u00e1rias regi\u00f5es mineiras, sendo 23 deles agricultores familiares.<\/span><\/p>\n<p><main id=\"content\"><\/p>\n<div class=\"container container-news margin-xs-top-2 margin-xs-bottom-2 margin-sm-top-4 margin-sm-bottom-2\">\n<div class=\"news\">\n<article class=\"clear\"><main class=\"clear margin-md-bottom-3\"><\/p>\n<div class=\"clear col-md-10 col-md-offset-1 \">\n<p>O cncurso abrange dois tipos de bebidas, que s\u00e3o a cacha\u00e7a e a aguardente. Na parte de cacha\u00e7a de alambique, ser\u00e3o distribu\u00eddos pr\u00eamios para o primeiro, o segundo e o terceiro colocados para cada uma das categorias: Cacha\u00e7a de Alambique, Cacha\u00e7a de Alambique Armazenada, Cacha\u00e7a de Alambique Envelhecida, Cacha\u00e7a de Alida \u2013 Premium e Cacha\u00e7a de Alambique Envelhecida \u2013 Extra Premium.<\/p>\n<p>J\u00e1 de aguardente de cana ser\u00e3o premiados dois produtores da categoria Aguardente de Cana e mais dois de Aguardente de Cana Armazenada. Al\u00e9m dos 19 vencedores do concurso (15 de cacha\u00e7a e quatro de aguardente), durante o evento, tamb\u00e9m ser\u00e3o agraciados o produtor da \u201cMelhor Bebida de Agricultura Familiar\u201d e a fabricante da \u201cMelhor Bebida de Mulher Alambiqueira\u201d.<\/p>\n<p>Participa\u00e7\u00e3o dos produtores<\/p>\n<p>\u201cO concurso \u00e9 uma oportunidade do produtor obter uma avalia\u00e7\u00e3o t\u00e9cnica minuciosa de sua bebida, gratuitamente. N\u00f3s daremos o retorno de cada produto e assim os participantes ter\u00e3o mais subs\u00eddios para melhorar o seu produto\u201d, salienta o assessor t\u00e9cnico da Emater-MG, Lucas Rocha Carneiro, um dos respons\u00e1veis pela organiza\u00e7\u00e3o do concurso.<\/p>\n<p>As 217 amostras inscritas (todas bebidas\u00a0devidamente registrados junto ao Minist\u00e9rio de Agricultura)\u00a0no 1\u00ba Concurso de Avalia\u00e7\u00e3o da Qualidade das Cacha\u00e7as de Alambique e Aguardentes de Cana Mineiras foram avaliadas por\u00a024 jurados, com not\u00f3rio saber na \u00e1rea de cacha\u00e7a. \u201cNossa expectativa era receber por volta de 150 inscri\u00e7\u00f5es, mas o n\u00famero de participantes no concurso foi muito maior\u201d, conta Lucas.<\/p>\n<p>O 1\u00ba Concurso de Avalia\u00e7\u00e3o da Qualidade das Cacha\u00e7as de Alambique e Aguardentes de Cana Mineiras \u00e9 uma iniciativa do\u00a0<a href=\"https:\/\/www.mg.gov.br\/\" target=\"_blank\" rel=\"noopener\">Governo de Minas<\/a>, por meio da\u00a0<a href=\"https:\/\/www.emater.mg.gov.br\/\" target=\"_blank\" rel=\"noopener\">Emater-MG<\/a>, com apoio t\u00e9cnico do\u00a0<a href=\"https:\/\/www.ima.mg.gov.br\/\" target=\"_blank\" rel=\"noopener\">IMA<\/a>\u00a0e da\u00a0<a href=\"https:\/\/www.ima.mg.gov.br\/\" target=\"_blank\" rel=\"noopener\">Epamig<\/a>; e o patroc\u00ednio da Funda\u00e7\u00e3o Doimo e o Mercado de Origem. A iniciativa tem ainda como parceiros o Banco do\u00a0Brasil, Cresol, Sicoob, Banco do Nordeste, Governo Federal e Garrafaria Serra Negra.<\/p>\n<p>By: miradouronoticias.com.br\/ ag\u00eancia minas<\/p>\n<\/div>\n<p><\/main><\/article>\n<\/div>\n<\/div>\n<p><\/main><\/p>\n","protected":false},"excerpt":{"rendered":"<p>A premia\u00e7\u00e3o dos vencedores do 1\u00ba Concurso de Avalia\u00e7\u00e3o da Qualidade das Cacha\u00e7as de Alambique e Aguardentes de Cana Mineiras \u2013 Cacha\u00e7as Mineiras\/2024 vai acontecer nesta quinta-feira (21\/11), a partir das 15 horas, no Mercado de Origem, em Belo Horizonte. Em sua primeira edi\u00e7\u00e3o, o concurso contou com a participa\u00e7\u00e3o de 132 produtores de v\u00e1rias [&hellip;]<\/p>\n","protected":false},"author":4,"featured_media":26537,"comment_status":"open","ping_status":"open","sticky":false,"template":"","format":"standard","meta":{"footnotes":""},"categories":[21],"tags":[],"class_list":["post-26536","post","type-post","status-publish","format-standard","has-post-thumbnail","hentry","category-minas-gerais"],"yoast_head":"<!-- This site is optimized with the Yoast SEO plugin v27.2 - https:\/\/yoast.com\/product\/yoast-seo-wordpress\/ -->\n<title>Concurso de Avalia\u00e7\u00e3o da Qualidade das Cacha\u00e7as de Alambique e Aguardentes de Cana Mineiras vai premiar os vencedores de 2024 - Miradouro Not\u00edcias<\/title>\n<meta name=\"robots\" content=\"index, follow, max-snippet:-1, max-image-preview:large, max-video-preview:-1\" \/>\n<link rel=\"canonical\" href=\"https:\/\/miradouronoticias.com\/site\/2024\/11\/21\/concurso-de-avaliacao-da-qualidade-das-cachacas-de-alambique-e-aguardentes-de-cana-mineiras-vai-premiar-os-vencedores-de-2024\/\" \/>\n<meta property=\"og:locale\" content=\"pt_BR\" \/>\n<meta property=\"og:type\" content=\"article\" \/>\n<meta property=\"og:title\" content=\"Concurso de Avalia\u00e7\u00e3o da Qualidade das Cacha\u00e7as de Alambique e Aguardentes de Cana Mineiras vai premiar os vencedores de 2024 - Miradouro Not\u00edcias\" \/>\n<meta property=\"og:description\" content=\"A premia\u00e7\u00e3o dos vencedores do 1\u00ba Concurso de Avalia\u00e7\u00e3o da Qualidade das Cacha\u00e7as de Alambique e Aguardentes de Cana Mineiras \u2013 Cacha\u00e7as Mineiras\/2024 vai acontecer nesta quinta-feira (21\/11), a partir das 15 horas, no Mercado de Origem, em Belo Horizonte. Em sua primeira edi\u00e7\u00e3o, o concurso contou com a participa\u00e7\u00e3o de 132 produtores de v\u00e1rias [&hellip;]\" \/>\n<meta property=\"og:url\" content=\"https:\/\/miradouronoticias.com\/site\/2024\/11\/21\/concurso-de-avaliacao-da-qualidade-das-cachacas-de-alambique-e-aguardentes-de-cana-mineiras-vai-premiar-os-vencedores-de-2024\/\" \/>\n<meta property=\"og:site_name\" content=\"Miradouro Not\u00edcias\" \/>\n<meta property=\"article:published_time\" content=\"2024-11-21T10:02:08+00:00\" \/>\n<meta property=\"og:image\" content=\"https:\/\/miradouronoticias.com\/site\/wp-content\/uploads\/2024\/11\/Treinamento_jurados_cachaca_1.jpg\" \/>\n\t<meta property=\"og:image:width\" content=\"940\" \/>\n\t<meta property=\"og:image:height\" content=\"350\" \/>\n\t<meta property=\"og:image:type\" content=\"image\/jpeg\" \/>\n<meta name=\"author\" content=\"Cl\u00e1udia Olyver\" \/>\n<meta name=\"twitter:card\" content=\"summary_large_image\" \/>\n<meta name=\"twitter:label1\" content=\"Escrito por\" \/>\n\t<meta name=\"twitter:data1\" content=\"Cl\u00e1udia Olyver\" \/>\n\t<meta name=\"twitter:label2\" content=\"Est. tempo de leitura\" \/>\n\t<meta name=\"twitter:data2\" content=\"2 minutos\" \/>\n<script type=\"application\/ld+json\" class=\"yoast-schema-graph\">{\"@context\":\"https:\/\/schema.org\",\"@graph\":[{\"@type\":\"Article\",\"@id\":\"https:\/\/miradouronoticias.com\/site\/2024\/11\/21\/concurso-de-avaliacao-da-qualidade-das-cachacas-de-alambique-e-aguardentes-de-cana-mineiras-vai-premiar-os-vencedores-de-2024\/#article\",\"isPartOf\":{\"@id\":\"https:\/\/miradouronoticias.com\/site\/2024\/11\/21\/concurso-de-avaliacao-da-qualidade-das-cachacas-de-alambique-e-aguardentes-de-cana-mineiras-vai-premiar-os-vencedores-de-2024\/\"},\"author\":{\"name\":\"Cl\u00e1udia Olyver\",\"@id\":\"https:\/\/miradouronoticias.com\/site\/#\/schema\/person\/73440d8c82222950df86f3e1a16aad3b\"},\"headline\":\"Concurso de Avalia\u00e7\u00e3o da Qualidade das Cacha\u00e7as de Alambique e Aguardentes de Cana Mineiras vai premiar os vencedores de 2024\",\"datePublished\":\"2024-11-21T10:02:08+00:00\",\"mainEntityOfPage\":{\"@id\":\"https:\/\/miradouronoticias.com\/site\/2024\/11\/21\/concurso-de-avaliacao-da-qualidade-das-cachacas-de-alambique-e-aguardentes-de-cana-mineiras-vai-premiar-os-vencedores-de-2024\/\"},\"wordCount\":420,\"commentCount\":0,\"publisher\":{\"@id\":\"https:\/\/miradouronoticias.com\/site\/#organization\"},\"image\":{\"@id\":\"https:\/\/miradouronoticias.com\/site\/2024\/11\/21\/concurso-de-avaliacao-da-qualidade-das-cachacas-de-alambique-e-aguardentes-de-cana-mineiras-vai-premiar-os-vencedores-de-2024\/#primaryimage\"},\"thumbnailUrl\":\"https:\/\/miradouronoticias.com\/site\/wp-content\/uploads\/2024\/11\/Treinamento_jurados_cachaca_1.jpg\",\"articleSection\":[\"Minas Gerais\"],\"inLanguage\":\"pt-BR\",\"potentialAction\":[{\"@type\":\"CommentAction\",\"name\":\"Comment\",\"target\":[\"https:\/\/miradouronoticias.com\/site\/2024\/11\/21\/concurso-de-avaliacao-da-qualidade-das-cachacas-de-alambique-e-aguardentes-de-cana-mineiras-vai-premiar-os-vencedores-de-2024\/#respond\"]}]},{\"@type\":\"WebPage\",\"@id\":\"https:\/\/miradouronoticias.com\/site\/2024\/11\/21\/concurso-de-avaliacao-da-qualidade-das-cachacas-de-alambique-e-aguardentes-de-cana-mineiras-vai-premiar-os-vencedores-de-2024\/\",\"url\":\"https:\/\/miradouronoticias.com\/site\/2024\/11\/21\/concurso-de-avaliacao-da-qualidade-das-cachacas-de-alambique-e-aguardentes-de-cana-mineiras-vai-premiar-os-vencedores-de-2024\/\",\"name\":\"Concurso de Avalia\u00e7\u00e3o da Qualidade das Cacha\u00e7as de Alambique e Aguardentes de Cana Mineiras vai premiar os vencedores de 2024 - Miradouro Not\u00edcias\",\"isPartOf\":{\"@id\":\"https:\/\/miradouronoticias.com\/site\/#website\"},\"primaryImageOfPage\":{\"@id\":\"https:\/\/miradouronoticias.com\/site\/2024\/11\/21\/concurso-de-avaliacao-da-qualidade-das-cachacas-de-alambique-e-aguardentes-de-cana-mineiras-vai-premiar-os-vencedores-de-2024\/#primaryimage\"},\"image\":{\"@id\":\"https:\/\/miradouronoticias.com\/site\/2024\/11\/21\/concurso-de-avaliacao-da-qualidade-das-cachacas-de-alambique-e-aguardentes-de-cana-mineiras-vai-premiar-os-vencedores-de-2024\/#primaryimage\"},\"thumbnailUrl\":\"https:\/\/miradouronoticias.com\/site\/wp-content\/uploads\/2024\/11\/Treinamento_jurados_cachaca_1.jpg\",\"datePublished\":\"2024-11-21T10:02:08+00:00\",\"breadcrumb\":{\"@id\":\"https:\/\/miradouronoticias.com\/site\/2024\/11\/21\/concurso-de-avaliacao-da-qualidade-das-cachacas-de-alambique-e-aguardentes-de-cana-mineiras-vai-premiar-os-vencedores-de-2024\/#breadcrumb\"},\"inLanguage\":\"pt-BR\",\"potentialAction\":[{\"@type\":\"ReadAction\",\"target\":[\"https:\/\/miradouronoticias.com\/site\/2024\/11\/21\/concurso-de-avaliacao-da-qualidade-das-cachacas-de-alambique-e-aguardentes-de-cana-mineiras-vai-premiar-os-vencedores-de-2024\/\"]}]},{\"@type\":\"ImageObject\",\"inLanguage\":\"pt-BR\",\"@id\":\"https:\/\/miradouronoticias.com\/site\/2024\/11\/21\/concurso-de-avaliacao-da-qualidade-das-cachacas-de-alambique-e-aguardentes-de-cana-mineiras-vai-premiar-os-vencedores-de-2024\/#primaryimage\",\"url\":\"https:\/\/miradouronoticias.com\/site\/wp-content\/uploads\/2024\/11\/Treinamento_jurados_cachaca_1.jpg\",\"contentUrl\":\"https:\/\/miradouronoticias.com\/site\/wp-content\/uploads\/2024\/11\/Treinamento_jurados_cachaca_1.jpg\",\"width\":940,\"height\":350},{\"@type\":\"BreadcrumbList\",\"@id\":\"https:\/\/miradouronoticias.com\/site\/2024\/11\/21\/concurso-de-avaliacao-da-qualidade-das-cachacas-de-alambique-e-aguardentes-de-cana-mineiras-vai-premiar-os-vencedores-de-2024\/#breadcrumb\",\"itemListElement\":[{\"@type\":\"ListItem\",\"position\":1,\"name\":\"In\u00edcio\",\"item\":\"https:\/\/miradouronoticias.com\/site\/\"},{\"@type\":\"ListItem\",\"position\":2,\"name\":\"Concurso de Avalia\u00e7\u00e3o da Qualidade das Cacha\u00e7as de Alambique e Aguardentes de Cana Mineiras vai premiar os vencedores de 2024\"}]},{\"@type\":\"WebSite\",\"@id\":\"https:\/\/miradouronoticias.com\/site\/#website\",\"url\":\"https:\/\/miradouronoticias.com\/site\/\",\"name\":\"Miradouro Not\u00edcias\",\"description\":\"Informa\u00e7\u00f5es da cidade e regi\u00e3o\",\"publisher\":{\"@id\":\"https:\/\/miradouronoticias.com\/site\/#organization\"},\"potentialAction\":[{\"@type\":\"SearchAction\",\"target\":{\"@type\":\"EntryPoint\",\"urlTemplate\":\"https:\/\/miradouronoticias.com\/site\/?s={search_term_string}\"},\"query-input\":{\"@type\":\"PropertyValueSpecification\",\"valueRequired\":true,\"valueName\":\"search_term_string\"}}],\"inLanguage\":\"pt-BR\"},{\"@type\":\"Organization\",\"@id\":\"https:\/\/miradouronoticias.com\/site\/#organization\",\"name\":\"Miradouro Not\u00edcias\",\"url\":\"https:\/\/miradouronoticias.com\/site\/\",\"logo\":{\"@type\":\"ImageObject\",\"inLanguage\":\"pt-BR\",\"@id\":\"https:\/\/miradouronoticias.com\/site\/#\/schema\/logo\/image\/\",\"url\":\"https:\/\/miradouronoticias.com\/site\/wp-content\/uploads\/2022\/01\/logomarcamiradouronoticias.png\",\"contentUrl\":\"https:\/\/miradouronoticias.com\/site\/wp-content\/uploads\/2022\/01\/logomarcamiradouronoticias.png\",\"width\":747,\"height\":263,\"caption\":\"Miradouro Not\u00edcias\"},\"image\":{\"@id\":\"https:\/\/miradouronoticias.com\/site\/#\/schema\/logo\/image\/\"}},{\"@type\":\"Person\",\"@id\":\"https:\/\/miradouronoticias.com\/site\/#\/schema\/person\/73440d8c82222950df86f3e1a16aad3b\",\"name\":\"Cl\u00e1udia Olyver\",\"sameAs\":[\"http:\/\/www.miradouronoticias.com\"],\"url\":\"https:\/\/miradouronoticias.com\/site\/author\/claudia\/\"}]}<\/script>\n<!-- \/ Yoast SEO plugin. -->","yoast_head_json":{"title":"Concurso de Avalia\u00e7\u00e3o da Qualidade das Cacha\u00e7as de Alambique e Aguardentes de Cana Mineiras vai premiar os vencedores de 2024 - Miradouro Not\u00edcias","robots":{"index":"index","follow":"follow","max-snippet":"max-snippet:-1","max-image-preview":"max-image-preview:large","max-video-preview":"max-video-preview:-1"},"canonical":"https:\/\/miradouronoticias.com\/site\/2024\/11\/21\/concurso-de-avaliacao-da-qualidade-das-cachacas-de-alambique-e-aguardentes-de-cana-mineiras-vai-premiar-os-vencedores-de-2024\/","og_locale":"pt_BR","og_type":"article","og_title":"Concurso de Avalia\u00e7\u00e3o da Qualidade das Cacha\u00e7as de Alambique e Aguardentes de Cana Mineiras vai premiar os vencedores de 2024 - Miradouro Not\u00edcias","og_description":"A premia\u00e7\u00e3o dos vencedores do 1\u00ba Concurso de Avalia\u00e7\u00e3o da Qualidade das Cacha\u00e7as de Alambique e Aguardentes de Cana Mineiras \u2013 Cacha\u00e7as Mineiras\/2024 vai acontecer nesta quinta-feira (21\/11), a partir das 15 horas, no Mercado de Origem, em Belo Horizonte. Em sua primeira edi\u00e7\u00e3o, o concurso contou com a participa\u00e7\u00e3o de 132 produtores de v\u00e1rias [&hellip;]","og_url":"https:\/\/miradouronoticias.com\/site\/2024\/11\/21\/concurso-de-avaliacao-da-qualidade-das-cachacas-de-alambique-e-aguardentes-de-cana-mineiras-vai-premiar-os-vencedores-de-2024\/","og_site_name":"Miradouro Not\u00edcias","article_published_time":"2024-11-21T10:02:08+00:00","og_image":[{"width":940,"height":350,"url":"https:\/\/miradouronoticias.com\/site\/wp-content\/uploads\/2024\/11\/Treinamento_jurados_cachaca_1.jpg","type":"image\/jpeg"}],"author":"Cl\u00e1udia Olyver","twitter_card":"summary_large_image","twitter_misc":{"Escrito por":"Cl\u00e1udia Olyver","Est. tempo de leitura":"2 minutos"},"schema":{"@context":"https:\/\/schema.org","@graph":[{"@type":"Article","@id":"https:\/\/miradouronoticias.com\/site\/2024\/11\/21\/concurso-de-avaliacao-da-qualidade-das-cachacas-de-alambique-e-aguardentes-de-cana-mineiras-vai-premiar-os-vencedores-de-2024\/#article","isPartOf":{"@id":"https:\/\/miradouronoticias.com\/site\/2024\/11\/21\/concurso-de-avaliacao-da-qualidade-das-cachacas-de-alambique-e-aguardentes-de-cana-mineiras-vai-premiar-os-vencedores-de-2024\/"},"author":{"name":"Cl\u00e1udia Olyver","@id":"https:\/\/miradouronoticias.com\/site\/#\/schema\/person\/73440d8c82222950df86f3e1a16aad3b"},"headline":"Concurso de Avalia\u00e7\u00e3o da Qualidade das Cacha\u00e7as de Alambique e Aguardentes de Cana Mineiras vai premiar os vencedores de 2024","datePublished":"2024-11-21T10:02:08+00:00","mainEntityOfPage":{"@id":"https:\/\/miradouronoticias.com\/site\/2024\/11\/21\/concurso-de-avaliacao-da-qualidade-das-cachacas-de-alambique-e-aguardentes-de-cana-mineiras-vai-premiar-os-vencedores-de-2024\/"},"wordCount":420,"commentCount":0,"publisher":{"@id":"https:\/\/miradouronoticias.com\/site\/#organization"},"image":{"@id":"https:\/\/miradouronoticias.com\/site\/2024\/11\/21\/concurso-de-avaliacao-da-qualidade-das-cachacas-de-alambique-e-aguardentes-de-cana-mineiras-vai-premiar-os-vencedores-de-2024\/#primaryimage"},"thumbnailUrl":"https:\/\/miradouronoticias.com\/site\/wp-content\/uploads\/2024\/11\/Treinamento_jurados_cachaca_1.jpg","articleSection":["Minas Gerais"],"inLanguage":"pt-BR","potentialAction":[{"@type":"CommentAction","name":"Comment","target":["https:\/\/miradouronoticias.com\/site\/2024\/11\/21\/concurso-de-avaliacao-da-qualidade-das-cachacas-de-alambique-e-aguardentes-de-cana-mineiras-vai-premiar-os-vencedores-de-2024\/#respond"]}]},{"@type":"WebPage","@id":"https:\/\/miradouronoticias.com\/site\/2024\/11\/21\/concurso-de-avaliacao-da-qualidade-das-cachacas-de-alambique-e-aguardentes-de-cana-mineiras-vai-premiar-os-vencedores-de-2024\/","url":"https:\/\/miradouronoticias.com\/site\/2024\/11\/21\/concurso-de-avaliacao-da-qualidade-das-cachacas-de-alambique-e-aguardentes-de-cana-mineiras-vai-premiar-os-vencedores-de-2024\/","name":"Concurso de Avalia\u00e7\u00e3o da Qualidade das Cacha\u00e7as de Alambique e Aguardentes de Cana Mineiras vai premiar os vencedores de 2024 - Miradouro Not\u00edcias","isPartOf":{"@id":"https:\/\/miradouronoticias.com\/site\/#website"},"primaryImageOfPage":{"@id":"https:\/\/miradouronoticias.com\/site\/2024\/11\/21\/concurso-de-avaliacao-da-qualidade-das-cachacas-de-alambique-e-aguardentes-de-cana-mineiras-vai-premiar-os-vencedores-de-2024\/#primaryimage"},"image":{"@id":"https:\/\/miradouronoticias.com\/site\/2024\/11\/21\/concurso-de-avaliacao-da-qualidade-das-cachacas-de-alambique-e-aguardentes-de-cana-mineiras-vai-premiar-os-vencedores-de-2024\/#primaryimage"},"thumbnailUrl":"https:\/\/miradouronoticias.com\/site\/wp-content\/uploads\/2024\/11\/Treinamento_jurados_cachaca_1.jpg","datePublished":"2024-11-21T10:02:08+00:00","breadcrumb":{"@id":"https:\/\/miradouronoticias.com\/site\/2024\/11\/21\/concurso-de-avaliacao-da-qualidade-das-cachacas-de-alambique-e-aguardentes-de-cana-mineiras-vai-premiar-os-vencedores-de-2024\/#breadcrumb"},"inLanguage":"pt-BR","potentialAction":[{"@type":"ReadAction","target":["https:\/\/miradouronoticias.com\/site\/2024\/11\/21\/concurso-de-avaliacao-da-qualidade-das-cachacas-de-alambique-e-aguardentes-de-cana-mineiras-vai-premiar-os-vencedores-de-2024\/"]}]},{"@type":"ImageObject","inLanguage":"pt-BR","@id":"https:\/\/miradouronoticias.com\/site\/2024\/11\/21\/concurso-de-avaliacao-da-qualidade-das-cachacas-de-alambique-e-aguardentes-de-cana-mineiras-vai-premiar-os-vencedores-de-2024\/#primaryimage","url":"https:\/\/miradouronoticias.com\/site\/wp-content\/uploads\/2024\/11\/Treinamento_jurados_cachaca_1.jpg","contentUrl":"https:\/\/miradouronoticias.com\/site\/wp-content\/uploads\/2024\/11\/Treinamento_jurados_cachaca_1.jpg","width":940,"height":350},{"@type":"BreadcrumbList","@id":"https:\/\/miradouronoticias.com\/site\/2024\/11\/21\/concurso-de-avaliacao-da-qualidade-das-cachacas-de-alambique-e-aguardentes-de-cana-mineiras-vai-premiar-os-vencedores-de-2024\/#breadcrumb","itemListElement":[{"@type":"ListItem","position":1,"name":"In\u00edcio","item":"https:\/\/miradouronoticias.com\/site\/"},{"@type":"ListItem","position":2,"name":"Concurso de Avalia\u00e7\u00e3o da Qualidade das Cacha\u00e7as de Alambique e Aguardentes de Cana Mineiras vai premiar os vencedores de 2024"}]},{"@type":"WebSite","@id":"https:\/\/miradouronoticias.com\/site\/#website","url":"https:\/\/miradouronoticias.com\/site\/","name":"Miradouro Not\u00edcias","description":"Informa\u00e7\u00f5es da cidade e regi\u00e3o","publisher":{"@id":"https:\/\/miradouronoticias.com\/site\/#organization"},"potentialAction":[{"@type":"SearchAction","target":{"@type":"EntryPoint","urlTemplate":"https:\/\/miradouronoticias.com\/site\/?s={search_term_string}"},"query-input":{"@type":"PropertyValueSpecification","valueRequired":true,"valueName":"search_term_string"}}],"inLanguage":"pt-BR"},{"@type":"Organization","@id":"https:\/\/miradouronoticias.com\/site\/#organization","name":"Miradouro Not\u00edcias","url":"https:\/\/miradouronoticias.com\/site\/","logo":{"@type":"ImageObject","inLanguage":"pt-BR","@id":"https:\/\/miradouronoticias.com\/site\/#\/schema\/logo\/image\/","url":"https:\/\/miradouronoticias.com\/site\/wp-content\/uploads\/2022\/01\/logomarcamiradouronoticias.png","contentUrl":"https:\/\/miradouronoticias.com\/site\/wp-content\/uploads\/2022\/01\/logomarcamiradouronoticias.png","width":747,"height":263,"caption":"Miradouro Not\u00edcias"},"image":{"@id":"https:\/\/miradouronoticias.com\/site\/#\/schema\/logo\/image\/"}},{"@type":"Person","@id":"https:\/\/miradouronoticias.com\/site\/#\/schema\/person\/73440d8c82222950df86f3e1a16aad3b","name":"Cl\u00e1udia Olyver","sameAs":["http:\/\/www.miradouronoticias.com"],"url":"https:\/\/miradouronoticias.com\/site\/author\/claudia\/"}]}},"_links":{"self":[{"href":"https:\/\/miradouronoticias.com\/site\/wp-json\/wp\/v2\/posts\/26536","targetHints":{"allow":["GET"]}}],"collection":[{"href":"https:\/\/miradouronoticias.com\/site\/wp-json\/wp\/v2\/posts"}],"about":[{"href":"https:\/\/miradouronoticias.com\/site\/wp-json\/wp\/v2\/types\/post"}],"author":[{"embeddable":true,"href":"https:\/\/miradouronoticias.com\/site\/wp-json\/wp\/v2\/users\/4"}],"replies":[{"embeddable":true,"href":"https:\/\/miradouronoticias.com\/site\/wp-json\/wp\/v2\/comments?post=26536"}],"version-history":[{"count":1,"href":"https:\/\/miradouronoticias.com\/site\/wp-json\/wp\/v2\/posts\/26536\/revisions"}],"predecessor-version":[{"id":26538,"href":"https:\/\/miradouronoticias.com\/site\/wp-json\/wp\/v2\/posts\/26536\/revisions\/26538"}],"wp:featuredmedia":[{"embeddable":true,"href":"https:\/\/miradouronoticias.com\/site\/wp-json\/wp\/v2\/media\/26537"}],"wp:attachment":[{"href":"https:\/\/miradouronoticias.com\/site\/wp-json\/wp\/v2\/media?parent=26536"}],"wp:term":[{"taxonomy":"category","embeddable":true,"href":"https:\/\/miradouronoticias.com\/site\/wp-json\/wp\/v2\/categories?post=26536"},{"taxonomy":"post_tag","embeddable":true,"href":"https:\/\/miradouronoticias.com\/site\/wp-json\/wp\/v2\/tags?post=26536"}],"curies":[{"name":"wp","href":"https:\/\/api.w.org\/{rel}","templated":true}]}}