{"id":26480,"date":"2024-11-16T07:22:35","date_gmt":"2024-11-16T10:22:35","guid":{"rendered":"https:\/\/miradouronoticias.com\/site\/?p=26480"},"modified":"2024-11-16T07:22:35","modified_gmt":"2024-11-16T10:22:35","slug":"artesaos-inovam-com-produtos-feitos-com-fibra-de-bananeira-e-taboa","status":"publish","type":"post","link":"https:\/\/miradouronoticias.com\/site\/2024\/11\/16\/artesaos-inovam-com-produtos-feitos-com-fibra-de-bananeira-e-taboa\/","title":{"rendered":"Artes\u00e3os inovam com produtos feitos com fibra de bananeira e taboa"},"content":{"rendered":"<p><img loading=\"lazy\" decoding=\"async\" class=\"alignnone size-medium wp-image-26481\" src=\"https:\/\/miradouronoticias.com\/site\/wp-content\/uploads\/2024\/11\/Artesaos_bananeira_e_taboa_01_Emater-MG-300x112.jpg\" alt=\"\" width=\"300\" height=\"112\" srcset=\"https:\/\/miradouronoticias.com\/site\/wp-content\/uploads\/2024\/11\/Artesaos_bananeira_e_taboa_01_Emater-MG-300x112.jpg 300w, https:\/\/miradouronoticias.com\/site\/wp-content\/uploads\/2024\/11\/Artesaos_bananeira_e_taboa_01_Emater-MG-768x286.jpg 768w, https:\/\/miradouronoticias.com\/site\/wp-content\/uploads\/2024\/11\/Artesaos_bananeira_e_taboa_01_Emater-MG.jpg 940w\" sizes=\"auto, (max-width: 300px) 100vw, 300px\" \/><\/p>\n<p>Cestos, bolsas, embalagens para cacha\u00e7as e chap\u00e9us s\u00e3o alguns dos objetos produzidos com fibra de bananeira e taboa por artes\u00e3os de Santo Ant\u00f4nio do Aventureiro, cidade localizada na Zona da Mata.<\/p>\n<p>Segundo a extensionista da\u00a0<a href=\"https:\/\/www.emater.mg.gov.br\/\" target=\"_blank\" rel=\"noopener\">Empresa de Assist\u00eancia T\u00e9cnica e Extens\u00e3o Rural de Minas Gerais (Emater-MG)<\/a>, Ana Paula S\u00e9rvulo de Andrade, a atividade tem possibilitado aos profissionais obterem uma renda extra, uma vez que podem agregar mais um material para a produ\u00e7\u00e3o de suas pe\u00e7as e tamb\u00e9m criar novos objetos.<\/p>\n<p>Raquel Lima Nogueira e Victor Queiroz s\u00e3o dois exemplos de artes\u00e3os que est\u00e3o inovando e desenvolvendo diversos objetos utilizando as fibras. Raquel j\u00e1 fabricava bolsas, cintos e carteiras em couro, agora sofisticou os produtos com os dois materiais. \u201cEstou misturando as fibras da taboa com as tramas de couro, valorizando os objetos, permitindo cobrar um valor maior\u201d, conta.<\/p>\n<p>Victor fabrica v\u00e1rios objetos em bambu e\u00a0 tamb\u00e9m est\u00e1 utilizando as fibras como material complementar. Ele ressalta o papel da atividade para o resgate de uma tradi\u00e7\u00e3o que estava morrendo no munic\u00edpio. \u201cVenho produzindo\u00a0 lumin\u00e1rias, jardineiras, canecas, tudo de maneira sustent\u00e1vel e agora utilizo mais uma t\u00e9cnica. A atividade \u00e9 muito importante para resgatar uma tradi\u00e7\u00e3o que estava perdida\u201d, diz.<\/p>\n<p>As vendas dos artesanatos s\u00e3o realizadas em feiras e eventos que acontecem no munic\u00edpio. A inten\u00e7\u00e3o \u00e9 ampliar ainda mais o espa\u00e7o para a divulga\u00e7\u00e3o e comercializa\u00e7\u00e3o. \u201cPretendemos criar uma barraca exclusiva na Feira da Agricultura Familiar, que se chamar\u00e1 \u2018Aventureiros de Fibra\u2019, onde todos os artes\u00e3os estar\u00e3o reunidos\u201d, explica a extensionista da Emater-MG.<\/p>\n<p><strong>Curso<\/strong><\/p>\n<p>De acordo com Ana Paula de Andrade, a atividade est\u00e1 sendo poss\u00edvel gra\u00e7as a uma capacita\u00e7\u00e3o que foi realizada em abril deste ano. Ela ressalta que o prop\u00f3sito do curso, promovido em parceria com o Servi\u00e7o Nacional de Aprendizagem Rural \u2013 Administra\u00e7\u00e3o Regional de Minas Gerais (Senar-MG) e a prefeitura municipal, \u00e9 resgatar o uso de fibra de bananeira e taboa na fabrica\u00e7\u00e3o de pe\u00e7as de artesanato.<\/p>\n<p>\u201cMuitos\u00a0 produtores\u00a0 disseram que havia pessoas que fabricavam utens\u00edlios como balaios, cestos com fibras de bananeira e taboa no munic\u00edpio, mas a arte n\u00e3o foi passada para os sucessores. Ent\u00e3o decidimos fazer essa parceria para ensinar a atividade. Agora dez artes\u00e3os est\u00e3o aptos para trabalharem com os materiais e passar a tradi\u00e7\u00e3o adiante\u201d, relata Ana Paula.<\/p>\n<p>O instrutor do Senar-MG que ministrou o curso, Gildeon Santo Porto, explica que tanto o uso da fibra de bananeira quanto da taboa para a produ\u00e7\u00e3o de artesanatos se deve ao fato de serem materiais abundantes no munic\u00edpio e a atividade, al\u00e9m de agregar valor \u00e0s pe\u00e7as, ainda contribui para a sustentabilidade.<\/p>\n<p>\u201cA fibra da bananeira \u00e9 retirada de caules de bananeiras, cortadas ap\u00f3s a colheita do cacho de banana, ent\u00e3o \u00e9 um material que seria descartado. J\u00e1 a taboa \u00e9 uma planta aqu\u00e1tica considerada uma planta invasora (praga) nos a\u00e7udes, e com o artesanato elas podem ser aproveitadas\u201d, conclui Gildeon<\/p>\n<p>By: miradouronoticias.com.br\/ ag\u00eancia minas<\/p>\n","protected":false},"excerpt":{"rendered":"<p>Cestos, bolsas, embalagens para cacha\u00e7as e chap\u00e9us s\u00e3o alguns dos objetos produzidos com fibra de bananeira e taboa por artes\u00e3os de Santo Ant\u00f4nio do Aventureiro, cidade localizada na Zona da Mata. Segundo a extensionista da\u00a0Empresa de Assist\u00eancia T\u00e9cnica e Extens\u00e3o Rural de Minas Gerais (Emater-MG), Ana Paula S\u00e9rvulo de Andrade, a atividade tem possibilitado aos [&hellip;]<\/p>\n","protected":false},"author":4,"featured_media":26481,"comment_status":"open","ping_status":"open","sticky":false,"template":"","format":"standard","meta":{"footnotes":""},"categories":[21],"tags":[],"class_list":["post-26480","post","type-post","status-publish","format-standard","has-post-thumbnail","hentry","category-minas-gerais"],"yoast_head":"<!-- This site is optimized with the Yoast SEO plugin v27.2 - https:\/\/yoast.com\/product\/yoast-seo-wordpress\/ -->\n<title>Artes\u00e3os inovam com produtos feitos com fibra de bananeira e taboa - Miradouro Not\u00edcias<\/title>\n<meta name=\"robots\" content=\"index, follow, max-snippet:-1, max-image-preview:large, max-video-preview:-1\" \/>\n<link rel=\"canonical\" href=\"https:\/\/miradouronoticias.com\/site\/2024\/11\/16\/artesaos-inovam-com-produtos-feitos-com-fibra-de-bananeira-e-taboa\/\" \/>\n<meta property=\"og:locale\" content=\"pt_BR\" \/>\n<meta property=\"og:type\" content=\"article\" \/>\n<meta property=\"og:title\" content=\"Artes\u00e3os inovam com produtos feitos com fibra de bananeira e taboa - Miradouro Not\u00edcias\" \/>\n<meta property=\"og:description\" content=\"Cestos, bolsas, embalagens para cacha\u00e7as e chap\u00e9us s\u00e3o alguns dos objetos produzidos com fibra de bananeira e taboa por artes\u00e3os de Santo Ant\u00f4nio do Aventureiro, cidade localizada na Zona da Mata. Segundo a extensionista da\u00a0Empresa de Assist\u00eancia T\u00e9cnica e Extens\u00e3o Rural de Minas Gerais (Emater-MG), Ana Paula S\u00e9rvulo de Andrade, a atividade tem possibilitado aos [&hellip;]\" \/>\n<meta property=\"og:url\" content=\"https:\/\/miradouronoticias.com\/site\/2024\/11\/16\/artesaos-inovam-com-produtos-feitos-com-fibra-de-bananeira-e-taboa\/\" \/>\n<meta property=\"og:site_name\" content=\"Miradouro Not\u00edcias\" \/>\n<meta property=\"article:published_time\" content=\"2024-11-16T10:22:35+00:00\" \/>\n<meta property=\"og:image\" content=\"https:\/\/miradouronoticias.com\/site\/wp-content\/uploads\/2024\/11\/Artesaos_bananeira_e_taboa_01_Emater-MG.jpg\" \/>\n\t<meta property=\"og:image:width\" content=\"940\" \/>\n\t<meta property=\"og:image:height\" content=\"350\" \/>\n\t<meta property=\"og:image:type\" content=\"image\/jpeg\" \/>\n<meta name=\"author\" content=\"Cl\u00e1udia Olyver\" \/>\n<meta name=\"twitter:card\" content=\"summary_large_image\" \/>\n<meta name=\"twitter:label1\" content=\"Escrito por\" \/>\n\t<meta name=\"twitter:data1\" content=\"Cl\u00e1udia Olyver\" \/>\n\t<meta name=\"twitter:label2\" content=\"Est. tempo de leitura\" \/>\n\t<meta name=\"twitter:data2\" content=\"4 minutos\" \/>\n<script type=\"application\/ld+json\" class=\"yoast-schema-graph\">{\"@context\":\"https:\/\/schema.org\",\"@graph\":[{\"@type\":\"Article\",\"@id\":\"https:\/\/miradouronoticias.com\/site\/2024\/11\/16\/artesaos-inovam-com-produtos-feitos-com-fibra-de-bananeira-e-taboa\/#article\",\"isPartOf\":{\"@id\":\"https:\/\/miradouronoticias.com\/site\/2024\/11\/16\/artesaos-inovam-com-produtos-feitos-com-fibra-de-bananeira-e-taboa\/\"},\"author\":{\"name\":\"Cl\u00e1udia Olyver\",\"@id\":\"https:\/\/miradouronoticias.com\/site\/#\/schema\/person\/73440d8c82222950df86f3e1a16aad3b\"},\"headline\":\"Artes\u00e3os inovam com produtos feitos com fibra de bananeira e taboa\",\"datePublished\":\"2024-11-16T10:22:35+00:00\",\"mainEntityOfPage\":{\"@id\":\"https:\/\/miradouronoticias.com\/site\/2024\/11\/16\/artesaos-inovam-com-produtos-feitos-com-fibra-de-bananeira-e-taboa\/\"},\"wordCount\":543,\"commentCount\":0,\"publisher\":{\"@id\":\"https:\/\/miradouronoticias.com\/site\/#organization\"},\"image\":{\"@id\":\"https:\/\/miradouronoticias.com\/site\/2024\/11\/16\/artesaos-inovam-com-produtos-feitos-com-fibra-de-bananeira-e-taboa\/#primaryimage\"},\"thumbnailUrl\":\"https:\/\/miradouronoticias.com\/site\/wp-content\/uploads\/2024\/11\/Artesaos_bananeira_e_taboa_01_Emater-MG.jpg\",\"articleSection\":[\"Minas Gerais\"],\"inLanguage\":\"pt-BR\",\"potentialAction\":[{\"@type\":\"CommentAction\",\"name\":\"Comment\",\"target\":[\"https:\/\/miradouronoticias.com\/site\/2024\/11\/16\/artesaos-inovam-com-produtos-feitos-com-fibra-de-bananeira-e-taboa\/#respond\"]}]},{\"@type\":\"WebPage\",\"@id\":\"https:\/\/miradouronoticias.com\/site\/2024\/11\/16\/artesaos-inovam-com-produtos-feitos-com-fibra-de-bananeira-e-taboa\/\",\"url\":\"https:\/\/miradouronoticias.com\/site\/2024\/11\/16\/artesaos-inovam-com-produtos-feitos-com-fibra-de-bananeira-e-taboa\/\",\"name\":\"Artes\u00e3os inovam com produtos feitos com fibra de bananeira e taboa - Miradouro Not\u00edcias\",\"isPartOf\":{\"@id\":\"https:\/\/miradouronoticias.com\/site\/#website\"},\"primaryImageOfPage\":{\"@id\":\"https:\/\/miradouronoticias.com\/site\/2024\/11\/16\/artesaos-inovam-com-produtos-feitos-com-fibra-de-bananeira-e-taboa\/#primaryimage\"},\"image\":{\"@id\":\"https:\/\/miradouronoticias.com\/site\/2024\/11\/16\/artesaos-inovam-com-produtos-feitos-com-fibra-de-bananeira-e-taboa\/#primaryimage\"},\"thumbnailUrl\":\"https:\/\/miradouronoticias.com\/site\/wp-content\/uploads\/2024\/11\/Artesaos_bananeira_e_taboa_01_Emater-MG.jpg\",\"datePublished\":\"2024-11-16T10:22:35+00:00\",\"breadcrumb\":{\"@id\":\"https:\/\/miradouronoticias.com\/site\/2024\/11\/16\/artesaos-inovam-com-produtos-feitos-com-fibra-de-bananeira-e-taboa\/#breadcrumb\"},\"inLanguage\":\"pt-BR\",\"potentialAction\":[{\"@type\":\"ReadAction\",\"target\":[\"https:\/\/miradouronoticias.com\/site\/2024\/11\/16\/artesaos-inovam-com-produtos-feitos-com-fibra-de-bananeira-e-taboa\/\"]}]},{\"@type\":\"ImageObject\",\"inLanguage\":\"pt-BR\",\"@id\":\"https:\/\/miradouronoticias.com\/site\/2024\/11\/16\/artesaos-inovam-com-produtos-feitos-com-fibra-de-bananeira-e-taboa\/#primaryimage\",\"url\":\"https:\/\/miradouronoticias.com\/site\/wp-content\/uploads\/2024\/11\/Artesaos_bananeira_e_taboa_01_Emater-MG.jpg\",\"contentUrl\":\"https:\/\/miradouronoticias.com\/site\/wp-content\/uploads\/2024\/11\/Artesaos_bananeira_e_taboa_01_Emater-MG.jpg\",\"width\":940,\"height\":350},{\"@type\":\"BreadcrumbList\",\"@id\":\"https:\/\/miradouronoticias.com\/site\/2024\/11\/16\/artesaos-inovam-com-produtos-feitos-com-fibra-de-bananeira-e-taboa\/#breadcrumb\",\"itemListElement\":[{\"@type\":\"ListItem\",\"position\":1,\"name\":\"In\u00edcio\",\"item\":\"https:\/\/miradouronoticias.com\/site\/\"},{\"@type\":\"ListItem\",\"position\":2,\"name\":\"Artes\u00e3os inovam com produtos feitos com fibra de bananeira e taboa\"}]},{\"@type\":\"WebSite\",\"@id\":\"https:\/\/miradouronoticias.com\/site\/#website\",\"url\":\"https:\/\/miradouronoticias.com\/site\/\",\"name\":\"Miradouro Not\u00edcias\",\"description\":\"Informa\u00e7\u00f5es da cidade e regi\u00e3o\",\"publisher\":{\"@id\":\"https:\/\/miradouronoticias.com\/site\/#organization\"},\"potentialAction\":[{\"@type\":\"SearchAction\",\"target\":{\"@type\":\"EntryPoint\",\"urlTemplate\":\"https:\/\/miradouronoticias.com\/site\/?s={search_term_string}\"},\"query-input\":{\"@type\":\"PropertyValueSpecification\",\"valueRequired\":true,\"valueName\":\"search_term_string\"}}],\"inLanguage\":\"pt-BR\"},{\"@type\":\"Organization\",\"@id\":\"https:\/\/miradouronoticias.com\/site\/#organization\",\"name\":\"Miradouro Not\u00edcias\",\"url\":\"https:\/\/miradouronoticias.com\/site\/\",\"logo\":{\"@type\":\"ImageObject\",\"inLanguage\":\"pt-BR\",\"@id\":\"https:\/\/miradouronoticias.com\/site\/#\/schema\/logo\/image\/\",\"url\":\"https:\/\/miradouronoticias.com\/site\/wp-content\/uploads\/2022\/01\/logomarcamiradouronoticias.png\",\"contentUrl\":\"https:\/\/miradouronoticias.com\/site\/wp-content\/uploads\/2022\/01\/logomarcamiradouronoticias.png\",\"width\":747,\"height\":263,\"caption\":\"Miradouro Not\u00edcias\"},\"image\":{\"@id\":\"https:\/\/miradouronoticias.com\/site\/#\/schema\/logo\/image\/\"}},{\"@type\":\"Person\",\"@id\":\"https:\/\/miradouronoticias.com\/site\/#\/schema\/person\/73440d8c82222950df86f3e1a16aad3b\",\"name\":\"Cl\u00e1udia Olyver\",\"sameAs\":[\"http:\/\/www.miradouronoticias.com\"],\"url\":\"https:\/\/miradouronoticias.com\/site\/author\/claudia\/\"}]}<\/script>\n<!-- \/ Yoast SEO plugin. -->","yoast_head_json":{"title":"Artes\u00e3os inovam com produtos feitos com fibra de bananeira e taboa - Miradouro Not\u00edcias","robots":{"index":"index","follow":"follow","max-snippet":"max-snippet:-1","max-image-preview":"max-image-preview:large","max-video-preview":"max-video-preview:-1"},"canonical":"https:\/\/miradouronoticias.com\/site\/2024\/11\/16\/artesaos-inovam-com-produtos-feitos-com-fibra-de-bananeira-e-taboa\/","og_locale":"pt_BR","og_type":"article","og_title":"Artes\u00e3os inovam com produtos feitos com fibra de bananeira e taboa - Miradouro Not\u00edcias","og_description":"Cestos, bolsas, embalagens para cacha\u00e7as e chap\u00e9us s\u00e3o alguns dos objetos produzidos com fibra de bananeira e taboa por artes\u00e3os de Santo Ant\u00f4nio do Aventureiro, cidade localizada na Zona da Mata. Segundo a extensionista da\u00a0Empresa de Assist\u00eancia T\u00e9cnica e Extens\u00e3o Rural de Minas Gerais (Emater-MG), Ana Paula S\u00e9rvulo de Andrade, a atividade tem possibilitado aos [&hellip;]","og_url":"https:\/\/miradouronoticias.com\/site\/2024\/11\/16\/artesaos-inovam-com-produtos-feitos-com-fibra-de-bananeira-e-taboa\/","og_site_name":"Miradouro Not\u00edcias","article_published_time":"2024-11-16T10:22:35+00:00","og_image":[{"width":940,"height":350,"url":"https:\/\/miradouronoticias.com\/site\/wp-content\/uploads\/2024\/11\/Artesaos_bananeira_e_taboa_01_Emater-MG.jpg","type":"image\/jpeg"}],"author":"Cl\u00e1udia Olyver","twitter_card":"summary_large_image","twitter_misc":{"Escrito por":"Cl\u00e1udia Olyver","Est. tempo de leitura":"4 minutos"},"schema":{"@context":"https:\/\/schema.org","@graph":[{"@type":"Article","@id":"https:\/\/miradouronoticias.com\/site\/2024\/11\/16\/artesaos-inovam-com-produtos-feitos-com-fibra-de-bananeira-e-taboa\/#article","isPartOf":{"@id":"https:\/\/miradouronoticias.com\/site\/2024\/11\/16\/artesaos-inovam-com-produtos-feitos-com-fibra-de-bananeira-e-taboa\/"},"author":{"name":"Cl\u00e1udia Olyver","@id":"https:\/\/miradouronoticias.com\/site\/#\/schema\/person\/73440d8c82222950df86f3e1a16aad3b"},"headline":"Artes\u00e3os inovam com produtos feitos com fibra de bananeira e taboa","datePublished":"2024-11-16T10:22:35+00:00","mainEntityOfPage":{"@id":"https:\/\/miradouronoticias.com\/site\/2024\/11\/16\/artesaos-inovam-com-produtos-feitos-com-fibra-de-bananeira-e-taboa\/"},"wordCount":543,"commentCount":0,"publisher":{"@id":"https:\/\/miradouronoticias.com\/site\/#organization"},"image":{"@id":"https:\/\/miradouronoticias.com\/site\/2024\/11\/16\/artesaos-inovam-com-produtos-feitos-com-fibra-de-bananeira-e-taboa\/#primaryimage"},"thumbnailUrl":"https:\/\/miradouronoticias.com\/site\/wp-content\/uploads\/2024\/11\/Artesaos_bananeira_e_taboa_01_Emater-MG.jpg","articleSection":["Minas Gerais"],"inLanguage":"pt-BR","potentialAction":[{"@type":"CommentAction","name":"Comment","target":["https:\/\/miradouronoticias.com\/site\/2024\/11\/16\/artesaos-inovam-com-produtos-feitos-com-fibra-de-bananeira-e-taboa\/#respond"]}]},{"@type":"WebPage","@id":"https:\/\/miradouronoticias.com\/site\/2024\/11\/16\/artesaos-inovam-com-produtos-feitos-com-fibra-de-bananeira-e-taboa\/","url":"https:\/\/miradouronoticias.com\/site\/2024\/11\/16\/artesaos-inovam-com-produtos-feitos-com-fibra-de-bananeira-e-taboa\/","name":"Artes\u00e3os inovam com produtos feitos com fibra de bananeira e taboa - Miradouro Not\u00edcias","isPartOf":{"@id":"https:\/\/miradouronoticias.com\/site\/#website"},"primaryImageOfPage":{"@id":"https:\/\/miradouronoticias.com\/site\/2024\/11\/16\/artesaos-inovam-com-produtos-feitos-com-fibra-de-bananeira-e-taboa\/#primaryimage"},"image":{"@id":"https:\/\/miradouronoticias.com\/site\/2024\/11\/16\/artesaos-inovam-com-produtos-feitos-com-fibra-de-bananeira-e-taboa\/#primaryimage"},"thumbnailUrl":"https:\/\/miradouronoticias.com\/site\/wp-content\/uploads\/2024\/11\/Artesaos_bananeira_e_taboa_01_Emater-MG.jpg","datePublished":"2024-11-16T10:22:35+00:00","breadcrumb":{"@id":"https:\/\/miradouronoticias.com\/site\/2024\/11\/16\/artesaos-inovam-com-produtos-feitos-com-fibra-de-bananeira-e-taboa\/#breadcrumb"},"inLanguage":"pt-BR","potentialAction":[{"@type":"ReadAction","target":["https:\/\/miradouronoticias.com\/site\/2024\/11\/16\/artesaos-inovam-com-produtos-feitos-com-fibra-de-bananeira-e-taboa\/"]}]},{"@type":"ImageObject","inLanguage":"pt-BR","@id":"https:\/\/miradouronoticias.com\/site\/2024\/11\/16\/artesaos-inovam-com-produtos-feitos-com-fibra-de-bananeira-e-taboa\/#primaryimage","url":"https:\/\/miradouronoticias.com\/site\/wp-content\/uploads\/2024\/11\/Artesaos_bananeira_e_taboa_01_Emater-MG.jpg","contentUrl":"https:\/\/miradouronoticias.com\/site\/wp-content\/uploads\/2024\/11\/Artesaos_bananeira_e_taboa_01_Emater-MG.jpg","width":940,"height":350},{"@type":"BreadcrumbList","@id":"https:\/\/miradouronoticias.com\/site\/2024\/11\/16\/artesaos-inovam-com-produtos-feitos-com-fibra-de-bananeira-e-taboa\/#breadcrumb","itemListElement":[{"@type":"ListItem","position":1,"name":"In\u00edcio","item":"https:\/\/miradouronoticias.com\/site\/"},{"@type":"ListItem","position":2,"name":"Artes\u00e3os inovam com produtos feitos com fibra de bananeira e taboa"}]},{"@type":"WebSite","@id":"https:\/\/miradouronoticias.com\/site\/#website","url":"https:\/\/miradouronoticias.com\/site\/","name":"Miradouro Not\u00edcias","description":"Informa\u00e7\u00f5es da cidade e regi\u00e3o","publisher":{"@id":"https:\/\/miradouronoticias.com\/site\/#organization"},"potentialAction":[{"@type":"SearchAction","target":{"@type":"EntryPoint","urlTemplate":"https:\/\/miradouronoticias.com\/site\/?s={search_term_string}"},"query-input":{"@type":"PropertyValueSpecification","valueRequired":true,"valueName":"search_term_string"}}],"inLanguage":"pt-BR"},{"@type":"Organization","@id":"https:\/\/miradouronoticias.com\/site\/#organization","name":"Miradouro Not\u00edcias","url":"https:\/\/miradouronoticias.com\/site\/","logo":{"@type":"ImageObject","inLanguage":"pt-BR","@id":"https:\/\/miradouronoticias.com\/site\/#\/schema\/logo\/image\/","url":"https:\/\/miradouronoticias.com\/site\/wp-content\/uploads\/2022\/01\/logomarcamiradouronoticias.png","contentUrl":"https:\/\/miradouronoticias.com\/site\/wp-content\/uploads\/2022\/01\/logomarcamiradouronoticias.png","width":747,"height":263,"caption":"Miradouro Not\u00edcias"},"image":{"@id":"https:\/\/miradouronoticias.com\/site\/#\/schema\/logo\/image\/"}},{"@type":"Person","@id":"https:\/\/miradouronoticias.com\/site\/#\/schema\/person\/73440d8c82222950df86f3e1a16aad3b","name":"Cl\u00e1udia Olyver","sameAs":["http:\/\/www.miradouronoticias.com"],"url":"https:\/\/miradouronoticias.com\/site\/author\/claudia\/"}]}},"_links":{"self":[{"href":"https:\/\/miradouronoticias.com\/site\/wp-json\/wp\/v2\/posts\/26480","targetHints":{"allow":["GET"]}}],"collection":[{"href":"https:\/\/miradouronoticias.com\/site\/wp-json\/wp\/v2\/posts"}],"about":[{"href":"https:\/\/miradouronoticias.com\/site\/wp-json\/wp\/v2\/types\/post"}],"author":[{"embeddable":true,"href":"https:\/\/miradouronoticias.com\/site\/wp-json\/wp\/v2\/users\/4"}],"replies":[{"embeddable":true,"href":"https:\/\/miradouronoticias.com\/site\/wp-json\/wp\/v2\/comments?post=26480"}],"version-history":[{"count":1,"href":"https:\/\/miradouronoticias.com\/site\/wp-json\/wp\/v2\/posts\/26480\/revisions"}],"predecessor-version":[{"id":26482,"href":"https:\/\/miradouronoticias.com\/site\/wp-json\/wp\/v2\/posts\/26480\/revisions\/26482"}],"wp:featuredmedia":[{"embeddable":true,"href":"https:\/\/miradouronoticias.com\/site\/wp-json\/wp\/v2\/media\/26481"}],"wp:attachment":[{"href":"https:\/\/miradouronoticias.com\/site\/wp-json\/wp\/v2\/media?parent=26480"}],"wp:term":[{"taxonomy":"category","embeddable":true,"href":"https:\/\/miradouronoticias.com\/site\/wp-json\/wp\/v2\/categories?post=26480"},{"taxonomy":"post_tag","embeddable":true,"href":"https:\/\/miradouronoticias.com\/site\/wp-json\/wp\/v2\/tags?post=26480"}],"curies":[{"name":"wp","href":"https:\/\/api.w.org\/{rel}","templated":true}]}}