{"id":26477,"date":"2024-11-16T07:20:04","date_gmt":"2024-11-16T10:20:04","guid":{"rendered":"https:\/\/miradouronoticias.com\/site\/?p=26477"},"modified":"2024-11-16T07:20:04","modified_gmt":"2024-11-16T10:20:04","slug":"departamento-de-estradas-de-rodagem-preve-liberar-em-cerca-de-60-dias-trafego-na-mg-190-no-alto-paranaiba","status":"publish","type":"post","link":"https:\/\/miradouronoticias.com\/site\/2024\/11\/16\/departamento-de-estradas-de-rodagem-preve-liberar-em-cerca-de-60-dias-trafego-na-mg-190-no-alto-paranaiba\/","title":{"rendered":"Departamento de Estradas de Rodagem prev\u00ea liberar, em cerca de 60 dias, tr\u00e1fego na MG-190, no Alto Parana\u00edba"},"content":{"rendered":"<p><img loading=\"lazy\" decoding=\"async\" class=\"alignnone size-medium wp-image-26478\" src=\"https:\/\/miradouronoticias.com\/site\/wp-content\/uploads\/2024\/11\/mg190-foto-divulgacao-der-mg-1-300x112.jpeg\" alt=\"\" width=\"300\" height=\"112\" srcset=\"https:\/\/miradouronoticias.com\/site\/wp-content\/uploads\/2024\/11\/mg190-foto-divulgacao-der-mg-1-300x112.jpeg 300w, https:\/\/miradouronoticias.com\/site\/wp-content\/uploads\/2024\/11\/mg190-foto-divulgacao-der-mg-1-768x286.jpeg 768w, https:\/\/miradouronoticias.com\/site\/wp-content\/uploads\/2024\/11\/mg190-foto-divulgacao-der-mg-1.jpeg 940w\" sizes=\"auto, (max-width: 300px) 100vw, 300px\" \/><\/p>\n<p>O\u00a0<a href=\"https:\/\/www.der.mg.gov.br\/\" target=\"_blank\" rel=\"noopener\">Departamento de Estradas de Rodagem do Estado de Minas Gerais (DER-MG)<\/a>\u00a0interditou a MG-190, no km 2, no trecho entre Abadia dos Dourados e Monte Carmelo, na regi\u00e3o do Alto Parana\u00edba, devido \u00e0 infiltra\u00e7\u00e3o de \u00e1gua no corpo do aterro, fato que causou uma eros\u00e3o n\u00e3o aparente abaixo da pista.<\/p>\n<p>A medida tem como objetivo dar seguran\u00e7a aos usu\u00e1rios da via, uma vez que o tr\u00e1fego intenso de ve\u00edculos no local pode agravar o problema.<\/p>\n<p>O abatimento na pista foi observado na madrugada de quinta-feira (14\/11), quando ocorreu o rompimento de uma manilha. Com as intensas chuvas que ca\u00edram na regi\u00e3o nas \u00faltimas horas o processo de eros\u00e3o se agravou.<\/p>\n<p>A equipe de manuten\u00e7\u00e3o da Unidade Regional do DER-MG, em Monte Carmelo, j\u00e1 foi mobilizada para isolar a \u00e1rea, implantar sinaliza\u00e7\u00e3o de emerg\u00eancia e interditar a via, junto com a Pol\u00edcia Rodovi\u00e1ria Militar de Minas Gerais.<\/p>\n<p>Um grupo de t\u00e9cnicos do departamento iniciou os levantamentos t\u00e9cnicos, e a expectativa \u00e9 que os servi\u00e7os sejam conclu\u00eddos em 60 dias, dependendo das condi\u00e7\u00f5es clim\u00e1ticas.<\/p>\n<p>Desvio<\/p>\n<p>Durante o per\u00edodo de execu\u00e7\u00e3o das obras, os usu\u00e1rios da via devem realizar desvios do local.<\/p>\n<p>Os ve\u00edculos pesados devem, a partir de Monte Carmelo, seguir pela MG-223, passar por Celso Bueno, continuar a viagem pela BR-365, no sentido a Maca\u00fabas e Patroc\u00ednio, at\u00e9 a MG-188;\u00a0 depois prosseguir\u00e3o por essa rodovia na dire\u00e7\u00e3o de Coromandel, local em que entrar\u00e3o na BR-352, e ent\u00e3o dever\u00e3o tomar o rumo para Abadia dos Dourados. Esse trajeto pode ser realizado tamb\u00e9m por motoristas de ve\u00edculos leves, que n\u00e3o queiram trafegar por vias de terra.<\/p>\n<p>H\u00e1 outro desvio de terra, indicado apenas para ve\u00edculos leves: o condutor, ao sair de Abadia dos Dourados pela BR-352, deve entrar na via municipal no sentido para Forca, Altino e Brej\u00e3o, at\u00e9 chegar no entroncamento com a MG-190, quando tomar\u00e1 o sentido para Monte Carmelo.<\/p>\n<p>O DER-MG disponibiliza em seu\u00a0<a href=\"https:\/\/www.der.mg.gov.br\/\" target=\"_blank\" rel=\"noopener\">site<\/a>, e na parceria que possui com o aplicativo Waze, os pontos com problemas e a situa\u00e7\u00e3o da malha rodovi\u00e1ria mineira. Para acessar as informa\u00e7\u00f5es,\u00a0<a href=\"https:\/\/observatorio.infraestrutura.mg.gov.br\/portal\/apps\/dashboards\/8231214ab45e449189ce4db72084e48f\" target=\"_blank\" rel=\"noopener\">clique aqui<\/a>.<\/p>\n<p>By: miradouronoticias.com.br\/ ag\u00eancia minas<\/p>\n","protected":false},"excerpt":{"rendered":"<p>O\u00a0Departamento de Estradas de Rodagem do Estado de Minas Gerais (DER-MG)\u00a0interditou a MG-190, no km 2, no trecho entre Abadia dos Dourados e Monte Carmelo, na regi\u00e3o do Alto Parana\u00edba, devido \u00e0 infiltra\u00e7\u00e3o de \u00e1gua no corpo do aterro, fato que causou uma eros\u00e3o n\u00e3o aparente abaixo da pista. A medida tem como objetivo dar [&hellip;]<\/p>\n","protected":false},"author":4,"featured_media":26478,"comment_status":"open","ping_status":"open","sticky":false,"template":"","format":"standard","meta":{"footnotes":""},"categories":[21],"tags":[],"class_list":["post-26477","post","type-post","status-publish","format-standard","has-post-thumbnail","hentry","category-minas-gerais"],"yoast_head":"<!-- This site is optimized with the Yoast SEO plugin v27.2 - https:\/\/yoast.com\/product\/yoast-seo-wordpress\/ -->\n<title>Departamento de Estradas de Rodagem prev\u00ea liberar, em cerca de 60 dias, tr\u00e1fego na MG-190, no Alto Parana\u00edba - Miradouro Not\u00edcias<\/title>\n<meta name=\"robots\" content=\"index, follow, max-snippet:-1, max-image-preview:large, max-video-preview:-1\" \/>\n<link rel=\"canonical\" href=\"https:\/\/miradouronoticias.com\/site\/2024\/11\/16\/departamento-de-estradas-de-rodagem-preve-liberar-em-cerca-de-60-dias-trafego-na-mg-190-no-alto-paranaiba\/\" \/>\n<meta property=\"og:locale\" content=\"pt_BR\" \/>\n<meta property=\"og:type\" content=\"article\" \/>\n<meta property=\"og:title\" content=\"Departamento de Estradas de Rodagem prev\u00ea liberar, em cerca de 60 dias, tr\u00e1fego na MG-190, no Alto Parana\u00edba - Miradouro Not\u00edcias\" \/>\n<meta property=\"og:description\" content=\"O\u00a0Departamento de Estradas de Rodagem do Estado de Minas Gerais (DER-MG)\u00a0interditou a MG-190, no km 2, no trecho entre Abadia dos Dourados e Monte Carmelo, na regi\u00e3o do Alto Parana\u00edba, devido \u00e0 infiltra\u00e7\u00e3o de \u00e1gua no corpo do aterro, fato que causou uma eros\u00e3o n\u00e3o aparente abaixo da pista. A medida tem como objetivo dar [&hellip;]\" \/>\n<meta property=\"og:url\" content=\"https:\/\/miradouronoticias.com\/site\/2024\/11\/16\/departamento-de-estradas-de-rodagem-preve-liberar-em-cerca-de-60-dias-trafego-na-mg-190-no-alto-paranaiba\/\" \/>\n<meta property=\"og:site_name\" content=\"Miradouro Not\u00edcias\" \/>\n<meta property=\"article:published_time\" content=\"2024-11-16T10:20:04+00:00\" \/>\n<meta property=\"og:image\" content=\"https:\/\/miradouronoticias.com\/site\/wp-content\/uploads\/2024\/11\/mg190-foto-divulgacao-der-mg-1.jpeg\" \/>\n\t<meta property=\"og:image:width\" content=\"940\" \/>\n\t<meta property=\"og:image:height\" content=\"350\" \/>\n\t<meta property=\"og:image:type\" content=\"image\/jpeg\" \/>\n<meta name=\"author\" content=\"Cl\u00e1udia Olyver\" \/>\n<meta name=\"twitter:card\" content=\"summary_large_image\" \/>\n<meta name=\"twitter:label1\" content=\"Escrito por\" \/>\n\t<meta name=\"twitter:data1\" content=\"Cl\u00e1udia Olyver\" \/>\n\t<meta name=\"twitter:label2\" content=\"Est. tempo de leitura\" \/>\n\t<meta name=\"twitter:data2\" content=\"3 minutos\" \/>\n<script type=\"application\/ld+json\" class=\"yoast-schema-graph\">{\"@context\":\"https:\/\/schema.org\",\"@graph\":[{\"@type\":\"Article\",\"@id\":\"https:\/\/miradouronoticias.com\/site\/2024\/11\/16\/departamento-de-estradas-de-rodagem-preve-liberar-em-cerca-de-60-dias-trafego-na-mg-190-no-alto-paranaiba\/#article\",\"isPartOf\":{\"@id\":\"https:\/\/miradouronoticias.com\/site\/2024\/11\/16\/departamento-de-estradas-de-rodagem-preve-liberar-em-cerca-de-60-dias-trafego-na-mg-190-no-alto-paranaiba\/\"},\"author\":{\"name\":\"Cl\u00e1udia Olyver\",\"@id\":\"https:\/\/miradouronoticias.com\/site\/#\/schema\/person\/73440d8c82222950df86f3e1a16aad3b\"},\"headline\":\"Departamento de Estradas de Rodagem prev\u00ea liberar, em cerca de 60 dias, tr\u00e1fego na MG-190, no Alto Parana\u00edba\",\"datePublished\":\"2024-11-16T10:20:04+00:00\",\"mainEntityOfPage\":{\"@id\":\"https:\/\/miradouronoticias.com\/site\/2024\/11\/16\/departamento-de-estradas-de-rodagem-preve-liberar-em-cerca-de-60-dias-trafego-na-mg-190-no-alto-paranaiba\/\"},\"wordCount\":405,\"commentCount\":0,\"publisher\":{\"@id\":\"https:\/\/miradouronoticias.com\/site\/#organization\"},\"image\":{\"@id\":\"https:\/\/miradouronoticias.com\/site\/2024\/11\/16\/departamento-de-estradas-de-rodagem-preve-liberar-em-cerca-de-60-dias-trafego-na-mg-190-no-alto-paranaiba\/#primaryimage\"},\"thumbnailUrl\":\"https:\/\/miradouronoticias.com\/site\/wp-content\/uploads\/2024\/11\/mg190-foto-divulgacao-der-mg-1.jpeg\",\"articleSection\":[\"Minas Gerais\"],\"inLanguage\":\"pt-BR\",\"potentialAction\":[{\"@type\":\"CommentAction\",\"name\":\"Comment\",\"target\":[\"https:\/\/miradouronoticias.com\/site\/2024\/11\/16\/departamento-de-estradas-de-rodagem-preve-liberar-em-cerca-de-60-dias-trafego-na-mg-190-no-alto-paranaiba\/#respond\"]}]},{\"@type\":\"WebPage\",\"@id\":\"https:\/\/miradouronoticias.com\/site\/2024\/11\/16\/departamento-de-estradas-de-rodagem-preve-liberar-em-cerca-de-60-dias-trafego-na-mg-190-no-alto-paranaiba\/\",\"url\":\"https:\/\/miradouronoticias.com\/site\/2024\/11\/16\/departamento-de-estradas-de-rodagem-preve-liberar-em-cerca-de-60-dias-trafego-na-mg-190-no-alto-paranaiba\/\",\"name\":\"Departamento de Estradas de Rodagem prev\u00ea liberar, em cerca de 60 dias, tr\u00e1fego na MG-190, no Alto Parana\u00edba - Miradouro Not\u00edcias\",\"isPartOf\":{\"@id\":\"https:\/\/miradouronoticias.com\/site\/#website\"},\"primaryImageOfPage\":{\"@id\":\"https:\/\/miradouronoticias.com\/site\/2024\/11\/16\/departamento-de-estradas-de-rodagem-preve-liberar-em-cerca-de-60-dias-trafego-na-mg-190-no-alto-paranaiba\/#primaryimage\"},\"image\":{\"@id\":\"https:\/\/miradouronoticias.com\/site\/2024\/11\/16\/departamento-de-estradas-de-rodagem-preve-liberar-em-cerca-de-60-dias-trafego-na-mg-190-no-alto-paranaiba\/#primaryimage\"},\"thumbnailUrl\":\"https:\/\/miradouronoticias.com\/site\/wp-content\/uploads\/2024\/11\/mg190-foto-divulgacao-der-mg-1.jpeg\",\"datePublished\":\"2024-11-16T10:20:04+00:00\",\"breadcrumb\":{\"@id\":\"https:\/\/miradouronoticias.com\/site\/2024\/11\/16\/departamento-de-estradas-de-rodagem-preve-liberar-em-cerca-de-60-dias-trafego-na-mg-190-no-alto-paranaiba\/#breadcrumb\"},\"inLanguage\":\"pt-BR\",\"potentialAction\":[{\"@type\":\"ReadAction\",\"target\":[\"https:\/\/miradouronoticias.com\/site\/2024\/11\/16\/departamento-de-estradas-de-rodagem-preve-liberar-em-cerca-de-60-dias-trafego-na-mg-190-no-alto-paranaiba\/\"]}]},{\"@type\":\"ImageObject\",\"inLanguage\":\"pt-BR\",\"@id\":\"https:\/\/miradouronoticias.com\/site\/2024\/11\/16\/departamento-de-estradas-de-rodagem-preve-liberar-em-cerca-de-60-dias-trafego-na-mg-190-no-alto-paranaiba\/#primaryimage\",\"url\":\"https:\/\/miradouronoticias.com\/site\/wp-content\/uploads\/2024\/11\/mg190-foto-divulgacao-der-mg-1.jpeg\",\"contentUrl\":\"https:\/\/miradouronoticias.com\/site\/wp-content\/uploads\/2024\/11\/mg190-foto-divulgacao-der-mg-1.jpeg\",\"width\":940,\"height\":350},{\"@type\":\"BreadcrumbList\",\"@id\":\"https:\/\/miradouronoticias.com\/site\/2024\/11\/16\/departamento-de-estradas-de-rodagem-preve-liberar-em-cerca-de-60-dias-trafego-na-mg-190-no-alto-paranaiba\/#breadcrumb\",\"itemListElement\":[{\"@type\":\"ListItem\",\"position\":1,\"name\":\"In\u00edcio\",\"item\":\"https:\/\/miradouronoticias.com\/site\/\"},{\"@type\":\"ListItem\",\"position\":2,\"name\":\"Departamento de Estradas de Rodagem prev\u00ea liberar, em cerca de 60 dias, tr\u00e1fego na MG-190, no Alto Parana\u00edba\"}]},{\"@type\":\"WebSite\",\"@id\":\"https:\/\/miradouronoticias.com\/site\/#website\",\"url\":\"https:\/\/miradouronoticias.com\/site\/\",\"name\":\"Miradouro Not\u00edcias\",\"description\":\"Informa\u00e7\u00f5es da cidade e regi\u00e3o\",\"publisher\":{\"@id\":\"https:\/\/miradouronoticias.com\/site\/#organization\"},\"potentialAction\":[{\"@type\":\"SearchAction\",\"target\":{\"@type\":\"EntryPoint\",\"urlTemplate\":\"https:\/\/miradouronoticias.com\/site\/?s={search_term_string}\"},\"query-input\":{\"@type\":\"PropertyValueSpecification\",\"valueRequired\":true,\"valueName\":\"search_term_string\"}}],\"inLanguage\":\"pt-BR\"},{\"@type\":\"Organization\",\"@id\":\"https:\/\/miradouronoticias.com\/site\/#organization\",\"name\":\"Miradouro Not\u00edcias\",\"url\":\"https:\/\/miradouronoticias.com\/site\/\",\"logo\":{\"@type\":\"ImageObject\",\"inLanguage\":\"pt-BR\",\"@id\":\"https:\/\/miradouronoticias.com\/site\/#\/schema\/logo\/image\/\",\"url\":\"https:\/\/miradouronoticias.com\/site\/wp-content\/uploads\/2022\/01\/logomarcamiradouronoticias.png\",\"contentUrl\":\"https:\/\/miradouronoticias.com\/site\/wp-content\/uploads\/2022\/01\/logomarcamiradouronoticias.png\",\"width\":747,\"height\":263,\"caption\":\"Miradouro Not\u00edcias\"},\"image\":{\"@id\":\"https:\/\/miradouronoticias.com\/site\/#\/schema\/logo\/image\/\"}},{\"@type\":\"Person\",\"@id\":\"https:\/\/miradouronoticias.com\/site\/#\/schema\/person\/73440d8c82222950df86f3e1a16aad3b\",\"name\":\"Cl\u00e1udia Olyver\",\"sameAs\":[\"http:\/\/www.miradouronoticias.com\"],\"url\":\"https:\/\/miradouronoticias.com\/site\/author\/claudia\/\"}]}<\/script>\n<!-- \/ Yoast SEO plugin. -->","yoast_head_json":{"title":"Departamento de Estradas de Rodagem prev\u00ea liberar, em cerca de 60 dias, tr\u00e1fego na MG-190, no Alto Parana\u00edba - Miradouro Not\u00edcias","robots":{"index":"index","follow":"follow","max-snippet":"max-snippet:-1","max-image-preview":"max-image-preview:large","max-video-preview":"max-video-preview:-1"},"canonical":"https:\/\/miradouronoticias.com\/site\/2024\/11\/16\/departamento-de-estradas-de-rodagem-preve-liberar-em-cerca-de-60-dias-trafego-na-mg-190-no-alto-paranaiba\/","og_locale":"pt_BR","og_type":"article","og_title":"Departamento de Estradas de Rodagem prev\u00ea liberar, em cerca de 60 dias, tr\u00e1fego na MG-190, no Alto Parana\u00edba - Miradouro Not\u00edcias","og_description":"O\u00a0Departamento de Estradas de Rodagem do Estado de Minas Gerais (DER-MG)\u00a0interditou a MG-190, no km 2, no trecho entre Abadia dos Dourados e Monte Carmelo, na regi\u00e3o do Alto Parana\u00edba, devido \u00e0 infiltra\u00e7\u00e3o de \u00e1gua no corpo do aterro, fato que causou uma eros\u00e3o n\u00e3o aparente abaixo da pista. A medida tem como objetivo dar [&hellip;]","og_url":"https:\/\/miradouronoticias.com\/site\/2024\/11\/16\/departamento-de-estradas-de-rodagem-preve-liberar-em-cerca-de-60-dias-trafego-na-mg-190-no-alto-paranaiba\/","og_site_name":"Miradouro Not\u00edcias","article_published_time":"2024-11-16T10:20:04+00:00","og_image":[{"width":940,"height":350,"url":"https:\/\/miradouronoticias.com\/site\/wp-content\/uploads\/2024\/11\/mg190-foto-divulgacao-der-mg-1.jpeg","type":"image\/jpeg"}],"author":"Cl\u00e1udia Olyver","twitter_card":"summary_large_image","twitter_misc":{"Escrito por":"Cl\u00e1udia Olyver","Est. tempo de leitura":"3 minutos"},"schema":{"@context":"https:\/\/schema.org","@graph":[{"@type":"Article","@id":"https:\/\/miradouronoticias.com\/site\/2024\/11\/16\/departamento-de-estradas-de-rodagem-preve-liberar-em-cerca-de-60-dias-trafego-na-mg-190-no-alto-paranaiba\/#article","isPartOf":{"@id":"https:\/\/miradouronoticias.com\/site\/2024\/11\/16\/departamento-de-estradas-de-rodagem-preve-liberar-em-cerca-de-60-dias-trafego-na-mg-190-no-alto-paranaiba\/"},"author":{"name":"Cl\u00e1udia Olyver","@id":"https:\/\/miradouronoticias.com\/site\/#\/schema\/person\/73440d8c82222950df86f3e1a16aad3b"},"headline":"Departamento de Estradas de Rodagem prev\u00ea liberar, em cerca de 60 dias, tr\u00e1fego na MG-190, no Alto Parana\u00edba","datePublished":"2024-11-16T10:20:04+00:00","mainEntityOfPage":{"@id":"https:\/\/miradouronoticias.com\/site\/2024\/11\/16\/departamento-de-estradas-de-rodagem-preve-liberar-em-cerca-de-60-dias-trafego-na-mg-190-no-alto-paranaiba\/"},"wordCount":405,"commentCount":0,"publisher":{"@id":"https:\/\/miradouronoticias.com\/site\/#organization"},"image":{"@id":"https:\/\/miradouronoticias.com\/site\/2024\/11\/16\/departamento-de-estradas-de-rodagem-preve-liberar-em-cerca-de-60-dias-trafego-na-mg-190-no-alto-paranaiba\/#primaryimage"},"thumbnailUrl":"https:\/\/miradouronoticias.com\/site\/wp-content\/uploads\/2024\/11\/mg190-foto-divulgacao-der-mg-1.jpeg","articleSection":["Minas Gerais"],"inLanguage":"pt-BR","potentialAction":[{"@type":"CommentAction","name":"Comment","target":["https:\/\/miradouronoticias.com\/site\/2024\/11\/16\/departamento-de-estradas-de-rodagem-preve-liberar-em-cerca-de-60-dias-trafego-na-mg-190-no-alto-paranaiba\/#respond"]}]},{"@type":"WebPage","@id":"https:\/\/miradouronoticias.com\/site\/2024\/11\/16\/departamento-de-estradas-de-rodagem-preve-liberar-em-cerca-de-60-dias-trafego-na-mg-190-no-alto-paranaiba\/","url":"https:\/\/miradouronoticias.com\/site\/2024\/11\/16\/departamento-de-estradas-de-rodagem-preve-liberar-em-cerca-de-60-dias-trafego-na-mg-190-no-alto-paranaiba\/","name":"Departamento de Estradas de Rodagem prev\u00ea liberar, em cerca de 60 dias, tr\u00e1fego na MG-190, no Alto Parana\u00edba - Miradouro Not\u00edcias","isPartOf":{"@id":"https:\/\/miradouronoticias.com\/site\/#website"},"primaryImageOfPage":{"@id":"https:\/\/miradouronoticias.com\/site\/2024\/11\/16\/departamento-de-estradas-de-rodagem-preve-liberar-em-cerca-de-60-dias-trafego-na-mg-190-no-alto-paranaiba\/#primaryimage"},"image":{"@id":"https:\/\/miradouronoticias.com\/site\/2024\/11\/16\/departamento-de-estradas-de-rodagem-preve-liberar-em-cerca-de-60-dias-trafego-na-mg-190-no-alto-paranaiba\/#primaryimage"},"thumbnailUrl":"https:\/\/miradouronoticias.com\/site\/wp-content\/uploads\/2024\/11\/mg190-foto-divulgacao-der-mg-1.jpeg","datePublished":"2024-11-16T10:20:04+00:00","breadcrumb":{"@id":"https:\/\/miradouronoticias.com\/site\/2024\/11\/16\/departamento-de-estradas-de-rodagem-preve-liberar-em-cerca-de-60-dias-trafego-na-mg-190-no-alto-paranaiba\/#breadcrumb"},"inLanguage":"pt-BR","potentialAction":[{"@type":"ReadAction","target":["https:\/\/miradouronoticias.com\/site\/2024\/11\/16\/departamento-de-estradas-de-rodagem-preve-liberar-em-cerca-de-60-dias-trafego-na-mg-190-no-alto-paranaiba\/"]}]},{"@type":"ImageObject","inLanguage":"pt-BR","@id":"https:\/\/miradouronoticias.com\/site\/2024\/11\/16\/departamento-de-estradas-de-rodagem-preve-liberar-em-cerca-de-60-dias-trafego-na-mg-190-no-alto-paranaiba\/#primaryimage","url":"https:\/\/miradouronoticias.com\/site\/wp-content\/uploads\/2024\/11\/mg190-foto-divulgacao-der-mg-1.jpeg","contentUrl":"https:\/\/miradouronoticias.com\/site\/wp-content\/uploads\/2024\/11\/mg190-foto-divulgacao-der-mg-1.jpeg","width":940,"height":350},{"@type":"BreadcrumbList","@id":"https:\/\/miradouronoticias.com\/site\/2024\/11\/16\/departamento-de-estradas-de-rodagem-preve-liberar-em-cerca-de-60-dias-trafego-na-mg-190-no-alto-paranaiba\/#breadcrumb","itemListElement":[{"@type":"ListItem","position":1,"name":"In\u00edcio","item":"https:\/\/miradouronoticias.com\/site\/"},{"@type":"ListItem","position":2,"name":"Departamento de Estradas de Rodagem prev\u00ea liberar, em cerca de 60 dias, tr\u00e1fego na MG-190, no Alto Parana\u00edba"}]},{"@type":"WebSite","@id":"https:\/\/miradouronoticias.com\/site\/#website","url":"https:\/\/miradouronoticias.com\/site\/","name":"Miradouro Not\u00edcias","description":"Informa\u00e7\u00f5es da cidade e regi\u00e3o","publisher":{"@id":"https:\/\/miradouronoticias.com\/site\/#organization"},"potentialAction":[{"@type":"SearchAction","target":{"@type":"EntryPoint","urlTemplate":"https:\/\/miradouronoticias.com\/site\/?s={search_term_string}"},"query-input":{"@type":"PropertyValueSpecification","valueRequired":true,"valueName":"search_term_string"}}],"inLanguage":"pt-BR"},{"@type":"Organization","@id":"https:\/\/miradouronoticias.com\/site\/#organization","name":"Miradouro Not\u00edcias","url":"https:\/\/miradouronoticias.com\/site\/","logo":{"@type":"ImageObject","inLanguage":"pt-BR","@id":"https:\/\/miradouronoticias.com\/site\/#\/schema\/logo\/image\/","url":"https:\/\/miradouronoticias.com\/site\/wp-content\/uploads\/2022\/01\/logomarcamiradouronoticias.png","contentUrl":"https:\/\/miradouronoticias.com\/site\/wp-content\/uploads\/2022\/01\/logomarcamiradouronoticias.png","width":747,"height":263,"caption":"Miradouro Not\u00edcias"},"image":{"@id":"https:\/\/miradouronoticias.com\/site\/#\/schema\/logo\/image\/"}},{"@type":"Person","@id":"https:\/\/miradouronoticias.com\/site\/#\/schema\/person\/73440d8c82222950df86f3e1a16aad3b","name":"Cl\u00e1udia Olyver","sameAs":["http:\/\/www.miradouronoticias.com"],"url":"https:\/\/miradouronoticias.com\/site\/author\/claudia\/"}]}},"_links":{"self":[{"href":"https:\/\/miradouronoticias.com\/site\/wp-json\/wp\/v2\/posts\/26477","targetHints":{"allow":["GET"]}}],"collection":[{"href":"https:\/\/miradouronoticias.com\/site\/wp-json\/wp\/v2\/posts"}],"about":[{"href":"https:\/\/miradouronoticias.com\/site\/wp-json\/wp\/v2\/types\/post"}],"author":[{"embeddable":true,"href":"https:\/\/miradouronoticias.com\/site\/wp-json\/wp\/v2\/users\/4"}],"replies":[{"embeddable":true,"href":"https:\/\/miradouronoticias.com\/site\/wp-json\/wp\/v2\/comments?post=26477"}],"version-history":[{"count":1,"href":"https:\/\/miradouronoticias.com\/site\/wp-json\/wp\/v2\/posts\/26477\/revisions"}],"predecessor-version":[{"id":26479,"href":"https:\/\/miradouronoticias.com\/site\/wp-json\/wp\/v2\/posts\/26477\/revisions\/26479"}],"wp:featuredmedia":[{"embeddable":true,"href":"https:\/\/miradouronoticias.com\/site\/wp-json\/wp\/v2\/media\/26478"}],"wp:attachment":[{"href":"https:\/\/miradouronoticias.com\/site\/wp-json\/wp\/v2\/media?parent=26477"}],"wp:term":[{"taxonomy":"category","embeddable":true,"href":"https:\/\/miradouronoticias.com\/site\/wp-json\/wp\/v2\/categories?post=26477"},{"taxonomy":"post_tag","embeddable":true,"href":"https:\/\/miradouronoticias.com\/site\/wp-json\/wp\/v2\/tags?post=26477"}],"curies":[{"name":"wp","href":"https:\/\/api.w.org\/{rel}","templated":true}]}}