{"id":26474,"date":"2024-11-16T07:16:11","date_gmt":"2024-11-16T10:16:11","guid":{"rendered":"https:\/\/miradouronoticias.com\/site\/?p=26474"},"modified":"2024-11-16T07:16:11","modified_gmt":"2024-11-16T10:16:11","slug":"brasil-vai-comandar-o-conselho-executivo-da-onu-turismo-em-2025","status":"publish","type":"post","link":"https:\/\/miradouronoticias.com\/site\/2024\/11\/16\/brasil-vai-comandar-o-conselho-executivo-da-onu-turismo-em-2025\/","title":{"rendered":"Brasil vai comandar o Conselho Executivo da ONU Turismo em 2025"},"content":{"rendered":"<p><img loading=\"lazy\" decoding=\"async\" class=\"alignnone size-medium wp-image-26475\" src=\"https:\/\/miradouronoticias.com\/site\/wp-content\/uploads\/2024\/11\/19062024-pzzb5076-300x179.webp\" alt=\"\" width=\"300\" height=\"179\" srcset=\"https:\/\/miradouronoticias.com\/site\/wp-content\/uploads\/2024\/11\/19062024-pzzb5076-300x179.webp 300w, https:\/\/miradouronoticias.com\/site\/wp-content\/uploads\/2024\/11\/19062024-pzzb5076-1024x613.webp 1024w, https:\/\/miradouronoticias.com\/site\/wp-content\/uploads\/2024\/11\/19062024-pzzb5076-768x459.webp 768w, https:\/\/miradouronoticias.com\/site\/wp-content\/uploads\/2024\/11\/19062024-pzzb5076.webp 1170w\" sizes=\"auto, (max-width: 300px) 100vw, 300px\" \/><\/p>\n<p>A partir de 2025, o Brasil ir\u00e1 comandar o Conselho Executivo da ONU Turismo, mais alto posto da Organiza\u00e7\u00e3o das Na\u00e7\u00f5es Unidas, no que se refere \u00e0 tomada de decis\u00f5es para o setor.<img decoding=\"async\" src=\"https:\/\/agenciabrasil.ebc.com.br\/ebc.png?id=1619955&amp;o=node\" \/><img decoding=\"async\" src=\"https:\/\/agenciabrasil.ebc.com.br\/ebc.gif?id=1619955&amp;o=node\" \/><\/p>\n<p>O cargo ser\u00e1 ocupado pelo ministro do Turismo, Celso Sabino, eleito nessa quinta-, durante a reuni\u00e3o do Conselho, em Cartagena, na Col\u00f4mbia, com a participa\u00e7\u00e3o de representantes de 35 pa\u00edses.<\/p>\n<p>O mandato tem dura\u00e7\u00e3o de um ano. O ministro ser\u00e1 respons\u00e1vel por decis\u00f5es estrat\u00e9gicas no \u00f3rg\u00e3o, como atra\u00e7\u00e3o de investimentos, sustentabilidade, qualifica\u00e7\u00e3o profissional e rela\u00e7\u00e3o do setor com as mudan\u00e7as clim\u00e1ticas.<\/p>\n<p>Celso Sabino \u00e9 o primeiro brasileiro a ocupar um alto cargo de representatividade na ONU Turismo. O ministro comentou a import\u00e2ncia da elei\u00e7\u00e3o para o pa\u00eds, criando oportunidades com sustentabilidade.<\/p>\n<p>O Brasil disputou o cargo com o Barhein. O ministro Celso Sabino assumir\u00e1 o posto no pr\u00f3ximo ano, quando o pa\u00eds receber\u00e1 dois grandes eventos mundiais: BRICS e a COP 30, sendo este o mais importante encontro de discuss\u00e3o sobre mudan\u00e7as clim\u00e1ticas.<\/p>\n<p>A cidade do Rio de Janeiro sediar\u00e1 o primeiro escrit\u00f3rio da ONU Turismo nas Am\u00e9ricas.<\/p>\n<p>By: miradouronoticias.com.br\/ ag\u00eancia Brasil<\/p>\n","protected":false},"excerpt":{"rendered":"<p>A partir de 2025, o Brasil ir\u00e1 comandar o Conselho Executivo da ONU Turismo, mais alto posto da Organiza\u00e7\u00e3o das Na\u00e7\u00f5es Unidas, no que se refere \u00e0 tomada de decis\u00f5es para o setor. O cargo ser\u00e1 ocupado pelo ministro do Turismo, Celso Sabino, eleito nessa quinta-, durante a reuni\u00e3o do Conselho, em Cartagena, na Col\u00f4mbia, [&hellip;]<\/p>\n","protected":false},"author":4,"featured_media":26475,"comment_status":"open","ping_status":"open","sticky":false,"template":"","format":"standard","meta":{"footnotes":""},"categories":[1],"tags":[],"class_list":["post-26474","post","type-post","status-publish","format-standard","has-post-thumbnail","hentry","category-destaque-principal"],"yoast_head":"<!-- This site is optimized with the Yoast SEO plugin v27.2 - https:\/\/yoast.com\/product\/yoast-seo-wordpress\/ -->\n<title>Brasil vai comandar o Conselho Executivo da ONU Turismo em 2025 - Miradouro Not\u00edcias<\/title>\n<meta name=\"robots\" content=\"index, follow, max-snippet:-1, max-image-preview:large, max-video-preview:-1\" \/>\n<link rel=\"canonical\" href=\"https:\/\/miradouronoticias.com\/site\/2024\/11\/16\/brasil-vai-comandar-o-conselho-executivo-da-onu-turismo-em-2025\/\" \/>\n<meta property=\"og:locale\" content=\"pt_BR\" \/>\n<meta property=\"og:type\" content=\"article\" \/>\n<meta property=\"og:title\" content=\"Brasil vai comandar o Conselho Executivo da ONU Turismo em 2025 - Miradouro Not\u00edcias\" \/>\n<meta property=\"og:description\" content=\"A partir de 2025, o Brasil ir\u00e1 comandar o Conselho Executivo da ONU Turismo, mais alto posto da Organiza\u00e7\u00e3o das Na\u00e7\u00f5es Unidas, no que se refere \u00e0 tomada de decis\u00f5es para o setor. O cargo ser\u00e1 ocupado pelo ministro do Turismo, Celso Sabino, eleito nessa quinta-, durante a reuni\u00e3o do Conselho, em Cartagena, na Col\u00f4mbia, [&hellip;]\" \/>\n<meta property=\"og:url\" content=\"https:\/\/miradouronoticias.com\/site\/2024\/11\/16\/brasil-vai-comandar-o-conselho-executivo-da-onu-turismo-em-2025\/\" \/>\n<meta property=\"og:site_name\" content=\"Miradouro Not\u00edcias\" \/>\n<meta property=\"article:published_time\" content=\"2024-11-16T10:16:11+00:00\" \/>\n<meta property=\"og:image\" content=\"https:\/\/miradouronoticias.com\/site\/wp-content\/uploads\/2024\/11\/19062024-pzzb5076.webp\" \/>\n\t<meta property=\"og:image:width\" content=\"1170\" \/>\n\t<meta property=\"og:image:height\" content=\"700\" \/>\n\t<meta property=\"og:image:type\" content=\"image\/webp\" \/>\n<meta name=\"author\" content=\"Cl\u00e1udia Olyver\" \/>\n<meta name=\"twitter:card\" content=\"summary_large_image\" \/>\n<meta name=\"twitter:label1\" content=\"Escrito por\" \/>\n\t<meta name=\"twitter:data1\" content=\"Cl\u00e1udia Olyver\" \/>\n\t<meta name=\"twitter:label2\" content=\"Est. tempo de leitura\" \/>\n\t<meta name=\"twitter:data2\" content=\"2 minutos\" \/>\n<script type=\"application\/ld+json\" class=\"yoast-schema-graph\">{\"@context\":\"https:\/\/schema.org\",\"@graph\":[{\"@type\":\"Article\",\"@id\":\"https:\/\/miradouronoticias.com\/site\/2024\/11\/16\/brasil-vai-comandar-o-conselho-executivo-da-onu-turismo-em-2025\/#article\",\"isPartOf\":{\"@id\":\"https:\/\/miradouronoticias.com\/site\/2024\/11\/16\/brasil-vai-comandar-o-conselho-executivo-da-onu-turismo-em-2025\/\"},\"author\":{\"name\":\"Cl\u00e1udia Olyver\",\"@id\":\"https:\/\/miradouronoticias.com\/site\/#\/schema\/person\/73440d8c82222950df86f3e1a16aad3b\"},\"headline\":\"Brasil vai comandar o Conselho Executivo da ONU Turismo em 2025\",\"datePublished\":\"2024-11-16T10:16:11+00:00\",\"mainEntityOfPage\":{\"@id\":\"https:\/\/miradouronoticias.com\/site\/2024\/11\/16\/brasil-vai-comandar-o-conselho-executivo-da-onu-turismo-em-2025\/\"},\"wordCount\":220,\"commentCount\":0,\"publisher\":{\"@id\":\"https:\/\/miradouronoticias.com\/site\/#organization\"},\"image\":{\"@id\":\"https:\/\/miradouronoticias.com\/site\/2024\/11\/16\/brasil-vai-comandar-o-conselho-executivo-da-onu-turismo-em-2025\/#primaryimage\"},\"thumbnailUrl\":\"https:\/\/miradouronoticias.com\/site\/wp-content\/uploads\/2024\/11\/19062024-pzzb5076.webp\",\"articleSection\":[\"Destaque Principal\"],\"inLanguage\":\"pt-BR\",\"potentialAction\":[{\"@type\":\"CommentAction\",\"name\":\"Comment\",\"target\":[\"https:\/\/miradouronoticias.com\/site\/2024\/11\/16\/brasil-vai-comandar-o-conselho-executivo-da-onu-turismo-em-2025\/#respond\"]}]},{\"@type\":\"WebPage\",\"@id\":\"https:\/\/miradouronoticias.com\/site\/2024\/11\/16\/brasil-vai-comandar-o-conselho-executivo-da-onu-turismo-em-2025\/\",\"url\":\"https:\/\/miradouronoticias.com\/site\/2024\/11\/16\/brasil-vai-comandar-o-conselho-executivo-da-onu-turismo-em-2025\/\",\"name\":\"Brasil vai comandar o Conselho Executivo da ONU Turismo em 2025 - Miradouro Not\u00edcias\",\"isPartOf\":{\"@id\":\"https:\/\/miradouronoticias.com\/site\/#website\"},\"primaryImageOfPage\":{\"@id\":\"https:\/\/miradouronoticias.com\/site\/2024\/11\/16\/brasil-vai-comandar-o-conselho-executivo-da-onu-turismo-em-2025\/#primaryimage\"},\"image\":{\"@id\":\"https:\/\/miradouronoticias.com\/site\/2024\/11\/16\/brasil-vai-comandar-o-conselho-executivo-da-onu-turismo-em-2025\/#primaryimage\"},\"thumbnailUrl\":\"https:\/\/miradouronoticias.com\/site\/wp-content\/uploads\/2024\/11\/19062024-pzzb5076.webp\",\"datePublished\":\"2024-11-16T10:16:11+00:00\",\"breadcrumb\":{\"@id\":\"https:\/\/miradouronoticias.com\/site\/2024\/11\/16\/brasil-vai-comandar-o-conselho-executivo-da-onu-turismo-em-2025\/#breadcrumb\"},\"inLanguage\":\"pt-BR\",\"potentialAction\":[{\"@type\":\"ReadAction\",\"target\":[\"https:\/\/miradouronoticias.com\/site\/2024\/11\/16\/brasil-vai-comandar-o-conselho-executivo-da-onu-turismo-em-2025\/\"]}]},{\"@type\":\"ImageObject\",\"inLanguage\":\"pt-BR\",\"@id\":\"https:\/\/miradouronoticias.com\/site\/2024\/11\/16\/brasil-vai-comandar-o-conselho-executivo-da-onu-turismo-em-2025\/#primaryimage\",\"url\":\"https:\/\/miradouronoticias.com\/site\/wp-content\/uploads\/2024\/11\/19062024-pzzb5076.webp\",\"contentUrl\":\"https:\/\/miradouronoticias.com\/site\/wp-content\/uploads\/2024\/11\/19062024-pzzb5076.webp\",\"width\":1170,\"height\":700},{\"@type\":\"BreadcrumbList\",\"@id\":\"https:\/\/miradouronoticias.com\/site\/2024\/11\/16\/brasil-vai-comandar-o-conselho-executivo-da-onu-turismo-em-2025\/#breadcrumb\",\"itemListElement\":[{\"@type\":\"ListItem\",\"position\":1,\"name\":\"In\u00edcio\",\"item\":\"https:\/\/miradouronoticias.com\/site\/\"},{\"@type\":\"ListItem\",\"position\":2,\"name\":\"Brasil vai comandar o Conselho Executivo da ONU Turismo em 2025\"}]},{\"@type\":\"WebSite\",\"@id\":\"https:\/\/miradouronoticias.com\/site\/#website\",\"url\":\"https:\/\/miradouronoticias.com\/site\/\",\"name\":\"Miradouro Not\u00edcias\",\"description\":\"Informa\u00e7\u00f5es da cidade e regi\u00e3o\",\"publisher\":{\"@id\":\"https:\/\/miradouronoticias.com\/site\/#organization\"},\"potentialAction\":[{\"@type\":\"SearchAction\",\"target\":{\"@type\":\"EntryPoint\",\"urlTemplate\":\"https:\/\/miradouronoticias.com\/site\/?s={search_term_string}\"},\"query-input\":{\"@type\":\"PropertyValueSpecification\",\"valueRequired\":true,\"valueName\":\"search_term_string\"}}],\"inLanguage\":\"pt-BR\"},{\"@type\":\"Organization\",\"@id\":\"https:\/\/miradouronoticias.com\/site\/#organization\",\"name\":\"Miradouro Not\u00edcias\",\"url\":\"https:\/\/miradouronoticias.com\/site\/\",\"logo\":{\"@type\":\"ImageObject\",\"inLanguage\":\"pt-BR\",\"@id\":\"https:\/\/miradouronoticias.com\/site\/#\/schema\/logo\/image\/\",\"url\":\"https:\/\/miradouronoticias.com\/site\/wp-content\/uploads\/2022\/01\/logomarcamiradouronoticias.png\",\"contentUrl\":\"https:\/\/miradouronoticias.com\/site\/wp-content\/uploads\/2022\/01\/logomarcamiradouronoticias.png\",\"width\":747,\"height\":263,\"caption\":\"Miradouro Not\u00edcias\"},\"image\":{\"@id\":\"https:\/\/miradouronoticias.com\/site\/#\/schema\/logo\/image\/\"}},{\"@type\":\"Person\",\"@id\":\"https:\/\/miradouronoticias.com\/site\/#\/schema\/person\/73440d8c82222950df86f3e1a16aad3b\",\"name\":\"Cl\u00e1udia Olyver\",\"sameAs\":[\"http:\/\/www.miradouronoticias.com\"],\"url\":\"https:\/\/miradouronoticias.com\/site\/author\/claudia\/\"}]}<\/script>\n<!-- \/ Yoast SEO plugin. -->","yoast_head_json":{"title":"Brasil vai comandar o Conselho Executivo da ONU Turismo em 2025 - Miradouro Not\u00edcias","robots":{"index":"index","follow":"follow","max-snippet":"max-snippet:-1","max-image-preview":"max-image-preview:large","max-video-preview":"max-video-preview:-1"},"canonical":"https:\/\/miradouronoticias.com\/site\/2024\/11\/16\/brasil-vai-comandar-o-conselho-executivo-da-onu-turismo-em-2025\/","og_locale":"pt_BR","og_type":"article","og_title":"Brasil vai comandar o Conselho Executivo da ONU Turismo em 2025 - Miradouro Not\u00edcias","og_description":"A partir de 2025, o Brasil ir\u00e1 comandar o Conselho Executivo da ONU Turismo, mais alto posto da Organiza\u00e7\u00e3o das Na\u00e7\u00f5es Unidas, no que se refere \u00e0 tomada de decis\u00f5es para o setor. O cargo ser\u00e1 ocupado pelo ministro do Turismo, Celso Sabino, eleito nessa quinta-, durante a reuni\u00e3o do Conselho, em Cartagena, na Col\u00f4mbia, [&hellip;]","og_url":"https:\/\/miradouronoticias.com\/site\/2024\/11\/16\/brasil-vai-comandar-o-conselho-executivo-da-onu-turismo-em-2025\/","og_site_name":"Miradouro Not\u00edcias","article_published_time":"2024-11-16T10:16:11+00:00","og_image":[{"width":1170,"height":700,"url":"https:\/\/miradouronoticias.com\/site\/wp-content\/uploads\/2024\/11\/19062024-pzzb5076.webp","type":"image\/webp"}],"author":"Cl\u00e1udia Olyver","twitter_card":"summary_large_image","twitter_misc":{"Escrito por":"Cl\u00e1udia Olyver","Est. tempo de leitura":"2 minutos"},"schema":{"@context":"https:\/\/schema.org","@graph":[{"@type":"Article","@id":"https:\/\/miradouronoticias.com\/site\/2024\/11\/16\/brasil-vai-comandar-o-conselho-executivo-da-onu-turismo-em-2025\/#article","isPartOf":{"@id":"https:\/\/miradouronoticias.com\/site\/2024\/11\/16\/brasil-vai-comandar-o-conselho-executivo-da-onu-turismo-em-2025\/"},"author":{"name":"Cl\u00e1udia Olyver","@id":"https:\/\/miradouronoticias.com\/site\/#\/schema\/person\/73440d8c82222950df86f3e1a16aad3b"},"headline":"Brasil vai comandar o Conselho Executivo da ONU Turismo em 2025","datePublished":"2024-11-16T10:16:11+00:00","mainEntityOfPage":{"@id":"https:\/\/miradouronoticias.com\/site\/2024\/11\/16\/brasil-vai-comandar-o-conselho-executivo-da-onu-turismo-em-2025\/"},"wordCount":220,"commentCount":0,"publisher":{"@id":"https:\/\/miradouronoticias.com\/site\/#organization"},"image":{"@id":"https:\/\/miradouronoticias.com\/site\/2024\/11\/16\/brasil-vai-comandar-o-conselho-executivo-da-onu-turismo-em-2025\/#primaryimage"},"thumbnailUrl":"https:\/\/miradouronoticias.com\/site\/wp-content\/uploads\/2024\/11\/19062024-pzzb5076.webp","articleSection":["Destaque Principal"],"inLanguage":"pt-BR","potentialAction":[{"@type":"CommentAction","name":"Comment","target":["https:\/\/miradouronoticias.com\/site\/2024\/11\/16\/brasil-vai-comandar-o-conselho-executivo-da-onu-turismo-em-2025\/#respond"]}]},{"@type":"WebPage","@id":"https:\/\/miradouronoticias.com\/site\/2024\/11\/16\/brasil-vai-comandar-o-conselho-executivo-da-onu-turismo-em-2025\/","url":"https:\/\/miradouronoticias.com\/site\/2024\/11\/16\/brasil-vai-comandar-o-conselho-executivo-da-onu-turismo-em-2025\/","name":"Brasil vai comandar o Conselho Executivo da ONU Turismo em 2025 - Miradouro Not\u00edcias","isPartOf":{"@id":"https:\/\/miradouronoticias.com\/site\/#website"},"primaryImageOfPage":{"@id":"https:\/\/miradouronoticias.com\/site\/2024\/11\/16\/brasil-vai-comandar-o-conselho-executivo-da-onu-turismo-em-2025\/#primaryimage"},"image":{"@id":"https:\/\/miradouronoticias.com\/site\/2024\/11\/16\/brasil-vai-comandar-o-conselho-executivo-da-onu-turismo-em-2025\/#primaryimage"},"thumbnailUrl":"https:\/\/miradouronoticias.com\/site\/wp-content\/uploads\/2024\/11\/19062024-pzzb5076.webp","datePublished":"2024-11-16T10:16:11+00:00","breadcrumb":{"@id":"https:\/\/miradouronoticias.com\/site\/2024\/11\/16\/brasil-vai-comandar-o-conselho-executivo-da-onu-turismo-em-2025\/#breadcrumb"},"inLanguage":"pt-BR","potentialAction":[{"@type":"ReadAction","target":["https:\/\/miradouronoticias.com\/site\/2024\/11\/16\/brasil-vai-comandar-o-conselho-executivo-da-onu-turismo-em-2025\/"]}]},{"@type":"ImageObject","inLanguage":"pt-BR","@id":"https:\/\/miradouronoticias.com\/site\/2024\/11\/16\/brasil-vai-comandar-o-conselho-executivo-da-onu-turismo-em-2025\/#primaryimage","url":"https:\/\/miradouronoticias.com\/site\/wp-content\/uploads\/2024\/11\/19062024-pzzb5076.webp","contentUrl":"https:\/\/miradouronoticias.com\/site\/wp-content\/uploads\/2024\/11\/19062024-pzzb5076.webp","width":1170,"height":700},{"@type":"BreadcrumbList","@id":"https:\/\/miradouronoticias.com\/site\/2024\/11\/16\/brasil-vai-comandar-o-conselho-executivo-da-onu-turismo-em-2025\/#breadcrumb","itemListElement":[{"@type":"ListItem","position":1,"name":"In\u00edcio","item":"https:\/\/miradouronoticias.com\/site\/"},{"@type":"ListItem","position":2,"name":"Brasil vai comandar o Conselho Executivo da ONU Turismo em 2025"}]},{"@type":"WebSite","@id":"https:\/\/miradouronoticias.com\/site\/#website","url":"https:\/\/miradouronoticias.com\/site\/","name":"Miradouro Not\u00edcias","description":"Informa\u00e7\u00f5es da cidade e regi\u00e3o","publisher":{"@id":"https:\/\/miradouronoticias.com\/site\/#organization"},"potentialAction":[{"@type":"SearchAction","target":{"@type":"EntryPoint","urlTemplate":"https:\/\/miradouronoticias.com\/site\/?s={search_term_string}"},"query-input":{"@type":"PropertyValueSpecification","valueRequired":true,"valueName":"search_term_string"}}],"inLanguage":"pt-BR"},{"@type":"Organization","@id":"https:\/\/miradouronoticias.com\/site\/#organization","name":"Miradouro Not\u00edcias","url":"https:\/\/miradouronoticias.com\/site\/","logo":{"@type":"ImageObject","inLanguage":"pt-BR","@id":"https:\/\/miradouronoticias.com\/site\/#\/schema\/logo\/image\/","url":"https:\/\/miradouronoticias.com\/site\/wp-content\/uploads\/2022\/01\/logomarcamiradouronoticias.png","contentUrl":"https:\/\/miradouronoticias.com\/site\/wp-content\/uploads\/2022\/01\/logomarcamiradouronoticias.png","width":747,"height":263,"caption":"Miradouro Not\u00edcias"},"image":{"@id":"https:\/\/miradouronoticias.com\/site\/#\/schema\/logo\/image\/"}},{"@type":"Person","@id":"https:\/\/miradouronoticias.com\/site\/#\/schema\/person\/73440d8c82222950df86f3e1a16aad3b","name":"Cl\u00e1udia Olyver","sameAs":["http:\/\/www.miradouronoticias.com"],"url":"https:\/\/miradouronoticias.com\/site\/author\/claudia\/"}]}},"_links":{"self":[{"href":"https:\/\/miradouronoticias.com\/site\/wp-json\/wp\/v2\/posts\/26474","targetHints":{"allow":["GET"]}}],"collection":[{"href":"https:\/\/miradouronoticias.com\/site\/wp-json\/wp\/v2\/posts"}],"about":[{"href":"https:\/\/miradouronoticias.com\/site\/wp-json\/wp\/v2\/types\/post"}],"author":[{"embeddable":true,"href":"https:\/\/miradouronoticias.com\/site\/wp-json\/wp\/v2\/users\/4"}],"replies":[{"embeddable":true,"href":"https:\/\/miradouronoticias.com\/site\/wp-json\/wp\/v2\/comments?post=26474"}],"version-history":[{"count":1,"href":"https:\/\/miradouronoticias.com\/site\/wp-json\/wp\/v2\/posts\/26474\/revisions"}],"predecessor-version":[{"id":26476,"href":"https:\/\/miradouronoticias.com\/site\/wp-json\/wp\/v2\/posts\/26474\/revisions\/26476"}],"wp:featuredmedia":[{"embeddable":true,"href":"https:\/\/miradouronoticias.com\/site\/wp-json\/wp\/v2\/media\/26475"}],"wp:attachment":[{"href":"https:\/\/miradouronoticias.com\/site\/wp-json\/wp\/v2\/media?parent=26474"}],"wp:term":[{"taxonomy":"category","embeddable":true,"href":"https:\/\/miradouronoticias.com\/site\/wp-json\/wp\/v2\/categories?post=26474"},{"taxonomy":"post_tag","embeddable":true,"href":"https:\/\/miradouronoticias.com\/site\/wp-json\/wp\/v2\/tags?post=26474"}],"curies":[{"name":"wp","href":"https:\/\/api.w.org\/{rel}","templated":true}]}}