{"id":26471,"date":"2024-11-16T07:12:52","date_gmt":"2024-11-16T10:12:52","guid":{"rendered":"https:\/\/miradouronoticias.com\/site\/?p=26471"},"modified":"2024-11-16T07:12:52","modified_gmt":"2024-11-16T10:12:52","slug":"lideranca-indigena-defende-demarcacao-de-terras-como-pauta-climatica","status":"publish","type":"post","link":"https:\/\/miradouronoticias.com\/site\/2024\/11\/16\/lideranca-indigena-defende-demarcacao-de-terras-como-pauta-climatica\/","title":{"rendered":"Lideran\u00e7a Ind\u00edgena defende demarca\u00e7\u00e3o de terras como pauta clim\u00e1tica"},"content":{"rendered":"<p><img loading=\"lazy\" decoding=\"async\" class=\"alignnone size-medium wp-image-26472\" src=\"https:\/\/miradouronoticias.com\/site\/wp-content\/uploads\/2024\/11\/toms9153-300x179.jpg\" alt=\"\" width=\"300\" height=\"179\" srcset=\"https:\/\/miradouronoticias.com\/site\/wp-content\/uploads\/2024\/11\/toms9153-300x179.jpg 300w, https:\/\/miradouronoticias.com\/site\/wp-content\/uploads\/2024\/11\/toms9153-1024x613.jpg 1024w, https:\/\/miradouronoticias.com\/site\/wp-content\/uploads\/2024\/11\/toms9153-768x459.jpg 768w, https:\/\/miradouronoticias.com\/site\/wp-content\/uploads\/2024\/11\/toms9153.jpg 1170w\" sizes=\"auto, (max-width: 300px) 100vw, 300px\" \/><\/p>\n<p>O pen\u00faltimo dia do\u00a0G20\u00a0Social\u00a0foi marcado pela realiza\u00e7\u00e3o de tr\u00eas\u00a0plen\u00e1rias simult\u00e2neas. \u00a0Uma delas, dedicada \u00e0 sustentabilidade, mudan\u00e7a do clima e transi\u00e7\u00e3o justa.<img decoding=\"async\" src=\"https:\/\/agenciabrasil.ebc.com.br\/ebc.png?id=1619896&amp;o=node\" \/><img decoding=\"async\" src=\"https:\/\/agenciabrasil.ebc.com.br\/ebc.gif?id=1619896&amp;o=node\" \/><\/p>\n<p>Nesta plen\u00e1ria, realizada no Armaz\u00e9m 3, na Regi\u00e3o Portu\u00e1ria, os debates foram abertos pela\u00a0 francesa Laurence Tubiana, negociadora chefe do acordo de Paris, que chegou direto da COP29 para participar do F\u00f3rum no Rio. Ela destacou os impactos das mudan\u00e7as clim\u00e1ticas e a necessidade de reduzir os gases de efeito estufa, com transi\u00e7\u00e3o energ\u00e9tica e justi\u00e7a\u00a0social.<\/p>\n<p>Segundo Laurence Tubiana, os principais impactados pelas altera\u00e7\u00f5es do clima s\u00e3o as popula\u00e7\u00f5es mais pobres e perif\u00e9ricas dos pa\u00edses subdesenvolvidos e em desenvolvimento. Ela ainda refor\u00e7ou a necessidade de participa\u00e7\u00e3o da sociedade civil nas decis\u00f5es, e a import\u00e2ncia do\u00a0G20\u00a0Social\u00a0como um espa\u00e7o participativo.<\/p>\n<p>Tamb\u00e9m presente na plen\u00e1ria, Marciely Tupari, lideran\u00e7a ind\u00edgena de Rond\u00f4nia,\u00a0\u00a0destacou a necessidade de a demarca\u00e7\u00e3o de terras estar na pauta clim\u00e1tica:<\/p>\n<blockquote><p>&#8220;O que a gente t\u00e1 debatendo enquanto movimento ind\u00edgena \u00e9\u00a0que o estado brasileiro\u00a0coloque\u00a0como pauta principal a quest\u00e3o da demarca\u00e7\u00e3o dos territ\u00f3rios ind\u00edgenas como uma pauta clim\u00e1tica. Como sempre \u00e9 colocado nas negocia\u00e7\u00f5es e como j\u00e1 foi comprovado,\u00a0n\u00f3s, povos ind\u00edgenas, somos 5% da popula\u00e7\u00e3o mundial, mas n\u00f3s preservamos 80% de toda a biodiversidade do planeta&#8221;.<\/p><\/blockquote>\n<p>Outra participante, Adriana Marcolino, diretora t\u00e9cnica do Departamento Intersindical de Estat\u00edsticas e Estudos Socioecon\u00f4micos (Dieese), refor\u00e7ou que os trabalhadores e trabalhadoras s\u00e3o os principais afetados pelas mudan\u00e7as clim\u00e1ticas e os que menos t\u00eam recursos para lidar com as altera\u00e7\u00f5es do clima. Sobre os eventos clim\u00e1ticos extremos,\u00a0 sustentou a necessidade de medidas que assegurem que os mais pobres e vulner\u00e1veis n\u00e3o paguem pelas pol\u00edticas de altera\u00e7\u00e3o clim\u00e1tica geradas especialmente pelos mais ricos e poluidores.<\/p>\n<p>J\u00e1 o ministro do Desenvolvimento Agr\u00e1rio, Paulo Teixeira, falou sobre como a agricultura familiar brasileira pode contribuir para a alian\u00e7a global:<\/p>\n<p>&#8220;O Brasil tem o Pronaf,\u00a0tem o Programa de Aquisi\u00e7\u00e3o de alimentos, o Programa Nacional de Alimenta\u00e7\u00e3o\u00a0Escolar, tem o Programa de Compras Institucionais. O\u00a0Brasil tem um grande programa voltado \u00e0 reforma agr\u00e1ria. Todos esses programas s\u00e3o importantes para o Brasil e\u00a0s\u00e3o exemplos que o Brasil pode oferecer para o mundo todo.&#8221;<\/p>\n<p>Por sua vez, o secret\u00e1rio executivo do Minist\u00e9rio do Meio Ambiente e Mudan\u00e7a do Clima, Jo\u00e3o Paulo Capobianco, exaltou o avan\u00e7o das agendas em debate no\u00a0G20. Principalmente a import\u00e2ncia da participa\u00e7\u00e3o da sociedade civil neste processo de formula\u00e7\u00e3o de pol\u00edticas p\u00fablicas para um mundo sustent\u00e1vel.<\/p>\n<p>By: miradouronoticias.com.br\/ ag\u00eancia Brasil<\/p>\n","protected":false},"excerpt":{"rendered":"<p>O pen\u00faltimo dia do\u00a0G20\u00a0Social\u00a0foi marcado pela realiza\u00e7\u00e3o de tr\u00eas\u00a0plen\u00e1rias simult\u00e2neas. \u00a0Uma delas, dedicada \u00e0 sustentabilidade, mudan\u00e7a do clima e transi\u00e7\u00e3o justa. Nesta plen\u00e1ria, realizada no Armaz\u00e9m 3, na Regi\u00e3o Portu\u00e1ria, os debates foram abertos pela\u00a0 francesa Laurence Tubiana, negociadora chefe do acordo de Paris, que chegou direto da COP29 para participar do F\u00f3rum no Rio. [&hellip;]<\/p>\n","protected":false},"author":4,"featured_media":26472,"comment_status":"open","ping_status":"open","sticky":false,"template":"","format":"standard","meta":{"footnotes":""},"categories":[1],"tags":[],"class_list":["post-26471","post","type-post","status-publish","format-standard","has-post-thumbnail","hentry","category-destaque-principal"],"yoast_head":"<!-- This site is optimized with the Yoast SEO plugin v27.2 - https:\/\/yoast.com\/product\/yoast-seo-wordpress\/ -->\n<title>Lideran\u00e7a Ind\u00edgena defende demarca\u00e7\u00e3o de terras como pauta clim\u00e1tica - Miradouro Not\u00edcias<\/title>\n<meta name=\"robots\" content=\"index, follow, max-snippet:-1, max-image-preview:large, max-video-preview:-1\" \/>\n<link rel=\"canonical\" href=\"https:\/\/miradouronoticias.com\/site\/2024\/11\/16\/lideranca-indigena-defende-demarcacao-de-terras-como-pauta-climatica\/\" \/>\n<meta property=\"og:locale\" content=\"pt_BR\" \/>\n<meta property=\"og:type\" content=\"article\" \/>\n<meta property=\"og:title\" content=\"Lideran\u00e7a Ind\u00edgena defende demarca\u00e7\u00e3o de terras como pauta clim\u00e1tica - Miradouro Not\u00edcias\" \/>\n<meta property=\"og:description\" content=\"O pen\u00faltimo dia do\u00a0G20\u00a0Social\u00a0foi marcado pela realiza\u00e7\u00e3o de tr\u00eas\u00a0plen\u00e1rias simult\u00e2neas. \u00a0Uma delas, dedicada \u00e0 sustentabilidade, mudan\u00e7a do clima e transi\u00e7\u00e3o justa. Nesta plen\u00e1ria, realizada no Armaz\u00e9m 3, na Regi\u00e3o Portu\u00e1ria, os debates foram abertos pela\u00a0 francesa Laurence Tubiana, negociadora chefe do acordo de Paris, que chegou direto da COP29 para participar do F\u00f3rum no Rio. [&hellip;]\" \/>\n<meta property=\"og:url\" content=\"https:\/\/miradouronoticias.com\/site\/2024\/11\/16\/lideranca-indigena-defende-demarcacao-de-terras-como-pauta-climatica\/\" \/>\n<meta property=\"og:site_name\" content=\"Miradouro Not\u00edcias\" \/>\n<meta property=\"article:published_time\" content=\"2024-11-16T10:12:52+00:00\" \/>\n<meta property=\"og:image\" content=\"https:\/\/miradouronoticias.com\/site\/wp-content\/uploads\/2024\/11\/toms9153.jpg\" \/>\n\t<meta property=\"og:image:width\" content=\"1170\" \/>\n\t<meta property=\"og:image:height\" content=\"700\" \/>\n\t<meta property=\"og:image:type\" content=\"image\/jpeg\" \/>\n<meta name=\"author\" content=\"Cl\u00e1udia Olyver\" \/>\n<meta name=\"twitter:card\" content=\"summary_large_image\" \/>\n<meta name=\"twitter:label1\" content=\"Escrito por\" \/>\n\t<meta name=\"twitter:data1\" content=\"Cl\u00e1udia Olyver\" \/>\n\t<meta name=\"twitter:label2\" content=\"Est. tempo de leitura\" \/>\n\t<meta name=\"twitter:data2\" content=\"3 minutos\" \/>\n<script type=\"application\/ld+json\" class=\"yoast-schema-graph\">{\"@context\":\"https:\/\/schema.org\",\"@graph\":[{\"@type\":\"Article\",\"@id\":\"https:\/\/miradouronoticias.com\/site\/2024\/11\/16\/lideranca-indigena-defende-demarcacao-de-terras-como-pauta-climatica\/#article\",\"isPartOf\":{\"@id\":\"https:\/\/miradouronoticias.com\/site\/2024\/11\/16\/lideranca-indigena-defende-demarcacao-de-terras-como-pauta-climatica\/\"},\"author\":{\"name\":\"Cl\u00e1udia Olyver\",\"@id\":\"https:\/\/miradouronoticias.com\/site\/#\/schema\/person\/73440d8c82222950df86f3e1a16aad3b\"},\"headline\":\"Lideran\u00e7a Ind\u00edgena defende demarca\u00e7\u00e3o de terras como pauta clim\u00e1tica\",\"datePublished\":\"2024-11-16T10:12:52+00:00\",\"mainEntityOfPage\":{\"@id\":\"https:\/\/miradouronoticias.com\/site\/2024\/11\/16\/lideranca-indigena-defende-demarcacao-de-terras-como-pauta-climatica\/\"},\"wordCount\":492,\"commentCount\":0,\"publisher\":{\"@id\":\"https:\/\/miradouronoticias.com\/site\/#organization\"},\"image\":{\"@id\":\"https:\/\/miradouronoticias.com\/site\/2024\/11\/16\/lideranca-indigena-defende-demarcacao-de-terras-como-pauta-climatica\/#primaryimage\"},\"thumbnailUrl\":\"https:\/\/miradouronoticias.com\/site\/wp-content\/uploads\/2024\/11\/toms9153.jpg\",\"articleSection\":[\"Destaque Principal\"],\"inLanguage\":\"pt-BR\",\"potentialAction\":[{\"@type\":\"CommentAction\",\"name\":\"Comment\",\"target\":[\"https:\/\/miradouronoticias.com\/site\/2024\/11\/16\/lideranca-indigena-defende-demarcacao-de-terras-como-pauta-climatica\/#respond\"]}]},{\"@type\":\"WebPage\",\"@id\":\"https:\/\/miradouronoticias.com\/site\/2024\/11\/16\/lideranca-indigena-defende-demarcacao-de-terras-como-pauta-climatica\/\",\"url\":\"https:\/\/miradouronoticias.com\/site\/2024\/11\/16\/lideranca-indigena-defende-demarcacao-de-terras-como-pauta-climatica\/\",\"name\":\"Lideran\u00e7a Ind\u00edgena defende demarca\u00e7\u00e3o de terras como pauta clim\u00e1tica - Miradouro Not\u00edcias\",\"isPartOf\":{\"@id\":\"https:\/\/miradouronoticias.com\/site\/#website\"},\"primaryImageOfPage\":{\"@id\":\"https:\/\/miradouronoticias.com\/site\/2024\/11\/16\/lideranca-indigena-defende-demarcacao-de-terras-como-pauta-climatica\/#primaryimage\"},\"image\":{\"@id\":\"https:\/\/miradouronoticias.com\/site\/2024\/11\/16\/lideranca-indigena-defende-demarcacao-de-terras-como-pauta-climatica\/#primaryimage\"},\"thumbnailUrl\":\"https:\/\/miradouronoticias.com\/site\/wp-content\/uploads\/2024\/11\/toms9153.jpg\",\"datePublished\":\"2024-11-16T10:12:52+00:00\",\"breadcrumb\":{\"@id\":\"https:\/\/miradouronoticias.com\/site\/2024\/11\/16\/lideranca-indigena-defende-demarcacao-de-terras-como-pauta-climatica\/#breadcrumb\"},\"inLanguage\":\"pt-BR\",\"potentialAction\":[{\"@type\":\"ReadAction\",\"target\":[\"https:\/\/miradouronoticias.com\/site\/2024\/11\/16\/lideranca-indigena-defende-demarcacao-de-terras-como-pauta-climatica\/\"]}]},{\"@type\":\"ImageObject\",\"inLanguage\":\"pt-BR\",\"@id\":\"https:\/\/miradouronoticias.com\/site\/2024\/11\/16\/lideranca-indigena-defende-demarcacao-de-terras-como-pauta-climatica\/#primaryimage\",\"url\":\"https:\/\/miradouronoticias.com\/site\/wp-content\/uploads\/2024\/11\/toms9153.jpg\",\"contentUrl\":\"https:\/\/miradouronoticias.com\/site\/wp-content\/uploads\/2024\/11\/toms9153.jpg\",\"width\":1170,\"height\":700},{\"@type\":\"BreadcrumbList\",\"@id\":\"https:\/\/miradouronoticias.com\/site\/2024\/11\/16\/lideranca-indigena-defende-demarcacao-de-terras-como-pauta-climatica\/#breadcrumb\",\"itemListElement\":[{\"@type\":\"ListItem\",\"position\":1,\"name\":\"In\u00edcio\",\"item\":\"https:\/\/miradouronoticias.com\/site\/\"},{\"@type\":\"ListItem\",\"position\":2,\"name\":\"Lideran\u00e7a Ind\u00edgena defende demarca\u00e7\u00e3o de terras como pauta clim\u00e1tica\"}]},{\"@type\":\"WebSite\",\"@id\":\"https:\/\/miradouronoticias.com\/site\/#website\",\"url\":\"https:\/\/miradouronoticias.com\/site\/\",\"name\":\"Miradouro Not\u00edcias\",\"description\":\"Informa\u00e7\u00f5es da cidade e regi\u00e3o\",\"publisher\":{\"@id\":\"https:\/\/miradouronoticias.com\/site\/#organization\"},\"potentialAction\":[{\"@type\":\"SearchAction\",\"target\":{\"@type\":\"EntryPoint\",\"urlTemplate\":\"https:\/\/miradouronoticias.com\/site\/?s={search_term_string}\"},\"query-input\":{\"@type\":\"PropertyValueSpecification\",\"valueRequired\":true,\"valueName\":\"search_term_string\"}}],\"inLanguage\":\"pt-BR\"},{\"@type\":\"Organization\",\"@id\":\"https:\/\/miradouronoticias.com\/site\/#organization\",\"name\":\"Miradouro Not\u00edcias\",\"url\":\"https:\/\/miradouronoticias.com\/site\/\",\"logo\":{\"@type\":\"ImageObject\",\"inLanguage\":\"pt-BR\",\"@id\":\"https:\/\/miradouronoticias.com\/site\/#\/schema\/logo\/image\/\",\"url\":\"https:\/\/miradouronoticias.com\/site\/wp-content\/uploads\/2022\/01\/logomarcamiradouronoticias.png\",\"contentUrl\":\"https:\/\/miradouronoticias.com\/site\/wp-content\/uploads\/2022\/01\/logomarcamiradouronoticias.png\",\"width\":747,\"height\":263,\"caption\":\"Miradouro Not\u00edcias\"},\"image\":{\"@id\":\"https:\/\/miradouronoticias.com\/site\/#\/schema\/logo\/image\/\"}},{\"@type\":\"Person\",\"@id\":\"https:\/\/miradouronoticias.com\/site\/#\/schema\/person\/73440d8c82222950df86f3e1a16aad3b\",\"name\":\"Cl\u00e1udia Olyver\",\"sameAs\":[\"http:\/\/www.miradouronoticias.com\"],\"url\":\"https:\/\/miradouronoticias.com\/site\/author\/claudia\/\"}]}<\/script>\n<!-- \/ Yoast SEO plugin. -->","yoast_head_json":{"title":"Lideran\u00e7a Ind\u00edgena defende demarca\u00e7\u00e3o de terras como pauta clim\u00e1tica - Miradouro Not\u00edcias","robots":{"index":"index","follow":"follow","max-snippet":"max-snippet:-1","max-image-preview":"max-image-preview:large","max-video-preview":"max-video-preview:-1"},"canonical":"https:\/\/miradouronoticias.com\/site\/2024\/11\/16\/lideranca-indigena-defende-demarcacao-de-terras-como-pauta-climatica\/","og_locale":"pt_BR","og_type":"article","og_title":"Lideran\u00e7a Ind\u00edgena defende demarca\u00e7\u00e3o de terras como pauta clim\u00e1tica - Miradouro Not\u00edcias","og_description":"O pen\u00faltimo dia do\u00a0G20\u00a0Social\u00a0foi marcado pela realiza\u00e7\u00e3o de tr\u00eas\u00a0plen\u00e1rias simult\u00e2neas. \u00a0Uma delas, dedicada \u00e0 sustentabilidade, mudan\u00e7a do clima e transi\u00e7\u00e3o justa. Nesta plen\u00e1ria, realizada no Armaz\u00e9m 3, na Regi\u00e3o Portu\u00e1ria, os debates foram abertos pela\u00a0 francesa Laurence Tubiana, negociadora chefe do acordo de Paris, que chegou direto da COP29 para participar do F\u00f3rum no Rio. [&hellip;]","og_url":"https:\/\/miradouronoticias.com\/site\/2024\/11\/16\/lideranca-indigena-defende-demarcacao-de-terras-como-pauta-climatica\/","og_site_name":"Miradouro Not\u00edcias","article_published_time":"2024-11-16T10:12:52+00:00","og_image":[{"width":1170,"height":700,"url":"https:\/\/miradouronoticias.com\/site\/wp-content\/uploads\/2024\/11\/toms9153.jpg","type":"image\/jpeg"}],"author":"Cl\u00e1udia Olyver","twitter_card":"summary_large_image","twitter_misc":{"Escrito por":"Cl\u00e1udia Olyver","Est. tempo de leitura":"3 minutos"},"schema":{"@context":"https:\/\/schema.org","@graph":[{"@type":"Article","@id":"https:\/\/miradouronoticias.com\/site\/2024\/11\/16\/lideranca-indigena-defende-demarcacao-de-terras-como-pauta-climatica\/#article","isPartOf":{"@id":"https:\/\/miradouronoticias.com\/site\/2024\/11\/16\/lideranca-indigena-defende-demarcacao-de-terras-como-pauta-climatica\/"},"author":{"name":"Cl\u00e1udia Olyver","@id":"https:\/\/miradouronoticias.com\/site\/#\/schema\/person\/73440d8c82222950df86f3e1a16aad3b"},"headline":"Lideran\u00e7a Ind\u00edgena defende demarca\u00e7\u00e3o de terras como pauta clim\u00e1tica","datePublished":"2024-11-16T10:12:52+00:00","mainEntityOfPage":{"@id":"https:\/\/miradouronoticias.com\/site\/2024\/11\/16\/lideranca-indigena-defende-demarcacao-de-terras-como-pauta-climatica\/"},"wordCount":492,"commentCount":0,"publisher":{"@id":"https:\/\/miradouronoticias.com\/site\/#organization"},"image":{"@id":"https:\/\/miradouronoticias.com\/site\/2024\/11\/16\/lideranca-indigena-defende-demarcacao-de-terras-como-pauta-climatica\/#primaryimage"},"thumbnailUrl":"https:\/\/miradouronoticias.com\/site\/wp-content\/uploads\/2024\/11\/toms9153.jpg","articleSection":["Destaque Principal"],"inLanguage":"pt-BR","potentialAction":[{"@type":"CommentAction","name":"Comment","target":["https:\/\/miradouronoticias.com\/site\/2024\/11\/16\/lideranca-indigena-defende-demarcacao-de-terras-como-pauta-climatica\/#respond"]}]},{"@type":"WebPage","@id":"https:\/\/miradouronoticias.com\/site\/2024\/11\/16\/lideranca-indigena-defende-demarcacao-de-terras-como-pauta-climatica\/","url":"https:\/\/miradouronoticias.com\/site\/2024\/11\/16\/lideranca-indigena-defende-demarcacao-de-terras-como-pauta-climatica\/","name":"Lideran\u00e7a Ind\u00edgena defende demarca\u00e7\u00e3o de terras como pauta clim\u00e1tica - Miradouro Not\u00edcias","isPartOf":{"@id":"https:\/\/miradouronoticias.com\/site\/#website"},"primaryImageOfPage":{"@id":"https:\/\/miradouronoticias.com\/site\/2024\/11\/16\/lideranca-indigena-defende-demarcacao-de-terras-como-pauta-climatica\/#primaryimage"},"image":{"@id":"https:\/\/miradouronoticias.com\/site\/2024\/11\/16\/lideranca-indigena-defende-demarcacao-de-terras-como-pauta-climatica\/#primaryimage"},"thumbnailUrl":"https:\/\/miradouronoticias.com\/site\/wp-content\/uploads\/2024\/11\/toms9153.jpg","datePublished":"2024-11-16T10:12:52+00:00","breadcrumb":{"@id":"https:\/\/miradouronoticias.com\/site\/2024\/11\/16\/lideranca-indigena-defende-demarcacao-de-terras-como-pauta-climatica\/#breadcrumb"},"inLanguage":"pt-BR","potentialAction":[{"@type":"ReadAction","target":["https:\/\/miradouronoticias.com\/site\/2024\/11\/16\/lideranca-indigena-defende-demarcacao-de-terras-como-pauta-climatica\/"]}]},{"@type":"ImageObject","inLanguage":"pt-BR","@id":"https:\/\/miradouronoticias.com\/site\/2024\/11\/16\/lideranca-indigena-defende-demarcacao-de-terras-como-pauta-climatica\/#primaryimage","url":"https:\/\/miradouronoticias.com\/site\/wp-content\/uploads\/2024\/11\/toms9153.jpg","contentUrl":"https:\/\/miradouronoticias.com\/site\/wp-content\/uploads\/2024\/11\/toms9153.jpg","width":1170,"height":700},{"@type":"BreadcrumbList","@id":"https:\/\/miradouronoticias.com\/site\/2024\/11\/16\/lideranca-indigena-defende-demarcacao-de-terras-como-pauta-climatica\/#breadcrumb","itemListElement":[{"@type":"ListItem","position":1,"name":"In\u00edcio","item":"https:\/\/miradouronoticias.com\/site\/"},{"@type":"ListItem","position":2,"name":"Lideran\u00e7a Ind\u00edgena defende demarca\u00e7\u00e3o de terras como pauta clim\u00e1tica"}]},{"@type":"WebSite","@id":"https:\/\/miradouronoticias.com\/site\/#website","url":"https:\/\/miradouronoticias.com\/site\/","name":"Miradouro Not\u00edcias","description":"Informa\u00e7\u00f5es da cidade e regi\u00e3o","publisher":{"@id":"https:\/\/miradouronoticias.com\/site\/#organization"},"potentialAction":[{"@type":"SearchAction","target":{"@type":"EntryPoint","urlTemplate":"https:\/\/miradouronoticias.com\/site\/?s={search_term_string}"},"query-input":{"@type":"PropertyValueSpecification","valueRequired":true,"valueName":"search_term_string"}}],"inLanguage":"pt-BR"},{"@type":"Organization","@id":"https:\/\/miradouronoticias.com\/site\/#organization","name":"Miradouro Not\u00edcias","url":"https:\/\/miradouronoticias.com\/site\/","logo":{"@type":"ImageObject","inLanguage":"pt-BR","@id":"https:\/\/miradouronoticias.com\/site\/#\/schema\/logo\/image\/","url":"https:\/\/miradouronoticias.com\/site\/wp-content\/uploads\/2022\/01\/logomarcamiradouronoticias.png","contentUrl":"https:\/\/miradouronoticias.com\/site\/wp-content\/uploads\/2022\/01\/logomarcamiradouronoticias.png","width":747,"height":263,"caption":"Miradouro Not\u00edcias"},"image":{"@id":"https:\/\/miradouronoticias.com\/site\/#\/schema\/logo\/image\/"}},{"@type":"Person","@id":"https:\/\/miradouronoticias.com\/site\/#\/schema\/person\/73440d8c82222950df86f3e1a16aad3b","name":"Cl\u00e1udia Olyver","sameAs":["http:\/\/www.miradouronoticias.com"],"url":"https:\/\/miradouronoticias.com\/site\/author\/claudia\/"}]}},"_links":{"self":[{"href":"https:\/\/miradouronoticias.com\/site\/wp-json\/wp\/v2\/posts\/26471","targetHints":{"allow":["GET"]}}],"collection":[{"href":"https:\/\/miradouronoticias.com\/site\/wp-json\/wp\/v2\/posts"}],"about":[{"href":"https:\/\/miradouronoticias.com\/site\/wp-json\/wp\/v2\/types\/post"}],"author":[{"embeddable":true,"href":"https:\/\/miradouronoticias.com\/site\/wp-json\/wp\/v2\/users\/4"}],"replies":[{"embeddable":true,"href":"https:\/\/miradouronoticias.com\/site\/wp-json\/wp\/v2\/comments?post=26471"}],"version-history":[{"count":1,"href":"https:\/\/miradouronoticias.com\/site\/wp-json\/wp\/v2\/posts\/26471\/revisions"}],"predecessor-version":[{"id":26473,"href":"https:\/\/miradouronoticias.com\/site\/wp-json\/wp\/v2\/posts\/26471\/revisions\/26473"}],"wp:featuredmedia":[{"embeddable":true,"href":"https:\/\/miradouronoticias.com\/site\/wp-json\/wp\/v2\/media\/26472"}],"wp:attachment":[{"href":"https:\/\/miradouronoticias.com\/site\/wp-json\/wp\/v2\/media?parent=26471"}],"wp:term":[{"taxonomy":"category","embeddable":true,"href":"https:\/\/miradouronoticias.com\/site\/wp-json\/wp\/v2\/categories?post=26471"},{"taxonomy":"post_tag","embeddable":true,"href":"https:\/\/miradouronoticias.com\/site\/wp-json\/wp\/v2\/tags?post=26471"}],"curies":[{"name":"wp","href":"https:\/\/api.w.org\/{rel}","templated":true}]}}