{"id":26464,"date":"2024-11-15T08:27:38","date_gmt":"2024-11-15T11:27:38","guid":{"rendered":"https:\/\/miradouronoticias.com\/site\/?p=26464"},"modified":"2024-11-15T08:28:34","modified_gmt":"2024-11-15T11:28:34","slug":"minas-gerais-tem-mes-recorde-com-mais-de-9-mil-empresas-abertas-em-outubro","status":"publish","type":"post","link":"https:\/\/miradouronoticias.com\/site\/2024\/11\/15\/minas-gerais-tem-mes-recorde-com-mais-de-9-mil-empresas-abertas-em-outubro\/","title":{"rendered":"Minas Gerais tem m\u00eas recorde com mais de 9 mil empresas abertas em outubro"},"content":{"rendered":"<p><img loading=\"lazy\" decoding=\"async\" class=\"alignnone size-medium wp-image-26465\" src=\"https:\/\/miradouronoticias.com\/site\/wp-content\/uploads\/2024\/11\/Victor_Fagundes__-_Sede_001-300x112.jpg\" alt=\"\" width=\"300\" height=\"112\" srcset=\"https:\/\/miradouronoticias.com\/site\/wp-content\/uploads\/2024\/11\/Victor_Fagundes__-_Sede_001-300x112.jpg 300w, https:\/\/miradouronoticias.com\/site\/wp-content\/uploads\/2024\/11\/Victor_Fagundes__-_Sede_001-768x286.jpg 768w, https:\/\/miradouronoticias.com\/site\/wp-content\/uploads\/2024\/11\/Victor_Fagundes__-_Sede_001.jpg 940w\" sizes=\"auto, (max-width: 300px) 100vw, 300px\" \/><\/p>\n<div class=\"container container-news margin-xs-top-2 margin-xs-bottom-2 margin-sm-top-4 margin-sm-bottom-2\">\n<div class=\"news\">\n<article class=\"clear\">\n<div class=\"clear \">\n<p>&nbsp;<\/p>\n<p>Minas Gerais alcan\u00e7ou o volume mais alto de empresas abertas em um \u00fanico m\u00eas em 2024. Em outubro, foram registrados 9.301 novos neg\u00f3cios em todos os 853 munic\u00edpios mineiros. O desempenho do m\u00eas ainda representa aumento de 34% em rela\u00e7\u00e3o a outubro de 2023, quando foram registradas 6.944 constitui\u00e7\u00f5es empresariais.<\/p>\n<p>Os dados s\u00e3o do relat\u00f3rio de registros mercantis, divulgado nesta quinta-feira (14\/11) pela\u00a0<a href=\"https:\/\/jucemg.mg.gov.br\/\" target=\"_blank\" rel=\"noopener\">Junta Comercial do Estado de Minas Gerais (Jucemg)<\/a>, autarquia vinculada \u00e0\u00a0<a href=\"https:\/\/desenvolvimento.mg.gov.br\/\" target=\"_blank\" rel=\"noopener\">Secretaria de Estado de Desenvolvimento Econ\u00f4mico (Sede-MG)<\/a>.<\/p>\n<p>No ano, Minas j\u00e1 formalizou 83.834 novos neg\u00f3cios, alta de 15,38% em compara\u00e7\u00e3o aos dez primeiros meses do ano passado (72.661). Em m\u00e9dia, s\u00e3o 275 novas empresas abertas por dia, contra 240 no mesmo per\u00edodo em 2023. Ou seja, 35 novos empreendimentos a mais por dia.<\/p>\n<p>Para o secret\u00e1rio de Estado de Desenvolvimento Econ\u00f4mico de Minas Gerais, Fernando Passalio, iniciativas como o\u00a0<a href=\"https:\/\/desenvolvimento.mg.gov.br\/inicio\/projetos\/projeto\/1143\" target=\"_blank\" rel=\"noopener\">Minas Livre Para Crescer<\/a>\u00a0e o\u00a0<a href=\"https:\/\/jucemg.mg.gov.br\/redesimmaislivre\/\" target=\"_blank\" rel=\"noopener\">Redesim + Livre<\/a>\u00a0contribuem para que o ambiente de neg\u00f3cios seja favor\u00e1vel ao empreendedorismo, uma das principais diretrizes do\u00a0<a href=\"https:\/\/www.mg.gov.br\/\" target=\"_blank\" rel=\"noopener\">Governo de Minas<\/a>.<\/p>\n<p>\u201cMunic\u00edpios que passam para o segundo n\u00edvel do Minas Livre passam a contar, gratuitamente, com essa ferramenta fant\u00e1stica que automatiza as etapas de abertura e legaliza\u00e7\u00e3o de empresas. Com isso, dependendo do n\u00edvel de complexidade\u00a0 do neg\u00f3cio, ele pode passar a funcionar em poucas horas\u201d, afirma o secret\u00e1rio.<\/p>\n<p>A presidente da Jucemg, Patricia Vinte Di I\u00f3rio, destaca o empenho por parte da entidade para reduzir o tempo gasto para abrir uma empresa em Minas.\u00a0 \u201cCom o novo fluxo operacional que adotamos, em setembro reduziu o tempo m\u00e9dio de abertura de uma empresa, via registro autom\u00e1tico, de mais de 8 horas para cerca de 3 horas e meia\u201d, completa.<\/p>\n<p><strong>Noroeste e Jequitinhonha lideram crescimento<\/strong><\/p>\n<p>Todas as regi\u00f5es registraram alta no n\u00famero de empresas abertas em outubro em compara\u00e7\u00e3o com o mesmo m\u00eas no ano anterior. As regi\u00f5es com maior crescimento foram Noroeste (81,82%), Jequitinhonha\/Mucuri (56,03%) e Norte de Minas (49,35%). Na sequ\u00eancia v\u00eam Sul de Minas (38,15%), Vale do Rio Doce (37,43%), Central (35,81%), Tri\u00e2ngulo Mineiro (28,69%), Zona da Mata (25,39%), Alto Parana\u00edba (23,27%) e Centro-Oeste (11,20%).<\/p>\n<p>No acumulado do ano, os \u00edndices de participa\u00e7\u00e3o das regi\u00f5es no total de novas empresas em Minas tamb\u00e9m destaca a lideran\u00e7a do Noroeste (20,72%), seguido do Sul de Minas (17,26%), Alto Parana\u00edba (16,15%) e Central (16,10%). Completam a lista a Zona da Mata (14,84%), Jequitinhonha\/Mucuri (14,82%), Rio Doce (14,51%), Tri\u00e2ngulo (14,21%), Centro-Oeste (12%) e Norte de Minas (10,68%).<\/p>\n<p><strong>Setor econ\u00f4mico<\/strong><\/p>\n<p>O melhor desempenho em outubro foi verificado nos servi\u00e7os, com expans\u00e3o de 38,56% em rela\u00e7\u00e3o a outubro do ano passado, seguido pelo setor de ind\u00fastria (23,82%). O com\u00e9rcio, que havia oscilado negativamente em setembro, voltou a apresentar alta, com desempenho 22,58% maior na compara\u00e7\u00e3o com o mesmo m\u00eas de 2023.<\/p>\n<p>No acumulado do ano, o setor de servi\u00e7os expandiu 17,76%, seguido pela ind\u00fastria (11,70%) e pelo com\u00e9rcio com 8,99% no comparativo com o volume de empresas constitu\u00eddas no mesmo per\u00edodo de 2023. Outubro apresentou 4.807 extin\u00e7\u00f5es de empresas. No somat\u00f3rio do ano, foram 50.148 fechamentos, varia\u00e7\u00e3o de 21,79% em rela\u00e7\u00e3o ao mesmo per\u00edodo de 2023 (41.176).<\/p>\n<p>O relat\u00f3rio da Jucemg considera empresas de todos os portes, com exce\u00e7\u00e3o dos microempreendedores individuais (MEIs), cujas inscri\u00e7\u00f5es s\u00e3o realizadas diretamente no Portal do Empreendedor, sem passar pelas juntas comerciais estaduais.<\/p>\n<p>By: miradouronoticias.com.br\/ ag\u00eancia minas<\/p>\n<\/div>\n<p>&nbsp;<\/p>\n<\/article>\n<\/div>\n<\/div>\n<p>&nbsp;<\/p>\n","protected":false},"excerpt":{"rendered":"<p>&nbsp; Minas Gerais alcan\u00e7ou o volume mais alto de empresas abertas em um \u00fanico m\u00eas em 2024. Em outubro, foram registrados 9.301 novos neg\u00f3cios em todos os 853 munic\u00edpios mineiros. O desempenho do m\u00eas ainda representa aumento de 34% em rela\u00e7\u00e3o a outubro de 2023, quando foram registradas 6.944 constitui\u00e7\u00f5es empresariais. Os dados s\u00e3o do [&hellip;]<\/p>\n","protected":false},"author":4,"featured_media":26465,"comment_status":"open","ping_status":"open","sticky":false,"template":"","format":"standard","meta":{"footnotes":""},"categories":[21],"tags":[],"class_list":["post-26464","post","type-post","status-publish","format-standard","has-post-thumbnail","hentry","category-minas-gerais"],"yoast_head":"<!-- This site is optimized with the Yoast SEO plugin v27.2 - https:\/\/yoast.com\/product\/yoast-seo-wordpress\/ -->\n<title>Minas Gerais tem m\u00eas recorde com mais de 9 mil empresas abertas em outubro - Miradouro Not\u00edcias<\/title>\n<meta name=\"robots\" content=\"index, follow, max-snippet:-1, max-image-preview:large, max-video-preview:-1\" \/>\n<link rel=\"canonical\" href=\"https:\/\/miradouronoticias.com\/site\/2024\/11\/15\/minas-gerais-tem-mes-recorde-com-mais-de-9-mil-empresas-abertas-em-outubro\/\" \/>\n<meta property=\"og:locale\" content=\"pt_BR\" \/>\n<meta property=\"og:type\" content=\"article\" \/>\n<meta property=\"og:title\" content=\"Minas Gerais tem m\u00eas recorde com mais de 9 mil empresas abertas em outubro - Miradouro Not\u00edcias\" \/>\n<meta property=\"og:description\" content=\"&nbsp; Minas Gerais alcan\u00e7ou o volume mais alto de empresas abertas em um \u00fanico m\u00eas em 2024. Em outubro, foram registrados 9.301 novos neg\u00f3cios em todos os 853 munic\u00edpios mineiros. O desempenho do m\u00eas ainda representa aumento de 34% em rela\u00e7\u00e3o a outubro de 2023, quando foram registradas 6.944 constitui\u00e7\u00f5es empresariais. Os dados s\u00e3o do [&hellip;]\" \/>\n<meta property=\"og:url\" content=\"https:\/\/miradouronoticias.com\/site\/2024\/11\/15\/minas-gerais-tem-mes-recorde-com-mais-de-9-mil-empresas-abertas-em-outubro\/\" \/>\n<meta property=\"og:site_name\" content=\"Miradouro Not\u00edcias\" \/>\n<meta property=\"article:published_time\" content=\"2024-11-15T11:27:38+00:00\" \/>\n<meta property=\"article:modified_time\" content=\"2024-11-15T11:28:34+00:00\" \/>\n<meta property=\"og:image\" content=\"https:\/\/miradouronoticias.com\/site\/wp-content\/uploads\/2024\/11\/Victor_Fagundes__-_Sede_001.jpg\" \/>\n\t<meta property=\"og:image:width\" content=\"940\" \/>\n\t<meta property=\"og:image:height\" content=\"350\" \/>\n\t<meta property=\"og:image:type\" content=\"image\/jpeg\" \/>\n<meta name=\"author\" content=\"Cl\u00e1udia Olyver\" \/>\n<meta name=\"twitter:card\" content=\"summary_large_image\" \/>\n<meta name=\"twitter:label1\" content=\"Escrito por\" \/>\n\t<meta name=\"twitter:data1\" content=\"Cl\u00e1udia Olyver\" \/>\n\t<meta name=\"twitter:label2\" content=\"Est. tempo de leitura\" \/>\n\t<meta name=\"twitter:data2\" content=\"4 minutos\" \/>\n<script type=\"application\/ld+json\" class=\"yoast-schema-graph\">{\"@context\":\"https:\/\/schema.org\",\"@graph\":[{\"@type\":\"Article\",\"@id\":\"https:\/\/miradouronoticias.com\/site\/2024\/11\/15\/minas-gerais-tem-mes-recorde-com-mais-de-9-mil-empresas-abertas-em-outubro\/#article\",\"isPartOf\":{\"@id\":\"https:\/\/miradouronoticias.com\/site\/2024\/11\/15\/minas-gerais-tem-mes-recorde-com-mais-de-9-mil-empresas-abertas-em-outubro\/\"},\"author\":{\"name\":\"Cl\u00e1udia Olyver\",\"@id\":\"https:\/\/miradouronoticias.com\/site\/#\/schema\/person\/73440d8c82222950df86f3e1a16aad3b\"},\"headline\":\"Minas Gerais tem m\u00eas recorde com mais de 9 mil empresas abertas em outubro\",\"datePublished\":\"2024-11-15T11:27:38+00:00\",\"dateModified\":\"2024-11-15T11:28:34+00:00\",\"mainEntityOfPage\":{\"@id\":\"https:\/\/miradouronoticias.com\/site\/2024\/11\/15\/minas-gerais-tem-mes-recorde-com-mais-de-9-mil-empresas-abertas-em-outubro\/\"},\"wordCount\":585,\"commentCount\":0,\"publisher\":{\"@id\":\"https:\/\/miradouronoticias.com\/site\/#organization\"},\"image\":{\"@id\":\"https:\/\/miradouronoticias.com\/site\/2024\/11\/15\/minas-gerais-tem-mes-recorde-com-mais-de-9-mil-empresas-abertas-em-outubro\/#primaryimage\"},\"thumbnailUrl\":\"https:\/\/miradouronoticias.com\/site\/wp-content\/uploads\/2024\/11\/Victor_Fagundes__-_Sede_001.jpg\",\"articleSection\":[\"Minas Gerais\"],\"inLanguage\":\"pt-BR\",\"potentialAction\":[{\"@type\":\"CommentAction\",\"name\":\"Comment\",\"target\":[\"https:\/\/miradouronoticias.com\/site\/2024\/11\/15\/minas-gerais-tem-mes-recorde-com-mais-de-9-mil-empresas-abertas-em-outubro\/#respond\"]}]},{\"@type\":\"WebPage\",\"@id\":\"https:\/\/miradouronoticias.com\/site\/2024\/11\/15\/minas-gerais-tem-mes-recorde-com-mais-de-9-mil-empresas-abertas-em-outubro\/\",\"url\":\"https:\/\/miradouronoticias.com\/site\/2024\/11\/15\/minas-gerais-tem-mes-recorde-com-mais-de-9-mil-empresas-abertas-em-outubro\/\",\"name\":\"Minas Gerais tem m\u00eas recorde com mais de 9 mil empresas abertas em outubro - Miradouro Not\u00edcias\",\"isPartOf\":{\"@id\":\"https:\/\/miradouronoticias.com\/site\/#website\"},\"primaryImageOfPage\":{\"@id\":\"https:\/\/miradouronoticias.com\/site\/2024\/11\/15\/minas-gerais-tem-mes-recorde-com-mais-de-9-mil-empresas-abertas-em-outubro\/#primaryimage\"},\"image\":{\"@id\":\"https:\/\/miradouronoticias.com\/site\/2024\/11\/15\/minas-gerais-tem-mes-recorde-com-mais-de-9-mil-empresas-abertas-em-outubro\/#primaryimage\"},\"thumbnailUrl\":\"https:\/\/miradouronoticias.com\/site\/wp-content\/uploads\/2024\/11\/Victor_Fagundes__-_Sede_001.jpg\",\"datePublished\":\"2024-11-15T11:27:38+00:00\",\"dateModified\":\"2024-11-15T11:28:34+00:00\",\"breadcrumb\":{\"@id\":\"https:\/\/miradouronoticias.com\/site\/2024\/11\/15\/minas-gerais-tem-mes-recorde-com-mais-de-9-mil-empresas-abertas-em-outubro\/#breadcrumb\"},\"inLanguage\":\"pt-BR\",\"potentialAction\":[{\"@type\":\"ReadAction\",\"target\":[\"https:\/\/miradouronoticias.com\/site\/2024\/11\/15\/minas-gerais-tem-mes-recorde-com-mais-de-9-mil-empresas-abertas-em-outubro\/\"]}]},{\"@type\":\"ImageObject\",\"inLanguage\":\"pt-BR\",\"@id\":\"https:\/\/miradouronoticias.com\/site\/2024\/11\/15\/minas-gerais-tem-mes-recorde-com-mais-de-9-mil-empresas-abertas-em-outubro\/#primaryimage\",\"url\":\"https:\/\/miradouronoticias.com\/site\/wp-content\/uploads\/2024\/11\/Victor_Fagundes__-_Sede_001.jpg\",\"contentUrl\":\"https:\/\/miradouronoticias.com\/site\/wp-content\/uploads\/2024\/11\/Victor_Fagundes__-_Sede_001.jpg\",\"width\":940,\"height\":350},{\"@type\":\"BreadcrumbList\",\"@id\":\"https:\/\/miradouronoticias.com\/site\/2024\/11\/15\/minas-gerais-tem-mes-recorde-com-mais-de-9-mil-empresas-abertas-em-outubro\/#breadcrumb\",\"itemListElement\":[{\"@type\":\"ListItem\",\"position\":1,\"name\":\"In\u00edcio\",\"item\":\"https:\/\/miradouronoticias.com\/site\/\"},{\"@type\":\"ListItem\",\"position\":2,\"name\":\"Minas Gerais tem m\u00eas recorde com mais de 9 mil empresas abertas em outubro\"}]},{\"@type\":\"WebSite\",\"@id\":\"https:\/\/miradouronoticias.com\/site\/#website\",\"url\":\"https:\/\/miradouronoticias.com\/site\/\",\"name\":\"Miradouro Not\u00edcias\",\"description\":\"Informa\u00e7\u00f5es da cidade e regi\u00e3o\",\"publisher\":{\"@id\":\"https:\/\/miradouronoticias.com\/site\/#organization\"},\"potentialAction\":[{\"@type\":\"SearchAction\",\"target\":{\"@type\":\"EntryPoint\",\"urlTemplate\":\"https:\/\/miradouronoticias.com\/site\/?s={search_term_string}\"},\"query-input\":{\"@type\":\"PropertyValueSpecification\",\"valueRequired\":true,\"valueName\":\"search_term_string\"}}],\"inLanguage\":\"pt-BR\"},{\"@type\":\"Organization\",\"@id\":\"https:\/\/miradouronoticias.com\/site\/#organization\",\"name\":\"Miradouro Not\u00edcias\",\"url\":\"https:\/\/miradouronoticias.com\/site\/\",\"logo\":{\"@type\":\"ImageObject\",\"inLanguage\":\"pt-BR\",\"@id\":\"https:\/\/miradouronoticias.com\/site\/#\/schema\/logo\/image\/\",\"url\":\"https:\/\/miradouronoticias.com\/site\/wp-content\/uploads\/2022\/01\/logomarcamiradouronoticias.png\",\"contentUrl\":\"https:\/\/miradouronoticias.com\/site\/wp-content\/uploads\/2022\/01\/logomarcamiradouronoticias.png\",\"width\":747,\"height\":263,\"caption\":\"Miradouro Not\u00edcias\"},\"image\":{\"@id\":\"https:\/\/miradouronoticias.com\/site\/#\/schema\/logo\/image\/\"}},{\"@type\":\"Person\",\"@id\":\"https:\/\/miradouronoticias.com\/site\/#\/schema\/person\/73440d8c82222950df86f3e1a16aad3b\",\"name\":\"Cl\u00e1udia Olyver\",\"sameAs\":[\"http:\/\/www.miradouronoticias.com\"],\"url\":\"https:\/\/miradouronoticias.com\/site\/author\/claudia\/\"}]}<\/script>\n<!-- \/ Yoast SEO plugin. -->","yoast_head_json":{"title":"Minas Gerais tem m\u00eas recorde com mais de 9 mil empresas abertas em outubro - Miradouro Not\u00edcias","robots":{"index":"index","follow":"follow","max-snippet":"max-snippet:-1","max-image-preview":"max-image-preview:large","max-video-preview":"max-video-preview:-1"},"canonical":"https:\/\/miradouronoticias.com\/site\/2024\/11\/15\/minas-gerais-tem-mes-recorde-com-mais-de-9-mil-empresas-abertas-em-outubro\/","og_locale":"pt_BR","og_type":"article","og_title":"Minas Gerais tem m\u00eas recorde com mais de 9 mil empresas abertas em outubro - Miradouro Not\u00edcias","og_description":"&nbsp; Minas Gerais alcan\u00e7ou o volume mais alto de empresas abertas em um \u00fanico m\u00eas em 2024. Em outubro, foram registrados 9.301 novos neg\u00f3cios em todos os 853 munic\u00edpios mineiros. O desempenho do m\u00eas ainda representa aumento de 34% em rela\u00e7\u00e3o a outubro de 2023, quando foram registradas 6.944 constitui\u00e7\u00f5es empresariais. Os dados s\u00e3o do [&hellip;]","og_url":"https:\/\/miradouronoticias.com\/site\/2024\/11\/15\/minas-gerais-tem-mes-recorde-com-mais-de-9-mil-empresas-abertas-em-outubro\/","og_site_name":"Miradouro Not\u00edcias","article_published_time":"2024-11-15T11:27:38+00:00","article_modified_time":"2024-11-15T11:28:34+00:00","og_image":[{"width":940,"height":350,"url":"https:\/\/miradouronoticias.com\/site\/wp-content\/uploads\/2024\/11\/Victor_Fagundes__-_Sede_001.jpg","type":"image\/jpeg"}],"author":"Cl\u00e1udia Olyver","twitter_card":"summary_large_image","twitter_misc":{"Escrito por":"Cl\u00e1udia Olyver","Est. tempo de leitura":"4 minutos"},"schema":{"@context":"https:\/\/schema.org","@graph":[{"@type":"Article","@id":"https:\/\/miradouronoticias.com\/site\/2024\/11\/15\/minas-gerais-tem-mes-recorde-com-mais-de-9-mil-empresas-abertas-em-outubro\/#article","isPartOf":{"@id":"https:\/\/miradouronoticias.com\/site\/2024\/11\/15\/minas-gerais-tem-mes-recorde-com-mais-de-9-mil-empresas-abertas-em-outubro\/"},"author":{"name":"Cl\u00e1udia Olyver","@id":"https:\/\/miradouronoticias.com\/site\/#\/schema\/person\/73440d8c82222950df86f3e1a16aad3b"},"headline":"Minas Gerais tem m\u00eas recorde com mais de 9 mil empresas abertas em outubro","datePublished":"2024-11-15T11:27:38+00:00","dateModified":"2024-11-15T11:28:34+00:00","mainEntityOfPage":{"@id":"https:\/\/miradouronoticias.com\/site\/2024\/11\/15\/minas-gerais-tem-mes-recorde-com-mais-de-9-mil-empresas-abertas-em-outubro\/"},"wordCount":585,"commentCount":0,"publisher":{"@id":"https:\/\/miradouronoticias.com\/site\/#organization"},"image":{"@id":"https:\/\/miradouronoticias.com\/site\/2024\/11\/15\/minas-gerais-tem-mes-recorde-com-mais-de-9-mil-empresas-abertas-em-outubro\/#primaryimage"},"thumbnailUrl":"https:\/\/miradouronoticias.com\/site\/wp-content\/uploads\/2024\/11\/Victor_Fagundes__-_Sede_001.jpg","articleSection":["Minas Gerais"],"inLanguage":"pt-BR","potentialAction":[{"@type":"CommentAction","name":"Comment","target":["https:\/\/miradouronoticias.com\/site\/2024\/11\/15\/minas-gerais-tem-mes-recorde-com-mais-de-9-mil-empresas-abertas-em-outubro\/#respond"]}]},{"@type":"WebPage","@id":"https:\/\/miradouronoticias.com\/site\/2024\/11\/15\/minas-gerais-tem-mes-recorde-com-mais-de-9-mil-empresas-abertas-em-outubro\/","url":"https:\/\/miradouronoticias.com\/site\/2024\/11\/15\/minas-gerais-tem-mes-recorde-com-mais-de-9-mil-empresas-abertas-em-outubro\/","name":"Minas Gerais tem m\u00eas recorde com mais de 9 mil empresas abertas em outubro - Miradouro Not\u00edcias","isPartOf":{"@id":"https:\/\/miradouronoticias.com\/site\/#website"},"primaryImageOfPage":{"@id":"https:\/\/miradouronoticias.com\/site\/2024\/11\/15\/minas-gerais-tem-mes-recorde-com-mais-de-9-mil-empresas-abertas-em-outubro\/#primaryimage"},"image":{"@id":"https:\/\/miradouronoticias.com\/site\/2024\/11\/15\/minas-gerais-tem-mes-recorde-com-mais-de-9-mil-empresas-abertas-em-outubro\/#primaryimage"},"thumbnailUrl":"https:\/\/miradouronoticias.com\/site\/wp-content\/uploads\/2024\/11\/Victor_Fagundes__-_Sede_001.jpg","datePublished":"2024-11-15T11:27:38+00:00","dateModified":"2024-11-15T11:28:34+00:00","breadcrumb":{"@id":"https:\/\/miradouronoticias.com\/site\/2024\/11\/15\/minas-gerais-tem-mes-recorde-com-mais-de-9-mil-empresas-abertas-em-outubro\/#breadcrumb"},"inLanguage":"pt-BR","potentialAction":[{"@type":"ReadAction","target":["https:\/\/miradouronoticias.com\/site\/2024\/11\/15\/minas-gerais-tem-mes-recorde-com-mais-de-9-mil-empresas-abertas-em-outubro\/"]}]},{"@type":"ImageObject","inLanguage":"pt-BR","@id":"https:\/\/miradouronoticias.com\/site\/2024\/11\/15\/minas-gerais-tem-mes-recorde-com-mais-de-9-mil-empresas-abertas-em-outubro\/#primaryimage","url":"https:\/\/miradouronoticias.com\/site\/wp-content\/uploads\/2024\/11\/Victor_Fagundes__-_Sede_001.jpg","contentUrl":"https:\/\/miradouronoticias.com\/site\/wp-content\/uploads\/2024\/11\/Victor_Fagundes__-_Sede_001.jpg","width":940,"height":350},{"@type":"BreadcrumbList","@id":"https:\/\/miradouronoticias.com\/site\/2024\/11\/15\/minas-gerais-tem-mes-recorde-com-mais-de-9-mil-empresas-abertas-em-outubro\/#breadcrumb","itemListElement":[{"@type":"ListItem","position":1,"name":"In\u00edcio","item":"https:\/\/miradouronoticias.com\/site\/"},{"@type":"ListItem","position":2,"name":"Minas Gerais tem m\u00eas recorde com mais de 9 mil empresas abertas em outubro"}]},{"@type":"WebSite","@id":"https:\/\/miradouronoticias.com\/site\/#website","url":"https:\/\/miradouronoticias.com\/site\/","name":"Miradouro Not\u00edcias","description":"Informa\u00e7\u00f5es da cidade e regi\u00e3o","publisher":{"@id":"https:\/\/miradouronoticias.com\/site\/#organization"},"potentialAction":[{"@type":"SearchAction","target":{"@type":"EntryPoint","urlTemplate":"https:\/\/miradouronoticias.com\/site\/?s={search_term_string}"},"query-input":{"@type":"PropertyValueSpecification","valueRequired":true,"valueName":"search_term_string"}}],"inLanguage":"pt-BR"},{"@type":"Organization","@id":"https:\/\/miradouronoticias.com\/site\/#organization","name":"Miradouro Not\u00edcias","url":"https:\/\/miradouronoticias.com\/site\/","logo":{"@type":"ImageObject","inLanguage":"pt-BR","@id":"https:\/\/miradouronoticias.com\/site\/#\/schema\/logo\/image\/","url":"https:\/\/miradouronoticias.com\/site\/wp-content\/uploads\/2022\/01\/logomarcamiradouronoticias.png","contentUrl":"https:\/\/miradouronoticias.com\/site\/wp-content\/uploads\/2022\/01\/logomarcamiradouronoticias.png","width":747,"height":263,"caption":"Miradouro Not\u00edcias"},"image":{"@id":"https:\/\/miradouronoticias.com\/site\/#\/schema\/logo\/image\/"}},{"@type":"Person","@id":"https:\/\/miradouronoticias.com\/site\/#\/schema\/person\/73440d8c82222950df86f3e1a16aad3b","name":"Cl\u00e1udia Olyver","sameAs":["http:\/\/www.miradouronoticias.com"],"url":"https:\/\/miradouronoticias.com\/site\/author\/claudia\/"}]}},"_links":{"self":[{"href":"https:\/\/miradouronoticias.com\/site\/wp-json\/wp\/v2\/posts\/26464","targetHints":{"allow":["GET"]}}],"collection":[{"href":"https:\/\/miradouronoticias.com\/site\/wp-json\/wp\/v2\/posts"}],"about":[{"href":"https:\/\/miradouronoticias.com\/site\/wp-json\/wp\/v2\/types\/post"}],"author":[{"embeddable":true,"href":"https:\/\/miradouronoticias.com\/site\/wp-json\/wp\/v2\/users\/4"}],"replies":[{"embeddable":true,"href":"https:\/\/miradouronoticias.com\/site\/wp-json\/wp\/v2\/comments?post=26464"}],"version-history":[{"count":2,"href":"https:\/\/miradouronoticias.com\/site\/wp-json\/wp\/v2\/posts\/26464\/revisions"}],"predecessor-version":[{"id":26467,"href":"https:\/\/miradouronoticias.com\/site\/wp-json\/wp\/v2\/posts\/26464\/revisions\/26467"}],"wp:featuredmedia":[{"embeddable":true,"href":"https:\/\/miradouronoticias.com\/site\/wp-json\/wp\/v2\/media\/26465"}],"wp:attachment":[{"href":"https:\/\/miradouronoticias.com\/site\/wp-json\/wp\/v2\/media?parent=26464"}],"wp:term":[{"taxonomy":"category","embeddable":true,"href":"https:\/\/miradouronoticias.com\/site\/wp-json\/wp\/v2\/categories?post=26464"},{"taxonomy":"post_tag","embeddable":true,"href":"https:\/\/miradouronoticias.com\/site\/wp-json\/wp\/v2\/tags?post=26464"}],"curies":[{"name":"wp","href":"https:\/\/api.w.org\/{rel}","templated":true}]}}