{"id":26455,"date":"2024-11-14T15:57:17","date_gmt":"2024-11-14T18:57:17","guid":{"rendered":"https:\/\/miradouronoticias.com\/site\/?p=26455"},"modified":"2024-11-14T15:57:17","modified_gmt":"2024-11-14T18:57:17","slug":"pcmg-fiscaliza-casas-de-acolhimento-de-criancas-e-adolescentes-em-juiz-de-fora","status":"publish","type":"post","link":"https:\/\/miradouronoticias.com\/site\/2024\/11\/14\/pcmg-fiscaliza-casas-de-acolhimento-de-criancas-e-adolescentes-em-juiz-de-fora\/","title":{"rendered":"PCMG fiscaliza casas de acolhimento de crian\u00e7as e adolescentes em Juiz de Fora"},"content":{"rendered":"<p><img loading=\"lazy\" decoding=\"async\" class=\"alignnone size-medium wp-image-26456\" src=\"https:\/\/miradouronoticias.com\/site\/wp-content\/uploads\/2024\/11\/IMG-20241114-WA0052-300x225.jpg\" alt=\"\" width=\"300\" height=\"225\" srcset=\"https:\/\/miradouronoticias.com\/site\/wp-content\/uploads\/2024\/11\/IMG-20241114-WA0052-300x225.jpg 300w, https:\/\/miradouronoticias.com\/site\/wp-content\/uploads\/2024\/11\/IMG-20241114-WA0052-1024x768.jpg 1024w, https:\/\/miradouronoticias.com\/site\/wp-content\/uploads\/2024\/11\/IMG-20241114-WA0052-768x576.jpg 768w, https:\/\/miradouronoticias.com\/site\/wp-content\/uploads\/2024\/11\/IMG-20241114-WA0052-1536x1152.jpg 1536w, https:\/\/miradouronoticias.com\/site\/wp-content\/uploads\/2024\/11\/IMG-20241114-WA0052.jpg 1600w\" sizes=\"auto, (max-width: 300px) 100vw, 300px\" \/><br \/>\n_Opera\u00e7\u00e3o Hagnos visa assegurar prote\u00e7\u00e3o \u00e0s crian\u00e7as e adolescentes em vulnerabilidade e combater condi\u00e7\u00f5es inadequadas_<\/p>\n<p>A Pol\u00edcia Civil de Minas Gerais (PCMG) realizou, nesta quarta-feira (13\/11), fiscaliza\u00e7\u00f5es em casas de acolhimento para crian\u00e7as e adolescentes no munic\u00edpio de Juiz de Fora, na Zona da Mata mineira. A equipe da Delegacia Especializada de<br \/>\nAtendimento \u00e0 Mulher (Deam) inspecionou tr\u00eas institui\u00e7\u00f5es para verificar as condi\u00e7\u00f5es oferecidas \u00e0s crian\u00e7as e adolescentes em situa\u00e7\u00e3o de vulnerabilidade.<br \/>\nA a\u00e7\u00e3o foi coordenada pela delegada titular da Deam, Alessandra Azalim que esclareceu: &#8220;Estamos atentos a todas as den\u00fancias, e essas fiscaliza\u00e7\u00f5es fazem parte dos objetivos da opera\u00e7\u00e3o nacional Hagnos. A PCMG busca evitar que jovens e crian\u00e7as em situa\u00e7\u00e3o de vulnerabilidade sejam expostos \u00e0 criminalidade, tanto como v\u00edtimas quanto como autores de atos infracionais&#8221;.<br \/>\nA delegada informou que novas fiscaliza\u00e7\u00f5es ser\u00e3o realizadas para garantir que crian\u00e7as e adolescentes recebam cuidados livres de castigos f\u00edsicos e tratamentos cru\u00e9is ou degradantes, conforme o Estatuto da Crian\u00e7a e do Adolescente (ECA).<br \/>\nOs menores de 18 anos acolhidos nas institui\u00e7\u00f5es s\u00e3o, em geral, v\u00edtimas de graves viola\u00e7\u00f5es de direitos fundamentais, como falta de alimenta\u00e7\u00e3o adequada, acesso \u00e0 sa\u00fade, moradia digna e frequ\u00eancia escolar, al\u00e9m de maus-tratos, abandono,<br \/>\nviol\u00eancia f\u00edsica, abuso sexual e outras situa\u00e7\u00f5es que afetam sua dignidade e prote\u00e7\u00e3o.<\/p>\n<p>*Opera\u00e7\u00e3o Hagnos*<br \/>\nA opera\u00e7\u00e3o Hagnos \u00e9 coordenada pela Secretaria de Opera\u00e7\u00f5es Integradas do Minist\u00e9rio da Justi\u00e7a e Seguran\u00e7a P\u00fablica e organizada pela Secretaria de Estado de Justi\u00e7a e Seguran\u00e7a P\u00fablica (Sejusp), sendo executada em diversas<br \/>\nregi\u00f5es de Minas Gerais.<\/p>\n<p>By: miradouronoticias.com.br\/ PC<\/p>\n","protected":false},"excerpt":{"rendered":"<p>_Opera\u00e7\u00e3o Hagnos visa assegurar prote\u00e7\u00e3o \u00e0s crian\u00e7as e adolescentes em vulnerabilidade e combater condi\u00e7\u00f5es inadequadas_ A Pol\u00edcia Civil de Minas Gerais (PCMG) realizou, nesta quarta-feira (13\/11), fiscaliza\u00e7\u00f5es em casas de acolhimento para crian\u00e7as e adolescentes no munic\u00edpio de Juiz de Fora, na Zona da Mata mineira. A equipe da Delegacia Especializada de Atendimento \u00e0 Mulher [&hellip;]<\/p>\n","protected":false},"author":4,"featured_media":26456,"comment_status":"open","ping_status":"open","sticky":false,"template":"","format":"standard","meta":{"footnotes":""},"categories":[21],"tags":[],"class_list":["post-26455","post","type-post","status-publish","format-standard","has-post-thumbnail","hentry","category-minas-gerais"],"yoast_head":"<!-- This site is optimized with the Yoast SEO plugin v27.2 - https:\/\/yoast.com\/product\/yoast-seo-wordpress\/ -->\n<title>PCMG fiscaliza casas de acolhimento de crian\u00e7as e adolescentes em Juiz de Fora - Miradouro Not\u00edcias<\/title>\n<meta name=\"robots\" content=\"index, follow, max-snippet:-1, max-image-preview:large, max-video-preview:-1\" \/>\n<link rel=\"canonical\" href=\"https:\/\/miradouronoticias.com\/site\/2024\/11\/14\/pcmg-fiscaliza-casas-de-acolhimento-de-criancas-e-adolescentes-em-juiz-de-fora\/\" \/>\n<meta property=\"og:locale\" content=\"pt_BR\" \/>\n<meta property=\"og:type\" content=\"article\" \/>\n<meta property=\"og:title\" content=\"PCMG fiscaliza casas de acolhimento de crian\u00e7as e adolescentes em Juiz de Fora - Miradouro Not\u00edcias\" \/>\n<meta property=\"og:description\" content=\"_Opera\u00e7\u00e3o Hagnos visa assegurar prote\u00e7\u00e3o \u00e0s crian\u00e7as e adolescentes em vulnerabilidade e combater condi\u00e7\u00f5es inadequadas_ A Pol\u00edcia Civil de Minas Gerais (PCMG) realizou, nesta quarta-feira (13\/11), fiscaliza\u00e7\u00f5es em casas de acolhimento para crian\u00e7as e adolescentes no munic\u00edpio de Juiz de Fora, na Zona da Mata mineira. A equipe da Delegacia Especializada de Atendimento \u00e0 Mulher [&hellip;]\" \/>\n<meta property=\"og:url\" content=\"https:\/\/miradouronoticias.com\/site\/2024\/11\/14\/pcmg-fiscaliza-casas-de-acolhimento-de-criancas-e-adolescentes-em-juiz-de-fora\/\" \/>\n<meta property=\"og:site_name\" content=\"Miradouro Not\u00edcias\" \/>\n<meta property=\"article:published_time\" content=\"2024-11-14T18:57:17+00:00\" \/>\n<meta property=\"og:image\" content=\"https:\/\/miradouronoticias.com\/site\/wp-content\/uploads\/2024\/11\/IMG-20241114-WA0052.jpg\" \/>\n\t<meta property=\"og:image:width\" content=\"1600\" \/>\n\t<meta property=\"og:image:height\" content=\"1200\" \/>\n\t<meta property=\"og:image:type\" content=\"image\/jpeg\" \/>\n<meta name=\"author\" content=\"Cl\u00e1udia Olyver\" \/>\n<meta name=\"twitter:card\" content=\"summary_large_image\" \/>\n<meta name=\"twitter:label1\" content=\"Escrito por\" \/>\n\t<meta name=\"twitter:data1\" content=\"Cl\u00e1udia Olyver\" \/>\n\t<meta name=\"twitter:label2\" content=\"Est. tempo de leitura\" \/>\n\t<meta name=\"twitter:data2\" content=\"2 minutos\" \/>\n<script type=\"application\/ld+json\" class=\"yoast-schema-graph\">{\"@context\":\"https:\/\/schema.org\",\"@graph\":[{\"@type\":\"Article\",\"@id\":\"https:\/\/miradouronoticias.com\/site\/2024\/11\/14\/pcmg-fiscaliza-casas-de-acolhimento-de-criancas-e-adolescentes-em-juiz-de-fora\/#article\",\"isPartOf\":{\"@id\":\"https:\/\/miradouronoticias.com\/site\/2024\/11\/14\/pcmg-fiscaliza-casas-de-acolhimento-de-criancas-e-adolescentes-em-juiz-de-fora\/\"},\"author\":{\"name\":\"Cl\u00e1udia Olyver\",\"@id\":\"https:\/\/miradouronoticias.com\/site\/#\/schema\/person\/73440d8c82222950df86f3e1a16aad3b\"},\"headline\":\"PCMG fiscaliza casas de acolhimento de crian\u00e7as e adolescentes em Juiz de Fora\",\"datePublished\":\"2024-11-14T18:57:17+00:00\",\"mainEntityOfPage\":{\"@id\":\"https:\/\/miradouronoticias.com\/site\/2024\/11\/14\/pcmg-fiscaliza-casas-de-acolhimento-de-criancas-e-adolescentes-em-juiz-de-fora\/\"},\"wordCount\":310,\"commentCount\":0,\"publisher\":{\"@id\":\"https:\/\/miradouronoticias.com\/site\/#organization\"},\"image\":{\"@id\":\"https:\/\/miradouronoticias.com\/site\/2024\/11\/14\/pcmg-fiscaliza-casas-de-acolhimento-de-criancas-e-adolescentes-em-juiz-de-fora\/#primaryimage\"},\"thumbnailUrl\":\"https:\/\/miradouronoticias.com\/site\/wp-content\/uploads\/2024\/11\/IMG-20241114-WA0052.jpg\",\"articleSection\":[\"Minas Gerais\"],\"inLanguage\":\"pt-BR\",\"potentialAction\":[{\"@type\":\"CommentAction\",\"name\":\"Comment\",\"target\":[\"https:\/\/miradouronoticias.com\/site\/2024\/11\/14\/pcmg-fiscaliza-casas-de-acolhimento-de-criancas-e-adolescentes-em-juiz-de-fora\/#respond\"]}]},{\"@type\":\"WebPage\",\"@id\":\"https:\/\/miradouronoticias.com\/site\/2024\/11\/14\/pcmg-fiscaliza-casas-de-acolhimento-de-criancas-e-adolescentes-em-juiz-de-fora\/\",\"url\":\"https:\/\/miradouronoticias.com\/site\/2024\/11\/14\/pcmg-fiscaliza-casas-de-acolhimento-de-criancas-e-adolescentes-em-juiz-de-fora\/\",\"name\":\"PCMG fiscaliza casas de acolhimento de crian\u00e7as e adolescentes em Juiz de Fora - Miradouro Not\u00edcias\",\"isPartOf\":{\"@id\":\"https:\/\/miradouronoticias.com\/site\/#website\"},\"primaryImageOfPage\":{\"@id\":\"https:\/\/miradouronoticias.com\/site\/2024\/11\/14\/pcmg-fiscaliza-casas-de-acolhimento-de-criancas-e-adolescentes-em-juiz-de-fora\/#primaryimage\"},\"image\":{\"@id\":\"https:\/\/miradouronoticias.com\/site\/2024\/11\/14\/pcmg-fiscaliza-casas-de-acolhimento-de-criancas-e-adolescentes-em-juiz-de-fora\/#primaryimage\"},\"thumbnailUrl\":\"https:\/\/miradouronoticias.com\/site\/wp-content\/uploads\/2024\/11\/IMG-20241114-WA0052.jpg\",\"datePublished\":\"2024-11-14T18:57:17+00:00\",\"breadcrumb\":{\"@id\":\"https:\/\/miradouronoticias.com\/site\/2024\/11\/14\/pcmg-fiscaliza-casas-de-acolhimento-de-criancas-e-adolescentes-em-juiz-de-fora\/#breadcrumb\"},\"inLanguage\":\"pt-BR\",\"potentialAction\":[{\"@type\":\"ReadAction\",\"target\":[\"https:\/\/miradouronoticias.com\/site\/2024\/11\/14\/pcmg-fiscaliza-casas-de-acolhimento-de-criancas-e-adolescentes-em-juiz-de-fora\/\"]}]},{\"@type\":\"ImageObject\",\"inLanguage\":\"pt-BR\",\"@id\":\"https:\/\/miradouronoticias.com\/site\/2024\/11\/14\/pcmg-fiscaliza-casas-de-acolhimento-de-criancas-e-adolescentes-em-juiz-de-fora\/#primaryimage\",\"url\":\"https:\/\/miradouronoticias.com\/site\/wp-content\/uploads\/2024\/11\/IMG-20241114-WA0052.jpg\",\"contentUrl\":\"https:\/\/miradouronoticias.com\/site\/wp-content\/uploads\/2024\/11\/IMG-20241114-WA0052.jpg\",\"width\":1600,\"height\":1200},{\"@type\":\"BreadcrumbList\",\"@id\":\"https:\/\/miradouronoticias.com\/site\/2024\/11\/14\/pcmg-fiscaliza-casas-de-acolhimento-de-criancas-e-adolescentes-em-juiz-de-fora\/#breadcrumb\",\"itemListElement\":[{\"@type\":\"ListItem\",\"position\":1,\"name\":\"In\u00edcio\",\"item\":\"https:\/\/miradouronoticias.com\/site\/\"},{\"@type\":\"ListItem\",\"position\":2,\"name\":\"PCMG fiscaliza casas de acolhimento de crian\u00e7as e adolescentes em Juiz de Fora\"}]},{\"@type\":\"WebSite\",\"@id\":\"https:\/\/miradouronoticias.com\/site\/#website\",\"url\":\"https:\/\/miradouronoticias.com\/site\/\",\"name\":\"Miradouro Not\u00edcias\",\"description\":\"Informa\u00e7\u00f5es da cidade e regi\u00e3o\",\"publisher\":{\"@id\":\"https:\/\/miradouronoticias.com\/site\/#organization\"},\"potentialAction\":[{\"@type\":\"SearchAction\",\"target\":{\"@type\":\"EntryPoint\",\"urlTemplate\":\"https:\/\/miradouronoticias.com\/site\/?s={search_term_string}\"},\"query-input\":{\"@type\":\"PropertyValueSpecification\",\"valueRequired\":true,\"valueName\":\"search_term_string\"}}],\"inLanguage\":\"pt-BR\"},{\"@type\":\"Organization\",\"@id\":\"https:\/\/miradouronoticias.com\/site\/#organization\",\"name\":\"Miradouro Not\u00edcias\",\"url\":\"https:\/\/miradouronoticias.com\/site\/\",\"logo\":{\"@type\":\"ImageObject\",\"inLanguage\":\"pt-BR\",\"@id\":\"https:\/\/miradouronoticias.com\/site\/#\/schema\/logo\/image\/\",\"url\":\"https:\/\/miradouronoticias.com\/site\/wp-content\/uploads\/2022\/01\/logomarcamiradouronoticias.png\",\"contentUrl\":\"https:\/\/miradouronoticias.com\/site\/wp-content\/uploads\/2022\/01\/logomarcamiradouronoticias.png\",\"width\":747,\"height\":263,\"caption\":\"Miradouro Not\u00edcias\"},\"image\":{\"@id\":\"https:\/\/miradouronoticias.com\/site\/#\/schema\/logo\/image\/\"}},{\"@type\":\"Person\",\"@id\":\"https:\/\/miradouronoticias.com\/site\/#\/schema\/person\/73440d8c82222950df86f3e1a16aad3b\",\"name\":\"Cl\u00e1udia Olyver\",\"sameAs\":[\"http:\/\/www.miradouronoticias.com\"],\"url\":\"https:\/\/miradouronoticias.com\/site\/author\/claudia\/\"}]}<\/script>\n<!-- \/ Yoast SEO plugin. -->","yoast_head_json":{"title":"PCMG fiscaliza casas de acolhimento de crian\u00e7as e adolescentes em Juiz de Fora - Miradouro Not\u00edcias","robots":{"index":"index","follow":"follow","max-snippet":"max-snippet:-1","max-image-preview":"max-image-preview:large","max-video-preview":"max-video-preview:-1"},"canonical":"https:\/\/miradouronoticias.com\/site\/2024\/11\/14\/pcmg-fiscaliza-casas-de-acolhimento-de-criancas-e-adolescentes-em-juiz-de-fora\/","og_locale":"pt_BR","og_type":"article","og_title":"PCMG fiscaliza casas de acolhimento de crian\u00e7as e adolescentes em Juiz de Fora - Miradouro Not\u00edcias","og_description":"_Opera\u00e7\u00e3o Hagnos visa assegurar prote\u00e7\u00e3o \u00e0s crian\u00e7as e adolescentes em vulnerabilidade e combater condi\u00e7\u00f5es inadequadas_ A Pol\u00edcia Civil de Minas Gerais (PCMG) realizou, nesta quarta-feira (13\/11), fiscaliza\u00e7\u00f5es em casas de acolhimento para crian\u00e7as e adolescentes no munic\u00edpio de Juiz de Fora, na Zona da Mata mineira. A equipe da Delegacia Especializada de Atendimento \u00e0 Mulher [&hellip;]","og_url":"https:\/\/miradouronoticias.com\/site\/2024\/11\/14\/pcmg-fiscaliza-casas-de-acolhimento-de-criancas-e-adolescentes-em-juiz-de-fora\/","og_site_name":"Miradouro Not\u00edcias","article_published_time":"2024-11-14T18:57:17+00:00","og_image":[{"width":1600,"height":1200,"url":"https:\/\/miradouronoticias.com\/site\/wp-content\/uploads\/2024\/11\/IMG-20241114-WA0052.jpg","type":"image\/jpeg"}],"author":"Cl\u00e1udia Olyver","twitter_card":"summary_large_image","twitter_misc":{"Escrito por":"Cl\u00e1udia Olyver","Est. tempo de leitura":"2 minutos"},"schema":{"@context":"https:\/\/schema.org","@graph":[{"@type":"Article","@id":"https:\/\/miradouronoticias.com\/site\/2024\/11\/14\/pcmg-fiscaliza-casas-de-acolhimento-de-criancas-e-adolescentes-em-juiz-de-fora\/#article","isPartOf":{"@id":"https:\/\/miradouronoticias.com\/site\/2024\/11\/14\/pcmg-fiscaliza-casas-de-acolhimento-de-criancas-e-adolescentes-em-juiz-de-fora\/"},"author":{"name":"Cl\u00e1udia Olyver","@id":"https:\/\/miradouronoticias.com\/site\/#\/schema\/person\/73440d8c82222950df86f3e1a16aad3b"},"headline":"PCMG fiscaliza casas de acolhimento de crian\u00e7as e adolescentes em Juiz de Fora","datePublished":"2024-11-14T18:57:17+00:00","mainEntityOfPage":{"@id":"https:\/\/miradouronoticias.com\/site\/2024\/11\/14\/pcmg-fiscaliza-casas-de-acolhimento-de-criancas-e-adolescentes-em-juiz-de-fora\/"},"wordCount":310,"commentCount":0,"publisher":{"@id":"https:\/\/miradouronoticias.com\/site\/#organization"},"image":{"@id":"https:\/\/miradouronoticias.com\/site\/2024\/11\/14\/pcmg-fiscaliza-casas-de-acolhimento-de-criancas-e-adolescentes-em-juiz-de-fora\/#primaryimage"},"thumbnailUrl":"https:\/\/miradouronoticias.com\/site\/wp-content\/uploads\/2024\/11\/IMG-20241114-WA0052.jpg","articleSection":["Minas Gerais"],"inLanguage":"pt-BR","potentialAction":[{"@type":"CommentAction","name":"Comment","target":["https:\/\/miradouronoticias.com\/site\/2024\/11\/14\/pcmg-fiscaliza-casas-de-acolhimento-de-criancas-e-adolescentes-em-juiz-de-fora\/#respond"]}]},{"@type":"WebPage","@id":"https:\/\/miradouronoticias.com\/site\/2024\/11\/14\/pcmg-fiscaliza-casas-de-acolhimento-de-criancas-e-adolescentes-em-juiz-de-fora\/","url":"https:\/\/miradouronoticias.com\/site\/2024\/11\/14\/pcmg-fiscaliza-casas-de-acolhimento-de-criancas-e-adolescentes-em-juiz-de-fora\/","name":"PCMG fiscaliza casas de acolhimento de crian\u00e7as e adolescentes em Juiz de Fora - Miradouro Not\u00edcias","isPartOf":{"@id":"https:\/\/miradouronoticias.com\/site\/#website"},"primaryImageOfPage":{"@id":"https:\/\/miradouronoticias.com\/site\/2024\/11\/14\/pcmg-fiscaliza-casas-de-acolhimento-de-criancas-e-adolescentes-em-juiz-de-fora\/#primaryimage"},"image":{"@id":"https:\/\/miradouronoticias.com\/site\/2024\/11\/14\/pcmg-fiscaliza-casas-de-acolhimento-de-criancas-e-adolescentes-em-juiz-de-fora\/#primaryimage"},"thumbnailUrl":"https:\/\/miradouronoticias.com\/site\/wp-content\/uploads\/2024\/11\/IMG-20241114-WA0052.jpg","datePublished":"2024-11-14T18:57:17+00:00","breadcrumb":{"@id":"https:\/\/miradouronoticias.com\/site\/2024\/11\/14\/pcmg-fiscaliza-casas-de-acolhimento-de-criancas-e-adolescentes-em-juiz-de-fora\/#breadcrumb"},"inLanguage":"pt-BR","potentialAction":[{"@type":"ReadAction","target":["https:\/\/miradouronoticias.com\/site\/2024\/11\/14\/pcmg-fiscaliza-casas-de-acolhimento-de-criancas-e-adolescentes-em-juiz-de-fora\/"]}]},{"@type":"ImageObject","inLanguage":"pt-BR","@id":"https:\/\/miradouronoticias.com\/site\/2024\/11\/14\/pcmg-fiscaliza-casas-de-acolhimento-de-criancas-e-adolescentes-em-juiz-de-fora\/#primaryimage","url":"https:\/\/miradouronoticias.com\/site\/wp-content\/uploads\/2024\/11\/IMG-20241114-WA0052.jpg","contentUrl":"https:\/\/miradouronoticias.com\/site\/wp-content\/uploads\/2024\/11\/IMG-20241114-WA0052.jpg","width":1600,"height":1200},{"@type":"BreadcrumbList","@id":"https:\/\/miradouronoticias.com\/site\/2024\/11\/14\/pcmg-fiscaliza-casas-de-acolhimento-de-criancas-e-adolescentes-em-juiz-de-fora\/#breadcrumb","itemListElement":[{"@type":"ListItem","position":1,"name":"In\u00edcio","item":"https:\/\/miradouronoticias.com\/site\/"},{"@type":"ListItem","position":2,"name":"PCMG fiscaliza casas de acolhimento de crian\u00e7as e adolescentes em Juiz de Fora"}]},{"@type":"WebSite","@id":"https:\/\/miradouronoticias.com\/site\/#website","url":"https:\/\/miradouronoticias.com\/site\/","name":"Miradouro Not\u00edcias","description":"Informa\u00e7\u00f5es da cidade e regi\u00e3o","publisher":{"@id":"https:\/\/miradouronoticias.com\/site\/#organization"},"potentialAction":[{"@type":"SearchAction","target":{"@type":"EntryPoint","urlTemplate":"https:\/\/miradouronoticias.com\/site\/?s={search_term_string}"},"query-input":{"@type":"PropertyValueSpecification","valueRequired":true,"valueName":"search_term_string"}}],"inLanguage":"pt-BR"},{"@type":"Organization","@id":"https:\/\/miradouronoticias.com\/site\/#organization","name":"Miradouro Not\u00edcias","url":"https:\/\/miradouronoticias.com\/site\/","logo":{"@type":"ImageObject","inLanguage":"pt-BR","@id":"https:\/\/miradouronoticias.com\/site\/#\/schema\/logo\/image\/","url":"https:\/\/miradouronoticias.com\/site\/wp-content\/uploads\/2022\/01\/logomarcamiradouronoticias.png","contentUrl":"https:\/\/miradouronoticias.com\/site\/wp-content\/uploads\/2022\/01\/logomarcamiradouronoticias.png","width":747,"height":263,"caption":"Miradouro Not\u00edcias"},"image":{"@id":"https:\/\/miradouronoticias.com\/site\/#\/schema\/logo\/image\/"}},{"@type":"Person","@id":"https:\/\/miradouronoticias.com\/site\/#\/schema\/person\/73440d8c82222950df86f3e1a16aad3b","name":"Cl\u00e1udia Olyver","sameAs":["http:\/\/www.miradouronoticias.com"],"url":"https:\/\/miradouronoticias.com\/site\/author\/claudia\/"}]}},"_links":{"self":[{"href":"https:\/\/miradouronoticias.com\/site\/wp-json\/wp\/v2\/posts\/26455","targetHints":{"allow":["GET"]}}],"collection":[{"href":"https:\/\/miradouronoticias.com\/site\/wp-json\/wp\/v2\/posts"}],"about":[{"href":"https:\/\/miradouronoticias.com\/site\/wp-json\/wp\/v2\/types\/post"}],"author":[{"embeddable":true,"href":"https:\/\/miradouronoticias.com\/site\/wp-json\/wp\/v2\/users\/4"}],"replies":[{"embeddable":true,"href":"https:\/\/miradouronoticias.com\/site\/wp-json\/wp\/v2\/comments?post=26455"}],"version-history":[{"count":1,"href":"https:\/\/miradouronoticias.com\/site\/wp-json\/wp\/v2\/posts\/26455\/revisions"}],"predecessor-version":[{"id":26457,"href":"https:\/\/miradouronoticias.com\/site\/wp-json\/wp\/v2\/posts\/26455\/revisions\/26457"}],"wp:featuredmedia":[{"embeddable":true,"href":"https:\/\/miradouronoticias.com\/site\/wp-json\/wp\/v2\/media\/26456"}],"wp:attachment":[{"href":"https:\/\/miradouronoticias.com\/site\/wp-json\/wp\/v2\/media?parent=26455"}],"wp:term":[{"taxonomy":"category","embeddable":true,"href":"https:\/\/miradouronoticias.com\/site\/wp-json\/wp\/v2\/categories?post=26455"},{"taxonomy":"post_tag","embeddable":true,"href":"https:\/\/miradouronoticias.com\/site\/wp-json\/wp\/v2\/tags?post=26455"}],"curies":[{"name":"wp","href":"https:\/\/api.w.org\/{rel}","templated":true}]}}