{"id":26442,"date":"2024-11-14T08:36:46","date_gmt":"2024-11-14T11:36:46","guid":{"rendered":"https:\/\/miradouronoticias.com\/site\/?p=26442"},"modified":"2024-11-14T08:36:46","modified_gmt":"2024-11-14T11:36:46","slug":"pf-vai-abrir-inquerito-para-apurar-explosoes-na-praca-dos-tres-poderes","status":"publish","type":"post","link":"https:\/\/miradouronoticias.com\/site\/2024\/11\/14\/pf-vai-abrir-inquerito-para-apurar-explosoes-na-praca-dos-tres-poderes\/","title":{"rendered":"PF vai abrir inquerito para apurar explos\u00f5es na Pra\u00e7a dos Tr\u00eas Poderes"},"content":{"rendered":"<p><img loading=\"lazy\" decoding=\"async\" class=\"alignnone size-medium wp-image-26443\" src=\"https:\/\/miradouronoticias.com\/site\/wp-content\/uploads\/2024\/11\/veiculo_carregado_de_fogos_de_artificio_que_explodiu-300x179.webp\" alt=\"\" width=\"300\" height=\"179\" srcset=\"https:\/\/miradouronoticias.com\/site\/wp-content\/uploads\/2024\/11\/veiculo_carregado_de_fogos_de_artificio_que_explodiu-300x179.webp 300w, https:\/\/miradouronoticias.com\/site\/wp-content\/uploads\/2024\/11\/veiculo_carregado_de_fogos_de_artificio_que_explodiu-1024x613.webp 1024w, https:\/\/miradouronoticias.com\/site\/wp-content\/uploads\/2024\/11\/veiculo_carregado_de_fogos_de_artificio_que_explodiu-768x459.webp 768w, https:\/\/miradouronoticias.com\/site\/wp-content\/uploads\/2024\/11\/veiculo_carregado_de_fogos_de_artificio_que_explodiu.webp 1170w\" sizes=\"auto, (max-width: 300px) 100vw, 300px\" \/><\/p>\n<p>O Minist\u00e9rio da Justi\u00e7a e Seguran\u00e7a P\u00fablica informou que a Pol\u00edcia Federal vai abrir inqu\u00e9rito para apurar suposto atentado na noite desta quarta-feira na Pra\u00e7a dos Tr\u00eas Poderes.<img decoding=\"async\" src=\"https:\/\/agenciabrasil.ebc.com.br\/ebc.png?id=1619478&amp;o=node\" \/><img decoding=\"async\" src=\"https:\/\/agenciabrasil.ebc.com.br\/ebc.gif?id=1619478&amp;o=node\" \/><\/p>\n<p>Segundo nota divulgada pelo Supremo Tribunal Federal, por volta das 19h30 desta quarta-feira, dois fortes estrondos foram ouvidos e os ministros foram retirados do pr\u00e9dio em seguran\u00e7a. Servidores e colaboradores tamb\u00e9m foram retirados por medida de cautela. Uma pessoa morreu.<\/p>\n<p>A nota diz ainda que o presidente do STF, ministro Lu\u00eds Roberto Barroso, falou por telefone com o presidente Lula, com o diretor-geral da Pol\u00edcia Federal, Andrei Rodrigues, e com a vice-governadora do Distrito Federal, Celina Le\u00e3o. Barroso tamb\u00e9m est\u00e1 em contato por mensagem com o governador Ibaneis Rocha, que est\u00e1 em viagem a Roma.<\/p>\n<p>De acordo com o Minist\u00e9rio da Justi\u00e7a, foram acionados ao local policiais do Comando de Opera\u00e7\u00f5es T\u00e1ticas, do Grupo de Pronta-Interven\u00e7\u00e3o da Superintend\u00eancia Regional no Distrito Federal, peritos e grupo anti-bombas.<\/p>\n<p>A Pol\u00edcia Militar diz que manter\u00e1 o corpo do homem ainda n\u00e3o identificado no local da explos\u00e3o at\u00e9 que seja feita per\u00edcia e descartado o risco de outros explosivos.<\/p>\n<p>A C\u00e2mara dos Deputados suspendeu a sess\u00e3o plen\u00e1ria em raz\u00e3o do incidente. A sess\u00e3o era comandada pelo deputado S\u00f3stenes Cavalcante, do PL do Rio de Janeiro, que chegou a manter os trabalhos, mas cedeu \u00e0 press\u00e3o de deputados do PSOL.<\/p>\n<p>O presidente do Senado, Rodrigo Pacheco, informou que a Pol\u00edcia Legislativa das duas casas est\u00e1 ajudando na apura\u00e7\u00e3o das circunst\u00e2ncias do fato.<\/p>\n<p>Pacheco tamb\u00e9m afirmou que a seguran\u00e7a nas duas casas est\u00e1 sendo refor\u00e7ada e lamentou o ocorrido e a morte de uma pessoa. Al\u00e9m disso, Pacheco lembrou os acontecimentos de 8 de janeiro de 2023, quando centenas de manifestantes invadiram e depredaram as sedes dos Tr\u00eas Poderes em Bras\u00edlia.<\/p>\n<p>A seguran\u00e7a foi refor\u00e7ada no Pal\u00e1cio do Planalto, que fica no lado oposto ao STF, na Pra\u00e7a dos Tr\u00eas Poderes.<\/p>\n<p>O presidente Lula n\u00e3o estava no Planalto no momento das explos\u00f5es.<\/p>\n<p>By: miradouronoticias.com.br\/ ag\u00eancia Brasil<\/p>\n","protected":false},"excerpt":{"rendered":"<p>O Minist\u00e9rio da Justi\u00e7a e Seguran\u00e7a P\u00fablica informou que a Pol\u00edcia Federal vai abrir inqu\u00e9rito para apurar suposto atentado na noite desta quarta-feira na Pra\u00e7a dos Tr\u00eas Poderes. Segundo nota divulgada pelo Supremo Tribunal Federal, por volta das 19h30 desta quarta-feira, dois fortes estrondos foram ouvidos e os ministros foram retirados do pr\u00e9dio em seguran\u00e7a. [&hellip;]<\/p>\n","protected":false},"author":4,"featured_media":26443,"comment_status":"open","ping_status":"open","sticky":false,"template":"","format":"standard","meta":{"footnotes":""},"categories":[1],"tags":[],"class_list":["post-26442","post","type-post","status-publish","format-standard","has-post-thumbnail","hentry","category-destaque-principal"],"yoast_head":"<!-- This site is optimized with the Yoast SEO plugin v27.2 - https:\/\/yoast.com\/product\/yoast-seo-wordpress\/ -->\n<title>PF vai abrir inquerito para apurar explos\u00f5es na Pra\u00e7a dos Tr\u00eas Poderes - Miradouro Not\u00edcias<\/title>\n<meta name=\"robots\" content=\"index, follow, max-snippet:-1, max-image-preview:large, max-video-preview:-1\" \/>\n<link rel=\"canonical\" href=\"https:\/\/miradouronoticias.com\/site\/2024\/11\/14\/pf-vai-abrir-inquerito-para-apurar-explosoes-na-praca-dos-tres-poderes\/\" \/>\n<meta property=\"og:locale\" content=\"pt_BR\" \/>\n<meta property=\"og:type\" content=\"article\" \/>\n<meta property=\"og:title\" content=\"PF vai abrir inquerito para apurar explos\u00f5es na Pra\u00e7a dos Tr\u00eas Poderes - Miradouro Not\u00edcias\" \/>\n<meta property=\"og:description\" content=\"O Minist\u00e9rio da Justi\u00e7a e Seguran\u00e7a P\u00fablica informou que a Pol\u00edcia Federal vai abrir inqu\u00e9rito para apurar suposto atentado na noite desta quarta-feira na Pra\u00e7a dos Tr\u00eas Poderes. Segundo nota divulgada pelo Supremo Tribunal Federal, por volta das 19h30 desta quarta-feira, dois fortes estrondos foram ouvidos e os ministros foram retirados do pr\u00e9dio em seguran\u00e7a. [&hellip;]\" \/>\n<meta property=\"og:url\" content=\"https:\/\/miradouronoticias.com\/site\/2024\/11\/14\/pf-vai-abrir-inquerito-para-apurar-explosoes-na-praca-dos-tres-poderes\/\" \/>\n<meta property=\"og:site_name\" content=\"Miradouro Not\u00edcias\" \/>\n<meta property=\"article:published_time\" content=\"2024-11-14T11:36:46+00:00\" \/>\n<meta property=\"og:image\" content=\"https:\/\/miradouronoticias.com\/site\/wp-content\/uploads\/2024\/11\/veiculo_carregado_de_fogos_de_artificio_que_explodiu.webp\" \/>\n\t<meta property=\"og:image:width\" content=\"1170\" \/>\n\t<meta property=\"og:image:height\" content=\"700\" \/>\n\t<meta property=\"og:image:type\" content=\"image\/webp\" \/>\n<meta name=\"author\" content=\"Cl\u00e1udia Olyver\" \/>\n<meta name=\"twitter:card\" content=\"summary_large_image\" \/>\n<meta name=\"twitter:label1\" content=\"Escrito por\" \/>\n\t<meta name=\"twitter:data1\" content=\"Cl\u00e1udia Olyver\" \/>\n\t<meta name=\"twitter:label2\" content=\"Est. tempo de leitura\" \/>\n\t<meta name=\"twitter:data2\" content=\"3 minutos\" \/>\n<script type=\"application\/ld+json\" class=\"yoast-schema-graph\">{\"@context\":\"https:\/\/schema.org\",\"@graph\":[{\"@type\":\"Article\",\"@id\":\"https:\/\/miradouronoticias.com\/site\/2024\/11\/14\/pf-vai-abrir-inquerito-para-apurar-explosoes-na-praca-dos-tres-poderes\/#article\",\"isPartOf\":{\"@id\":\"https:\/\/miradouronoticias.com\/site\/2024\/11\/14\/pf-vai-abrir-inquerito-para-apurar-explosoes-na-praca-dos-tres-poderes\/\"},\"author\":{\"name\":\"Cl\u00e1udia Olyver\",\"@id\":\"https:\/\/miradouronoticias.com\/site\/#\/schema\/person\/73440d8c82222950df86f3e1a16aad3b\"},\"headline\":\"PF vai abrir inquerito para apurar explos\u00f5es na Pra\u00e7a dos Tr\u00eas Poderes\",\"datePublished\":\"2024-11-14T11:36:46+00:00\",\"mainEntityOfPage\":{\"@id\":\"https:\/\/miradouronoticias.com\/site\/2024\/11\/14\/pf-vai-abrir-inquerito-para-apurar-explosoes-na-praca-dos-tres-poderes\/\"},\"wordCount\":391,\"commentCount\":0,\"publisher\":{\"@id\":\"https:\/\/miradouronoticias.com\/site\/#organization\"},\"image\":{\"@id\":\"https:\/\/miradouronoticias.com\/site\/2024\/11\/14\/pf-vai-abrir-inquerito-para-apurar-explosoes-na-praca-dos-tres-poderes\/#primaryimage\"},\"thumbnailUrl\":\"https:\/\/miradouronoticias.com\/site\/wp-content\/uploads\/2024\/11\/veiculo_carregado_de_fogos_de_artificio_que_explodiu.webp\",\"articleSection\":[\"Destaque Principal\"],\"inLanguage\":\"pt-BR\",\"potentialAction\":[{\"@type\":\"CommentAction\",\"name\":\"Comment\",\"target\":[\"https:\/\/miradouronoticias.com\/site\/2024\/11\/14\/pf-vai-abrir-inquerito-para-apurar-explosoes-na-praca-dos-tres-poderes\/#respond\"]}]},{\"@type\":\"WebPage\",\"@id\":\"https:\/\/miradouronoticias.com\/site\/2024\/11\/14\/pf-vai-abrir-inquerito-para-apurar-explosoes-na-praca-dos-tres-poderes\/\",\"url\":\"https:\/\/miradouronoticias.com\/site\/2024\/11\/14\/pf-vai-abrir-inquerito-para-apurar-explosoes-na-praca-dos-tres-poderes\/\",\"name\":\"PF vai abrir inquerito para apurar explos\u00f5es na Pra\u00e7a dos Tr\u00eas Poderes - Miradouro Not\u00edcias\",\"isPartOf\":{\"@id\":\"https:\/\/miradouronoticias.com\/site\/#website\"},\"primaryImageOfPage\":{\"@id\":\"https:\/\/miradouronoticias.com\/site\/2024\/11\/14\/pf-vai-abrir-inquerito-para-apurar-explosoes-na-praca-dos-tres-poderes\/#primaryimage\"},\"image\":{\"@id\":\"https:\/\/miradouronoticias.com\/site\/2024\/11\/14\/pf-vai-abrir-inquerito-para-apurar-explosoes-na-praca-dos-tres-poderes\/#primaryimage\"},\"thumbnailUrl\":\"https:\/\/miradouronoticias.com\/site\/wp-content\/uploads\/2024\/11\/veiculo_carregado_de_fogos_de_artificio_que_explodiu.webp\",\"datePublished\":\"2024-11-14T11:36:46+00:00\",\"breadcrumb\":{\"@id\":\"https:\/\/miradouronoticias.com\/site\/2024\/11\/14\/pf-vai-abrir-inquerito-para-apurar-explosoes-na-praca-dos-tres-poderes\/#breadcrumb\"},\"inLanguage\":\"pt-BR\",\"potentialAction\":[{\"@type\":\"ReadAction\",\"target\":[\"https:\/\/miradouronoticias.com\/site\/2024\/11\/14\/pf-vai-abrir-inquerito-para-apurar-explosoes-na-praca-dos-tres-poderes\/\"]}]},{\"@type\":\"ImageObject\",\"inLanguage\":\"pt-BR\",\"@id\":\"https:\/\/miradouronoticias.com\/site\/2024\/11\/14\/pf-vai-abrir-inquerito-para-apurar-explosoes-na-praca-dos-tres-poderes\/#primaryimage\",\"url\":\"https:\/\/miradouronoticias.com\/site\/wp-content\/uploads\/2024\/11\/veiculo_carregado_de_fogos_de_artificio_que_explodiu.webp\",\"contentUrl\":\"https:\/\/miradouronoticias.com\/site\/wp-content\/uploads\/2024\/11\/veiculo_carregado_de_fogos_de_artificio_que_explodiu.webp\",\"width\":1170,\"height\":700},{\"@type\":\"BreadcrumbList\",\"@id\":\"https:\/\/miradouronoticias.com\/site\/2024\/11\/14\/pf-vai-abrir-inquerito-para-apurar-explosoes-na-praca-dos-tres-poderes\/#breadcrumb\",\"itemListElement\":[{\"@type\":\"ListItem\",\"position\":1,\"name\":\"In\u00edcio\",\"item\":\"https:\/\/miradouronoticias.com\/site\/\"},{\"@type\":\"ListItem\",\"position\":2,\"name\":\"PF vai abrir inquerito para apurar explos\u00f5es na Pra\u00e7a dos Tr\u00eas Poderes\"}]},{\"@type\":\"WebSite\",\"@id\":\"https:\/\/miradouronoticias.com\/site\/#website\",\"url\":\"https:\/\/miradouronoticias.com\/site\/\",\"name\":\"Miradouro Not\u00edcias\",\"description\":\"Informa\u00e7\u00f5es da cidade e regi\u00e3o\",\"publisher\":{\"@id\":\"https:\/\/miradouronoticias.com\/site\/#organization\"},\"potentialAction\":[{\"@type\":\"SearchAction\",\"target\":{\"@type\":\"EntryPoint\",\"urlTemplate\":\"https:\/\/miradouronoticias.com\/site\/?s={search_term_string}\"},\"query-input\":{\"@type\":\"PropertyValueSpecification\",\"valueRequired\":true,\"valueName\":\"search_term_string\"}}],\"inLanguage\":\"pt-BR\"},{\"@type\":\"Organization\",\"@id\":\"https:\/\/miradouronoticias.com\/site\/#organization\",\"name\":\"Miradouro Not\u00edcias\",\"url\":\"https:\/\/miradouronoticias.com\/site\/\",\"logo\":{\"@type\":\"ImageObject\",\"inLanguage\":\"pt-BR\",\"@id\":\"https:\/\/miradouronoticias.com\/site\/#\/schema\/logo\/image\/\",\"url\":\"https:\/\/miradouronoticias.com\/site\/wp-content\/uploads\/2022\/01\/logomarcamiradouronoticias.png\",\"contentUrl\":\"https:\/\/miradouronoticias.com\/site\/wp-content\/uploads\/2022\/01\/logomarcamiradouronoticias.png\",\"width\":747,\"height\":263,\"caption\":\"Miradouro Not\u00edcias\"},\"image\":{\"@id\":\"https:\/\/miradouronoticias.com\/site\/#\/schema\/logo\/image\/\"}},{\"@type\":\"Person\",\"@id\":\"https:\/\/miradouronoticias.com\/site\/#\/schema\/person\/73440d8c82222950df86f3e1a16aad3b\",\"name\":\"Cl\u00e1udia Olyver\",\"sameAs\":[\"http:\/\/www.miradouronoticias.com\"],\"url\":\"https:\/\/miradouronoticias.com\/site\/author\/claudia\/\"}]}<\/script>\n<!-- \/ Yoast SEO plugin. -->","yoast_head_json":{"title":"PF vai abrir inquerito para apurar explos\u00f5es na Pra\u00e7a dos Tr\u00eas Poderes - Miradouro Not\u00edcias","robots":{"index":"index","follow":"follow","max-snippet":"max-snippet:-1","max-image-preview":"max-image-preview:large","max-video-preview":"max-video-preview:-1"},"canonical":"https:\/\/miradouronoticias.com\/site\/2024\/11\/14\/pf-vai-abrir-inquerito-para-apurar-explosoes-na-praca-dos-tres-poderes\/","og_locale":"pt_BR","og_type":"article","og_title":"PF vai abrir inquerito para apurar explos\u00f5es na Pra\u00e7a dos Tr\u00eas Poderes - Miradouro Not\u00edcias","og_description":"O Minist\u00e9rio da Justi\u00e7a e Seguran\u00e7a P\u00fablica informou que a Pol\u00edcia Federal vai abrir inqu\u00e9rito para apurar suposto atentado na noite desta quarta-feira na Pra\u00e7a dos Tr\u00eas Poderes. Segundo nota divulgada pelo Supremo Tribunal Federal, por volta das 19h30 desta quarta-feira, dois fortes estrondos foram ouvidos e os ministros foram retirados do pr\u00e9dio em seguran\u00e7a. [&hellip;]","og_url":"https:\/\/miradouronoticias.com\/site\/2024\/11\/14\/pf-vai-abrir-inquerito-para-apurar-explosoes-na-praca-dos-tres-poderes\/","og_site_name":"Miradouro Not\u00edcias","article_published_time":"2024-11-14T11:36:46+00:00","og_image":[{"width":1170,"height":700,"url":"https:\/\/miradouronoticias.com\/site\/wp-content\/uploads\/2024\/11\/veiculo_carregado_de_fogos_de_artificio_que_explodiu.webp","type":"image\/webp"}],"author":"Cl\u00e1udia Olyver","twitter_card":"summary_large_image","twitter_misc":{"Escrito por":"Cl\u00e1udia Olyver","Est. tempo de leitura":"3 minutos"},"schema":{"@context":"https:\/\/schema.org","@graph":[{"@type":"Article","@id":"https:\/\/miradouronoticias.com\/site\/2024\/11\/14\/pf-vai-abrir-inquerito-para-apurar-explosoes-na-praca-dos-tres-poderes\/#article","isPartOf":{"@id":"https:\/\/miradouronoticias.com\/site\/2024\/11\/14\/pf-vai-abrir-inquerito-para-apurar-explosoes-na-praca-dos-tres-poderes\/"},"author":{"name":"Cl\u00e1udia Olyver","@id":"https:\/\/miradouronoticias.com\/site\/#\/schema\/person\/73440d8c82222950df86f3e1a16aad3b"},"headline":"PF vai abrir inquerito para apurar explos\u00f5es na Pra\u00e7a dos Tr\u00eas Poderes","datePublished":"2024-11-14T11:36:46+00:00","mainEntityOfPage":{"@id":"https:\/\/miradouronoticias.com\/site\/2024\/11\/14\/pf-vai-abrir-inquerito-para-apurar-explosoes-na-praca-dos-tres-poderes\/"},"wordCount":391,"commentCount":0,"publisher":{"@id":"https:\/\/miradouronoticias.com\/site\/#organization"},"image":{"@id":"https:\/\/miradouronoticias.com\/site\/2024\/11\/14\/pf-vai-abrir-inquerito-para-apurar-explosoes-na-praca-dos-tres-poderes\/#primaryimage"},"thumbnailUrl":"https:\/\/miradouronoticias.com\/site\/wp-content\/uploads\/2024\/11\/veiculo_carregado_de_fogos_de_artificio_que_explodiu.webp","articleSection":["Destaque Principal"],"inLanguage":"pt-BR","potentialAction":[{"@type":"CommentAction","name":"Comment","target":["https:\/\/miradouronoticias.com\/site\/2024\/11\/14\/pf-vai-abrir-inquerito-para-apurar-explosoes-na-praca-dos-tres-poderes\/#respond"]}]},{"@type":"WebPage","@id":"https:\/\/miradouronoticias.com\/site\/2024\/11\/14\/pf-vai-abrir-inquerito-para-apurar-explosoes-na-praca-dos-tres-poderes\/","url":"https:\/\/miradouronoticias.com\/site\/2024\/11\/14\/pf-vai-abrir-inquerito-para-apurar-explosoes-na-praca-dos-tres-poderes\/","name":"PF vai abrir inquerito para apurar explos\u00f5es na Pra\u00e7a dos Tr\u00eas Poderes - Miradouro Not\u00edcias","isPartOf":{"@id":"https:\/\/miradouronoticias.com\/site\/#website"},"primaryImageOfPage":{"@id":"https:\/\/miradouronoticias.com\/site\/2024\/11\/14\/pf-vai-abrir-inquerito-para-apurar-explosoes-na-praca-dos-tres-poderes\/#primaryimage"},"image":{"@id":"https:\/\/miradouronoticias.com\/site\/2024\/11\/14\/pf-vai-abrir-inquerito-para-apurar-explosoes-na-praca-dos-tres-poderes\/#primaryimage"},"thumbnailUrl":"https:\/\/miradouronoticias.com\/site\/wp-content\/uploads\/2024\/11\/veiculo_carregado_de_fogos_de_artificio_que_explodiu.webp","datePublished":"2024-11-14T11:36:46+00:00","breadcrumb":{"@id":"https:\/\/miradouronoticias.com\/site\/2024\/11\/14\/pf-vai-abrir-inquerito-para-apurar-explosoes-na-praca-dos-tres-poderes\/#breadcrumb"},"inLanguage":"pt-BR","potentialAction":[{"@type":"ReadAction","target":["https:\/\/miradouronoticias.com\/site\/2024\/11\/14\/pf-vai-abrir-inquerito-para-apurar-explosoes-na-praca-dos-tres-poderes\/"]}]},{"@type":"ImageObject","inLanguage":"pt-BR","@id":"https:\/\/miradouronoticias.com\/site\/2024\/11\/14\/pf-vai-abrir-inquerito-para-apurar-explosoes-na-praca-dos-tres-poderes\/#primaryimage","url":"https:\/\/miradouronoticias.com\/site\/wp-content\/uploads\/2024\/11\/veiculo_carregado_de_fogos_de_artificio_que_explodiu.webp","contentUrl":"https:\/\/miradouronoticias.com\/site\/wp-content\/uploads\/2024\/11\/veiculo_carregado_de_fogos_de_artificio_que_explodiu.webp","width":1170,"height":700},{"@type":"BreadcrumbList","@id":"https:\/\/miradouronoticias.com\/site\/2024\/11\/14\/pf-vai-abrir-inquerito-para-apurar-explosoes-na-praca-dos-tres-poderes\/#breadcrumb","itemListElement":[{"@type":"ListItem","position":1,"name":"In\u00edcio","item":"https:\/\/miradouronoticias.com\/site\/"},{"@type":"ListItem","position":2,"name":"PF vai abrir inquerito para apurar explos\u00f5es na Pra\u00e7a dos Tr\u00eas Poderes"}]},{"@type":"WebSite","@id":"https:\/\/miradouronoticias.com\/site\/#website","url":"https:\/\/miradouronoticias.com\/site\/","name":"Miradouro Not\u00edcias","description":"Informa\u00e7\u00f5es da cidade e regi\u00e3o","publisher":{"@id":"https:\/\/miradouronoticias.com\/site\/#organization"},"potentialAction":[{"@type":"SearchAction","target":{"@type":"EntryPoint","urlTemplate":"https:\/\/miradouronoticias.com\/site\/?s={search_term_string}"},"query-input":{"@type":"PropertyValueSpecification","valueRequired":true,"valueName":"search_term_string"}}],"inLanguage":"pt-BR"},{"@type":"Organization","@id":"https:\/\/miradouronoticias.com\/site\/#organization","name":"Miradouro Not\u00edcias","url":"https:\/\/miradouronoticias.com\/site\/","logo":{"@type":"ImageObject","inLanguage":"pt-BR","@id":"https:\/\/miradouronoticias.com\/site\/#\/schema\/logo\/image\/","url":"https:\/\/miradouronoticias.com\/site\/wp-content\/uploads\/2022\/01\/logomarcamiradouronoticias.png","contentUrl":"https:\/\/miradouronoticias.com\/site\/wp-content\/uploads\/2022\/01\/logomarcamiradouronoticias.png","width":747,"height":263,"caption":"Miradouro Not\u00edcias"},"image":{"@id":"https:\/\/miradouronoticias.com\/site\/#\/schema\/logo\/image\/"}},{"@type":"Person","@id":"https:\/\/miradouronoticias.com\/site\/#\/schema\/person\/73440d8c82222950df86f3e1a16aad3b","name":"Cl\u00e1udia Olyver","sameAs":["http:\/\/www.miradouronoticias.com"],"url":"https:\/\/miradouronoticias.com\/site\/author\/claudia\/"}]}},"_links":{"self":[{"href":"https:\/\/miradouronoticias.com\/site\/wp-json\/wp\/v2\/posts\/26442","targetHints":{"allow":["GET"]}}],"collection":[{"href":"https:\/\/miradouronoticias.com\/site\/wp-json\/wp\/v2\/posts"}],"about":[{"href":"https:\/\/miradouronoticias.com\/site\/wp-json\/wp\/v2\/types\/post"}],"author":[{"embeddable":true,"href":"https:\/\/miradouronoticias.com\/site\/wp-json\/wp\/v2\/users\/4"}],"replies":[{"embeddable":true,"href":"https:\/\/miradouronoticias.com\/site\/wp-json\/wp\/v2\/comments?post=26442"}],"version-history":[{"count":1,"href":"https:\/\/miradouronoticias.com\/site\/wp-json\/wp\/v2\/posts\/26442\/revisions"}],"predecessor-version":[{"id":26444,"href":"https:\/\/miradouronoticias.com\/site\/wp-json\/wp\/v2\/posts\/26442\/revisions\/26444"}],"wp:featuredmedia":[{"embeddable":true,"href":"https:\/\/miradouronoticias.com\/site\/wp-json\/wp\/v2\/media\/26443"}],"wp:attachment":[{"href":"https:\/\/miradouronoticias.com\/site\/wp-json\/wp\/v2\/media?parent=26442"}],"wp:term":[{"taxonomy":"category","embeddable":true,"href":"https:\/\/miradouronoticias.com\/site\/wp-json\/wp\/v2\/categories?post=26442"},{"taxonomy":"post_tag","embeddable":true,"href":"https:\/\/miradouronoticias.com\/site\/wp-json\/wp\/v2\/tags?post=26442"}],"curies":[{"name":"wp","href":"https:\/\/api.w.org\/{rel}","templated":true}]}}