{"id":26428,"date":"2024-11-12T16:46:25","date_gmt":"2024-11-12T19:46:25","guid":{"rendered":"https:\/\/miradouronoticias.com\/site\/?p=26428"},"modified":"2024-11-12T16:46:25","modified_gmt":"2024-11-12T19:46:25","slug":"policia-civil-prende-suspeitos-de-tentativa-de-homicidio-em-carangola","status":"publish","type":"post","link":"https:\/\/miradouronoticias.com\/site\/2024\/11\/12\/policia-civil-prende-suspeitos-de-tentativa-de-homicidio-em-carangola\/","title":{"rendered":"Pol\u00edcia Civil prende suspeitos de tentativa de homic\u00eddio em Carangola"},"content":{"rendered":"<p><img loading=\"lazy\" decoding=\"async\" class=\"alignnone size-medium wp-image-26429\" src=\"https:\/\/miradouronoticias.com\/site\/wp-content\/uploads\/2024\/11\/IMG-20241112-WA0072-300x210.jpg\" alt=\"\" width=\"300\" height=\"210\" srcset=\"https:\/\/miradouronoticias.com\/site\/wp-content\/uploads\/2024\/11\/IMG-20241112-WA0072-300x210.jpg 300w, https:\/\/miradouronoticias.com\/site\/wp-content\/uploads\/2024\/11\/IMG-20241112-WA0072-1024x716.jpg 1024w, https:\/\/miradouronoticias.com\/site\/wp-content\/uploads\/2024\/11\/IMG-20241112-WA0072-768x537.jpg 768w, https:\/\/miradouronoticias.com\/site\/wp-content\/uploads\/2024\/11\/IMG-20241112-WA0072.jpg 1043w\" sizes=\"auto, (max-width: 300px) 100vw, 300px\" \/><br \/>\nInvestiga\u00e7\u00f5es indicam que o crime estaria relacionado ao tr\u00e1fico de drogas e a um poss\u00edvel motivo passional.<\/p>\n<p>A Pol\u00edcia Civil de Minas Gerais (PCMG) deflagrou, nessa ter\u00e7a-feira (12\/11), a opera\u00e7\u00e3o Inv\u00eddia, que resultou no cumprimento de mandados de pris\u00e3o preventiva e busca e apreens\u00e3o contra dois homens, de 18 e 22 anos, investigados por dupla tentativa de homic\u00eddio no in\u00edcio deste m\u00eas, em Carangola, na Zona da Mata.<br \/>\nUma das v\u00edtimas foi atingida no rosto por tr\u00eas disparos de arma de fogo, mas sobreviveu, assim como a outra pessoa ferida no ataque. Ambas reconheceram os suspeitos como autores dos disparos, e a equipe de investigadores confirmou a<br \/>\nparticipa\u00e7\u00e3o dos investigados ao analisar imagens de c\u00e2meras de seguran\u00e7a, o que sustentou a solicita\u00e7\u00e3o dos mandados \u00e0 Justi\u00e7a.<br \/>\nAs investiga\u00e7\u00f5es indicam que o crime estaria relacionado ao tr\u00e1fico de drogas e a um poss\u00edvel motivo passional, uma vez que um dos suspeitos teria agido por ci\u00fames ao saber que as v\u00edtimas ofereceram carona \u00e0 sua ex-namorada. Ap\u00f3s a pris\u00e3o, os suspeitos foram encaminhados ao sistema prisional, onde aguardam os desdobramentos judiciais. As investiga\u00e7\u00f5es continuam.<\/p>\n<p>By: miradouronoticias.com.br\/ PC<\/p>\n","protected":false},"excerpt":{"rendered":"<p>Investiga\u00e7\u00f5es indicam que o crime estaria relacionado ao tr\u00e1fico de drogas e a um poss\u00edvel motivo passional. A Pol\u00edcia Civil de Minas Gerais (PCMG) deflagrou, nessa ter\u00e7a-feira (12\/11), a opera\u00e7\u00e3o Inv\u00eddia, que resultou no cumprimento de mandados de pris\u00e3o preventiva e busca e apreens\u00e3o contra dois homens, de 18 e 22 anos, investigados por dupla [&hellip;]<\/p>\n","protected":false},"author":4,"featured_media":26429,"comment_status":"open","ping_status":"open","sticky":false,"template":"","format":"standard","meta":{"footnotes":""},"categories":[1,21],"tags":[],"class_list":["post-26428","post","type-post","status-publish","format-standard","has-post-thumbnail","hentry","category-destaque-principal","category-minas-gerais"],"yoast_head":"<!-- This site is optimized with the Yoast SEO plugin v27.2 - https:\/\/yoast.com\/product\/yoast-seo-wordpress\/ -->\n<title>Pol\u00edcia Civil prende suspeitos de tentativa de homic\u00eddio em Carangola - Miradouro Not\u00edcias<\/title>\n<meta name=\"robots\" content=\"index, follow, max-snippet:-1, max-image-preview:large, max-video-preview:-1\" \/>\n<link rel=\"canonical\" href=\"https:\/\/miradouronoticias.com\/site\/2024\/11\/12\/policia-civil-prende-suspeitos-de-tentativa-de-homicidio-em-carangola\/\" \/>\n<meta property=\"og:locale\" content=\"pt_BR\" \/>\n<meta property=\"og:type\" content=\"article\" \/>\n<meta property=\"og:title\" content=\"Pol\u00edcia Civil prende suspeitos de tentativa de homic\u00eddio em Carangola - Miradouro Not\u00edcias\" \/>\n<meta property=\"og:description\" content=\"Investiga\u00e7\u00f5es indicam que o crime estaria relacionado ao tr\u00e1fico de drogas e a um poss\u00edvel motivo passional. A Pol\u00edcia Civil de Minas Gerais (PCMG) deflagrou, nessa ter\u00e7a-feira (12\/11), a opera\u00e7\u00e3o Inv\u00eddia, que resultou no cumprimento de mandados de pris\u00e3o preventiva e busca e apreens\u00e3o contra dois homens, de 18 e 22 anos, investigados por dupla [&hellip;]\" \/>\n<meta property=\"og:url\" content=\"https:\/\/miradouronoticias.com\/site\/2024\/11\/12\/policia-civil-prende-suspeitos-de-tentativa-de-homicidio-em-carangola\/\" \/>\n<meta property=\"og:site_name\" content=\"Miradouro Not\u00edcias\" \/>\n<meta property=\"article:published_time\" content=\"2024-11-12T19:46:25+00:00\" \/>\n<meta property=\"og:image\" content=\"https:\/\/miradouronoticias.com\/site\/wp-content\/uploads\/2024\/11\/IMG-20241112-WA0072.jpg\" \/>\n\t<meta property=\"og:image:width\" content=\"1043\" \/>\n\t<meta property=\"og:image:height\" content=\"729\" \/>\n\t<meta property=\"og:image:type\" content=\"image\/jpeg\" \/>\n<meta name=\"author\" content=\"Cl\u00e1udia Olyver\" \/>\n<meta name=\"twitter:card\" content=\"summary_large_image\" \/>\n<meta name=\"twitter:label1\" content=\"Escrito por\" \/>\n\t<meta name=\"twitter:data1\" content=\"Cl\u00e1udia Olyver\" \/>\n\t<meta name=\"twitter:label2\" content=\"Est. tempo de leitura\" \/>\n\t<meta name=\"twitter:data2\" content=\"2 minutos\" \/>\n<script type=\"application\/ld+json\" class=\"yoast-schema-graph\">{\"@context\":\"https:\/\/schema.org\",\"@graph\":[{\"@type\":\"Article\",\"@id\":\"https:\/\/miradouronoticias.com\/site\/2024\/11\/12\/policia-civil-prende-suspeitos-de-tentativa-de-homicidio-em-carangola\/#article\",\"isPartOf\":{\"@id\":\"https:\/\/miradouronoticias.com\/site\/2024\/11\/12\/policia-civil-prende-suspeitos-de-tentativa-de-homicidio-em-carangola\/\"},\"author\":{\"name\":\"Cl\u00e1udia Olyver\",\"@id\":\"https:\/\/miradouronoticias.com\/site\/#\/schema\/person\/73440d8c82222950df86f3e1a16aad3b\"},\"headline\":\"Pol\u00edcia Civil prende suspeitos de tentativa de homic\u00eddio em Carangola\",\"datePublished\":\"2024-11-12T19:46:25+00:00\",\"mainEntityOfPage\":{\"@id\":\"https:\/\/miradouronoticias.com\/site\/2024\/11\/12\/policia-civil-prende-suspeitos-de-tentativa-de-homicidio-em-carangola\/\"},\"wordCount\":221,\"commentCount\":0,\"publisher\":{\"@id\":\"https:\/\/miradouronoticias.com\/site\/#organization\"},\"image\":{\"@id\":\"https:\/\/miradouronoticias.com\/site\/2024\/11\/12\/policia-civil-prende-suspeitos-de-tentativa-de-homicidio-em-carangola\/#primaryimage\"},\"thumbnailUrl\":\"https:\/\/miradouronoticias.com\/site\/wp-content\/uploads\/2024\/11\/IMG-20241112-WA0072.jpg\",\"articleSection\":[\"Destaque Principal\",\"Minas Gerais\"],\"inLanguage\":\"pt-BR\",\"potentialAction\":[{\"@type\":\"CommentAction\",\"name\":\"Comment\",\"target\":[\"https:\/\/miradouronoticias.com\/site\/2024\/11\/12\/policia-civil-prende-suspeitos-de-tentativa-de-homicidio-em-carangola\/#respond\"]}]},{\"@type\":\"WebPage\",\"@id\":\"https:\/\/miradouronoticias.com\/site\/2024\/11\/12\/policia-civil-prende-suspeitos-de-tentativa-de-homicidio-em-carangola\/\",\"url\":\"https:\/\/miradouronoticias.com\/site\/2024\/11\/12\/policia-civil-prende-suspeitos-de-tentativa-de-homicidio-em-carangola\/\",\"name\":\"Pol\u00edcia Civil prende suspeitos de tentativa de homic\u00eddio em Carangola - Miradouro Not\u00edcias\",\"isPartOf\":{\"@id\":\"https:\/\/miradouronoticias.com\/site\/#website\"},\"primaryImageOfPage\":{\"@id\":\"https:\/\/miradouronoticias.com\/site\/2024\/11\/12\/policia-civil-prende-suspeitos-de-tentativa-de-homicidio-em-carangola\/#primaryimage\"},\"image\":{\"@id\":\"https:\/\/miradouronoticias.com\/site\/2024\/11\/12\/policia-civil-prende-suspeitos-de-tentativa-de-homicidio-em-carangola\/#primaryimage\"},\"thumbnailUrl\":\"https:\/\/miradouronoticias.com\/site\/wp-content\/uploads\/2024\/11\/IMG-20241112-WA0072.jpg\",\"datePublished\":\"2024-11-12T19:46:25+00:00\",\"breadcrumb\":{\"@id\":\"https:\/\/miradouronoticias.com\/site\/2024\/11\/12\/policia-civil-prende-suspeitos-de-tentativa-de-homicidio-em-carangola\/#breadcrumb\"},\"inLanguage\":\"pt-BR\",\"potentialAction\":[{\"@type\":\"ReadAction\",\"target\":[\"https:\/\/miradouronoticias.com\/site\/2024\/11\/12\/policia-civil-prende-suspeitos-de-tentativa-de-homicidio-em-carangola\/\"]}]},{\"@type\":\"ImageObject\",\"inLanguage\":\"pt-BR\",\"@id\":\"https:\/\/miradouronoticias.com\/site\/2024\/11\/12\/policia-civil-prende-suspeitos-de-tentativa-de-homicidio-em-carangola\/#primaryimage\",\"url\":\"https:\/\/miradouronoticias.com\/site\/wp-content\/uploads\/2024\/11\/IMG-20241112-WA0072.jpg\",\"contentUrl\":\"https:\/\/miradouronoticias.com\/site\/wp-content\/uploads\/2024\/11\/IMG-20241112-WA0072.jpg\",\"width\":1043,\"height\":729},{\"@type\":\"BreadcrumbList\",\"@id\":\"https:\/\/miradouronoticias.com\/site\/2024\/11\/12\/policia-civil-prende-suspeitos-de-tentativa-de-homicidio-em-carangola\/#breadcrumb\",\"itemListElement\":[{\"@type\":\"ListItem\",\"position\":1,\"name\":\"In\u00edcio\",\"item\":\"https:\/\/miradouronoticias.com\/site\/\"},{\"@type\":\"ListItem\",\"position\":2,\"name\":\"Pol\u00edcia Civil prende suspeitos de tentativa de homic\u00eddio em Carangola\"}]},{\"@type\":\"WebSite\",\"@id\":\"https:\/\/miradouronoticias.com\/site\/#website\",\"url\":\"https:\/\/miradouronoticias.com\/site\/\",\"name\":\"Miradouro Not\u00edcias\",\"description\":\"Informa\u00e7\u00f5es da cidade e regi\u00e3o\",\"publisher\":{\"@id\":\"https:\/\/miradouronoticias.com\/site\/#organization\"},\"potentialAction\":[{\"@type\":\"SearchAction\",\"target\":{\"@type\":\"EntryPoint\",\"urlTemplate\":\"https:\/\/miradouronoticias.com\/site\/?s={search_term_string}\"},\"query-input\":{\"@type\":\"PropertyValueSpecification\",\"valueRequired\":true,\"valueName\":\"search_term_string\"}}],\"inLanguage\":\"pt-BR\"},{\"@type\":\"Organization\",\"@id\":\"https:\/\/miradouronoticias.com\/site\/#organization\",\"name\":\"Miradouro Not\u00edcias\",\"url\":\"https:\/\/miradouronoticias.com\/site\/\",\"logo\":{\"@type\":\"ImageObject\",\"inLanguage\":\"pt-BR\",\"@id\":\"https:\/\/miradouronoticias.com\/site\/#\/schema\/logo\/image\/\",\"url\":\"https:\/\/miradouronoticias.com\/site\/wp-content\/uploads\/2022\/01\/logomarcamiradouronoticias.png\",\"contentUrl\":\"https:\/\/miradouronoticias.com\/site\/wp-content\/uploads\/2022\/01\/logomarcamiradouronoticias.png\",\"width\":747,\"height\":263,\"caption\":\"Miradouro Not\u00edcias\"},\"image\":{\"@id\":\"https:\/\/miradouronoticias.com\/site\/#\/schema\/logo\/image\/\"}},{\"@type\":\"Person\",\"@id\":\"https:\/\/miradouronoticias.com\/site\/#\/schema\/person\/73440d8c82222950df86f3e1a16aad3b\",\"name\":\"Cl\u00e1udia Olyver\",\"sameAs\":[\"http:\/\/www.miradouronoticias.com\"],\"url\":\"https:\/\/miradouronoticias.com\/site\/author\/claudia\/\"}]}<\/script>\n<!-- \/ Yoast SEO plugin. -->","yoast_head_json":{"title":"Pol\u00edcia Civil prende suspeitos de tentativa de homic\u00eddio em Carangola - Miradouro Not\u00edcias","robots":{"index":"index","follow":"follow","max-snippet":"max-snippet:-1","max-image-preview":"max-image-preview:large","max-video-preview":"max-video-preview:-1"},"canonical":"https:\/\/miradouronoticias.com\/site\/2024\/11\/12\/policia-civil-prende-suspeitos-de-tentativa-de-homicidio-em-carangola\/","og_locale":"pt_BR","og_type":"article","og_title":"Pol\u00edcia Civil prende suspeitos de tentativa de homic\u00eddio em Carangola - Miradouro Not\u00edcias","og_description":"Investiga\u00e7\u00f5es indicam que o crime estaria relacionado ao tr\u00e1fico de drogas e a um poss\u00edvel motivo passional. A Pol\u00edcia Civil de Minas Gerais (PCMG) deflagrou, nessa ter\u00e7a-feira (12\/11), a opera\u00e7\u00e3o Inv\u00eddia, que resultou no cumprimento de mandados de pris\u00e3o preventiva e busca e apreens\u00e3o contra dois homens, de 18 e 22 anos, investigados por dupla [&hellip;]","og_url":"https:\/\/miradouronoticias.com\/site\/2024\/11\/12\/policia-civil-prende-suspeitos-de-tentativa-de-homicidio-em-carangola\/","og_site_name":"Miradouro Not\u00edcias","article_published_time":"2024-11-12T19:46:25+00:00","og_image":[{"width":1043,"height":729,"url":"https:\/\/miradouronoticias.com\/site\/wp-content\/uploads\/2024\/11\/IMG-20241112-WA0072.jpg","type":"image\/jpeg"}],"author":"Cl\u00e1udia Olyver","twitter_card":"summary_large_image","twitter_misc":{"Escrito por":"Cl\u00e1udia Olyver","Est. tempo de leitura":"2 minutos"},"schema":{"@context":"https:\/\/schema.org","@graph":[{"@type":"Article","@id":"https:\/\/miradouronoticias.com\/site\/2024\/11\/12\/policia-civil-prende-suspeitos-de-tentativa-de-homicidio-em-carangola\/#article","isPartOf":{"@id":"https:\/\/miradouronoticias.com\/site\/2024\/11\/12\/policia-civil-prende-suspeitos-de-tentativa-de-homicidio-em-carangola\/"},"author":{"name":"Cl\u00e1udia Olyver","@id":"https:\/\/miradouronoticias.com\/site\/#\/schema\/person\/73440d8c82222950df86f3e1a16aad3b"},"headline":"Pol\u00edcia Civil prende suspeitos de tentativa de homic\u00eddio em Carangola","datePublished":"2024-11-12T19:46:25+00:00","mainEntityOfPage":{"@id":"https:\/\/miradouronoticias.com\/site\/2024\/11\/12\/policia-civil-prende-suspeitos-de-tentativa-de-homicidio-em-carangola\/"},"wordCount":221,"commentCount":0,"publisher":{"@id":"https:\/\/miradouronoticias.com\/site\/#organization"},"image":{"@id":"https:\/\/miradouronoticias.com\/site\/2024\/11\/12\/policia-civil-prende-suspeitos-de-tentativa-de-homicidio-em-carangola\/#primaryimage"},"thumbnailUrl":"https:\/\/miradouronoticias.com\/site\/wp-content\/uploads\/2024\/11\/IMG-20241112-WA0072.jpg","articleSection":["Destaque Principal","Minas Gerais"],"inLanguage":"pt-BR","potentialAction":[{"@type":"CommentAction","name":"Comment","target":["https:\/\/miradouronoticias.com\/site\/2024\/11\/12\/policia-civil-prende-suspeitos-de-tentativa-de-homicidio-em-carangola\/#respond"]}]},{"@type":"WebPage","@id":"https:\/\/miradouronoticias.com\/site\/2024\/11\/12\/policia-civil-prende-suspeitos-de-tentativa-de-homicidio-em-carangola\/","url":"https:\/\/miradouronoticias.com\/site\/2024\/11\/12\/policia-civil-prende-suspeitos-de-tentativa-de-homicidio-em-carangola\/","name":"Pol\u00edcia Civil prende suspeitos de tentativa de homic\u00eddio em Carangola - Miradouro Not\u00edcias","isPartOf":{"@id":"https:\/\/miradouronoticias.com\/site\/#website"},"primaryImageOfPage":{"@id":"https:\/\/miradouronoticias.com\/site\/2024\/11\/12\/policia-civil-prende-suspeitos-de-tentativa-de-homicidio-em-carangola\/#primaryimage"},"image":{"@id":"https:\/\/miradouronoticias.com\/site\/2024\/11\/12\/policia-civil-prende-suspeitos-de-tentativa-de-homicidio-em-carangola\/#primaryimage"},"thumbnailUrl":"https:\/\/miradouronoticias.com\/site\/wp-content\/uploads\/2024\/11\/IMG-20241112-WA0072.jpg","datePublished":"2024-11-12T19:46:25+00:00","breadcrumb":{"@id":"https:\/\/miradouronoticias.com\/site\/2024\/11\/12\/policia-civil-prende-suspeitos-de-tentativa-de-homicidio-em-carangola\/#breadcrumb"},"inLanguage":"pt-BR","potentialAction":[{"@type":"ReadAction","target":["https:\/\/miradouronoticias.com\/site\/2024\/11\/12\/policia-civil-prende-suspeitos-de-tentativa-de-homicidio-em-carangola\/"]}]},{"@type":"ImageObject","inLanguage":"pt-BR","@id":"https:\/\/miradouronoticias.com\/site\/2024\/11\/12\/policia-civil-prende-suspeitos-de-tentativa-de-homicidio-em-carangola\/#primaryimage","url":"https:\/\/miradouronoticias.com\/site\/wp-content\/uploads\/2024\/11\/IMG-20241112-WA0072.jpg","contentUrl":"https:\/\/miradouronoticias.com\/site\/wp-content\/uploads\/2024\/11\/IMG-20241112-WA0072.jpg","width":1043,"height":729},{"@type":"BreadcrumbList","@id":"https:\/\/miradouronoticias.com\/site\/2024\/11\/12\/policia-civil-prende-suspeitos-de-tentativa-de-homicidio-em-carangola\/#breadcrumb","itemListElement":[{"@type":"ListItem","position":1,"name":"In\u00edcio","item":"https:\/\/miradouronoticias.com\/site\/"},{"@type":"ListItem","position":2,"name":"Pol\u00edcia Civil prende suspeitos de tentativa de homic\u00eddio em Carangola"}]},{"@type":"WebSite","@id":"https:\/\/miradouronoticias.com\/site\/#website","url":"https:\/\/miradouronoticias.com\/site\/","name":"Miradouro Not\u00edcias","description":"Informa\u00e7\u00f5es da cidade e regi\u00e3o","publisher":{"@id":"https:\/\/miradouronoticias.com\/site\/#organization"},"potentialAction":[{"@type":"SearchAction","target":{"@type":"EntryPoint","urlTemplate":"https:\/\/miradouronoticias.com\/site\/?s={search_term_string}"},"query-input":{"@type":"PropertyValueSpecification","valueRequired":true,"valueName":"search_term_string"}}],"inLanguage":"pt-BR"},{"@type":"Organization","@id":"https:\/\/miradouronoticias.com\/site\/#organization","name":"Miradouro Not\u00edcias","url":"https:\/\/miradouronoticias.com\/site\/","logo":{"@type":"ImageObject","inLanguage":"pt-BR","@id":"https:\/\/miradouronoticias.com\/site\/#\/schema\/logo\/image\/","url":"https:\/\/miradouronoticias.com\/site\/wp-content\/uploads\/2022\/01\/logomarcamiradouronoticias.png","contentUrl":"https:\/\/miradouronoticias.com\/site\/wp-content\/uploads\/2022\/01\/logomarcamiradouronoticias.png","width":747,"height":263,"caption":"Miradouro Not\u00edcias"},"image":{"@id":"https:\/\/miradouronoticias.com\/site\/#\/schema\/logo\/image\/"}},{"@type":"Person","@id":"https:\/\/miradouronoticias.com\/site\/#\/schema\/person\/73440d8c82222950df86f3e1a16aad3b","name":"Cl\u00e1udia Olyver","sameAs":["http:\/\/www.miradouronoticias.com"],"url":"https:\/\/miradouronoticias.com\/site\/author\/claudia\/"}]}},"_links":{"self":[{"href":"https:\/\/miradouronoticias.com\/site\/wp-json\/wp\/v2\/posts\/26428","targetHints":{"allow":["GET"]}}],"collection":[{"href":"https:\/\/miradouronoticias.com\/site\/wp-json\/wp\/v2\/posts"}],"about":[{"href":"https:\/\/miradouronoticias.com\/site\/wp-json\/wp\/v2\/types\/post"}],"author":[{"embeddable":true,"href":"https:\/\/miradouronoticias.com\/site\/wp-json\/wp\/v2\/users\/4"}],"replies":[{"embeddable":true,"href":"https:\/\/miradouronoticias.com\/site\/wp-json\/wp\/v2\/comments?post=26428"}],"version-history":[{"count":1,"href":"https:\/\/miradouronoticias.com\/site\/wp-json\/wp\/v2\/posts\/26428\/revisions"}],"predecessor-version":[{"id":26430,"href":"https:\/\/miradouronoticias.com\/site\/wp-json\/wp\/v2\/posts\/26428\/revisions\/26430"}],"wp:featuredmedia":[{"embeddable":true,"href":"https:\/\/miradouronoticias.com\/site\/wp-json\/wp\/v2\/media\/26429"}],"wp:attachment":[{"href":"https:\/\/miradouronoticias.com\/site\/wp-json\/wp\/v2\/media?parent=26428"}],"wp:term":[{"taxonomy":"category","embeddable":true,"href":"https:\/\/miradouronoticias.com\/site\/wp-json\/wp\/v2\/categories?post=26428"},{"taxonomy":"post_tag","embeddable":true,"href":"https:\/\/miradouronoticias.com\/site\/wp-json\/wp\/v2\/tags?post=26428"}],"curies":[{"name":"wp","href":"https:\/\/api.w.org\/{rel}","templated":true}]}}