{"id":26374,"date":"2024-11-09T08:43:11","date_gmt":"2024-11-09T11:43:11","guid":{"rendered":"https:\/\/miradouronoticias.com\/site\/?p=26374"},"modified":"2024-11-09T08:43:11","modified_gmt":"2024-11-09T11:43:11","slug":"governo-de-minas-em-parceria-com-o-sebrae-lanca-as-rotas-do-queijo-da-canastra-e-do-serro-no-festuris","status":"publish","type":"post","link":"https:\/\/miradouronoticias.com\/site\/2024\/11\/09\/governo-de-minas-em-parceria-com-o-sebrae-lanca-as-rotas-do-queijo-da-canastra-e-do-serro-no-festuris\/","title":{"rendered":"Governo de Minas, em parceria com o Sebrae, lan\u00e7a as rotas do Queijo da Canastra e do Serro no Festuris"},"content":{"rendered":"<header id=\"header\" class=\"\">\n<nav class=\"navbar navbar-default\">\n<div class=\"navbar-header\">\n<div class=\"navbar-header-content \/ container \/ padding-xs-y-2\">\n<h1 class=\"logo\"><img loading=\"lazy\" decoding=\"async\" class=\"alignnone size-medium wp-image-26375\" src=\"https:\/\/miradouronoticias.com\/site\/wp-content\/uploads\/2024\/11\/DZ3A2883_credito_Daniel_Moreira-300x112.jpg\" alt=\"\" width=\"300\" height=\"112\" srcset=\"https:\/\/miradouronoticias.com\/site\/wp-content\/uploads\/2024\/11\/DZ3A2883_credito_Daniel_Moreira-300x112.jpg 300w, https:\/\/miradouronoticias.com\/site\/wp-content\/uploads\/2024\/11\/DZ3A2883_credito_Daniel_Moreira-768x286.jpg 768w, https:\/\/miradouronoticias.com\/site\/wp-content\/uploads\/2024\/11\/DZ3A2883_credito_Daniel_Moreira.jpg 940w\" sizes=\"auto, (max-width: 300px) 100vw, 300px\" \/><\/h1>\n<\/div>\n<\/div>\n<\/nav>\n<\/header>\n<p><main id=\"content\"><\/p>\n<div class=\"container container-news margin-xs-top-2 margin-xs-bottom-2 margin-sm-top-4 margin-sm-bottom-2\">\n<div class=\"news\">\n<article class=\"clear\"><main class=\"clear margin-md-bottom-3\"><\/p>\n<div class=\"clear \">\n<p>A iniciativa integra a campanha pela candidatura dos Modos de Fazer O Queijo Minas Artesanal a Patrim\u00f4nio da Humanidade pela Unesco, que ser\u00e1 avaliada durante a 19\u00aa Sess\u00e3o do Comit\u00ea Intergovernamental da Unesco, prevista para o in\u00edcio de dezembro, em Assun\u00e7\u00e3o, no Paraguai.<\/p>\n<p>Al\u00e9m de colocar em evid\u00eancia os lugares de fabrica\u00e7\u00e3o do queijo, as rotas v\u00e3o ressaltar os\u00a0 atrativos naturais e culturais, ampliando as possibilidades de experi\u00eancia para o visitante, al\u00e9m de estimular o fortalecimento da atividade tur\u00edstica nessas regi\u00f5es queijeiras.<\/p>\n<p>\u201cEsse projeto vem em conson\u00e2ncia do que acontecer\u00e1 no final do ano que ser\u00e1 o reconhecimento dos Modos de Fazer O Queijo Minas Artesanal como Patrim\u00f4nio da Humanidade pela Unesco. Ao lan\u00e7armos essas rotas do queijo n\u00f3s queremos mostrar tamb\u00e9m a cidade, os produtores, a experi\u00eancia, a natureza, o ecoturismo, porque essa \u00e9 uma a\u00e7\u00e3o extremamente sustent\u00e1vel e est\u00e1 tamb\u00e9m no \u00e2mbito do turismo verde\u201d, pontua o secret\u00e1rio de Estado de\u00a0<a href=\"https:\/\/www.secult.mg.gov.br\/\" target=\"_blank\" rel=\"noopener\">Cultura e Turismo<\/a>, Le\u00f4nidas de Oliveira.<\/p>\n<p>O presidente do Conselho Deliberativo do Sebrae Minas, Marcelo de Souza e Silva, tamb\u00e9m destaca que as rotas representam uma conquista para o turismo de Minas Gerais. \u201cCom o apoio do Governo do Estado, esses novos destinos n\u00e3o apenas contribuir\u00e3o para atrair investimentos, mas tamb\u00e9m valorizar\u00e3o a identidade de origem das regi\u00f5es, estimulando a gera\u00e7\u00e3o de emprego e renda\u201d, refor\u00e7a.<\/p>\n<p><b>Rota do Queijo Canastra<\/b><\/p>\n<p>A Rota do Queijo Canastra vai unir a tradi\u00e7\u00e3o dos queijos, do caf\u00e9 e das paisagens naturais que comp\u00f5em a Serra da Canastra, abrangendo cachoeiras, grutas, trilhas e rica biodiversidade. Um dos destaques \u00e9 o Parque Nacional da Serra da Canastra, onde nasce o Rio S\u00e3o Francisco, e local favor\u00e1vel para pr\u00e1ticas de ecoturismo e esportes de aventura.<\/p>\n<p>Contemplar\u00e1 especialmente os munic\u00edpios onde o queijo \u00e9 produzido: S\u00e3o Roque de Minas, Medeiros, Tapira\u00ed, Bambu\u00ed, Piumhi, Vargem Bonita e Delfin\u00f3polis, no Centro-Oeste de Minas. Anualmente, mais de 6 mil toneladas s\u00e3o feitas por cerca 800 produtores.<\/p>\n<p>Com dois s\u00e9culos de tradi\u00e7\u00e3o, o Queijo Canastra teve seu registro de Indica\u00e7\u00e3o de Proced\u00eancia concedido em 2012 pela Associa\u00e7\u00e3o dos Produtores do Queijo Canastra. Feito a partir de leite cru, o queijo maduro entre 21 e 40 dias, podendo ser encontrado em texturas semiduras ou mais macias. Seu sabor \u00e9 levemente \u00e1cido e picante, agradando a uma ampla variedade de paladares.<\/p>\n<p>A regi\u00e3o da Canastra tamb\u00e9m obteve a Indica\u00e7\u00e3o Geogr\u00e1fica do caf\u00e9 no ano passado, na modalidade Denomina\u00e7\u00e3o de Origem. A regi\u00e3o \u00e9 respons\u00e1vel por uma produ\u00e7\u00e3o de 750 mil sacas de 60 quilos por ano. A atividade ocupa uma \u00e1rea de 33 mil hectares plantados.<\/p>\n<p><b>Rota do Queijo do Serro<\/b><\/p>\n<p>O modo de fazer o queijo artesanal do Serro foi o primeiro bem cultural a ser reconhecido como patrim\u00f4nio imaterial no Brasil, em 2002, pelo<a href=\"https:\/\/iepha.mg.gov.br\/\" target=\"_blank\" rel=\"noopener\">\u00a0Instituto Estadual do Patrim\u00f4nio Hist\u00f3rico e Art\u00edstico de Minas Gerais (Iepha-MG)<\/a>. Seis anos depois, o Instituto do Patrim\u00f4nio Hist\u00f3rico e Art\u00edstico Nacional (Iphan) tamb\u00e9m o reconheceu como patrim\u00f4nio cultural do Brasil.<\/p>\n<p>A regi\u00e3o produtora do queijo do Serro abrange os munic\u00edpios de Alvorada de Minas, Coluna, Concei\u00e7\u00e3o do Mato Dentro, Dom Joaquim, Materl\u00e2ndia, Paulistas, Rio Vermelho, Sabin\u00f3polis, Santo Ant\u00f4nio do Itamb\u00e9, Serra Azul de Minas e Serro. No total, re\u00fane cerca de 800 pequenos produtores e agricultores familiares que mant\u00eam viva uma tradi\u00e7\u00e3o de mais de 300 anos.<\/p>\n<p>&nbsp;<\/p>\n<\/div>\n<p><\/main><\/article>\n<\/div>\n<\/div>\n<p><\/main><\/p>\n","protected":false},"excerpt":{"rendered":"<p>A iniciativa integra a campanha pela candidatura dos Modos de Fazer O Queijo Minas Artesanal a Patrim\u00f4nio da Humanidade pela Unesco, que ser\u00e1 avaliada durante a 19\u00aa Sess\u00e3o do Comit\u00ea Intergovernamental da Unesco, prevista para o in\u00edcio de dezembro, em Assun\u00e7\u00e3o, no Paraguai. Al\u00e9m de colocar em evid\u00eancia os lugares de fabrica\u00e7\u00e3o do queijo, as [&hellip;]<\/p>\n","protected":false},"author":4,"featured_media":26375,"comment_status":"open","ping_status":"open","sticky":false,"template":"","format":"standard","meta":{"footnotes":""},"categories":[21],"tags":[],"class_list":["post-26374","post","type-post","status-publish","format-standard","has-post-thumbnail","hentry","category-minas-gerais"],"yoast_head":"<!-- This site is optimized with the Yoast SEO plugin v27.2 - https:\/\/yoast.com\/product\/yoast-seo-wordpress\/ -->\n<title>Governo de Minas, em parceria com o Sebrae, lan\u00e7a as rotas do Queijo da Canastra e do Serro no Festuris - Miradouro Not\u00edcias<\/title>\n<meta name=\"robots\" content=\"index, follow, max-snippet:-1, max-image-preview:large, max-video-preview:-1\" \/>\n<link rel=\"canonical\" href=\"https:\/\/miradouronoticias.com\/site\/2024\/11\/09\/governo-de-minas-em-parceria-com-o-sebrae-lanca-as-rotas-do-queijo-da-canastra-e-do-serro-no-festuris\/\" \/>\n<meta property=\"og:locale\" content=\"pt_BR\" \/>\n<meta property=\"og:type\" content=\"article\" \/>\n<meta property=\"og:title\" content=\"Governo de Minas, em parceria com o Sebrae, lan\u00e7a as rotas do Queijo da Canastra e do Serro no Festuris - Miradouro Not\u00edcias\" \/>\n<meta property=\"og:description\" content=\"A iniciativa integra a campanha pela candidatura dos Modos de Fazer O Queijo Minas Artesanal a Patrim\u00f4nio da Humanidade pela Unesco, que ser\u00e1 avaliada durante a 19\u00aa Sess\u00e3o do Comit\u00ea Intergovernamental da Unesco, prevista para o in\u00edcio de dezembro, em Assun\u00e7\u00e3o, no Paraguai. Al\u00e9m de colocar em evid\u00eancia os lugares de fabrica\u00e7\u00e3o do queijo, as [&hellip;]\" \/>\n<meta property=\"og:url\" content=\"https:\/\/miradouronoticias.com\/site\/2024\/11\/09\/governo-de-minas-em-parceria-com-o-sebrae-lanca-as-rotas-do-queijo-da-canastra-e-do-serro-no-festuris\/\" \/>\n<meta property=\"og:site_name\" content=\"Miradouro Not\u00edcias\" \/>\n<meta property=\"article:published_time\" content=\"2024-11-09T11:43:11+00:00\" \/>\n<meta property=\"og:image\" content=\"https:\/\/miradouronoticias.com\/site\/wp-content\/uploads\/2024\/11\/DZ3A2883_credito_Daniel_Moreira.jpg\" \/>\n\t<meta property=\"og:image:width\" content=\"940\" \/>\n\t<meta property=\"og:image:height\" content=\"350\" \/>\n\t<meta property=\"og:image:type\" content=\"image\/jpeg\" \/>\n<meta name=\"author\" content=\"Cl\u00e1udia Olyver\" \/>\n<meta name=\"twitter:card\" content=\"summary_large_image\" \/>\n<meta name=\"twitter:label1\" content=\"Escrito por\" \/>\n\t<meta name=\"twitter:data1\" content=\"Cl\u00e1udia Olyver\" \/>\n\t<meta name=\"twitter:label2\" content=\"Est. tempo de leitura\" \/>\n\t<meta name=\"twitter:data2\" content=\"4 minutos\" \/>\n<script type=\"application\/ld+json\" class=\"yoast-schema-graph\">{\"@context\":\"https:\/\/schema.org\",\"@graph\":[{\"@type\":\"Article\",\"@id\":\"https:\/\/miradouronoticias.com\/site\/2024\/11\/09\/governo-de-minas-em-parceria-com-o-sebrae-lanca-as-rotas-do-queijo-da-canastra-e-do-serro-no-festuris\/#article\",\"isPartOf\":{\"@id\":\"https:\/\/miradouronoticias.com\/site\/2024\/11\/09\/governo-de-minas-em-parceria-com-o-sebrae-lanca-as-rotas-do-queijo-da-canastra-e-do-serro-no-festuris\/\"},\"author\":{\"name\":\"Cl\u00e1udia Olyver\",\"@id\":\"https:\/\/miradouronoticias.com\/site\/#\/schema\/person\/73440d8c82222950df86f3e1a16aad3b\"},\"headline\":\"Governo de Minas, em parceria com o Sebrae, lan\u00e7a as rotas do Queijo da Canastra e do Serro no Festuris\",\"datePublished\":\"2024-11-09T11:43:11+00:00\",\"mainEntityOfPage\":{\"@id\":\"https:\/\/miradouronoticias.com\/site\/2024\/11\/09\/governo-de-minas-em-parceria-com-o-sebrae-lanca-as-rotas-do-queijo-da-canastra-e-do-serro-no-festuris\/\"},\"wordCount\":619,\"commentCount\":0,\"publisher\":{\"@id\":\"https:\/\/miradouronoticias.com\/site\/#organization\"},\"image\":{\"@id\":\"https:\/\/miradouronoticias.com\/site\/2024\/11\/09\/governo-de-minas-em-parceria-com-o-sebrae-lanca-as-rotas-do-queijo-da-canastra-e-do-serro-no-festuris\/#primaryimage\"},\"thumbnailUrl\":\"https:\/\/miradouronoticias.com\/site\/wp-content\/uploads\/2024\/11\/DZ3A2883_credito_Daniel_Moreira.jpg\",\"articleSection\":[\"Minas Gerais\"],\"inLanguage\":\"pt-BR\",\"potentialAction\":[{\"@type\":\"CommentAction\",\"name\":\"Comment\",\"target\":[\"https:\/\/miradouronoticias.com\/site\/2024\/11\/09\/governo-de-minas-em-parceria-com-o-sebrae-lanca-as-rotas-do-queijo-da-canastra-e-do-serro-no-festuris\/#respond\"]}]},{\"@type\":\"WebPage\",\"@id\":\"https:\/\/miradouronoticias.com\/site\/2024\/11\/09\/governo-de-minas-em-parceria-com-o-sebrae-lanca-as-rotas-do-queijo-da-canastra-e-do-serro-no-festuris\/\",\"url\":\"https:\/\/miradouronoticias.com\/site\/2024\/11\/09\/governo-de-minas-em-parceria-com-o-sebrae-lanca-as-rotas-do-queijo-da-canastra-e-do-serro-no-festuris\/\",\"name\":\"Governo de Minas, em parceria com o Sebrae, lan\u00e7a as rotas do Queijo da Canastra e do Serro no Festuris - Miradouro Not\u00edcias\",\"isPartOf\":{\"@id\":\"https:\/\/miradouronoticias.com\/site\/#website\"},\"primaryImageOfPage\":{\"@id\":\"https:\/\/miradouronoticias.com\/site\/2024\/11\/09\/governo-de-minas-em-parceria-com-o-sebrae-lanca-as-rotas-do-queijo-da-canastra-e-do-serro-no-festuris\/#primaryimage\"},\"image\":{\"@id\":\"https:\/\/miradouronoticias.com\/site\/2024\/11\/09\/governo-de-minas-em-parceria-com-o-sebrae-lanca-as-rotas-do-queijo-da-canastra-e-do-serro-no-festuris\/#primaryimage\"},\"thumbnailUrl\":\"https:\/\/miradouronoticias.com\/site\/wp-content\/uploads\/2024\/11\/DZ3A2883_credito_Daniel_Moreira.jpg\",\"datePublished\":\"2024-11-09T11:43:11+00:00\",\"breadcrumb\":{\"@id\":\"https:\/\/miradouronoticias.com\/site\/2024\/11\/09\/governo-de-minas-em-parceria-com-o-sebrae-lanca-as-rotas-do-queijo-da-canastra-e-do-serro-no-festuris\/#breadcrumb\"},\"inLanguage\":\"pt-BR\",\"potentialAction\":[{\"@type\":\"ReadAction\",\"target\":[\"https:\/\/miradouronoticias.com\/site\/2024\/11\/09\/governo-de-minas-em-parceria-com-o-sebrae-lanca-as-rotas-do-queijo-da-canastra-e-do-serro-no-festuris\/\"]}]},{\"@type\":\"ImageObject\",\"inLanguage\":\"pt-BR\",\"@id\":\"https:\/\/miradouronoticias.com\/site\/2024\/11\/09\/governo-de-minas-em-parceria-com-o-sebrae-lanca-as-rotas-do-queijo-da-canastra-e-do-serro-no-festuris\/#primaryimage\",\"url\":\"https:\/\/miradouronoticias.com\/site\/wp-content\/uploads\/2024\/11\/DZ3A2883_credito_Daniel_Moreira.jpg\",\"contentUrl\":\"https:\/\/miradouronoticias.com\/site\/wp-content\/uploads\/2024\/11\/DZ3A2883_credito_Daniel_Moreira.jpg\",\"width\":940,\"height\":350},{\"@type\":\"BreadcrumbList\",\"@id\":\"https:\/\/miradouronoticias.com\/site\/2024\/11\/09\/governo-de-minas-em-parceria-com-o-sebrae-lanca-as-rotas-do-queijo-da-canastra-e-do-serro-no-festuris\/#breadcrumb\",\"itemListElement\":[{\"@type\":\"ListItem\",\"position\":1,\"name\":\"In\u00edcio\",\"item\":\"https:\/\/miradouronoticias.com\/site\/\"},{\"@type\":\"ListItem\",\"position\":2,\"name\":\"Governo de Minas, em parceria com o Sebrae, lan\u00e7a as rotas do Queijo da Canastra e do Serro no Festuris\"}]},{\"@type\":\"WebSite\",\"@id\":\"https:\/\/miradouronoticias.com\/site\/#website\",\"url\":\"https:\/\/miradouronoticias.com\/site\/\",\"name\":\"Miradouro Not\u00edcias\",\"description\":\"Informa\u00e7\u00f5es da cidade e regi\u00e3o\",\"publisher\":{\"@id\":\"https:\/\/miradouronoticias.com\/site\/#organization\"},\"potentialAction\":[{\"@type\":\"SearchAction\",\"target\":{\"@type\":\"EntryPoint\",\"urlTemplate\":\"https:\/\/miradouronoticias.com\/site\/?s={search_term_string}\"},\"query-input\":{\"@type\":\"PropertyValueSpecification\",\"valueRequired\":true,\"valueName\":\"search_term_string\"}}],\"inLanguage\":\"pt-BR\"},{\"@type\":\"Organization\",\"@id\":\"https:\/\/miradouronoticias.com\/site\/#organization\",\"name\":\"Miradouro Not\u00edcias\",\"url\":\"https:\/\/miradouronoticias.com\/site\/\",\"logo\":{\"@type\":\"ImageObject\",\"inLanguage\":\"pt-BR\",\"@id\":\"https:\/\/miradouronoticias.com\/site\/#\/schema\/logo\/image\/\",\"url\":\"https:\/\/miradouronoticias.com\/site\/wp-content\/uploads\/2022\/01\/logomarcamiradouronoticias.png\",\"contentUrl\":\"https:\/\/miradouronoticias.com\/site\/wp-content\/uploads\/2022\/01\/logomarcamiradouronoticias.png\",\"width\":747,\"height\":263,\"caption\":\"Miradouro Not\u00edcias\"},\"image\":{\"@id\":\"https:\/\/miradouronoticias.com\/site\/#\/schema\/logo\/image\/\"}},{\"@type\":\"Person\",\"@id\":\"https:\/\/miradouronoticias.com\/site\/#\/schema\/person\/73440d8c82222950df86f3e1a16aad3b\",\"name\":\"Cl\u00e1udia Olyver\",\"sameAs\":[\"http:\/\/www.miradouronoticias.com\"],\"url\":\"https:\/\/miradouronoticias.com\/site\/author\/claudia\/\"}]}<\/script>\n<!-- \/ Yoast SEO plugin. -->","yoast_head_json":{"title":"Governo de Minas, em parceria com o Sebrae, lan\u00e7a as rotas do Queijo da Canastra e do Serro no Festuris - Miradouro Not\u00edcias","robots":{"index":"index","follow":"follow","max-snippet":"max-snippet:-1","max-image-preview":"max-image-preview:large","max-video-preview":"max-video-preview:-1"},"canonical":"https:\/\/miradouronoticias.com\/site\/2024\/11\/09\/governo-de-minas-em-parceria-com-o-sebrae-lanca-as-rotas-do-queijo-da-canastra-e-do-serro-no-festuris\/","og_locale":"pt_BR","og_type":"article","og_title":"Governo de Minas, em parceria com o Sebrae, lan\u00e7a as rotas do Queijo da Canastra e do Serro no Festuris - Miradouro Not\u00edcias","og_description":"A iniciativa integra a campanha pela candidatura dos Modos de Fazer O Queijo Minas Artesanal a Patrim\u00f4nio da Humanidade pela Unesco, que ser\u00e1 avaliada durante a 19\u00aa Sess\u00e3o do Comit\u00ea Intergovernamental da Unesco, prevista para o in\u00edcio de dezembro, em Assun\u00e7\u00e3o, no Paraguai. Al\u00e9m de colocar em evid\u00eancia os lugares de fabrica\u00e7\u00e3o do queijo, as [&hellip;]","og_url":"https:\/\/miradouronoticias.com\/site\/2024\/11\/09\/governo-de-minas-em-parceria-com-o-sebrae-lanca-as-rotas-do-queijo-da-canastra-e-do-serro-no-festuris\/","og_site_name":"Miradouro Not\u00edcias","article_published_time":"2024-11-09T11:43:11+00:00","og_image":[{"width":940,"height":350,"url":"https:\/\/miradouronoticias.com\/site\/wp-content\/uploads\/2024\/11\/DZ3A2883_credito_Daniel_Moreira.jpg","type":"image\/jpeg"}],"author":"Cl\u00e1udia Olyver","twitter_card":"summary_large_image","twitter_misc":{"Escrito por":"Cl\u00e1udia Olyver","Est. tempo de leitura":"4 minutos"},"schema":{"@context":"https:\/\/schema.org","@graph":[{"@type":"Article","@id":"https:\/\/miradouronoticias.com\/site\/2024\/11\/09\/governo-de-minas-em-parceria-com-o-sebrae-lanca-as-rotas-do-queijo-da-canastra-e-do-serro-no-festuris\/#article","isPartOf":{"@id":"https:\/\/miradouronoticias.com\/site\/2024\/11\/09\/governo-de-minas-em-parceria-com-o-sebrae-lanca-as-rotas-do-queijo-da-canastra-e-do-serro-no-festuris\/"},"author":{"name":"Cl\u00e1udia Olyver","@id":"https:\/\/miradouronoticias.com\/site\/#\/schema\/person\/73440d8c82222950df86f3e1a16aad3b"},"headline":"Governo de Minas, em parceria com o Sebrae, lan\u00e7a as rotas do Queijo da Canastra e do Serro no Festuris","datePublished":"2024-11-09T11:43:11+00:00","mainEntityOfPage":{"@id":"https:\/\/miradouronoticias.com\/site\/2024\/11\/09\/governo-de-minas-em-parceria-com-o-sebrae-lanca-as-rotas-do-queijo-da-canastra-e-do-serro-no-festuris\/"},"wordCount":619,"commentCount":0,"publisher":{"@id":"https:\/\/miradouronoticias.com\/site\/#organization"},"image":{"@id":"https:\/\/miradouronoticias.com\/site\/2024\/11\/09\/governo-de-minas-em-parceria-com-o-sebrae-lanca-as-rotas-do-queijo-da-canastra-e-do-serro-no-festuris\/#primaryimage"},"thumbnailUrl":"https:\/\/miradouronoticias.com\/site\/wp-content\/uploads\/2024\/11\/DZ3A2883_credito_Daniel_Moreira.jpg","articleSection":["Minas Gerais"],"inLanguage":"pt-BR","potentialAction":[{"@type":"CommentAction","name":"Comment","target":["https:\/\/miradouronoticias.com\/site\/2024\/11\/09\/governo-de-minas-em-parceria-com-o-sebrae-lanca-as-rotas-do-queijo-da-canastra-e-do-serro-no-festuris\/#respond"]}]},{"@type":"WebPage","@id":"https:\/\/miradouronoticias.com\/site\/2024\/11\/09\/governo-de-minas-em-parceria-com-o-sebrae-lanca-as-rotas-do-queijo-da-canastra-e-do-serro-no-festuris\/","url":"https:\/\/miradouronoticias.com\/site\/2024\/11\/09\/governo-de-minas-em-parceria-com-o-sebrae-lanca-as-rotas-do-queijo-da-canastra-e-do-serro-no-festuris\/","name":"Governo de Minas, em parceria com o Sebrae, lan\u00e7a as rotas do Queijo da Canastra e do Serro no Festuris - Miradouro Not\u00edcias","isPartOf":{"@id":"https:\/\/miradouronoticias.com\/site\/#website"},"primaryImageOfPage":{"@id":"https:\/\/miradouronoticias.com\/site\/2024\/11\/09\/governo-de-minas-em-parceria-com-o-sebrae-lanca-as-rotas-do-queijo-da-canastra-e-do-serro-no-festuris\/#primaryimage"},"image":{"@id":"https:\/\/miradouronoticias.com\/site\/2024\/11\/09\/governo-de-minas-em-parceria-com-o-sebrae-lanca-as-rotas-do-queijo-da-canastra-e-do-serro-no-festuris\/#primaryimage"},"thumbnailUrl":"https:\/\/miradouronoticias.com\/site\/wp-content\/uploads\/2024\/11\/DZ3A2883_credito_Daniel_Moreira.jpg","datePublished":"2024-11-09T11:43:11+00:00","breadcrumb":{"@id":"https:\/\/miradouronoticias.com\/site\/2024\/11\/09\/governo-de-minas-em-parceria-com-o-sebrae-lanca-as-rotas-do-queijo-da-canastra-e-do-serro-no-festuris\/#breadcrumb"},"inLanguage":"pt-BR","potentialAction":[{"@type":"ReadAction","target":["https:\/\/miradouronoticias.com\/site\/2024\/11\/09\/governo-de-minas-em-parceria-com-o-sebrae-lanca-as-rotas-do-queijo-da-canastra-e-do-serro-no-festuris\/"]}]},{"@type":"ImageObject","inLanguage":"pt-BR","@id":"https:\/\/miradouronoticias.com\/site\/2024\/11\/09\/governo-de-minas-em-parceria-com-o-sebrae-lanca-as-rotas-do-queijo-da-canastra-e-do-serro-no-festuris\/#primaryimage","url":"https:\/\/miradouronoticias.com\/site\/wp-content\/uploads\/2024\/11\/DZ3A2883_credito_Daniel_Moreira.jpg","contentUrl":"https:\/\/miradouronoticias.com\/site\/wp-content\/uploads\/2024\/11\/DZ3A2883_credito_Daniel_Moreira.jpg","width":940,"height":350},{"@type":"BreadcrumbList","@id":"https:\/\/miradouronoticias.com\/site\/2024\/11\/09\/governo-de-minas-em-parceria-com-o-sebrae-lanca-as-rotas-do-queijo-da-canastra-e-do-serro-no-festuris\/#breadcrumb","itemListElement":[{"@type":"ListItem","position":1,"name":"In\u00edcio","item":"https:\/\/miradouronoticias.com\/site\/"},{"@type":"ListItem","position":2,"name":"Governo de Minas, em parceria com o Sebrae, lan\u00e7a as rotas do Queijo da Canastra e do Serro no Festuris"}]},{"@type":"WebSite","@id":"https:\/\/miradouronoticias.com\/site\/#website","url":"https:\/\/miradouronoticias.com\/site\/","name":"Miradouro Not\u00edcias","description":"Informa\u00e7\u00f5es da cidade e regi\u00e3o","publisher":{"@id":"https:\/\/miradouronoticias.com\/site\/#organization"},"potentialAction":[{"@type":"SearchAction","target":{"@type":"EntryPoint","urlTemplate":"https:\/\/miradouronoticias.com\/site\/?s={search_term_string}"},"query-input":{"@type":"PropertyValueSpecification","valueRequired":true,"valueName":"search_term_string"}}],"inLanguage":"pt-BR"},{"@type":"Organization","@id":"https:\/\/miradouronoticias.com\/site\/#organization","name":"Miradouro Not\u00edcias","url":"https:\/\/miradouronoticias.com\/site\/","logo":{"@type":"ImageObject","inLanguage":"pt-BR","@id":"https:\/\/miradouronoticias.com\/site\/#\/schema\/logo\/image\/","url":"https:\/\/miradouronoticias.com\/site\/wp-content\/uploads\/2022\/01\/logomarcamiradouronoticias.png","contentUrl":"https:\/\/miradouronoticias.com\/site\/wp-content\/uploads\/2022\/01\/logomarcamiradouronoticias.png","width":747,"height":263,"caption":"Miradouro Not\u00edcias"},"image":{"@id":"https:\/\/miradouronoticias.com\/site\/#\/schema\/logo\/image\/"}},{"@type":"Person","@id":"https:\/\/miradouronoticias.com\/site\/#\/schema\/person\/73440d8c82222950df86f3e1a16aad3b","name":"Cl\u00e1udia Olyver","sameAs":["http:\/\/www.miradouronoticias.com"],"url":"https:\/\/miradouronoticias.com\/site\/author\/claudia\/"}]}},"_links":{"self":[{"href":"https:\/\/miradouronoticias.com\/site\/wp-json\/wp\/v2\/posts\/26374","targetHints":{"allow":["GET"]}}],"collection":[{"href":"https:\/\/miradouronoticias.com\/site\/wp-json\/wp\/v2\/posts"}],"about":[{"href":"https:\/\/miradouronoticias.com\/site\/wp-json\/wp\/v2\/types\/post"}],"author":[{"embeddable":true,"href":"https:\/\/miradouronoticias.com\/site\/wp-json\/wp\/v2\/users\/4"}],"replies":[{"embeddable":true,"href":"https:\/\/miradouronoticias.com\/site\/wp-json\/wp\/v2\/comments?post=26374"}],"version-history":[{"count":1,"href":"https:\/\/miradouronoticias.com\/site\/wp-json\/wp\/v2\/posts\/26374\/revisions"}],"predecessor-version":[{"id":26376,"href":"https:\/\/miradouronoticias.com\/site\/wp-json\/wp\/v2\/posts\/26374\/revisions\/26376"}],"wp:featuredmedia":[{"embeddable":true,"href":"https:\/\/miradouronoticias.com\/site\/wp-json\/wp\/v2\/media\/26375"}],"wp:attachment":[{"href":"https:\/\/miradouronoticias.com\/site\/wp-json\/wp\/v2\/media?parent=26374"}],"wp:term":[{"taxonomy":"category","embeddable":true,"href":"https:\/\/miradouronoticias.com\/site\/wp-json\/wp\/v2\/categories?post=26374"},{"taxonomy":"post_tag","embeddable":true,"href":"https:\/\/miradouronoticias.com\/site\/wp-json\/wp\/v2\/tags?post=26374"}],"curies":[{"name":"wp","href":"https:\/\/api.w.org\/{rel}","templated":true}]}}