{"id":26359,"date":"2024-11-08T10:05:50","date_gmt":"2024-11-08T13:05:50","guid":{"rendered":"https:\/\/miradouronoticias.com\/site\/?p=26359"},"modified":"2024-11-08T10:05:50","modified_gmt":"2024-11-08T13:05:50","slug":"brasil-reduz-em-12-emissoes-de-gases-do-efeito-estufa-em-2023","status":"publish","type":"post","link":"https:\/\/miradouronoticias.com\/site\/2024\/11\/08\/brasil-reduz-em-12-emissoes-de-gases-do-efeito-estufa-em-2023\/","title":{"rendered":"Brasil reduz em 12% emiss\u00f5es de gases do efeito estufa em 2023"},"content":{"rendered":"<p><img loading=\"lazy\" decoding=\"async\" class=\"alignnone size-medium wp-image-26360\" src=\"https:\/\/miradouronoticias.com\/site\/wp-content\/uploads\/2024\/11\/53543422139_89975f1ac1_o-300x179.webp\" alt=\"\" width=\"300\" height=\"179\" srcset=\"https:\/\/miradouronoticias.com\/site\/wp-content\/uploads\/2024\/11\/53543422139_89975f1ac1_o-300x179.webp 300w, https:\/\/miradouronoticias.com\/site\/wp-content\/uploads\/2024\/11\/53543422139_89975f1ac1_o-1024x613.webp 1024w, https:\/\/miradouronoticias.com\/site\/wp-content\/uploads\/2024\/11\/53543422139_89975f1ac1_o-768x459.webp 768w, https:\/\/miradouronoticias.com\/site\/wp-content\/uploads\/2024\/11\/53543422139_89975f1ac1_o.webp 1170w\" sizes=\"auto, (max-width: 300px) 100vw, 300px\" \/><\/p>\n<header id=\"header-site\" class=\"header-site full-width rel-position\">\n<div class=\"header-veiculo full-width\">\n<aside id=\"nav-menu-mobile\" class=\"nav-menu-mobile\">\n<div class=\"search-container full-width\"><input id=\"pesquisa-ebc\" class=\"search-bar\" type=\"text\" placeholder=\"Digite o termo da busca\" \/><button id=\"search-button\" class=\"search-button\" aria-label=\"Buscar\"><\/button>Brasil reduziu em 12% as emiss\u00f5es de g\u00e1s carb\u00f4nico equivalente (GtCO2e) em 2023 em rela\u00e7\u00e3o ao ano anterior, conforme divulgou nesta quinta-feira (7) o Observat\u00f3rio do Clima. No ano passado, o pa\u00eds emitiu 2,3 bilh\u00f5es de tonelaas de gases do efeito estufa, enquanto que, em 2022, foram emiti observat\u00f3rio, essa \u00e9 a maior queda percentual nas emiss\u00f5es desde 2009, quando o pa\u00eds registrou a menor emiss\u00e3o da s\u00e9rie hist\u00f3rica iniciada em 1990 (1,77 bilh\u00e3o de GtCO2e).<\/div>\n<\/aside>\n<\/div>\n<\/header>\n<p><main class=\"main-site\"><\/p>\n<div class=\"region region-content\">\n<div id=\"block-system-main\" class=\"block block-system\">\n<div class=\"content\">\n<div id=\"panel\" class=\"container-noticia rel-position\">\n<div id=\"node-1618723\" class=\"node node-conteudo clearfix\">\n<div class=\"conteudo-noticia\">\n<p>A queda no desmatamento na Amaz\u00f4nia foi a principal raz\u00e3o para a redu\u00e7\u00e3o das emiss\u00f5es.<\/p>\n<p>As emiss\u00f5es por desmatamento na floresta tropical ca\u00edram\u00a037%, de 1,074 bilh\u00e3o de toneladas de g\u00e1s carb\u00f4nico equivalente\u00a0para 687 milh\u00f5es de toneladas.<\/p>\n<p>Por outro lado, os dados do Sistema de Estimativas de Emiss\u00f5es de Gases de Efeito Estufa (SEEG) do Observat\u00f3rio\u00a0mostram que, apesar\u00a0da desacelera\u00e7\u00e3o na Amaz\u00f4nia, a devasta\u00e7\u00e3o dos demais biomas resultaram na emiss\u00e3o de\u00a01,04 GtCO2e brutas em 2023.<\/p>\n<p>Na avalia\u00e7\u00e3o do coordenador do SEEG, David Tsai, a redu\u00e7\u00e3o das emiss\u00f5es \u00e9 uma boa not\u00edcia, mas evidencia a depend\u00eancia do que ocorre\u00a0na Amaz\u00f4nia, em especial para o pa\u00eds atingir a Contribui\u00e7\u00e3o Nacionalmente Determinada (NDC, na sigla em ingl\u00eas). As novas NDCs precisam ser apresentadas at\u00e9 fevereiro de 2025 e devem estar alinhadas com o primeiro Balan\u00e7o Global do Acordo de Paris (GST, na sigla em ingl\u00eas), encerrado em 2023 na COP28, em Dubai.<\/p>\n<blockquote><p>\u201cA queda nas emiss\u00f5es em 2023 certamente \u00e9 uma boa not\u00edcia, e p\u00f5e o pa\u00eds na dire\u00e7\u00e3o certa para cumprir sua NDC, o plano clim\u00e1tico nacional, para 2025. Ao mesmo tempo, mostra que ainda estamos excessivamente dependentes do que acontece na Amaz\u00f4nia, j\u00e1 que as pol\u00edticas para os outros setores s\u00e3o t\u00edmidas ou inexistentes. Isso ter\u00e1 de mudar na nova NDC, que ser\u00e1 proposta ainda este ano. O Brasil precisa de um plano de descarboniza\u00e7\u00e3o consistente e que fa\u00e7a de fato uma transforma\u00e7\u00e3o na economia\u201d, afirmou\u00a0David Tsai.<\/p><\/blockquote>\n<p>Em rela\u00e7\u00e3o aos outros biomas, o levantamento aponta\u00a0que as emiss\u00f5es por desmatamento e queima de biomassa\u00a0aumentaram: 23% no Cerrado, 11% na Caatinga, 4% na Mata Atl\u00e2ntica e 86% no Pantanal. No Pampa, essas\u00a0emiss\u00f5es\u00a0ca\u00edram\u00a015%, mas o bioma responde por apenas 1% do total.<\/p>\n<blockquote><p>\u201cO Brasil est\u00e1 vendo o combate ao desmatamento na Amaz\u00f4nia surtir efeito. Mas, enquanto isso, o desmatamento em outros biomas, como o Cerrado e o Pantanal, acelera. Esse \u2018vazamento\u2019 n\u00e3o \u00e9 algo novo e precisa de solu\u00e7\u00e3o urgente para que continuemos tendo chances de atingir as metas de mitiga\u00e7\u00e3o brasileiras\u201d, disse a pesquisadora do Instituto de Pesquisa Ambiental da Amaz\u00f4nia (Ipam), B\u00e1rbara Zimbres.<\/p><\/blockquote>\n<p>O Ipam \u00e9 respons\u00e1vel pelo c\u00e1lculo de emiss\u00f5es de uso da terra no SEEG.<\/p>\n<h2>Uso da terra e Agropecu\u00e1ria<\/h2>\n<p>As mudan\u00e7as de uso da terra foram respons\u00e1veis por quase metade\u00a0das emiss\u00f5es de gases de efeito estufa no pa\u00eds (46%), com 1,062 bilh\u00e3o de toneladas de CO2e. Segundo o observat\u00f3rio,\u00a0a agropecu\u00e1ria registrou o\u00a0quarto recorde consecutivo de emiss\u00f5es, com eleva\u00e7\u00e3o de 2,2%. Com isso, a atividade econ\u00f4mica\u00a0respondeu por 28% das emiss\u00f5es brutas do Brasil no ano passado, principalmente pelo a alta\u00a0do rebanho bovino.<\/p>\n<p>\u201cA maior parte das emiss\u00f5es vem da fermenta\u00e7\u00e3o ent\u00e9rica (o popular &#8220;arroto&#8221;\u00a0do boi), com 405 milh\u00f5es de toneladas em 2023 (mais do que a emiss\u00e3o total da It\u00e1lia)\u201d, aponta\u00a0a institui\u00e7\u00e3o. \u201cSomando as emiss\u00f5es por mudan\u00e7a de uso da terra, a atividade agropecu\u00e1ria segue sendo de longe a maior emissora do pa\u00eds, com 74% do total\u201d, continua.<\/p>\n<p>O analista de Ci\u00eancia do Clima do Instituto de Manejo e Certifica\u00e7\u00e3o Florestal e Agr\u00edcola (Imaflora), Gabriel Quintana, relembra que a \u00faltima redu\u00e7\u00e3o nas emiss\u00f5es da agropecu\u00e1ria brasileira\u00a0foi registrada em 2018. Desde ent\u00e3o, v\u00eam aumentando e registrando recordes. O Imaflora \u00e9 a organiza\u00e7\u00e3o respons\u00e1vel pelo c\u00e1lculo de emiss\u00f5es de agropecu\u00e1ria no SEEG.<\/p>\n<p>\u201cElas s\u00e3o puxadas pelo aumento do rebanho bovino, uso de calc\u00e1rio e fertilizantes sint\u00e9ticos nitrogenados, afinal, a produ\u00e7\u00e3o brasileira tem crescido. O desafio para o setor, bastante suscet\u00edvel aos impactos da crise clim\u00e1tica, \u00e9 alinhar a mitiga\u00e7\u00e3o das emiss\u00f5es de gases de efeito estufa com a efici\u00eancia da produtividade, em especial, a redu\u00e7\u00e3o de metano e a ado\u00e7\u00e3o de sistemas que geram sequestro de carbono no solo\u201d, pontuou.<\/p>\n<h2>Res\u00edduos e Energia<\/h2>\n<p>Nos setores de res\u00edduos e energia, os crescimentos de emiss\u00f5es de di\u00f3xido de carbono equivalente foram de 1% e 1,1%, respectivamente. O\u00a0resultado no setor energ\u00e9tico\u00a0est\u00e1 relacionado ao aumento do consumo de \u00f3leo diesel, gasolina e querosene de avia\u00e7\u00e3o no ano passado. Juntos, eles causaram uma eleva\u00e7\u00e3o de 3,2% nas emiss\u00f5es de transporte, que chegaram \u00e0 marca recorde de 224 MtCO2e).<\/p>\n<p>\u201cEssa eleva\u00e7\u00e3o mais do que compensou a redu\u00e7\u00e3o de emiss\u00f5es devido \u00e0 queda de 8% na gera\u00e7\u00e3o de eletricidade por termel\u00e9tricas f\u00f3sseis no ano passado, no qual n\u00e3o houve crise h\u00eddrica para impactar a gera\u00e7\u00e3o hidrel\u00e9trica. No total, energia e processos industriais emitiram 22% do total nacional, 511 MtCO2e\u201d, informa o relat\u00f3rio.<\/p>\n<h2>Queimadas<\/h2>\n<p>Quanto \u00e0s emiss\u00f5es decorrentes de\u00a0queimadas de pasto e vegeta\u00e7\u00e3o nativa (n\u00e3o s\u00e3o contabilizadas como\u00a0desmatamento), ca\u00edram 38% e 7% em 2023, respectivamente.<\/p>\n<p>Essas emiss\u00f5es ficaram de fora do invent\u00e1rio nacional, mas tornam-se cada vez mais importantes \u00e0 medida que a mudan\u00e7a do clima aumenta o risco de ocorr\u00eancia de fogo, inclusive nas florestas \u00famidas, destaca o Observat\u00f3rio.<\/p>\n<p>By: miradouronoticias.com.br\/ ag\u00eancia Brasil<\/p>\n<\/div>\n<\/div>\n<\/div>\n<\/div>\n<\/div>\n<\/div>\n<p><\/main><\/p>\n","protected":false},"excerpt":{"rendered":"<p>Brasil reduziu em 12% as emiss\u00f5es de g\u00e1s carb\u00f4nico equivalente (GtCO2e) em 2023 em rela\u00e7\u00e3o ao ano anterior, conforme divulgou nesta quinta-feira (7) o Observat\u00f3rio do Clima. No ano passado, o pa\u00eds emitiu 2,3 bilh\u00f5es de tonelaas de gases do efeito estufa, enquanto que, em 2022, foram emiti observat\u00f3rio, essa \u00e9 a maior queda percentual [&hellip;]<\/p>\n","protected":false},"author":4,"featured_media":26360,"comment_status":"open","ping_status":"open","sticky":false,"template":"","format":"standard","meta":{"footnotes":""},"categories":[1],"tags":[],"class_list":["post-26359","post","type-post","status-publish","format-standard","has-post-thumbnail","hentry","category-destaque-principal"],"yoast_head":"<!-- This site is optimized with the Yoast SEO plugin v27.2 - https:\/\/yoast.com\/product\/yoast-seo-wordpress\/ -->\n<title>Brasil reduz em 12% emiss\u00f5es de gases do efeito estufa em 2023 - Miradouro Not\u00edcias<\/title>\n<meta name=\"robots\" content=\"index, follow, max-snippet:-1, max-image-preview:large, max-video-preview:-1\" \/>\n<link rel=\"canonical\" href=\"https:\/\/miradouronoticias.com\/site\/2024\/11\/08\/brasil-reduz-em-12-emissoes-de-gases-do-efeito-estufa-em-2023\/\" \/>\n<meta property=\"og:locale\" content=\"pt_BR\" \/>\n<meta property=\"og:type\" content=\"article\" \/>\n<meta property=\"og:title\" content=\"Brasil reduz em 12% emiss\u00f5es de gases do efeito estufa em 2023 - Miradouro Not\u00edcias\" \/>\n<meta property=\"og:description\" content=\"Brasil reduziu em 12% as emiss\u00f5es de g\u00e1s carb\u00f4nico equivalente (GtCO2e) em 2023 em rela\u00e7\u00e3o ao ano anterior, conforme divulgou nesta quinta-feira (7) o Observat\u00f3rio do Clima. No ano passado, o pa\u00eds emitiu 2,3 bilh\u00f5es de tonelaas de gases do efeito estufa, enquanto que, em 2022, foram emiti observat\u00f3rio, essa \u00e9 a maior queda percentual [&hellip;]\" \/>\n<meta property=\"og:url\" content=\"https:\/\/miradouronoticias.com\/site\/2024\/11\/08\/brasil-reduz-em-12-emissoes-de-gases-do-efeito-estufa-em-2023\/\" \/>\n<meta property=\"og:site_name\" content=\"Miradouro Not\u00edcias\" \/>\n<meta property=\"article:published_time\" content=\"2024-11-08T13:05:50+00:00\" \/>\n<meta property=\"og:image\" content=\"https:\/\/miradouronoticias.com\/site\/wp-content\/uploads\/2024\/11\/53543422139_89975f1ac1_o.webp\" \/>\n\t<meta property=\"og:image:width\" content=\"1170\" \/>\n\t<meta property=\"og:image:height\" content=\"700\" \/>\n\t<meta property=\"og:image:type\" content=\"image\/webp\" \/>\n<meta name=\"author\" content=\"Cl\u00e1udia Olyver\" \/>\n<meta name=\"twitter:card\" content=\"summary_large_image\" \/>\n<meta name=\"twitter:label1\" content=\"Escrito por\" \/>\n\t<meta name=\"twitter:data1\" content=\"Cl\u00e1udia Olyver\" \/>\n\t<meta name=\"twitter:label2\" content=\"Est. tempo de leitura\" \/>\n\t<meta name=\"twitter:data2\" content=\"5 minutos\" \/>\n<script type=\"application\/ld+json\" class=\"yoast-schema-graph\">{\"@context\":\"https:\/\/schema.org\",\"@graph\":[{\"@type\":\"Article\",\"@id\":\"https:\/\/miradouronoticias.com\/site\/2024\/11\/08\/brasil-reduz-em-12-emissoes-de-gases-do-efeito-estufa-em-2023\/#article\",\"isPartOf\":{\"@id\":\"https:\/\/miradouronoticias.com\/site\/2024\/11\/08\/brasil-reduz-em-12-emissoes-de-gases-do-efeito-estufa-em-2023\/\"},\"author\":{\"name\":\"Cl\u00e1udia Olyver\",\"@id\":\"https:\/\/miradouronoticias.com\/site\/#\/schema\/person\/73440d8c82222950df86f3e1a16aad3b\"},\"headline\":\"Brasil reduz em 12% emiss\u00f5es de gases do efeito estufa em 2023\",\"datePublished\":\"2024-11-08T13:05:50+00:00\",\"mainEntityOfPage\":{\"@id\":\"https:\/\/miradouronoticias.com\/site\/2024\/11\/08\/brasil-reduz-em-12-emissoes-de-gases-do-efeito-estufa-em-2023\/\"},\"wordCount\":985,\"commentCount\":0,\"publisher\":{\"@id\":\"https:\/\/miradouronoticias.com\/site\/#organization\"},\"image\":{\"@id\":\"https:\/\/miradouronoticias.com\/site\/2024\/11\/08\/brasil-reduz-em-12-emissoes-de-gases-do-efeito-estufa-em-2023\/#primaryimage\"},\"thumbnailUrl\":\"https:\/\/miradouronoticias.com\/site\/wp-content\/uploads\/2024\/11\/53543422139_89975f1ac1_o.webp\",\"articleSection\":[\"Destaque Principal\"],\"inLanguage\":\"pt-BR\",\"potentialAction\":[{\"@type\":\"CommentAction\",\"name\":\"Comment\",\"target\":[\"https:\/\/miradouronoticias.com\/site\/2024\/11\/08\/brasil-reduz-em-12-emissoes-de-gases-do-efeito-estufa-em-2023\/#respond\"]}]},{\"@type\":\"WebPage\",\"@id\":\"https:\/\/miradouronoticias.com\/site\/2024\/11\/08\/brasil-reduz-em-12-emissoes-de-gases-do-efeito-estufa-em-2023\/\",\"url\":\"https:\/\/miradouronoticias.com\/site\/2024\/11\/08\/brasil-reduz-em-12-emissoes-de-gases-do-efeito-estufa-em-2023\/\",\"name\":\"Brasil reduz em 12% emiss\u00f5es de gases do efeito estufa em 2023 - Miradouro Not\u00edcias\",\"isPartOf\":{\"@id\":\"https:\/\/miradouronoticias.com\/site\/#website\"},\"primaryImageOfPage\":{\"@id\":\"https:\/\/miradouronoticias.com\/site\/2024\/11\/08\/brasil-reduz-em-12-emissoes-de-gases-do-efeito-estufa-em-2023\/#primaryimage\"},\"image\":{\"@id\":\"https:\/\/miradouronoticias.com\/site\/2024\/11\/08\/brasil-reduz-em-12-emissoes-de-gases-do-efeito-estufa-em-2023\/#primaryimage\"},\"thumbnailUrl\":\"https:\/\/miradouronoticias.com\/site\/wp-content\/uploads\/2024\/11\/53543422139_89975f1ac1_o.webp\",\"datePublished\":\"2024-11-08T13:05:50+00:00\",\"breadcrumb\":{\"@id\":\"https:\/\/miradouronoticias.com\/site\/2024\/11\/08\/brasil-reduz-em-12-emissoes-de-gases-do-efeito-estufa-em-2023\/#breadcrumb\"},\"inLanguage\":\"pt-BR\",\"potentialAction\":[{\"@type\":\"ReadAction\",\"target\":[\"https:\/\/miradouronoticias.com\/site\/2024\/11\/08\/brasil-reduz-em-12-emissoes-de-gases-do-efeito-estufa-em-2023\/\"]}]},{\"@type\":\"ImageObject\",\"inLanguage\":\"pt-BR\",\"@id\":\"https:\/\/miradouronoticias.com\/site\/2024\/11\/08\/brasil-reduz-em-12-emissoes-de-gases-do-efeito-estufa-em-2023\/#primaryimage\",\"url\":\"https:\/\/miradouronoticias.com\/site\/wp-content\/uploads\/2024\/11\/53543422139_89975f1ac1_o.webp\",\"contentUrl\":\"https:\/\/miradouronoticias.com\/site\/wp-content\/uploads\/2024\/11\/53543422139_89975f1ac1_o.webp\",\"width\":1170,\"height\":700},{\"@type\":\"BreadcrumbList\",\"@id\":\"https:\/\/miradouronoticias.com\/site\/2024\/11\/08\/brasil-reduz-em-12-emissoes-de-gases-do-efeito-estufa-em-2023\/#breadcrumb\",\"itemListElement\":[{\"@type\":\"ListItem\",\"position\":1,\"name\":\"In\u00edcio\",\"item\":\"https:\/\/miradouronoticias.com\/site\/\"},{\"@type\":\"ListItem\",\"position\":2,\"name\":\"Brasil reduz em 12% emiss\u00f5es de gases do efeito estufa em 2023\"}]},{\"@type\":\"WebSite\",\"@id\":\"https:\/\/miradouronoticias.com\/site\/#website\",\"url\":\"https:\/\/miradouronoticias.com\/site\/\",\"name\":\"Miradouro Not\u00edcias\",\"description\":\"Informa\u00e7\u00f5es da cidade e regi\u00e3o\",\"publisher\":{\"@id\":\"https:\/\/miradouronoticias.com\/site\/#organization\"},\"potentialAction\":[{\"@type\":\"SearchAction\",\"target\":{\"@type\":\"EntryPoint\",\"urlTemplate\":\"https:\/\/miradouronoticias.com\/site\/?s={search_term_string}\"},\"query-input\":{\"@type\":\"PropertyValueSpecification\",\"valueRequired\":true,\"valueName\":\"search_term_string\"}}],\"inLanguage\":\"pt-BR\"},{\"@type\":\"Organization\",\"@id\":\"https:\/\/miradouronoticias.com\/site\/#organization\",\"name\":\"Miradouro Not\u00edcias\",\"url\":\"https:\/\/miradouronoticias.com\/site\/\",\"logo\":{\"@type\":\"ImageObject\",\"inLanguage\":\"pt-BR\",\"@id\":\"https:\/\/miradouronoticias.com\/site\/#\/schema\/logo\/image\/\",\"url\":\"https:\/\/miradouronoticias.com\/site\/wp-content\/uploads\/2022\/01\/logomarcamiradouronoticias.png\",\"contentUrl\":\"https:\/\/miradouronoticias.com\/site\/wp-content\/uploads\/2022\/01\/logomarcamiradouronoticias.png\",\"width\":747,\"height\":263,\"caption\":\"Miradouro Not\u00edcias\"},\"image\":{\"@id\":\"https:\/\/miradouronoticias.com\/site\/#\/schema\/logo\/image\/\"}},{\"@type\":\"Person\",\"@id\":\"https:\/\/miradouronoticias.com\/site\/#\/schema\/person\/73440d8c82222950df86f3e1a16aad3b\",\"name\":\"Cl\u00e1udia Olyver\",\"sameAs\":[\"http:\/\/www.miradouronoticias.com\"],\"url\":\"https:\/\/miradouronoticias.com\/site\/author\/claudia\/\"}]}<\/script>\n<!-- \/ Yoast SEO plugin. -->","yoast_head_json":{"title":"Brasil reduz em 12% emiss\u00f5es de gases do efeito estufa em 2023 - Miradouro Not\u00edcias","robots":{"index":"index","follow":"follow","max-snippet":"max-snippet:-1","max-image-preview":"max-image-preview:large","max-video-preview":"max-video-preview:-1"},"canonical":"https:\/\/miradouronoticias.com\/site\/2024\/11\/08\/brasil-reduz-em-12-emissoes-de-gases-do-efeito-estufa-em-2023\/","og_locale":"pt_BR","og_type":"article","og_title":"Brasil reduz em 12% emiss\u00f5es de gases do efeito estufa em 2023 - Miradouro Not\u00edcias","og_description":"Brasil reduziu em 12% as emiss\u00f5es de g\u00e1s carb\u00f4nico equivalente (GtCO2e) em 2023 em rela\u00e7\u00e3o ao ano anterior, conforme divulgou nesta quinta-feira (7) o Observat\u00f3rio do Clima. No ano passado, o pa\u00eds emitiu 2,3 bilh\u00f5es de tonelaas de gases do efeito estufa, enquanto que, em 2022, foram emiti observat\u00f3rio, essa \u00e9 a maior queda percentual [&hellip;]","og_url":"https:\/\/miradouronoticias.com\/site\/2024\/11\/08\/brasil-reduz-em-12-emissoes-de-gases-do-efeito-estufa-em-2023\/","og_site_name":"Miradouro Not\u00edcias","article_published_time":"2024-11-08T13:05:50+00:00","og_image":[{"width":1170,"height":700,"url":"https:\/\/miradouronoticias.com\/site\/wp-content\/uploads\/2024\/11\/53543422139_89975f1ac1_o.webp","type":"image\/webp"}],"author":"Cl\u00e1udia Olyver","twitter_card":"summary_large_image","twitter_misc":{"Escrito por":"Cl\u00e1udia Olyver","Est. tempo de leitura":"5 minutos"},"schema":{"@context":"https:\/\/schema.org","@graph":[{"@type":"Article","@id":"https:\/\/miradouronoticias.com\/site\/2024\/11\/08\/brasil-reduz-em-12-emissoes-de-gases-do-efeito-estufa-em-2023\/#article","isPartOf":{"@id":"https:\/\/miradouronoticias.com\/site\/2024\/11\/08\/brasil-reduz-em-12-emissoes-de-gases-do-efeito-estufa-em-2023\/"},"author":{"name":"Cl\u00e1udia Olyver","@id":"https:\/\/miradouronoticias.com\/site\/#\/schema\/person\/73440d8c82222950df86f3e1a16aad3b"},"headline":"Brasil reduz em 12% emiss\u00f5es de gases do efeito estufa em 2023","datePublished":"2024-11-08T13:05:50+00:00","mainEntityOfPage":{"@id":"https:\/\/miradouronoticias.com\/site\/2024\/11\/08\/brasil-reduz-em-12-emissoes-de-gases-do-efeito-estufa-em-2023\/"},"wordCount":985,"commentCount":0,"publisher":{"@id":"https:\/\/miradouronoticias.com\/site\/#organization"},"image":{"@id":"https:\/\/miradouronoticias.com\/site\/2024\/11\/08\/brasil-reduz-em-12-emissoes-de-gases-do-efeito-estufa-em-2023\/#primaryimage"},"thumbnailUrl":"https:\/\/miradouronoticias.com\/site\/wp-content\/uploads\/2024\/11\/53543422139_89975f1ac1_o.webp","articleSection":["Destaque Principal"],"inLanguage":"pt-BR","potentialAction":[{"@type":"CommentAction","name":"Comment","target":["https:\/\/miradouronoticias.com\/site\/2024\/11\/08\/brasil-reduz-em-12-emissoes-de-gases-do-efeito-estufa-em-2023\/#respond"]}]},{"@type":"WebPage","@id":"https:\/\/miradouronoticias.com\/site\/2024\/11\/08\/brasil-reduz-em-12-emissoes-de-gases-do-efeito-estufa-em-2023\/","url":"https:\/\/miradouronoticias.com\/site\/2024\/11\/08\/brasil-reduz-em-12-emissoes-de-gases-do-efeito-estufa-em-2023\/","name":"Brasil reduz em 12% emiss\u00f5es de gases do efeito estufa em 2023 - Miradouro Not\u00edcias","isPartOf":{"@id":"https:\/\/miradouronoticias.com\/site\/#website"},"primaryImageOfPage":{"@id":"https:\/\/miradouronoticias.com\/site\/2024\/11\/08\/brasil-reduz-em-12-emissoes-de-gases-do-efeito-estufa-em-2023\/#primaryimage"},"image":{"@id":"https:\/\/miradouronoticias.com\/site\/2024\/11\/08\/brasil-reduz-em-12-emissoes-de-gases-do-efeito-estufa-em-2023\/#primaryimage"},"thumbnailUrl":"https:\/\/miradouronoticias.com\/site\/wp-content\/uploads\/2024\/11\/53543422139_89975f1ac1_o.webp","datePublished":"2024-11-08T13:05:50+00:00","breadcrumb":{"@id":"https:\/\/miradouronoticias.com\/site\/2024\/11\/08\/brasil-reduz-em-12-emissoes-de-gases-do-efeito-estufa-em-2023\/#breadcrumb"},"inLanguage":"pt-BR","potentialAction":[{"@type":"ReadAction","target":["https:\/\/miradouronoticias.com\/site\/2024\/11\/08\/brasil-reduz-em-12-emissoes-de-gases-do-efeito-estufa-em-2023\/"]}]},{"@type":"ImageObject","inLanguage":"pt-BR","@id":"https:\/\/miradouronoticias.com\/site\/2024\/11\/08\/brasil-reduz-em-12-emissoes-de-gases-do-efeito-estufa-em-2023\/#primaryimage","url":"https:\/\/miradouronoticias.com\/site\/wp-content\/uploads\/2024\/11\/53543422139_89975f1ac1_o.webp","contentUrl":"https:\/\/miradouronoticias.com\/site\/wp-content\/uploads\/2024\/11\/53543422139_89975f1ac1_o.webp","width":1170,"height":700},{"@type":"BreadcrumbList","@id":"https:\/\/miradouronoticias.com\/site\/2024\/11\/08\/brasil-reduz-em-12-emissoes-de-gases-do-efeito-estufa-em-2023\/#breadcrumb","itemListElement":[{"@type":"ListItem","position":1,"name":"In\u00edcio","item":"https:\/\/miradouronoticias.com\/site\/"},{"@type":"ListItem","position":2,"name":"Brasil reduz em 12% emiss\u00f5es de gases do efeito estufa em 2023"}]},{"@type":"WebSite","@id":"https:\/\/miradouronoticias.com\/site\/#website","url":"https:\/\/miradouronoticias.com\/site\/","name":"Miradouro Not\u00edcias","description":"Informa\u00e7\u00f5es da cidade e regi\u00e3o","publisher":{"@id":"https:\/\/miradouronoticias.com\/site\/#organization"},"potentialAction":[{"@type":"SearchAction","target":{"@type":"EntryPoint","urlTemplate":"https:\/\/miradouronoticias.com\/site\/?s={search_term_string}"},"query-input":{"@type":"PropertyValueSpecification","valueRequired":true,"valueName":"search_term_string"}}],"inLanguage":"pt-BR"},{"@type":"Organization","@id":"https:\/\/miradouronoticias.com\/site\/#organization","name":"Miradouro Not\u00edcias","url":"https:\/\/miradouronoticias.com\/site\/","logo":{"@type":"ImageObject","inLanguage":"pt-BR","@id":"https:\/\/miradouronoticias.com\/site\/#\/schema\/logo\/image\/","url":"https:\/\/miradouronoticias.com\/site\/wp-content\/uploads\/2022\/01\/logomarcamiradouronoticias.png","contentUrl":"https:\/\/miradouronoticias.com\/site\/wp-content\/uploads\/2022\/01\/logomarcamiradouronoticias.png","width":747,"height":263,"caption":"Miradouro Not\u00edcias"},"image":{"@id":"https:\/\/miradouronoticias.com\/site\/#\/schema\/logo\/image\/"}},{"@type":"Person","@id":"https:\/\/miradouronoticias.com\/site\/#\/schema\/person\/73440d8c82222950df86f3e1a16aad3b","name":"Cl\u00e1udia Olyver","sameAs":["http:\/\/www.miradouronoticias.com"],"url":"https:\/\/miradouronoticias.com\/site\/author\/claudia\/"}]}},"_links":{"self":[{"href":"https:\/\/miradouronoticias.com\/site\/wp-json\/wp\/v2\/posts\/26359","targetHints":{"allow":["GET"]}}],"collection":[{"href":"https:\/\/miradouronoticias.com\/site\/wp-json\/wp\/v2\/posts"}],"about":[{"href":"https:\/\/miradouronoticias.com\/site\/wp-json\/wp\/v2\/types\/post"}],"author":[{"embeddable":true,"href":"https:\/\/miradouronoticias.com\/site\/wp-json\/wp\/v2\/users\/4"}],"replies":[{"embeddable":true,"href":"https:\/\/miradouronoticias.com\/site\/wp-json\/wp\/v2\/comments?post=26359"}],"version-history":[{"count":1,"href":"https:\/\/miradouronoticias.com\/site\/wp-json\/wp\/v2\/posts\/26359\/revisions"}],"predecessor-version":[{"id":26361,"href":"https:\/\/miradouronoticias.com\/site\/wp-json\/wp\/v2\/posts\/26359\/revisions\/26361"}],"wp:featuredmedia":[{"embeddable":true,"href":"https:\/\/miradouronoticias.com\/site\/wp-json\/wp\/v2\/media\/26360"}],"wp:attachment":[{"href":"https:\/\/miradouronoticias.com\/site\/wp-json\/wp\/v2\/media?parent=26359"}],"wp:term":[{"taxonomy":"category","embeddable":true,"href":"https:\/\/miradouronoticias.com\/site\/wp-json\/wp\/v2\/categories?post=26359"},{"taxonomy":"post_tag","embeddable":true,"href":"https:\/\/miradouronoticias.com\/site\/wp-json\/wp\/v2\/tags?post=26359"}],"curies":[{"name":"wp","href":"https:\/\/api.w.org\/{rel}","templated":true}]}}