{"id":26337,"date":"2024-11-06T06:23:38","date_gmt":"2024-11-06T09:23:38","guid":{"rendered":"https:\/\/miradouronoticias.com\/site\/?p=26337"},"modified":"2024-11-06T06:23:38","modified_gmt":"2024-11-06T09:23:38","slug":"cnj-lanca-painel-de-acompanhamento-de-processos-sobre-racismo","status":"publish","type":"post","link":"https:\/\/miradouronoticias.com\/site\/2024\/11\/06\/cnj-lanca-painel-de-acompanhamento-de-processos-sobre-racismo\/","title":{"rendered":"CNJ lan\u00e7a painel de acompanhamento de processos sobre racismo"},"content":{"rendered":"<p><img loading=\"lazy\" decoding=\"async\" class=\"alignnone size-medium wp-image-26338\" src=\"https:\/\/miradouronoticias.com\/site\/wp-content\/uploads\/2024\/11\/dji_0029-300x179.webp\" alt=\"\" width=\"300\" height=\"179\" srcset=\"https:\/\/miradouronoticias.com\/site\/wp-content\/uploads\/2024\/11\/dji_0029-300x179.webp 300w, https:\/\/miradouronoticias.com\/site\/wp-content\/uploads\/2024\/11\/dji_0029-1024x613.webp 1024w, https:\/\/miradouronoticias.com\/site\/wp-content\/uploads\/2024\/11\/dji_0029-768x459.webp 768w, https:\/\/miradouronoticias.com\/site\/wp-content\/uploads\/2024\/11\/dji_0029.webp 1170w\" sizes=\"auto, (max-width: 300px) 100vw, 300px\" \/><\/p>\n<p>O Conselho Nacional de Justi\u00e7a (CNJ) lan\u00e7ou nesta ter\u00e7a-feira (5) um\u00a0<a href=\"https:\/\/paineisanalytics.cnj.jus.br\/single\/?appid=dd3d7742-c558-4f2f-8ab1-a10a2e67c48f&amp;sheet=e40ca88a-6520-4e46-b501-eb62189c7fed&amp;theme=horizon&amp;lang=pt-BR&amp;opt=ctxmenu,currsel\" target=\"_blank\" rel=\"noopener\">painel para acompanhamento<\/a>\u00a0de processos sobre crimes de racismo em todo o pa\u00eds.<img decoding=\"async\" src=\"https:\/\/agenciabrasil.ebc.com.br\/ebc.png?id=1618444&amp;o=node\" \/><img decoding=\"async\" src=\"https:\/\/agenciabrasil.ebc.com.br\/ebc.gif?id=1618444&amp;o=node\" \/><\/p>\n<p>De acordo com dados da plataforma, h\u00e1 11.620 processos em tramita\u00e7\u00e3o em todo o pa\u00eds. A Bahia lidera o ranking, com\u00a04,9 mil a\u00e7\u00f5es em andamento (42%). Em seguida, aparecem os estados do Paran\u00e1 (767), Minas Gerais (682) e Santa Catarina (636).<\/p>\n<p>O levantamento tamb\u00e9m revela de h\u00e1 74 mil pessoas negras no Judici\u00e1rio, sendo 2,4 mil magistrados e 71,6 mil servidores. O n\u00famero de ju\u00edzes negros representa 13,2% do total de magistrados. O percentual de servidores negros \u00e9 de 25,5%.<\/p>\n<p>Mais cedo, durante a abertura da sess\u00e3o do CNJ, o presidente do conselho e do Supremo Tribunal Federal (STF), ministro Lu\u00eds Roberto Barroso,\u00a0<a href=\"https:\/\/agenciabrasil.ebc.com.br\/justica\/noticia\/2024-11\/barroso-diz-que-ha-deficit-de-representatividade-negra-na-magistratura\" target=\"_blank\" rel=\"noopener\">disse que a magistratura brasileira \u00e9 predominantemente branca<\/a>\u00a0e que h\u00e1 d\u00e9ficit de representatividade de pessoas negras no Poder Judici\u00e1rio.<\/p>\n<p>Ao citar que o Judici\u00e1rio reflete as marcas hist\u00f3ricas da exclus\u00e3o de pessoas negras, Barroso disse que o CNJ j\u00e1 conseguiu com parceiros da iniciativa privada 750 bolsas de estudo para candidatos negros que ficarem entre os primeiros colocados no Exame Nacional da Magistratura (Enam). Cerca de R$ 7 milh\u00f5es foram levantados para custear as bolsas.<\/p>\n<p>By: miradouronoticias.com.br\/ ag\u00eancia Brasil<\/p>\n","protected":false},"excerpt":{"rendered":"<p>O Conselho Nacional de Justi\u00e7a (CNJ) lan\u00e7ou nesta ter\u00e7a-feira (5) um\u00a0painel para acompanhamento\u00a0de processos sobre crimes de racismo em todo o pa\u00eds. De acordo com dados da plataforma, h\u00e1 11.620 processos em tramita\u00e7\u00e3o em todo o pa\u00eds. A Bahia lidera o ranking, com\u00a04,9 mil a\u00e7\u00f5es em andamento (42%). Em seguida, aparecem os estados do Paran\u00e1 [&hellip;]<\/p>\n","protected":false},"author":4,"featured_media":26338,"comment_status":"open","ping_status":"open","sticky":false,"template":"","format":"standard","meta":{"footnotes":""},"categories":[1],"tags":[],"class_list":["post-26337","post","type-post","status-publish","format-standard","has-post-thumbnail","hentry","category-destaque-principal"],"yoast_head":"<!-- This site is optimized with the Yoast SEO plugin v27.2 - https:\/\/yoast.com\/product\/yoast-seo-wordpress\/ -->\n<title>CNJ lan\u00e7a painel de acompanhamento de processos sobre racismo - Miradouro Not\u00edcias<\/title>\n<meta name=\"robots\" content=\"index, follow, max-snippet:-1, max-image-preview:large, max-video-preview:-1\" \/>\n<link rel=\"canonical\" href=\"https:\/\/miradouronoticias.com\/site\/2024\/11\/06\/cnj-lanca-painel-de-acompanhamento-de-processos-sobre-racismo\/\" \/>\n<meta property=\"og:locale\" content=\"pt_BR\" \/>\n<meta property=\"og:type\" content=\"article\" \/>\n<meta property=\"og:title\" content=\"CNJ lan\u00e7a painel de acompanhamento de processos sobre racismo - Miradouro Not\u00edcias\" \/>\n<meta property=\"og:description\" content=\"O Conselho Nacional de Justi\u00e7a (CNJ) lan\u00e7ou nesta ter\u00e7a-feira (5) um\u00a0painel para acompanhamento\u00a0de processos sobre crimes de racismo em todo o pa\u00eds. De acordo com dados da plataforma, h\u00e1 11.620 processos em tramita\u00e7\u00e3o em todo o pa\u00eds. A Bahia lidera o ranking, com\u00a04,9 mil a\u00e7\u00f5es em andamento (42%). Em seguida, aparecem os estados do Paran\u00e1 [&hellip;]\" \/>\n<meta property=\"og:url\" content=\"https:\/\/miradouronoticias.com\/site\/2024\/11\/06\/cnj-lanca-painel-de-acompanhamento-de-processos-sobre-racismo\/\" \/>\n<meta property=\"og:site_name\" content=\"Miradouro Not\u00edcias\" \/>\n<meta property=\"article:published_time\" content=\"2024-11-06T09:23:38+00:00\" \/>\n<meta property=\"og:image\" content=\"https:\/\/miradouronoticias.com\/site\/wp-content\/uploads\/2024\/11\/dji_0029.webp\" \/>\n\t<meta property=\"og:image:width\" content=\"1170\" \/>\n\t<meta property=\"og:image:height\" content=\"700\" \/>\n\t<meta property=\"og:image:type\" content=\"image\/webp\" \/>\n<meta name=\"author\" content=\"Cl\u00e1udia Olyver\" \/>\n<meta name=\"twitter:card\" content=\"summary_large_image\" \/>\n<meta name=\"twitter:label1\" content=\"Escrito por\" \/>\n\t<meta name=\"twitter:data1\" content=\"Cl\u00e1udia Olyver\" \/>\n\t<meta name=\"twitter:label2\" content=\"Est. tempo de leitura\" \/>\n\t<meta name=\"twitter:data2\" content=\"2 minutos\" \/>\n<script type=\"application\/ld+json\" class=\"yoast-schema-graph\">{\"@context\":\"https:\/\/schema.org\",\"@graph\":[{\"@type\":\"Article\",\"@id\":\"https:\/\/miradouronoticias.com\/site\/2024\/11\/06\/cnj-lanca-painel-de-acompanhamento-de-processos-sobre-racismo\/#article\",\"isPartOf\":{\"@id\":\"https:\/\/miradouronoticias.com\/site\/2024\/11\/06\/cnj-lanca-painel-de-acompanhamento-de-processos-sobre-racismo\/\"},\"author\":{\"name\":\"Cl\u00e1udia Olyver\",\"@id\":\"https:\/\/miradouronoticias.com\/site\/#\/schema\/person\/73440d8c82222950df86f3e1a16aad3b\"},\"headline\":\"CNJ lan\u00e7a painel de acompanhamento de processos sobre racismo\",\"datePublished\":\"2024-11-06T09:23:38+00:00\",\"mainEntityOfPage\":{\"@id\":\"https:\/\/miradouronoticias.com\/site\/2024\/11\/06\/cnj-lanca-painel-de-acompanhamento-de-processos-sobre-racismo\/\"},\"wordCount\":224,\"commentCount\":0,\"publisher\":{\"@id\":\"https:\/\/miradouronoticias.com\/site\/#organization\"},\"image\":{\"@id\":\"https:\/\/miradouronoticias.com\/site\/2024\/11\/06\/cnj-lanca-painel-de-acompanhamento-de-processos-sobre-racismo\/#primaryimage\"},\"thumbnailUrl\":\"https:\/\/miradouronoticias.com\/site\/wp-content\/uploads\/2024\/11\/dji_0029.webp\",\"articleSection\":[\"Destaque Principal\"],\"inLanguage\":\"pt-BR\",\"potentialAction\":[{\"@type\":\"CommentAction\",\"name\":\"Comment\",\"target\":[\"https:\/\/miradouronoticias.com\/site\/2024\/11\/06\/cnj-lanca-painel-de-acompanhamento-de-processos-sobre-racismo\/#respond\"]}]},{\"@type\":\"WebPage\",\"@id\":\"https:\/\/miradouronoticias.com\/site\/2024\/11\/06\/cnj-lanca-painel-de-acompanhamento-de-processos-sobre-racismo\/\",\"url\":\"https:\/\/miradouronoticias.com\/site\/2024\/11\/06\/cnj-lanca-painel-de-acompanhamento-de-processos-sobre-racismo\/\",\"name\":\"CNJ lan\u00e7a painel de acompanhamento de processos sobre racismo - Miradouro Not\u00edcias\",\"isPartOf\":{\"@id\":\"https:\/\/miradouronoticias.com\/site\/#website\"},\"primaryImageOfPage\":{\"@id\":\"https:\/\/miradouronoticias.com\/site\/2024\/11\/06\/cnj-lanca-painel-de-acompanhamento-de-processos-sobre-racismo\/#primaryimage\"},\"image\":{\"@id\":\"https:\/\/miradouronoticias.com\/site\/2024\/11\/06\/cnj-lanca-painel-de-acompanhamento-de-processos-sobre-racismo\/#primaryimage\"},\"thumbnailUrl\":\"https:\/\/miradouronoticias.com\/site\/wp-content\/uploads\/2024\/11\/dji_0029.webp\",\"datePublished\":\"2024-11-06T09:23:38+00:00\",\"breadcrumb\":{\"@id\":\"https:\/\/miradouronoticias.com\/site\/2024\/11\/06\/cnj-lanca-painel-de-acompanhamento-de-processos-sobre-racismo\/#breadcrumb\"},\"inLanguage\":\"pt-BR\",\"potentialAction\":[{\"@type\":\"ReadAction\",\"target\":[\"https:\/\/miradouronoticias.com\/site\/2024\/11\/06\/cnj-lanca-painel-de-acompanhamento-de-processos-sobre-racismo\/\"]}]},{\"@type\":\"ImageObject\",\"inLanguage\":\"pt-BR\",\"@id\":\"https:\/\/miradouronoticias.com\/site\/2024\/11\/06\/cnj-lanca-painel-de-acompanhamento-de-processos-sobre-racismo\/#primaryimage\",\"url\":\"https:\/\/miradouronoticias.com\/site\/wp-content\/uploads\/2024\/11\/dji_0029.webp\",\"contentUrl\":\"https:\/\/miradouronoticias.com\/site\/wp-content\/uploads\/2024\/11\/dji_0029.webp\",\"width\":1170,\"height\":700},{\"@type\":\"BreadcrumbList\",\"@id\":\"https:\/\/miradouronoticias.com\/site\/2024\/11\/06\/cnj-lanca-painel-de-acompanhamento-de-processos-sobre-racismo\/#breadcrumb\",\"itemListElement\":[{\"@type\":\"ListItem\",\"position\":1,\"name\":\"In\u00edcio\",\"item\":\"https:\/\/miradouronoticias.com\/site\/\"},{\"@type\":\"ListItem\",\"position\":2,\"name\":\"CNJ lan\u00e7a painel de acompanhamento de processos sobre racismo\"}]},{\"@type\":\"WebSite\",\"@id\":\"https:\/\/miradouronoticias.com\/site\/#website\",\"url\":\"https:\/\/miradouronoticias.com\/site\/\",\"name\":\"Miradouro Not\u00edcias\",\"description\":\"Informa\u00e7\u00f5es da cidade e regi\u00e3o\",\"publisher\":{\"@id\":\"https:\/\/miradouronoticias.com\/site\/#organization\"},\"potentialAction\":[{\"@type\":\"SearchAction\",\"target\":{\"@type\":\"EntryPoint\",\"urlTemplate\":\"https:\/\/miradouronoticias.com\/site\/?s={search_term_string}\"},\"query-input\":{\"@type\":\"PropertyValueSpecification\",\"valueRequired\":true,\"valueName\":\"search_term_string\"}}],\"inLanguage\":\"pt-BR\"},{\"@type\":\"Organization\",\"@id\":\"https:\/\/miradouronoticias.com\/site\/#organization\",\"name\":\"Miradouro Not\u00edcias\",\"url\":\"https:\/\/miradouronoticias.com\/site\/\",\"logo\":{\"@type\":\"ImageObject\",\"inLanguage\":\"pt-BR\",\"@id\":\"https:\/\/miradouronoticias.com\/site\/#\/schema\/logo\/image\/\",\"url\":\"https:\/\/miradouronoticias.com\/site\/wp-content\/uploads\/2022\/01\/logomarcamiradouronoticias.png\",\"contentUrl\":\"https:\/\/miradouronoticias.com\/site\/wp-content\/uploads\/2022\/01\/logomarcamiradouronoticias.png\",\"width\":747,\"height\":263,\"caption\":\"Miradouro Not\u00edcias\"},\"image\":{\"@id\":\"https:\/\/miradouronoticias.com\/site\/#\/schema\/logo\/image\/\"}},{\"@type\":\"Person\",\"@id\":\"https:\/\/miradouronoticias.com\/site\/#\/schema\/person\/73440d8c82222950df86f3e1a16aad3b\",\"name\":\"Cl\u00e1udia Olyver\",\"sameAs\":[\"http:\/\/www.miradouronoticias.com\"],\"url\":\"https:\/\/miradouronoticias.com\/site\/author\/claudia\/\"}]}<\/script>\n<!-- \/ Yoast SEO plugin. -->","yoast_head_json":{"title":"CNJ lan\u00e7a painel de acompanhamento de processos sobre racismo - Miradouro Not\u00edcias","robots":{"index":"index","follow":"follow","max-snippet":"max-snippet:-1","max-image-preview":"max-image-preview:large","max-video-preview":"max-video-preview:-1"},"canonical":"https:\/\/miradouronoticias.com\/site\/2024\/11\/06\/cnj-lanca-painel-de-acompanhamento-de-processos-sobre-racismo\/","og_locale":"pt_BR","og_type":"article","og_title":"CNJ lan\u00e7a painel de acompanhamento de processos sobre racismo - Miradouro Not\u00edcias","og_description":"O Conselho Nacional de Justi\u00e7a (CNJ) lan\u00e7ou nesta ter\u00e7a-feira (5) um\u00a0painel para acompanhamento\u00a0de processos sobre crimes de racismo em todo o pa\u00eds. De acordo com dados da plataforma, h\u00e1 11.620 processos em tramita\u00e7\u00e3o em todo o pa\u00eds. A Bahia lidera o ranking, com\u00a04,9 mil a\u00e7\u00f5es em andamento (42%). Em seguida, aparecem os estados do Paran\u00e1 [&hellip;]","og_url":"https:\/\/miradouronoticias.com\/site\/2024\/11\/06\/cnj-lanca-painel-de-acompanhamento-de-processos-sobre-racismo\/","og_site_name":"Miradouro Not\u00edcias","article_published_time":"2024-11-06T09:23:38+00:00","og_image":[{"width":1170,"height":700,"url":"https:\/\/miradouronoticias.com\/site\/wp-content\/uploads\/2024\/11\/dji_0029.webp","type":"image\/webp"}],"author":"Cl\u00e1udia Olyver","twitter_card":"summary_large_image","twitter_misc":{"Escrito por":"Cl\u00e1udia Olyver","Est. tempo de leitura":"2 minutos"},"schema":{"@context":"https:\/\/schema.org","@graph":[{"@type":"Article","@id":"https:\/\/miradouronoticias.com\/site\/2024\/11\/06\/cnj-lanca-painel-de-acompanhamento-de-processos-sobre-racismo\/#article","isPartOf":{"@id":"https:\/\/miradouronoticias.com\/site\/2024\/11\/06\/cnj-lanca-painel-de-acompanhamento-de-processos-sobre-racismo\/"},"author":{"name":"Cl\u00e1udia Olyver","@id":"https:\/\/miradouronoticias.com\/site\/#\/schema\/person\/73440d8c82222950df86f3e1a16aad3b"},"headline":"CNJ lan\u00e7a painel de acompanhamento de processos sobre racismo","datePublished":"2024-11-06T09:23:38+00:00","mainEntityOfPage":{"@id":"https:\/\/miradouronoticias.com\/site\/2024\/11\/06\/cnj-lanca-painel-de-acompanhamento-de-processos-sobre-racismo\/"},"wordCount":224,"commentCount":0,"publisher":{"@id":"https:\/\/miradouronoticias.com\/site\/#organization"},"image":{"@id":"https:\/\/miradouronoticias.com\/site\/2024\/11\/06\/cnj-lanca-painel-de-acompanhamento-de-processos-sobre-racismo\/#primaryimage"},"thumbnailUrl":"https:\/\/miradouronoticias.com\/site\/wp-content\/uploads\/2024\/11\/dji_0029.webp","articleSection":["Destaque Principal"],"inLanguage":"pt-BR","potentialAction":[{"@type":"CommentAction","name":"Comment","target":["https:\/\/miradouronoticias.com\/site\/2024\/11\/06\/cnj-lanca-painel-de-acompanhamento-de-processos-sobre-racismo\/#respond"]}]},{"@type":"WebPage","@id":"https:\/\/miradouronoticias.com\/site\/2024\/11\/06\/cnj-lanca-painel-de-acompanhamento-de-processos-sobre-racismo\/","url":"https:\/\/miradouronoticias.com\/site\/2024\/11\/06\/cnj-lanca-painel-de-acompanhamento-de-processos-sobre-racismo\/","name":"CNJ lan\u00e7a painel de acompanhamento de processos sobre racismo - Miradouro Not\u00edcias","isPartOf":{"@id":"https:\/\/miradouronoticias.com\/site\/#website"},"primaryImageOfPage":{"@id":"https:\/\/miradouronoticias.com\/site\/2024\/11\/06\/cnj-lanca-painel-de-acompanhamento-de-processos-sobre-racismo\/#primaryimage"},"image":{"@id":"https:\/\/miradouronoticias.com\/site\/2024\/11\/06\/cnj-lanca-painel-de-acompanhamento-de-processos-sobre-racismo\/#primaryimage"},"thumbnailUrl":"https:\/\/miradouronoticias.com\/site\/wp-content\/uploads\/2024\/11\/dji_0029.webp","datePublished":"2024-11-06T09:23:38+00:00","breadcrumb":{"@id":"https:\/\/miradouronoticias.com\/site\/2024\/11\/06\/cnj-lanca-painel-de-acompanhamento-de-processos-sobre-racismo\/#breadcrumb"},"inLanguage":"pt-BR","potentialAction":[{"@type":"ReadAction","target":["https:\/\/miradouronoticias.com\/site\/2024\/11\/06\/cnj-lanca-painel-de-acompanhamento-de-processos-sobre-racismo\/"]}]},{"@type":"ImageObject","inLanguage":"pt-BR","@id":"https:\/\/miradouronoticias.com\/site\/2024\/11\/06\/cnj-lanca-painel-de-acompanhamento-de-processos-sobre-racismo\/#primaryimage","url":"https:\/\/miradouronoticias.com\/site\/wp-content\/uploads\/2024\/11\/dji_0029.webp","contentUrl":"https:\/\/miradouronoticias.com\/site\/wp-content\/uploads\/2024\/11\/dji_0029.webp","width":1170,"height":700},{"@type":"BreadcrumbList","@id":"https:\/\/miradouronoticias.com\/site\/2024\/11\/06\/cnj-lanca-painel-de-acompanhamento-de-processos-sobre-racismo\/#breadcrumb","itemListElement":[{"@type":"ListItem","position":1,"name":"In\u00edcio","item":"https:\/\/miradouronoticias.com\/site\/"},{"@type":"ListItem","position":2,"name":"CNJ lan\u00e7a painel de acompanhamento de processos sobre racismo"}]},{"@type":"WebSite","@id":"https:\/\/miradouronoticias.com\/site\/#website","url":"https:\/\/miradouronoticias.com\/site\/","name":"Miradouro Not\u00edcias","description":"Informa\u00e7\u00f5es da cidade e regi\u00e3o","publisher":{"@id":"https:\/\/miradouronoticias.com\/site\/#organization"},"potentialAction":[{"@type":"SearchAction","target":{"@type":"EntryPoint","urlTemplate":"https:\/\/miradouronoticias.com\/site\/?s={search_term_string}"},"query-input":{"@type":"PropertyValueSpecification","valueRequired":true,"valueName":"search_term_string"}}],"inLanguage":"pt-BR"},{"@type":"Organization","@id":"https:\/\/miradouronoticias.com\/site\/#organization","name":"Miradouro Not\u00edcias","url":"https:\/\/miradouronoticias.com\/site\/","logo":{"@type":"ImageObject","inLanguage":"pt-BR","@id":"https:\/\/miradouronoticias.com\/site\/#\/schema\/logo\/image\/","url":"https:\/\/miradouronoticias.com\/site\/wp-content\/uploads\/2022\/01\/logomarcamiradouronoticias.png","contentUrl":"https:\/\/miradouronoticias.com\/site\/wp-content\/uploads\/2022\/01\/logomarcamiradouronoticias.png","width":747,"height":263,"caption":"Miradouro Not\u00edcias"},"image":{"@id":"https:\/\/miradouronoticias.com\/site\/#\/schema\/logo\/image\/"}},{"@type":"Person","@id":"https:\/\/miradouronoticias.com\/site\/#\/schema\/person\/73440d8c82222950df86f3e1a16aad3b","name":"Cl\u00e1udia Olyver","sameAs":["http:\/\/www.miradouronoticias.com"],"url":"https:\/\/miradouronoticias.com\/site\/author\/claudia\/"}]}},"_links":{"self":[{"href":"https:\/\/miradouronoticias.com\/site\/wp-json\/wp\/v2\/posts\/26337","targetHints":{"allow":["GET"]}}],"collection":[{"href":"https:\/\/miradouronoticias.com\/site\/wp-json\/wp\/v2\/posts"}],"about":[{"href":"https:\/\/miradouronoticias.com\/site\/wp-json\/wp\/v2\/types\/post"}],"author":[{"embeddable":true,"href":"https:\/\/miradouronoticias.com\/site\/wp-json\/wp\/v2\/users\/4"}],"replies":[{"embeddable":true,"href":"https:\/\/miradouronoticias.com\/site\/wp-json\/wp\/v2\/comments?post=26337"}],"version-history":[{"count":1,"href":"https:\/\/miradouronoticias.com\/site\/wp-json\/wp\/v2\/posts\/26337\/revisions"}],"predecessor-version":[{"id":26339,"href":"https:\/\/miradouronoticias.com\/site\/wp-json\/wp\/v2\/posts\/26337\/revisions\/26339"}],"wp:featuredmedia":[{"embeddable":true,"href":"https:\/\/miradouronoticias.com\/site\/wp-json\/wp\/v2\/media\/26338"}],"wp:attachment":[{"href":"https:\/\/miradouronoticias.com\/site\/wp-json\/wp\/v2\/media?parent=26337"}],"wp:term":[{"taxonomy":"category","embeddable":true,"href":"https:\/\/miradouronoticias.com\/site\/wp-json\/wp\/v2\/categories?post=26337"},{"taxonomy":"post_tag","embeddable":true,"href":"https:\/\/miradouronoticias.com\/site\/wp-json\/wp\/v2\/tags?post=26337"}],"curies":[{"name":"wp","href":"https:\/\/api.w.org\/{rel}","templated":true}]}}