{"id":26265,"date":"2024-11-01T08:45:30","date_gmt":"2024-11-01T11:45:30","guid":{"rendered":"https:\/\/miradouronoticias.com\/site\/?p=26265"},"modified":"2024-11-01T08:51:16","modified_gmt":"2024-11-01T11:51:16","slug":"reinauguracao-da-cleides-modas-em-miradouro","status":"publish","type":"post","link":"https:\/\/miradouronoticias.com\/site\/2024\/11\/01\/reinauguracao-da-cleides-modas-em-miradouro\/","title":{"rendered":"Reinaugura\u00e7\u00e3o da Cleide&#8217;s Modas em Miradouro"},"content":{"rendered":"<p><iframe loading=\"lazy\" title=\"Reinaugura\u00e7\u00e3o da Cleide&#039;s Modas em Miradouro\" width=\"640\" height=\"360\" src=\"https:\/\/www.youtube.com\/embed\/a2xMBJVibTw?feature=oembed\" frameborder=\"0\" allow=\"accelerometer; autoplay; clipboard-write; encrypted-media; gyroscope; picture-in-picture; web-share\" referrerpolicy=\"strict-origin-when-cross-origin\" allowfullscreen><\/iframe><\/p>\n<p>Cleide&#8217;s Modas reinaugura\u00e7\u00e3o nesta<\/p>\n<p><img loading=\"lazy\" decoding=\"async\" class=\"alignnone size-medium wp-image-26284\" src=\"https:\/\/miradouronoticias.com\/site\/wp-content\/uploads\/2024\/11\/IMG-20241101-WA0037-300x226.jpg\" alt=\"\" width=\"300\" height=\"226\" srcset=\"https:\/\/miradouronoticias.com\/site\/wp-content\/uploads\/2024\/11\/IMG-20241101-WA0037-300x226.jpg 300w, https:\/\/miradouronoticias.com\/site\/wp-content\/uploads\/2024\/11\/IMG-20241101-WA0037-1024x770.jpg 1024w, https:\/\/miradouronoticias.com\/site\/wp-content\/uploads\/2024\/11\/IMG-20241101-WA0037-768x578.jpg 768w, https:\/\/miradouronoticias.com\/site\/wp-content\/uploads\/2024\/11\/IMG-20241101-WA0037.jpg 1280w\" sizes=\"auto, (max-width: 300px) 100vw, 300px\" \/> manh\u00e3 de sexta feira em Miradouro. Diversas roupas, acess\u00f3rios,lindas sand\u00e1lias,uma infinidade de roupas femininas e masculinas pra vcs! Estamos aguardando a sua visita!<\/p>\n<p><img loading=\"lazy\" decoding=\"async\" class=\"alignnone size-medium wp-image-26266\" src=\"https:\/\/miradouronoticias.com\/site\/wp-content\/uploads\/2024\/11\/IMG-20241101-WA0032-300x226.jpg\" alt=\"\" width=\"300\" height=\"226\" srcset=\"https:\/\/miradouronoticias.com\/site\/wp-content\/uploads\/2024\/11\/IMG-20241101-WA0032-300x226.jpg 300w, https:\/\/miradouronoticias.com\/site\/wp-content\/uploads\/2024\/11\/IMG-20241101-WA0032-1024x771.jpg 1024w, https:\/\/miradouronoticias.com\/site\/wp-content\/uploads\/2024\/11\/IMG-20241101-WA0032-768x578.jpg 768w, https:\/\/miradouronoticias.com\/site\/wp-content\/uploads\/2024\/11\/IMG-20241101-WA0032-1536x1156.jpg 1536w, https:\/\/miradouronoticias.com\/site\/wp-content\/uploads\/2024\/11\/IMG-20241101-WA0032.jpg 1600w\" sizes=\"auto, (max-width: 300px) 100vw, 300px\" \/> <img loading=\"lazy\" decoding=\"async\" class=\"alignnone size-medium wp-image-26267\" src=\"https:\/\/miradouronoticias.com\/site\/wp-content\/uploads\/2024\/11\/IMG-20241101-WA0035-300x226.jpg\" alt=\"\" width=\"300\" height=\"226\" srcset=\"https:\/\/miradouronoticias.com\/site\/wp-content\/uploads\/2024\/11\/IMG-20241101-WA0035-300x226.jpg 300w, https:\/\/miradouronoticias.com\/site\/wp-content\/uploads\/2024\/11\/IMG-20241101-WA0035-1024x771.jpg 1024w, https:\/\/miradouronoticias.com\/site\/wp-content\/uploads\/2024\/11\/IMG-20241101-WA0035-768x578.jpg 768w, https:\/\/miradouronoticias.com\/site\/wp-content\/uploads\/2024\/11\/IMG-20241101-WA0035-1536x1156.jpg 1536w, https:\/\/miradouronoticias.com\/site\/wp-content\/uploads\/2024\/11\/IMG-20241101-WA0035.jpg 1600w\" sizes=\"auto, (max-width: 300px) 100vw, 300px\" \/> <img loading=\"lazy\" decoding=\"async\" class=\"alignnone size-medium wp-image-26268\" src=\"https:\/\/miradouronoticias.com\/site\/wp-content\/uploads\/2024\/11\/IMG-20241101-WA0033-300x226.jpg\" alt=\"\" width=\"300\" height=\"226\" srcset=\"https:\/\/miradouronoticias.com\/site\/wp-content\/uploads\/2024\/11\/IMG-20241101-WA0033-300x226.jpg 300w, https:\/\/miradouronoticias.com\/site\/wp-content\/uploads\/2024\/11\/IMG-20241101-WA0033-1024x771.jpg 1024w, https:\/\/miradouronoticias.com\/site\/wp-content\/uploads\/2024\/11\/IMG-20241101-WA0033-768x578.jpg 768w, https:\/\/miradouronoticias.com\/site\/wp-content\/uploads\/2024\/11\/IMG-20241101-WA0033-1536x1156.jpg 1536w, https:\/\/miradouronoticias.com\/site\/wp-content\/uploads\/2024\/11\/IMG-20241101-WA0033.jpg 1600w\" sizes=\"auto, (max-width: 300px) 100vw, 300px\" \/> <img loading=\"lazy\" decoding=\"async\" class=\"alignnone size-medium wp-image-26269\" src=\"https:\/\/miradouronoticias.com\/site\/wp-content\/uploads\/2024\/11\/IMG-20241101-WA0030-300x226.jpg\" alt=\"\" width=\"300\" height=\"226\" srcset=\"https:\/\/miradouronoticias.com\/site\/wp-content\/uploads\/2024\/11\/IMG-20241101-WA0030-300x226.jpg 300w, https:\/\/miradouronoticias.com\/site\/wp-content\/uploads\/2024\/11\/IMG-20241101-WA0030-1024x771.jpg 1024w, https:\/\/miradouronoticias.com\/site\/wp-content\/uploads\/2024\/11\/IMG-20241101-WA0030-768x578.jpg 768w, https:\/\/miradouronoticias.com\/site\/wp-content\/uploads\/2024\/11\/IMG-20241101-WA0030-1536x1156.jpg 1536w, https:\/\/miradouronoticias.com\/site\/wp-content\/uploads\/2024\/11\/IMG-20241101-WA0030.jpg 1600w\" sizes=\"auto, (max-width: 300px) 100vw, 300px\" \/> <img loading=\"lazy\" decoding=\"async\" class=\"alignnone size-medium wp-image-26270\" src=\"https:\/\/miradouronoticias.com\/site\/wp-content\/uploads\/2024\/11\/IMG-20241101-WA0028-300x226.jpg\" alt=\"\" width=\"300\" height=\"226\" srcset=\"https:\/\/miradouronoticias.com\/site\/wp-content\/uploads\/2024\/11\/IMG-20241101-WA0028-300x226.jpg 300w, https:\/\/miradouronoticias.com\/site\/wp-content\/uploads\/2024\/11\/IMG-20241101-WA0028-1024x771.jpg 1024w, https:\/\/miradouronoticias.com\/site\/wp-content\/uploads\/2024\/11\/IMG-20241101-WA0028-768x578.jpg 768w, https:\/\/miradouronoticias.com\/site\/wp-content\/uploads\/2024\/11\/IMG-20241101-WA0028-1536x1156.jpg 1536w, https:\/\/miradouronoticias.com\/site\/wp-content\/uploads\/2024\/11\/IMG-20241101-WA0028.jpg 1600w\" sizes=\"auto, (max-width: 300px) 100vw, 300px\" \/> <img loading=\"lazy\" decoding=\"async\" class=\"alignnone size-medium wp-image-26271\" src=\"https:\/\/miradouronoticias.com\/site\/wp-content\/uploads\/2024\/11\/IMG-20241101-WA0027-300x226.jpg\" alt=\"\" width=\"300\" height=\"226\" srcset=\"https:\/\/miradouronoticias.com\/site\/wp-content\/uploads\/2024\/11\/IMG-20241101-WA0027-300x226.jpg 300w, https:\/\/miradouronoticias.com\/site\/wp-content\/uploads\/2024\/11\/IMG-20241101-WA0027-1024x771.jpg 1024w, https:\/\/miradouronoticias.com\/site\/wp-content\/uploads\/2024\/11\/IMG-20241101-WA0027-768x578.jpg 768w, https:\/\/miradouronoticias.com\/site\/wp-content\/uploads\/2024\/11\/IMG-20241101-WA0027-1536x1156.jpg 1536w, https:\/\/miradouronoticias.com\/site\/wp-content\/uploads\/2024\/11\/IMG-20241101-WA0027.jpg 1600w\" sizes=\"auto, (max-width: 300px) 100vw, 300px\" \/> <img loading=\"lazy\" decoding=\"async\" class=\"alignnone size-medium wp-image-26272\" src=\"https:\/\/miradouronoticias.com\/site\/wp-content\/uploads\/2024\/11\/IMG-20241101-WA0026-300x226.jpg\" alt=\"\" width=\"300\" height=\"226\" srcset=\"https:\/\/miradouronoticias.com\/site\/wp-content\/uploads\/2024\/11\/IMG-20241101-WA0026-300x226.jpg 300w, https:\/\/miradouronoticias.com\/site\/wp-content\/uploads\/2024\/11\/IMG-20241101-WA0026-1024x771.jpg 1024w, https:\/\/miradouronoticias.com\/site\/wp-content\/uploads\/2024\/11\/IMG-20241101-WA0026-768x578.jpg 768w, https:\/\/miradouronoticias.com\/site\/wp-content\/uploads\/2024\/11\/IMG-20241101-WA0026-1536x1156.jpg 1536w, https:\/\/miradouronoticias.com\/site\/wp-content\/uploads\/2024\/11\/IMG-20241101-WA0026.jpg 1600w\" sizes=\"auto, (max-width: 300px) 100vw, 300px\" \/> <img loading=\"lazy\" decoding=\"async\" class=\"alignnone size-medium wp-image-26273\" src=\"https:\/\/miradouronoticias.com\/site\/wp-content\/uploads\/2024\/11\/IMG-20241101-WA0024-300x226.jpg\" alt=\"\" width=\"300\" height=\"226\" srcset=\"https:\/\/miradouronoticias.com\/site\/wp-content\/uploads\/2024\/11\/IMG-20241101-WA0024-300x226.jpg 300w, https:\/\/miradouronoticias.com\/site\/wp-content\/uploads\/2024\/11\/IMG-20241101-WA0024-1024x771.jpg 1024w, https:\/\/miradouronoticias.com\/site\/wp-content\/uploads\/2024\/11\/IMG-20241101-WA0024-768x578.jpg 768w, https:\/\/miradouronoticias.com\/site\/wp-content\/uploads\/2024\/11\/IMG-20241101-WA0024-1536x1156.jpg 1536w, https:\/\/miradouronoticias.com\/site\/wp-content\/uploads\/2024\/11\/IMG-20241101-WA0024.jpg 1600w\" sizes=\"auto, (max-width: 300px) 100vw, 300px\" \/> <img loading=\"lazy\" decoding=\"async\" class=\"alignnone size-medium wp-image-26274\" src=\"https:\/\/miradouronoticias.com\/site\/wp-content\/uploads\/2024\/11\/IMG-20241101-WA0023-300x226.jpg\" alt=\"\" width=\"300\" height=\"226\" srcset=\"https:\/\/miradouronoticias.com\/site\/wp-content\/uploads\/2024\/11\/IMG-20241101-WA0023-300x226.jpg 300w, https:\/\/miradouronoticias.com\/site\/wp-content\/uploads\/2024\/11\/IMG-20241101-WA0023-1024x771.jpg 1024w, https:\/\/miradouronoticias.com\/site\/wp-content\/uploads\/2024\/11\/IMG-20241101-WA0023-768x578.jpg 768w, https:\/\/miradouronoticias.com\/site\/wp-content\/uploads\/2024\/11\/IMG-20241101-WA0023-1536x1156.jpg 1536w, https:\/\/miradouronoticias.com\/site\/wp-content\/uploads\/2024\/11\/IMG-20241101-WA0023.jpg 1600w\" sizes=\"auto, (max-width: 300px) 100vw, 300px\" \/> <img loading=\"lazy\" decoding=\"async\" class=\"alignnone size-medium wp-image-26275\" src=\"https:\/\/miradouronoticias.com\/site\/wp-content\/uploads\/2024\/11\/IMG-20241101-WA0025-300x226.jpg\" alt=\"\" width=\"300\" height=\"226\" srcset=\"https:\/\/miradouronoticias.com\/site\/wp-content\/uploads\/2024\/11\/IMG-20241101-WA0025-300x226.jpg 300w, https:\/\/miradouronoticias.com\/site\/wp-content\/uploads\/2024\/11\/IMG-20241101-WA0025-1024x771.jpg 1024w, https:\/\/miradouronoticias.com\/site\/wp-content\/uploads\/2024\/11\/IMG-20241101-WA0025-768x578.jpg 768w, https:\/\/miradouronoticias.com\/site\/wp-content\/uploads\/2024\/11\/IMG-20241101-WA0025-1536x1156.jpg 1536w, https:\/\/miradouronoticias.com\/site\/wp-content\/uploads\/2024\/11\/IMG-20241101-WA0025.jpg 1600w\" sizes=\"auto, (max-width: 300px) 100vw, 300px\" \/> <img loading=\"lazy\" decoding=\"async\" class=\"alignnone size-medium wp-image-26276\" src=\"https:\/\/miradouronoticias.com\/site\/wp-content\/uploads\/2024\/11\/IMG-20241101-WA0022-300x226.jpg\" alt=\"\" width=\"300\" height=\"226\" srcset=\"https:\/\/miradouronoticias.com\/site\/wp-content\/uploads\/2024\/11\/IMG-20241101-WA0022-300x226.jpg 300w, https:\/\/miradouronoticias.com\/site\/wp-content\/uploads\/2024\/11\/IMG-20241101-WA0022-1024x771.jpg 1024w, https:\/\/miradouronoticias.com\/site\/wp-content\/uploads\/2024\/11\/IMG-20241101-WA0022-768x578.jpg 768w, https:\/\/miradouronoticias.com\/site\/wp-content\/uploads\/2024\/11\/IMG-20241101-WA0022-1536x1156.jpg 1536w, https:\/\/miradouronoticias.com\/site\/wp-content\/uploads\/2024\/11\/IMG-20241101-WA0022.jpg 1600w\" sizes=\"auto, (max-width: 300px) 100vw, 300px\" \/> <img loading=\"lazy\" decoding=\"async\" class=\"alignnone size-medium wp-image-26277\" src=\"https:\/\/miradouronoticias.com\/site\/wp-content\/uploads\/2024\/11\/IMG-20241101-WA0021-300x226.jpg\" alt=\"\" width=\"300\" height=\"226\" srcset=\"https:\/\/miradouronoticias.com\/site\/wp-content\/uploads\/2024\/11\/IMG-20241101-WA0021-300x226.jpg 300w, https:\/\/miradouronoticias.com\/site\/wp-content\/uploads\/2024\/11\/IMG-20241101-WA0021-1024x771.jpg 1024w, https:\/\/miradouronoticias.com\/site\/wp-content\/uploads\/2024\/11\/IMG-20241101-WA0021-768x578.jpg 768w, https:\/\/miradouronoticias.com\/site\/wp-content\/uploads\/2024\/11\/IMG-20241101-WA0021-1536x1156.jpg 1536w, https:\/\/miradouronoticias.com\/site\/wp-content\/uploads\/2024\/11\/IMG-20241101-WA0021.jpg 1600w\" sizes=\"auto, (max-width: 300px) 100vw, 300px\" \/> <img loading=\"lazy\" decoding=\"async\" class=\"alignnone size-medium wp-image-26278\" src=\"https:\/\/miradouronoticias.com\/site\/wp-content\/uploads\/2024\/11\/IMG-20241101-WA0020-300x226.jpg\" alt=\"\" width=\"300\" height=\"226\" srcset=\"https:\/\/miradouronoticias.com\/site\/wp-content\/uploads\/2024\/11\/IMG-20241101-WA0020-300x226.jpg 300w, https:\/\/miradouronoticias.com\/site\/wp-content\/uploads\/2024\/11\/IMG-20241101-WA0020-1024x771.jpg 1024w, https:\/\/miradouronoticias.com\/site\/wp-content\/uploads\/2024\/11\/IMG-20241101-WA0020-768x578.jpg 768w, https:\/\/miradouronoticias.com\/site\/wp-content\/uploads\/2024\/11\/IMG-20241101-WA0020-1536x1156.jpg 1536w, https:\/\/miradouronoticias.com\/site\/wp-content\/uploads\/2024\/11\/IMG-20241101-WA0020.jpg 1600w\" sizes=\"auto, (max-width: 300px) 100vw, 300px\" \/> <img loading=\"lazy\" decoding=\"async\" class=\"alignnone size-medium wp-image-26279\" src=\"https:\/\/miradouronoticias.com\/site\/wp-content\/uploads\/2024\/11\/IMG-20241101-WA0019-300x226.jpg\" alt=\"\" width=\"300\" height=\"226\" srcset=\"https:\/\/miradouronoticias.com\/site\/wp-content\/uploads\/2024\/11\/IMG-20241101-WA0019-300x226.jpg 300w, https:\/\/miradouronoticias.com\/site\/wp-content\/uploads\/2024\/11\/IMG-20241101-WA0019-1024x771.jpg 1024w, https:\/\/miradouronoticias.com\/site\/wp-content\/uploads\/2024\/11\/IMG-20241101-WA0019-768x578.jpg 768w, https:\/\/miradouronoticias.com\/site\/wp-content\/uploads\/2024\/11\/IMG-20241101-WA0019-1536x1156.jpg 1536w, https:\/\/miradouronoticias.com\/site\/wp-content\/uploads\/2024\/11\/IMG-20241101-WA0019.jpg 1600w\" sizes=\"auto, (max-width: 300px) 100vw, 300px\" \/><\/p>\n<p>By: miradouronoticias.com.br<\/p>\n","protected":false},"excerpt":{"rendered":"<p>Cleide&#8217;s Modas reinaugura\u00e7\u00e3o nesta manh\u00e3 de sexta feira em Miradouro. Diversas roupas, acess\u00f3rios,lindas sand\u00e1lias,uma infinidade de roupas femininas e masculinas pra vcs! Estamos aguardando a sua visita! By: miradouronoticias.com.br<\/p>\n","protected":false},"author":4,"featured_media":26281,"comment_status":"open","ping_status":"open","sticky":false,"template":"","format":"standard","meta":{"footnotes":""},"categories":[1],"tags":[],"class_list":["post-26265","post","type-post","status-publish","format-standard","has-post-thumbnail","hentry","category-destaque-principal"],"yoast_head":"<!-- This site is optimized with the Yoast SEO plugin v27.2 - https:\/\/yoast.com\/product\/yoast-seo-wordpress\/ -->\n<title>Reinaugura\u00e7\u00e3o da Cleide&#039;s Modas em Miradouro - Miradouro Not\u00edcias<\/title>\n<meta name=\"robots\" content=\"index, follow, max-snippet:-1, max-image-preview:large, max-video-preview:-1\" \/>\n<link rel=\"canonical\" href=\"https:\/\/miradouronoticias.com\/site\/2024\/11\/01\/reinauguracao-da-cleides-modas-em-miradouro\/\" \/>\n<meta property=\"og:locale\" content=\"pt_BR\" \/>\n<meta property=\"og:type\" content=\"article\" \/>\n<meta property=\"og:title\" content=\"Reinaugura\u00e7\u00e3o da Cleide&#039;s Modas em Miradouro - Miradouro Not\u00edcias\" \/>\n<meta property=\"og:description\" content=\"Cleide&#8217;s Modas reinaugura\u00e7\u00e3o nesta manh\u00e3 de sexta feira em Miradouro. Diversas roupas, acess\u00f3rios,lindas sand\u00e1lias,uma infinidade de roupas femininas e masculinas pra vcs! Estamos aguardando a sua visita! By: miradouronoticias.com.br\" \/>\n<meta property=\"og:url\" content=\"https:\/\/miradouronoticias.com\/site\/2024\/11\/01\/reinauguracao-da-cleides-modas-em-miradouro\/\" \/>\n<meta property=\"og:site_name\" content=\"Miradouro Not\u00edcias\" \/>\n<meta property=\"article:published_time\" content=\"2024-11-01T11:45:30+00:00\" \/>\n<meta property=\"article:modified_time\" content=\"2024-11-01T11:51:16+00:00\" \/>\n<meta property=\"og:image\" content=\"https:\/\/miradouronoticias.com\/site\/wp-content\/uploads\/2024\/11\/IMG_20241101_080053-scaled.jpg\" \/>\n\t<meta property=\"og:image:width\" content=\"2560\" \/>\n\t<meta property=\"og:image:height\" content=\"1928\" \/>\n\t<meta property=\"og:image:type\" content=\"image\/jpeg\" \/>\n<meta name=\"author\" content=\"Cl\u00e1udia Olyver\" \/>\n<meta name=\"twitter:card\" content=\"summary_large_image\" \/>\n<meta name=\"twitter:label1\" content=\"Escrito por\" \/>\n\t<meta name=\"twitter:data1\" content=\"Cl\u00e1udia Olyver\" \/>\n\t<meta name=\"twitter:label2\" content=\"Est. tempo de leitura\" \/>\n\t<meta name=\"twitter:data2\" content=\"4 minutos\" \/>\n<script type=\"application\/ld+json\" class=\"yoast-schema-graph\">{\"@context\":\"https:\/\/schema.org\",\"@graph\":[{\"@type\":\"Article\",\"@id\":\"https:\/\/miradouronoticias.com\/site\/2024\/11\/01\/reinauguracao-da-cleides-modas-em-miradouro\/#article\",\"isPartOf\":{\"@id\":\"https:\/\/miradouronoticias.com\/site\/2024\/11\/01\/reinauguracao-da-cleides-modas-em-miradouro\/\"},\"author\":{\"name\":\"Cl\u00e1udia Olyver\",\"@id\":\"https:\/\/miradouronoticias.com\/site\/#\/schema\/person\/73440d8c82222950df86f3e1a16aad3b\"},\"headline\":\"Reinaugura\u00e7\u00e3o da Cleide&#8217;s Modas em Miradouro\",\"datePublished\":\"2024-11-01T11:45:30+00:00\",\"dateModified\":\"2024-11-01T11:51:16+00:00\",\"mainEntityOfPage\":{\"@id\":\"https:\/\/miradouronoticias.com\/site\/2024\/11\/01\/reinauguracao-da-cleides-modas-em-miradouro\/\"},\"wordCount\":55,\"commentCount\":0,\"publisher\":{\"@id\":\"https:\/\/miradouronoticias.com\/site\/#organization\"},\"image\":{\"@id\":\"https:\/\/miradouronoticias.com\/site\/2024\/11\/01\/reinauguracao-da-cleides-modas-em-miradouro\/#primaryimage\"},\"thumbnailUrl\":\"https:\/\/miradouronoticias.com\/site\/wp-content\/uploads\/2024\/11\/IMG_20241101_080053-scaled.jpg\",\"articleSection\":[\"Destaque Principal\"],\"inLanguage\":\"pt-BR\",\"potentialAction\":[{\"@type\":\"CommentAction\",\"name\":\"Comment\",\"target\":[\"https:\/\/miradouronoticias.com\/site\/2024\/11\/01\/reinauguracao-da-cleides-modas-em-miradouro\/#respond\"]}]},{\"@type\":\"WebPage\",\"@id\":\"https:\/\/miradouronoticias.com\/site\/2024\/11\/01\/reinauguracao-da-cleides-modas-em-miradouro\/\",\"url\":\"https:\/\/miradouronoticias.com\/site\/2024\/11\/01\/reinauguracao-da-cleides-modas-em-miradouro\/\",\"name\":\"Reinaugura\u00e7\u00e3o da Cleide's Modas em Miradouro - Miradouro Not\u00edcias\",\"isPartOf\":{\"@id\":\"https:\/\/miradouronoticias.com\/site\/#website\"},\"primaryImageOfPage\":{\"@id\":\"https:\/\/miradouronoticias.com\/site\/2024\/11\/01\/reinauguracao-da-cleides-modas-em-miradouro\/#primaryimage\"},\"image\":{\"@id\":\"https:\/\/miradouronoticias.com\/site\/2024\/11\/01\/reinauguracao-da-cleides-modas-em-miradouro\/#primaryimage\"},\"thumbnailUrl\":\"https:\/\/miradouronoticias.com\/site\/wp-content\/uploads\/2024\/11\/IMG_20241101_080053-scaled.jpg\",\"datePublished\":\"2024-11-01T11:45:30+00:00\",\"dateModified\":\"2024-11-01T11:51:16+00:00\",\"breadcrumb\":{\"@id\":\"https:\/\/miradouronoticias.com\/site\/2024\/11\/01\/reinauguracao-da-cleides-modas-em-miradouro\/#breadcrumb\"},\"inLanguage\":\"pt-BR\",\"potentialAction\":[{\"@type\":\"ReadAction\",\"target\":[\"https:\/\/miradouronoticias.com\/site\/2024\/11\/01\/reinauguracao-da-cleides-modas-em-miradouro\/\"]}]},{\"@type\":\"ImageObject\",\"inLanguage\":\"pt-BR\",\"@id\":\"https:\/\/miradouronoticias.com\/site\/2024\/11\/01\/reinauguracao-da-cleides-modas-em-miradouro\/#primaryimage\",\"url\":\"https:\/\/miradouronoticias.com\/site\/wp-content\/uploads\/2024\/11\/IMG_20241101_080053-scaled.jpg\",\"contentUrl\":\"https:\/\/miradouronoticias.com\/site\/wp-content\/uploads\/2024\/11\/IMG_20241101_080053-scaled.jpg\",\"width\":2560,\"height\":1928},{\"@type\":\"BreadcrumbList\",\"@id\":\"https:\/\/miradouronoticias.com\/site\/2024\/11\/01\/reinauguracao-da-cleides-modas-em-miradouro\/#breadcrumb\",\"itemListElement\":[{\"@type\":\"ListItem\",\"position\":1,\"name\":\"In\u00edcio\",\"item\":\"https:\/\/miradouronoticias.com\/site\/\"},{\"@type\":\"ListItem\",\"position\":2,\"name\":\"Reinaugura\u00e7\u00e3o da Cleide&#8217;s Modas em Miradouro\"}]},{\"@type\":\"WebSite\",\"@id\":\"https:\/\/miradouronoticias.com\/site\/#website\",\"url\":\"https:\/\/miradouronoticias.com\/site\/\",\"name\":\"Miradouro Not\u00edcias\",\"description\":\"Informa\u00e7\u00f5es da cidade e regi\u00e3o\",\"publisher\":{\"@id\":\"https:\/\/miradouronoticias.com\/site\/#organization\"},\"potentialAction\":[{\"@type\":\"SearchAction\",\"target\":{\"@type\":\"EntryPoint\",\"urlTemplate\":\"https:\/\/miradouronoticias.com\/site\/?s={search_term_string}\"},\"query-input\":{\"@type\":\"PropertyValueSpecification\",\"valueRequired\":true,\"valueName\":\"search_term_string\"}}],\"inLanguage\":\"pt-BR\"},{\"@type\":\"Organization\",\"@id\":\"https:\/\/miradouronoticias.com\/site\/#organization\",\"name\":\"Miradouro Not\u00edcias\",\"url\":\"https:\/\/miradouronoticias.com\/site\/\",\"logo\":{\"@type\":\"ImageObject\",\"inLanguage\":\"pt-BR\",\"@id\":\"https:\/\/miradouronoticias.com\/site\/#\/schema\/logo\/image\/\",\"url\":\"https:\/\/miradouronoticias.com\/site\/wp-content\/uploads\/2022\/01\/logomarcamiradouronoticias.png\",\"contentUrl\":\"https:\/\/miradouronoticias.com\/site\/wp-content\/uploads\/2022\/01\/logomarcamiradouronoticias.png\",\"width\":747,\"height\":263,\"caption\":\"Miradouro Not\u00edcias\"},\"image\":{\"@id\":\"https:\/\/miradouronoticias.com\/site\/#\/schema\/logo\/image\/\"}},{\"@type\":\"Person\",\"@id\":\"https:\/\/miradouronoticias.com\/site\/#\/schema\/person\/73440d8c82222950df86f3e1a16aad3b\",\"name\":\"Cl\u00e1udia Olyver\",\"sameAs\":[\"http:\/\/www.miradouronoticias.com\"],\"url\":\"https:\/\/miradouronoticias.com\/site\/author\/claudia\/\"}]}<\/script>\n<!-- \/ Yoast SEO plugin. -->","yoast_head_json":{"title":"Reinaugura\u00e7\u00e3o da Cleide's Modas em Miradouro - Miradouro Not\u00edcias","robots":{"index":"index","follow":"follow","max-snippet":"max-snippet:-1","max-image-preview":"max-image-preview:large","max-video-preview":"max-video-preview:-1"},"canonical":"https:\/\/miradouronoticias.com\/site\/2024\/11\/01\/reinauguracao-da-cleides-modas-em-miradouro\/","og_locale":"pt_BR","og_type":"article","og_title":"Reinaugura\u00e7\u00e3o da Cleide's Modas em Miradouro - Miradouro Not\u00edcias","og_description":"Cleide&#8217;s Modas reinaugura\u00e7\u00e3o nesta manh\u00e3 de sexta feira em Miradouro. Diversas roupas, acess\u00f3rios,lindas sand\u00e1lias,uma infinidade de roupas femininas e masculinas pra vcs! Estamos aguardando a sua visita! By: miradouronoticias.com.br","og_url":"https:\/\/miradouronoticias.com\/site\/2024\/11\/01\/reinauguracao-da-cleides-modas-em-miradouro\/","og_site_name":"Miradouro Not\u00edcias","article_published_time":"2024-11-01T11:45:30+00:00","article_modified_time":"2024-11-01T11:51:16+00:00","og_image":[{"width":2560,"height":1928,"url":"https:\/\/miradouronoticias.com\/site\/wp-content\/uploads\/2024\/11\/IMG_20241101_080053-scaled.jpg","type":"image\/jpeg"}],"author":"Cl\u00e1udia Olyver","twitter_card":"summary_large_image","twitter_misc":{"Escrito por":"Cl\u00e1udia Olyver","Est. tempo de leitura":"4 minutos"},"schema":{"@context":"https:\/\/schema.org","@graph":[{"@type":"Article","@id":"https:\/\/miradouronoticias.com\/site\/2024\/11\/01\/reinauguracao-da-cleides-modas-em-miradouro\/#article","isPartOf":{"@id":"https:\/\/miradouronoticias.com\/site\/2024\/11\/01\/reinauguracao-da-cleides-modas-em-miradouro\/"},"author":{"name":"Cl\u00e1udia Olyver","@id":"https:\/\/miradouronoticias.com\/site\/#\/schema\/person\/73440d8c82222950df86f3e1a16aad3b"},"headline":"Reinaugura\u00e7\u00e3o da Cleide&#8217;s Modas em Miradouro","datePublished":"2024-11-01T11:45:30+00:00","dateModified":"2024-11-01T11:51:16+00:00","mainEntityOfPage":{"@id":"https:\/\/miradouronoticias.com\/site\/2024\/11\/01\/reinauguracao-da-cleides-modas-em-miradouro\/"},"wordCount":55,"commentCount":0,"publisher":{"@id":"https:\/\/miradouronoticias.com\/site\/#organization"},"image":{"@id":"https:\/\/miradouronoticias.com\/site\/2024\/11\/01\/reinauguracao-da-cleides-modas-em-miradouro\/#primaryimage"},"thumbnailUrl":"https:\/\/miradouronoticias.com\/site\/wp-content\/uploads\/2024\/11\/IMG_20241101_080053-scaled.jpg","articleSection":["Destaque Principal"],"inLanguage":"pt-BR","potentialAction":[{"@type":"CommentAction","name":"Comment","target":["https:\/\/miradouronoticias.com\/site\/2024\/11\/01\/reinauguracao-da-cleides-modas-em-miradouro\/#respond"]}]},{"@type":"WebPage","@id":"https:\/\/miradouronoticias.com\/site\/2024\/11\/01\/reinauguracao-da-cleides-modas-em-miradouro\/","url":"https:\/\/miradouronoticias.com\/site\/2024\/11\/01\/reinauguracao-da-cleides-modas-em-miradouro\/","name":"Reinaugura\u00e7\u00e3o da Cleide's Modas em Miradouro - Miradouro Not\u00edcias","isPartOf":{"@id":"https:\/\/miradouronoticias.com\/site\/#website"},"primaryImageOfPage":{"@id":"https:\/\/miradouronoticias.com\/site\/2024\/11\/01\/reinauguracao-da-cleides-modas-em-miradouro\/#primaryimage"},"image":{"@id":"https:\/\/miradouronoticias.com\/site\/2024\/11\/01\/reinauguracao-da-cleides-modas-em-miradouro\/#primaryimage"},"thumbnailUrl":"https:\/\/miradouronoticias.com\/site\/wp-content\/uploads\/2024\/11\/IMG_20241101_080053-scaled.jpg","datePublished":"2024-11-01T11:45:30+00:00","dateModified":"2024-11-01T11:51:16+00:00","breadcrumb":{"@id":"https:\/\/miradouronoticias.com\/site\/2024\/11\/01\/reinauguracao-da-cleides-modas-em-miradouro\/#breadcrumb"},"inLanguage":"pt-BR","potentialAction":[{"@type":"ReadAction","target":["https:\/\/miradouronoticias.com\/site\/2024\/11\/01\/reinauguracao-da-cleides-modas-em-miradouro\/"]}]},{"@type":"ImageObject","inLanguage":"pt-BR","@id":"https:\/\/miradouronoticias.com\/site\/2024\/11\/01\/reinauguracao-da-cleides-modas-em-miradouro\/#primaryimage","url":"https:\/\/miradouronoticias.com\/site\/wp-content\/uploads\/2024\/11\/IMG_20241101_080053-scaled.jpg","contentUrl":"https:\/\/miradouronoticias.com\/site\/wp-content\/uploads\/2024\/11\/IMG_20241101_080053-scaled.jpg","width":2560,"height":1928},{"@type":"BreadcrumbList","@id":"https:\/\/miradouronoticias.com\/site\/2024\/11\/01\/reinauguracao-da-cleides-modas-em-miradouro\/#breadcrumb","itemListElement":[{"@type":"ListItem","position":1,"name":"In\u00edcio","item":"https:\/\/miradouronoticias.com\/site\/"},{"@type":"ListItem","position":2,"name":"Reinaugura\u00e7\u00e3o da Cleide&#8217;s Modas em Miradouro"}]},{"@type":"WebSite","@id":"https:\/\/miradouronoticias.com\/site\/#website","url":"https:\/\/miradouronoticias.com\/site\/","name":"Miradouro Not\u00edcias","description":"Informa\u00e7\u00f5es da cidade e regi\u00e3o","publisher":{"@id":"https:\/\/miradouronoticias.com\/site\/#organization"},"potentialAction":[{"@type":"SearchAction","target":{"@type":"EntryPoint","urlTemplate":"https:\/\/miradouronoticias.com\/site\/?s={search_term_string}"},"query-input":{"@type":"PropertyValueSpecification","valueRequired":true,"valueName":"search_term_string"}}],"inLanguage":"pt-BR"},{"@type":"Organization","@id":"https:\/\/miradouronoticias.com\/site\/#organization","name":"Miradouro Not\u00edcias","url":"https:\/\/miradouronoticias.com\/site\/","logo":{"@type":"ImageObject","inLanguage":"pt-BR","@id":"https:\/\/miradouronoticias.com\/site\/#\/schema\/logo\/image\/","url":"https:\/\/miradouronoticias.com\/site\/wp-content\/uploads\/2022\/01\/logomarcamiradouronoticias.png","contentUrl":"https:\/\/miradouronoticias.com\/site\/wp-content\/uploads\/2022\/01\/logomarcamiradouronoticias.png","width":747,"height":263,"caption":"Miradouro Not\u00edcias"},"image":{"@id":"https:\/\/miradouronoticias.com\/site\/#\/schema\/logo\/image\/"}},{"@type":"Person","@id":"https:\/\/miradouronoticias.com\/site\/#\/schema\/person\/73440d8c82222950df86f3e1a16aad3b","name":"Cl\u00e1udia Olyver","sameAs":["http:\/\/www.miradouronoticias.com"],"url":"https:\/\/miradouronoticias.com\/site\/author\/claudia\/"}]}},"_links":{"self":[{"href":"https:\/\/miradouronoticias.com\/site\/wp-json\/wp\/v2\/posts\/26265","targetHints":{"allow":["GET"]}}],"collection":[{"href":"https:\/\/miradouronoticias.com\/site\/wp-json\/wp\/v2\/posts"}],"about":[{"href":"https:\/\/miradouronoticias.com\/site\/wp-json\/wp\/v2\/types\/post"}],"author":[{"embeddable":true,"href":"https:\/\/miradouronoticias.com\/site\/wp-json\/wp\/v2\/users\/4"}],"replies":[{"embeddable":true,"href":"https:\/\/miradouronoticias.com\/site\/wp-json\/wp\/v2\/comments?post=26265"}],"version-history":[{"count":3,"href":"https:\/\/miradouronoticias.com\/site\/wp-json\/wp\/v2\/posts\/26265\/revisions"}],"predecessor-version":[{"id":26286,"href":"https:\/\/miradouronoticias.com\/site\/wp-json\/wp\/v2\/posts\/26265\/revisions\/26286"}],"wp:featuredmedia":[{"embeddable":true,"href":"https:\/\/miradouronoticias.com\/site\/wp-json\/wp\/v2\/media\/26281"}],"wp:attachment":[{"href":"https:\/\/miradouronoticias.com\/site\/wp-json\/wp\/v2\/media?parent=26265"}],"wp:term":[{"taxonomy":"category","embeddable":true,"href":"https:\/\/miradouronoticias.com\/site\/wp-json\/wp\/v2\/categories?post=26265"},{"taxonomy":"post_tag","embeddable":true,"href":"https:\/\/miradouronoticias.com\/site\/wp-json\/wp\/v2\/tags?post=26265"}],"curies":[{"name":"wp","href":"https:\/\/api.w.org\/{rel}","templated":true}]}}