{"id":25136,"date":"2024-08-17T12:08:14","date_gmt":"2024-08-17T15:08:14","guid":{"rendered":"https:\/\/miradouronoticias.com\/site\/?p=25136"},"modified":"2024-08-17T15:54:19","modified_gmt":"2024-08-17T18:54:19","slug":"silvio-santos-morre-em-sao-paulo-aos-93-anos","status":"publish","type":"post","link":"https:\/\/miradouronoticias.com\/site\/2024\/08\/17\/silvio-santos-morre-em-sao-paulo-aos-93-anos\/","title":{"rendered":"Silvio Santos morre em S\u00e3o Paulo aos 93 anos"},"content":{"rendered":"<p><img loading=\"lazy\" decoding=\"async\" class=\"alignnone size-medium wp-image-25141\" src=\"https:\/\/miradouronoticias.com\/site\/wp-content\/uploads\/2024\/08\/25061059447_5922b13fb7_o-1-300x179.webp\" alt=\"\" width=\"300\" height=\"179\" srcset=\"https:\/\/miradouronoticias.com\/site\/wp-content\/uploads\/2024\/08\/25061059447_5922b13fb7_o-1-300x179.webp 300w, https:\/\/miradouronoticias.com\/site\/wp-content\/uploads\/2024\/08\/25061059447_5922b13fb7_o-1-1024x613.webp 1024w, https:\/\/miradouronoticias.com\/site\/wp-content\/uploads\/2024\/08\/25061059447_5922b13fb7_o-1-768x459.webp 768w, https:\/\/miradouronoticias.com\/site\/wp-content\/uploads\/2024\/08\/25061059447_5922b13fb7_o-1.webp 1170w\" sizes=\"auto, (max-width: 300px) 100vw, 300px\" \/><\/p>\n<p>Morreu neste s\u00e1bado (17) o empres\u00e1rio e apresentador Silvio Santos. Ele tinha 93 anos. Estava internado na capital paulista desde o in\u00edcio de agosto. A informa\u00e7\u00e3o foi confirmada pelo Sistema Brasileiro de Televis\u00e3o (SBT), emissora da qual ele era propriet\u00e1rio.<img decoding=\"async\" src=\"https:\/\/agenciabrasil.ebc.com.br\/ebc.png?id=1608279&amp;o=node\" \/><img decoding=\"async\" src=\"https:\/\/agenciabrasil.ebc.com.br\/ebc.gif?id=1608279&amp;o=node\" \/><\/p>\n<p>A fam\u00edlia do apresentador lamentou a morte em uma publica\u00e7\u00e3o nas redes sociais. \u201cHoje o c\u00e9u est\u00e1 alegre com a chegada do nosso amado Silvio Santos. Ele viveu 93 anos para levar felicidade e amor a todos os brasileiros. A fam\u00edlia \u00e9 muito grata ao Brasil pelos mais de 65 anos de conviv\u00eancia com muita alegria\u201d,\u00a0 afirmou.<\/p>\n<p>Nascido no Rio de Janeiro em 1930, Silvio Santos deixa seis filhas e esposa. Ainda n\u00e3o foram divulgadas informa\u00e7\u00f5es sobre o vel\u00f3rio.<\/p>\n<p>By: miradouronoticias.com.br\/ ag\u00eancia brasil<\/p>\n","protected":false},"excerpt":{"rendered":"<p>Morreu neste s\u00e1bado (17) o empres\u00e1rio e apresentador Silvio Santos. Ele tinha 93 anos. Estava internado na capital paulista desde o in\u00edcio de agosto. A informa\u00e7\u00e3o foi confirmada pelo Sistema Brasileiro de Televis\u00e3o (SBT), emissora da qual ele era propriet\u00e1rio. A fam\u00edlia do apresentador lamentou a morte em uma publica\u00e7\u00e3o nas redes sociais. \u201cHoje o [&hellip;]<\/p>\n","protected":false},"author":4,"featured_media":25141,"comment_status":"open","ping_status":"open","sticky":false,"template":"","format":"standard","meta":{"footnotes":""},"categories":[2,1],"tags":[],"class_list":["post-25136","post","type-post","status-publish","format-standard","has-post-thumbnail","hentry","category-mundo","category-destaque-principal"],"yoast_head":"<!-- This site is optimized with the Yoast SEO plugin v27.2 - https:\/\/yoast.com\/product\/yoast-seo-wordpress\/ -->\n<title>Silvio Santos morre em S\u00e3o Paulo aos 93 anos - Miradouro Not\u00edcias<\/title>\n<meta name=\"robots\" content=\"index, follow, max-snippet:-1, max-image-preview:large, max-video-preview:-1\" \/>\n<link rel=\"canonical\" href=\"https:\/\/miradouronoticias.com\/site\/2024\/08\/17\/silvio-santos-morre-em-sao-paulo-aos-93-anos\/\" \/>\n<meta property=\"og:locale\" content=\"pt_BR\" \/>\n<meta property=\"og:type\" content=\"article\" \/>\n<meta property=\"og:title\" content=\"Silvio Santos morre em S\u00e3o Paulo aos 93 anos - Miradouro Not\u00edcias\" \/>\n<meta property=\"og:description\" content=\"Morreu neste s\u00e1bado (17) o empres\u00e1rio e apresentador Silvio Santos. Ele tinha 93 anos. Estava internado na capital paulista desde o in\u00edcio de agosto. A informa\u00e7\u00e3o foi confirmada pelo Sistema Brasileiro de Televis\u00e3o (SBT), emissora da qual ele era propriet\u00e1rio. A fam\u00edlia do apresentador lamentou a morte em uma publica\u00e7\u00e3o nas redes sociais. \u201cHoje o [&hellip;]\" \/>\n<meta property=\"og:url\" content=\"https:\/\/miradouronoticias.com\/site\/2024\/08\/17\/silvio-santos-morre-em-sao-paulo-aos-93-anos\/\" \/>\n<meta property=\"og:site_name\" content=\"Miradouro Not\u00edcias\" \/>\n<meta property=\"article:published_time\" content=\"2024-08-17T15:08:14+00:00\" \/>\n<meta property=\"article:modified_time\" content=\"2024-08-17T18:54:19+00:00\" \/>\n<meta property=\"og:image\" content=\"https:\/\/miradouronoticias.com\/site\/wp-content\/uploads\/2024\/08\/25061059447_5922b13fb7_o-1.webp\" \/>\n\t<meta property=\"og:image:width\" content=\"1170\" \/>\n\t<meta property=\"og:image:height\" content=\"700\" \/>\n\t<meta property=\"og:image:type\" content=\"image\/webp\" \/>\n<meta name=\"author\" content=\"Cl\u00e1udia Olyver\" \/>\n<meta name=\"twitter:card\" content=\"summary_large_image\" \/>\n<meta name=\"twitter:label1\" content=\"Escrito por\" \/>\n\t<meta name=\"twitter:data1\" content=\"Cl\u00e1udia Olyver\" \/>\n\t<meta name=\"twitter:label2\" content=\"Est. tempo de leitura\" \/>\n\t<meta name=\"twitter:data2\" content=\"2 minutos\" \/>\n<script type=\"application\/ld+json\" class=\"yoast-schema-graph\">{\"@context\":\"https:\/\/schema.org\",\"@graph\":[{\"@type\":\"Article\",\"@id\":\"https:\/\/miradouronoticias.com\/site\/2024\/08\/17\/silvio-santos-morre-em-sao-paulo-aos-93-anos\/#article\",\"isPartOf\":{\"@id\":\"https:\/\/miradouronoticias.com\/site\/2024\/08\/17\/silvio-santos-morre-em-sao-paulo-aos-93-anos\/\"},\"author\":{\"name\":\"Cl\u00e1udia Olyver\",\"@id\":\"https:\/\/miradouronoticias.com\/site\/#\/schema\/person\/73440d8c82222950df86f3e1a16aad3b\"},\"headline\":\"Silvio Santos morre em S\u00e3o Paulo aos 93 anos\",\"datePublished\":\"2024-08-17T15:08:14+00:00\",\"dateModified\":\"2024-08-17T18:54:19+00:00\",\"mainEntityOfPage\":{\"@id\":\"https:\/\/miradouronoticias.com\/site\/2024\/08\/17\/silvio-santos-morre-em-sao-paulo-aos-93-anos\/\"},\"wordCount\":143,\"commentCount\":0,\"publisher\":{\"@id\":\"https:\/\/miradouronoticias.com\/site\/#organization\"},\"image\":{\"@id\":\"https:\/\/miradouronoticias.com\/site\/2024\/08\/17\/silvio-santos-morre-em-sao-paulo-aos-93-anos\/#primaryimage\"},\"thumbnailUrl\":\"https:\/\/miradouronoticias.com\/site\/wp-content\/uploads\/2024\/08\/25061059447_5922b13fb7_o-1.webp\",\"articleSection\":[\"Brasil \/ Mundo\",\"Destaque Principal\"],\"inLanguage\":\"pt-BR\",\"potentialAction\":[{\"@type\":\"CommentAction\",\"name\":\"Comment\",\"target\":[\"https:\/\/miradouronoticias.com\/site\/2024\/08\/17\/silvio-santos-morre-em-sao-paulo-aos-93-anos\/#respond\"]}]},{\"@type\":\"WebPage\",\"@id\":\"https:\/\/miradouronoticias.com\/site\/2024\/08\/17\/silvio-santos-morre-em-sao-paulo-aos-93-anos\/\",\"url\":\"https:\/\/miradouronoticias.com\/site\/2024\/08\/17\/silvio-santos-morre-em-sao-paulo-aos-93-anos\/\",\"name\":\"Silvio Santos morre em S\u00e3o Paulo aos 93 anos - Miradouro Not\u00edcias\",\"isPartOf\":{\"@id\":\"https:\/\/miradouronoticias.com\/site\/#website\"},\"primaryImageOfPage\":{\"@id\":\"https:\/\/miradouronoticias.com\/site\/2024\/08\/17\/silvio-santos-morre-em-sao-paulo-aos-93-anos\/#primaryimage\"},\"image\":{\"@id\":\"https:\/\/miradouronoticias.com\/site\/2024\/08\/17\/silvio-santos-morre-em-sao-paulo-aos-93-anos\/#primaryimage\"},\"thumbnailUrl\":\"https:\/\/miradouronoticias.com\/site\/wp-content\/uploads\/2024\/08\/25061059447_5922b13fb7_o-1.webp\",\"datePublished\":\"2024-08-17T15:08:14+00:00\",\"dateModified\":\"2024-08-17T18:54:19+00:00\",\"breadcrumb\":{\"@id\":\"https:\/\/miradouronoticias.com\/site\/2024\/08\/17\/silvio-santos-morre-em-sao-paulo-aos-93-anos\/#breadcrumb\"},\"inLanguage\":\"pt-BR\",\"potentialAction\":[{\"@type\":\"ReadAction\",\"target\":[\"https:\/\/miradouronoticias.com\/site\/2024\/08\/17\/silvio-santos-morre-em-sao-paulo-aos-93-anos\/\"]}]},{\"@type\":\"ImageObject\",\"inLanguage\":\"pt-BR\",\"@id\":\"https:\/\/miradouronoticias.com\/site\/2024\/08\/17\/silvio-santos-morre-em-sao-paulo-aos-93-anos\/#primaryimage\",\"url\":\"https:\/\/miradouronoticias.com\/site\/wp-content\/uploads\/2024\/08\/25061059447_5922b13fb7_o-1.webp\",\"contentUrl\":\"https:\/\/miradouronoticias.com\/site\/wp-content\/uploads\/2024\/08\/25061059447_5922b13fb7_o-1.webp\",\"width\":1170,\"height\":700},{\"@type\":\"BreadcrumbList\",\"@id\":\"https:\/\/miradouronoticias.com\/site\/2024\/08\/17\/silvio-santos-morre-em-sao-paulo-aos-93-anos\/#breadcrumb\",\"itemListElement\":[{\"@type\":\"ListItem\",\"position\":1,\"name\":\"In\u00edcio\",\"item\":\"https:\/\/miradouronoticias.com\/site\/\"},{\"@type\":\"ListItem\",\"position\":2,\"name\":\"Silvio Santos morre em S\u00e3o Paulo aos 93 anos\"}]},{\"@type\":\"WebSite\",\"@id\":\"https:\/\/miradouronoticias.com\/site\/#website\",\"url\":\"https:\/\/miradouronoticias.com\/site\/\",\"name\":\"Miradouro Not\u00edcias\",\"description\":\"Informa\u00e7\u00f5es da cidade e regi\u00e3o\",\"publisher\":{\"@id\":\"https:\/\/miradouronoticias.com\/site\/#organization\"},\"potentialAction\":[{\"@type\":\"SearchAction\",\"target\":{\"@type\":\"EntryPoint\",\"urlTemplate\":\"https:\/\/miradouronoticias.com\/site\/?s={search_term_string}\"},\"query-input\":{\"@type\":\"PropertyValueSpecification\",\"valueRequired\":true,\"valueName\":\"search_term_string\"}}],\"inLanguage\":\"pt-BR\"},{\"@type\":\"Organization\",\"@id\":\"https:\/\/miradouronoticias.com\/site\/#organization\",\"name\":\"Miradouro Not\u00edcias\",\"url\":\"https:\/\/miradouronoticias.com\/site\/\",\"logo\":{\"@type\":\"ImageObject\",\"inLanguage\":\"pt-BR\",\"@id\":\"https:\/\/miradouronoticias.com\/site\/#\/schema\/logo\/image\/\",\"url\":\"https:\/\/miradouronoticias.com\/site\/wp-content\/uploads\/2022\/01\/logomarcamiradouronoticias.png\",\"contentUrl\":\"https:\/\/miradouronoticias.com\/site\/wp-content\/uploads\/2022\/01\/logomarcamiradouronoticias.png\",\"width\":747,\"height\":263,\"caption\":\"Miradouro Not\u00edcias\"},\"image\":{\"@id\":\"https:\/\/miradouronoticias.com\/site\/#\/schema\/logo\/image\/\"}},{\"@type\":\"Person\",\"@id\":\"https:\/\/miradouronoticias.com\/site\/#\/schema\/person\/73440d8c82222950df86f3e1a16aad3b\",\"name\":\"Cl\u00e1udia Olyver\",\"sameAs\":[\"http:\/\/www.miradouronoticias.com\"],\"url\":\"https:\/\/miradouronoticias.com\/site\/author\/claudia\/\"}]}<\/script>\n<!-- \/ Yoast SEO plugin. -->","yoast_head_json":{"title":"Silvio Santos morre em S\u00e3o Paulo aos 93 anos - Miradouro Not\u00edcias","robots":{"index":"index","follow":"follow","max-snippet":"max-snippet:-1","max-image-preview":"max-image-preview:large","max-video-preview":"max-video-preview:-1"},"canonical":"https:\/\/miradouronoticias.com\/site\/2024\/08\/17\/silvio-santos-morre-em-sao-paulo-aos-93-anos\/","og_locale":"pt_BR","og_type":"article","og_title":"Silvio Santos morre em S\u00e3o Paulo aos 93 anos - Miradouro Not\u00edcias","og_description":"Morreu neste s\u00e1bado (17) o empres\u00e1rio e apresentador Silvio Santos. Ele tinha 93 anos. Estava internado na capital paulista desde o in\u00edcio de agosto. A informa\u00e7\u00e3o foi confirmada pelo Sistema Brasileiro de Televis\u00e3o (SBT), emissora da qual ele era propriet\u00e1rio. A fam\u00edlia do apresentador lamentou a morte em uma publica\u00e7\u00e3o nas redes sociais. \u201cHoje o [&hellip;]","og_url":"https:\/\/miradouronoticias.com\/site\/2024\/08\/17\/silvio-santos-morre-em-sao-paulo-aos-93-anos\/","og_site_name":"Miradouro Not\u00edcias","article_published_time":"2024-08-17T15:08:14+00:00","article_modified_time":"2024-08-17T18:54:19+00:00","og_image":[{"width":1170,"height":700,"url":"https:\/\/miradouronoticias.com\/site\/wp-content\/uploads\/2024\/08\/25061059447_5922b13fb7_o-1.webp","type":"image\/webp"}],"author":"Cl\u00e1udia Olyver","twitter_card":"summary_large_image","twitter_misc":{"Escrito por":"Cl\u00e1udia Olyver","Est. tempo de leitura":"2 minutos"},"schema":{"@context":"https:\/\/schema.org","@graph":[{"@type":"Article","@id":"https:\/\/miradouronoticias.com\/site\/2024\/08\/17\/silvio-santos-morre-em-sao-paulo-aos-93-anos\/#article","isPartOf":{"@id":"https:\/\/miradouronoticias.com\/site\/2024\/08\/17\/silvio-santos-morre-em-sao-paulo-aos-93-anos\/"},"author":{"name":"Cl\u00e1udia Olyver","@id":"https:\/\/miradouronoticias.com\/site\/#\/schema\/person\/73440d8c82222950df86f3e1a16aad3b"},"headline":"Silvio Santos morre em S\u00e3o Paulo aos 93 anos","datePublished":"2024-08-17T15:08:14+00:00","dateModified":"2024-08-17T18:54:19+00:00","mainEntityOfPage":{"@id":"https:\/\/miradouronoticias.com\/site\/2024\/08\/17\/silvio-santos-morre-em-sao-paulo-aos-93-anos\/"},"wordCount":143,"commentCount":0,"publisher":{"@id":"https:\/\/miradouronoticias.com\/site\/#organization"},"image":{"@id":"https:\/\/miradouronoticias.com\/site\/2024\/08\/17\/silvio-santos-morre-em-sao-paulo-aos-93-anos\/#primaryimage"},"thumbnailUrl":"https:\/\/miradouronoticias.com\/site\/wp-content\/uploads\/2024\/08\/25061059447_5922b13fb7_o-1.webp","articleSection":["Brasil \/ Mundo","Destaque Principal"],"inLanguage":"pt-BR","potentialAction":[{"@type":"CommentAction","name":"Comment","target":["https:\/\/miradouronoticias.com\/site\/2024\/08\/17\/silvio-santos-morre-em-sao-paulo-aos-93-anos\/#respond"]}]},{"@type":"WebPage","@id":"https:\/\/miradouronoticias.com\/site\/2024\/08\/17\/silvio-santos-morre-em-sao-paulo-aos-93-anos\/","url":"https:\/\/miradouronoticias.com\/site\/2024\/08\/17\/silvio-santos-morre-em-sao-paulo-aos-93-anos\/","name":"Silvio Santos morre em S\u00e3o Paulo aos 93 anos - Miradouro Not\u00edcias","isPartOf":{"@id":"https:\/\/miradouronoticias.com\/site\/#website"},"primaryImageOfPage":{"@id":"https:\/\/miradouronoticias.com\/site\/2024\/08\/17\/silvio-santos-morre-em-sao-paulo-aos-93-anos\/#primaryimage"},"image":{"@id":"https:\/\/miradouronoticias.com\/site\/2024\/08\/17\/silvio-santos-morre-em-sao-paulo-aos-93-anos\/#primaryimage"},"thumbnailUrl":"https:\/\/miradouronoticias.com\/site\/wp-content\/uploads\/2024\/08\/25061059447_5922b13fb7_o-1.webp","datePublished":"2024-08-17T15:08:14+00:00","dateModified":"2024-08-17T18:54:19+00:00","breadcrumb":{"@id":"https:\/\/miradouronoticias.com\/site\/2024\/08\/17\/silvio-santos-morre-em-sao-paulo-aos-93-anos\/#breadcrumb"},"inLanguage":"pt-BR","potentialAction":[{"@type":"ReadAction","target":["https:\/\/miradouronoticias.com\/site\/2024\/08\/17\/silvio-santos-morre-em-sao-paulo-aos-93-anos\/"]}]},{"@type":"ImageObject","inLanguage":"pt-BR","@id":"https:\/\/miradouronoticias.com\/site\/2024\/08\/17\/silvio-santos-morre-em-sao-paulo-aos-93-anos\/#primaryimage","url":"https:\/\/miradouronoticias.com\/site\/wp-content\/uploads\/2024\/08\/25061059447_5922b13fb7_o-1.webp","contentUrl":"https:\/\/miradouronoticias.com\/site\/wp-content\/uploads\/2024\/08\/25061059447_5922b13fb7_o-1.webp","width":1170,"height":700},{"@type":"BreadcrumbList","@id":"https:\/\/miradouronoticias.com\/site\/2024\/08\/17\/silvio-santos-morre-em-sao-paulo-aos-93-anos\/#breadcrumb","itemListElement":[{"@type":"ListItem","position":1,"name":"In\u00edcio","item":"https:\/\/miradouronoticias.com\/site\/"},{"@type":"ListItem","position":2,"name":"Silvio Santos morre em S\u00e3o Paulo aos 93 anos"}]},{"@type":"WebSite","@id":"https:\/\/miradouronoticias.com\/site\/#website","url":"https:\/\/miradouronoticias.com\/site\/","name":"Miradouro Not\u00edcias","description":"Informa\u00e7\u00f5es da cidade e regi\u00e3o","publisher":{"@id":"https:\/\/miradouronoticias.com\/site\/#organization"},"potentialAction":[{"@type":"SearchAction","target":{"@type":"EntryPoint","urlTemplate":"https:\/\/miradouronoticias.com\/site\/?s={search_term_string}"},"query-input":{"@type":"PropertyValueSpecification","valueRequired":true,"valueName":"search_term_string"}}],"inLanguage":"pt-BR"},{"@type":"Organization","@id":"https:\/\/miradouronoticias.com\/site\/#organization","name":"Miradouro Not\u00edcias","url":"https:\/\/miradouronoticias.com\/site\/","logo":{"@type":"ImageObject","inLanguage":"pt-BR","@id":"https:\/\/miradouronoticias.com\/site\/#\/schema\/logo\/image\/","url":"https:\/\/miradouronoticias.com\/site\/wp-content\/uploads\/2022\/01\/logomarcamiradouronoticias.png","contentUrl":"https:\/\/miradouronoticias.com\/site\/wp-content\/uploads\/2022\/01\/logomarcamiradouronoticias.png","width":747,"height":263,"caption":"Miradouro Not\u00edcias"},"image":{"@id":"https:\/\/miradouronoticias.com\/site\/#\/schema\/logo\/image\/"}},{"@type":"Person","@id":"https:\/\/miradouronoticias.com\/site\/#\/schema\/person\/73440d8c82222950df86f3e1a16aad3b","name":"Cl\u00e1udia Olyver","sameAs":["http:\/\/www.miradouronoticias.com"],"url":"https:\/\/miradouronoticias.com\/site\/author\/claudia\/"}]}},"_links":{"self":[{"href":"https:\/\/miradouronoticias.com\/site\/wp-json\/wp\/v2\/posts\/25136","targetHints":{"allow":["GET"]}}],"collection":[{"href":"https:\/\/miradouronoticias.com\/site\/wp-json\/wp\/v2\/posts"}],"about":[{"href":"https:\/\/miradouronoticias.com\/site\/wp-json\/wp\/v2\/types\/post"}],"author":[{"embeddable":true,"href":"https:\/\/miradouronoticias.com\/site\/wp-json\/wp\/v2\/users\/4"}],"replies":[{"embeddable":true,"href":"https:\/\/miradouronoticias.com\/site\/wp-json\/wp\/v2\/comments?post=25136"}],"version-history":[{"count":1,"href":"https:\/\/miradouronoticias.com\/site\/wp-json\/wp\/v2\/posts\/25136\/revisions"}],"predecessor-version":[{"id":25142,"href":"https:\/\/miradouronoticias.com\/site\/wp-json\/wp\/v2\/posts\/25136\/revisions\/25142"}],"wp:featuredmedia":[{"embeddable":true,"href":"https:\/\/miradouronoticias.com\/site\/wp-json\/wp\/v2\/media\/25141"}],"wp:attachment":[{"href":"https:\/\/miradouronoticias.com\/site\/wp-json\/wp\/v2\/media?parent=25136"}],"wp:term":[{"taxonomy":"category","embeddable":true,"href":"https:\/\/miradouronoticias.com\/site\/wp-json\/wp\/v2\/categories?post=25136"},{"taxonomy":"post_tag","embeddable":true,"href":"https:\/\/miradouronoticias.com\/site\/wp-json\/wp\/v2\/tags?post=25136"}],"curies":[{"name":"wp","href":"https:\/\/api.w.org\/{rel}","templated":true}]}}