{"id":25034,"date":"2024-08-11T09:43:20","date_gmt":"2024-08-11T12:43:20","guid":{"rendered":"https:\/\/miradouronoticias.com\/site\/?p=25034"},"modified":"2024-08-11T09:43:20","modified_gmt":"2024-08-11T12:43:20","slug":"autoridades-dizem-ser-cedo-para-falar-sobre-fim-de-trabalhos-de-busca","status":"publish","type":"post","link":"https:\/\/miradouronoticias.com\/site\/2024\/08\/11\/autoridades-dizem-ser-cedo-para-falar-sobre-fim-de-trabalhos-de-busca\/","title":{"rendered":"Autoridades dizem ser cedo para falar sobre fim de trabalhos de busca"},"content":{"rendered":"<p><img loading=\"lazy\" decoding=\"async\" class=\"alignnone size-medium wp-image-25035\" src=\"https:\/\/miradouronoticias.com\/site\/wp-content\/uploads\/2024\/08\/pin2294-300x179.jpg\" alt=\"\" width=\"300\" height=\"179\" srcset=\"https:\/\/miradouronoticias.com\/site\/wp-content\/uploads\/2024\/08\/pin2294-300x179.jpg 300w, https:\/\/miradouronoticias.com\/site\/wp-content\/uploads\/2024\/08\/pin2294-1024x613.jpg 1024w, https:\/\/miradouronoticias.com\/site\/wp-content\/uploads\/2024\/08\/pin2294-768x459.jpg 768w, https:\/\/miradouronoticias.com\/site\/wp-content\/uploads\/2024\/08\/pin2294.jpg 1170w\" sizes=\"auto, (max-width: 300px) 100vw, 300px\" \/><\/p>\n<p>Representantes dos \u00f3rg\u00e3os federais e do estado de S\u00e3o Paulo que participam dos trabalhos de retirada e identifica\u00e7\u00e3o dos corpos das v\u00edtimas da queda do avi\u00e3o da empresa a\u00e9rea Voepass (antiga Passaredo) disseram ainda ser cedo para falar em prazos para a conclus\u00e3o dos trabalhos.<img decoding=\"async\" src=\"https:\/\/agenciabrasil.ebc.com.br\/ebc.png?id=1607433&amp;o=node\" \/><img decoding=\"async\" src=\"https:\/\/agenciabrasil.ebc.com.br\/ebc.gif?id=1607433&amp;o=node\" \/><\/p>\n<p>\u201cAinda n\u00e3o h\u00e1 previs\u00e3o de t\u00e9rmino dos trabalhos\u201d, disse, hoje (10), o chefe do Centro de Investiga\u00e7\u00e3o e Preven\u00e7\u00e3o de Acidentes Aeron\u00e1uticos (Cenipa), brigadeiro Marcelo Moreno, durante um r\u00e1pido pronunciamento \u00e0 jornalistas reunidos no acesso ao condom\u00ednio residencial onde a aeronave, um turboh\u00e9lice ATR-72, caiu por volta das 13h20 de ontem (9), em Vinhedo, no interior de S\u00e3o Paulo.<\/p>\n<p>\u201cEm fun\u00e7\u00e3o da import\u00e2ncia destas informa\u00e7\u00f5es, estamos priorizando a qualidade ao inv\u00e9s de celeridade\u201d, acrescentou Moreno ao explicar que as \u201ccaixas-pretas\u201d, ou seja, os gravadores de vozes e dados t\u00e9cnicos como a velocidade em que a aeronave voava no momento em que os pilotos perderam o controle, j\u00e1 est\u00e3o sendo analisados por t\u00e9cnicos, em Bras\u00edlia.<\/p>\n<p>\u201cIniciamos primeiro a tentativa de degrava\u00e7\u00e3o dos registros de voz e, na sequ\u00eancia, dos de dados\u201d, comentou o\u00a0<a href=\"https:\/\/agenciabrasil.ebc.com.br\/geral\/noticia\/2024-08\/cenipa-esta-com-caixas-pretas-da-aeronave-que-caiu-no-interior-de-sp\" target=\"_blank\" rel=\"noopener\">brigadeiro<\/a>\u00a0que, ontem, j\u00e1 tinha explicado que recuperar os registros das conversas entre piloto e co-piloto e dados t\u00e9cnicos do voo s\u00e3o fundamentais para que os investigadores consigam entender a ocorr\u00eancia e, assim, tentar evitar acidentes semelhantes.<\/p>\n<h2>Resgatados<\/h2>\n<p>At\u00e9 por volta das 13h30, ao menos 31 das 62 v\u00edtimas fatais da queda do avi\u00e3o que fazia o voo 2283, de Cascavel (PR) a Guarulhos (SP), j\u00e1 tinham sido localizados. Embora os servidores de \u00f3rg\u00e3os de seguran\u00e7a e resgate federais e paulistas estejam trabalhando ininterruptamente, concentrados em uma pequena \u00e1rea residencial, o comandante-geral da Pol\u00edcia Militar, coronel C\u00e1ssio Ara\u00fajo de Freitas, destacou a dificuldade das buscas.<\/p>\n<p>\u201cVamos completar 24 horas desse epis\u00f3dio. A primeira viatura chegou aqui cinco minutos ap\u00f3s sermos acionados. Na sequ\u00eancia, chegaram as viaturas do Corpo de Bombeiros. E temos, aqui, homens e mulheres experientes, mas n\u00e3o \u00e9 f\u00e1cil o que eles est\u00e3o fazendo\u201d, comentou o comandante, relatando problemas com a presen\u00e7a de drones n\u00e3o autorizados na \u00e1rea do acidente. \u201cTivemos problemas com isso e utilizaremos os equipamentos que temos para, se necess\u00e1rio, tirarmos fora de a\u00e7\u00e3o os drones que n\u00e3o perten\u00e7am a alguma ag\u00eancia envolvida na opera\u00e7\u00e3o\u201d.<\/p>\n<p>O superintendente da Pol\u00edcia Federal (PF) em S\u00e3o Paulo, Rodrigo Luis Sanfurgo, refor\u00e7ou ser dif\u00edcil falar quando os trabalhos ser\u00e3o conclu\u00eddos. \u201cN\u00e3o podemos falar em prazo. Da parte da PF, o que podemos afirmar \u00e9 que estamos trabalhando incansavelmente para finalizarmos este trabalho, identificando todas as v\u00edtimas, e que realizamos todos os procedimentos para preservar o local e colher os elementos necess\u00e1rios \u00e0 instru\u00e7\u00e3o de nossa investiga\u00e7\u00e3o\u201d, comentou o superintendente.<\/p>\n<p>By: miradouronoticias.com.br\/ ag\u00eancia brasil<\/p>\n","protected":false},"excerpt":{"rendered":"<p>Representantes dos \u00f3rg\u00e3os federais e do estado de S\u00e3o Paulo que participam dos trabalhos de retirada e identifica\u00e7\u00e3o dos corpos das v\u00edtimas da queda do avi\u00e3o da empresa a\u00e9rea Voepass (antiga Passaredo) disseram ainda ser cedo para falar em prazos para a conclus\u00e3o dos trabalhos. \u201cAinda n\u00e3o h\u00e1 previs\u00e3o de t\u00e9rmino dos trabalhos\u201d, disse, hoje [&hellip;]<\/p>\n","protected":false},"author":4,"featured_media":25035,"comment_status":"open","ping_status":"open","sticky":false,"template":"","format":"standard","meta":{"footnotes":""},"categories":[24,1],"tags":[],"class_list":["post-25034","post","type-post","status-publish","format-standard","has-post-thumbnail","hentry","category-acidente","category-destaque-principal"],"yoast_head":"<!-- This site is optimized with the Yoast SEO plugin v27.2 - https:\/\/yoast.com\/product\/yoast-seo-wordpress\/ -->\n<title>Autoridades dizem ser cedo para falar sobre fim de trabalhos de busca - Miradouro Not\u00edcias<\/title>\n<meta name=\"robots\" content=\"index, follow, max-snippet:-1, max-image-preview:large, max-video-preview:-1\" \/>\n<link rel=\"canonical\" href=\"https:\/\/miradouronoticias.com\/site\/2024\/08\/11\/autoridades-dizem-ser-cedo-para-falar-sobre-fim-de-trabalhos-de-busca\/\" \/>\n<meta property=\"og:locale\" content=\"pt_BR\" \/>\n<meta property=\"og:type\" content=\"article\" \/>\n<meta property=\"og:title\" content=\"Autoridades dizem ser cedo para falar sobre fim de trabalhos de busca - Miradouro Not\u00edcias\" \/>\n<meta property=\"og:description\" content=\"Representantes dos \u00f3rg\u00e3os federais e do estado de S\u00e3o Paulo que participam dos trabalhos de retirada e identifica\u00e7\u00e3o dos corpos das v\u00edtimas da queda do avi\u00e3o da empresa a\u00e9rea Voepass (antiga Passaredo) disseram ainda ser cedo para falar em prazos para a conclus\u00e3o dos trabalhos. \u201cAinda n\u00e3o h\u00e1 previs\u00e3o de t\u00e9rmino dos trabalhos\u201d, disse, hoje [&hellip;]\" \/>\n<meta property=\"og:url\" content=\"https:\/\/miradouronoticias.com\/site\/2024\/08\/11\/autoridades-dizem-ser-cedo-para-falar-sobre-fim-de-trabalhos-de-busca\/\" \/>\n<meta property=\"og:site_name\" content=\"Miradouro Not\u00edcias\" \/>\n<meta property=\"article:published_time\" content=\"2024-08-11T12:43:20+00:00\" \/>\n<meta property=\"og:image\" content=\"https:\/\/miradouronoticias.com\/site\/wp-content\/uploads\/2024\/08\/pin2294.jpg\" \/>\n\t<meta property=\"og:image:width\" content=\"1170\" \/>\n\t<meta property=\"og:image:height\" content=\"700\" \/>\n\t<meta property=\"og:image:type\" content=\"image\/jpeg\" \/>\n<meta name=\"author\" content=\"Cl\u00e1udia Olyver\" \/>\n<meta name=\"twitter:card\" content=\"summary_large_image\" \/>\n<meta name=\"twitter:label1\" content=\"Escrito por\" \/>\n\t<meta name=\"twitter:data1\" content=\"Cl\u00e1udia Olyver\" \/>\n\t<meta name=\"twitter:label2\" content=\"Est. tempo de leitura\" \/>\n\t<meta name=\"twitter:data2\" content=\"4 minutos\" \/>\n<script type=\"application\/ld+json\" class=\"yoast-schema-graph\">{\"@context\":\"https:\/\/schema.org\",\"@graph\":[{\"@type\":\"Article\",\"@id\":\"https:\/\/miradouronoticias.com\/site\/2024\/08\/11\/autoridades-dizem-ser-cedo-para-falar-sobre-fim-de-trabalhos-de-busca\/#article\",\"isPartOf\":{\"@id\":\"https:\/\/miradouronoticias.com\/site\/2024\/08\/11\/autoridades-dizem-ser-cedo-para-falar-sobre-fim-de-trabalhos-de-busca\/\"},\"author\":{\"name\":\"Cl\u00e1udia Olyver\",\"@id\":\"https:\/\/miradouronoticias.com\/site\/#\/schema\/person\/73440d8c82222950df86f3e1a16aad3b\"},\"headline\":\"Autoridades dizem ser cedo para falar sobre fim de trabalhos de busca\",\"datePublished\":\"2024-08-11T12:43:20+00:00\",\"mainEntityOfPage\":{\"@id\":\"https:\/\/miradouronoticias.com\/site\/2024\/08\/11\/autoridades-dizem-ser-cedo-para-falar-sobre-fim-de-trabalhos-de-busca\/\"},\"wordCount\":508,\"commentCount\":0,\"publisher\":{\"@id\":\"https:\/\/miradouronoticias.com\/site\/#organization\"},\"image\":{\"@id\":\"https:\/\/miradouronoticias.com\/site\/2024\/08\/11\/autoridades-dizem-ser-cedo-para-falar-sobre-fim-de-trabalhos-de-busca\/#primaryimage\"},\"thumbnailUrl\":\"https:\/\/miradouronoticias.com\/site\/wp-content\/uploads\/2024\/08\/pin2294.jpg\",\"articleSection\":[\"Acidente\",\"Destaque Principal\"],\"inLanguage\":\"pt-BR\",\"potentialAction\":[{\"@type\":\"CommentAction\",\"name\":\"Comment\",\"target\":[\"https:\/\/miradouronoticias.com\/site\/2024\/08\/11\/autoridades-dizem-ser-cedo-para-falar-sobre-fim-de-trabalhos-de-busca\/#respond\"]}]},{\"@type\":\"WebPage\",\"@id\":\"https:\/\/miradouronoticias.com\/site\/2024\/08\/11\/autoridades-dizem-ser-cedo-para-falar-sobre-fim-de-trabalhos-de-busca\/\",\"url\":\"https:\/\/miradouronoticias.com\/site\/2024\/08\/11\/autoridades-dizem-ser-cedo-para-falar-sobre-fim-de-trabalhos-de-busca\/\",\"name\":\"Autoridades dizem ser cedo para falar sobre fim de trabalhos de busca - Miradouro Not\u00edcias\",\"isPartOf\":{\"@id\":\"https:\/\/miradouronoticias.com\/site\/#website\"},\"primaryImageOfPage\":{\"@id\":\"https:\/\/miradouronoticias.com\/site\/2024\/08\/11\/autoridades-dizem-ser-cedo-para-falar-sobre-fim-de-trabalhos-de-busca\/#primaryimage\"},\"image\":{\"@id\":\"https:\/\/miradouronoticias.com\/site\/2024\/08\/11\/autoridades-dizem-ser-cedo-para-falar-sobre-fim-de-trabalhos-de-busca\/#primaryimage\"},\"thumbnailUrl\":\"https:\/\/miradouronoticias.com\/site\/wp-content\/uploads\/2024\/08\/pin2294.jpg\",\"datePublished\":\"2024-08-11T12:43:20+00:00\",\"breadcrumb\":{\"@id\":\"https:\/\/miradouronoticias.com\/site\/2024\/08\/11\/autoridades-dizem-ser-cedo-para-falar-sobre-fim-de-trabalhos-de-busca\/#breadcrumb\"},\"inLanguage\":\"pt-BR\",\"potentialAction\":[{\"@type\":\"ReadAction\",\"target\":[\"https:\/\/miradouronoticias.com\/site\/2024\/08\/11\/autoridades-dizem-ser-cedo-para-falar-sobre-fim-de-trabalhos-de-busca\/\"]}]},{\"@type\":\"ImageObject\",\"inLanguage\":\"pt-BR\",\"@id\":\"https:\/\/miradouronoticias.com\/site\/2024\/08\/11\/autoridades-dizem-ser-cedo-para-falar-sobre-fim-de-trabalhos-de-busca\/#primaryimage\",\"url\":\"https:\/\/miradouronoticias.com\/site\/wp-content\/uploads\/2024\/08\/pin2294.jpg\",\"contentUrl\":\"https:\/\/miradouronoticias.com\/site\/wp-content\/uploads\/2024\/08\/pin2294.jpg\",\"width\":1170,\"height\":700},{\"@type\":\"BreadcrumbList\",\"@id\":\"https:\/\/miradouronoticias.com\/site\/2024\/08\/11\/autoridades-dizem-ser-cedo-para-falar-sobre-fim-de-trabalhos-de-busca\/#breadcrumb\",\"itemListElement\":[{\"@type\":\"ListItem\",\"position\":1,\"name\":\"In\u00edcio\",\"item\":\"https:\/\/miradouronoticias.com\/site\/\"},{\"@type\":\"ListItem\",\"position\":2,\"name\":\"Autoridades dizem ser cedo para falar sobre fim de trabalhos de busca\"}]},{\"@type\":\"WebSite\",\"@id\":\"https:\/\/miradouronoticias.com\/site\/#website\",\"url\":\"https:\/\/miradouronoticias.com\/site\/\",\"name\":\"Miradouro Not\u00edcias\",\"description\":\"Informa\u00e7\u00f5es da cidade e regi\u00e3o\",\"publisher\":{\"@id\":\"https:\/\/miradouronoticias.com\/site\/#organization\"},\"potentialAction\":[{\"@type\":\"SearchAction\",\"target\":{\"@type\":\"EntryPoint\",\"urlTemplate\":\"https:\/\/miradouronoticias.com\/site\/?s={search_term_string}\"},\"query-input\":{\"@type\":\"PropertyValueSpecification\",\"valueRequired\":true,\"valueName\":\"search_term_string\"}}],\"inLanguage\":\"pt-BR\"},{\"@type\":\"Organization\",\"@id\":\"https:\/\/miradouronoticias.com\/site\/#organization\",\"name\":\"Miradouro Not\u00edcias\",\"url\":\"https:\/\/miradouronoticias.com\/site\/\",\"logo\":{\"@type\":\"ImageObject\",\"inLanguage\":\"pt-BR\",\"@id\":\"https:\/\/miradouronoticias.com\/site\/#\/schema\/logo\/image\/\",\"url\":\"https:\/\/miradouronoticias.com\/site\/wp-content\/uploads\/2022\/01\/logomarcamiradouronoticias.png\",\"contentUrl\":\"https:\/\/miradouronoticias.com\/site\/wp-content\/uploads\/2022\/01\/logomarcamiradouronoticias.png\",\"width\":747,\"height\":263,\"caption\":\"Miradouro Not\u00edcias\"},\"image\":{\"@id\":\"https:\/\/miradouronoticias.com\/site\/#\/schema\/logo\/image\/\"}},{\"@type\":\"Person\",\"@id\":\"https:\/\/miradouronoticias.com\/site\/#\/schema\/person\/73440d8c82222950df86f3e1a16aad3b\",\"name\":\"Cl\u00e1udia Olyver\",\"sameAs\":[\"http:\/\/www.miradouronoticias.com\"],\"url\":\"https:\/\/miradouronoticias.com\/site\/author\/claudia\/\"}]}<\/script>\n<!-- \/ Yoast SEO plugin. -->","yoast_head_json":{"title":"Autoridades dizem ser cedo para falar sobre fim de trabalhos de busca - Miradouro Not\u00edcias","robots":{"index":"index","follow":"follow","max-snippet":"max-snippet:-1","max-image-preview":"max-image-preview:large","max-video-preview":"max-video-preview:-1"},"canonical":"https:\/\/miradouronoticias.com\/site\/2024\/08\/11\/autoridades-dizem-ser-cedo-para-falar-sobre-fim-de-trabalhos-de-busca\/","og_locale":"pt_BR","og_type":"article","og_title":"Autoridades dizem ser cedo para falar sobre fim de trabalhos de busca - Miradouro Not\u00edcias","og_description":"Representantes dos \u00f3rg\u00e3os federais e do estado de S\u00e3o Paulo que participam dos trabalhos de retirada e identifica\u00e7\u00e3o dos corpos das v\u00edtimas da queda do avi\u00e3o da empresa a\u00e9rea Voepass (antiga Passaredo) disseram ainda ser cedo para falar em prazos para a conclus\u00e3o dos trabalhos. \u201cAinda n\u00e3o h\u00e1 previs\u00e3o de t\u00e9rmino dos trabalhos\u201d, disse, hoje [&hellip;]","og_url":"https:\/\/miradouronoticias.com\/site\/2024\/08\/11\/autoridades-dizem-ser-cedo-para-falar-sobre-fim-de-trabalhos-de-busca\/","og_site_name":"Miradouro Not\u00edcias","article_published_time":"2024-08-11T12:43:20+00:00","og_image":[{"width":1170,"height":700,"url":"https:\/\/miradouronoticias.com\/site\/wp-content\/uploads\/2024\/08\/pin2294.jpg","type":"image\/jpeg"}],"author":"Cl\u00e1udia Olyver","twitter_card":"summary_large_image","twitter_misc":{"Escrito por":"Cl\u00e1udia Olyver","Est. tempo de leitura":"4 minutos"},"schema":{"@context":"https:\/\/schema.org","@graph":[{"@type":"Article","@id":"https:\/\/miradouronoticias.com\/site\/2024\/08\/11\/autoridades-dizem-ser-cedo-para-falar-sobre-fim-de-trabalhos-de-busca\/#article","isPartOf":{"@id":"https:\/\/miradouronoticias.com\/site\/2024\/08\/11\/autoridades-dizem-ser-cedo-para-falar-sobre-fim-de-trabalhos-de-busca\/"},"author":{"name":"Cl\u00e1udia Olyver","@id":"https:\/\/miradouronoticias.com\/site\/#\/schema\/person\/73440d8c82222950df86f3e1a16aad3b"},"headline":"Autoridades dizem ser cedo para falar sobre fim de trabalhos de busca","datePublished":"2024-08-11T12:43:20+00:00","mainEntityOfPage":{"@id":"https:\/\/miradouronoticias.com\/site\/2024\/08\/11\/autoridades-dizem-ser-cedo-para-falar-sobre-fim-de-trabalhos-de-busca\/"},"wordCount":508,"commentCount":0,"publisher":{"@id":"https:\/\/miradouronoticias.com\/site\/#organization"},"image":{"@id":"https:\/\/miradouronoticias.com\/site\/2024\/08\/11\/autoridades-dizem-ser-cedo-para-falar-sobre-fim-de-trabalhos-de-busca\/#primaryimage"},"thumbnailUrl":"https:\/\/miradouronoticias.com\/site\/wp-content\/uploads\/2024\/08\/pin2294.jpg","articleSection":["Acidente","Destaque Principal"],"inLanguage":"pt-BR","potentialAction":[{"@type":"CommentAction","name":"Comment","target":["https:\/\/miradouronoticias.com\/site\/2024\/08\/11\/autoridades-dizem-ser-cedo-para-falar-sobre-fim-de-trabalhos-de-busca\/#respond"]}]},{"@type":"WebPage","@id":"https:\/\/miradouronoticias.com\/site\/2024\/08\/11\/autoridades-dizem-ser-cedo-para-falar-sobre-fim-de-trabalhos-de-busca\/","url":"https:\/\/miradouronoticias.com\/site\/2024\/08\/11\/autoridades-dizem-ser-cedo-para-falar-sobre-fim-de-trabalhos-de-busca\/","name":"Autoridades dizem ser cedo para falar sobre fim de trabalhos de busca - Miradouro Not\u00edcias","isPartOf":{"@id":"https:\/\/miradouronoticias.com\/site\/#website"},"primaryImageOfPage":{"@id":"https:\/\/miradouronoticias.com\/site\/2024\/08\/11\/autoridades-dizem-ser-cedo-para-falar-sobre-fim-de-trabalhos-de-busca\/#primaryimage"},"image":{"@id":"https:\/\/miradouronoticias.com\/site\/2024\/08\/11\/autoridades-dizem-ser-cedo-para-falar-sobre-fim-de-trabalhos-de-busca\/#primaryimage"},"thumbnailUrl":"https:\/\/miradouronoticias.com\/site\/wp-content\/uploads\/2024\/08\/pin2294.jpg","datePublished":"2024-08-11T12:43:20+00:00","breadcrumb":{"@id":"https:\/\/miradouronoticias.com\/site\/2024\/08\/11\/autoridades-dizem-ser-cedo-para-falar-sobre-fim-de-trabalhos-de-busca\/#breadcrumb"},"inLanguage":"pt-BR","potentialAction":[{"@type":"ReadAction","target":["https:\/\/miradouronoticias.com\/site\/2024\/08\/11\/autoridades-dizem-ser-cedo-para-falar-sobre-fim-de-trabalhos-de-busca\/"]}]},{"@type":"ImageObject","inLanguage":"pt-BR","@id":"https:\/\/miradouronoticias.com\/site\/2024\/08\/11\/autoridades-dizem-ser-cedo-para-falar-sobre-fim-de-trabalhos-de-busca\/#primaryimage","url":"https:\/\/miradouronoticias.com\/site\/wp-content\/uploads\/2024\/08\/pin2294.jpg","contentUrl":"https:\/\/miradouronoticias.com\/site\/wp-content\/uploads\/2024\/08\/pin2294.jpg","width":1170,"height":700},{"@type":"BreadcrumbList","@id":"https:\/\/miradouronoticias.com\/site\/2024\/08\/11\/autoridades-dizem-ser-cedo-para-falar-sobre-fim-de-trabalhos-de-busca\/#breadcrumb","itemListElement":[{"@type":"ListItem","position":1,"name":"In\u00edcio","item":"https:\/\/miradouronoticias.com\/site\/"},{"@type":"ListItem","position":2,"name":"Autoridades dizem ser cedo para falar sobre fim de trabalhos de busca"}]},{"@type":"WebSite","@id":"https:\/\/miradouronoticias.com\/site\/#website","url":"https:\/\/miradouronoticias.com\/site\/","name":"Miradouro Not\u00edcias","description":"Informa\u00e7\u00f5es da cidade e regi\u00e3o","publisher":{"@id":"https:\/\/miradouronoticias.com\/site\/#organization"},"potentialAction":[{"@type":"SearchAction","target":{"@type":"EntryPoint","urlTemplate":"https:\/\/miradouronoticias.com\/site\/?s={search_term_string}"},"query-input":{"@type":"PropertyValueSpecification","valueRequired":true,"valueName":"search_term_string"}}],"inLanguage":"pt-BR"},{"@type":"Organization","@id":"https:\/\/miradouronoticias.com\/site\/#organization","name":"Miradouro Not\u00edcias","url":"https:\/\/miradouronoticias.com\/site\/","logo":{"@type":"ImageObject","inLanguage":"pt-BR","@id":"https:\/\/miradouronoticias.com\/site\/#\/schema\/logo\/image\/","url":"https:\/\/miradouronoticias.com\/site\/wp-content\/uploads\/2022\/01\/logomarcamiradouronoticias.png","contentUrl":"https:\/\/miradouronoticias.com\/site\/wp-content\/uploads\/2022\/01\/logomarcamiradouronoticias.png","width":747,"height":263,"caption":"Miradouro Not\u00edcias"},"image":{"@id":"https:\/\/miradouronoticias.com\/site\/#\/schema\/logo\/image\/"}},{"@type":"Person","@id":"https:\/\/miradouronoticias.com\/site\/#\/schema\/person\/73440d8c82222950df86f3e1a16aad3b","name":"Cl\u00e1udia Olyver","sameAs":["http:\/\/www.miradouronoticias.com"],"url":"https:\/\/miradouronoticias.com\/site\/author\/claudia\/"}]}},"_links":{"self":[{"href":"https:\/\/miradouronoticias.com\/site\/wp-json\/wp\/v2\/posts\/25034","targetHints":{"allow":["GET"]}}],"collection":[{"href":"https:\/\/miradouronoticias.com\/site\/wp-json\/wp\/v2\/posts"}],"about":[{"href":"https:\/\/miradouronoticias.com\/site\/wp-json\/wp\/v2\/types\/post"}],"author":[{"embeddable":true,"href":"https:\/\/miradouronoticias.com\/site\/wp-json\/wp\/v2\/users\/4"}],"replies":[{"embeddable":true,"href":"https:\/\/miradouronoticias.com\/site\/wp-json\/wp\/v2\/comments?post=25034"}],"version-history":[{"count":1,"href":"https:\/\/miradouronoticias.com\/site\/wp-json\/wp\/v2\/posts\/25034\/revisions"}],"predecessor-version":[{"id":25036,"href":"https:\/\/miradouronoticias.com\/site\/wp-json\/wp\/v2\/posts\/25034\/revisions\/25036"}],"wp:featuredmedia":[{"embeddable":true,"href":"https:\/\/miradouronoticias.com\/site\/wp-json\/wp\/v2\/media\/25035"}],"wp:attachment":[{"href":"https:\/\/miradouronoticias.com\/site\/wp-json\/wp\/v2\/media?parent=25034"}],"wp:term":[{"taxonomy":"category","embeddable":true,"href":"https:\/\/miradouronoticias.com\/site\/wp-json\/wp\/v2\/categories?post=25034"},{"taxonomy":"post_tag","embeddable":true,"href":"https:\/\/miradouronoticias.com\/site\/wp-json\/wp\/v2\/tags?post=25034"}],"curies":[{"name":"wp","href":"https:\/\/api.w.org\/{rel}","templated":true}]}}