{"id":25024,"date":"2024-08-10T09:12:36","date_gmt":"2024-08-10T12:12:36","guid":{"rendered":"https:\/\/miradouronoticias.com\/site\/?p=25024"},"modified":"2024-08-10T09:15:12","modified_gmt":"2024-08-10T12:15:12","slug":"confira-lista-com-os-nomes-das-61-pessoas-a-bordo-do-voo-da-voepass","status":"publish","type":"post","link":"https:\/\/miradouronoticias.com\/site\/2024\/08\/10\/confira-lista-com-os-nomes-das-61-pessoas-a-bordo-do-voo-da-voepass\/","title":{"rendered":"Confira lista com os nomes das 61 pessoas a bordo do voo da Voepass"},"content":{"rendered":"<p>&nbsp;<\/p>\n<header class=\"header-static navbar-sticky navbar-light navbar-sticky-on\">\n<nav class=\"navbar\">\n<div class=\"container nav-item dropdown megamenu\">\n<div class=\"navbar-nav\"><\/div>\n<\/div>\n<\/nav>\n<\/header>\n<div class=\"sticky-space\"><\/div>\n<div class=\"container\"><\/div>\n<div class=\"region region-content\">\n<article class=\"container\">\n<div class=\"row\">\n<div class=\"col-lg-12 mb-3\">\n<div class=\"post-image\"><a href=\"https:\/\/agenciabrasil.ebc.com.br\/geral\/noticia\/2024-08\/confira-lista-com-o-nome-das-61-pessoas-bordo-do-voo-da-voepass#\"><img decoding=\"async\" id=\"media-395468\" class=\"rounded-lg shadow-sm w-100\" title=\"Arte EBC\" src=\"https:\/\/imagens.ebc.com.br\/J5yhsUFZS-cAKEvduX9BrBx6aRM=\/1170x700\/smart\/https:\/\/agenciabrasil.ebc.com.br\/sites\/default\/files\/thumbnails\/image\/2024\/08\/09\/aviao.jpg?itok=MohtsuUj\" alt=\"Bras\u00edlia (DF) 09\/08\/2024 - Avi\u00e3o da Voepass com 58 passageiros e 4 tripulantes cai em Vinhedo Bombeiros de S\u00e3o Paulo, da Defesa Civil e PM est\u00e3o no local. Arte EBC\" \/><\/a><\/div>\n<\/div>\n<div class=\"col-lg-12 mb-3\">\n<div class=\"row\">\n<div id=\"tts-container\" class=\"col-xl-7 offset-xl-1 col-lg-8 offset-lg-0 col-md-10 offset-md-1 mb-3\"><\/div>\n<\/div>\n<\/div>\n<div class=\"col-xl-7 offset-xl-1 col-lg-8 offset-lg-0 col-md-10 offset-md-1 mb-3\">\n<div class=\"post-item alt-font\">\n<div class=\"post-item-wrap\">\n<p>A Voepass Linhas A\u00e9reas acaba de divulgar \u00e0 imprensa a lista contendo os nomes dos passageiros que estavam no voo 2283, operado pela aeronave ATR-72, de Cascavel (PR) \u00e0 Guarulhos (SP), que\u00a0<a href=\"https:\/\/agenciabrasil.ebc.com.br\/geral\/noticia\/2024-08\/pf-abre-investigacao-para-apurar-queda-de-aviao-em-sp\" target=\"_blank\" rel=\"noopener\">caiu no in\u00edcio da tarde<\/a>\u00a0desta sexta-feira (9). A morte de 57 passageiros e de 4 tripulantes foi confirmada. A informa\u00e7\u00e3o corrige o n\u00famero de\u00a058 passageiros divulgado anteriormente.<img decoding=\"async\" src=\"https:\/\/agenciabrasil.ebc.com.br\/ebc.png?id=1607299&amp;o=node\" \/><img decoding=\"async\" src=\"https:\/\/agenciabrasil.ebc.com.br\/ebc.gif?id=1607299&amp;o=node\" \/><\/p>\n<p>A Voepass est\u00e1 prestando informa\u00e7\u00f5es \u00e0s fam\u00edlias pelo\u00a0n\u00famero\u00a00800 9419712.<\/p>\n<h2>Passageiros do voo\u00a02283:<\/h2>\n<p>ROSANGELA SOUZA<\/p>\n<p>ELIANE ANDRADE FREIRE<\/p>\n<p>LUCIANI CAVALCANTI<\/p>\n<p>JOSE FER<\/p>\n<p>DENILDA ACORDI<\/p>\n<p>MARIA AUXILIADORA VAZ DE ARRUDA<\/p>\n<p>JOSE CLOVES ARRUDA<\/p>\n<p>NELVIO JOSE HUBNER<\/p>\n<p>GRACINDA MARINA CASTELO DA SILVA<\/p>\n<p>RONALDO CAVALIERE<\/p>\n<p>SILVIA CRISTINA OSAKI<\/p>\n<p>WLISSES OLIVEIRA<\/p>\n<p>HIALESCARPINE FODRA<\/p>\n<p>DANIELA SCHULZ FODRA<\/p>\n<p>REGICLAUDIO FREITAS<\/p>\n<p>SIMONE MIRIAN RIZENTAL<\/p>\n<p>JOSGLEIDYS GONZALEZ<\/p>\n<p>MARIA PARRA<\/p>\n<p>JOSLAN PEREZ<\/p>\n<p>MAURO BEDIN<\/p>\n<p>ROSANGELA MARIA DE OLIVEIRA<\/p>\n<p>ANTONIO DEOCLIDES ZINI JUNIOR<\/p>\n<p>KHARINE GAVLIK PESSOA ZINI<\/p>\n<p>MAURO SGUARIZI<\/p>\n<p>LEONARDO HENRIQUE DA SILVA<\/p>\n<p>MARIA VALDETE BARTNIK<\/p>\n<p>RENATO BARTNIK<\/p>\n<p>HADASSA MARIA DA SILVA<\/p>\n<p>RAPHAEL BOHNE<\/p>\n<p>RENATO LIMA<\/p>\n<p>RAFAEL ALVES<\/p>\n<p>LUCAS FELIPE COSTA CAMARGO<\/p>\n<p>ADRIELLE COSTA<\/p>\n<p>LAIANA VASATTA<\/p>\n<p>ANA CAROLINE REDIVO<\/p>\n<p>JOSECARLOS COPETTI<\/p>\n<p>ANDRE MICHEL<\/p>\n<p>SARAH SELLALANGER<\/p>\n<p>EDILSON HOBOLD<\/p>\n<p>RAFAEL FERNANDO DOS SANTOS<\/p>\n<p>LIZIBBA DOS SANTOS<\/p>\n<p>PAULO ALVES<\/p>\n<p>PEDRO GUSSON DO NASCIMENTO<\/p>\n<p>ROSANA SANTOS XAVIER<\/p>\n<p>THIAGO ALMEIDA PAULA<\/p>\n<p>ADRIANA SANTOS<\/p>\n<p>DEONIR SECCO<\/p>\n<p>ALIPIO SANTOS NETO<\/p>\n<p>RAQUEL RIBEIRO MOREIRA<\/p>\n<p>ADRIANO DA LUCA BUENO<\/p>\n<p>MIGUEL ARCANJO RODRIDUES JUNIOR<\/p>\n<p>DIOGO AVILA<\/p>\n<p>LUCIANO TRINDADE ALVES<\/p>\n<p>ISABELLA SANTANA POZZUOLI<\/p>\n<p>TIAGO AZEVEDO<\/p>\n<p>MARIANA BELIM<\/p>\n<p>ARIANNE RISSO<\/p>\n<h2>Tripulantes do voo\u00a02283:<\/h2>\n<p>EBORA SOPER AVILA<\/p>\n<p>RUBIA SILVA DE LIMA<\/p>\n<p>HUMBERTO DE CAMPOS ALENCAR E SILVA<\/p>\n<p>DANILO SANTOS ROMANO<\/p>\n<p>By: miradouronoticias.com.br\/ ag\u00eancia brasil<\/p>\n<\/div>\n<\/div>\n<\/div>\n<\/div>\n<\/article>\n<\/div>\n","protected":false},"excerpt":{"rendered":"<p>&nbsp; A Voepass Linhas A\u00e9reas acaba de divulgar \u00e0 imprensa a lista contendo os nomes dos passageiros que estavam no voo 2283, operado pela aeronave ATR-72, de Cascavel (PR) \u00e0 Guarulhos (SP), que\u00a0caiu no in\u00edcio da tarde\u00a0desta sexta-feira (9). A morte de 57 passageiros e de 4 tripulantes foi confirmada. A informa\u00e7\u00e3o corrige o n\u00famero [&hellip;]<\/p>\n","protected":false},"author":4,"featured_media":25025,"comment_status":"open","ping_status":"open","sticky":false,"template":"","format":"standard","meta":{"footnotes":""},"categories":[24,2],"tags":[],"class_list":["post-25024","post","type-post","status-publish","format-standard","has-post-thumbnail","hentry","category-acidente","category-mundo"],"yoast_head":"<!-- This site is optimized with the Yoast SEO plugin v27.2 - https:\/\/yoast.com\/product\/yoast-seo-wordpress\/ -->\n<title>Confira lista com os nomes das 61 pessoas a bordo do voo da Voepass - Miradouro Not\u00edcias<\/title>\n<meta name=\"robots\" content=\"index, follow, max-snippet:-1, max-image-preview:large, max-video-preview:-1\" \/>\n<link rel=\"canonical\" href=\"https:\/\/miradouronoticias.com\/site\/2024\/08\/10\/confira-lista-com-os-nomes-das-61-pessoas-a-bordo-do-voo-da-voepass\/\" \/>\n<meta property=\"og:locale\" content=\"pt_BR\" \/>\n<meta property=\"og:type\" content=\"article\" \/>\n<meta property=\"og:title\" content=\"Confira lista com os nomes das 61 pessoas a bordo do voo da Voepass - Miradouro Not\u00edcias\" \/>\n<meta property=\"og:description\" content=\"&nbsp; A Voepass Linhas A\u00e9reas acaba de divulgar \u00e0 imprensa a lista contendo os nomes dos passageiros que estavam no voo 2283, operado pela aeronave ATR-72, de Cascavel (PR) \u00e0 Guarulhos (SP), que\u00a0caiu no in\u00edcio da tarde\u00a0desta sexta-feira (9). A morte de 57 passageiros e de 4 tripulantes foi confirmada. A informa\u00e7\u00e3o corrige o n\u00famero [&hellip;]\" \/>\n<meta property=\"og:url\" content=\"https:\/\/miradouronoticias.com\/site\/2024\/08\/10\/confira-lista-com-os-nomes-das-61-pessoas-a-bordo-do-voo-da-voepass\/\" \/>\n<meta property=\"og:site_name\" content=\"Miradouro Not\u00edcias\" \/>\n<meta property=\"article:published_time\" content=\"2024-08-10T12:12:36+00:00\" \/>\n<meta property=\"article:modified_time\" content=\"2024-08-10T12:15:12+00:00\" \/>\n<meta property=\"og:image\" content=\"https:\/\/miradouronoticias.com\/site\/wp-content\/uploads\/2024\/08\/aviao.webp\" \/>\n\t<meta property=\"og:image:width\" content=\"1170\" \/>\n\t<meta property=\"og:image:height\" content=\"700\" \/>\n\t<meta property=\"og:image:type\" content=\"image\/webp\" \/>\n<meta name=\"author\" content=\"Cl\u00e1udia Olyver\" \/>\n<meta name=\"twitter:card\" content=\"summary_large_image\" \/>\n<meta name=\"twitter:label1\" content=\"Escrito por\" \/>\n\t<meta name=\"twitter:data1\" content=\"Cl\u00e1udia Olyver\" \/>\n\t<meta name=\"twitter:label2\" content=\"Est. tempo de leitura\" \/>\n\t<meta name=\"twitter:data2\" content=\"3 minutos\" \/>\n<script type=\"application\/ld+json\" class=\"yoast-schema-graph\">{\"@context\":\"https:\/\/schema.org\",\"@graph\":[{\"@type\":\"Article\",\"@id\":\"https:\/\/miradouronoticias.com\/site\/2024\/08\/10\/confira-lista-com-os-nomes-das-61-pessoas-a-bordo-do-voo-da-voepass\/#article\",\"isPartOf\":{\"@id\":\"https:\/\/miradouronoticias.com\/site\/2024\/08\/10\/confira-lista-com-os-nomes-das-61-pessoas-a-bordo-do-voo-da-voepass\/\"},\"author\":{\"name\":\"Cl\u00e1udia Olyver\",\"@id\":\"https:\/\/miradouronoticias.com\/site\/#\/schema\/person\/73440d8c82222950df86f3e1a16aad3b\"},\"headline\":\"Confira lista com os nomes das 61 pessoas a bordo do voo da Voepass\",\"datePublished\":\"2024-08-10T12:12:36+00:00\",\"dateModified\":\"2024-08-10T12:15:12+00:00\",\"mainEntityOfPage\":{\"@id\":\"https:\/\/miradouronoticias.com\/site\/2024\/08\/10\/confira-lista-com-os-nomes-das-61-pessoas-a-bordo-do-voo-da-voepass\/\"},\"wordCount\":268,\"commentCount\":0,\"publisher\":{\"@id\":\"https:\/\/miradouronoticias.com\/site\/#organization\"},\"image\":{\"@id\":\"https:\/\/miradouronoticias.com\/site\/2024\/08\/10\/confira-lista-com-os-nomes-das-61-pessoas-a-bordo-do-voo-da-voepass\/#primaryimage\"},\"thumbnailUrl\":\"https:\/\/miradouronoticias.com\/site\/wp-content\/uploads\/2024\/08\/aviao.webp\",\"articleSection\":[\"Acidente\",\"Brasil \/ Mundo\"],\"inLanguage\":\"pt-BR\",\"potentialAction\":[{\"@type\":\"CommentAction\",\"name\":\"Comment\",\"target\":[\"https:\/\/miradouronoticias.com\/site\/2024\/08\/10\/confira-lista-com-os-nomes-das-61-pessoas-a-bordo-do-voo-da-voepass\/#respond\"]}]},{\"@type\":\"WebPage\",\"@id\":\"https:\/\/miradouronoticias.com\/site\/2024\/08\/10\/confira-lista-com-os-nomes-das-61-pessoas-a-bordo-do-voo-da-voepass\/\",\"url\":\"https:\/\/miradouronoticias.com\/site\/2024\/08\/10\/confira-lista-com-os-nomes-das-61-pessoas-a-bordo-do-voo-da-voepass\/\",\"name\":\"Confira lista com os nomes das 61 pessoas a bordo do voo da Voepass - Miradouro Not\u00edcias\",\"isPartOf\":{\"@id\":\"https:\/\/miradouronoticias.com\/site\/#website\"},\"primaryImageOfPage\":{\"@id\":\"https:\/\/miradouronoticias.com\/site\/2024\/08\/10\/confira-lista-com-os-nomes-das-61-pessoas-a-bordo-do-voo-da-voepass\/#primaryimage\"},\"image\":{\"@id\":\"https:\/\/miradouronoticias.com\/site\/2024\/08\/10\/confira-lista-com-os-nomes-das-61-pessoas-a-bordo-do-voo-da-voepass\/#primaryimage\"},\"thumbnailUrl\":\"https:\/\/miradouronoticias.com\/site\/wp-content\/uploads\/2024\/08\/aviao.webp\",\"datePublished\":\"2024-08-10T12:12:36+00:00\",\"dateModified\":\"2024-08-10T12:15:12+00:00\",\"breadcrumb\":{\"@id\":\"https:\/\/miradouronoticias.com\/site\/2024\/08\/10\/confira-lista-com-os-nomes-das-61-pessoas-a-bordo-do-voo-da-voepass\/#breadcrumb\"},\"inLanguage\":\"pt-BR\",\"potentialAction\":[{\"@type\":\"ReadAction\",\"target\":[\"https:\/\/miradouronoticias.com\/site\/2024\/08\/10\/confira-lista-com-os-nomes-das-61-pessoas-a-bordo-do-voo-da-voepass\/\"]}]},{\"@type\":\"ImageObject\",\"inLanguage\":\"pt-BR\",\"@id\":\"https:\/\/miradouronoticias.com\/site\/2024\/08\/10\/confira-lista-com-os-nomes-das-61-pessoas-a-bordo-do-voo-da-voepass\/#primaryimage\",\"url\":\"https:\/\/miradouronoticias.com\/site\/wp-content\/uploads\/2024\/08\/aviao.webp\",\"contentUrl\":\"https:\/\/miradouronoticias.com\/site\/wp-content\/uploads\/2024\/08\/aviao.webp\",\"width\":1170,\"height\":700},{\"@type\":\"BreadcrumbList\",\"@id\":\"https:\/\/miradouronoticias.com\/site\/2024\/08\/10\/confira-lista-com-os-nomes-das-61-pessoas-a-bordo-do-voo-da-voepass\/#breadcrumb\",\"itemListElement\":[{\"@type\":\"ListItem\",\"position\":1,\"name\":\"In\u00edcio\",\"item\":\"https:\/\/miradouronoticias.com\/site\/\"},{\"@type\":\"ListItem\",\"position\":2,\"name\":\"Confira lista com os nomes das 61 pessoas a bordo do voo da Voepass\"}]},{\"@type\":\"WebSite\",\"@id\":\"https:\/\/miradouronoticias.com\/site\/#website\",\"url\":\"https:\/\/miradouronoticias.com\/site\/\",\"name\":\"Miradouro Not\u00edcias\",\"description\":\"Informa\u00e7\u00f5es da cidade e regi\u00e3o\",\"publisher\":{\"@id\":\"https:\/\/miradouronoticias.com\/site\/#organization\"},\"potentialAction\":[{\"@type\":\"SearchAction\",\"target\":{\"@type\":\"EntryPoint\",\"urlTemplate\":\"https:\/\/miradouronoticias.com\/site\/?s={search_term_string}\"},\"query-input\":{\"@type\":\"PropertyValueSpecification\",\"valueRequired\":true,\"valueName\":\"search_term_string\"}}],\"inLanguage\":\"pt-BR\"},{\"@type\":\"Organization\",\"@id\":\"https:\/\/miradouronoticias.com\/site\/#organization\",\"name\":\"Miradouro Not\u00edcias\",\"url\":\"https:\/\/miradouronoticias.com\/site\/\",\"logo\":{\"@type\":\"ImageObject\",\"inLanguage\":\"pt-BR\",\"@id\":\"https:\/\/miradouronoticias.com\/site\/#\/schema\/logo\/image\/\",\"url\":\"https:\/\/miradouronoticias.com\/site\/wp-content\/uploads\/2022\/01\/logomarcamiradouronoticias.png\",\"contentUrl\":\"https:\/\/miradouronoticias.com\/site\/wp-content\/uploads\/2022\/01\/logomarcamiradouronoticias.png\",\"width\":747,\"height\":263,\"caption\":\"Miradouro Not\u00edcias\"},\"image\":{\"@id\":\"https:\/\/miradouronoticias.com\/site\/#\/schema\/logo\/image\/\"}},{\"@type\":\"Person\",\"@id\":\"https:\/\/miradouronoticias.com\/site\/#\/schema\/person\/73440d8c82222950df86f3e1a16aad3b\",\"name\":\"Cl\u00e1udia Olyver\",\"sameAs\":[\"http:\/\/www.miradouronoticias.com\"],\"url\":\"https:\/\/miradouronoticias.com\/site\/author\/claudia\/\"}]}<\/script>\n<!-- \/ Yoast SEO plugin. -->","yoast_head_json":{"title":"Confira lista com os nomes das 61 pessoas a bordo do voo da Voepass - Miradouro Not\u00edcias","robots":{"index":"index","follow":"follow","max-snippet":"max-snippet:-1","max-image-preview":"max-image-preview:large","max-video-preview":"max-video-preview:-1"},"canonical":"https:\/\/miradouronoticias.com\/site\/2024\/08\/10\/confira-lista-com-os-nomes-das-61-pessoas-a-bordo-do-voo-da-voepass\/","og_locale":"pt_BR","og_type":"article","og_title":"Confira lista com os nomes das 61 pessoas a bordo do voo da Voepass - Miradouro Not\u00edcias","og_description":"&nbsp; A Voepass Linhas A\u00e9reas acaba de divulgar \u00e0 imprensa a lista contendo os nomes dos passageiros que estavam no voo 2283, operado pela aeronave ATR-72, de Cascavel (PR) \u00e0 Guarulhos (SP), que\u00a0caiu no in\u00edcio da tarde\u00a0desta sexta-feira (9). A morte de 57 passageiros e de 4 tripulantes foi confirmada. A informa\u00e7\u00e3o corrige o n\u00famero [&hellip;]","og_url":"https:\/\/miradouronoticias.com\/site\/2024\/08\/10\/confira-lista-com-os-nomes-das-61-pessoas-a-bordo-do-voo-da-voepass\/","og_site_name":"Miradouro Not\u00edcias","article_published_time":"2024-08-10T12:12:36+00:00","article_modified_time":"2024-08-10T12:15:12+00:00","og_image":[{"width":1170,"height":700,"url":"https:\/\/miradouronoticias.com\/site\/wp-content\/uploads\/2024\/08\/aviao.webp","type":"image\/webp"}],"author":"Cl\u00e1udia Olyver","twitter_card":"summary_large_image","twitter_misc":{"Escrito por":"Cl\u00e1udia Olyver","Est. tempo de leitura":"3 minutos"},"schema":{"@context":"https:\/\/schema.org","@graph":[{"@type":"Article","@id":"https:\/\/miradouronoticias.com\/site\/2024\/08\/10\/confira-lista-com-os-nomes-das-61-pessoas-a-bordo-do-voo-da-voepass\/#article","isPartOf":{"@id":"https:\/\/miradouronoticias.com\/site\/2024\/08\/10\/confira-lista-com-os-nomes-das-61-pessoas-a-bordo-do-voo-da-voepass\/"},"author":{"name":"Cl\u00e1udia Olyver","@id":"https:\/\/miradouronoticias.com\/site\/#\/schema\/person\/73440d8c82222950df86f3e1a16aad3b"},"headline":"Confira lista com os nomes das 61 pessoas a bordo do voo da Voepass","datePublished":"2024-08-10T12:12:36+00:00","dateModified":"2024-08-10T12:15:12+00:00","mainEntityOfPage":{"@id":"https:\/\/miradouronoticias.com\/site\/2024\/08\/10\/confira-lista-com-os-nomes-das-61-pessoas-a-bordo-do-voo-da-voepass\/"},"wordCount":268,"commentCount":0,"publisher":{"@id":"https:\/\/miradouronoticias.com\/site\/#organization"},"image":{"@id":"https:\/\/miradouronoticias.com\/site\/2024\/08\/10\/confira-lista-com-os-nomes-das-61-pessoas-a-bordo-do-voo-da-voepass\/#primaryimage"},"thumbnailUrl":"https:\/\/miradouronoticias.com\/site\/wp-content\/uploads\/2024\/08\/aviao.webp","articleSection":["Acidente","Brasil \/ Mundo"],"inLanguage":"pt-BR","potentialAction":[{"@type":"CommentAction","name":"Comment","target":["https:\/\/miradouronoticias.com\/site\/2024\/08\/10\/confira-lista-com-os-nomes-das-61-pessoas-a-bordo-do-voo-da-voepass\/#respond"]}]},{"@type":"WebPage","@id":"https:\/\/miradouronoticias.com\/site\/2024\/08\/10\/confira-lista-com-os-nomes-das-61-pessoas-a-bordo-do-voo-da-voepass\/","url":"https:\/\/miradouronoticias.com\/site\/2024\/08\/10\/confira-lista-com-os-nomes-das-61-pessoas-a-bordo-do-voo-da-voepass\/","name":"Confira lista com os nomes das 61 pessoas a bordo do voo da Voepass - Miradouro Not\u00edcias","isPartOf":{"@id":"https:\/\/miradouronoticias.com\/site\/#website"},"primaryImageOfPage":{"@id":"https:\/\/miradouronoticias.com\/site\/2024\/08\/10\/confira-lista-com-os-nomes-das-61-pessoas-a-bordo-do-voo-da-voepass\/#primaryimage"},"image":{"@id":"https:\/\/miradouronoticias.com\/site\/2024\/08\/10\/confira-lista-com-os-nomes-das-61-pessoas-a-bordo-do-voo-da-voepass\/#primaryimage"},"thumbnailUrl":"https:\/\/miradouronoticias.com\/site\/wp-content\/uploads\/2024\/08\/aviao.webp","datePublished":"2024-08-10T12:12:36+00:00","dateModified":"2024-08-10T12:15:12+00:00","breadcrumb":{"@id":"https:\/\/miradouronoticias.com\/site\/2024\/08\/10\/confira-lista-com-os-nomes-das-61-pessoas-a-bordo-do-voo-da-voepass\/#breadcrumb"},"inLanguage":"pt-BR","potentialAction":[{"@type":"ReadAction","target":["https:\/\/miradouronoticias.com\/site\/2024\/08\/10\/confira-lista-com-os-nomes-das-61-pessoas-a-bordo-do-voo-da-voepass\/"]}]},{"@type":"ImageObject","inLanguage":"pt-BR","@id":"https:\/\/miradouronoticias.com\/site\/2024\/08\/10\/confira-lista-com-os-nomes-das-61-pessoas-a-bordo-do-voo-da-voepass\/#primaryimage","url":"https:\/\/miradouronoticias.com\/site\/wp-content\/uploads\/2024\/08\/aviao.webp","contentUrl":"https:\/\/miradouronoticias.com\/site\/wp-content\/uploads\/2024\/08\/aviao.webp","width":1170,"height":700},{"@type":"BreadcrumbList","@id":"https:\/\/miradouronoticias.com\/site\/2024\/08\/10\/confira-lista-com-os-nomes-das-61-pessoas-a-bordo-do-voo-da-voepass\/#breadcrumb","itemListElement":[{"@type":"ListItem","position":1,"name":"In\u00edcio","item":"https:\/\/miradouronoticias.com\/site\/"},{"@type":"ListItem","position":2,"name":"Confira lista com os nomes das 61 pessoas a bordo do voo da Voepass"}]},{"@type":"WebSite","@id":"https:\/\/miradouronoticias.com\/site\/#website","url":"https:\/\/miradouronoticias.com\/site\/","name":"Miradouro Not\u00edcias","description":"Informa\u00e7\u00f5es da cidade e regi\u00e3o","publisher":{"@id":"https:\/\/miradouronoticias.com\/site\/#organization"},"potentialAction":[{"@type":"SearchAction","target":{"@type":"EntryPoint","urlTemplate":"https:\/\/miradouronoticias.com\/site\/?s={search_term_string}"},"query-input":{"@type":"PropertyValueSpecification","valueRequired":true,"valueName":"search_term_string"}}],"inLanguage":"pt-BR"},{"@type":"Organization","@id":"https:\/\/miradouronoticias.com\/site\/#organization","name":"Miradouro Not\u00edcias","url":"https:\/\/miradouronoticias.com\/site\/","logo":{"@type":"ImageObject","inLanguage":"pt-BR","@id":"https:\/\/miradouronoticias.com\/site\/#\/schema\/logo\/image\/","url":"https:\/\/miradouronoticias.com\/site\/wp-content\/uploads\/2022\/01\/logomarcamiradouronoticias.png","contentUrl":"https:\/\/miradouronoticias.com\/site\/wp-content\/uploads\/2022\/01\/logomarcamiradouronoticias.png","width":747,"height":263,"caption":"Miradouro Not\u00edcias"},"image":{"@id":"https:\/\/miradouronoticias.com\/site\/#\/schema\/logo\/image\/"}},{"@type":"Person","@id":"https:\/\/miradouronoticias.com\/site\/#\/schema\/person\/73440d8c82222950df86f3e1a16aad3b","name":"Cl\u00e1udia Olyver","sameAs":["http:\/\/www.miradouronoticias.com"],"url":"https:\/\/miradouronoticias.com\/site\/author\/claudia\/"}]}},"_links":{"self":[{"href":"https:\/\/miradouronoticias.com\/site\/wp-json\/wp\/v2\/posts\/25024","targetHints":{"allow":["GET"]}}],"collection":[{"href":"https:\/\/miradouronoticias.com\/site\/wp-json\/wp\/v2\/posts"}],"about":[{"href":"https:\/\/miradouronoticias.com\/site\/wp-json\/wp\/v2\/types\/post"}],"author":[{"embeddable":true,"href":"https:\/\/miradouronoticias.com\/site\/wp-json\/wp\/v2\/users\/4"}],"replies":[{"embeddable":true,"href":"https:\/\/miradouronoticias.com\/site\/wp-json\/wp\/v2\/comments?post=25024"}],"version-history":[{"count":2,"href":"https:\/\/miradouronoticias.com\/site\/wp-json\/wp\/v2\/posts\/25024\/revisions"}],"predecessor-version":[{"id":25031,"href":"https:\/\/miradouronoticias.com\/site\/wp-json\/wp\/v2\/posts\/25024\/revisions\/25031"}],"wp:featuredmedia":[{"embeddable":true,"href":"https:\/\/miradouronoticias.com\/site\/wp-json\/wp\/v2\/media\/25025"}],"wp:attachment":[{"href":"https:\/\/miradouronoticias.com\/site\/wp-json\/wp\/v2\/media?parent=25024"}],"wp:term":[{"taxonomy":"category","embeddable":true,"href":"https:\/\/miradouronoticias.com\/site\/wp-json\/wp\/v2\/categories?post=25024"},{"taxonomy":"post_tag","embeddable":true,"href":"https:\/\/miradouronoticias.com\/site\/wp-json\/wp\/v2\/tags?post=25024"}],"curies":[{"name":"wp","href":"https:\/\/api.w.org\/{rel}","templated":true}]}}